{"id":12470,"date":"2020-09-25T10:48:01","date_gmt":"2020-09-25T08:48:01","guid":{"rendered":"http:\/\/www.jojoenherbe.com\/?p=12470"},"modified":"2024-07-10T14:32:09","modified_gmt":"2024-07-10T12:32:09","slug":"au-fil-des-pages-avec-hina-et-le-prince-du-lac-vahiria","status":"publish","type":"post","link":"http:\/\/www.jojoenherbe.com\/index.php\/2020\/09\/25\/au-fil-des-pages-avec-hina-et-le-prince-du-lac-vahiria\/","title":{"rendered":"Au fil des pages avec Hina et le prince du lac Vahiria"},"content":{"rendered":"<p style=\"text-align: justify;\"><em><a href=\"https:\/\/i0.wp.com\/www.jojoenherbe.com\/wp-content\/uploads\/2020\/09\/Hina-et-le-prince-du-lac-Vahiria-2-scaled.jpg\"><img data-recalc-dims=\"1\" loading=\"lazy\" decoding=\"async\" data-attachment-id=\"12471\" data-permalink=\"http:\/\/www.jojoenherbe.com\/index.php\/2020\/09\/25\/au-fil-des-pages-avec-hina-et-le-prince-du-lac-vahiria\/hina-et-le-prince-du-lac-vahiria-2\/\" data-orig-file=\"https:\/\/i0.wp.com\/www.jojoenherbe.com\/wp-content\/uploads\/2020\/09\/Hina-et-le-prince-du-lac-Vahiria-2-scaled.jpg?fit=2560%2C2064\" data-orig-size=\"2560,2064\" data-comments-opened=\"1\" data-image-meta=\"{&quot;aperture&quot;:&quot;1.8&quot;,&quot;credit&quot;:&quot;&quot;,&quot;camera&quot;:&quot;iPhone 7&quot;,&quot;caption&quot;:&quot;&quot;,&quot;created_timestamp&quot;:&quot;1601027997&quot;,&quot;copyright&quot;:&quot;&quot;,&quot;focal_length&quot;:&quot;3.99&quot;,&quot;iso&quot;:&quot;100&quot;,&quot;shutter_speed&quot;:&quot;0.058823529411765&quot;,&quot;title&quot;:&quot;&quot;,&quot;orientation&quot;:&quot;1&quot;}\" data-image-title=\"Hina et le prince du lac Vahiria 2\" data-image-description=\"\" data-image-caption=\"\" data-large-file=\"https:\/\/i0.wp.com\/www.jojoenherbe.com\/wp-content\/uploads\/2020\/09\/Hina-et-le-prince-du-lac-Vahiria-2-scaled.jpg?fit=676%2C545\" class=\"alignleft size-thumbnail wp-image-12471\" src=\"https:\/\/i0.wp.com\/www.jojoenherbe.com\/wp-content\/uploads\/2020\/09\/Hina-et-le-prince-du-lac-Vahiria-2.jpg?resize=150%2C150\" alt=\"\" width=\"150\" height=\"150\" srcset=\"https:\/\/i0.wp.com\/www.jojoenherbe.com\/wp-content\/uploads\/2020\/09\/Hina-et-le-prince-du-lac-Vahiria-2-scaled.jpg?resize=150%2C150 150w, https:\/\/i0.wp.com\/www.jojoenherbe.com\/wp-content\/uploads\/2020\/09\/Hina-et-le-prince-du-lac-Vahiria-2-scaled.jpg?zoom=2&amp;resize=150%2C150 300w, https:\/\/i0.wp.com\/www.jojoenherbe.com\/wp-content\/uploads\/2020\/09\/Hina-et-le-prince-du-lac-Vahiria-2-scaled.jpg?zoom=3&amp;resize=150%2C150 450w\" sizes=\"auto, (max-width: 150px) 100vw, 150px\" \/><\/a> <a href=\"https:\/\/i0.wp.com\/www.jojoenherbe.com\/wp-content\/uploads\/2020\/09\/Hina-et-le-prince-du-lac-Vahiria-3-scaled.jpg\"><img data-recalc-dims=\"1\" loading=\"lazy\" decoding=\"async\" data-attachment-id=\"12472\" data-permalink=\"http:\/\/www.jojoenherbe.com\/index.php\/2020\/09\/25\/au-fil-des-pages-avec-hina-et-le-prince-du-lac-vahiria\/hina-et-le-prince-du-lac-vahiria-3\/\" data-orig-file=\"https:\/\/i0.wp.com\/www.jojoenherbe.com\/wp-content\/uploads\/2020\/09\/Hina-et-le-prince-du-lac-Vahiria-3-scaled.jpg?fit=2560%2C2166\" data-orig-size=\"2560,2166\" data-comments-opened=\"1\" data-image-meta=\"{&quot;aperture&quot;:&quot;1.8&quot;,&quot;credit&quot;:&quot;&quot;,&quot;camera&quot;:&quot;iPhone 7&quot;,&quot;caption&quot;:&quot;&quot;,&quot;created_timestamp&quot;:&quot;1601028011&quot;,&quot;copyright&quot;:&quot;&quot;,&quot;focal_length&quot;:&quot;3.99&quot;,&quot;iso&quot;:&quot;100&quot;,&quot;shutter_speed&quot;:&quot;0.071428571428571&quot;,&quot;title&quot;:&quot;&quot;,&quot;orientation&quot;:&quot;1&quot;}\" data-image-title=\"Hina et le prince du lac Vahiria 3\" data-image-description=\"\" data-image-caption=\"\" data-large-file=\"https:\/\/i0.wp.com\/www.jojoenherbe.com\/wp-content\/uploads\/2020\/09\/Hina-et-le-prince-du-lac-Vahiria-3-scaled.jpg?fit=676%2C572\" class=\"alignleft size-thumbnail wp-image-12472\" src=\"https:\/\/i0.wp.com\/www.jojoenherbe.com\/wp-content\/uploads\/2020\/09\/Hina-et-le-prince-du-lac-Vahiria-3.jpg?resize=150%2C150\" alt=\"\" width=\"150\" height=\"150\" srcset=\"https:\/\/i0.wp.com\/www.jojoenherbe.com\/wp-content\/uploads\/2020\/09\/Hina-et-le-prince-du-lac-Vahiria-3-scaled.jpg?resize=150%2C150 150w, https:\/\/i0.wp.com\/www.jojoenherbe.com\/wp-content\/uploads\/2020\/09\/Hina-et-le-prince-du-lac-Vahiria-3-scaled.jpg?zoom=2&amp;resize=150%2C150 300w, https:\/\/i0.wp.com\/www.jojoenherbe.com\/wp-content\/uploads\/2020\/09\/Hina-et-le-prince-du-lac-Vahiria-3-scaled.jpg?zoom=3&amp;resize=150%2C150 450w\" sizes=\"auto, (max-width: 150px) 100vw, 150px\" \/><\/a>Pour la piste n\u00b07 du Mois des Contes et L\u00e9gendes 2020, \u00ab\u00a0Escale en Oc\u00e9anie\u00a0\u00bb, j&#8217;emprunte \u00e0 la m\u00e9diath\u00e8que un conte de Tahiti \u00e9galement appel\u00e9 la l\u00e9gende du cocotier: <span style=\"text-decoration: underline;\">Hina et le prince du lac Vahiria<\/span> de C\u00e9line Ripoll et Daniela Cytryn (\u00e9d. du Sorbier, coll. \u00ab\u00a0Au berceau du monde\u00a0\u00bb, 2009), un album jeunesse \u00e0 partir de 7 ans. <\/em><\/p>\n<p style=\"text-align: justify;\"><em>Au temps anciens, sur l&rsquo;\u00eele de Tahiti, Hina, la tr\u00e8s belle jeune fille du grand chef de la vall\u00e9e de Papeari est sur le point d&rsquo;\u00e9pouser le prince du lac Vahiria. Elle ne conna\u00eet pas son futur mari que son p\u00e8re lui a choisi et c&rsquo;est avec horreur qu&rsquo;elle d\u00e9couvre qu&rsquo;il s&rsquo;agit en r\u00e9alit\u00e9 d&rsquo;une laide et gigantesque anguille qui ne cesse de lui dire qu&rsquo;un jour elle l&#8217;embrassera. Horrifi\u00e9e, Hina s&rsquo;enfuit le plus loin possible, trouvant refuge aupr\u00e8s du grand guerrier Maui, un demi-dieu qui terrasse le prince anguille en le d\u00e9coupant en trois morceaux, sa t\u00eate mise dans un sac ne devant jamais toucher la terre. <\/em><em>Et si au-del\u00e0 de sa mort, la bont\u00e9 de ce prince anguille comptait plus que sa laideur, lorsqu&rsquo;une s\u00e9cheresse s&rsquo;abat sur l&rsquo;\u00eele? <\/em><\/p>\n<p style=\"text-align: justify;\"><em>Cette l\u00e9gende polyn\u00e9sienne est joliment illustr\u00e9e par Daniela Cytryn. L&rsquo;histoire conte la cr\u00e9ation du cocotier n\u00e9 du prince anguille, d&rsquo;abord arbre tabou pour devenir arbre protecteur. Boire l&rsquo;eau de ses fruits renverrait au baiser refus\u00e9 par Hina au prince du lac Vahiria. Un joli moment de lecture!<\/em><\/p>\n<div id=\"attachment_10219\" style=\"width: 112px\" class=\"wp-caption alignleft\"><img data-recalc-dims=\"1\" loading=\"lazy\" decoding=\"async\" aria-describedby=\"caption-attachment-10219\" data-attachment-id=\"10219\" data-permalink=\"http:\/\/www.jojoenherbe.com\/index.php\/2020\/03\/02\/au-fil-des-pages-avec-lievre-et-ours-sous-la-neige\/lievre-et-ours-sous-la-neige\/\" data-orig-file=\"https:\/\/i0.wp.com\/www.jojoenherbe.com\/wp-content\/uploads\/2020\/03\/Li%C3%A8vre-et-Ours-sous-la-neige-scaled.jpg?fit=2560%2C1892\" data-orig-size=\"2560,1892\" data-comments-opened=\"1\" data-image-meta=\"{&quot;aperture&quot;:&quot;2.4&quot;,&quot;credit&quot;:&quot;&quot;,&quot;camera&quot;:&quot;iPhone 4S&quot;,&quot;caption&quot;:&quot;&quot;,&quot;created_timestamp&quot;:&quot;1583147305&quot;,&quot;copyright&quot;:&quot;&quot;,&quot;focal_length&quot;:&quot;4.28&quot;,&quot;iso&quot;:&quot;640&quot;,&quot;shutter_speed&quot;:&quot;0.066666666666667&quot;,&quot;title&quot;:&quot;&quot;,&quot;orientation&quot;:&quot;1&quot;}\" data-image-title=\"Li\u00e8vre et Ours, sous la neige\" data-image-description=\"\" data-image-caption=\"\" data-large-file=\"https:\/\/i0.wp.com\/www.jojoenherbe.com\/wp-content\/uploads\/2020\/03\/Li%C3%A8vre-et-Ours-sous-la-neige-scaled.jpg?fit=676%2C500\" class=\"wp-image-10219\" src=\"https:\/\/i0.wp.com\/mapetitemediatheque.fr\/wp-content\/uploads\/2018\/11\/challenge-contes-et-l%C3%A9gendes.jpg?resize=102%2C128\" sizes=\"auto, (max-width: 343px) 100vw, 343px\" srcset=\"http:\/\/mapetitemediatheque.fr\/wp-content\/uploads\/2018\/11\/challenge-contes-et-l\u00e9gendes.jpg 343w, http:\/\/mapetitemediatheque.fr\/wp-content\/uploads\/2018\/11\/challenge-contes-et-l\u00e9gendes-239x300.jpg 239w\" alt=\"\" width=\"102\" height=\"128\" \/><p id=\"caption-attachment-10219\" class=\"wp-caption-text\">Participation #45 Contes &amp; L\u00e9gendes 2020 de <a href=\"http:\/\/mapetitemediatheque.fr\/2020\/01\/challenge-contes-et-legendes-2020\/\">Bidib<\/a> #Escale en Oc\u00e9anie<\/p><\/div>\n<div style=\"width: 120px\" class=\"wp-caption alignleft\"><img loading=\"lazy\" decoding=\"async\" class=\"\" src=\"https:\/\/lh3.googleusercontent.com\/yeyHsyE8ePB9xQx2t9obPo4nIUGeuGsS-P1wwGiEip3f9lcFED23VkM1Pr5hYoy4puCex2GzVOyZNHjl5qeUnhImyiKFqwfTaONmF_HEc7SEvgxhr1eZXuJ6zzg9JfEY4XADWBPBCxMLePs3HiWfgCjRFVaAIkiQhaX8RGfOMzZhoMNQUFFuWlglQGRva5RIkSFvo7nk3yMWVz4PgUXBK3Uof2Hf073K4C6YvQC1u6gRN2BCr4tNyqitAlYfULcqVlua9UK9L5kLVOZWs2-xrAzDf1K3rxU8pxE6Fdm1EI8_YbPW09CsTNa9CW1z0lvieJ6Ify6BbltA9XBnOC99XwB4E833hDdb9KWRbKTb8bwsVGIAFF1x2JkOCAWTkq3OtXJmlgaccySEr2PvCr9rzIA4GtrzB04GpU7RNPlnkfNDjtPoy6UR5nf5SD-RQvfrkHaKDQocAHpi1MoHr0bWF4h3F08r5y_TM01DqKXAgeInHehhuxNBZ4LGs7Emk2ol6RPfVd4UEj0916JVKRknXSsSbJG_50ptPlCGTOdHDTOUMc6x63Wp68_DnNhG9qn5FPKuDHhZvC008a4nifQFWuKVT6HvqNgW-LcvXb0wnjbSwgS8qwHb3LtHJj3uAe971aQRDPkS146UchPgCLNczeUje4Y3YFpuV4P1KYu67RSdAOITJNzzSRO2Dycc1PCqSdc7IoPwLu0-aT-FJ0m-KvlkUQLXoamPhl2WKbODyZSfc5ZT=w285-h217-no\" alt=\"\" width=\"110\" height=\"84\" \/><p class=\"wp-caption-text\"><a href=\"https:\/\/ennalit.wordpress.com\/2019\/12\/01\/challenge-petit-bac-2020-qui-veut-jouer\/\">Challenge Petit Bac d&rsquo;Enna<\/a> #10 Cat\u00e9gorie Lieu: \u00ab\u00a0Lac de Vahiria\u00a0\u00bb<\/p><\/div>\n","protected":false},"excerpt":{"rendered":"<p>Pour la piste n\u00b07 du Mois des Contes et L\u00e9gendes 2020, \u00ab\u00a0Escale en Oc\u00e9anie\u00a0\u00bb, j&#8217;emprunte \u00e0 la m\u00e9diath\u00e8que un conte de Tahiti \u00e9galement appel\u00e9 la l\u00e9gende du cocotier: Hina et le prince du lac Vahiria de C\u00e9line Ripoll et Daniela Cytryn (\u00e9d. du Sorbier, coll. \u00ab\u00a0Au berceau du monde\u00a0\u00bb, 2009), un album jeunesse \u00e0 partir [&hellip;]<\/p>\n","protected":false},"author":1,"featured_media":12473,"comment_status":"open","ping_status":"open","sticky":false,"template":"","format":"standard","meta":{"jetpack_post_was_ever_published":false,"_jetpack_newsletter_access":"","_jetpack_dont_email_post_to_subs":false,"_jetpack_newsletter_tier_id":0,"_jetpack_memberships_contains_paywalled_content":false,"_jetpack_memberships_contains_paid_content":false,"footnotes":""},"categories":[363],"tags":[790,409,1804,1365,1352,1803,1802,245,1731,1676,367,1805,775,1807,1808,1806],"class_list":["post-12470","post","type-post","status-publish","format-standard","has-post-thumbnail","hentry","category-mini-lecteur","tag-7-13-ans","tag-albums-jeunesse","tag-celine-ripoll","tag-challenge-contes-et-legendes-2020","tag-challenge-petit-bac-2020","tag-conte-polynesien","tag-conte-tahitien","tag-contes","tag-daniela-cytryn","tag-ile","tag-lecture-jeunesse","tag-legende-du-cocotier","tag-legendes","tag-oceanie","tag-polynesie","tag-tahiti","post-preview"],"jetpack_featured_media_url":"https:\/\/i0.wp.com\/www.jojoenherbe.com\/wp-content\/uploads\/2020\/09\/Hina-et-le-prince-du-lac-Vahiria-scaled.jpg?fit=2560%2C1920","jetpack_sharing_enabled":true,"jetpack_shortlink":"https:\/\/wp.me\/p9zhGx-3f8","jetpack_likes_enabled":true,"jetpack-related-posts":[{"id":12062,"url":"http:\/\/www.jojoenherbe.com\/index.php\/2020\/09\/01\/le-mois-des-contes-et-legendes-en-septembre-2020\/","url_meta":{"origin":12470,"position":0},"title":"Le mois des contes et l\u00e9gendes en septembre 2020","author":"Jojo","date":"1 septembre 2020","format":false,"excerpt":"Un mois de septembre 2020 s'annonce bien charg\u00e9 pour moi c\u00f4t\u00e9 challenges livresques. En plus d'\u00eatre le Mois Am\u00e9ricain, c'est aussi le Mois des Contes et L\u00e9gendes avec Bidib et son challenge Contes et L\u00e9gendes, un challenge qui me tient particuli\u00e8rement \u00e0 c\u0153ur comme celui de No\u00ebl. Bidib nous propose\u2026","rel":"","context":"Dans &quot;Mini challenger&quot;","block_context":{"text":"Mini challenger","link":"http:\/\/www.jojoenherbe.com\/index.php\/category\/mini-challenger\/"},"img":{"alt_text":"","src":"https:\/\/i0.wp.com\/www.jojoenherbe.com\/wp-content\/uploads\/2020\/09\/PAL-Le-mois-des-contes-et-legendes-2020-scaled.jpg?fit=1200%2C848&resize=350%2C200","width":350,"height":200,"srcset":"https:\/\/i0.wp.com\/www.jojoenherbe.com\/wp-content\/uploads\/2020\/09\/PAL-Le-mois-des-contes-et-legendes-2020-scaled.jpg?fit=1200%2C848&resize=350%2C200 1x, https:\/\/i0.wp.com\/www.jojoenherbe.com\/wp-content\/uploads\/2020\/09\/PAL-Le-mois-des-contes-et-legendes-2020-scaled.jpg?fit=1200%2C848&resize=525%2C300 1.5x, https:\/\/i0.wp.com\/www.jojoenherbe.com\/wp-content\/uploads\/2020\/09\/PAL-Le-mois-des-contes-et-legendes-2020-scaled.jpg?fit=1200%2C848&resize=700%2C400 2x, https:\/\/i0.wp.com\/www.jojoenherbe.com\/wp-content\/uploads\/2020\/09\/PAL-Le-mois-des-contes-et-legendes-2020-scaled.jpg?fit=1200%2C848&resize=1050%2C600 3x"},"classes":[]},{"id":23825,"url":"http:\/\/www.jojoenherbe.com\/index.php\/2022\/02\/03\/billet-de-suivi-challenge-contes-et-legendes-2022\/","url_meta":{"origin":12470,"position":1},"title":"Billet de suivi: Challenge Contes et L\u00e9gendes 2022","author":"Jojo","date":"3 f\u00e9vrier 2022","format":false,"excerpt":"Cette ann\u00e9e, je participe \u00e0 nouveau au challenge Contes et L\u00e9gendes de Bidib et qui se d\u00e9roule aussi du 1er janvier au 31 d\u00e9cembre 2022. Pour cette nouvelle \u00e9dition, Bidib propose 10 th\u00e8mes \u00e0 explorer toutes l\u2019ann\u00e9e, suivant nos envies. Pour plus d\u2019infos, n\u2019h\u00e9sitez pas \u00e0 aller sur son blog.\u2026","rel":"","context":"Dans &quot;Mini challenger&quot;","block_context":{"text":"Mini challenger","link":"http:\/\/www.jojoenherbe.com\/index.php\/category\/mini-challenger\/"},"img":{"alt_text":"","src":"https:\/\/i0.wp.com\/www.jojoenherbe.com\/wp-content\/uploads\/2022\/04\/Kamisama-T1-150x150.jpg?resize=350%2C200","width":350,"height":200},"classes":[]},{"id":11300,"url":"http:\/\/www.jojoenherbe.com\/index.php\/2020\/06\/22\/au-fil-des-pages-avec-le-prince-dragon\/","url_meta":{"origin":12470,"position":2},"title":"Au fil des pages avec Le prince dragon","author":"Jojo","date":"22 juin 2020","format":false,"excerpt":"J'emprunte \u00e0 la m\u00e9diath\u00e8que Le prince dragon de Marie Diaz et d'Olivier Desvaux (\u00e9d. Belin Jeunesse, 2014), un album jeunesse grand format \u00e0 partir de 7\/8 ans et d'apr\u00e8s un conte traditionnel scandinave. Dans un royaume du Nord, au temps des dragons, une roi et une reine d\u00e9sesp\u00e8rent de ne\u2026","rel":"","context":"Dans &quot;Mini lecteur&quot;","block_context":{"text":"Mini lecteur","link":"http:\/\/www.jojoenherbe.com\/index.php\/category\/mini-lecteur\/"},"img":{"alt_text":"","src":"https:\/\/i0.wp.com\/www.jojoenherbe.com\/wp-content\/uploads\/2020\/06\/Le-prince-dragon-scaled.jpg?fit=1200%2C1185&resize=350%2C200","width":350,"height":200,"srcset":"https:\/\/i0.wp.com\/www.jojoenherbe.com\/wp-content\/uploads\/2020\/06\/Le-prince-dragon-scaled.jpg?fit=1200%2C1185&resize=350%2C200 1x, https:\/\/i0.wp.com\/www.jojoenherbe.com\/wp-content\/uploads\/2020\/06\/Le-prince-dragon-scaled.jpg?fit=1200%2C1185&resize=525%2C300 1.5x, https:\/\/i0.wp.com\/www.jojoenherbe.com\/wp-content\/uploads\/2020\/06\/Le-prince-dragon-scaled.jpg?fit=1200%2C1185&resize=700%2C400 2x, https:\/\/i0.wp.com\/www.jojoenherbe.com\/wp-content\/uploads\/2020\/06\/Le-prince-dragon-scaled.jpg?fit=1200%2C1185&resize=1050%2C600 3x"},"classes":[]},{"id":14611,"url":"http:\/\/www.jojoenherbe.com\/index.php\/2020\/12\/30\/au-fil-des-pages-avec-le-manteau-rouge\/","url_meta":{"origin":12470,"position":3},"title":"Au fil des pages avec Le manteau rouge","author":"Jojo","date":"30 d\u00e9cembre 2020","format":false,"excerpt":"J'emprunte \u00e0 la m\u00e9diath\u00e8que Le manteau rouge de Philippe Lechermeier et Herv\u00e9 Le Goff (\u00e9d. Gautier-Languereau, 2017), un album jeunesse \u00e0 partir de 6 ans et qui conte une origine possible du P\u00e8re No\u00ebl. C'est \u00e0 travers le point de vue d'un enfant que la l\u00e9gende nous est racont\u00e9e. Dans\u2026","rel":"","context":"Dans &quot;Mini lecteur&quot;","block_context":{"text":"Mini lecteur","link":"http:\/\/www.jojoenherbe.com\/index.php\/category\/mini-lecteur\/"},"img":{"alt_text":"","src":"https:\/\/i0.wp.com\/www.jojoenherbe.com\/wp-content\/uploads\/2020\/12\/Le-manteau-rouge-scaled.jpg?fit=1200%2C856&resize=350%2C200","width":350,"height":200,"srcset":"https:\/\/i0.wp.com\/www.jojoenherbe.com\/wp-content\/uploads\/2020\/12\/Le-manteau-rouge-scaled.jpg?fit=1200%2C856&resize=350%2C200 1x, https:\/\/i0.wp.com\/www.jojoenherbe.com\/wp-content\/uploads\/2020\/12\/Le-manteau-rouge-scaled.jpg?fit=1200%2C856&resize=525%2C300 1.5x, https:\/\/i0.wp.com\/www.jojoenherbe.com\/wp-content\/uploads\/2020\/12\/Le-manteau-rouge-scaled.jpg?fit=1200%2C856&resize=700%2C400 2x, https:\/\/i0.wp.com\/www.jojoenherbe.com\/wp-content\/uploads\/2020\/12\/Le-manteau-rouge-scaled.jpg?fit=1200%2C856&resize=1050%2C600 3x"},"classes":[]},{"id":12317,"url":"http:\/\/www.jojoenherbe.com\/index.php\/2020\/09\/21\/au-fil-des-pages-avec-petit-lievre-et-letranger\/","url_meta":{"origin":12470,"position":4},"title":"Au fil des pages avec Petit Li\u00e8vre et l\u2019\u00c9tranger","author":"Jojo","date":"21 septembre 2020","format":false,"excerpt":"Nous empruntons \u00e0 la m\u00e9diath\u00e8que Petit Li\u00e8vre et l\u2019\u00c9tranger de Jacqueline Guillemin et Vanessa Hi\u00e9 (\u00e9d. Nathan, coll. Musicontes, 2011), un album jeunesse \u00e0 partir de 3 ans et accompagn\u00e9 d'un CD avec des extraits de musique am\u00e9rindienne. Dans la grande Prairie, Petit Li\u00e8vre part chaque jour chasser tout en\u2026","rel":"","context":"Dans &quot;Mini lecteur&quot;","block_context":{"text":"Mini lecteur","link":"http:\/\/www.jojoenherbe.com\/index.php\/category\/mini-lecteur\/"},"img":{"alt_text":"","src":"https:\/\/i0.wp.com\/www.jojoenherbe.com\/wp-content\/uploads\/2020\/09\/Petit-Lievre-et-letranger-scaled.jpg?fit=1200%2C900&resize=350%2C200","width":350,"height":200,"srcset":"https:\/\/i0.wp.com\/www.jojoenherbe.com\/wp-content\/uploads\/2020\/09\/Petit-Lievre-et-letranger-scaled.jpg?fit=1200%2C900&resize=350%2C200 1x, https:\/\/i0.wp.com\/www.jojoenherbe.com\/wp-content\/uploads\/2020\/09\/Petit-Lievre-et-letranger-scaled.jpg?fit=1200%2C900&resize=525%2C300 1.5x, https:\/\/i0.wp.com\/www.jojoenherbe.com\/wp-content\/uploads\/2020\/09\/Petit-Lievre-et-letranger-scaled.jpg?fit=1200%2C900&resize=700%2C400 2x, https:\/\/i0.wp.com\/www.jojoenherbe.com\/wp-content\/uploads\/2020\/09\/Petit-Lievre-et-letranger-scaled.jpg?fit=1200%2C900&resize=1050%2C600 3x"},"classes":[]},{"id":11011,"url":"http:\/\/www.jojoenherbe.com\/index.php\/2020\/05\/23\/au-fil-des-pages-avec-ameline-joueuse-de-flute\/","url_meta":{"origin":12470,"position":5},"title":"Au fil des pages avec Ameline, Joueuse de fl\u00fbte","author":"Jojo","date":"23 mai 2020","format":false,"excerpt":"Je lis Ameline, Joueuse de fl\u00fbte de Cl\u00e9mentine Beauvais et Antoine D\u00e9prez (\u00e9d. Alice Jeunesse, 2018), un album jeunesse \u00e0 partir de 8\/9 ans. Orpheline, Ameline grandit aupr\u00e8s de son grand-p\u00e8re, Popi qui lui raconte tr\u00e8s r\u00e9guli\u00e8rement une histoire sombre et terrifiante, celle du Joueur de fl\u00fbte de Hamelin. Au\u2026","rel":"","context":"Dans &quot;Mini lecteur&quot;","block_context":{"text":"Mini lecteur","link":"http:\/\/www.jojoenherbe.com\/index.php\/category\/mini-lecteur\/"},"img":{"alt_text":"","src":"https:\/\/i0.wp.com\/www.jojoenherbe.com\/wp-content\/uploads\/2020\/05\/Ameline-Joueuse-de-fl%C3%BBte-scaled.jpg?fit=1200%2C937&resize=350%2C200","width":350,"height":200,"srcset":"https:\/\/i0.wp.com\/www.jojoenherbe.com\/wp-content\/uploads\/2020\/05\/Ameline-Joueuse-de-fl%C3%BBte-scaled.jpg?fit=1200%2C937&resize=350%2C200 1x, https:\/\/i0.wp.com\/www.jojoenherbe.com\/wp-content\/uploads\/2020\/05\/Ameline-Joueuse-de-fl%C3%BBte-scaled.jpg?fit=1200%2C937&resize=525%2C300 1.5x, https:\/\/i0.wp.com\/www.jojoenherbe.com\/wp-content\/uploads\/2020\/05\/Ameline-Joueuse-de-fl%C3%BBte-scaled.jpg?fit=1200%2C937&resize=700%2C400 2x, https:\/\/i0.wp.com\/www.jojoenherbe.com\/wp-content\/uploads\/2020\/05\/Ameline-Joueuse-de-fl%C3%BBte-scaled.jpg?fit=1200%2C937&resize=1050%2C600 3x"},"classes":[]}],"_links":{"self":[{"href":"http:\/\/www.jojoenherbe.com\/index.php\/wp-json\/wp\/v2\/posts\/12470","targetHints":{"allow":["GET"]}}],"collection":[{"href":"http:\/\/www.jojoenherbe.com\/index.php\/wp-json\/wp\/v2\/posts"}],"about":[{"href":"http:\/\/www.jojoenherbe.com\/index.php\/wp-json\/wp\/v2\/types\/post"}],"author":[{"embeddable":true,"href":"http:\/\/www.jojoenherbe.com\/index.php\/wp-json\/wp\/v2\/users\/1"}],"replies":[{"embeddable":true,"href":"http:\/\/www.jojoenherbe.com\/index.php\/wp-json\/wp\/v2\/comments?post=12470"}],"version-history":[{"count":1,"href":"http:\/\/www.jojoenherbe.com\/index.php\/wp-json\/wp\/v2\/posts\/12470\/revisions"}],"predecessor-version":[{"id":36617,"href":"http:\/\/www.jojoenherbe.com\/index.php\/wp-json\/wp\/v2\/posts\/12470\/revisions\/36617"}],"wp:featuredmedia":[{"embeddable":true,"href":"http:\/\/www.jojoenherbe.com\/index.php\/wp-json\/wp\/v2\/media\/12473"}],"wp:attachment":[{"href":"http:\/\/www.jojoenherbe.com\/index.php\/wp-json\/wp\/v2\/media?parent=12470"}],"wp:term":[{"taxonomy":"category","embeddable":true,"href":"http:\/\/www.jojoenherbe.com\/index.php\/wp-json\/wp\/v2\/categories?post=12470"},{"taxonomy":"post_tag","embeddable":true,"href":"http:\/\/www.jojoenherbe.com\/index.php\/wp-json\/wp\/v2\/tags?post=12470"}],"curies":[{"name":"wp","href":"https:\/\/api.w.org\/{rel}","templated":true}]}}