{"id":12402,"date":"2020-09-22T08:58:53","date_gmt":"2020-09-22T06:58:53","guid":{"rendered":"http:\/\/www.jojoenherbe.com\/?p=12402"},"modified":"2021-09-23T10:13:55","modified_gmt":"2021-09-23T08:13:55","slug":"au-fil-des-pages-avec-pas-de-panique-belette","status":"publish","type":"post","link":"http:\/\/www.jojoenherbe.com\/index.php\/2020\/09\/22\/au-fil-des-pages-avec-pas-de-panique-belette\/","title":{"rendered":"Au fil des pages avec Pas de panique, Belette!"},"content":{"rendered":"<p style=\"text-align: justify;\"><em><a href=\"https:\/\/i0.wp.com\/www.jojoenherbe.com\/wp-content\/uploads\/2020\/09\/Pas-de-panique-Belette-2-scaled.jpg\"><img data-recalc-dims=\"1\" loading=\"lazy\" decoding=\"async\" data-attachment-id=\"12404\" data-permalink=\"http:\/\/www.jojoenherbe.com\/index.php\/2020\/09\/22\/au-fil-des-pages-avec-pas-de-panique-belette\/pas-de-panique-belette-2\/\" data-orig-file=\"https:\/\/i0.wp.com\/www.jojoenherbe.com\/wp-content\/uploads\/2020\/09\/Pas-de-panique-Belette-2-scaled.jpg?fit=2560%2C1920\" data-orig-size=\"2560,1920\" data-comments-opened=\"1\" data-image-meta=\"{&quot;aperture&quot;:&quot;1.8&quot;,&quot;credit&quot;:&quot;&quot;,&quot;camera&quot;:&quot;iPhone 7&quot;,&quot;caption&quot;:&quot;&quot;,&quot;created_timestamp&quot;:&quot;1597750709&quot;,&quot;copyright&quot;:&quot;&quot;,&quot;focal_length&quot;:&quot;3.99&quot;,&quot;iso&quot;:&quot;100&quot;,&quot;shutter_speed&quot;:&quot;0.11111111111111&quot;,&quot;title&quot;:&quot;&quot;,&quot;orientation&quot;:&quot;1&quot;}\" data-image-title=\"Pas de panique, Belette 2\" data-image-description=\"\" data-image-caption=\"\" data-large-file=\"https:\/\/i0.wp.com\/www.jojoenherbe.com\/wp-content\/uploads\/2020\/09\/Pas-de-panique-Belette-2-scaled.jpg?fit=676%2C507\" class=\"alignleft size-thumbnail wp-image-12404\" src=\"https:\/\/i0.wp.com\/www.jojoenherbe.com\/wp-content\/uploads\/2020\/09\/Pas-de-panique-Belette-2.jpg?resize=150%2C150\" alt=\"\" width=\"150\" height=\"150\" srcset=\"https:\/\/i0.wp.com\/www.jojoenherbe.com\/wp-content\/uploads\/2020\/09\/Pas-de-panique-Belette-2-scaled.jpg?resize=150%2C150 150w, https:\/\/i0.wp.com\/www.jojoenherbe.com\/wp-content\/uploads\/2020\/09\/Pas-de-panique-Belette-2-scaled.jpg?zoom=2&amp;resize=150%2C150 300w, https:\/\/i0.wp.com\/www.jojoenherbe.com\/wp-content\/uploads\/2020\/09\/Pas-de-panique-Belette-2-scaled.jpg?zoom=3&amp;resize=150%2C150 450w\" sizes=\"auto, (max-width: 150px) 100vw, 150px\" \/><\/a> <a href=\"https:\/\/i0.wp.com\/www.jojoenherbe.com\/wp-content\/uploads\/2020\/09\/Pas-de-panique-Belette-3-scaled.jpg\"><img data-recalc-dims=\"1\" loading=\"lazy\" decoding=\"async\" data-attachment-id=\"12405\" data-permalink=\"http:\/\/www.jojoenherbe.com\/index.php\/2020\/09\/22\/au-fil-des-pages-avec-pas-de-panique-belette\/pas-de-panique-belette-3\/\" data-orig-file=\"https:\/\/i0.wp.com\/www.jojoenherbe.com\/wp-content\/uploads\/2020\/09\/Pas-de-panique-Belette-3-scaled.jpg?fit=2560%2C1920\" data-orig-size=\"2560,1920\" data-comments-opened=\"1\" data-image-meta=\"{&quot;aperture&quot;:&quot;1.8&quot;,&quot;credit&quot;:&quot;&quot;,&quot;camera&quot;:&quot;iPhone 7&quot;,&quot;caption&quot;:&quot;&quot;,&quot;created_timestamp&quot;:&quot;1597750729&quot;,&quot;copyright&quot;:&quot;&quot;,&quot;focal_length&quot;:&quot;3.99&quot;,&quot;iso&quot;:&quot;100&quot;,&quot;shutter_speed&quot;:&quot;0.076923076923077&quot;,&quot;title&quot;:&quot;&quot;,&quot;orientation&quot;:&quot;1&quot;}\" data-image-title=\"Pas de panique, Belette 3\" data-image-description=\"\" data-image-caption=\"\" data-large-file=\"https:\/\/i0.wp.com\/www.jojoenherbe.com\/wp-content\/uploads\/2020\/09\/Pas-de-panique-Belette-3-scaled.jpg?fit=676%2C507\" class=\"alignleft size-thumbnail wp-image-12405\" src=\"https:\/\/i0.wp.com\/www.jojoenherbe.com\/wp-content\/uploads\/2020\/09\/Pas-de-panique-Belette-3.jpg?resize=150%2C150\" alt=\"\" width=\"150\" height=\"150\" srcset=\"https:\/\/i0.wp.com\/www.jojoenherbe.com\/wp-content\/uploads\/2020\/09\/Pas-de-panique-Belette-3-scaled.jpg?resize=150%2C150 150w, https:\/\/i0.wp.com\/www.jojoenherbe.com\/wp-content\/uploads\/2020\/09\/Pas-de-panique-Belette-3-scaled.jpg?zoom=2&amp;resize=150%2C150 300w, https:\/\/i0.wp.com\/www.jojoenherbe.com\/wp-content\/uploads\/2020\/09\/Pas-de-panique-Belette-3-scaled.jpg?zoom=3&amp;resize=150%2C150 450w\" sizes=\"auto, (max-width: 150px) 100vw, 150px\" \/><\/a>En ce d\u00e9but d&rsquo;automne, nous lisons <span style=\"text-decoration: underline;\">Pas de panique, Belette!<\/span> de Ciara Gavin et Tim Warnes (\u00e9d. Mijade, 2020), un album jeunesse \u00e0 partir de 4 ans. Un jour d&rsquo;automne, face \u00e0 la temp\u00eate qui fait rage dehors, Belette se r\u00e9fugie dans son abri le temps que les beaux jours reviennent. Plus qu&rsquo;un abri, c&rsquo;est une v\u00e9ritable forteresse de solitude qu&rsquo;il s&rsquo;est construit pour fuir le mauvais temps. Mais Taupe s&rsquo;incruste bient\u00f4t chez Belette. D&rsquo;un caract\u00e8re joueur et optimiste, parviendra-t-il \u00e0 faire aimer l&rsquo;automne \u00e0 Belette, plus peureux et solitaire?<br \/>\n<\/em><\/p>\n<p style=\"text-align: justify;\"><em>Les illustrations de Tim Warnes aux couleurs automnales sont toutes douces et mignonnes, les deux protagonistes sont tr\u00e8s expressifs, comme l&rsquo;est d&rsquo;ailleurs <a href=\"http:\/\/www.jojoenherbe.com\/index.php\/2019\/12\/29\/au-fil-des-pages-avec-cest-noel\/\">Arthur le rhinoc\u00e9ros<\/a> dans d&rsquo;autres albums. Les caract\u00e8res diam\u00e9tralement oppos\u00e9s de Belette et Taupe fonctionnent \u00e0 merveille et entra\u00eenent des sc\u00e8nes rigolotes. Coup de c\u0153ur pour cet album jeunesse pour vaincre ses petites peurs et montrer l&rsquo;importance de l&rsquo;amiti\u00e9 face \u00e0 l&rsquo;adversit\u00e9!<\/em><\/p>\n","protected":false},"excerpt":{"rendered":"<p>En ce d\u00e9but d&rsquo;automne, nous lisons Pas de panique, Belette! de Ciara Gavin et Tim Warnes (\u00e9d. Mijade, 2020), un album jeunesse \u00e0 partir de 4 ans. Un jour d&rsquo;automne, face \u00e0 la temp\u00eate qui fait rage dehors, Belette se r\u00e9fugie dans son abri le temps que les beaux jours reviennent. Plus qu&rsquo;un abri, c&rsquo;est [&hellip;]<\/p>\n","protected":false},"author":1,"featured_media":15475,"comment_status":"open","ping_status":"open","sticky":false,"template":"","format":"standard","meta":{"jetpack_post_was_ever_published":false,"_jetpack_newsletter_access":"","_jetpack_dont_email_post_to_subs":false,"_jetpack_newsletter_tier_id":0,"_jetpack_memberships_contains_paywalled_content":false,"_jetpack_memberships_contains_paid_content":false,"footnotes":""},"categories":[363],"tags":[1031,409,386,321,1785,1786,390,1277,367,1014,555,1336,937,1114],"class_list":["post-12402","post","type-post","status-publish","format-standard","has-post-thumbnail","hentry","category-mini-lecteur","tag-4-7-ans","tag-albums-jeunesse","tag-amitie","tag-automne","tag-belette","tag-ciara-gavin","tag-entraide","tag-foret","tag-lecture-jeunesse","tag-lectures-dautomne","tag-peur","tag-taupe","tag-tempete","tag-tim-warnes","post-preview"],"jetpack_featured_media_url":"https:\/\/i0.wp.com\/www.jojoenherbe.com\/wp-content\/uploads\/2021\/02\/Pas-de-panique-Belette-scaled.jpg?fit=2560%2C1920","jetpack_sharing_enabled":true,"jetpack_shortlink":"https:\/\/wp.me\/p9zhGx-3e2","jetpack_likes_enabled":true,"jetpack-related-posts":[{"id":15470,"url":"http:\/\/www.jojoenherbe.com\/index.php\/2021\/01\/31\/deuxieme-alphabet-des-animaux-t-comme-taupe\/","url_meta":{"origin":12402,"position":0},"title":"Deuxi\u00e8me alphabet des animaux: T comme Taupe","author":"Jojo","date":"31 janvier 2021","format":false,"excerpt":"Pour la semaine 42 de mon challenge de l'alphabet des animaux illustr\u00e9s sur Instagram #jojoenherbeetcieillustre qui associe la premi\u00e8re lettre d'un animal avec une illustration tir\u00e9e de la litt\u00e9rature jeunesse en suivant l'ordre de l'alphabet, il s'agit du T comme Taupe. Alors voici notre s\u00e9lection de taupes qui sera mise\u2026","rel":"","context":"Dans &quot;Mini challenger&quot;","block_context":{"text":"Mini challenger","link":"http:\/\/www.jojoenherbe.com\/index.php\/category\/mini-challenger\/"},"img":{"alt_text":"","src":"https:\/\/i0.wp.com\/www.jojoenherbe.com\/wp-content\/uploads\/2021\/02\/Selection-Taupe-scaled.jpg?fit=1200%2C864&resize=350%2C200","width":350,"height":200,"srcset":"https:\/\/i0.wp.com\/www.jojoenherbe.com\/wp-content\/uploads\/2021\/02\/Selection-Taupe-scaled.jpg?fit=1200%2C864&resize=350%2C200 1x, https:\/\/i0.wp.com\/www.jojoenherbe.com\/wp-content\/uploads\/2021\/02\/Selection-Taupe-scaled.jpg?fit=1200%2C864&resize=525%2C300 1.5x, https:\/\/i0.wp.com\/www.jojoenherbe.com\/wp-content\/uploads\/2021\/02\/Selection-Taupe-scaled.jpg?fit=1200%2C864&resize=700%2C400 2x, https:\/\/i0.wp.com\/www.jojoenherbe.com\/wp-content\/uploads\/2021\/02\/Selection-Taupe-scaled.jpg?fit=1200%2C864&resize=1050%2C600 3x"},"classes":[]},{"id":16295,"url":"http:\/\/www.jojoenherbe.com\/index.php\/2021\/03\/07\/troisieme-alphabet-des-animaux-b-comme-belette\/","url_meta":{"origin":12402,"position":1},"title":"Troisi\u00e8me alphabet des animaux: B comme Belette","author":"Jojo","date":"7 mars 2021","format":false,"excerpt":"Pour la semaine 47 de mon challenge de l'alphabet des animaux illustr\u00e9s sur Instagram #jojoenherbeetcieillustre qui associe la premi\u00e8re lettre d'un animal avec une illustration tir\u00e9e de la litt\u00e9rature jeunesse en suivant l'ordre de l'alphabet, il s'agit du B comme Belette. Alors voici notre s\u00e9lection de belettes qui sera mise\u2026","rel":"","context":"Dans &quot;Mini challenger&quot;","block_context":{"text":"Mini challenger","link":"http:\/\/www.jojoenherbe.com\/index.php\/category\/mini-challenger\/"},"img":{"alt_text":"","src":"https:\/\/i0.wp.com\/www.jojoenherbe.com\/wp-content\/uploads\/2021\/03\/Selection-Belette-scaled.jpg?fit=1200%2C900&resize=350%2C200","width":350,"height":200,"srcset":"https:\/\/i0.wp.com\/www.jojoenherbe.com\/wp-content\/uploads\/2021\/03\/Selection-Belette-scaled.jpg?fit=1200%2C900&resize=350%2C200 1x, https:\/\/i0.wp.com\/www.jojoenherbe.com\/wp-content\/uploads\/2021\/03\/Selection-Belette-scaled.jpg?fit=1200%2C900&resize=525%2C300 1.5x, https:\/\/i0.wp.com\/www.jojoenherbe.com\/wp-content\/uploads\/2021\/03\/Selection-Belette-scaled.jpg?fit=1200%2C900&resize=700%2C400 2x, https:\/\/i0.wp.com\/www.jojoenherbe.com\/wp-content\/uploads\/2021\/03\/Selection-Belette-scaled.jpg?fit=1200%2C900&resize=1050%2C600 3x"},"classes":[]},{"id":13580,"url":"http:\/\/www.jojoenherbe.com\/index.php\/2020\/11\/03\/nos-lectures-automnales-2020\/","url_meta":{"origin":12402,"position":2},"title":"Nos lectures automnales 2020","author":"Jojo","date":"3 novembre 2020","format":false,"excerpt":"En ce d\u00e9but du mois de novembre 2020, nous continuons nos lectures automnales, \u00e0 d\u00e9faut de pouvoir nous promener dans les parcs, jardins ou for\u00eats - second confinement oblige - et apr\u00e8s avoir pass\u00e9 un joli mois d'octobre halloweenesque. Ce sont pour la plupart des relectures des ann\u00e9es pr\u00e9c\u00e9dentes et\u2026","rel":"","context":"Dans &quot;Mini lecteur&quot;","block_context":{"text":"Mini lecteur","link":"http:\/\/www.jojoenherbe.com\/index.php\/category\/mini-lecteur\/"},"img":{"alt_text":"","src":"https:\/\/i0.wp.com\/www.jojoenherbe.com\/wp-content\/uploads\/2020\/11\/Lectures-automnales-scaled.jpg?fit=1200%2C881&resize=350%2C200","width":350,"height":200,"srcset":"https:\/\/i0.wp.com\/www.jojoenherbe.com\/wp-content\/uploads\/2020\/11\/Lectures-automnales-scaled.jpg?fit=1200%2C881&resize=350%2C200 1x, https:\/\/i0.wp.com\/www.jojoenherbe.com\/wp-content\/uploads\/2020\/11\/Lectures-automnales-scaled.jpg?fit=1200%2C881&resize=525%2C300 1.5x, https:\/\/i0.wp.com\/www.jojoenherbe.com\/wp-content\/uploads\/2020\/11\/Lectures-automnales-scaled.jpg?fit=1200%2C881&resize=700%2C400 2x, https:\/\/i0.wp.com\/www.jojoenherbe.com\/wp-content\/uploads\/2020\/11\/Lectures-automnales-scaled.jpg?fit=1200%2C881&resize=1050%2C600 3x"},"classes":[]},{"id":27745,"url":"http:\/\/www.jojoenherbe.com\/index.php\/2022\/09\/23\/challenge-halloween-2022-week-end-dinstallation-au-manoir\/","url_meta":{"origin":12402,"position":3},"title":"Challenge Halloween 2022: Week-end d&rsquo;installation au Manoir","author":"Jojo","date":"23 septembre 2022","format":false,"excerpt":"Pour cette nouvelle \u00e9dition (la treizi\u00e8me) du Challenge Halloween, nos deux sorci\u00e8res coorganisatrices, Hilde et Lou, ouvrent les portes du Manoir et propose un week-end halloweenesque, automnale et cosy du 23 au 25 septembre 2022. Pour plus d\u2019infos, n\u2019h\u00e9sitez pas \u00e0 aller sur leurs blogs. Ce billet sera mis \u00e0\u2026","rel":"","context":"Dans &quot;Mini challenger&quot;","block_context":{"text":"Mini challenger","link":"http:\/\/www.jojoenherbe.com\/index.php\/category\/mini-challenger\/"},"img":{"alt_text":"","src":"https:\/\/i0.wp.com\/www.jojoenherbe.com\/wp-content\/uploads\/2022\/09\/WE-dinstallation-au-Manoir-Challenge-Halloween-2022.jpg?fit=1080%2C1080&resize=350%2C200","width":350,"height":200,"srcset":"https:\/\/i0.wp.com\/www.jojoenherbe.com\/wp-content\/uploads\/2022\/09\/WE-dinstallation-au-Manoir-Challenge-Halloween-2022.jpg?fit=1080%2C1080&resize=350%2C200 1x, https:\/\/i0.wp.com\/www.jojoenherbe.com\/wp-content\/uploads\/2022\/09\/WE-dinstallation-au-Manoir-Challenge-Halloween-2022.jpg?fit=1080%2C1080&resize=525%2C300 1.5x, https:\/\/i0.wp.com\/www.jojoenherbe.com\/wp-content\/uploads\/2022\/09\/WE-dinstallation-au-Manoir-Challenge-Halloween-2022.jpg?fit=1080%2C1080&resize=700%2C400 2x, https:\/\/i0.wp.com\/www.jojoenherbe.com\/wp-content\/uploads\/2022\/09\/WE-dinstallation-au-Manoir-Challenge-Halloween-2022.jpg?fit=1080%2C1080&resize=1050%2C600 3x"},"classes":[]},{"id":27785,"url":"http:\/\/www.jojoenherbe.com\/index.php\/2022\/10\/06\/au-fil-des-pages-avec-un-the-a-leau-de-parapluie\/","url_meta":{"origin":12402,"position":4},"title":"Au fil des pages avec Un th\u00e9 \u00e0 l&rsquo;eau de parapluie","author":"Jojo","date":"6 octobre 2022","format":false,"excerpt":"Nous lisons r\u00e9guli\u00e8rement Un th\u00e9 \u00e0 l\u2019eau de parapluie de Karen Hottois et Chlo\u00e9 Malard (\u00e9d. Seuil Jeunesse, 2020), un album jeunesse \u00e0 partir de 3 ans. Par une journ\u00e9e pluvieuse d\u2019automne, Elmo, un blaireau invite ses amis \u00e0 un th\u00e9 \u00e0 l\u2019eau de parapluie accompagn\u00e9 de bichons au citron.\u2026","rel":"","context":"Dans &quot;Mini lecteur&quot;","block_context":{"text":"Mini lecteur","link":"http:\/\/www.jojoenherbe.com\/index.php\/category\/mini-lecteur\/"},"img":{"alt_text":"","src":"https:\/\/i0.wp.com\/www.jojoenherbe.com\/wp-content\/uploads\/2021\/09\/Un-the-a-leau-de-parapluie-scaled.jpg?fit=1200%2C900&resize=350%2C200","width":350,"height":200,"srcset":"https:\/\/i0.wp.com\/www.jojoenherbe.com\/wp-content\/uploads\/2021\/09\/Un-the-a-leau-de-parapluie-scaled.jpg?fit=1200%2C900&resize=350%2C200 1x, https:\/\/i0.wp.com\/www.jojoenherbe.com\/wp-content\/uploads\/2021\/09\/Un-the-a-leau-de-parapluie-scaled.jpg?fit=1200%2C900&resize=525%2C300 1.5x, https:\/\/i0.wp.com\/www.jojoenherbe.com\/wp-content\/uploads\/2021\/09\/Un-the-a-leau-de-parapluie-scaled.jpg?fit=1200%2C900&resize=700%2C400 2x, https:\/\/i0.wp.com\/www.jojoenherbe.com\/wp-content\/uploads\/2021\/09\/Un-the-a-leau-de-parapluie-scaled.jpg?fit=1200%2C900&resize=1050%2C600 3x"},"classes":[]},{"id":16221,"url":"http:\/\/www.jojoenherbe.com\/index.php\/2021\/03\/03\/au-fil-des-pages-avec-deux-pour-moi-un-pour-toi\/","url_meta":{"origin":12402,"position":5},"title":"Au fil des pages avec Deux pour moi, Un pour toi","author":"Jojo","date":"3 mars 2021","format":false,"excerpt":"Nous lisons et relisons Deux pour moi, Un pour toi de J\u00f6rg M\u00fchle (\u00e9d. L'\u00e9cole des loisirs, coll. Minimax, 2021), un album jeunesse \u00e0 partir de 3 ans. Dans la for\u00eat, un ours a trouv\u00e9 trois champignons que son amie la belette pr\u00e9pare pour le d\u00e9jeuner. Comment partager ce plat?\u2026","rel":"","context":"Dans &quot;Mini lecteur&quot;","block_context":{"text":"Mini lecteur","link":"http:\/\/www.jojoenherbe.com\/index.php\/category\/mini-lecteur\/"},"img":{"alt_text":"","src":"https:\/\/i0.wp.com\/www.jojoenherbe.com\/wp-content\/uploads\/2021\/03\/Deux-pour-moi-Un-pour-toi-scaled.jpg?fit=1200%2C900&resize=350%2C200","width":350,"height":200,"srcset":"https:\/\/i0.wp.com\/www.jojoenherbe.com\/wp-content\/uploads\/2021\/03\/Deux-pour-moi-Un-pour-toi-scaled.jpg?fit=1200%2C900&resize=350%2C200 1x, https:\/\/i0.wp.com\/www.jojoenherbe.com\/wp-content\/uploads\/2021\/03\/Deux-pour-moi-Un-pour-toi-scaled.jpg?fit=1200%2C900&resize=525%2C300 1.5x, https:\/\/i0.wp.com\/www.jojoenherbe.com\/wp-content\/uploads\/2021\/03\/Deux-pour-moi-Un-pour-toi-scaled.jpg?fit=1200%2C900&resize=700%2C400 2x, https:\/\/i0.wp.com\/www.jojoenherbe.com\/wp-content\/uploads\/2021\/03\/Deux-pour-moi-Un-pour-toi-scaled.jpg?fit=1200%2C900&resize=1050%2C600 3x"},"classes":[]}],"_links":{"self":[{"href":"http:\/\/www.jojoenherbe.com\/index.php\/wp-json\/wp\/v2\/posts\/12402","targetHints":{"allow":["GET"]}}],"collection":[{"href":"http:\/\/www.jojoenherbe.com\/index.php\/wp-json\/wp\/v2\/posts"}],"about":[{"href":"http:\/\/www.jojoenherbe.com\/index.php\/wp-json\/wp\/v2\/types\/post"}],"author":[{"embeddable":true,"href":"http:\/\/www.jojoenherbe.com\/index.php\/wp-json\/wp\/v2\/users\/1"}],"replies":[{"embeddable":true,"href":"http:\/\/www.jojoenherbe.com\/index.php\/wp-json\/wp\/v2\/comments?post=12402"}],"version-history":[{"count":0,"href":"http:\/\/www.jojoenherbe.com\/index.php\/wp-json\/wp\/v2\/posts\/12402\/revisions"}],"wp:featuredmedia":[{"embeddable":true,"href":"http:\/\/www.jojoenherbe.com\/index.php\/wp-json\/wp\/v2\/media\/15475"}],"wp:attachment":[{"href":"http:\/\/www.jojoenherbe.com\/index.php\/wp-json\/wp\/v2\/media?parent=12402"}],"wp:term":[{"taxonomy":"category","embeddable":true,"href":"http:\/\/www.jojoenherbe.com\/index.php\/wp-json\/wp\/v2\/categories?post=12402"},{"taxonomy":"post_tag","embeddable":true,"href":"http:\/\/www.jojoenherbe.com\/index.php\/wp-json\/wp\/v2\/tags?post=12402"}],"curies":[{"name":"wp","href":"https:\/\/api.w.org\/{rel}","templated":true}]}}