{"id":12317,"date":"2020-09-21T10:52:34","date_gmt":"2020-09-21T08:52:34","guid":{"rendered":"http:\/\/www.jojoenherbe.com\/?p=12317"},"modified":"2022-05-04T16:00:12","modified_gmt":"2022-05-04T14:00:12","slug":"au-fil-des-pages-avec-petit-lievre-et-letranger","status":"publish","type":"post","link":"http:\/\/www.jojoenherbe.com\/index.php\/2020\/09\/21\/au-fil-des-pages-avec-petit-lievre-et-letranger\/","title":{"rendered":"Au fil des pages avec Petit Li\u00e8vre et l\u2019\u00c9tranger"},"content":{"rendered":"<p style=\"text-align: justify;\"><em><a href=\"https:\/\/i0.wp.com\/www.jojoenherbe.com\/wp-content\/uploads\/2020\/09\/Petit-Lievre-et-letranger-2-scaled.jpg\"><img data-recalc-dims=\"1\" loading=\"lazy\" decoding=\"async\" data-attachment-id=\"12343\" data-permalink=\"http:\/\/www.jojoenherbe.com\/index.php\/2020\/09\/21\/au-fil-des-pages-avec-petit-lievre-et-letranger\/petit-lievre-et-letranger-2\/\" data-orig-file=\"https:\/\/i0.wp.com\/www.jojoenherbe.com\/wp-content\/uploads\/2020\/09\/Petit-Lievre-et-letranger-2-scaled.jpg?fit=2560%2C1920\" data-orig-size=\"2560,1920\" data-comments-opened=\"1\" data-image-meta=\"{&quot;aperture&quot;:&quot;1.8&quot;,&quot;credit&quot;:&quot;&quot;,&quot;camera&quot;:&quot;iPhone 7&quot;,&quot;caption&quot;:&quot;&quot;,&quot;created_timestamp&quot;:&quot;1600074927&quot;,&quot;copyright&quot;:&quot;&quot;,&quot;focal_length&quot;:&quot;3.99&quot;,&quot;iso&quot;:&quot;100&quot;,&quot;shutter_speed&quot;:&quot;0.090909090909091&quot;,&quot;title&quot;:&quot;&quot;,&quot;orientation&quot;:&quot;1&quot;}\" data-image-title=\"Petit Li\u00e8vre et l&amp;rsquo;\u00e9tranger 2\" data-image-description=\"\" data-image-caption=\"\" data-large-file=\"https:\/\/i0.wp.com\/www.jojoenherbe.com\/wp-content\/uploads\/2020\/09\/Petit-Lievre-et-letranger-2-scaled.jpg?fit=676%2C507\" class=\"alignleft size-thumbnail wp-image-12343\" src=\"https:\/\/i0.wp.com\/www.jojoenherbe.com\/wp-content\/uploads\/2020\/09\/Petit-Lievre-et-letranger-2.jpg?resize=150%2C150\" alt=\"\" width=\"150\" height=\"150\" srcset=\"https:\/\/i0.wp.com\/www.jojoenherbe.com\/wp-content\/uploads\/2020\/09\/Petit-Lievre-et-letranger-2-scaled.jpg?resize=150%2C150 150w, https:\/\/i0.wp.com\/www.jojoenherbe.com\/wp-content\/uploads\/2020\/09\/Petit-Lievre-et-letranger-2-scaled.jpg?zoom=2&amp;resize=150%2C150 300w, https:\/\/i0.wp.com\/www.jojoenherbe.com\/wp-content\/uploads\/2020\/09\/Petit-Lievre-et-letranger-2-scaled.jpg?zoom=3&amp;resize=150%2C150 450w\" sizes=\"auto, (max-width: 150px) 100vw, 150px\" \/><\/a> <a href=\"https:\/\/i0.wp.com\/www.jojoenherbe.com\/wp-content\/uploads\/2020\/09\/Petit-Lievre-et-letranger-3-scaled.jpg\"><img data-recalc-dims=\"1\" loading=\"lazy\" decoding=\"async\" data-attachment-id=\"12344\" data-permalink=\"http:\/\/www.jojoenherbe.com\/index.php\/2020\/09\/21\/au-fil-des-pages-avec-petit-lievre-et-letranger\/petit-lievre-et-letranger-3\/\" data-orig-file=\"https:\/\/i0.wp.com\/www.jojoenherbe.com\/wp-content\/uploads\/2020\/09\/Petit-Lievre-et-letranger-3-scaled.jpg?fit=2560%2C1920\" data-orig-size=\"2560,1920\" data-comments-opened=\"1\" data-image-meta=\"{&quot;aperture&quot;:&quot;1.8&quot;,&quot;credit&quot;:&quot;&quot;,&quot;camera&quot;:&quot;iPhone 7&quot;,&quot;caption&quot;:&quot;&quot;,&quot;created_timestamp&quot;:&quot;1600074973&quot;,&quot;copyright&quot;:&quot;&quot;,&quot;focal_length&quot;:&quot;3.99&quot;,&quot;iso&quot;:&quot;100&quot;,&quot;shutter_speed&quot;:&quot;0.071428571428571&quot;,&quot;title&quot;:&quot;&quot;,&quot;orientation&quot;:&quot;1&quot;}\" data-image-title=\"Petit Li\u00e8vre et l&amp;rsquo;\u00e9tranger 3\" data-image-description=\"\" data-image-caption=\"\" data-large-file=\"https:\/\/i0.wp.com\/www.jojoenherbe.com\/wp-content\/uploads\/2020\/09\/Petit-Lievre-et-letranger-3-scaled.jpg?fit=676%2C507\" class=\"alignleft size-thumbnail wp-image-12344\" src=\"https:\/\/i0.wp.com\/www.jojoenherbe.com\/wp-content\/uploads\/2020\/09\/Petit-Lievre-et-letranger-3.jpg?resize=150%2C150\" alt=\"\" width=\"150\" height=\"150\" srcset=\"https:\/\/i0.wp.com\/www.jojoenherbe.com\/wp-content\/uploads\/2020\/09\/Petit-Lievre-et-letranger-3-scaled.jpg?resize=150%2C150 150w, https:\/\/i0.wp.com\/www.jojoenherbe.com\/wp-content\/uploads\/2020\/09\/Petit-Lievre-et-letranger-3-scaled.jpg?zoom=2&amp;resize=150%2C150 300w, https:\/\/i0.wp.com\/www.jojoenherbe.com\/wp-content\/uploads\/2020\/09\/Petit-Lievre-et-letranger-3-scaled.jpg?zoom=3&amp;resize=150%2C150 450w\" sizes=\"auto, (max-width: 150px) 100vw, 150px\" \/><\/a>Nous empruntons \u00e0 la m\u00e9diath\u00e8que <span style=\"text-decoration: underline;\">Petit Li\u00e8vre et l\u2019\u00c9tranger<\/span> de Jacqueline Guillemin et Vanessa Hi\u00e9 (\u00e9d. Nathan, coll. Musicontes, 2011), un album jeunesse \u00e0 partir de 3 ans et accompagn\u00e9 d&rsquo;un CD avec des extraits de musique am\u00e9rindienne. Dans la grande Prairie, Petit Li\u00e8vre part chaque jour chasser tout en \u00e9tant suivi par un \u00eatre difforme et noir qui ne cesse de le suivre, o\u00f9 qu&rsquo;il aille. Un matin, bien avant que le soleil ne se l\u00e8ve, il d\u00e9cide de capturer cet \u00c9tranger. Mais ne serait-ce pas tout simplement l&rsquo;ombre de Petit Li\u00e8vre?<br \/>\n<\/em><\/p>\n<p style=\"text-align: justify;\"><em>Nous lisons avec plaisir cette l\u00e9gende am\u00e9rindienne qui \u00ab\u00a0explique\u00a0\u00bb avec humour les taches noires du li\u00e8vre. Pour les jeunes lecteurs, il peut s&rsquo;agir \u00e9galement <\/em><em>d&rsquo;une premi\u00e8re d\u00e9couverte des terres des Indiens d&rsquo;Am\u00e9rique d&rsquo;autrefois, entre plaine et d\u00e9sert avec des illustrations de tipis, cactus, bisons&#8230; Avec cet album jeunesse, je participe au jeu de pistes du Mois des Contes et L\u00e9gendes de <a href=\"http:\/\/mapetitemediatheque.fr\/2020\/09\/le-mois-des-contes-et-legendes-2020\/\">Bidib<\/a> pour la piste n\u00b01, \u00ab\u00a0R\u00e8gne animal (conte ou l\u00e9gende mettant en sc\u00e8ne des animaux)\u00a0\u00bb. Pour prolonger la lecture, nous faisons des activit\u00e9s trouv\u00e9es sur le blog de <a href=\"http:\/\/laclassedeva.over-blog.org\/pages\/Chez_les_Indiens_MSGS-1146312.html\">La Classe d&rsquo;Eva<\/a>.<br \/>\n<\/em><\/p>\n<div id=\"attachment_10219\" style=\"width: 120px\" class=\"wp-caption alignleft\"><img data-recalc-dims=\"1\" loading=\"lazy\" decoding=\"async\" aria-describedby=\"caption-attachment-10219\" data-attachment-id=\"10219\" data-permalink=\"http:\/\/www.jojoenherbe.com\/index.php\/2020\/03\/02\/au-fil-des-pages-avec-lievre-et-ours-sous-la-neige\/lievre-et-ours-sous-la-neige\/\" data-orig-file=\"https:\/\/i0.wp.com\/www.jojoenherbe.com\/wp-content\/uploads\/2020\/03\/Li%C3%A8vre-et-Ours-sous-la-neige-scaled.jpg?fit=2560%2C1892\" data-orig-size=\"2560,1892\" data-comments-opened=\"1\" data-image-meta=\"{&quot;aperture&quot;:&quot;2.4&quot;,&quot;credit&quot;:&quot;&quot;,&quot;camera&quot;:&quot;iPhone 4S&quot;,&quot;caption&quot;:&quot;&quot;,&quot;created_timestamp&quot;:&quot;1583147305&quot;,&quot;copyright&quot;:&quot;&quot;,&quot;focal_length&quot;:&quot;4.28&quot;,&quot;iso&quot;:&quot;640&quot;,&quot;shutter_speed&quot;:&quot;0.066666666666667&quot;,&quot;title&quot;:&quot;&quot;,&quot;orientation&quot;:&quot;1&quot;}\" data-image-title=\"Li\u00e8vre et Ours, sous la neige\" data-image-description=\"\" data-image-caption=\"\" data-large-file=\"https:\/\/i0.wp.com\/www.jojoenherbe.com\/wp-content\/uploads\/2020\/03\/Li%C3%A8vre-et-Ours-sous-la-neige-scaled.jpg?fit=676%2C500\" class=\"wp-image-10219\" src=\"https:\/\/i0.wp.com\/mapetitemediatheque.fr\/wp-content\/uploads\/2018\/11\/challenge-contes-et-l%C3%A9gendes.jpg?resize=110%2C138\" sizes=\"auto, (max-width: 343px) 100vw, 343px\" srcset=\"http:\/\/mapetitemediatheque.fr\/wp-content\/uploads\/2018\/11\/challenge-contes-et-l\u00e9gendes.jpg 343w, http:\/\/mapetitemediatheque.fr\/wp-content\/uploads\/2018\/11\/challenge-contes-et-l\u00e9gendes-239x300.jpg 239w\" alt=\"\" width=\"110\" height=\"138\" \/><p id=\"caption-attachment-10219\" class=\"wp-caption-text\">Participation #43 Contes &amp; L\u00e9gendes 2020 de <a href=\"http:\/\/mapetitemediatheque.fr\/2020\/01\/challenge-contes-et-legendes-2020\/\">Bidib<\/a> #R\u00e8gne animal<\/p><\/div>\n<div id=\"attachment_13989\" style=\"width: 156px\" class=\"wp-caption alignleft\"><img data-recalc-dims=\"1\" loading=\"lazy\" decoding=\"async\" aria-describedby=\"caption-attachment-13989\" class=\"  wp-image-13989\" src=\"https:\/\/plaisirsacultiver.files.wordpress.com\/2019\/07\/america.jpeg?w=462&#038;h=303&#038;fit=462%2C303&#038;resize=146%2C95\" sizes=\"auto, (max-width: 462px) 100vw, 462px\" srcset=\"https:\/\/plaisirsacultiver.files.wordpress.com\/2019\/07\/america.jpeg?w=462&amp;h=303 462w, https:\/\/plaisirsacultiver.files.wordpress.com\/2019\/07\/america.jpeg?w=150&amp;h=98 150w, https:\/\/plaisirsacultiver.files.wordpress.com\/2019\/07\/america.jpeg?w=300&amp;h=197 300w, https:\/\/plaisirsacultiver.files.wordpress.com\/2019\/07\/america.jpeg 505w\" alt=\"america\" width=\"146\" height=\"95\" data-attachment-id=\"13989\" data-permalink=\"https:\/\/plaisirsacultiver.com\/2019\/07\/10\/le-mois-americain-2019\/america-6\/#main\" data-orig-file=\"https:\/\/plaisirsacultiver.files.wordpress.com\/2019\/07\/america.jpeg\" data-orig-size=\"505,331\" data-comments-opened=\"1\" data-image-meta=\"{&quot;aperture&quot;:&quot;0&quot;,&quot;credit&quot;:&quot;&quot;,&quot;camera&quot;:&quot;&quot;,&quot;caption&quot;:&quot;&quot;,&quot;created_timestamp&quot;:&quot;0&quot;,&quot;copyright&quot;:&quot;&quot;,&quot;focal_length&quot;:&quot;0&quot;,&quot;iso&quot;:&quot;0&quot;,&quot;shutter_speed&quot;:&quot;0&quot;,&quot;title&quot;:&quot;&quot;,&quot;orientation&quot;:&quot;0&quot;}\" data-image-title=\"america\" data-image-description=\"\" data-medium-file=\"https:\/\/plaisirsacultiver.files.wordpress.com\/2019\/07\/america.jpeg?w=300\" data-large-file=\"https:\/\/plaisirsacultiver.files.wordpress.com\/2019\/07\/america.jpeg?w=505\" \/><p id=\"caption-attachment-13989\" class=\"wp-caption-text\"><a href=\"https:\/\/plaisirsacultiver.com\/2020\/07\/16\/le-mois-americain-2020\/\">Le Mois Am\u00e9ricain<\/a> de Titine #Album jeunesse<\/p><\/div>\n","protected":false},"excerpt":{"rendered":"<p>Nous empruntons \u00e0 la m\u00e9diath\u00e8que Petit Li\u00e8vre et l\u2019\u00c9tranger de Jacqueline Guillemin et Vanessa Hi\u00e9 (\u00e9d. Nathan, coll. Musicontes, 2011), un album jeunesse \u00e0 partir de 3 ans et accompagn\u00e9 d&rsquo;un CD avec des extraits de musique am\u00e9rindienne. Dans la grande Prairie, Petit Li\u00e8vre part chaque jour chasser tout en \u00e9tant suivi par un \u00eatre [&hellip;]<\/p>\n","protected":false},"author":1,"featured_media":12345,"comment_status":"open","ping_status":"open","sticky":false,"template":"","format":"standard","meta":{"jetpack_post_was_ever_published":false,"_jetpack_newsletter_access":"","_jetpack_dont_email_post_to_subs":false,"_jetpack_newsletter_tier_id":0,"_jetpack_memberships_contains_paywalled_content":false,"_jetpack_memberships_contains_paid_content":false,"footnotes":""},"categories":[363],"tags":[785,409,1365,245,749,1782,1710,367,1781,775,828,1784,555,708,1783],"class_list":["post-12317","post","type-post","status-publish","format-standard","has-post-thumbnail","hentry","category-mini-lecteur","tag-3-6-ans","tag-albums-jeunesse","tag-challenge-contes-et-legendes-2020","tag-contes","tag-exploitation-pedagogique","tag-jacqueline-guillemin","tag-le-mois-americain-2020","tag-lecture-jeunesse","tag-legende-amerindienne","tag-legendes","tag-lievre","tag-ombre","tag-peur","tag-soleil","tag-vanessa-hie","post-preview"],"jetpack_featured_media_url":"https:\/\/i0.wp.com\/www.jojoenherbe.com\/wp-content\/uploads\/2020\/09\/Petit-Lievre-et-letranger-scaled.jpg?fit=2560%2C1920","jetpack_sharing_enabled":true,"jetpack_shortlink":"https:\/\/wp.me\/p9zhGx-3cF","jetpack_likes_enabled":true,"jetpack-related-posts":[{"id":12062,"url":"http:\/\/www.jojoenherbe.com\/index.php\/2020\/09\/01\/le-mois-des-contes-et-legendes-en-septembre-2020\/","url_meta":{"origin":12317,"position":0},"title":"Le mois des contes et l\u00e9gendes en septembre 2020","author":"Jojo","date":"1 septembre 2020","format":false,"excerpt":"Un mois de septembre 2020 s'annonce bien charg\u00e9 pour moi c\u00f4t\u00e9 challenges livresques. En plus d'\u00eatre le Mois Am\u00e9ricain, c'est aussi le Mois des Contes et L\u00e9gendes avec Bidib et son challenge Contes et L\u00e9gendes, un challenge qui me tient particuli\u00e8rement \u00e0 c\u0153ur comme celui de No\u00ebl. Bidib nous propose\u2026","rel":"","context":"Dans &quot;Mini challenger&quot;","block_context":{"text":"Mini challenger","link":"http:\/\/www.jojoenherbe.com\/index.php\/category\/mini-challenger\/"},"img":{"alt_text":"","src":"https:\/\/i0.wp.com\/www.jojoenherbe.com\/wp-content\/uploads\/2020\/09\/PAL-Le-mois-des-contes-et-legendes-2020-scaled.jpg?fit=1200%2C848&resize=350%2C200","width":350,"height":200,"srcset":"https:\/\/i0.wp.com\/www.jojoenherbe.com\/wp-content\/uploads\/2020\/09\/PAL-Le-mois-des-contes-et-legendes-2020-scaled.jpg?fit=1200%2C848&resize=350%2C200 1x, https:\/\/i0.wp.com\/www.jojoenherbe.com\/wp-content\/uploads\/2020\/09\/PAL-Le-mois-des-contes-et-legendes-2020-scaled.jpg?fit=1200%2C848&resize=525%2C300 1.5x, https:\/\/i0.wp.com\/www.jojoenherbe.com\/wp-content\/uploads\/2020\/09\/PAL-Le-mois-des-contes-et-legendes-2020-scaled.jpg?fit=1200%2C848&resize=700%2C400 2x, https:\/\/i0.wp.com\/www.jojoenherbe.com\/wp-content\/uploads\/2020\/09\/PAL-Le-mois-des-contes-et-legendes-2020-scaled.jpg?fit=1200%2C848&resize=1050%2C600 3x"},"classes":[]},{"id":12064,"url":"http:\/\/www.jojoenherbe.com\/index.php\/2020\/09\/04\/petit-recap-du-mois-americain-2020\/","url_meta":{"origin":12317,"position":1},"title":"Petit r\u00e9cap&rsquo; du Mois Am\u00e9ricain 2020","author":"Jojo","date":"4 septembre 2020","format":false,"excerpt":"Je participe, pour la premi\u00e8re fois cette ann\u00e9e, au Mois Am\u00e9ricain propos\u00e9 par Titine du blog \"Plaisir \u00e0 cultiver\" tout au long du mois de septembre 2020. Pour plus d\u2019infos, n\u2019h\u00e9sitez pas \u00e0 aller sur son blog, sur le groupe Facebook du Mois Am\u00e9ricain ou sur le compte Instagram avec\u2026","rel":"","context":"Dans &quot;Mini challenger&quot;","block_context":{"text":"Mini challenger","link":"http:\/\/www.jojoenherbe.com\/index.php\/category\/mini-challenger\/"},"img":{"alt_text":"","src":"https:\/\/i0.wp.com\/www.jojoenherbe.com\/wp-content\/uploads\/2020\/09\/programme-Mois-Americain-2020-294x300.jpg?resize=350%2C200","width":350,"height":200},"classes":[]},{"id":9934,"url":"http:\/\/www.jojoenherbe.com\/index.php\/2020\/02\/07\/au-fil-des-pages-avec-lievre-et-ours-cest-a-moi\/","url_meta":{"origin":12317,"position":2},"title":"Au fil des pages avec Li\u00e8vre et Ours, c&rsquo;est \u00e0 moi!","author":"Jojo","date":"7 f\u00e9vrier 2020","format":false,"excerpt":"Nous empruntons \u00e0 la m\u00e9diath\u00e8que une nouvelle histoire de Li\u00e8vre et Ours, c'est \u00e0 moi! d'Emily Gravett (\u00e9d. Kal\u00e9idoscope, l'\u00e9cole des loisirs, 2016), un album jeunesse \u00e0 partir de 2\/3 ans. C'est encore une chouette et dr\u00f4le histoire concoct\u00e9e avec malice par Emily Gravett, une autrice que nous appr\u00e9cions beaucoup.\u2026","rel":"","context":"Dans &quot;Mini lecteur&quot;","block_context":{"text":"Mini lecteur","link":"http:\/\/www.jojoenherbe.com\/index.php\/category\/mini-lecteur\/"},"img":{"alt_text":"","src":"https:\/\/i0.wp.com\/www.jojoenherbe.com\/wp-content\/uploads\/2020\/02\/Li%C3%A8vre-et-Ours-cest-%C3%A0-moi-scaled.jpg?fit=1200%2C888&resize=350%2C200","width":350,"height":200,"srcset":"https:\/\/i0.wp.com\/www.jojoenherbe.com\/wp-content\/uploads\/2020\/02\/Li%C3%A8vre-et-Ours-cest-%C3%A0-moi-scaled.jpg?fit=1200%2C888&resize=350%2C200 1x, https:\/\/i0.wp.com\/www.jojoenherbe.com\/wp-content\/uploads\/2020\/02\/Li%C3%A8vre-et-Ours-cest-%C3%A0-moi-scaled.jpg?fit=1200%2C888&resize=525%2C300 1.5x, https:\/\/i0.wp.com\/www.jojoenherbe.com\/wp-content\/uploads\/2020\/02\/Li%C3%A8vre-et-Ours-cest-%C3%A0-moi-scaled.jpg?fit=1200%2C888&resize=700%2C400 2x, https:\/\/i0.wp.com\/www.jojoenherbe.com\/wp-content\/uploads\/2020\/02\/Li%C3%A8vre-et-Ours-cest-%C3%A0-moi-scaled.jpg?fit=1200%2C888&resize=1050%2C600 3x"},"classes":[]},{"id":9536,"url":"http:\/\/www.jojoenherbe.com\/index.php\/2020\/01\/10\/au-fil-des-pages-avec-lievre-et-ours-ou-est-ours\/","url_meta":{"origin":12317,"position":3},"title":"Au fil des pages avec Li\u00e8vre et Ours: o\u00f9 est Ours?","author":"Jojo","date":"10 janvier 2020","format":false,"excerpt":"Nous lisons r\u00e9guli\u00e8rement, depuis les vacances de No\u00ebl, Li\u00e8vre et Ours: o\u00f9 est Ours? d'Emily Gravett (\u00e9d. Kal\u00e9idoscope, 2016), un album jeunesse \u00e0 partir de 3 ans voire m\u00eame avant. Il s'agit d'une histoire toute rigolote de cache-cache entre Li\u00e8vre et Ours, deux amis ins\u00e9parables. Ce duo imagin\u00e9 par Emily\u2026","rel":"","context":"Dans &quot;Mini lecteur&quot;","block_context":{"text":"Mini lecteur","link":"http:\/\/www.jojoenherbe.com\/index.php\/category\/mini-lecteur\/"},"img":{"alt_text":"","src":"https:\/\/i0.wp.com\/www.jojoenherbe.com\/wp-content\/uploads\/2020\/01\/Li%C3%A8vre-et-ours-o%C3%B9-est-ours-scaled.jpg?fit=1200%2C834&resize=350%2C200","width":350,"height":200,"srcset":"https:\/\/i0.wp.com\/www.jojoenherbe.com\/wp-content\/uploads\/2020\/01\/Li%C3%A8vre-et-ours-o%C3%B9-est-ours-scaled.jpg?fit=1200%2C834&resize=350%2C200 1x, https:\/\/i0.wp.com\/www.jojoenherbe.com\/wp-content\/uploads\/2020\/01\/Li%C3%A8vre-et-ours-o%C3%B9-est-ours-scaled.jpg?fit=1200%2C834&resize=525%2C300 1.5x, https:\/\/i0.wp.com\/www.jojoenherbe.com\/wp-content\/uploads\/2020\/01\/Li%C3%A8vre-et-ours-o%C3%B9-est-ours-scaled.jpg?fit=1200%2C834&resize=700%2C400 2x, https:\/\/i0.wp.com\/www.jojoenherbe.com\/wp-content\/uploads\/2020\/01\/Li%C3%A8vre-et-ours-o%C3%B9-est-ours-scaled.jpg?fit=1200%2C834&resize=1050%2C600 3x"},"classes":[]},{"id":10214,"url":"http:\/\/www.jojoenherbe.com\/index.php\/2020\/03\/02\/au-fil-des-pages-avec-lievre-et-ours-sous-la-neige\/","url_meta":{"origin":12317,"position":4},"title":"Au fil des pages avec Li\u00e8vre et Ours, sous la neige","author":"Jojo","date":"2 mars 2020","format":false,"excerpt":"Nous empruntons \u00e0 la m\u00e9diath\u00e8que une nouvelle histoire de Li\u00e8vre et Ours, sous la neige d'Emily Gravett (\u00e9d. Kal\u00e9idoscope, 2015), un album jeunesse \u00e0 partir de 2\/3 ans et qui vient compl\u00e9ter nos lectures hivernales. Cette fois-ci, Li\u00e8vre et Ours s'amusent dans la neige. Li\u00e8vre s'amuse comme un fou alors\u2026","rel":"","context":"Dans &quot;Mini lecteur&quot;","block_context":{"text":"Mini lecteur","link":"http:\/\/www.jojoenherbe.com\/index.php\/category\/mini-lecteur\/"},"img":{"alt_text":"","src":"https:\/\/i0.wp.com\/www.jojoenherbe.com\/wp-content\/uploads\/2020\/03\/Li%C3%A8vre-et-Ours-sous-la-neige-scaled.jpg?fit=1200%2C887&resize=350%2C200","width":350,"height":200,"srcset":"https:\/\/i0.wp.com\/www.jojoenherbe.com\/wp-content\/uploads\/2020\/03\/Li%C3%A8vre-et-Ours-sous-la-neige-scaled.jpg?fit=1200%2C887&resize=350%2C200 1x, https:\/\/i0.wp.com\/www.jojoenherbe.com\/wp-content\/uploads\/2020\/03\/Li%C3%A8vre-et-Ours-sous-la-neige-scaled.jpg?fit=1200%2C887&resize=525%2C300 1.5x, https:\/\/i0.wp.com\/www.jojoenherbe.com\/wp-content\/uploads\/2020\/03\/Li%C3%A8vre-et-Ours-sous-la-neige-scaled.jpg?fit=1200%2C887&resize=700%2C400 2x, https:\/\/i0.wp.com\/www.jojoenherbe.com\/wp-content\/uploads\/2020\/03\/Li%C3%A8vre-et-Ours-sous-la-neige-scaled.jpg?fit=1200%2C887&resize=1050%2C600 3x"},"classes":[]},{"id":7624,"url":"http:\/\/www.jojoenherbe.com\/index.php\/2019\/09\/25\/au-fil-des-pages-avec-devine-combien-je-taime-au-fil-des-saisons\/","url_meta":{"origin":12317,"position":5},"title":"Au fil des pages avec Devine combien je t&rsquo;aime au fil des saisons","author":"Jojo","date":"25 septembre 2019","format":false,"excerpt":"Nous empruntons \u00e0 la biblioth\u00e8que Devine combien je t'aime au fil des saisons de Sam McBratney et Anita Jeram (\u00e9d. L'\u00e9cole des loisirs, coll. Pastel, 2009). Nous suivons deux li\u00e8vres bruns, un grand et un petit du printemps \u00e0 l'hiver. Cet album jeunesse aux illustrations toutes douces m\u00eale beaucoup de\u2026","rel":"","context":"Dans &quot;Mini lecteur&quot;","block_context":{"text":"Mini lecteur","link":"http:\/\/www.jojoenherbe.com\/index.php\/category\/mini-lecteur\/"},"img":{"alt_text":"","src":"https:\/\/i0.wp.com\/www.jojoenherbe.com\/wp-content\/uploads\/2019\/09\/Devine-combien-je-taime.jpg?fit=1200%2C1017&resize=350%2C200","width":350,"height":200,"srcset":"https:\/\/i0.wp.com\/www.jojoenherbe.com\/wp-content\/uploads\/2019\/09\/Devine-combien-je-taime.jpg?fit=1200%2C1017&resize=350%2C200 1x, https:\/\/i0.wp.com\/www.jojoenherbe.com\/wp-content\/uploads\/2019\/09\/Devine-combien-je-taime.jpg?fit=1200%2C1017&resize=525%2C300 1.5x, https:\/\/i0.wp.com\/www.jojoenherbe.com\/wp-content\/uploads\/2019\/09\/Devine-combien-je-taime.jpg?fit=1200%2C1017&resize=700%2C400 2x, https:\/\/i0.wp.com\/www.jojoenherbe.com\/wp-content\/uploads\/2019\/09\/Devine-combien-je-taime.jpg?fit=1200%2C1017&resize=1050%2C600 3x"},"classes":[]}],"_links":{"self":[{"href":"http:\/\/www.jojoenherbe.com\/index.php\/wp-json\/wp\/v2\/posts\/12317","targetHints":{"allow":["GET"]}}],"collection":[{"href":"http:\/\/www.jojoenherbe.com\/index.php\/wp-json\/wp\/v2\/posts"}],"about":[{"href":"http:\/\/www.jojoenherbe.com\/index.php\/wp-json\/wp\/v2\/types\/post"}],"author":[{"embeddable":true,"href":"http:\/\/www.jojoenherbe.com\/index.php\/wp-json\/wp\/v2\/users\/1"}],"replies":[{"embeddable":true,"href":"http:\/\/www.jojoenherbe.com\/index.php\/wp-json\/wp\/v2\/comments?post=12317"}],"version-history":[{"count":1,"href":"http:\/\/www.jojoenherbe.com\/index.php\/wp-json\/wp\/v2\/posts\/12317\/revisions"}],"predecessor-version":[{"id":25486,"href":"http:\/\/www.jojoenherbe.com\/index.php\/wp-json\/wp\/v2\/posts\/12317\/revisions\/25486"}],"wp:featuredmedia":[{"embeddable":true,"href":"http:\/\/www.jojoenherbe.com\/index.php\/wp-json\/wp\/v2\/media\/12345"}],"wp:attachment":[{"href":"http:\/\/www.jojoenherbe.com\/index.php\/wp-json\/wp\/v2\/media?parent=12317"}],"wp:term":[{"taxonomy":"category","embeddable":true,"href":"http:\/\/www.jojoenherbe.com\/index.php\/wp-json\/wp\/v2\/categories?post=12317"},{"taxonomy":"post_tag","embeddable":true,"href":"http:\/\/www.jojoenherbe.com\/index.php\/wp-json\/wp\/v2\/tags?post=12317"}],"curies":[{"name":"wp","href":"https:\/\/api.w.org\/{rel}","templated":true}]}}