{"id":12274,"date":"2020-09-15T10:30:12","date_gmt":"2020-09-15T08:30:12","guid":{"rendered":"http:\/\/www.jojoenherbe.com\/?p=12274"},"modified":"2021-10-17T11:41:25","modified_gmt":"2021-10-17T09:41:25","slug":"ptit-recap-du-challenge-halloween-2020","status":"publish","type":"post","link":"http:\/\/www.jojoenherbe.com\/index.php\/2020\/09\/15\/ptit-recap-du-challenge-halloween-2020\/","title":{"rendered":"Billet de suivi: Challenge Halloween 2020"},"content":{"rendered":"<p style=\"text-align: justify;\"><em>Comme l&rsquo;ann\u00e9e derni\u00e8re, je participe du 15 septembre au 15 d\u00e9cembre 2020 au Challenge Halloween organis\u00e9 par <a href=\"http:\/\/www.lelivroblog.fr\/archive\/2020\/09\/08\/le-challenge-halloween-2020-6262057.html\">Hilde<\/a> et <a href=\"http:\/\/www.myloubook.com\/2020\/09\/08\/challenge-halloween-2020-rendez-vous-pour-nos-11-ans\/\">Lou<\/a>. D\u00e8s le 15 septembre, elles ouvrent les portes de leur manoir pour deux mois halloweenesques. le challenge commence en douceur par un d\u00e9poussi\u00e9rage de PAL et premi\u00e8res suggestions et ambiances automnales. Pour plus d&rsquo;infos, n&rsquo;h\u00e9sitez pas \u00e0 aller sur leurs blogs.<\/em><\/p>\n<p style=\"text-align: justify;\"><em>Ce billet sera actualis\u00e9 au fil du mois tout en faisant un billet s\u00e9par\u00e9 pour chaque participation. <\/em><\/p>\n<div id=\"attachment_15692\" style=\"width: 142px\" class=\"wp-caption alignleft\"><img data-recalc-dims=\"1\" loading=\"lazy\" decoding=\"async\" aria-describedby=\"caption-attachment-15692\" class=\"wp-image-15692\" src=\"https:\/\/i0.wp.com\/mapetitemediatheque.fr\/wp-content\/uploads\/2020\/09\/Au-pays-des-ogres--300x230.jpg?resize=132%2C101\" alt=\"\" width=\"132\" height=\"101\" \/><p id=\"caption-attachment-15692\" class=\"wp-caption-text\">Au pays des Ogres avec <a href=\"https:\/\/mapetitemediatheque.fr\/2020\/09\/challenge-halloween-2020-rendez-vous-avec-les-ogres\/\">Bidib<\/a><\/p><\/div>\n<div id=\"attachment_33239\" style=\"width: 101px\" class=\"wp-caption alignleft\"><img data-recalc-dims=\"1\" loading=\"lazy\" decoding=\"async\" aria-describedby=\"caption-attachment-33239\" class=\"wp-image-33239\" src=\"https:\/\/sylectures.files.wordpress.com\/2020\/09\/logogourmandiseshalloween20.jpg?w=130&#038;h=203&#038;fit=130%2C203&#038;resize=91%2C145\" alt=\"\" width=\"91\" height=\"145\" data-attachment-id=\"33239\" data-permalink=\"https:\/\/sylectures.wordpress.com\/2020\/10\/02\/la-patisserie-des-sorciers-et-autres-desserts-fantastiques\/logogourmandiseshalloween20\/\" data-orig-file=\"https:\/\/sylectures.files.wordpress.com\/2020\/09\/logogourmandiseshalloween20.jpg\" data-orig-size=\"500,798\" data-comments-opened=\"1\" data-image-meta=\"{&quot;aperture&quot;:&quot;0&quot;,&quot;credit&quot;:&quot;&quot;,&quot;camera&quot;:&quot;&quot;,&quot;caption&quot;:&quot;&quot;,&quot;created_timestamp&quot;:&quot;0&quot;,&quot;copyright&quot;:&quot;&quot;,&quot;focal_length&quot;:&quot;0&quot;,&quot;iso&quot;:&quot;0&quot;,&quot;shutter_speed&quot;:&quot;0&quot;,&quot;title&quot;:&quot;&quot;,&quot;orientation&quot;:&quot;0&quot;}\" data-image-title=\"LogogourmandisesHalloween20\" data-image-description=\"\" data-medium-file=\"https:\/\/sylectures.files.wordpress.com\/2020\/09\/logogourmandiseshalloween20.jpg?w=188\" data-large-file=\"https:\/\/sylectures.files.wordpress.com\/2020\/09\/logogourmandiseshalloween20.jpg?w=500\" \/><p id=\"caption-attachment-33239\" class=\"wp-caption-text\">Les Gourmandises de <a href=\"https:\/\/sylectures.wordpress.com\/\">Syl<\/a><\/p><\/div>\n<p style=\"text-align: justify;\"><em>Il y aura bien s\u00fbr un ou des RAT (un RAT gourmand d&rsquo;Halloween des 9 au 11 octobre 2020, du bricolage et des d\u00e9corations tous les mardi, des gourmandises halloweenesques avec <a href=\"https:\/\/sylectures.wordpress.com\/\">Syl<\/a> tous les dimanches ou encore un inter-challenge avec <a href=\"https:\/\/mapetitemediatheque.fr\/2020\/09\/challenge-halloween-2020-rendez-vous-avec-les-ogres\/\">Bidib<\/a> \u00ab\u00a0Au pays des Ogres\u00a0\u00bb. Pour ma part, je pense m\u00e9langer les diff\u00e9rentes th\u00e9matiques diaboliques: ambiance cosy, un Halloween avec les cr\u00e9atures de la Nuit ou des animaux familiers, la sorcellerie, les lieux hant\u00e9s associ\u00e9s ou non aux peurs et cauchemars et bien s\u00fbr le plein de citrouilles!<br \/>\n<\/em><\/p>\n<ul>\n<li style=\"text-align: justify;\"><em>Th\u00e9matique Sorci\u00e8res, de la magie au f\u00e9minisme<\/em><\/li>\n<li style=\"text-align: justify;\"><em>Th\u00e9matique Contes et l\u00e9gendes<\/em><\/li>\n<li style=\"text-align: justify;\"><em>Th\u00e9matique Ogres<\/em><\/li>\n<li style=\"text-align: justify;\"><em>Th\u00e9matique Bateau fant\u00f4me<\/em><\/li>\n<\/ul>\n<p style=\"text-align: justify;\"><em>D&rsquo;autre part, un d\u00e9fi halloweenesque est pr\u00e9vu: vider sa PAL!\u00a0 Avec 4 paliers: de 1 \u00e0 5 livres lus, chroniqu\u00e9s et sortis de PAL: \u00ab\u00a0Le petit buveur ou la petite buveuse d&rsquo;encre\u00a0\u00bb, de 6 \u00e0 10 livres: \u00ab\u00a0La grande goule livresque\u00a0\u00bb, de 11 \u00e0 15 livres: \u00ab\u00a0Le Wendigo d\u00e9voreur de pages\u00a0\u00bb et enfin plus de 15 livres: \u00ab\u00a0Le kraken des abysses litt\u00e9raires\u00a0\u00bb. Mais ma PAL pourra-t-elle vraiment baisser alors qu&rsquo;elle n&rsquo;a cess\u00e9 de cro\u00eetre l&rsquo;ann\u00e9e derni\u00e8re?! Myst\u00e8re halloweenesque&#8230;<\/em><\/p>\n<p style=\"text-align: justify;\"><em>Il est \u00e9galement pr\u00e9vu des partages de BD d&rsquo;Halloween le mercredi, d&rsquo;albums le samedi et aussi des lectures communes avec le 7 octobre 2020 le tome 1 de <span style=\"text-decoration: underline;\">La Brigade des cauchemars<\/span> de Franck Thilliez, Yomgui\u00a0 Dumont et Drac (BD jeunesse), le 21 octobre 2020, <span style=\"text-decoration: underline;\">Verte<\/span> de Marie Desplechin et Magali Le Huche\u00a0 (BD jeunesse) ou encore le 23 octobre 2020 <span style=\"text-decoration: underline;\">Les Histoires de fant\u00f4mes du Japon<\/span> illustr\u00e9es par Benjamin Lacombe, d&rsquo;apr\u00e8s Lafcadio Hearn. Je vais essayer d&rsquo;y participer.<\/em><\/p>\n<p style=\"text-align: justify;\"><em><a href=\"https:\/\/i0.wp.com\/www.jojoenherbe.com\/wp-content\/uploads\/2020\/09\/Challenge-Halloween-PAL-scaled.jpg\"><img data-recalc-dims=\"1\" loading=\"lazy\" decoding=\"async\" data-attachment-id=\"12280\" data-permalink=\"http:\/\/www.jojoenherbe.com\/index.php\/2020\/09\/15\/ptit-recap-du-challenge-halloween-2020\/challenge-halloween-pal\/\" data-orig-file=\"https:\/\/i0.wp.com\/www.jojoenherbe.com\/wp-content\/uploads\/2020\/09\/Challenge-Halloween-PAL-scaled.jpg?fit=2560%2C2351\" data-orig-size=\"2560,2351\" data-comments-opened=\"1\" data-image-meta=\"{&quot;aperture&quot;:&quot;1.8&quot;,&quot;credit&quot;:&quot;&quot;,&quot;camera&quot;:&quot;iPhone 7&quot;,&quot;caption&quot;:&quot;&quot;,&quot;created_timestamp&quot;:&quot;1600164171&quot;,&quot;copyright&quot;:&quot;&quot;,&quot;focal_length&quot;:&quot;3.99&quot;,&quot;iso&quot;:&quot;80&quot;,&quot;shutter_speed&quot;:&quot;0.16666666666667&quot;,&quot;title&quot;:&quot;&quot;,&quot;orientation&quot;:&quot;1&quot;}\" data-image-title=\"Challenge Halloween PAL\" data-image-description=\"\" data-image-caption=\"\" data-large-file=\"https:\/\/i0.wp.com\/www.jojoenherbe.com\/wp-content\/uploads\/2020\/09\/Challenge-Halloween-PAL-scaled.jpg?fit=676%2C621\" class=\"alignleft size-thumbnail wp-image-12280\" src=\"https:\/\/i0.wp.com\/www.jojoenherbe.com\/wp-content\/uploads\/2020\/09\/Challenge-Halloween-PAL.jpg?resize=150%2C150\" alt=\"\" width=\"150\" height=\"150\" srcset=\"https:\/\/i0.wp.com\/www.jojoenherbe.com\/wp-content\/uploads\/2020\/09\/Challenge-Halloween-PAL-scaled.jpg?resize=150%2C150 150w, https:\/\/i0.wp.com\/www.jojoenherbe.com\/wp-content\/uploads\/2020\/09\/Challenge-Halloween-PAL-scaled.jpg?zoom=2&amp;resize=150%2C150 300w, https:\/\/i0.wp.com\/www.jojoenherbe.com\/wp-content\/uploads\/2020\/09\/Challenge-Halloween-PAL-scaled.jpg?zoom=3&amp;resize=150%2C150 450w\" sizes=\"auto, (max-width: 150px) 100vw, 150px\" \/><\/a><a href=\"https:\/\/i0.wp.com\/www.jojoenherbe.com\/wp-content\/uploads\/2019\/11\/Splat-a-la-chasse-aux-citrouilles-scaled.jpg\"><img data-recalc-dims=\"1\" loading=\"lazy\" decoding=\"async\" data-attachment-id=\"12423\" data-permalink=\"http:\/\/www.jojoenherbe.com\/index.php\/2019\/11\/16\/au-fil-des-pages-avec-splat-a-la-chasse-aux-citrouilles\/splat-a-la-chasse-aux-citrouilles-4\/\" data-orig-file=\"https:\/\/i0.wp.com\/www.jojoenherbe.com\/wp-content\/uploads\/2019\/11\/Splat-a-la-chasse-aux-citrouilles-scaled.jpg?fit=2560%2C1920\" data-orig-size=\"2560,1920\" data-comments-opened=\"1\" data-image-meta=\"{&quot;aperture&quot;:&quot;1.8&quot;,&quot;credit&quot;:&quot;&quot;,&quot;camera&quot;:&quot;iPhone 7&quot;,&quot;caption&quot;:&quot;&quot;,&quot;created_timestamp&quot;:&quot;1600853005&quot;,&quot;copyright&quot;:&quot;&quot;,&quot;focal_length&quot;:&quot;3.99&quot;,&quot;iso&quot;:&quot;100&quot;,&quot;shutter_speed&quot;:&quot;0.11111111111111&quot;,&quot;title&quot;:&quot;&quot;,&quot;orientation&quot;:&quot;1&quot;}\" data-image-title=\"Splat \u00e0 la chasse aux citrouilles\" data-image-description=\"\" data-image-caption=\"\" data-large-file=\"https:\/\/i0.wp.com\/www.jojoenherbe.com\/wp-content\/uploads\/2019\/11\/Splat-a-la-chasse-aux-citrouilles-scaled.jpg?fit=676%2C507\" class=\"alignleft wp-image-12423 size-thumbnail\" src=\"https:\/\/i0.wp.com\/www.jojoenherbe.com\/wp-content\/uploads\/2019\/11\/Splat-a-la-chasse-aux-citrouilles.jpg?resize=150%2C150\" alt=\"\" width=\"150\" height=\"150\" srcset=\"https:\/\/i0.wp.com\/www.jojoenherbe.com\/wp-content\/uploads\/2019\/11\/Splat-a-la-chasse-aux-citrouilles-scaled.jpg?resize=150%2C150 150w, https:\/\/i0.wp.com\/www.jojoenherbe.com\/wp-content\/uploads\/2019\/11\/Splat-a-la-chasse-aux-citrouilles-scaled.jpg?zoom=2&amp;resize=150%2C150 300w, https:\/\/i0.wp.com\/www.jojoenherbe.com\/wp-content\/uploads\/2019\/11\/Splat-a-la-chasse-aux-citrouilles-scaled.jpg?zoom=3&amp;resize=150%2C150 450w\" sizes=\"auto, (max-width: 150px) 100vw, 150px\" \/><\/a>Au programme, des relectures de l&rsquo;ann\u00e9e derni\u00e8re qui commencent \u00e0 s&rsquo;agiter dans nos biblioth\u00e8ques, essentiellement des albums jeunesse:<\/em><\/p>\n<ul>\n<li style=\"text-align: justify;\"><em><span style=\"text-decoration: underline;\">Coraline<\/span> de Neil Gaiman (Roman jeunesse)<\/em><\/li>\n<li style=\"text-align: justify;\"><em><a href=\"http:\/\/www.jojoenherbe.com\/index.php\/2019\/10\/24\/au-fil-des-pages-avec-la-sorciere-tambouille\/\"><span style=\"text-decoration: underline;\">La sorci\u00e8re Tambouille<\/span><\/a> de Magdalena Guirao-Jullien (RELU)<br \/>\n<\/em><\/li>\n<li style=\"text-align: justify;\"><em><a href=\"http:\/\/www.jojoenherbe.com\/index.php\/2019\/10\/02\/au-fil-des-pages-avec-genealogie-dune-sorciere\/\"><span style=\"text-decoration: underline;\">La petite sorci\u00e8re<\/span><\/a> de S\u00e9bastien Perez et Benjamin Lacombe (RELU)<br \/>\n<\/em><\/li>\n<li style=\"text-align: justify;\"><em><a href=\"http:\/\/www.jojoenherbe.com\/index.php\/2020\/04\/10\/au-fil-des-pages-avec-gruffalo\/\"><span style=\"text-decoration: underline;\">Gruffalo<\/span><\/a> de Julia Donaldson et Axel Scheffler (RELU)<br \/>\n<\/em><\/li>\n<li style=\"text-align: justify;\"><em><a href=\"http:\/\/www.jojoenherbe.com\/index.php\/2019\/10\/16\/au-fil-des-pages-avec-monsieur-madame-et-halloween\/\"><span style=\"text-decoration: underline;\">Les Monsieur Madame f\u00eatent Halloween<\/span><\/a> de Roger Hargreaves (RELU)<br \/>\n<\/em><\/li>\n<li style=\"text-align: justify;\"><em><span style=\"text-decoration: underline;\">Le beau jardin de Capucine<\/span> d&rsquo;Audrey Bouquet et Fabien \u00d6ckto Lambert (RELU)<br \/>\n<\/em><\/li>\n<li style=\"text-align: justify;\"><em><span style=\"text-decoration: underline;\">Le g\u00e9ant, la fillette et le dictionnaire<\/span> de Jean Leroy et St\u00e9phane Poulin (RELU)<br \/>\n<\/em><\/li>\n<li><em><a href=\"http:\/\/www.jojoenherbe.com\/index.php\/2020\/08\/29\/au-fil-des-pages-avec-splat-le-chat\/\"><span style=\"text-decoration: underline;\">Splat \u00e0 la chasse aux citrouilles<\/span><\/a> de Rob Scotton (RELU)<br \/>\n<\/em><\/li>\n<\/ul>\n<p style=\"text-align: justify;\"><em><a href=\"https:\/\/i0.wp.com\/www.jojoenherbe.com\/wp-content\/uploads\/2020\/09\/Challenge-Halloween-PAL-2-scaled.jpg\"><img data-recalc-dims=\"1\" loading=\"lazy\" decoding=\"async\" data-attachment-id=\"12278\" data-permalink=\"http:\/\/www.jojoenherbe.com\/index.php\/2020\/09\/15\/ptit-recap-du-challenge-halloween-2020\/challenge-halloween-pal-2\/\" data-orig-file=\"https:\/\/i0.wp.com\/www.jojoenherbe.com\/wp-content\/uploads\/2020\/09\/Challenge-Halloween-PAL-2-scaled.jpg?fit=2560%2C1920\" data-orig-size=\"2560,1920\" data-comments-opened=\"1\" data-image-meta=\"{&quot;aperture&quot;:&quot;1.8&quot;,&quot;credit&quot;:&quot;&quot;,&quot;camera&quot;:&quot;iPhone 7&quot;,&quot;caption&quot;:&quot;&quot;,&quot;created_timestamp&quot;:&quot;1600164363&quot;,&quot;copyright&quot;:&quot;&quot;,&quot;focal_length&quot;:&quot;3.99&quot;,&quot;iso&quot;:&quot;80&quot;,&quot;shutter_speed&quot;:&quot;0.14285714285714&quot;,&quot;title&quot;:&quot;&quot;,&quot;orientation&quot;:&quot;1&quot;}\" data-image-title=\"Challenge Halloween PAL 2\" data-image-description=\"\" data-image-caption=\"\" data-large-file=\"https:\/\/i0.wp.com\/www.jojoenherbe.com\/wp-content\/uploads\/2020\/09\/Challenge-Halloween-PAL-2-scaled.jpg?fit=676%2C507\" class=\"size-thumbnail wp-image-12278 alignright\" src=\"https:\/\/i0.wp.com\/www.jojoenherbe.com\/wp-content\/uploads\/2020\/09\/Challenge-Halloween-PAL-2.jpg?resize=150%2C150\" alt=\"\" width=\"150\" height=\"150\" srcset=\"https:\/\/i0.wp.com\/www.jojoenherbe.com\/wp-content\/uploads\/2020\/09\/Challenge-Halloween-PAL-2-scaled.jpg?resize=150%2C150 150w, https:\/\/i0.wp.com\/www.jojoenherbe.com\/wp-content\/uploads\/2020\/09\/Challenge-Halloween-PAL-2-scaled.jpg?zoom=2&amp;resize=150%2C150 300w, https:\/\/i0.wp.com\/www.jojoenherbe.com\/wp-content\/uploads\/2020\/09\/Challenge-Halloween-PAL-2-scaled.jpg?zoom=3&amp;resize=150%2C150 450w\" sizes=\"auto, (max-width: 150px) 100vw, 150px\" \/><\/a> <a href=\"https:\/\/i0.wp.com\/www.jojoenherbe.com\/wp-content\/uploads\/2020\/09\/Challenge-Halloween-PAL-3-scaled.jpg\"><img data-recalc-dims=\"1\" loading=\"lazy\" decoding=\"async\" data-attachment-id=\"12279\" data-permalink=\"http:\/\/www.jojoenherbe.com\/index.php\/2020\/09\/15\/ptit-recap-du-challenge-halloween-2020\/challenge-halloween-pal-3\/\" data-orig-file=\"https:\/\/i0.wp.com\/www.jojoenherbe.com\/wp-content\/uploads\/2020\/09\/Challenge-Halloween-PAL-3-scaled.jpg?fit=2560%2C1729\" data-orig-size=\"2560,1729\" data-comments-opened=\"1\" data-image-meta=\"{&quot;aperture&quot;:&quot;1.8&quot;,&quot;credit&quot;:&quot;&quot;,&quot;camera&quot;:&quot;iPhone 7&quot;,&quot;caption&quot;:&quot;&quot;,&quot;created_timestamp&quot;:&quot;1600164388&quot;,&quot;copyright&quot;:&quot;&quot;,&quot;focal_length&quot;:&quot;3.99&quot;,&quot;iso&quot;:&quot;80&quot;,&quot;shutter_speed&quot;:&quot;0.125&quot;,&quot;title&quot;:&quot;&quot;,&quot;orientation&quot;:&quot;1&quot;}\" data-image-title=\"Challenge Halloween PAL 3\" data-image-description=\"\" data-image-caption=\"\" data-large-file=\"https:\/\/i0.wp.com\/www.jojoenherbe.com\/wp-content\/uploads\/2020\/09\/Challenge-Halloween-PAL-3-scaled.jpg?fit=676%2C457\" class=\"size-thumbnail wp-image-12279 alignright\" src=\"https:\/\/i0.wp.com\/www.jojoenherbe.com\/wp-content\/uploads\/2020\/09\/Challenge-Halloween-PAL-3.jpg?resize=150%2C150\" alt=\"\" width=\"150\" height=\"150\" srcset=\"https:\/\/i0.wp.com\/www.jojoenherbe.com\/wp-content\/uploads\/2020\/09\/Challenge-Halloween-PAL-3-scaled.jpg?resize=150%2C150 150w, https:\/\/i0.wp.com\/www.jojoenherbe.com\/wp-content\/uploads\/2020\/09\/Challenge-Halloween-PAL-3-scaled.jpg?zoom=2&amp;resize=150%2C150 300w, https:\/\/i0.wp.com\/www.jojoenherbe.com\/wp-content\/uploads\/2020\/09\/Challenge-Halloween-PAL-3-scaled.jpg?zoom=3&amp;resize=150%2C150 450w\" sizes=\"auto, (max-width: 150px) 100vw, 150px\" \/><\/a>J&rsquo;ai \u00e9galement commenc\u00e9 \u00e0 former ma PAL avec des emprunts \u00e0 la m\u00e9diath\u00e8que:<\/em><\/p>\n<ul>\n<li style=\"text-align: justify;\"><em><a href=\"http:\/\/www.jojoenherbe.com\/index.php\/2020\/10\/10\/au-fil-des-pages-avec-comment-etre-aime-quand-on-est-un-grand-mechant-loup\/\"><span style=\"text-decoration: underline;\">Comment \u00eatre aim\u00e9 quand on est un Grand M\u00e9chant Loup?<\/span><\/a> de Christine Naumann-Villemin et Annick Masson (LU)<br \/>\n<\/em><\/li>\n<li style=\"text-align: justify;\"><em><span style=\"text-decoration: underline;\">Petite Souris, Le grand livre des peurs<\/span> d&rsquo;Emily Gravett (LU)<br \/>\n<\/em><\/li>\n<li style=\"text-align: justify;\"><em><a href=\"http:\/\/www.jojoenherbe.com\/index.php\/2020\/10\/07\/au-fil-des-pages-avec-plus-gros-que-le-ventre\/\"><span style=\"text-decoration: underline;\">Plus gros que le ventre<\/span><\/a> de Micha\u00ebl Escoffier et Amandine Piu (LU)<br \/>\n<\/em><\/li>\n<li style=\"text-align: justify;\"><em><a href=\"http:\/\/www.jojoenherbe.com\/index.php\/2020\/10\/05\/au-fil-des-pages-avec-le-train-fantome\/\"><span style=\"text-decoration: underline;\">Le train fant\u00f4me<\/span><\/a> de Didier L\u00e9vy et Pierre Vaquez (LU)<br \/>\n<\/em><\/li>\n<\/ul>\n<p style=\"text-align: justify;\"><em><a href=\"https:\/\/i0.wp.com\/www.jojoenherbe.com\/wp-content\/uploads\/2020\/09\/Challenge-Halloween-PAL-4-scaled.jpg\"><img data-recalc-dims=\"1\" loading=\"lazy\" decoding=\"async\" data-attachment-id=\"12370\" data-permalink=\"http:\/\/www.jojoenherbe.com\/index.php\/2020\/09\/15\/ptit-recap-du-challenge-halloween-2020\/challenge-halloween-pal-4\/\" data-orig-file=\"https:\/\/i0.wp.com\/www.jojoenherbe.com\/wp-content\/uploads\/2020\/09\/Challenge-Halloween-PAL-4-scaled.jpg?fit=2560%2C1702\" data-orig-size=\"2560,1702\" data-comments-opened=\"1\" data-image-meta=\"{&quot;aperture&quot;:&quot;1.8&quot;,&quot;credit&quot;:&quot;&quot;,&quot;camera&quot;:&quot;iPhone 7&quot;,&quot;caption&quot;:&quot;&quot;,&quot;created_timestamp&quot;:&quot;1600426687&quot;,&quot;copyright&quot;:&quot;&quot;,&quot;focal_length&quot;:&quot;3.99&quot;,&quot;iso&quot;:&quot;100&quot;,&quot;shutter_speed&quot;:&quot;0.058823529411765&quot;,&quot;title&quot;:&quot;&quot;,&quot;orientation&quot;:&quot;1&quot;}\" data-image-title=\"Challenge Halloween PAL 4\" data-image-description=\"\" data-image-caption=\"\" data-large-file=\"https:\/\/i0.wp.com\/www.jojoenherbe.com\/wp-content\/uploads\/2020\/09\/Challenge-Halloween-PAL-4-scaled.jpg?fit=676%2C450\" class=\"alignleft size-thumbnail wp-image-12370\" src=\"https:\/\/i0.wp.com\/www.jojoenherbe.com\/wp-content\/uploads\/2020\/09\/Challenge-Halloween-PAL-4.jpg?resize=150%2C150\" alt=\"\" width=\"150\" height=\"150\" srcset=\"https:\/\/i0.wp.com\/www.jojoenherbe.com\/wp-content\/uploads\/2020\/09\/Challenge-Halloween-PAL-4-scaled.jpg?resize=150%2C150 150w, https:\/\/i0.wp.com\/www.jojoenherbe.com\/wp-content\/uploads\/2020\/09\/Challenge-Halloween-PAL-4-scaled.jpg?zoom=2&amp;resize=150%2C150 300w, https:\/\/i0.wp.com\/www.jojoenherbe.com\/wp-content\/uploads\/2020\/09\/Challenge-Halloween-PAL-4-scaled.jpg?zoom=3&amp;resize=150%2C150 450w\" sizes=\"auto, (max-width: 150px) 100vw, 150px\" \/><\/a> <a href=\"https:\/\/i0.wp.com\/www.jojoenherbe.com\/wp-content\/uploads\/2020\/09\/Challenge-Halloween-PAL-5-scaled.jpg\"><img data-recalc-dims=\"1\" loading=\"lazy\" decoding=\"async\" data-attachment-id=\"12371\" data-permalink=\"http:\/\/www.jojoenherbe.com\/index.php\/2020\/09\/15\/ptit-recap-du-challenge-halloween-2020\/challenge-halloween-pal-5\/\" data-orig-file=\"https:\/\/i0.wp.com\/www.jojoenherbe.com\/wp-content\/uploads\/2020\/09\/Challenge-Halloween-PAL-5-scaled.jpg?fit=2560%2C1827\" data-orig-size=\"2560,1827\" data-comments-opened=\"1\" data-image-meta=\"{&quot;aperture&quot;:&quot;1.8&quot;,&quot;credit&quot;:&quot;&quot;,&quot;camera&quot;:&quot;iPhone 7&quot;,&quot;caption&quot;:&quot;&quot;,&quot;created_timestamp&quot;:&quot;1600426706&quot;,&quot;copyright&quot;:&quot;&quot;,&quot;focal_length&quot;:&quot;3.99&quot;,&quot;iso&quot;:&quot;100&quot;,&quot;shutter_speed&quot;:&quot;0.076923076923077&quot;,&quot;title&quot;:&quot;&quot;,&quot;orientation&quot;:&quot;1&quot;}\" data-image-title=\"Challenge Halloween PAL 5\" data-image-description=\"\" data-image-caption=\"\" data-large-file=\"https:\/\/i0.wp.com\/www.jojoenherbe.com\/wp-content\/uploads\/2020\/09\/Challenge-Halloween-PAL-5-scaled.jpg?fit=676%2C483\" class=\"alignleft size-thumbnail wp-image-12371\" src=\"https:\/\/i0.wp.com\/www.jojoenherbe.com\/wp-content\/uploads\/2020\/09\/Challenge-Halloween-PAL-5.jpg?resize=150%2C150\" alt=\"\" width=\"150\" height=\"150\" srcset=\"https:\/\/i0.wp.com\/www.jojoenherbe.com\/wp-content\/uploads\/2020\/09\/Challenge-Halloween-PAL-5-scaled.jpg?resize=150%2C150 150w, https:\/\/i0.wp.com\/www.jojoenherbe.com\/wp-content\/uploads\/2020\/09\/Challenge-Halloween-PAL-5-scaled.jpg?zoom=2&amp;resize=150%2C150 300w, https:\/\/i0.wp.com\/www.jojoenherbe.com\/wp-content\/uploads\/2020\/09\/Challenge-Halloween-PAL-5-scaled.jpg?zoom=3&amp;resize=150%2C150 450w\" sizes=\"auto, (max-width: 150px) 100vw, 150px\" \/><\/a>Le 16 septembre 2020, nous passons \u00e0 la m\u00e9diath\u00e8que et r\u00e9cup\u00e9rons d&rsquo;autres albums jeunesse sur la th\u00e9matique d&rsquo;Halloween:<\/em><\/p>\n<ul>\n<li style=\"text-align: justify;\"><em><a href=\"http:\/\/www.jojoenherbe.com\/index.php\/2020\/09\/18\/au-fil-des-pages-avec-le-mystere-de-la-basquette-bleue\/\"><span style=\"text-decoration: underline;\">Le myst\u00e8re de la basquette bleue<\/span><\/a> d\u2019Andr\u00e9 Bouchard (LU)<br \/>\n<\/em><\/li>\n<li style=\"text-align: justify;\"><em><a href=\"http:\/\/www.jojoenherbe.com\/index.php\/2020\/10\/24\/au-fil-des-pages-avec-il-ny-a-pas-de-dragon-dans-cette-histoire\/\"><span style=\"text-decoration: underline;\">Il n&rsquo;y a pas de dragon dans cette histoire<\/span><\/a> de Lou Carter et Deborah Allwright (LU)<br \/>\n<\/em><\/li>\n<li style=\"text-align: justify;\"><em><a href=\"http:\/\/www.jojoenherbe.com\/index.php\/2020\/11\/12\/au-fil-des-pages-avec-logre-et-les-sept-freres-biquet\/\"><span style=\"text-decoration: underline;\">L&rsquo;ogre et les sept fr\u00e8res Biquet<\/span><\/a> de V\u00e9ronique Cauchy et Fabien \u00d6ckto Lambert (LU)<br \/>\n<\/em><\/li>\n<li style=\"text-align: justify;\"><em><a href=\"http:\/\/www.jojoenherbe.com\/index.php\/2020\/10\/06\/au-fil-des-pages-avec-pelagie-la-sorciere\/\"><span style=\"text-decoration: underline;\">P\u00e9lagie la Sorci\u00e8re<\/span><\/a> de Val\u00e9rie Thomas et Korky Paul (LU)<br \/>\n<\/em><\/li>\n<\/ul>\n<p style=\"text-align: justify;\"><em><a href=\"https:\/\/i0.wp.com\/www.jojoenherbe.com\/wp-content\/uploads\/2020\/09\/Petite-Sorciere-DIY-6-scaled.jpg\"><img data-recalc-dims=\"1\" loading=\"lazy\" decoding=\"async\" data-attachment-id=\"12457\" data-permalink=\"http:\/\/www.jojoenherbe.com\/index.php\/2020\/09\/15\/ptit-recap-du-challenge-halloween-2020\/petite-sorciere-diy-6\/\" data-orig-file=\"https:\/\/i0.wp.com\/www.jojoenherbe.com\/wp-content\/uploads\/2020\/09\/Petite-Sorciere-DIY-6-scaled.jpg?fit=2560%2C1962\" data-orig-size=\"2560,1962\" data-comments-opened=\"1\" data-image-meta=\"{&quot;aperture&quot;:&quot;1.8&quot;,&quot;credit&quot;:&quot;&quot;,&quot;camera&quot;:&quot;iPhone 7&quot;,&quot;caption&quot;:&quot;&quot;,&quot;created_timestamp&quot;:&quot;1600883161&quot;,&quot;copyright&quot;:&quot;&quot;,&quot;focal_length&quot;:&quot;3.99&quot;,&quot;iso&quot;:&quot;32&quot;,&quot;shutter_speed&quot;:&quot;0.04&quot;,&quot;title&quot;:&quot;&quot;,&quot;orientation&quot;:&quot;1&quot;}\" data-image-title=\"Petite Sorci\u00e8re DIY 6\" data-image-description=\"\" data-image-caption=\"\" data-large-file=\"https:\/\/i0.wp.com\/www.jojoenherbe.com\/wp-content\/uploads\/2020\/09\/Petite-Sorciere-DIY-6-scaled.jpg?fit=676%2C518\" class=\"size-thumbnail wp-image-12457 alignright\" src=\"https:\/\/i0.wp.com\/www.jojoenherbe.com\/wp-content\/uploads\/2020\/09\/Petite-Sorciere-DIY-6.jpg?resize=150%2C150\" alt=\"\" width=\"150\" height=\"150\" srcset=\"https:\/\/i0.wp.com\/www.jojoenherbe.com\/wp-content\/uploads\/2020\/09\/Petite-Sorciere-DIY-6-scaled.jpg?resize=150%2C150 150w, https:\/\/i0.wp.com\/www.jojoenherbe.com\/wp-content\/uploads\/2020\/09\/Petite-Sorciere-DIY-6-scaled.jpg?zoom=2&amp;resize=150%2C150 300w, https:\/\/i0.wp.com\/www.jojoenherbe.com\/wp-content\/uploads\/2020\/09\/Petite-Sorciere-DIY-6-scaled.jpg?zoom=3&amp;resize=150%2C150 450w\" sizes=\"auto, (max-width: 150px) 100vw, 150px\" \/><\/a>Ce 23 septembre 2020, nous commen\u00e7ons \u00e0 fabriquer de nouvelles d\u00e9corations pour Halloween: des <a href=\"http:\/\/www.jojoenherbe.com\/index.php\/2020\/09\/23\/des-petites-sorcieres-pour-halloween\/\">petites sorci\u00e8res<\/a> qui vont venir rejoindre nos petites cr\u00e9ations DIY de l&rsquo;ann\u00e9e derni\u00e8re, comme nos citrouilles. <\/em><\/p>\n<p style=\"text-align: justify;\"><em><a href=\"https:\/\/i0.wp.com\/www.jojoenherbe.com\/wp-content\/uploads\/2020\/09\/PAL-Sorcieres-Challenge-Halloween-2020-scaled.jpg\"><img data-recalc-dims=\"1\" loading=\"lazy\" decoding=\"async\" data-attachment-id=\"12517\" data-permalink=\"http:\/\/www.jojoenherbe.com\/index.php\/2020\/09\/15\/ptit-recap-du-challenge-halloween-2020\/pal-sorcieres-challenge-halloween-2020\/\" data-orig-file=\"https:\/\/i0.wp.com\/www.jojoenherbe.com\/wp-content\/uploads\/2020\/09\/PAL-Sorcieres-Challenge-Halloween-2020-scaled.jpg?fit=2195%2C2560\" data-orig-size=\"2195,2560\" data-comments-opened=\"1\" data-image-meta=\"{&quot;aperture&quot;:&quot;1.8&quot;,&quot;credit&quot;:&quot;&quot;,&quot;camera&quot;:&quot;iPhone 7&quot;,&quot;caption&quot;:&quot;&quot;,&quot;created_timestamp&quot;:&quot;1601026041&quot;,&quot;copyright&quot;:&quot;&quot;,&quot;focal_length&quot;:&quot;3.99&quot;,&quot;iso&quot;:&quot;50&quot;,&quot;shutter_speed&quot;:&quot;0.058823529411765&quot;,&quot;title&quot;:&quot;&quot;,&quot;orientation&quot;:&quot;1&quot;}\" data-image-title=\"PAL Sorci\u00e8res &amp;#8211; Challenge Halloween 2020\" data-image-description=\"\" data-image-caption=\"\" data-large-file=\"https:\/\/i0.wp.com\/www.jojoenherbe.com\/wp-content\/uploads\/2020\/09\/PAL-Sorcieres-Challenge-Halloween-2020-scaled.jpg?fit=676%2C788\" class=\"alignleft size-thumbnail wp-image-12517\" src=\"https:\/\/i0.wp.com\/www.jojoenherbe.com\/wp-content\/uploads\/2020\/09\/PAL-Sorcieres-Challenge-Halloween-2020.jpg?resize=150%2C150\" alt=\"\" width=\"150\" height=\"150\" srcset=\"https:\/\/i0.wp.com\/www.jojoenherbe.com\/wp-content\/uploads\/2020\/09\/PAL-Sorcieres-Challenge-Halloween-2020-scaled.jpg?resize=150%2C150 150w, https:\/\/i0.wp.com\/www.jojoenherbe.com\/wp-content\/uploads\/2020\/09\/PAL-Sorcieres-Challenge-Halloween-2020-scaled.jpg?zoom=2&amp;resize=150%2C150 300w, https:\/\/i0.wp.com\/www.jojoenherbe.com\/wp-content\/uploads\/2020\/09\/PAL-Sorcieres-Challenge-Halloween-2020-scaled.jpg?zoom=3&amp;resize=150%2C150 450w\" sizes=\"auto, (max-width: 150px) 100vw, 150px\" \/><\/a>Le 25 septembre 2020, je suis \u00e9galement repass\u00e9e \u00e0 la m\u00e9diath\u00e8que emprunter des BD jeunesse sur le th\u00e8me des sorci\u00e8res:<\/em><\/p>\n<ul>\n<li style=\"text-align: justify;\"><em>le tome 1de <a href=\"http:\/\/www.jojoenherbe.com\/index.php\/2020\/10\/14\/au-fil-des-pages-avec-le-tome-1-de-spooky-les-contes-de-travers\/\"><span style=\"text-decoration: underline;\">Spooky, Les contes de travers, Pension pour monstres<\/span> <\/a>de Carine-M et \u00c9lian Black&rsquo;Mor (\u00e9d. Gl\u00e9nat, 2015) (LU)<br \/>\n<\/em><\/li>\n<li style=\"text-align: justify;\"><em>le tome 1 de <a href=\"http:\/\/www.jojoenherbe.com\/index.php\/2020\/10\/28\/au-fil-des-pages-avec-le-tome-1-de-sorcieres-sorcieres\/\"><span style=\"text-decoration: underline;\">Sorci\u00e8res Sorci\u00e8res, Le myst\u00e8re du jeteur de sorts<\/span><\/a> de Joris Chamblain et Lucile Thibaudier (\u00e9d. Kennes, 2014) (LU)<br \/>\n<\/em><\/li>\n<li style=\"text-align: justify;\"><em>le tome 2 de <a href=\"http:\/\/www.jojoenherbe.com\/index.php\/2020\/11\/01\/au-fil-des-pages-avec-sorceline\/\"><span style=\"text-decoration: underline;\">Sorceline, La fille qui aimait les animonstres<\/span><\/a> de Sylvia Douy\u00e9 et Paola Antista (\u00e9d. Gl\u00e9nat, coll. Vents d&rsquo;Ouest, 2019) (LU)<br \/>\n<\/em><\/li>\n<li style=\"text-align: justify;\"><em>et un album jeunesse:\u00a0 <a href=\"http:\/\/www.jojoenherbe.com\/index.php\/2020\/10\/03\/au-fil-des-pages-avec-baguette-magique-et-chapeau-pointu\/\"><span style=\"text-decoration: underline;\">Baguette magique et chapeau pointu<\/span><\/a> d&rsquo;Eva Montanari (\u00e9d. Milan Jeunesse, 2008) (LU)<br \/>\n<\/em><\/li>\n<\/ul>\n<p style=\"text-align: justify;\"><em><a href=\"https:\/\/i0.wp.com\/www.jojoenherbe.com\/wp-content\/uploads\/2020\/09\/Challenge-Halloween-PAL-7-scaled.jpg\"><img data-recalc-dims=\"1\" loading=\"lazy\" decoding=\"async\" data-attachment-id=\"12556\" data-permalink=\"http:\/\/www.jojoenherbe.com\/index.php\/2020\/09\/15\/ptit-recap-du-challenge-halloween-2020\/challenge-halloween-pal-7\/\" data-orig-file=\"https:\/\/i0.wp.com\/www.jojoenherbe.com\/wp-content\/uploads\/2020\/09\/Challenge-Halloween-PAL-7-scaled.jpg?fit=2560%2C1920\" data-orig-size=\"2560,1920\" data-comments-opened=\"1\" data-image-meta=\"{&quot;aperture&quot;:&quot;1.8&quot;,&quot;credit&quot;:&quot;&quot;,&quot;camera&quot;:&quot;iPhone 7&quot;,&quot;caption&quot;:&quot;&quot;,&quot;created_timestamp&quot;:&quot;1601392101&quot;,&quot;copyright&quot;:&quot;&quot;,&quot;focal_length&quot;:&quot;3.99&quot;,&quot;iso&quot;:&quot;80&quot;,&quot;shutter_speed&quot;:&quot;0.058823529411765&quot;,&quot;title&quot;:&quot;&quot;,&quot;orientation&quot;:&quot;1&quot;}\" data-image-title=\"Challenge Halloween PAL 7\" data-image-description=\"\" data-image-caption=\"\" data-large-file=\"https:\/\/i0.wp.com\/www.jojoenherbe.com\/wp-content\/uploads\/2020\/09\/Challenge-Halloween-PAL-7-scaled.jpg?fit=676%2C507\" class=\"size-thumbnail wp-image-12556 alignright\" src=\"https:\/\/i0.wp.com\/www.jojoenherbe.com\/wp-content\/uploads\/2020\/09\/Challenge-Halloween-PAL-7.jpg?resize=150%2C150\" alt=\"\" width=\"150\" height=\"150\" srcset=\"https:\/\/i0.wp.com\/www.jojoenherbe.com\/wp-content\/uploads\/2020\/09\/Challenge-Halloween-PAL-7-scaled.jpg?resize=150%2C150 150w, https:\/\/i0.wp.com\/www.jojoenherbe.com\/wp-content\/uploads\/2020\/09\/Challenge-Halloween-PAL-7-scaled.jpg?zoom=2&amp;resize=150%2C150 300w, https:\/\/i0.wp.com\/www.jojoenherbe.com\/wp-content\/uploads\/2020\/09\/Challenge-Halloween-PAL-7-scaled.jpg?zoom=3&amp;resize=150%2C150 450w\" sizes=\"auto, (max-width: 150px) 100vw, 150px\" \/><\/a>J&rsquo;ai aussi emprunt\u00e9 <a href=\"http:\/\/www.jojoenherbe.com\/index.php\/2020\/10\/22\/au-fil-des-pages-avec-le-petit-poucet\/\"><span style=\"text-decoration: underline;\">Le petit Poucet<\/span><\/a> de Charles Perrault et Jean-Marc Rochette (\u00e9d. Casterman, 2001) et le tome 2 de <span style=\"text-decoration: underline;\">Mortina, L&rsquo;odieux cousin<\/span> de Barbara Cantini (\u00e9d. Albin Michel Jeunesse, 2019). (LUS)<br \/>\n<\/em><\/p>\n<p style=\"text-align: justify;\"><em><a href=\"https:\/\/i0.wp.com\/www.jojoenherbe.com\/wp-content\/uploads\/2020\/09\/Challenge-Halloween-PAL-6-scaled.jpg\"><img data-recalc-dims=\"1\" loading=\"lazy\" decoding=\"async\" data-attachment-id=\"12552\" data-permalink=\"http:\/\/www.jojoenherbe.com\/index.php\/2020\/09\/15\/ptit-recap-du-challenge-halloween-2020\/challenge-halloween-pal-6\/\" data-orig-file=\"https:\/\/i0.wp.com\/www.jojoenherbe.com\/wp-content\/uploads\/2020\/09\/Challenge-Halloween-PAL-6-scaled.jpg?fit=2370%2C2560\" data-orig-size=\"2370,2560\" data-comments-opened=\"1\" data-image-meta=\"{&quot;aperture&quot;:&quot;1.8&quot;,&quot;credit&quot;:&quot;&quot;,&quot;camera&quot;:&quot;iPhone 7&quot;,&quot;caption&quot;:&quot;&quot;,&quot;created_timestamp&quot;:&quot;1601391623&quot;,&quot;copyright&quot;:&quot;&quot;,&quot;focal_length&quot;:&quot;3.99&quot;,&quot;iso&quot;:&quot;50&quot;,&quot;shutter_speed&quot;:&quot;0.058823529411765&quot;,&quot;title&quot;:&quot;&quot;,&quot;orientation&quot;:&quot;1&quot;}\" data-image-title=\"Challenge Halloween PAL 6\" data-image-description=\"\" data-image-caption=\"\" data-large-file=\"https:\/\/i0.wp.com\/www.jojoenherbe.com\/wp-content\/uploads\/2020\/09\/Challenge-Halloween-PAL-6-scaled.jpg?fit=676%2C730\" class=\"size-thumbnail wp-image-12552 alignleft\" src=\"https:\/\/i0.wp.com\/www.jojoenherbe.com\/wp-content\/uploads\/2020\/09\/Challenge-Halloween-PAL-6.jpg?resize=150%2C150\" alt=\"\" width=\"150\" height=\"150\" srcset=\"https:\/\/i0.wp.com\/www.jojoenherbe.com\/wp-content\/uploads\/2020\/09\/Challenge-Halloween-PAL-6-scaled.jpg?resize=150%2C150 150w, https:\/\/i0.wp.com\/www.jojoenherbe.com\/wp-content\/uploads\/2020\/09\/Challenge-Halloween-PAL-6-scaled.jpg?zoom=2&amp;resize=150%2C150 300w, https:\/\/i0.wp.com\/www.jojoenherbe.com\/wp-content\/uploads\/2020\/09\/Challenge-Halloween-PAL-6-scaled.jpg?zoom=3&amp;resize=150%2C150 450w\" sizes=\"auto, (max-width: 150px) 100vw, 150px\" \/><\/a>Ce 29 septembre 2020, par un passage dans une autre annexe de la m\u00e9diath\u00e8que, je continue de constituer notre PAL pour Halloween avec de la litt\u00e9rature jeunesse: romans, BD et album jeunesse. Il est bien difficile de ne pas les lire voire m\u00eame de ne pas les feuilleter:<\/em><\/p>\n<ul>\n<li style=\"text-align: justify;\"><em>le tome 1 de <a href=\"http:\/\/www.jojoenherbe.com\/index.php\/2020\/11\/01\/au-fil-des-pages-avec-sorceline\/\"><span style=\"text-decoration: underline;\">Sorceline, Un jour, je serai fantasticologue!<\/span><\/a> de Sylvia Douy\u00e9 et Paola Antista (\u00e9d. Gl\u00e9nat, coll. Vents d&rsquo;Ouest, 2018) (LU)<br \/>\n<\/em><\/li>\n<li style=\"text-align: justify;\"><em><span style=\"text-decoration: underline;\">Le petit ogre veut aller \u00e0 l&rsquo;\u00e9cole<\/span> de Marie-Agn\u00e8s Gaudrat et David Parkins (\u00e9d. Bayard Jeunesse, coll. Les Belles Histoires, 2007) (RELU)<br \/>\n<\/em><\/li>\n<li style=\"text-align: justify;\"><em><a href=\"http:\/\/www.jojoenherbe.com\/index.php\/2020\/10\/08\/au-fil-des-pages-avec-le-tome-1-deli-gaston\/\"><span style=\"text-decoration: underline;\">Eli &amp; Gaston, L&rsquo;esprit de l&rsquo;automne<\/span><\/a> de Ludovic Villain et C\u00e9line Deregnaucourt (\u00e9d. Ankama, 2019) (LU)<br \/>\n<\/em><\/li>\n<li style=\"text-align: justify;\"><em><span style=\"text-decoration: underline;\">Le monstre des glaces<\/span> de David Walliams (\u00e9d. Albin Michel Jeunesse, 2019) (LU)<br \/>\n<\/em><\/li>\n<li style=\"text-align: justify;\"><em><a href=\"http:\/\/www.jojoenherbe.com\/index.php\/2020\/10\/04\/au-fil-des-pages-avec-vlad-le-pire-vampire-du-monde\/\"><span style=\"text-decoration: underline;\">Vlad le pire vampire du monde<\/span><\/a> d&rsquo;Anna Wilson et Kathryn Durst (\u00e9d. Talents Hauts, 2019) (LU)<br \/>\n<\/em><\/li>\n<\/ul>\n<p style=\"text-align: justify;\"><em><a href=\"https:\/\/i0.wp.com\/www.jojoenherbe.com\/wp-content\/uploads\/2020\/10\/Billet-Sorciere-scaled.jpg\"><img data-recalc-dims=\"1\" loading=\"lazy\" decoding=\"async\" data-attachment-id=\"12584\" data-permalink=\"http:\/\/www.jojoenherbe.com\/index.php\/2020\/10\/01\/notre-selection-sorcieres-pour-le-challenge-halloween\/billet-sorciere\/\" data-orig-file=\"https:\/\/i0.wp.com\/www.jojoenherbe.com\/wp-content\/uploads\/2020\/10\/Billet-Sorciere-scaled.jpg?fit=2560%2C2020\" data-orig-size=\"2560,2020\" data-comments-opened=\"1\" data-image-meta=\"{&quot;aperture&quot;:&quot;0&quot;,&quot;credit&quot;:&quot;&quot;,&quot;camera&quot;:&quot;&quot;,&quot;caption&quot;:&quot;&quot;,&quot;created_timestamp&quot;:&quot;0&quot;,&quot;copyright&quot;:&quot;&quot;,&quot;focal_length&quot;:&quot;0&quot;,&quot;iso&quot;:&quot;0&quot;,&quot;shutter_speed&quot;:&quot;0&quot;,&quot;title&quot;:&quot;&quot;,&quot;orientation&quot;:&quot;0&quot;}\" data-image-title=\"Billet Sorci\u00e8re\" data-image-description=\"\" data-image-caption=\"\" data-large-file=\"https:\/\/i0.wp.com\/www.jojoenherbe.com\/wp-content\/uploads\/2020\/10\/Billet-Sorciere-scaled.jpg?fit=676%2C533\" class=\"wp-image-12584 size-thumbnail alignright\" src=\"https:\/\/i0.wp.com\/www.jojoenherbe.com\/wp-content\/uploads\/2020\/10\/Billet-Sorciere.jpg?resize=150%2C150\" alt=\"\" width=\"150\" height=\"150\" srcset=\"https:\/\/i0.wp.com\/www.jojoenherbe.com\/wp-content\/uploads\/2020\/10\/Billet-Sorciere-scaled.jpg?resize=150%2C150 150w, https:\/\/i0.wp.com\/www.jojoenherbe.com\/wp-content\/uploads\/2020\/10\/Billet-Sorciere-scaled.jpg?zoom=2&amp;resize=150%2C150 300w, https:\/\/i0.wp.com\/www.jojoenherbe.com\/wp-content\/uploads\/2020\/10\/Billet-Sorciere-scaled.jpg?zoom=3&amp;resize=150%2C150 450w\" sizes=\"auto, (max-width: 150px) 100vw, 150px\" \/><\/a>Le 1er octobre 2020, apr\u00e8s un petit tour sur le blog de Hilde qui a actualis\u00e9 son ancien billet sp\u00e9cial Sorci\u00e8re, je me joins \u00e0 elle avec notre <a href=\"http:\/\/www.jojoenherbe.com\/index.php\/2020\/10\/01\/notre-selection-sorcieres-pour-le-challenge-halloween\/\">s\u00e9lection \u00ab\u00a0Sorci\u00e8res\u00a0\u00bb<\/a> pour entrer v\u00e9ritablement dans ce mois halloweenesque. Il y a d&rsquo;anciennes lectures mais aussi de nouvelles que j&rsquo;envisage de relire ou de d\u00e9couvrir tout le long du mois \u00e0 venir.<\/em><\/p>\n<p style=\"text-align: justify;\"><em>Et c&rsquo;est parti pour lire toute notre PAL constitu\u00e9e petit \u00e0 petit fin septembre 2020.<\/em><\/p>\n<ul>\n<li style=\"text-align: justify;\">\u00a0<em>3 octobre\/Album jeunesse &#8211; \u00ab\u00a0Sorci\u00e8re\u00a0\u00bb: <a href=\"http:\/\/www.jojoenherbe.com\/index.php\/2020\/10\/03\/au-fil-des-pages-avec-baguette-magique-et-chapeau-pointu\/\"><span style=\"text-decoration: underline;\">Baguette magique et chapeau pointu<\/span><\/a> d\u2019Eva Montanari (\u00e9d. Milan Jeunesse, 2008), un album jeunesse \u00e0 partir de 3 ans<br \/>\n<\/em><\/li>\n<li style=\"text-align: justify;\"><em>Roman jeunesse &#8211; \u00ab\u00a0Vampire\u00a0\u00bb: <a href=\"http:\/\/www.jojoenherbe.com\/index.php\/2020\/10\/04\/au-fil-des-pages-avec-vlad-le-pire-vampire-du-monde\/\"><span style=\"text-decoration: underline;\">Vlad le pire vampire du monde<\/span><\/a> d&rsquo;Anna Wilson et Kathryn Durst (\u00e9d. Talents Hauts, coll. Zazou, 2019), un roman jeunesse \u00e0 partir de 8 ans<br \/>\n<\/em><\/li>\n<li style=\"text-align: justify;\"><em>Album jeunesse &#8211; \u00ab\u00a0Monstres et fant\u00f4mes\u00a0\u00bb: <a href=\"http:\/\/www.jojoenherbe.com\/index.php\/2020\/10\/05\/au-fil-des-pages-avec-le-train-fantome\/\"><span style=\"text-decoration: underline;\">Le train fant\u00f4me<\/span><\/a> de Didier L\u00e9vy et Pierre Vaquez (\u00e9d. Sarbacane, 2019), un album jeunesse \u00e0 partir de 7 ans<\/em><\/li>\n<li style=\"text-align: justify;\"><em>6 octobre\/ Loisirs cr\u00e9atifs avec Syl &#8211; \u00ab\u00a0Sorci\u00e8re\u00a0\u00bb et Album jeunesse\u00a0 &#8211; \u00ab\u00a0Sorci\u00e8re\u00a0\u00bb: <a href=\"http:\/\/www.jojoenherbe.com\/index.php\/2020\/10\/06\/au-fil-des-pages-avec-pelagie-la-sorciere\/\"><span style=\"text-decoration: underline;\">P\u00e9lagie la sorci\u00e8re<\/span> <\/a>de Val\u00e9rie Thomas et Korky Paul (\u00e9d. Milan, 1989, r\u00e9\u00e9d. 1993), un album jeunesse \u00e0 partir de 3 ans et une petite P\u00e9lagie DIY<br \/>\n<\/em><\/li>\n<li style=\"text-align: justify;\"><em><a href=\"https:\/\/i0.wp.com\/www.jojoenherbe.com\/wp-content\/uploads\/2020\/10\/La-Brigade-des-cauchemars-T1-scaled.jpg\"><img data-recalc-dims=\"1\" loading=\"lazy\" decoding=\"async\" data-attachment-id=\"12778\" data-permalink=\"http:\/\/www.jojoenherbe.com\/index.php\/2020\/10\/07\/au-fil-des-pages-avec-le-tome-1-de-la-brigade-des-cauchemars\/la-brigade-des-cauchemars-t1\/\" data-orig-file=\"https:\/\/i0.wp.com\/www.jojoenherbe.com\/wp-content\/uploads\/2020\/10\/La-Brigade-des-cauchemars-T1-scaled.jpg?fit=2560%2C2184\" data-orig-size=\"2560,2184\" data-comments-opened=\"1\" data-image-meta=\"{&quot;aperture&quot;:&quot;1.8&quot;,&quot;credit&quot;:&quot;&quot;,&quot;camera&quot;:&quot;iPhone 7&quot;,&quot;caption&quot;:&quot;&quot;,&quot;created_timestamp&quot;:&quot;1602006982&quot;,&quot;copyright&quot;:&quot;&quot;,&quot;focal_length&quot;:&quot;3.99&quot;,&quot;iso&quot;:&quot;100&quot;,&quot;shutter_speed&quot;:&quot;0.16666666666667&quot;,&quot;title&quot;:&quot;&quot;,&quot;orientation&quot;:&quot;1&quot;}\" data-image-title=\"La Brigade des cauchemars T1\" data-image-description=\"\" data-image-caption=\"\" data-large-file=\"https:\/\/i0.wp.com\/www.jojoenherbe.com\/wp-content\/uploads\/2020\/10\/La-Brigade-des-cauchemars-T1-scaled.jpg?fit=676%2C577\" class=\"alignleft size-thumbnail wp-image-12778\" src=\"https:\/\/i0.wp.com\/www.jojoenherbe.com\/wp-content\/uploads\/2020\/10\/La-Brigade-des-cauchemars-T1.jpg?resize=150%2C150\" alt=\"\" width=\"150\" height=\"150\" srcset=\"https:\/\/i0.wp.com\/www.jojoenherbe.com\/wp-content\/uploads\/2020\/10\/La-Brigade-des-cauchemars-T1-scaled.jpg?resize=150%2C150 150w, https:\/\/i0.wp.com\/www.jojoenherbe.com\/wp-content\/uploads\/2020\/10\/La-Brigade-des-cauchemars-T1-scaled.jpg?zoom=2&amp;resize=150%2C150 300w, https:\/\/i0.wp.com\/www.jojoenherbe.com\/wp-content\/uploads\/2020\/10\/La-Brigade-des-cauchemars-T1-scaled.jpg?zoom=3&amp;resize=150%2C150 450w\" sizes=\"auto, (max-width: 150px) 100vw, 150px\" \/><\/a>7 octobre\/ BD jeunesse: une LC avec le tome 1 de <a href=\"http:\/\/www.jojoenherbe.com\/index.php\/2020\/10\/07\/au-fil-des-pages-avec-le-tome-1-de-la-brigade-des-cauchemars\/\"><span style=\"text-decoration: underline;\">La Brigade des cauchemars, Sarah<\/span><\/a> de Franck Thilliez, Yomgui Dumont et Drac (\u00e9d. Jungle, coll. Frissons, 2017, r\u00e9\u00e9d. 2020), une BD jeunesse \u00e0 partir de 11 ans voire pour des lecteurs un peu plus grands<br \/>\n<\/em><\/li>\n<li style=\"text-align: justify;\"><em>Album jeunesse\u00a0 &#8211; \u00ab\u00a0Monstre\u00a0\u00bb: <a href=\"http:\/\/www.jojoenherbe.com\/index.php\/2020\/10\/07\/au-fil-des-pages-avec-plus-gros-que-le-ventre\/\"><span style=\"text-decoration: underline;\">Plus gros que le ventre<\/span><\/a> de Micha\u00ebl Escoffier et Amandine Piu (\u00e9d. Frimousse, 2017), un album jeunesse \u00e0 partir de 3 ans<\/em><\/li>\n<li style=\"text-align: justify;\"><em>BD jeunesse &#8211; \u00ab\u00a0Esprit\u00a0\u00bb: le tome 1 d\u2019<a href=\"http:\/\/www.jojoenherbe.com\/index.php\/2020\/10\/08\/au-fil-des-pages-avec-le-tome-1-deli-gaston\/\"><span style=\"text-decoration: underline;\">Eli &amp; Gaston, L\u2019esprit de l\u2019automne<\/span><\/a> de Ludovic Villain et C\u00e9line Deregnaucourt (\u00e9d. Ankama, 2019), une BD jeunesse \u00e0 partir de 7 ans<\/em><\/li>\n<\/ul>\n<p style=\"text-align: justify;\"><em><a href=\"https:\/\/i0.wp.com\/www.jojoenherbe.com\/wp-content\/uploads\/2020\/10\/Selection-Ogres-scaled.jpg\"><img data-recalc-dims=\"1\" loading=\"lazy\" decoding=\"async\" data-attachment-id=\"12738\" data-permalink=\"http:\/\/www.jojoenherbe.com\/index.php\/2020\/10\/06\/notre-selection-fuyons-les-ogres-du-challenge-halloween\/selection-ogres\/\" data-orig-file=\"https:\/\/i0.wp.com\/www.jojoenherbe.com\/wp-content\/uploads\/2020\/10\/Selection-Ogres-scaled.jpg?fit=2560%2C1920\" data-orig-size=\"2560,1920\" data-comments-opened=\"1\" data-image-meta=\"{&quot;aperture&quot;:&quot;1.8&quot;,&quot;credit&quot;:&quot;&quot;,&quot;camera&quot;:&quot;iPhone 7&quot;,&quot;caption&quot;:&quot;&quot;,&quot;created_timestamp&quot;:&quot;1601978930&quot;,&quot;copyright&quot;:&quot;&quot;,&quot;focal_length&quot;:&quot;3.99&quot;,&quot;iso&quot;:&quot;100&quot;,&quot;shutter_speed&quot;:&quot;0.11111111111111&quot;,&quot;title&quot;:&quot;&quot;,&quot;orientation&quot;:&quot;1&quot;}\" data-image-title=\"S\u00e9lection Ogres\" data-image-description=\"\" data-image-caption=\"\" data-large-file=\"https:\/\/i0.wp.com\/www.jojoenherbe.com\/wp-content\/uploads\/2020\/10\/Selection-Ogres-scaled.jpg?fit=676%2C507\" class=\"size-thumbnail wp-image-12738 alignright\" src=\"https:\/\/i0.wp.com\/www.jojoenherbe.com\/wp-content\/uploads\/2020\/10\/Selection-Ogres.jpg?resize=150%2C150\" alt=\"\" width=\"150\" height=\"150\" srcset=\"https:\/\/i0.wp.com\/www.jojoenherbe.com\/wp-content\/uploads\/2020\/10\/Selection-Ogres-scaled.jpg?resize=150%2C150 150w, https:\/\/i0.wp.com\/www.jojoenherbe.com\/wp-content\/uploads\/2020\/10\/Selection-Ogres-scaled.jpg?zoom=2&amp;resize=150%2C150 300w, https:\/\/i0.wp.com\/www.jojoenherbe.com\/wp-content\/uploads\/2020\/10\/Selection-Ogres-scaled.jpg?zoom=3&amp;resize=150%2C150 450w\" sizes=\"auto, (max-width: 150px) 100vw, 150px\" \/><\/a>Le 6 octobre 2020, apr\u00e8s une s\u00e9lection \u00ab\u00a0Sorci\u00e8res\u00a0\u00bb, je fais pour la th\u00e9matique \u00ab\u00a0Fuyons les ogres\u00a0\u00bb en lien avec le Challenge Contes et L\u00e9gendes de Bidib, \u00ab\u00a0Au pays des ogres\u00a0\u00bb, une <a href=\"http:\/\/www.jojoenherbe.com\/index.php\/2020\/10\/06\/notre-selection-fuyons-les-ogres-du-challenge-halloween\/\">s\u00e9lection \u00ab\u00a0Ogres\u00a0\u00bb<\/a>.<\/em><\/p>\n<p style=\"text-align: justify;\"><em><a href=\"https:\/\/i0.wp.com\/www.jojoenherbe.com\/wp-content\/uploads\/2020\/10\/Pelagie-la-sorciere-4-scaled.jpg\"><img data-recalc-dims=\"1\" loading=\"lazy\" decoding=\"async\" data-attachment-id=\"12756\" data-permalink=\"http:\/\/www.jojoenherbe.com\/index.php\/2020\/10\/06\/au-fil-des-pages-avec-pelagie-la-sorciere\/pelagie-la-sorciere-4\/\" data-orig-file=\"https:\/\/i0.wp.com\/www.jojoenherbe.com\/wp-content\/uploads\/2020\/10\/Pelagie-la-sorciere-4-scaled.jpg?fit=2560%2C1920\" data-orig-size=\"2560,1920\" data-comments-opened=\"1\" data-image-meta=\"{&quot;aperture&quot;:&quot;1.8&quot;,&quot;credit&quot;:&quot;&quot;,&quot;camera&quot;:&quot;iPhone 7&quot;,&quot;caption&quot;:&quot;&quot;,&quot;created_timestamp&quot;:&quot;1602007627&quot;,&quot;copyright&quot;:&quot;&quot;,&quot;focal_length&quot;:&quot;3.99&quot;,&quot;iso&quot;:&quot;100&quot;,&quot;shutter_speed&quot;:&quot;0.16666666666667&quot;,&quot;title&quot;:&quot;&quot;,&quot;orientation&quot;:&quot;1&quot;}\" data-image-title=\"P\u00e9lagie la sorci\u00e8re 4\" data-image-description=\"\" data-image-caption=\"\" data-large-file=\"https:\/\/i0.wp.com\/www.jojoenherbe.com\/wp-content\/uploads\/2020\/10\/Pelagie-la-sorciere-4-scaled.jpg?fit=676%2C507\" class=\"size-thumbnail wp-image-12756 alignleft\" src=\"https:\/\/i0.wp.com\/www.jojoenherbe.com\/wp-content\/uploads\/2020\/10\/Pelagie-la-sorciere-4.jpg?resize=150%2C150\" alt=\"\" width=\"150\" height=\"150\" srcset=\"https:\/\/i0.wp.com\/www.jojoenherbe.com\/wp-content\/uploads\/2020\/10\/Pelagie-la-sorciere-4-scaled.jpg?resize=150%2C150 150w, https:\/\/i0.wp.com\/www.jojoenherbe.com\/wp-content\/uploads\/2020\/10\/Pelagie-la-sorciere-4-scaled.jpg?zoom=2&amp;resize=150%2C150 300w, https:\/\/i0.wp.com\/www.jojoenherbe.com\/wp-content\/uploads\/2020\/10\/Pelagie-la-sorciere-4-scaled.jpg?zoom=3&amp;resize=150%2C150 450w\" sizes=\"auto, (max-width: 150px) 100vw, 150px\" \/><\/a><\/em><\/p>\n<p><img data-recalc-dims=\"1\" loading=\"lazy\" decoding=\"async\" class=\"wp-image-17830 alignleft\" src=\"https:\/\/sylectures.files.wordpress.com\/2015\/09\/logohalloweenbrico.jpg?w=125&#038;h=152&#038;fit=125%2C152&#038;resize=106%2C131\" alt=\"\" width=\"106\" height=\"131\" data-attachment-id=\"17830\" data-permalink=\"https:\/\/sylectures.wordpress.com\/2015\/10\/26\/mauricedoudou-sock-zombie\/logohalloweenbrico\/\" data-orig-file=\"https:\/\/sylectures.files.wordpress.com\/2015\/09\/logohalloweenbrico.jpg\" data-orig-size=\"300,373\" data-comments-opened=\"1\" data-image-meta=\"{&quot;aperture&quot;:&quot;0&quot;,&quot;credit&quot;:&quot;&quot;,&quot;camera&quot;:&quot;&quot;,&quot;caption&quot;:&quot;&quot;,&quot;created_timestamp&quot;:&quot;0&quot;,&quot;copyright&quot;:&quot;&quot;,&quot;focal_length&quot;:&quot;0&quot;,&quot;iso&quot;:&quot;0&quot;,&quot;shutter_speed&quot;:&quot;0&quot;,&quot;title&quot;:&quot;&quot;,&quot;orientation&quot;:&quot;0&quot;}\" data-image-title=\"logohalloweenbrico\" data-image-description=\"\" data-medium-file=\"https:\/\/sylectures.files.wordpress.com\/2015\/09\/logohalloweenbrico.jpg?w=241\" data-large-file=\"https:\/\/sylectures.files.wordpress.com\/2015\/09\/logohalloweenbrico.jpg?w=300\" \/><\/p>\n<p style=\"text-align: justify;\"><em>Cet apr\u00e8s-midi, apr\u00e8s une relecture de <span style=\"text-decoration: underline;\">P\u00e9lagie la sorci\u00e8re<\/span> de Val\u00e9rie Thomas et Korky Paul, nous participons \u00e9galement \u00e0 l&rsquo;Atelier Bricolage de Syl, comme tous les mardis du mois d&rsquo;octobre, avec une petite P\u00e9lagie DIY sur le m\u00eame mod\u00e8le que nos petites sorci\u00e8res du mois dernier.<\/em><\/p>\n<p style=\"text-align: justify;\"><em><a href=\"https:\/\/i0.wp.com\/www.jojoenherbe.com\/wp-content\/uploads\/2020\/10\/PAL-RAT-Gourmand-dHalloween-scaled.jpg\"><img data-recalc-dims=\"1\" loading=\"lazy\" decoding=\"async\" data-attachment-id=\"12833\" data-permalink=\"http:\/\/www.jojoenherbe.com\/index.php\/2020\/10\/09\/un-rat-gourmand-dhalloween-2020\/pal-rat-gourmand-dhalloween\/\" data-orig-file=\"https:\/\/i0.wp.com\/www.jojoenherbe.com\/wp-content\/uploads\/2020\/10\/PAL-RAT-Gourmand-dHalloween-scaled.jpg?fit=2560%2C1641\" data-orig-size=\"2560,1641\" data-comments-opened=\"1\" data-image-meta=\"{&quot;aperture&quot;:&quot;1.8&quot;,&quot;credit&quot;:&quot;&quot;,&quot;camera&quot;:&quot;iPhone 7&quot;,&quot;caption&quot;:&quot;&quot;,&quot;created_timestamp&quot;:&quot;1602237250&quot;,&quot;copyright&quot;:&quot;&quot;,&quot;focal_length&quot;:&quot;3.99&quot;,&quot;iso&quot;:&quot;100&quot;,&quot;shutter_speed&quot;:&quot;0.071428571428571&quot;,&quot;title&quot;:&quot;&quot;,&quot;orientation&quot;:&quot;1&quot;}\" data-image-title=\"PAL RAT Gourmand d&amp;rsquo;Halloween\" data-image-description=\"\" data-image-caption=\"\" data-large-file=\"https:\/\/i0.wp.com\/www.jojoenherbe.com\/wp-content\/uploads\/2020\/10\/PAL-RAT-Gourmand-dHalloween-scaled.jpg?fit=676%2C433\" class=\"size-thumbnail wp-image-12833 alignright\" src=\"https:\/\/i0.wp.com\/www.jojoenherbe.com\/wp-content\/uploads\/2020\/10\/PAL-RAT-Gourmand-dHalloween.jpg?resize=150%2C150\" alt=\"\" width=\"150\" height=\"150\" srcset=\"https:\/\/i0.wp.com\/www.jojoenherbe.com\/wp-content\/uploads\/2020\/10\/PAL-RAT-Gourmand-dHalloween-scaled.jpg?resize=150%2C150 150w, https:\/\/i0.wp.com\/www.jojoenherbe.com\/wp-content\/uploads\/2020\/10\/PAL-RAT-Gourmand-dHalloween-scaled.jpg?zoom=2&amp;resize=150%2C150 300w, https:\/\/i0.wp.com\/www.jojoenherbe.com\/wp-content\/uploads\/2020\/10\/PAL-RAT-Gourmand-dHalloween-scaled.jpg?zoom=3&amp;resize=150%2C150 450w\" sizes=\"auto, (max-width: 150px) 100vw, 150px\" \/><\/a>Pour finir cette semaine, rien de tel qu&rsquo;un marathon de lectures. En effet, du 9 au 11 octobre 2020, c&rsquo;est un <a href=\"http:\/\/www.jojoenherbe.com\/index.php\/2020\/10\/09\/un-rat-gourmand-dhalloween-2020\/\">RAT gourmand d&rsquo;Halloween<\/a> qui est concoct\u00e9 par nos organisatrices, Hilde et Lou, en duo avec le challenge Des livres (et des \u00e9crans) de Bidib et FondantGrignote. Je vais poursuivre ma th\u00e9matique Sorci\u00e8re avec notamment des romans jeunesse.<\/em><\/p>\n<ul>\n<li style=\"text-align: justify;\"><em>10 octobre\/Album jeunesse: <a href=\"http:\/\/www.jojoenherbe.com\/index.php\/2020\/10\/10\/au-fil-des-pages-avec-comment-etre-aime-quand-on-est-un-grand-mechant-loup\/\"><span style=\"text-decoration: underline;\">Comment \u00eatre aim\u00e9 quand on est un Grand M\u00e9chant Loup?<\/span><\/a> de Christine Naumann-Villemin et Annick Masson (\u00e9d. Mijade, 2017), un album jeunesse \u00e0 partir de 3 ans<\/em><\/li>\n<\/ul>\n<p style=\"text-align: justify;\"><em><a href=\"https:\/\/i0.wp.com\/www.jojoenherbe.com\/wp-content\/uploads\/2020\/10\/guirlande-dHalloween-DIY-scaled.jpg\"><img data-recalc-dims=\"1\" loading=\"lazy\" decoding=\"async\" data-attachment-id=\"12933\" data-permalink=\"http:\/\/www.jojoenherbe.com\/index.php\/2020\/10\/14\/une-guirlande-dhalloween\/guirlande-dhalloween-diy\/\" data-orig-file=\"https:\/\/i0.wp.com\/www.jojoenherbe.com\/wp-content\/uploads\/2020\/10\/guirlande-dHalloween-DIY-scaled.jpg?fit=2560%2C1298\" data-orig-size=\"2560,1298\" data-comments-opened=\"1\" data-image-meta=\"{&quot;aperture&quot;:&quot;1.8&quot;,&quot;credit&quot;:&quot;&quot;,&quot;camera&quot;:&quot;iPhone 7&quot;,&quot;caption&quot;:&quot;&quot;,&quot;created_timestamp&quot;:&quot;1602663644&quot;,&quot;copyright&quot;:&quot;&quot;,&quot;focal_length&quot;:&quot;3.99&quot;,&quot;iso&quot;:&quot;50&quot;,&quot;shutter_speed&quot;:&quot;0.066666666666667&quot;,&quot;title&quot;:&quot;&quot;,&quot;orientation&quot;:&quot;0&quot;}\" data-image-title=\"guirlande d&amp;rsquo;Halloween DIY\" data-image-description=\"\" data-image-caption=\"\" data-large-file=\"https:\/\/i0.wp.com\/www.jojoenherbe.com\/wp-content\/uploads\/2020\/10\/guirlande-dHalloween-DIY-scaled.jpg?fit=676%2C343\" class=\"alignleft size-thumbnail wp-image-12933\" src=\"https:\/\/i0.wp.com\/www.jojoenherbe.com\/wp-content\/uploads\/2020\/10\/guirlande-dHalloween-DIY.jpg?resize=150%2C150\" alt=\"\" width=\"150\" height=\"150\" srcset=\"https:\/\/i0.wp.com\/www.jojoenherbe.com\/wp-content\/uploads\/2020\/10\/guirlande-dHalloween-DIY-scaled.jpg?resize=150%2C150 150w, https:\/\/i0.wp.com\/www.jojoenherbe.com\/wp-content\/uploads\/2020\/10\/guirlande-dHalloween-DIY-scaled.jpg?zoom=2&amp;resize=150%2C150 300w, https:\/\/i0.wp.com\/www.jojoenherbe.com\/wp-content\/uploads\/2020\/10\/guirlande-dHalloween-DIY-scaled.jpg?zoom=3&amp;resize=150%2C150 450w\" sizes=\"auto, (max-width: 150px) 100vw, 150px\" \/><\/a>Pour ce nouveau Atelier Bricolage de Syl du 13 octobre 2020, je me suis prise un peu tard, en fin d&rsquo;apr\u00e8s-midi, pour fabriquer une guirlande d&rsquo;Halloween en feutrine. Nous la finissons mercredi matin, apr\u00e8s avoir pass\u00e9 la soir\u00e9e \u00e0 coudre les feuilles automnales.<\/em><\/p>\n<ul>\n<li style=\"text-align: justify;\"><em>13 octobre\/ Loisirs cr\u00e9atifs avec Syl: <a href=\"http:\/\/www.jojoenherbe.com\/index.php\/2020\/10\/14\/une-guirlande-dhalloween\/\">Guirlande d&rsquo;Halloween <\/a><\/em><\/li>\n<li style=\"text-align: justify;\"><em>14 octobre\/ BD jeunesse: le tome 1 de <a href=\"http:\/\/www.jojoenherbe.com\/index.php\/2020\/10\/14\/au-fil-des-pages-avec-le-tome-1-de-spooky-les-contes-de-travers\/\"><span style=\"text-decoration: underline;\">Spooky, Les contes de travers, Pension pour monstres<\/span><\/a> de Carine-M et \u00c9lian Black\u2019Mor (\u00e9d. Gl\u00e9nat, 2015), une BD jeunesse \u00e0 partir de 9 ans <\/em><\/li>\n<li style=\"text-align: justify;\"><em><a href=\"https:\/\/i0.wp.com\/www.jojoenherbe.com\/wp-content\/uploads\/2020\/10\/Les-fantomes-ne-frappent-pas-a-la-porte-scaled.jpg\"><img data-recalc-dims=\"1\" loading=\"lazy\" decoding=\"async\" data-attachment-id=\"13033\" data-permalink=\"http:\/\/www.jojoenherbe.com\/index.php\/2020\/10\/17\/au-fil-des-pages-avec-les-fantomes-ne-frappent-pas-a-la-porte\/les-fantomes-ne-frappent-pas-a-la-porte\/\" data-orig-file=\"https:\/\/i0.wp.com\/www.jojoenherbe.com\/wp-content\/uploads\/2020\/10\/Les-fantomes-ne-frappent-pas-a-la-porte-scaled.jpg?fit=2560%2C1920\" data-orig-size=\"2560,1920\" data-comments-opened=\"1\" data-image-meta=\"{&quot;aperture&quot;:&quot;1.8&quot;,&quot;credit&quot;:&quot;&quot;,&quot;camera&quot;:&quot;iPhone 7&quot;,&quot;caption&quot;:&quot;&quot;,&quot;created_timestamp&quot;:&quot;1602937731&quot;,&quot;copyright&quot;:&quot;&quot;,&quot;focal_length&quot;:&quot;3.99&quot;,&quot;iso&quot;:&quot;64&quot;,&quot;shutter_speed&quot;:&quot;0.058823529411765&quot;,&quot;title&quot;:&quot;&quot;,&quot;orientation&quot;:&quot;1&quot;}\" data-image-title=\"Les fant\u00f4mes ne frappent pas \u00e0 la porte\" data-image-description=\"\" data-image-caption=\"\" data-large-file=\"https:\/\/i0.wp.com\/www.jojoenherbe.com\/wp-content\/uploads\/2020\/10\/Les-fantomes-ne-frappent-pas-a-la-porte-scaled.jpg?fit=676%2C507\" class=\"alignright wp-image-13033 size-thumbnail\" src=\"https:\/\/i0.wp.com\/www.jojoenherbe.com\/wp-content\/uploads\/2020\/10\/Les-fantomes-ne-frappent-pas-a-la-porte.jpg?resize=150%2C150\" alt=\"\" width=\"150\" height=\"150\" srcset=\"https:\/\/i0.wp.com\/www.jojoenherbe.com\/wp-content\/uploads\/2020\/10\/Les-fantomes-ne-frappent-pas-a-la-porte-scaled.jpg?resize=150%2C150 150w, https:\/\/i0.wp.com\/www.jojoenherbe.com\/wp-content\/uploads\/2020\/10\/Les-fantomes-ne-frappent-pas-a-la-porte-scaled.jpg?zoom=2&amp;resize=150%2C150 300w, https:\/\/i0.wp.com\/www.jojoenherbe.com\/wp-content\/uploads\/2020\/10\/Les-fantomes-ne-frappent-pas-a-la-porte-scaled.jpg?zoom=3&amp;resize=150%2C150 450w\" sizes=\"auto, (max-width: 150px) 100vw, 150px\" \/><\/a>17 octobre\/ Album jeunesse &#8211; \u00ab\u00a0Fant\u00f4me\u00a0\u00bb: <a href=\"http:\/\/www.jojoenherbe.com\/index.php\/2020\/10\/17\/au-fil-des-pages-avec-les-fantomes-ne-frappent-pas-a-la-porte\/\"><span style=\"text-decoration: underline;\">Les fant\u00f4mes ne frappent pas \u00e0 la porte<\/span><\/a> d&rsquo;Eulalia Canal et Rocio Bonilla (\u00e9d. P\u00e8re Fouettard, 2020), un album jeunesse \u00e0 partir de 5 ans selon l&rsquo;\u00e9diteur voire m\u00eame avant<\/em><\/li>\n<li style=\"text-align: justify;\"><em><a href=\"https:\/\/i0.wp.com\/www.jojoenherbe.com\/wp-content\/uploads\/2020\/10\/Lombre-du-Golem-scaled.jpg\"><img data-recalc-dims=\"1\" loading=\"lazy\" decoding=\"async\" data-attachment-id=\"13048\" data-permalink=\"http:\/\/www.jojoenherbe.com\/index.php\/2020\/10\/18\/au-fil-des-pages-avec-lombre-du-golem\/lombre-du-golem\/\" data-orig-file=\"https:\/\/i0.wp.com\/www.jojoenherbe.com\/wp-content\/uploads\/2020\/10\/Lombre-du-Golem-scaled.jpg?fit=2560%2C2057\" data-orig-size=\"2560,2057\" data-comments-opened=\"1\" data-image-meta=\"{&quot;aperture&quot;:&quot;1.8&quot;,&quot;credit&quot;:&quot;&quot;,&quot;camera&quot;:&quot;iPhone 7&quot;,&quot;caption&quot;:&quot;&quot;,&quot;created_timestamp&quot;:&quot;1603045443&quot;,&quot;copyright&quot;:&quot;&quot;,&quot;focal_length&quot;:&quot;3.99&quot;,&quot;iso&quot;:&quot;125&quot;,&quot;shutter_speed&quot;:&quot;0.25&quot;,&quot;title&quot;:&quot;&quot;,&quot;orientation&quot;:&quot;1&quot;}\" data-image-title=\"L&amp;rsquo;ombre du Golem\" data-image-description=\"\" data-image-caption=\"\" data-large-file=\"https:\/\/i0.wp.com\/www.jojoenherbe.com\/wp-content\/uploads\/2020\/10\/Lombre-du-Golem-scaled.jpg?fit=676%2C543\" class=\"alignleft wp-image-13048 size-thumbnail\" src=\"https:\/\/i0.wp.com\/www.jojoenherbe.com\/wp-content\/uploads\/2020\/10\/Lombre-du-Golem.jpg?resize=150%2C150\" alt=\"\" width=\"150\" height=\"150\" srcset=\"https:\/\/i0.wp.com\/www.jojoenherbe.com\/wp-content\/uploads\/2020\/10\/Lombre-du-Golem-scaled.jpg?resize=150%2C150 150w, https:\/\/i0.wp.com\/www.jojoenherbe.com\/wp-content\/uploads\/2020\/10\/Lombre-du-Golem-scaled.jpg?zoom=2&amp;resize=150%2C150 300w, https:\/\/i0.wp.com\/www.jojoenherbe.com\/wp-content\/uploads\/2020\/10\/Lombre-du-Golem-scaled.jpg?zoom=3&amp;resize=150%2C150 450w\" sizes=\"auto, (max-width: 150px) 100vw, 150px\" \/><\/a>18 octobre: <a href=\"http:\/\/www.jojoenherbe.com\/index.php\/2020\/10\/18\/au-fil-des-pages-avec-lombre-du-golem\/\"><span style=\"text-decoration: underline;\">L\u2019ombre du Golem<\/span><\/a> d\u2019\u00c9liette Ab\u00e9cassis et Benjamin Lacombe (\u00e9d. Flammarion Jeunesse, 2017), un roman illustr\u00e9 \u00e0 partir de 13 ans. <\/em><\/li>\n<\/ul>\n<p style=\"text-align: justify;\"><em>Une nouvelle semaine du Challenge Halloween 2020 commence et nous poursuivons nos lectures, m\u00eame s&rsquo;il est vrai que je n&rsquo;ai pas pris le temps de tout chroniquer, comme ce fut d\u00e9j\u00e0 le cas l&rsquo;ann\u00e9e derni\u00e8re. J&rsquo;ai \u00e9galement rajout\u00e9 \u00e0 notre PAL des livres rep\u00e9r\u00e9s chez d&rsquo;autres participants. <\/em><\/p>\n<ul>\n<li style=\"text-align: justify;\"><em><a href=\"https:\/\/i0.wp.com\/www.jojoenherbe.com\/wp-content\/uploads\/2020\/10\/Le-petit-loup-rouge-scaled.jpg\"><img data-recalc-dims=\"1\" loading=\"lazy\" decoding=\"async\" data-attachment-id=\"12944\" data-permalink=\"http:\/\/www.jojoenherbe.com\/index.php\/2020\/10\/19\/au-fil-des-pages-avec-le-petit-loup-rouge\/le-petit-loup-rouge\/\" data-orig-file=\"https:\/\/i0.wp.com\/www.jojoenherbe.com\/wp-content\/uploads\/2020\/10\/Le-petit-loup-rouge-scaled.jpg?fit=2393%2C2560\" data-orig-size=\"2393,2560\" data-comments-opened=\"1\" data-image-meta=\"{&quot;aperture&quot;:&quot;2.4&quot;,&quot;credit&quot;:&quot;&quot;,&quot;camera&quot;:&quot;iPhone 4S&quot;,&quot;caption&quot;:&quot;&quot;,&quot;created_timestamp&quot;:&quot;1564767356&quot;,&quot;copyright&quot;:&quot;&quot;,&quot;focal_length&quot;:&quot;4.28&quot;,&quot;iso&quot;:&quot;320&quot;,&quot;shutter_speed&quot;:&quot;0.05&quot;,&quot;title&quot;:&quot;&quot;,&quot;orientation&quot;:&quot;1&quot;}\" data-image-title=\"Le petit loup rouge\" data-image-description=\"\" data-image-caption=\"\" data-large-file=\"https:\/\/i0.wp.com\/www.jojoenherbe.com\/wp-content\/uploads\/2020\/10\/Le-petit-loup-rouge-scaled.jpg?fit=676%2C723\" class=\"alignright wp-image-12944 size-thumbnail\" src=\"https:\/\/i0.wp.com\/www.jojoenherbe.com\/wp-content\/uploads\/2020\/10\/Le-petit-loup-rouge.jpg?resize=150%2C150\" alt=\"\" width=\"150\" height=\"150\" srcset=\"https:\/\/i0.wp.com\/www.jojoenherbe.com\/wp-content\/uploads\/2020\/10\/Le-petit-loup-rouge-scaled.jpg?resize=150%2C150 150w, https:\/\/i0.wp.com\/www.jojoenherbe.com\/wp-content\/uploads\/2020\/10\/Le-petit-loup-rouge-scaled.jpg?zoom=2&amp;resize=150%2C150 300w, https:\/\/i0.wp.com\/www.jojoenherbe.com\/wp-content\/uploads\/2020\/10\/Le-petit-loup-rouge-scaled.jpg?zoom=3&amp;resize=150%2C150 450w\" sizes=\"auto, (max-width: 150px) 100vw, 150px\" \/><\/a>19 octobre: <a href=\"http:\/\/www.jojoenherbe.com\/index.php\/2020\/10\/19\/au-fil-des-pages-avec-le-petit-loup-rouge\/\"><span style=\"text-decoration: underline;\">Le Petit Loup Rouge<\/span><\/a> d\u2019Am\u00e9lie Fl\u00e9chais (\u00e9d. Ankama, coll. \u00c9tincelle, 2014), un album jeunesse \u00e0 partir de 8 ans, voire un peu plus et qui d\u00e9tourne, de fa\u00e7on tout aussi sombre que le conte \u00e9crit par Charles Perrault, <span style=\"text-decoration: underline;\">Le Petit Chaperon Rouge<\/span>.<\/em><\/li>\n<\/ul>\n<p style=\"text-align: justify;\"><em>Le 20 octobre 2020, avant de faire notre Atelier Bricolage, j&rsquo;\u00e9cris une <a href=\"http:\/\/www.jojoenherbe.com\/index.php\/2020\/10\/20\/notre-selection-fantomes-pour-le-challenge-halloween\/\">s\u00e9lection \u00ab\u00a0Fant\u00f4mes\u00a0\u00bb<\/a> \u00e0 partir de nos lectures pass\u00e9es, en cours et \u00e0 venir, apr\u00e8s celles sur les sorci\u00e8res et les ogres.<\/em><\/p>\n<ul>\n<li style=\"text-align: justify;\"><em><a href=\"https:\/\/i0.wp.com\/www.jojoenherbe.com\/wp-content\/uploads\/2020\/10\/Lanternes-dautomne-3.jpg\"><img data-recalc-dims=\"1\" loading=\"lazy\" decoding=\"async\" data-attachment-id=\"13203\" data-permalink=\"http:\/\/www.jojoenherbe.com\/index.php\/2020\/10\/23\/des-lanternes-dautomne\/lanternes-dautomne-3\/\" data-orig-file=\"https:\/\/i0.wp.com\/www.jojoenherbe.com\/wp-content\/uploads\/2020\/10\/Lanternes-dautomne-3.jpg?fit=2112%2C2145\" data-orig-size=\"2112,2145\" data-comments-opened=\"1\" data-image-meta=\"{&quot;aperture&quot;:&quot;1.8&quot;,&quot;credit&quot;:&quot;&quot;,&quot;camera&quot;:&quot;iPhone 7&quot;,&quot;caption&quot;:&quot;&quot;,&quot;created_timestamp&quot;:&quot;1603306562&quot;,&quot;copyright&quot;:&quot;&quot;,&quot;focal_length&quot;:&quot;3.99&quot;,&quot;iso&quot;:&quot;125&quot;,&quot;shutter_speed&quot;:&quot;0.25&quot;,&quot;title&quot;:&quot;&quot;,&quot;orientation&quot;:&quot;1&quot;}\" data-image-title=\"Lanternes d&amp;rsquo;automne 3\" data-image-description=\"\" data-image-caption=\"\" data-large-file=\"https:\/\/i0.wp.com\/www.jojoenherbe.com\/wp-content\/uploads\/2020\/10\/Lanternes-dautomne-3.jpg?fit=676%2C687\" class=\"alignleft size-thumbnail wp-image-13203\" src=\"https:\/\/i0.wp.com\/www.jojoenherbe.com\/wp-content\/uploads\/2020\/10\/Lanternes-dautomne-3.jpg?resize=150%2C150\" alt=\"\" width=\"150\" height=\"150\" srcset=\"https:\/\/i0.wp.com\/www.jojoenherbe.com\/wp-content\/uploads\/2020\/10\/Lanternes-dautomne-3.jpg?resize=150%2C150 150w, https:\/\/i0.wp.com\/www.jojoenherbe.com\/wp-content\/uploads\/2020\/10\/Lanternes-dautomne-3.jpg?zoom=2&amp;resize=150%2C150 300w, https:\/\/i0.wp.com\/www.jojoenherbe.com\/wp-content\/uploads\/2020\/10\/Lanternes-dautomne-3.jpg?zoom=3&amp;resize=150%2C150 450w\" sizes=\"auto, (max-width: 150px) 100vw, 150px\" \/><\/a>20 octobre\/Loisirs cr\u00e9atifs avec Syl (fait en retard): des <a href=\"http:\/\/www.jojoenherbe.com\/index.php\/2020\/10\/23\/des-lanternes-dautomne\/\">lanternes d&rsquo;automne<\/a> \u00e0 partir d&rsquo;un kit cl\u00e9 en mains en attendant le soir d&rsquo;Halloween<\/em><\/li>\n<li style=\"text-align: justify;\"><em>21 octobre\/BD jeunesse: <a href=\"http:\/\/www.jojoenherbe.com\/index.php\/2020\/10\/21\/au-fil-des-pages-avec-verte\/\"><span style=\"text-decoration: underline;\">Verte<\/span><\/a> de Marie Desplechin et Magali Le Huche (\u00e9d. Rue de S\u00e8vres, 2017), l&rsquo;adaptation du roman jeunesse \u00e9ponyme \u00e0 partir de 9 ans de Marie Desplechin \u00e9galement chroniqu\u00e9<\/em><\/li>\n<li style=\"text-align: justify;\"><em>Album jeunesse &#8211; \u00ab\u00a0Ogre\u00a0\u00bb: <a href=\"http:\/\/www.jojoenherbe.com\/index.php\/2020\/10\/22\/au-fil-des-pages-avec-le-petit-poucet\/\"><span style=\"text-decoration: underline;\">Le Petit Poucet<\/span><\/a> de Charles Perrault et Jean-Marc Rochette (\u00e9d. Casterman, 2001), un album jeunesse \u00e0 partir de 6 ans<\/em><\/li>\n<li style=\"text-align: justify;\"><em><a href=\"https:\/\/i0.wp.com\/www.jojoenherbe.com\/wp-content\/uploads\/2020\/09\/Patou-la-mele-tout-9-scaled.jpg\"><img data-recalc-dims=\"1\" loading=\"lazy\" decoding=\"async\" data-attachment-id=\"13255\" data-permalink=\"http:\/\/www.jojoenherbe.com\/index.php\/2020\/09\/15\/ptit-recap-du-challenge-halloween-2020\/patou-la-mele-tout-9\/\" data-orig-file=\"https:\/\/i0.wp.com\/www.jojoenherbe.com\/wp-content\/uploads\/2020\/09\/Patou-la-mele-tout-9-scaled.jpg?fit=2560%2C1597\" data-orig-size=\"2560,1597\" data-comments-opened=\"1\" data-image-meta=\"{&quot;aperture&quot;:&quot;1.8&quot;,&quot;credit&quot;:&quot;&quot;,&quot;camera&quot;:&quot;iPhone 7&quot;,&quot;caption&quot;:&quot;&quot;,&quot;created_timestamp&quot;:&quot;1603481024&quot;,&quot;copyright&quot;:&quot;&quot;,&quot;focal_length&quot;:&quot;3.99&quot;,&quot;iso&quot;:&quot;100&quot;,&quot;shutter_speed&quot;:&quot;0.2&quot;,&quot;title&quot;:&quot;&quot;,&quot;orientation&quot;:&quot;1&quot;}\" data-image-title=\"Patou la m\u00eale-tout 9\" data-image-description=\"\" data-image-caption=\"\" data-large-file=\"https:\/\/i0.wp.com\/www.jojoenherbe.com\/wp-content\/uploads\/2020\/09\/Patou-la-mele-tout-9-scaled.jpg?fit=676%2C422\" class=\"size-thumbnail wp-image-13255 alignright\" src=\"https:\/\/i0.wp.com\/www.jojoenherbe.com\/wp-content\/uploads\/2020\/09\/Patou-la-mele-tout-9.jpg?resize=150%2C150\" alt=\"\" width=\"150\" height=\"150\" srcset=\"https:\/\/i0.wp.com\/www.jojoenherbe.com\/wp-content\/uploads\/2020\/09\/Patou-la-mele-tout-9-scaled.jpg?resize=150%2C150 150w, https:\/\/i0.wp.com\/www.jojoenherbe.com\/wp-content\/uploads\/2020\/09\/Patou-la-mele-tout-9-scaled.jpg?zoom=2&amp;resize=150%2C150 300w, https:\/\/i0.wp.com\/www.jojoenherbe.com\/wp-content\/uploads\/2020\/09\/Patou-la-mele-tout-9-scaled.jpg?zoom=3&amp;resize=150%2C150 450w\" sizes=\"auto, (max-width: 150px) 100vw, 150px\" \/><\/a>Album jeunesse &#8211; \u00ab\u00a0Sorci\u00e8re\u00a0\u00bb: <a href=\"http:\/\/www.jojoenherbe.com\/index.php\/2020\/10\/23\/au-fil-des-pages-avec-patou-la-mele-tout\/\"><span style=\"text-decoration: underline;\">Patou la m\u00eale-tout<\/span><\/a> de Lieve Baeten (\u00e9d. Mijade, 1990, r\u00e9\u00e9d. 2004), un album jeunesse \u00e0 partir de 3 ans que nous relisons et que nous prolongeons avec des activit\u00e9s dont une de graphisme. Patou est une jeune sorci\u00e8re en herbe un peu trop curieuse.<\/em><\/li>\n<li style=\"text-align: justify;\"><em>24 octobre\/ Album jeunesse &#8211; \u00ab\u00a0Ogre\u00a0\u00bb: <a href=\"http:\/\/www.jojoenherbe.com\/index.php\/2020\/10\/24\/au-fil-des-pages-avec-il-ny-a-pas-de-dragon-dans-cette-histoire\/\"><span style=\"text-decoration: underline;\">Il n&rsquo;y a pas de dragon dans cette histoire<\/span><\/a> de Lou Carter et Deborah Allwright (\u00e9d. Circonflexe, 2018), un album jeunesse \u00e0 partir de 4 ans<\/em><\/li>\n<\/ul>\n<p style=\"text-align: justify;\"><em>Continuant dans nos s\u00e9lections halloweenesques, je chronique, ce 25 octobre 2020, deux s\u00e9lections dans le th\u00e8me Contes et L\u00e9gendes avec <a href=\"http:\/\/www.jojoenherbe.com\/index.php\/2020\/10\/25\/nos-lectures-blanche-neige\/\">nos lectures <span style=\"text-decoration: underline;\">Blanche-Neige<\/span><\/a> et <a href=\"http:\/\/www.jojoenherbe.com\/index.php\/2020\/10\/25\/nos-lectures-le-petit-chaperon-rouge\/\">nos lectures <span style=\"text-decoration: underline;\">Le Petit Chaperon rouge<\/span><\/a>.<\/em><\/p>\n<p style=\"text-align: justify;\"><em><a href=\"https:\/\/i0.wp.com\/www.jojoenherbe.com\/wp-content\/uploads\/2020\/10\/Hibou-en-feutrine-scaled.jpg\"><img data-recalc-dims=\"1\" loading=\"lazy\" decoding=\"async\" data-attachment-id=\"13381\" data-permalink=\"http:\/\/www.jojoenherbe.com\/index.php\/2020\/10\/27\/une-peluche-hibou-en-feutrine\/hibou-en-feutrine\/\" data-orig-file=\"https:\/\/i0.wp.com\/www.jojoenherbe.com\/wp-content\/uploads\/2020\/10\/Hibou-en-feutrine-scaled.jpg?fit=2560%2C1920\" data-orig-size=\"2560,1920\" data-comments-opened=\"1\" data-image-meta=\"{&quot;aperture&quot;:&quot;1.8&quot;,&quot;credit&quot;:&quot;&quot;,&quot;camera&quot;:&quot;iPhone 7&quot;,&quot;caption&quot;:&quot;&quot;,&quot;created_timestamp&quot;:&quot;1603818966&quot;,&quot;copyright&quot;:&quot;&quot;,&quot;focal_length&quot;:&quot;3.99&quot;,&quot;iso&quot;:&quot;40&quot;,&quot;shutter_speed&quot;:&quot;0.04&quot;,&quot;title&quot;:&quot;&quot;,&quot;orientation&quot;:&quot;1&quot;}\" data-image-title=\"Hibou en feutrine\" data-image-description=\"\" data-image-caption=\"\" data-large-file=\"https:\/\/i0.wp.com\/www.jojoenherbe.com\/wp-content\/uploads\/2020\/10\/Hibou-en-feutrine-scaled.jpg?fit=676%2C507\" class=\"alignleft size-thumbnail wp-image-13381\" src=\"https:\/\/i0.wp.com\/www.jojoenherbe.com\/wp-content\/uploads\/2020\/10\/Hibou-en-feutrine.jpg?resize=150%2C150\" alt=\"\" width=\"150\" height=\"150\" srcset=\"https:\/\/i0.wp.com\/www.jojoenherbe.com\/wp-content\/uploads\/2020\/10\/Hibou-en-feutrine-scaled.jpg?resize=150%2C150 150w, https:\/\/i0.wp.com\/www.jojoenherbe.com\/wp-content\/uploads\/2020\/10\/Hibou-en-feutrine-scaled.jpg?zoom=2&amp;resize=150%2C150 300w, https:\/\/i0.wp.com\/www.jojoenherbe.com\/wp-content\/uploads\/2020\/10\/Hibou-en-feutrine-scaled.jpg?zoom=3&amp;resize=150%2C150 450w\" sizes=\"auto, (max-width: 150px) 100vw, 150px\" \/><\/a>Ce 27 octobre, nous faisons un nouvel Atelier Bricolage le matin en reprenant l&rsquo;id\u00e9e de chouette d&rsquo;Isabelle et de Syl. Nous faisons \u00e0 quatre mains une petite <a href=\"http:\/\/www.jojoenherbe.com\/index.php\/2020\/10\/27\/une-peluche-hibou-en-feutrine\/\">peluche Hibou en feutrine<\/a> en s&rsquo;inspirant du personnage de Georges Hibou d&rsquo;<span style=\"text-decoration: underline;\">Edmond et ses amis<\/span>.<\/em><\/p>\n<ul>\n<li style=\"text-align: justify;\"><em>Documentaire jeunesse: <a href=\"http:\/\/www.jojoenherbe.com\/index.php\/2020\/10\/27\/au-fil-des-pages-avec-halloween-sorcieres-lutins-fantomes-et-autres-croquemitaines\/\"><span style=\"text-decoration: underline;\">Halloween, Sorci\u00e8res, Lutins, Fant\u00f4mes et autres Croquemitaines<\/span><\/a> de Patrick J\u00e9z\u00e9quel, B\u00e9n\u00e9dicte Morant, Jean-Baptiste Monge et Erl\u00e9 Ferronni\u00e8re (\u00e9d. Avis de temp\u00eate, 1998), un documentaire \u00e0 partir de 13 ans.<\/em><\/li>\n<li style=\"text-align: justify;\"><em><a href=\"https:\/\/i0.wp.com\/www.jojoenherbe.com\/wp-content\/uploads\/2020\/10\/Les-lettres-de-Mortimer-scaled.jpg\"><img data-recalc-dims=\"1\" loading=\"lazy\" decoding=\"async\" data-attachment-id=\"13404\" data-permalink=\"http:\/\/www.jojoenherbe.com\/index.php\/2020\/10\/28\/au-fil-des-pages-avec-les-lettres-de-mortimer-ma-sorciere-mexaspere\/les-lettres-de-mortimer\/\" data-orig-file=\"https:\/\/i0.wp.com\/www.jojoenherbe.com\/wp-content\/uploads\/2020\/10\/Les-lettres-de-Mortimer-scaled.jpg?fit=2560%2C1920\" data-orig-size=\"2560,1920\" data-comments-opened=\"1\" data-image-meta=\"{&quot;aperture&quot;:&quot;1.8&quot;,&quot;credit&quot;:&quot;&quot;,&quot;camera&quot;:&quot;iPhone 7&quot;,&quot;caption&quot;:&quot;&quot;,&quot;created_timestamp&quot;:&quot;1603633380&quot;,&quot;copyright&quot;:&quot;&quot;,&quot;focal_length&quot;:&quot;3.99&quot;,&quot;iso&quot;:&quot;100&quot;,&quot;shutter_speed&quot;:&quot;0.25&quot;,&quot;title&quot;:&quot;&quot;,&quot;orientation&quot;:&quot;1&quot;}\" data-image-title=\"Les lettres de Mortimer\" data-image-description=\"\" data-image-caption=\"\" data-large-file=\"https:\/\/i0.wp.com\/www.jojoenherbe.com\/wp-content\/uploads\/2020\/10\/Les-lettres-de-Mortimer-scaled.jpg?fit=676%2C507\" class=\"size-thumbnail wp-image-13404 alignright\" src=\"https:\/\/i0.wp.com\/www.jojoenherbe.com\/wp-content\/uploads\/2020\/10\/Les-lettres-de-Mortimer.jpg?resize=150%2C150\" alt=\"\" width=\"150\" height=\"150\" srcset=\"https:\/\/i0.wp.com\/www.jojoenherbe.com\/wp-content\/uploads\/2020\/10\/Les-lettres-de-Mortimer-scaled.jpg?resize=150%2C150 150w, https:\/\/i0.wp.com\/www.jojoenherbe.com\/wp-content\/uploads\/2020\/10\/Les-lettres-de-Mortimer-scaled.jpg?zoom=2&amp;resize=150%2C150 300w, https:\/\/i0.wp.com\/www.jojoenherbe.com\/wp-content\/uploads\/2020\/10\/Les-lettres-de-Mortimer-scaled.jpg?zoom=3&amp;resize=150%2C150 450w\" sizes=\"auto, (max-width: 150px) 100vw, 150px\" \/><\/a>Album jeunesse: <a href=\"http:\/\/www.jojoenherbe.com\/index.php\/2020\/10\/28\/au-fil-des-pages-avec-les-lettres-de-mortimer-ma-sorciere-mexaspere\/\"><span style=\"text-decoration: underline;\">Les lettres de Mortimer: Ma sorci\u00e8re m\u2019exasp\u00e8re!<\/span><\/a> d\u2019Hiawyn Oram et Sarah Warburton (\u00e9d. Gr\u00fcnd, 2009), un album jeunesse \u00e0 rabats \u00e0 partir de 5 ans. <\/em><\/li>\n<li style=\"text-align: justify;\"><em>28 octobre\/BD jeunesse: le tome 1 de <a href=\"http:\/\/www.jojoenherbe.com\/index.php\/2020\/10\/28\/au-fil-des-pages-avec-le-tome-1-de-sorcieres-sorcieres\/\"><span style=\"text-decoration: underline;\">Sorci\u00e8res Sorci\u00e8res, Le myst\u00e8re du jeteur de sorts<\/span><\/a> de Joris Chamblain et Lucile Thibaudier (\u00e9d. Kennes, 2014), une BD jeunesse \u00e0 partir de 6 ans.<br \/>\n<\/em><\/li>\n<li><em>Album jeunesse: <a href=\"http:\/\/www.jojoenherbe.com\/index.php\/2020\/10\/31\/au-fil-des-pages-avec-occupe\/\"><span style=\"text-decoration: underline;\">Occup\u00e9<\/span><\/a> de Matthieu Maudet (\u00e9d. L\u2019\u00e9cole des loisirs, coll. Loulou &amp; Cie, 2020), un album jeunesse cartonn\u00e9 pour les tout-petits<\/em><\/li>\n<li style=\"text-align: justify;\"><em>31 octobre\/Album jeunesse: <a href=\"http:\/\/www.jojoenherbe.com\/index.php\/2020\/10\/31\/au-fil-des-pages-avec-le-balai-magique\/\"><span style=\"text-decoration: underline;\">Le balai magique<\/span><\/a> de Chris Van Allsburg (\u00e9d. L&rsquo;\u00e9cole des loisirs, 1993), un album jeunesse \u00e0 partir de 8 ans.<\/em><\/li>\n<\/ul>\n<p style=\"text-align: justify;\"><em><a href=\"https:\/\/i0.wp.com\/www.jojoenherbe.com\/wp-content\/uploads\/2020\/09\/Chasse-aux-bonbons-scaled.jpg\"><img data-recalc-dims=\"1\" loading=\"lazy\" decoding=\"async\" data-attachment-id=\"13488\" data-permalink=\"http:\/\/www.jojoenherbe.com\/index.php\/2020\/09\/15\/ptit-recap-du-challenge-halloween-2020\/chasse-aux-bonbons\/\" data-orig-file=\"https:\/\/i0.wp.com\/www.jojoenherbe.com\/wp-content\/uploads\/2020\/09\/Chasse-aux-bonbons-scaled.jpg?fit=2560%2C1722\" data-orig-size=\"2560,1722\" data-comments-opened=\"1\" data-image-meta=\"{&quot;aperture&quot;:&quot;1.8&quot;,&quot;credit&quot;:&quot;&quot;,&quot;camera&quot;:&quot;iPhone 7&quot;,&quot;caption&quot;:&quot;&quot;,&quot;created_timestamp&quot;:&quot;1604159273&quot;,&quot;copyright&quot;:&quot;&quot;,&quot;focal_length&quot;:&quot;3.99&quot;,&quot;iso&quot;:&quot;100&quot;,&quot;shutter_speed&quot;:&quot;0.16666666666667&quot;,&quot;title&quot;:&quot;&quot;,&quot;orientation&quot;:&quot;0&quot;}\" data-image-title=\"Chasse aux bonbons\" data-image-description=\"\" data-image-caption=\"\" data-large-file=\"https:\/\/i0.wp.com\/www.jojoenherbe.com\/wp-content\/uploads\/2020\/09\/Chasse-aux-bonbons-scaled.jpg?fit=676%2C455\" class=\"alignleft size-thumbnail wp-image-13488\" src=\"https:\/\/i0.wp.com\/www.jojoenherbe.com\/wp-content\/uploads\/2020\/09\/Chasse-aux-bonbons.jpg?resize=150%2C150\" alt=\"\" width=\"150\" height=\"150\" srcset=\"https:\/\/i0.wp.com\/www.jojoenherbe.com\/wp-content\/uploads\/2020\/09\/Chasse-aux-bonbons-scaled.jpg?resize=150%2C150 150w, https:\/\/i0.wp.com\/www.jojoenherbe.com\/wp-content\/uploads\/2020\/09\/Chasse-aux-bonbons-scaled.jpg?zoom=2&amp;resize=150%2C150 300w, https:\/\/i0.wp.com\/www.jojoenherbe.com\/wp-content\/uploads\/2020\/09\/Chasse-aux-bonbons-scaled.jpg?zoom=3&amp;resize=150%2C150 450w\" sizes=\"auto, (max-width: 150px) 100vw, 150px\" \/><\/a>En ce 31 octobre 2020, nous f\u00eatons Halloween confin\u00e9 en faisant l&rsquo;apr\u00e8s-midi une chasse au tr\u00e9sor, l&rsquo;objectif \u00e9tant de faire trois activit\u00e9s pour trouver trois indices cach\u00e9s dans des livres. Et le tr\u00e9sor? Des bonbons et des chocolats.<\/em><\/p>\n<p style=\"text-align: justify;\"><em>Mais est-ce la fin de l&rsquo;\u00e9dition 2020 du Challenge Halloween? Et bien non puisque nous pouvons jouer les prolongations jusqu&rsquo;au 15 novembre 2020. Je vais essayer durer cette quinzaine suppl\u00e9mentaire de r\u00e9diger les articles de nos derni\u00e8res lectures halloweenesques d&rsquo;octobre avec une lecture commune du tome 2 de <span style=\"text-decoration: underline;\">Spooky<\/span> le 4 novembre 2020 avec Hilde.<\/em><\/p>\n<p style=\"text-align: justify;\"><em><a href=\"https:\/\/i0.wp.com\/www.jojoenherbe.com\/wp-content\/uploads\/2020\/09\/Carte-de-Hilde-scaled.jpg\"><img data-recalc-dims=\"1\" loading=\"lazy\" decoding=\"async\" data-attachment-id=\"13636\" data-permalink=\"http:\/\/www.jojoenherbe.com\/index.php\/2020\/09\/15\/ptit-recap-du-challenge-halloween-2020\/carte-de-hilde\/\" data-orig-file=\"https:\/\/i0.wp.com\/www.jojoenherbe.com\/wp-content\/uploads\/2020\/09\/Carte-de-Hilde-scaled.jpg?fit=2560%2C2213\" data-orig-size=\"2560,2213\" data-comments-opened=\"1\" data-image-meta=\"{&quot;aperture&quot;:&quot;1.8&quot;,&quot;credit&quot;:&quot;&quot;,&quot;camera&quot;:&quot;iPhone 7&quot;,&quot;caption&quot;:&quot;&quot;,&quot;created_timestamp&quot;:&quot;1604318457&quot;,&quot;copyright&quot;:&quot;&quot;,&quot;focal_length&quot;:&quot;3.99&quot;,&quot;iso&quot;:&quot;100&quot;,&quot;shutter_speed&quot;:&quot;0.11111111111111&quot;,&quot;title&quot;:&quot;&quot;,&quot;orientation&quot;:&quot;0&quot;}\" data-image-title=\"Carte de Hilde\" data-image-description=\"\" data-image-caption=\"\" data-large-file=\"https:\/\/i0.wp.com\/www.jojoenherbe.com\/wp-content\/uploads\/2020\/09\/Carte-de-Hilde-scaled.jpg?fit=676%2C584\" class=\"size-thumbnail wp-image-13636 alignright\" src=\"https:\/\/i0.wp.com\/www.jojoenherbe.com\/wp-content\/uploads\/2020\/09\/Carte-de-Hilde.jpg?resize=150%2C150\" alt=\"\" width=\"150\" height=\"150\" srcset=\"https:\/\/i0.wp.com\/www.jojoenherbe.com\/wp-content\/uploads\/2020\/09\/Carte-de-Hilde-scaled.jpg?resize=150%2C150 150w, https:\/\/i0.wp.com\/www.jojoenherbe.com\/wp-content\/uploads\/2020\/09\/Carte-de-Hilde-scaled.jpg?zoom=2&amp;resize=150%2C150 300w, https:\/\/i0.wp.com\/www.jojoenherbe.com\/wp-content\/uploads\/2020\/09\/Carte-de-Hilde-scaled.jpg?zoom=3&amp;resize=150%2C150 450w\" sizes=\"auto, (max-width: 150px) 100vw, 150px\" \/><\/a>Pour commencer cette avant-derni\u00e8re semaine du challenge, <span class=\"\">quel plaisir d\u2019ouvrir sa bo\u00eete aux lettres pour d\u00e9couvrir cette tr\u00e8s jolie carte d&rsquo;Hilde avec des autocollants (merci beaucoup!).<\/span><\/em><\/p>\n<ul>\n<li style=\"text-align: justify;\"><em>BD jeunesse: les deux premiers tomes de <a href=\"http:\/\/www.jojoenherbe.com\/index.php\/2020\/11\/01\/au-fil-des-pages-avec-sorceline\/\"><span style=\"text-decoration: underline;\">Sorceline<\/span><\/a>:\u00a0 le tome 1, <span style=\"text-decoration: underline;\">Un jour, je serai fantasticologue!<\/span> de Sylvia Douy\u00e9 et Paola Antista (\u00e9d. Gl\u00e9nat, coll. Vents d\u2019Ouest, 2018) et le tome 2, <span style=\"text-decoration: underline;\">La fille qui aimait les animonstres<\/span> (m\u00eame \u00e9diteur, 2019), des BD jeunesse \u00e0 partir de 9\/10 ans.<\/em><\/li>\n<li style=\"text-align: justify;\"><em>Album jeunesse: <a href=\"http:\/\/www.jojoenherbe.com\/index.php\/2020\/11\/02\/au-fil-des-pages-avec-a-linterieur-des-mechants\/\"><span style=\"text-decoration: underline;\">\u00c0 l\u2019int\u00e9rieur des m\u00e9chants<\/span><\/a> de Clotilde Perrin (\u00e9d. Seuil Jeunesse, 2016), un album jeunesse pop-up au tr\u00e8s grand format \u00e0 partir de 3 ans et qui s&rsquo;int\u00e9resse aux loups, ogres et sorci\u00e8res.<\/em><\/li>\n<li style=\"text-align: justify;\"><em>4 novembre\/ BD jeunesse: le tome 2 de <a href=\"http:\/\/www.jojoenherbe.com\/index.php\/2020\/11\/04\/au-fil-des-pages-avec-le-tome-2-de-spooky-les-contes-de-travers\/\"><span style=\"text-decoration: underline;\">Spooky, Les contes de travers, Charmant vampire<\/span><\/a> de Carine-M et \u00c9lian Black\u2019Mor (\u00e9d. Gl\u00e9nat, 2016), une BD jeunesse \u00e0 partir de 9 ans<\/em><\/li>\n<li style=\"text-align: justify;\"><em>Album jeunesse: <a href=\"http:\/\/www.jojoenherbe.com\/index.php\/2020\/11\/04\/au-fil-des-pages-avec-gare-au-monstre\/\"><span style=\"text-decoration: underline;\">Gare au monstre!<\/span><\/a> de Sunghee Shin (\u00e9d. Circonflexe, 2017), un album jeunesse \u00e0 partir de 3 ans<\/em><\/li>\n<\/ul>\n<p style=\"text-align: justify;\"><em><a href=\"https:\/\/i0.wp.com\/www.jojoenherbe.com\/wp-content\/uploads\/2020\/11\/PAL-2nd-RAT-dHalloween-scaled.jpg\"><img data-recalc-dims=\"1\" loading=\"lazy\" decoding=\"async\" data-attachment-id=\"13621\" data-permalink=\"http:\/\/www.jojoenherbe.com\/index.php\/2020\/11\/04\/un-second-rat-gourmand-et-cosy-dhalloween-2020\/pal-2nd-rat-dhalloween\/\" data-orig-file=\"https:\/\/i0.wp.com\/www.jojoenherbe.com\/wp-content\/uploads\/2020\/11\/PAL-2nd-RAT-dHalloween-scaled.jpg?fit=2560%2C1302\" data-orig-size=\"2560,1302\" data-comments-opened=\"1\" data-image-meta=\"{&quot;aperture&quot;:&quot;1.8&quot;,&quot;credit&quot;:&quot;&quot;,&quot;camera&quot;:&quot;iPhone 7&quot;,&quot;caption&quot;:&quot;&quot;,&quot;created_timestamp&quot;:&quot;1604497463&quot;,&quot;copyright&quot;:&quot;&quot;,&quot;focal_length&quot;:&quot;3.99&quot;,&quot;iso&quot;:&quot;64&quot;,&quot;shutter_speed&quot;:&quot;0.058823529411765&quot;,&quot;title&quot;:&quot;&quot;,&quot;orientation&quot;:&quot;1&quot;}\" data-image-title=\"PAL 2nd RAT d&amp;rsquo;Halloween\" data-image-description=\"\" data-image-caption=\"\" data-large-file=\"https:\/\/i0.wp.com\/www.jojoenherbe.com\/wp-content\/uploads\/2020\/11\/PAL-2nd-RAT-dHalloween-scaled.jpg?fit=676%2C344\" class=\"size-thumbnail wp-image-13621 alignleft\" src=\"https:\/\/i0.wp.com\/www.jojoenherbe.com\/wp-content\/uploads\/2020\/11\/PAL-2nd-RAT-dHalloween.jpg?resize=150%2C150\" alt=\"\" width=\"150\" height=\"150\" srcset=\"https:\/\/i0.wp.com\/www.jojoenherbe.com\/wp-content\/uploads\/2020\/11\/PAL-2nd-RAT-dHalloween-scaled.jpg?resize=150%2C150 150w, https:\/\/i0.wp.com\/www.jojoenherbe.com\/wp-content\/uploads\/2020\/11\/PAL-2nd-RAT-dHalloween-scaled.jpg?zoom=2&amp;resize=150%2C150 300w, https:\/\/i0.wp.com\/www.jojoenherbe.com\/wp-content\/uploads\/2020\/11\/PAL-2nd-RAT-dHalloween-scaled.jpg?zoom=3&amp;resize=150%2C150 450w\" sizes=\"auto, (max-width: 150px) 100vw, 150px\" \/><\/a>Enfin, pour terminer en beaut\u00e9 cette \u00e9dition 2020, un <a href=\"http:\/\/www.jojoenherbe.com\/index.php\/2020\/11\/04\/un-second-rat-gourmand-et-cosy-dhalloween-2020\/\">second RAT gourmand et cosy<\/a> est pr\u00e9vu du 6 au 8 novembre 2020. J&rsquo;ai d\u00e9j\u00e0 pr\u00e9vu mes prochaines lectures de transition entre Halloween et No\u00ebl. Les quatre organisatrices ont m\u00eame pr\u00e9vu de nouveaux d\u00e9fis lors de ce marathon. Encore un tr\u00e8s bon moment de lectures, d&rsquo;\u00e9changes et de convivialit\u00e9 dans une ambiance cosy et no\u00ebloween!<br \/>\n<\/em><\/p>\n<ul>\n<li style=\"text-align: justify;\"><em>Album jeunesse: <a href=\"http:\/\/www.jojoenherbe.com\/index.php\/2020\/11\/09\/au-fil-des-pages-avec-ouste\/\"><span style=\"text-decoration: underline;\">Ouste!<\/span><\/a> de Sally Grindley et Peter Utton (\u00e9d. L\u2019\u00e9cole des loisirs, 2013), un album jeunesse \u00e0 flaps \u00e0 partir de 3 ans<\/em><\/li>\n<li style=\"text-align: justify;\"><em>Album jeunesse: <a href=\"http:\/\/www.jojoenherbe.com\/index.php\/2020\/11\/12\/au-fil-des-pages-avec-logre-et-les-sept-freres-biquet\/\"><span style=\"text-decoration: underline;\">L\u2019ogre et les sept fr\u00e8res Biquet<\/span><\/a> de V\u00e9ronique Cauchy et Fabien \u00d6ckto Lambert (\u00e9d. Circonflexe, 2016), un album jeunesse loufoque \u00e0 partir de 5 ans qui fait la transition entre Halloween et No\u00ebl<\/em><\/li>\n<\/ul>\n<p style=\"text-align: justify;\"><em>Le 13 novembre 2020, je finis d&rsquo;\u00e9crire notre <a href=\"http:\/\/www.jojoenherbe.com\/index.php\/2020\/11\/13\/notre-selection-monstres-pour-le-challenge-halloween\/\">s\u00e9lection \u00ab\u00a0Monstres\u00a0\u00bb<\/a> \u00e0 partir de nos lectures pass\u00e9es, en cours et \u00e0 venir.<\/em><\/p>\n<ul>\n<li style=\"text-align: justify;\"><em><a href=\"https:\/\/i0.wp.com\/www.jojoenherbe.com\/wp-content\/uploads\/2020\/10\/Les-fantomes-Zen-scaled.jpg\"><img data-recalc-dims=\"1\" loading=\"lazy\" decoding=\"async\" data-attachment-id=\"13111\" data-permalink=\"http:\/\/www.jojoenherbe.com\/index.php\/2020\/10\/20\/notre-selection-fantomes-pour-le-challenge-halloween\/les-fantomes-zen\/\" data-orig-file=\"https:\/\/i0.wp.com\/www.jojoenherbe.com\/wp-content\/uploads\/2020\/10\/Les-fantomes-Zen-scaled.jpg?fit=2560%2C1920\" data-orig-size=\"2560,1920\" data-comments-opened=\"1\" data-image-meta=\"{&quot;aperture&quot;:&quot;1.8&quot;,&quot;credit&quot;:&quot;&quot;,&quot;camera&quot;:&quot;iPhone 7&quot;,&quot;caption&quot;:&quot;&quot;,&quot;created_timestamp&quot;:&quot;1597241959&quot;,&quot;copyright&quot;:&quot;&quot;,&quot;focal_length&quot;:&quot;3.99&quot;,&quot;iso&quot;:&quot;100&quot;,&quot;shutter_speed&quot;:&quot;0.16666666666667&quot;,&quot;title&quot;:&quot;&quot;,&quot;orientation&quot;:&quot;1&quot;}\" data-image-title=\"Les fant\u00f4mes Zen\" data-image-description=\"\" data-image-caption=\"\" data-large-file=\"https:\/\/i0.wp.com\/www.jojoenherbe.com\/wp-content\/uploads\/2020\/10\/Les-fantomes-Zen-scaled.jpg?fit=676%2C507\" class=\"size-thumbnail wp-image-13111 alignright\" src=\"https:\/\/i0.wp.com\/www.jojoenherbe.com\/wp-content\/uploads\/2020\/10\/Les-fantomes-Zen.jpg?resize=150%2C150\" alt=\"\" width=\"150\" height=\"150\" srcset=\"https:\/\/i0.wp.com\/www.jojoenherbe.com\/wp-content\/uploads\/2020\/10\/Les-fantomes-Zen-scaled.jpg?resize=150%2C150 150w, https:\/\/i0.wp.com\/www.jojoenherbe.com\/wp-content\/uploads\/2020\/10\/Les-fantomes-Zen-scaled.jpg?zoom=2&amp;resize=150%2C150 300w, https:\/\/i0.wp.com\/www.jojoenherbe.com\/wp-content\/uploads\/2020\/10\/Les-fantomes-Zen-scaled.jpg?zoom=3&amp;resize=150%2C150 450w\" sizes=\"auto, (max-width: 150px) 100vw, 150px\" \/><\/a>Album jeunesse: <a href=\"http:\/\/www.jojoenherbe.com\/index.php\/2020\/11\/14\/au-fil-des-pages-avec-les-fantomes-zen\/\"><span style=\"text-decoration: underline;\">Les fant\u00f4mes zen<\/span><\/a> de John J. Muth (\u00e9d. Fei, 2016), un album jeunesse \u00e0 partir de 5\/6 ans.<\/em><\/li>\n<\/ul>\n<div id=\"attachment_26980\" style=\"width: 132px\" class=\"wp-caption alignleft\"><img data-recalc-dims=\"1\" loading=\"lazy\" decoding=\"async\" aria-describedby=\"caption-attachment-26980\" class=\"wp-image-26980\" src=\"https:\/\/i0.wp.com\/www.myloubook.com\/wp-content\/uploads\/2020\/09\/logo-halloween-2020_05.jpg?resize=122%2C122\" sizes=\"auto, (max-width: 1876px) 100vw, 1876px\" srcset=\"http:\/\/www.myloubook.com\/wp-content\/uploads\/2020\/09\/logo-halloween-2020_05.jpg 1876w, http:\/\/www.myloubook.com\/wp-content\/uploads\/2020\/09\/logo-halloween-2020_05-150x150.jpg 150w, http:\/\/www.myloubook.com\/wp-content\/uploads\/2020\/09\/logo-halloween-2020_05-300x300.jpg 300w, http:\/\/www.myloubook.com\/wp-content\/uploads\/2020\/09\/logo-halloween-2020_05-768x768.jpg 768w, http:\/\/www.myloubook.com\/wp-content\/uploads\/2020\/09\/logo-halloween-2020_05-1024x1024.jpg 1024w, http:\/\/www.myloubook.com\/wp-content\/uploads\/2020\/09\/logo-halloween-2020_05-640x640.jpg 640w\" alt=\"\" width=\"122\" height=\"122\" \/><p id=\"caption-attachment-26980\" class=\"wp-caption-text\">Challenge Halloween de <a href=\"http:\/\/www.lelivroblog.fr\/archive\/2020\/09\/08\/le-challenge-halloween-2020-6262057.html\">Hilde<\/a> et <a href=\"http:\/\/www.myloubook.com\/2020\/09\/08\/challenge-halloween-2020-rendez-vous-pour-nos-11-ans\/\">Lou<\/a><\/p><\/div>\n<div id=\"attachment_12275\" style=\"width: 148px\" class=\"wp-caption alignleft\"><img data-recalc-dims=\"1\" loading=\"lazy\" decoding=\"async\" aria-describedby=\"caption-attachment-12275\" data-attachment-id=\"12275\" data-permalink=\"http:\/\/www.jojoenherbe.com\/index.php\/2020\/09\/15\/ptit-recap-du-challenge-halloween-2020\/img_8586\/\" data-orig-file=\"https:\/\/i0.wp.com\/www.jojoenherbe.com\/wp-content\/uploads\/2020\/09\/IMG_8586.jpg?fit=665%2C555\" data-orig-size=\"665,555\" data-comments-opened=\"1\" data-image-meta=\"{&quot;aperture&quot;:&quot;0&quot;,&quot;credit&quot;:&quot;&quot;,&quot;camera&quot;:&quot;&quot;,&quot;caption&quot;:&quot;&quot;,&quot;created_timestamp&quot;:&quot;1599154588&quot;,&quot;copyright&quot;:&quot;&quot;,&quot;focal_length&quot;:&quot;0&quot;,&quot;iso&quot;:&quot;0&quot;,&quot;shutter_speed&quot;:&quot;0&quot;,&quot;title&quot;:&quot;&quot;,&quot;orientation&quot;:&quot;1&quot;}\" data-image-title=\"IMG_8586\" data-image-description=\"\" data-image-caption=\"\" data-large-file=\"https:\/\/i0.wp.com\/www.jojoenherbe.com\/wp-content\/uploads\/2020\/09\/IMG_8586.jpg?fit=665%2C555\" class=\"wp-image-12275\" src=\"https:\/\/i0.wp.com\/www.jojoenherbe.com\/wp-content\/uploads\/2020\/09\/IMG_8586.jpg?resize=138%2C115\" alt=\"\" width=\"138\" height=\"115\" srcset=\"https:\/\/i0.wp.com\/www.jojoenherbe.com\/wp-content\/uploads\/2020\/09\/IMG_8586.jpg?resize=300%2C250 300w, https:\/\/i0.wp.com\/www.jojoenherbe.com\/wp-content\/uploads\/2020\/09\/IMG_8586.jpg?w=665 665w\" sizes=\"auto, (max-width: 138px) 100vw, 138px\" \/><p id=\"caption-attachment-12275\" class=\"wp-caption-text\">Logo de Syl pour le Challenge Halloween 2020<\/p><\/div>\n","protected":false},"excerpt":{"rendered":"<p>Comme l&rsquo;ann\u00e9e derni\u00e8re, je participe du 15 septembre au 15 d\u00e9cembre 2020 au Challenge Halloween organis\u00e9 par Hilde et Lou. D\u00e8s le 15 septembre, elles ouvrent les portes de leur manoir pour deux mois halloweenesques. le challenge commence en douceur par un d\u00e9poussi\u00e9rage de PAL et premi\u00e8res suggestions et ambiances automnales. Pour plus d&rsquo;infos, n&rsquo;h\u00e9sitez [&hellip;]<\/p>\n","protected":false},"author":1,"featured_media":12515,"comment_status":"open","ping_status":"open","sticky":false,"template":"","format":"standard","meta":{"jetpack_post_was_ever_published":false,"_jetpack_newsletter_access":"","_jetpack_dont_email_post_to_subs":false,"_jetpack_newsletter_tier_id":0,"_jetpack_memberships_contains_paywalled_content":false,"_jetpack_memberships_contains_paid_content":false,"footnotes":""},"categories":[873],"tags":[1796,1749,339,906,1085,367,1797],"class_list":["post-12274","post","type-post","status-publish","format-standard","has-post-thumbnail","hentry","category-mini-challenger","tag-activites-dhalloween","tag-challenge-halloween-2020","tag-halloween","tag-halloween-challenge","tag-lecture-adulte","tag-lecture-jeunesse","tag-lectures-dhalloween","post-preview"],"jetpack_featured_media_url":"https:\/\/i0.wp.com\/www.jojoenherbe.com\/wp-content\/uploads\/2020\/09\/Challenge-Halloween-2020-scaled.jpg?fit=2560%2C2533","jetpack_sharing_enabled":true,"jetpack_shortlink":"https:\/\/wp.me\/p9zhGx-3bY","jetpack_likes_enabled":true,"jetpack-related-posts":[{"id":27586,"url":"http:\/\/www.jojoenherbe.com\/index.php\/2022\/09\/14\/billet-de-suivi-challenge-halloween-2022\/","url_meta":{"origin":12274,"position":0},"title":"Billet de suivi: Challenge Halloween 2022","author":"Jojo","date":"14 septembre 2022","format":false,"excerpt":"Je participe \u00e0 nouveau cette ann\u00e9e au Challenge Halloween organis\u00e9 par Hilde et Lou et qui se d\u00e9roule du 23 septembre jusqu'en novembre 2022. D\u00e8s le 23 septembre 2022, elles ouvrent les portes de leur manoir. Le challenge commence en douceur par un d\u00e9poussi\u00e9rage de PAL, premi\u00e8res suggestions halloweenesques et\u2026","rel":"","context":"Dans &quot;Mini challenger&quot;","block_context":{"text":"Mini challenger","link":"http:\/\/www.jojoenherbe.com\/index.php\/category\/mini-challenger\/"},"img":{"alt_text":"","src":"https:\/\/i0.wp.com\/www.jojoenherbe.com\/wp-content\/uploads\/2022\/09\/Challenge-Halloween-2022.jpg?fit=1080%2C1080&resize=350%2C200","width":350,"height":200,"srcset":"https:\/\/i0.wp.com\/www.jojoenherbe.com\/wp-content\/uploads\/2022\/09\/Challenge-Halloween-2022.jpg?fit=1080%2C1080&resize=350%2C200 1x, https:\/\/i0.wp.com\/www.jojoenherbe.com\/wp-content\/uploads\/2022\/09\/Challenge-Halloween-2022.jpg?fit=1080%2C1080&resize=525%2C300 1.5x, https:\/\/i0.wp.com\/www.jojoenherbe.com\/wp-content\/uploads\/2022\/09\/Challenge-Halloween-2022.jpg?fit=1080%2C1080&resize=700%2C400 2x, https:\/\/i0.wp.com\/www.jojoenherbe.com\/wp-content\/uploads\/2022\/09\/Challenge-Halloween-2022.jpg?fit=1080%2C1080&resize=1050%2C600 3x"},"classes":[]},{"id":32125,"url":"http:\/\/www.jojoenherbe.com\/index.php\/2023\/09\/23\/billet-de-suivi-challenge-halloween-2023\/","url_meta":{"origin":12274,"position":1},"title":"Billet de suivi: Challenge Halloween 2023","author":"Jojo","date":"23 septembre 2023","format":false,"excerpt":"Je participe \u00e0 nouveau cette ann\u00e9e au Challenge Halloween organis\u00e9 par Hilde et Lou. D\u00e8s le 23 septembre 2023, nos deux vampirettes coorganisatrices ouvrent les portes non du Manoir habituel mais celles d\u2019un ch\u00e2teau en ruines en Transylvanie, les Vampires \u00e9tant \u00e0 l\u2019honneur cette ann\u00e9e.\u00a0 Le challenge commence en douceur\u2026","rel":"","context":"Dans &quot;Mini challenger&quot;","block_context":{"text":"Mini challenger","link":"http:\/\/www.jojoenherbe.com\/index.php\/category\/mini-challenger\/"},"img":{"alt_text":"","src":"https:\/\/i0.wp.com\/www.jojoenherbe.com\/wp-content\/uploads\/2023\/09\/Logo-Challenge-Halloween-2023.jpg?fit=960%2C960&resize=350%2C200","width":350,"height":200,"srcset":"https:\/\/i0.wp.com\/www.jojoenherbe.com\/wp-content\/uploads\/2023\/09\/Logo-Challenge-Halloween-2023.jpg?fit=960%2C960&resize=350%2C200 1x, https:\/\/i0.wp.com\/www.jojoenherbe.com\/wp-content\/uploads\/2023\/09\/Logo-Challenge-Halloween-2023.jpg?fit=960%2C960&resize=525%2C300 1.5x, https:\/\/i0.wp.com\/www.jojoenherbe.com\/wp-content\/uploads\/2023\/09\/Logo-Challenge-Halloween-2023.jpg?fit=960%2C960&resize=700%2C400 2x"},"classes":[]},{"id":7632,"url":"http:\/\/www.jojoenherbe.com\/index.php\/2019\/09\/27\/challenge-halloween-2019\/","url_meta":{"origin":12274,"position":2},"title":"Challenge Halloween 2019","author":"Jojo","date":"27 septembre 2019","format":false,"excerpt":"Le mois d'octobre approchant, je viens de d\u00e9couvrir un nouveau challenge diaboliquement tentant: le Challenge Halloween 2019 coorganis\u00e9 par Hilde et Lou et qui se d\u00e9roule du 27 septembre au 31 octobre 2019. Pour plus d'infos, n'h\u00e9sitez pas \u00e0 aller sur leur blog et\/ou \u00e0 y participer \u00e0 votre tour.\u2026","rel":"","context":"Dans &quot;Mini challenger&quot;","block_context":{"text":"Mini challenger","link":"http:\/\/www.jojoenherbe.com\/index.php\/category\/mini-challenger\/"},"img":{"alt_text":"","src":"https:\/\/i0.wp.com\/www.jojoenherbe.com\/wp-content\/uploads\/2019\/09\/Halloween-RAT.jpg?fit=1200%2C847&resize=350%2C200","width":350,"height":200,"srcset":"https:\/\/i0.wp.com\/www.jojoenherbe.com\/wp-content\/uploads\/2019\/09\/Halloween-RAT.jpg?fit=1200%2C847&resize=350%2C200 1x, https:\/\/i0.wp.com\/www.jojoenherbe.com\/wp-content\/uploads\/2019\/09\/Halloween-RAT.jpg?fit=1200%2C847&resize=525%2C300 1.5x, https:\/\/i0.wp.com\/www.jojoenherbe.com\/wp-content\/uploads\/2019\/09\/Halloween-RAT.jpg?fit=1200%2C847&resize=700%2C400 2x, https:\/\/i0.wp.com\/www.jojoenherbe.com\/wp-content\/uploads\/2019\/09\/Halloween-RAT.jpg?fit=1200%2C847&resize=1050%2C600 3x"},"classes":[]},{"id":32176,"url":"http:\/\/www.jojoenherbe.com\/index.php\/2023\/10\/01\/bilan-de-lecture-septembre-2023\/","url_meta":{"origin":12274,"position":3},"title":"Bilan de lecture: septembre 2023","author":"Jojo","date":"1 octobre 2023","format":false,"excerpt":"C\u2019est le premier du mois alors voici un petit retour bloguesque sur septembre 2023, un mois marqu\u00e9 par la fin des vacances estivales et la rentr\u00e9e des classes. Avec une derni\u00e8re semaine d\u2019ao\u00fbt gris\u00e2tre et pluvieuse et m\u00eame si c\u2019\u00e9tait toujours l\u2019\u00e9t\u00e9 jusqu\u2019au 23 septembre, nous nous sommes tourn\u00e9s vers\u2026","rel":"","context":"Dans &quot;Mini blogueur&quot;","block_context":{"text":"Mini blogueur","link":"http:\/\/www.jojoenherbe.com\/index.php\/category\/mini-blogueur\/"},"img":{"alt_text":"","src":"https:\/\/i0.wp.com\/www.jojoenherbe.com\/wp-content\/uploads\/2023\/09\/Selection-Septembre-2023-scaled.jpg?fit=1140%2C1200&resize=350%2C200","width":350,"height":200,"srcset":"https:\/\/i0.wp.com\/www.jojoenherbe.com\/wp-content\/uploads\/2023\/09\/Selection-Septembre-2023-scaled.jpg?fit=1140%2C1200&resize=350%2C200 1x, https:\/\/i0.wp.com\/www.jojoenherbe.com\/wp-content\/uploads\/2023\/09\/Selection-Septembre-2023-scaled.jpg?fit=1140%2C1200&resize=525%2C300 1.5x, https:\/\/i0.wp.com\/www.jojoenherbe.com\/wp-content\/uploads\/2023\/09\/Selection-Septembre-2023-scaled.jpg?fit=1140%2C1200&resize=700%2C400 2x, https:\/\/i0.wp.com\/www.jojoenherbe.com\/wp-content\/uploads\/2023\/09\/Selection-Septembre-2023-scaled.jpg?fit=1140%2C1200&resize=1050%2C600 3x"},"classes":[]},{"id":7876,"url":"http:\/\/www.jojoenherbe.com\/index.php\/2019\/11\/08\/petit-recap-du-halloween-challenge-2019\/","url_meta":{"origin":12274,"position":4},"title":"Petit r\u00e9cap&rsquo; du Halloween Challenge 2019","author":"Jojo","date":"8 novembre 2019","format":false,"excerpt":"Pour clore le Halloween Challenge 2019 de Hilde et Lou, voici un petit r\u00e9cap' du mois \u00e9coul\u00e9 avec des lectures, bricolages, d\u00e9corations halloweenesques, etc. Un mois riche en d\u00e9couvertes, en \u00e9changes et partages avec les autres participants! Le challenge a d\u00e9but\u00e9 par un premier Hallow RAT du 27 septembre minuit\u2026","rel":"","context":"Dans &quot;Mini challenger&quot;","block_context":{"text":"Mini challenger","link":"http:\/\/www.jojoenherbe.com\/index.php\/category\/mini-challenger\/"},"img":{"alt_text":"","src":"https:\/\/i0.wp.com\/www.jojoenherbe.com\/wp-content\/uploads\/2019\/11\/Halloween-Challenge-2019.jpg?fit=1200%2C798&resize=350%2C200","width":350,"height":200,"srcset":"https:\/\/i0.wp.com\/www.jojoenherbe.com\/wp-content\/uploads\/2019\/11\/Halloween-Challenge-2019.jpg?fit=1200%2C798&resize=350%2C200 1x, https:\/\/i0.wp.com\/www.jojoenherbe.com\/wp-content\/uploads\/2019\/11\/Halloween-Challenge-2019.jpg?fit=1200%2C798&resize=525%2C300 1.5x, https:\/\/i0.wp.com\/www.jojoenherbe.com\/wp-content\/uploads\/2019\/11\/Halloween-Challenge-2019.jpg?fit=1200%2C798&resize=700%2C400 2x, https:\/\/i0.wp.com\/www.jojoenherbe.com\/wp-content\/uploads\/2019\/11\/Halloween-Challenge-2019.jpg?fit=1200%2C798&resize=1050%2C600 3x"},"classes":[]},{"id":21156,"url":"http:\/\/www.jojoenherbe.com\/index.php\/2021\/10\/01\/notre-mois-bloguesque-de-septembre-2021\/","url_meta":{"origin":12274,"position":5},"title":"Notre mois bloguesque de septembre 2021","author":"Jojo","date":"1 octobre 2021","format":false,"excerpt":"C'est le d\u00e9but du mois d'octobre alors voici un petit retour bloguesque sur septembre 2021. Apr\u00e8s un mois d\u2019ao\u00fbt entre Nature et lectures, voici le temps de la rentr\u00e9e scolaire et un peu plus tard dans le mois de l\u2019automne. Nos (re)lectures estivales ont laisser place \u00e0 celles automnales. C\u00f4t\u00e9\u2026","rel":"","context":"Dans &quot;Mini blogueur&quot;","block_context":{"text":"Mini blogueur","link":"http:\/\/www.jojoenherbe.com\/index.php\/category\/mini-blogueur\/"},"img":{"alt_text":"","src":"https:\/\/i0.wp.com\/www.jojoenherbe.com\/wp-content\/uploads\/2021\/09\/Selection-septembre-2021-scaled.jpg?fit=1200%2C900&resize=350%2C200","width":350,"height":200,"srcset":"https:\/\/i0.wp.com\/www.jojoenherbe.com\/wp-content\/uploads\/2021\/09\/Selection-septembre-2021-scaled.jpg?fit=1200%2C900&resize=350%2C200 1x, https:\/\/i0.wp.com\/www.jojoenherbe.com\/wp-content\/uploads\/2021\/09\/Selection-septembre-2021-scaled.jpg?fit=1200%2C900&resize=525%2C300 1.5x, https:\/\/i0.wp.com\/www.jojoenherbe.com\/wp-content\/uploads\/2021\/09\/Selection-septembre-2021-scaled.jpg?fit=1200%2C900&resize=700%2C400 2x, https:\/\/i0.wp.com\/www.jojoenherbe.com\/wp-content\/uploads\/2021\/09\/Selection-septembre-2021-scaled.jpg?fit=1200%2C900&resize=1050%2C600 3x"},"classes":[]}],"_links":{"self":[{"href":"http:\/\/www.jojoenherbe.com\/index.php\/wp-json\/wp\/v2\/posts\/12274","targetHints":{"allow":["GET"]}}],"collection":[{"href":"http:\/\/www.jojoenherbe.com\/index.php\/wp-json\/wp\/v2\/posts"}],"about":[{"href":"http:\/\/www.jojoenherbe.com\/index.php\/wp-json\/wp\/v2\/types\/post"}],"author":[{"embeddable":true,"href":"http:\/\/www.jojoenherbe.com\/index.php\/wp-json\/wp\/v2\/users\/1"}],"replies":[{"embeddable":true,"href":"http:\/\/www.jojoenherbe.com\/index.php\/wp-json\/wp\/v2\/comments?post=12274"}],"version-history":[{"count":0,"href":"http:\/\/www.jojoenherbe.com\/index.php\/wp-json\/wp\/v2\/posts\/12274\/revisions"}],"wp:featuredmedia":[{"embeddable":true,"href":"http:\/\/www.jojoenherbe.com\/index.php\/wp-json\/wp\/v2\/media\/12515"}],"wp:attachment":[{"href":"http:\/\/www.jojoenherbe.com\/index.php\/wp-json\/wp\/v2\/media?parent=12274"}],"wp:term":[{"taxonomy":"category","embeddable":true,"href":"http:\/\/www.jojoenherbe.com\/index.php\/wp-json\/wp\/v2\/categories?post=12274"},{"taxonomy":"post_tag","embeddable":true,"href":"http:\/\/www.jojoenherbe.com\/index.php\/wp-json\/wp\/v2\/tags?post=12274"}],"curies":[{"name":"wp","href":"https:\/\/api.w.org\/{rel}","templated":true}]}}