{"id":12256,"date":"2020-09-14T16:19:28","date_gmt":"2020-09-14T14:19:28","guid":{"rendered":"http:\/\/www.jojoenherbe.com\/?p=12256"},"modified":"2025-01-26T14:06:52","modified_gmt":"2025-01-26T13:06:52","slug":"au-fil-des-pages-avec-blanche-neige-2","status":"publish","type":"post","link":"http:\/\/www.jojoenherbe.com\/index.php\/2020\/09\/14\/au-fil-des-pages-avec-blanche-neige-2\/","title":{"rendered":"Au fil des pages avec Blanche-Neige"},"content":{"rendered":"<p style=\"text-align: justify;\"><em><a href=\"https:\/\/i0.wp.com\/www.jojoenherbe.com\/wp-content\/uploads\/2020\/09\/Blanche-Neige-2-scaled.jpg\"><img data-recalc-dims=\"1\" loading=\"lazy\" decoding=\"async\" data-attachment-id=\"12258\" data-permalink=\"http:\/\/www.jojoenherbe.com\/index.php\/2020\/09\/14\/au-fil-des-pages-avec-blanche-neige-2\/blanche-neige-2-2\/\" data-orig-file=\"https:\/\/i0.wp.com\/www.jojoenherbe.com\/wp-content\/uploads\/2020\/09\/Blanche-Neige-2-scaled.jpg?fit=2560%2C1920\" data-orig-size=\"2560,1920\" data-comments-opened=\"1\" data-image-meta=\"{&quot;aperture&quot;:&quot;1.8&quot;,&quot;credit&quot;:&quot;&quot;,&quot;camera&quot;:&quot;iPhone 7&quot;,&quot;caption&quot;:&quot;&quot;,&quot;created_timestamp&quot;:&quot;1600081361&quot;,&quot;copyright&quot;:&quot;&quot;,&quot;focal_length&quot;:&quot;3.99&quot;,&quot;iso&quot;:&quot;100&quot;,&quot;shutter_speed&quot;:&quot;0.071428571428571&quot;,&quot;title&quot;:&quot;&quot;,&quot;orientation&quot;:&quot;1&quot;}\" data-image-title=\"Blanche-Neige 2\" data-image-description=\"\" data-image-caption=\"\" data-large-file=\"https:\/\/i0.wp.com\/www.jojoenherbe.com\/wp-content\/uploads\/2020\/09\/Blanche-Neige-2-scaled.jpg?fit=676%2C507\" class=\"alignleft size-thumbnail wp-image-12258\" src=\"https:\/\/i0.wp.com\/www.jojoenherbe.com\/wp-content\/uploads\/2020\/09\/Blanche-Neige-2.jpg?resize=150%2C150\" alt=\"\" width=\"150\" height=\"150\" srcset=\"https:\/\/i0.wp.com\/www.jojoenherbe.com\/wp-content\/uploads\/2020\/09\/Blanche-Neige-2-scaled.jpg?resize=150%2C150 150w, https:\/\/i0.wp.com\/www.jojoenherbe.com\/wp-content\/uploads\/2020\/09\/Blanche-Neige-2-scaled.jpg?zoom=2&amp;resize=150%2C150 300w, https:\/\/i0.wp.com\/www.jojoenherbe.com\/wp-content\/uploads\/2020\/09\/Blanche-Neige-2-scaled.jpg?zoom=3&amp;resize=150%2C150 450w\" sizes=\"auto, (max-width: 150px) 100vw, 150px\" \/><\/a> <a href=\"https:\/\/i0.wp.com\/www.jojoenherbe.com\/wp-content\/uploads\/2020\/09\/Blanche-Neige-3-scaled.jpg\"><img data-recalc-dims=\"1\" loading=\"lazy\" decoding=\"async\" data-attachment-id=\"12259\" data-permalink=\"http:\/\/www.jojoenherbe.com\/index.php\/2020\/09\/14\/au-fil-des-pages-avec-blanche-neige-2\/blanche-neige-3-2\/\" data-orig-file=\"https:\/\/i0.wp.com\/www.jojoenherbe.com\/wp-content\/uploads\/2020\/09\/Blanche-Neige-3-scaled.jpg?fit=2560%2C1920\" data-orig-size=\"2560,1920\" data-comments-opened=\"1\" data-image-meta=\"{&quot;aperture&quot;:&quot;1.8&quot;,&quot;credit&quot;:&quot;&quot;,&quot;camera&quot;:&quot;iPhone 7&quot;,&quot;caption&quot;:&quot;&quot;,&quot;created_timestamp&quot;:&quot;1600081288&quot;,&quot;copyright&quot;:&quot;&quot;,&quot;focal_length&quot;:&quot;3.99&quot;,&quot;iso&quot;:&quot;100&quot;,&quot;shutter_speed&quot;:&quot;0.2&quot;,&quot;title&quot;:&quot;&quot;,&quot;orientation&quot;:&quot;1&quot;}\" data-image-title=\"Blanche-Neige 3\" data-image-description=\"\" data-image-caption=\"\" data-large-file=\"https:\/\/i0.wp.com\/www.jojoenherbe.com\/wp-content\/uploads\/2020\/09\/Blanche-Neige-3-scaled.jpg?fit=676%2C507\" class=\"alignleft size-thumbnail wp-image-12259\" src=\"https:\/\/i0.wp.com\/www.jojoenherbe.com\/wp-content\/uploads\/2020\/09\/Blanche-Neige-3.jpg?resize=150%2C150\" alt=\"\" width=\"150\" height=\"150\" srcset=\"https:\/\/i0.wp.com\/www.jojoenherbe.com\/wp-content\/uploads\/2020\/09\/Blanche-Neige-3-scaled.jpg?resize=150%2C150 150w, https:\/\/i0.wp.com\/www.jojoenherbe.com\/wp-content\/uploads\/2020\/09\/Blanche-Neige-3-scaled.jpg?zoom=2&amp;resize=150%2C150 300w, https:\/\/i0.wp.com\/www.jojoenherbe.com\/wp-content\/uploads\/2020\/09\/Blanche-Neige-3-scaled.jpg?zoom=3&amp;resize=150%2C150 450w\" sizes=\"auto, (max-width: 150px) 100vw, 150px\" \/><\/a>J&#8217;emprunte \u00e0 la m\u00e9diath\u00e8que <span style=\"text-decoration: underline;\">Blanche-Neige<\/span> illustr\u00e9 par Mayalen Goust, d&rsquo;apr\u00e8s les Fr\u00e8res Grimm (\u00e9d. Flammarion Jeunesse, coll. P\u00e8re Castor, 2009), un album jeunesse en petit format souple \u00e0 partir de 3 ans selon l&rsquo;\u00e9diteur. Le texte reprend celui, parfois cruel, des Fr\u00e8res Grimm avec les diff\u00e9rentes tentatives sous fond de sorcellerie de la belle-m\u00e8re de Blanche-Neige pour la tuer. R\u00e9fugi\u00e9e chez les sept nains, Blanche-Neige n&rsquo;est pourtant pas m\u00e9fiante et ne tient pas compte de leur mise en garde. Finira-t-elle par croquer la pomme empoisonn\u00e9e?<br \/><\/em><\/p>\n<p style=\"text-align: justify;\"><em>J&rsquo;ai beaucoup appr\u00e9ci\u00e9 les illustrations de Mayalen Goust, avec un style japonisant, \u00e0 la fois sombre et rouge, le rouge pr\u00e9dominant \u00e0 chaque page. Blanche-Neige grandit au fil des pages, de petite fille \u00e0 jeune femme, sa beaut\u00e9 provocant l&rsquo;ire et la jalousie de la Reine. Coup de c\u0153ur pour cette tr\u00e8s jolie version illustr\u00e9e! Avec ce conte traditionnel, je participe au jeu de pistes du Mois des Contes et L\u00e9gendes de <a href=\"http:\/\/mapetitemediatheque.fr\/2020\/09\/le-mois-des-contes-et-legendes-2020\/\">Bidib<\/a> pour la piste n\u00b08, \u00ab\u00a0Escale en Europe\u00a0\u00bb.<\/em><\/p>\n<p><em>Pour d&rsquo;autres avis sur cet album jeunesse: <a href=\"http:\/\/books-tea-pie.blogspot.com\/2025\/01\/blanche-neige-texte-dapres-les-freres.html\">Pedro Pan Rabbit<\/a>.<\/em><\/p>\n<div id=\"attachment_10219\" style=\"width: 101px\" class=\"wp-caption alignleft\"><img data-recalc-dims=\"1\" loading=\"lazy\" decoding=\"async\" aria-describedby=\"caption-attachment-10219\" data-attachment-id=\"10219\" data-permalink=\"http:\/\/www.jojoenherbe.com\/index.php\/2020\/03\/02\/au-fil-des-pages-avec-lievre-et-ours-sous-la-neige\/lievre-et-ours-sous-la-neige\/\" data-orig-file=\"https:\/\/i0.wp.com\/www.jojoenherbe.com\/wp-content\/uploads\/2020\/03\/Li%C3%A8vre-et-Ours-sous-la-neige-scaled.jpg?fit=2560%2C1892\" data-orig-size=\"2560,1892\" data-comments-opened=\"1\" data-image-meta=\"{&quot;aperture&quot;:&quot;2.4&quot;,&quot;credit&quot;:&quot;&quot;,&quot;camera&quot;:&quot;iPhone 4S&quot;,&quot;caption&quot;:&quot;&quot;,&quot;created_timestamp&quot;:&quot;1583147305&quot;,&quot;copyright&quot;:&quot;&quot;,&quot;focal_length&quot;:&quot;4.28&quot;,&quot;iso&quot;:&quot;640&quot;,&quot;shutter_speed&quot;:&quot;0.066666666666667&quot;,&quot;title&quot;:&quot;&quot;,&quot;orientation&quot;:&quot;1&quot;}\" data-image-title=\"Li\u00e8vre et Ours, sous la neige\" data-image-description=\"\" data-image-caption=\"\" data-large-file=\"https:\/\/i0.wp.com\/www.jojoenherbe.com\/wp-content\/uploads\/2020\/03\/Li%C3%A8vre-et-Ours-sous-la-neige-scaled.jpg?fit=676%2C500\" class=\"wp-image-10219\" src=\"https:\/\/i0.wp.com\/mapetitemediatheque.fr\/wp-content\/uploads\/2018\/11\/challenge-contes-et-l%C3%A9gendes.jpg?resize=91%2C114\" sizes=\"auto, (max-width: 343px) 100vw, 343px\" srcset=\"http:\/\/mapetitemediatheque.fr\/wp-content\/uploads\/2018\/11\/challenge-contes-et-l\u00e9gendes.jpg 343w, http:\/\/mapetitemediatheque.fr\/wp-content\/uploads\/2018\/11\/challenge-contes-et-l\u00e9gendes-239x300.jpg 239w\" alt=\"\" width=\"91\" height=\"114\" \/><p id=\"caption-attachment-10219\" class=\"wp-caption-text\">Participation #41 Contes &amp; L\u00e9gendes 2020 de <a href=\"http:\/\/mapetitemediatheque.fr\/2020\/01\/challenge-contes-et-legendes-2020\/\">Bidib<\/a> #Escale en Europe<\/p><\/div>\n<div id=\"attachment_37710\" style=\"width: 120px\" class=\"wp-caption alignleft\"><img data-recalc-dims=\"1\" loading=\"lazy\" decoding=\"async\" aria-describedby=\"caption-attachment-37710\" class=\"wp-image-37710\" src=\"https:\/\/i0.wp.com\/delivrer-des-livres.fr\/wp-content\/uploads\/2020\/01\/Logo-Challenge-Classique-2020bis-300x225.jpg?resize=110%2C83&#038;ssl=1\" sizes=\"auto, (max-width: 300px) 100vw, 300px\" srcset=\"https:\/\/delivrer-des-livres.fr\/wp-content\/uploads\/2020\/01\/Logo-Challenge-Classique-2020bis-300x225.jpg 300w, https:\/\/delivrer-des-livres.fr\/wp-content\/uploads\/2020\/01\/Logo-Challenge-Classique-2020bis-150x113.jpg 150w, https:\/\/delivrer-des-livres.fr\/wp-content\/uploads\/2020\/01\/Logo-Challenge-Classique-2020bis-410x308.jpg 410w, https:\/\/delivrer-des-livres.fr\/wp-content\/uploads\/2020\/01\/Logo-Challenge-Classique-2020bis.jpg 453w\" alt=\"ann\u00e9e\" width=\"110\" height=\"83\" \/><p id=\"caption-attachment-37710\" class=\"wp-caption-text\">Participation #11 au Challenge \u00ab\u00a0Cette ann\u00e9e, je (re)lis des classiques\u00a0\u00bb de <a href=\"https:\/\/delivrer-des-livres.fr\/challenge-classiques-3eme-annee\/\">Nathalie<\/a> et <a href=\"http:\/\/vivrelivre19.over-blog.com\/2020\/01\/challenge-cette-annee-je-re-lis-des-classiques-2020.html\">Blandine<\/a><\/p><\/div>\n<div style=\"width: 120px\" class=\"wp-caption alignleft\"><img loading=\"lazy\" decoding=\"async\" class=\"\" src=\"https:\/\/lh3.googleusercontent.com\/yeyHsyE8ePB9xQx2t9obPo4nIUGeuGsS-P1wwGiEip3f9lcFED23VkM1Pr5hYoy4puCex2GzVOyZNHjl5qeUnhImyiKFqwfTaONmF_HEc7SEvgxhr1eZXuJ6zzg9JfEY4XADWBPBCxMLePs3HiWfgCjRFVaAIkiQhaX8RGfOMzZhoMNQUFFuWlglQGRva5RIkSFvo7nk3yMWVz4PgUXBK3Uof2Hf073K4C6YvQC1u6gRN2BCr4tNyqitAlYfULcqVlua9UK9L5kLVOZWs2-xrAzDf1K3rxU8pxE6Fdm1EI8_YbPW09CsTNa9CW1z0lvieJ6Ify6BbltA9XBnOC99XwB4E833hDdb9KWRbKTb8bwsVGIAFF1x2JkOCAWTkq3OtXJmlgaccySEr2PvCr9rzIA4GtrzB04GpU7RNPlnkfNDjtPoy6UR5nf5SD-RQvfrkHaKDQocAHpi1MoHr0bWF4h3F08r5y_TM01DqKXAgeInHehhuxNBZ4LGs7Emk2ol6RPfVd4UEj0916JVKRknXSsSbJG_50ptPlCGTOdHDTOUMc6x63Wp68_DnNhG9qn5FPKuDHhZvC008a4nifQFWuKVT6HvqNgW-LcvXb0wnjbSwgS8qwHb3LtHJj3uAe971aQRDPkS146UchPgCLNczeUje4Y3YFpuV4P1KYu67RSdAOITJNzzSRO2Dycc1PCqSdc7IoPwLu0-aT-FJ0m-KvlkUQLXoamPhl2WKbODyZSfc5ZT=w285-h217-no\" alt=\"\" width=\"110\" height=\"84\" \/><p class=\"wp-caption-text\"><a href=\"https:\/\/ennalit.wordpress.com\/2019\/12\/01\/challenge-petit-bac-2020-qui-veut-jouer\/\">Challenge Petit Bac d&rsquo;Enna<\/a> #10 Cat\u00e9gorie Pr\u00e9nom: \u00ab\u00a0Blanche-Neige\u00a0\u00bb<\/p><\/div>\n\n\n<p><\/p>\n","protected":false},"excerpt":{"rendered":"<p>J&#8217;emprunte \u00e0 la m\u00e9diath\u00e8que Blanche-Neige illustr\u00e9 par Mayalen Goust, d&rsquo;apr\u00e8s les Fr\u00e8res Grimm (\u00e9d. Flammarion Jeunesse, coll. P\u00e8re Castor, 2009), un album jeunesse en petit format souple \u00e0 partir de 3 ans selon l&rsquo;\u00e9diteur. Le texte reprend celui, parfois cruel, des Fr\u00e8res Grimm avec les diff\u00e9rentes tentatives sous fond de sorcellerie de la belle-m\u00e8re de [&hellip;]<\/p>\n","protected":false},"author":1,"featured_media":12260,"comment_status":"open","ping_status":"open","sticky":false,"template":"","format":"standard","meta":{"jetpack_post_was_ever_published":false,"_jetpack_newsletter_access":"","_jetpack_dont_email_post_to_subs":false,"_jetpack_newsletter_tier_id":0,"_jetpack_memberships_contains_paywalled_content":false,"_jetpack_memberships_contains_paid_content":false,"footnotes":""},"categories":[363],"tags":[785,409,710,1351,1365,1352,245,1205,1082,1277,1077,814,367,642,885,340],"class_list":["post-12256","post","type-post","status-publish","format-standard","has-post-thumbnail","hentry","category-mini-lecteur","tag-3-6-ans","tag-albums-jeunesse","tag-blanche-neige","tag-cette-annee-je-relis-des-classiques-2020","tag-challenge-contes-et-legendes-2020","tag-challenge-petit-bac-2020","tag-contes","tag-contes-traditionnels","tag-danger","tag-foret","tag-freres-grimm","tag-jalousie","tag-lecture-jeunesse","tag-pomme","tag-princesse","tag-sorciere","post-preview"],"jetpack_featured_media_url":"https:\/\/i0.wp.com\/www.jojoenherbe.com\/wp-content\/uploads\/2020\/09\/Blanche-Neige-scaled.jpg?fit=2560%2C1920","jetpack_sharing_enabled":true,"jetpack_shortlink":"https:\/\/wp.me\/p9zhGx-3bG","jetpack_likes_enabled":true,"jetpack-related-posts":[{"id":13276,"url":"http:\/\/www.jojoenherbe.com\/index.php\/2020\/10\/25\/nos-lectures-blanche-neige\/","url_meta":{"origin":12256,"position":0},"title":"Nos lectures \u00ab\u00a0Blanche-Neige\u00a0\u00bb","author":"Jojo","date":"25 octobre 2020","format":false,"excerpt":"Apr\u00e8s avoir lu une nouvelle fois Blanche-Neige, j'ai eu envie de regrouper dans un billet unique nos diff\u00e9rentes lectures de ce conte, que ce soit le conte traditionnel ou son d\u00e9tournement. Ce billet sera ainsi mis \u00e0 jour chaque fois qu'une nouvelle version ou adaptation sera lue de Blanche-Neige. Des\u2026","rel":"","context":"Dans &quot;Mini lecteur&quot;","block_context":{"text":"Mini lecteur","link":"http:\/\/www.jojoenherbe.com\/index.php\/category\/mini-lecteur\/"},"img":{"alt_text":"","src":"https:\/\/i0.wp.com\/www.jojoenherbe.com\/wp-content\/uploads\/2020\/10\/Nos-lectures-Blanche-Neige-2-scaled.jpg?fit=1200%2C874&resize=350%2C200","width":350,"height":200,"srcset":"https:\/\/i0.wp.com\/www.jojoenherbe.com\/wp-content\/uploads\/2020\/10\/Nos-lectures-Blanche-Neige-2-scaled.jpg?fit=1200%2C874&resize=350%2C200 1x, https:\/\/i0.wp.com\/www.jojoenherbe.com\/wp-content\/uploads\/2020\/10\/Nos-lectures-Blanche-Neige-2-scaled.jpg?fit=1200%2C874&resize=525%2C300 1.5x, https:\/\/i0.wp.com\/www.jojoenherbe.com\/wp-content\/uploads\/2020\/10\/Nos-lectures-Blanche-Neige-2-scaled.jpg?fit=1200%2C874&resize=700%2C400 2x, https:\/\/i0.wp.com\/www.jojoenherbe.com\/wp-content\/uploads\/2020\/10\/Nos-lectures-Blanche-Neige-2-scaled.jpg?fit=1200%2C874&resize=1050%2C600 3x"},"classes":[]},{"id":6680,"url":"http:\/\/www.jojoenherbe.com\/index.php\/2019\/07\/08\/au-fil-des-pages-avec-blanche-neige\/","url_meta":{"origin":12256,"position":1},"title":"Au fil des pages avec Blanche Neige","author":"Jojo","date":"8 juillet 2019","format":false,"excerpt":"Pour rester dans l'univers des contes classiques, nous empruntons \u00e0 la m\u00e9diath\u00e8que Blanche Neige, un album jeunesse illustr\u00e9 par Benjamin Lacombe, d'apr\u00e8s les fr\u00e8res Grimm (\u00e9d. Milan Jeunesse, 2010). Cet album est conseill\u00e9 \u00e0 partir de 5 ans par l'\u00e9diteur. Pourtant,\u00a0 au vu des illustrations et de la qualit\u00e9 du\u2026","rel":"","context":"Dans &quot;Mini lecteur&quot;","block_context":{"text":"Mini lecteur","link":"http:\/\/www.jojoenherbe.com\/index.php\/category\/mini-lecteur\/"},"img":{"alt_text":"","src":"https:\/\/i0.wp.com\/www.jojoenherbe.com\/wp-content\/uploads\/2019\/07\/Blanche-Neige.jpg?fit=1200%2C961&resize=350%2C200","width":350,"height":200,"srcset":"https:\/\/i0.wp.com\/www.jojoenherbe.com\/wp-content\/uploads\/2019\/07\/Blanche-Neige.jpg?fit=1200%2C961&resize=350%2C200 1x, https:\/\/i0.wp.com\/www.jojoenherbe.com\/wp-content\/uploads\/2019\/07\/Blanche-Neige.jpg?fit=1200%2C961&resize=525%2C300 1.5x, https:\/\/i0.wp.com\/www.jojoenherbe.com\/wp-content\/uploads\/2019\/07\/Blanche-Neige.jpg?fit=1200%2C961&resize=700%2C400 2x, https:\/\/i0.wp.com\/www.jojoenherbe.com\/wp-content\/uploads\/2019\/07\/Blanche-Neige.jpg?fit=1200%2C961&resize=1050%2C600 3x"},"classes":[]},{"id":7865,"url":"http:\/\/www.jojoenherbe.com\/index.php\/2019\/10\/06\/au-fil-des-pages-avec-pas-la-pomme-blanche-neige\/","url_meta":{"origin":12256,"position":2},"title":"Au fil des pages avec Pas la pomme, Blanche-Neige!","author":"Jojo","date":"6 octobre 2019","format":false,"excerpt":"Apr\u00e8s \u00eatre all\u00e9s au Vide ta chambre de Castagniers, nous revenons avec de nouveaux livres jeunesse et d\u00e9corations d'Halloween dont cet album jeunesse, Pas la pomme, Blanche-Neige! d'Alexandre Jardin et Herv\u00e9 le Goff (\u00e9d. Hachette Jeunesse, 2015), un conte d\u00e9tourn\u00e9 de l\u2019\u0153uvre originelle des Fr\u00e8res Grimm. Nous lisons cet album\u2026","rel":"","context":"Dans &quot;Mini lecteur&quot;","block_context":{"text":"Mini lecteur","link":"http:\/\/www.jojoenherbe.com\/index.php\/category\/mini-lecteur\/"},"img":{"alt_text":"","src":"https:\/\/i0.wp.com\/www.jojoenherbe.com\/wp-content\/uploads\/2019\/10\/Pas-la-pomme-Blanche-Neige.jpg?fit=1200%2C900&resize=350%2C200","width":350,"height":200,"srcset":"https:\/\/i0.wp.com\/www.jojoenherbe.com\/wp-content\/uploads\/2019\/10\/Pas-la-pomme-Blanche-Neige.jpg?fit=1200%2C900&resize=350%2C200 1x, https:\/\/i0.wp.com\/www.jojoenherbe.com\/wp-content\/uploads\/2019\/10\/Pas-la-pomme-Blanche-Neige.jpg?fit=1200%2C900&resize=525%2C300 1.5x, https:\/\/i0.wp.com\/www.jojoenherbe.com\/wp-content\/uploads\/2019\/10\/Pas-la-pomme-Blanche-Neige.jpg?fit=1200%2C900&resize=700%2C400 2x, https:\/\/i0.wp.com\/www.jojoenherbe.com\/wp-content\/uploads\/2019\/10\/Pas-la-pomme-Blanche-Neige.jpg?fit=1200%2C900&resize=1050%2C600 3x"},"classes":[]},{"id":11500,"url":"http:\/\/www.jojoenherbe.com\/index.php\/2020\/07\/09\/au-fil-des-pages-avec-dans-la-grande-foret\/","url_meta":{"origin":12256,"position":3},"title":"Au fil des pages avec Dans la grande for\u00eat","author":"Jojo","date":"9 juillet 2020","format":false,"excerpt":"Nous empruntons \u00e0 la m\u00e9diath\u00e8que Dans la grande for\u00eat de Jeanne Boyer et Caroline H\u00fce (\u00e9d. Milan, 2019), un album jeunesse \u00e0 partir de 3 ans. R\u00e9pondant \u00e0 la demande d'une certaine Mamie G\u00e2teau malade, Rosalie tout de rose v\u00eatue part la rejoindre avec un panier de provisions en passant\u2026","rel":"","context":"Dans &quot;Mini lecteur&quot;","block_context":{"text":"Mini lecteur","link":"http:\/\/www.jojoenherbe.com\/index.php\/category\/mini-lecteur\/"},"img":{"alt_text":"","src":"https:\/\/i0.wp.com\/www.jojoenherbe.com\/wp-content\/uploads\/2020\/07\/Dans-la-grande-for%C3%AAt-scaled.jpg?fit=1200%2C900&resize=350%2C200","width":350,"height":200,"srcset":"https:\/\/i0.wp.com\/www.jojoenherbe.com\/wp-content\/uploads\/2020\/07\/Dans-la-grande-for%C3%AAt-scaled.jpg?fit=1200%2C900&resize=350%2C200 1x, https:\/\/i0.wp.com\/www.jojoenherbe.com\/wp-content\/uploads\/2020\/07\/Dans-la-grande-for%C3%AAt-scaled.jpg?fit=1200%2C900&resize=525%2C300 1.5x, https:\/\/i0.wp.com\/www.jojoenherbe.com\/wp-content\/uploads\/2020\/07\/Dans-la-grande-for%C3%AAt-scaled.jpg?fit=1200%2C900&resize=700%2C400 2x, https:\/\/i0.wp.com\/www.jojoenherbe.com\/wp-content\/uploads\/2020\/07\/Dans-la-grande-for%C3%AAt-scaled.jpg?fit=1200%2C900&resize=1050%2C600 3x"},"classes":[]},{"id":9848,"url":"http:\/\/www.jojoenherbe.com\/index.php\/2020\/01\/28\/au-fil-des-pages-avec-dame-hiver\/","url_meta":{"origin":12256,"position":4},"title":"Au fil des pages avec Dame Hiver","author":"Jojo","date":"28 janvier 2020","format":false,"excerpt":"Nous lisons Dame Hiver d'Annette Marnat, d'apr\u00e8s le conte des Fr\u00e8res Grimm (\u00e9d. Flammarion, coll. P\u00e8re Castor, 2018), un album jeunesse \u00e0 partir de 3\/4 ans. Une veuve avait deux filles: sa propre fille, laide et paresseuse et sa belle-fille, jolie et courageuse \u00e0 qui elle confiait toutes les t\u00e2ches\u2026","rel":"","context":"Dans &quot;Mini lecteur&quot;","block_context":{"text":"Mini lecteur","link":"http:\/\/www.jojoenherbe.com\/index.php\/category\/mini-lecteur\/"},"img":{"alt_text":"","src":"https:\/\/i0.wp.com\/www.jojoenherbe.com\/wp-content\/uploads\/2020\/01\/Dame-Hiver-scaled.jpg?fit=1200%2C811&resize=350%2C200","width":350,"height":200,"srcset":"https:\/\/i0.wp.com\/www.jojoenherbe.com\/wp-content\/uploads\/2020\/01\/Dame-Hiver-scaled.jpg?fit=1200%2C811&resize=350%2C200 1x, https:\/\/i0.wp.com\/www.jojoenherbe.com\/wp-content\/uploads\/2020\/01\/Dame-Hiver-scaled.jpg?fit=1200%2C811&resize=525%2C300 1.5x, https:\/\/i0.wp.com\/www.jojoenherbe.com\/wp-content\/uploads\/2020\/01\/Dame-Hiver-scaled.jpg?fit=1200%2C811&resize=700%2C400 2x, https:\/\/i0.wp.com\/www.jojoenherbe.com\/wp-content\/uploads\/2020\/01\/Dame-Hiver-scaled.jpg?fit=1200%2C811&resize=1050%2C600 3x"},"classes":[]},{"id":13014,"url":"http:\/\/www.jojoenherbe.com\/index.php\/2020\/11\/12\/au-fil-des-pages-avec-logre-et-les-sept-freres-biquet\/","url_meta":{"origin":12256,"position":5},"title":"Au fil des pages avec L&rsquo;ogre et les sept fr\u00e8res Biquet","author":"Jojo","date":"12 novembre 2020","format":false,"excerpt":"Nous empruntons \u00e0 la m\u00e9diath\u00e8que L\u2019ogre et les sept fr\u00e8res Biquet de V\u00e9ronique Cauchy et Fabien \u00d6ckto Lambert (\u00e9d. Circonflexe, 2016), un album jeunesse \u00e0 partir de 5 ans et d\u00e9tournant de fa\u00e7on hilarante le conte du Loup et des sept chevreaux des fr\u00e8res Grimm. A l'approche de No\u00ebl, un\u2026","rel":"","context":"Dans &quot;Mini lecteur&quot;","block_context":{"text":"Mini lecteur","link":"http:\/\/www.jojoenherbe.com\/index.php\/category\/mini-lecteur\/"},"img":{"alt_text":"","src":"https:\/\/i0.wp.com\/www.jojoenherbe.com\/wp-content\/uploads\/2020\/10\/Logre-et-les-sept-freres-Biquet-scaled.jpg?fit=1200%2C900&resize=350%2C200","width":350,"height":200,"srcset":"https:\/\/i0.wp.com\/www.jojoenherbe.com\/wp-content\/uploads\/2020\/10\/Logre-et-les-sept-freres-Biquet-scaled.jpg?fit=1200%2C900&resize=350%2C200 1x, https:\/\/i0.wp.com\/www.jojoenherbe.com\/wp-content\/uploads\/2020\/10\/Logre-et-les-sept-freres-Biquet-scaled.jpg?fit=1200%2C900&resize=525%2C300 1.5x, https:\/\/i0.wp.com\/www.jojoenherbe.com\/wp-content\/uploads\/2020\/10\/Logre-et-les-sept-freres-Biquet-scaled.jpg?fit=1200%2C900&resize=700%2C400 2x, https:\/\/i0.wp.com\/www.jojoenherbe.com\/wp-content\/uploads\/2020\/10\/Logre-et-les-sept-freres-Biquet-scaled.jpg?fit=1200%2C900&resize=1050%2C600 3x"},"classes":[]}],"_links":{"self":[{"href":"http:\/\/www.jojoenherbe.com\/index.php\/wp-json\/wp\/v2\/posts\/12256","targetHints":{"allow":["GET"]}}],"collection":[{"href":"http:\/\/www.jojoenherbe.com\/index.php\/wp-json\/wp\/v2\/posts"}],"about":[{"href":"http:\/\/www.jojoenherbe.com\/index.php\/wp-json\/wp\/v2\/types\/post"}],"author":[{"embeddable":true,"href":"http:\/\/www.jojoenherbe.com\/index.php\/wp-json\/wp\/v2\/users\/1"}],"replies":[{"embeddable":true,"href":"http:\/\/www.jojoenherbe.com\/index.php\/wp-json\/wp\/v2\/comments?post=12256"}],"version-history":[{"count":3,"href":"http:\/\/www.jojoenherbe.com\/index.php\/wp-json\/wp\/v2\/posts\/12256\/revisions"}],"predecessor-version":[{"id":38228,"href":"http:\/\/www.jojoenherbe.com\/index.php\/wp-json\/wp\/v2\/posts\/12256\/revisions\/38228"}],"wp:featuredmedia":[{"embeddable":true,"href":"http:\/\/www.jojoenherbe.com\/index.php\/wp-json\/wp\/v2\/media\/12260"}],"wp:attachment":[{"href":"http:\/\/www.jojoenherbe.com\/index.php\/wp-json\/wp\/v2\/media?parent=12256"}],"wp:term":[{"taxonomy":"category","embeddable":true,"href":"http:\/\/www.jojoenherbe.com\/index.php\/wp-json\/wp\/v2\/categories?post=12256"},{"taxonomy":"post_tag","embeddable":true,"href":"http:\/\/www.jojoenherbe.com\/index.php\/wp-json\/wp\/v2\/tags?post=12256"}],"curies":[{"name":"wp","href":"https:\/\/api.w.org\/{rel}","templated":true}]}}