{"id":12237,"date":"2020-09-12T16:49:34","date_gmt":"2020-09-12T14:49:34","guid":{"rendered":"http:\/\/www.jojoenherbe.com\/?p=12237"},"modified":"2022-02-14T12:28:19","modified_gmt":"2022-02-14T11:28:19","slug":"au-fil-des-pages-avec-la-rentree-de-pinpin","status":"publish","type":"post","link":"http:\/\/www.jojoenherbe.com\/index.php\/2020\/09\/12\/au-fil-des-pages-avec-la-rentree-de-pinpin\/","title":{"rendered":"Au fil des pages avec La rentr\u00e9e de Pinpin"},"content":{"rendered":"<p style=\"text-align: justify;\"><em><a href=\"https:\/\/i0.wp.com\/www.jojoenherbe.com\/wp-content\/uploads\/2020\/09\/La-rentree-de-Pinpin-2-scaled.jpg\"><img data-recalc-dims=\"1\" loading=\"lazy\" decoding=\"async\" data-attachment-id=\"12247\" data-permalink=\"http:\/\/www.jojoenherbe.com\/index.php\/2020\/09\/12\/au-fil-des-pages-avec-la-rentree-de-pinpin\/la-rentree-de-pinpin-2\/\" data-orig-file=\"https:\/\/i0.wp.com\/www.jojoenherbe.com\/wp-content\/uploads\/2020\/09\/La-rentree-de-Pinpin-2-scaled.jpg?fit=2560%2C1920\" data-orig-size=\"2560,1920\" data-comments-opened=\"1\" data-image-meta=\"{&quot;aperture&quot;:&quot;1.8&quot;,&quot;credit&quot;:&quot;&quot;,&quot;camera&quot;:&quot;iPhone 7&quot;,&quot;caption&quot;:&quot;&quot;,&quot;created_timestamp&quot;:&quot;1599563748&quot;,&quot;copyright&quot;:&quot;&quot;,&quot;focal_length&quot;:&quot;3.99&quot;,&quot;iso&quot;:&quot;64&quot;,&quot;shutter_speed&quot;:&quot;0.058823529411765&quot;,&quot;title&quot;:&quot;&quot;,&quot;orientation&quot;:&quot;1&quot;}\" data-image-title=\"La rentr\u00e9e de Pinpin 2\" data-image-description=\"\" data-image-caption=\"\" data-large-file=\"https:\/\/i0.wp.com\/www.jojoenherbe.com\/wp-content\/uploads\/2020\/09\/La-rentree-de-Pinpin-2-scaled.jpg?fit=676%2C507\" class=\"alignleft size-thumbnail wp-image-12247\" src=\"https:\/\/i0.wp.com\/www.jojoenherbe.com\/wp-content\/uploads\/2020\/09\/La-rentree-de-Pinpin-2.jpg?resize=150%2C150\" alt=\"\" width=\"150\" height=\"150\" srcset=\"https:\/\/i0.wp.com\/www.jojoenherbe.com\/wp-content\/uploads\/2020\/09\/La-rentree-de-Pinpin-2-scaled.jpg?resize=150%2C150 150w, https:\/\/i0.wp.com\/www.jojoenherbe.com\/wp-content\/uploads\/2020\/09\/La-rentree-de-Pinpin-2-scaled.jpg?zoom=2&amp;resize=150%2C150 300w, https:\/\/i0.wp.com\/www.jojoenherbe.com\/wp-content\/uploads\/2020\/09\/La-rentree-de-Pinpin-2-scaled.jpg?zoom=3&amp;resize=150%2C150 450w\" sizes=\"auto, (max-width: 150px) 100vw, 150px\" \/><\/a> <a href=\"https:\/\/i0.wp.com\/www.jojoenherbe.com\/wp-content\/uploads\/2020\/09\/La-rentree-de-Pinpin-3-scaled.jpg\"><img data-recalc-dims=\"1\" loading=\"lazy\" decoding=\"async\" data-attachment-id=\"12248\" data-permalink=\"http:\/\/www.jojoenherbe.com\/index.php\/2020\/09\/12\/au-fil-des-pages-avec-la-rentree-de-pinpin\/la-rentree-de-pinpin-3\/\" data-orig-file=\"https:\/\/i0.wp.com\/www.jojoenherbe.com\/wp-content\/uploads\/2020\/09\/La-rentree-de-Pinpin-3-scaled.jpg?fit=2560%2C1920\" data-orig-size=\"2560,1920\" data-comments-opened=\"1\" data-image-meta=\"{&quot;aperture&quot;:&quot;1.8&quot;,&quot;credit&quot;:&quot;&quot;,&quot;camera&quot;:&quot;iPhone 7&quot;,&quot;caption&quot;:&quot;&quot;,&quot;created_timestamp&quot;:&quot;1599563792&quot;,&quot;copyright&quot;:&quot;&quot;,&quot;focal_length&quot;:&quot;3.99&quot;,&quot;iso&quot;:&quot;64&quot;,&quot;shutter_speed&quot;:&quot;0.058823529411765&quot;,&quot;title&quot;:&quot;&quot;,&quot;orientation&quot;:&quot;1&quot;}\" data-image-title=\"La rentr\u00e9e de Pinpin 3\" data-image-description=\"\" data-image-caption=\"\" data-large-file=\"https:\/\/i0.wp.com\/www.jojoenherbe.com\/wp-content\/uploads\/2020\/09\/La-rentree-de-Pinpin-3-scaled.jpg?fit=676%2C507\" class=\"alignleft size-thumbnail wp-image-12248\" src=\"https:\/\/i0.wp.com\/www.jojoenherbe.com\/wp-content\/uploads\/2020\/09\/La-rentree-de-Pinpin-3.jpg?resize=150%2C150\" alt=\"\" width=\"150\" height=\"150\" srcset=\"https:\/\/i0.wp.com\/www.jojoenherbe.com\/wp-content\/uploads\/2020\/09\/La-rentree-de-Pinpin-3-scaled.jpg?resize=150%2C150 150w, https:\/\/i0.wp.com\/www.jojoenherbe.com\/wp-content\/uploads\/2020\/09\/La-rentree-de-Pinpin-3-scaled.jpg?zoom=2&amp;resize=150%2C150 300w, https:\/\/i0.wp.com\/www.jojoenherbe.com\/wp-content\/uploads\/2020\/09\/La-rentree-de-Pinpin-3-scaled.jpg?zoom=3&amp;resize=150%2C150 450w\" sizes=\"auto, (max-width: 150px) 100vw, 150px\" \/><\/a>Pour la rentr\u00e9e des classes, nous empruntons \u00e0 la m\u00e9diath\u00e8que <span style=\"text-decoration: underline;\">La rentr\u00e9e de Pinpin<\/span> de He Zhihong (\u00e9d. Seuil Jeunesse, 2018), un album jeunesse \u00e0 partir de 2\/3 ans. Lors de sa premi\u00e8re journ\u00e9e d&rsquo;\u00e9cole, il est bien difficile \u00e0 Pinpin, un jeune manchot empereur, de devoir \u00eatre loin de ses parents. Loin d&rsquo;eux, il commence \u00e0 pleurer. Heureusement, il va pouvoir trouver du r\u00e9confort aupr\u00e8s de ses camarades de classe pour retrouver le sourire. Une jolie histoire pour permettre aux tout-petits d&rsquo;appr\u00e9hender les premi\u00e8res s\u00e9parations, comme \u00e0 la cr\u00e8che ou \u00e0 l&rsquo;\u00e9cole! Les illustrations sont toutes douces. Un album tendre et mignon pour faire le plein de c\u00e2lins!<br \/>\n<\/em><\/p>\n<div style=\"width: 127px\" class=\"wp-caption aligncenter\"><img loading=\"lazy\" decoding=\"async\" class=\"\" src=\"https:\/\/lh3.googleusercontent.com\/yeyHsyE8ePB9xQx2t9obPo4nIUGeuGsS-P1wwGiEip3f9lcFED23VkM1Pr5hYoy4puCex2GzVOyZNHjl5qeUnhImyiKFqwfTaONmF_HEc7SEvgxhr1eZXuJ6zzg9JfEY4XADWBPBCxMLePs3HiWfgCjRFVaAIkiQhaX8RGfOMzZhoMNQUFFuWlglQGRva5RIkSFvo7nk3yMWVz4PgUXBK3Uof2Hf073K4C6YvQC1u6gRN2BCr4tNyqitAlYfULcqVlua9UK9L5kLVOZWs2-xrAzDf1K3rxU8pxE6Fdm1EI8_YbPW09CsTNa9CW1z0lvieJ6Ify6BbltA9XBnOC99XwB4E833hDdb9KWRbKTb8bwsVGIAFF1x2JkOCAWTkq3OtXJmlgaccySEr2PvCr9rzIA4GtrzB04GpU7RNPlnkfNDjtPoy6UR5nf5SD-RQvfrkHaKDQocAHpi1MoHr0bWF4h3F08r5y_TM01DqKXAgeInHehhuxNBZ4LGs7Emk2ol6RPfVd4UEj0916JVKRknXSsSbJG_50ptPlCGTOdHDTOUMc6x63Wp68_DnNhG9qn5FPKuDHhZvC008a4nifQFWuKVT6HvqNgW-LcvXb0wnjbSwgS8qwHb3LtHJj3uAe971aQRDPkS146UchPgCLNczeUje4Y3YFpuV4P1KYu67RSdAOITJNzzSRO2Dycc1PCqSdc7IoPwLu0-aT-FJ0m-KvlkUQLXoamPhl2WKbODyZSfc5ZT=w285-h217-no\" alt=\"\" width=\"117\" height=\"89\" \/><p class=\"wp-caption-text\"><a href=\"https:\/\/ennalit.wordpress.com\/2019\/12\/01\/challenge-petit-bac-2020-qui-veut-jouer\/\">Challenge Petit Bac d&rsquo;Enna<\/a> #9 Cat\u00e9gorie Pr\u00e9nom: \u00ab\u00a0Pinpin\u00a0\u00bb<\/p><\/div>\n","protected":false},"excerpt":{"rendered":"<p>Pour la rentr\u00e9e des classes, nous empruntons \u00e0 la m\u00e9diath\u00e8que La rentr\u00e9e de Pinpin de He Zhihong (\u00e9d. Seuil Jeunesse, 2018), un album jeunesse \u00e0 partir de 2\/3 ans. Lors de sa premi\u00e8re journ\u00e9e d&rsquo;\u00e9cole, il est bien difficile \u00e0 Pinpin, un jeune manchot empereur, de devoir \u00eatre loin de ses parents. Loin d&rsquo;eux, il [&hellip;]<\/p>\n","protected":false},"author":1,"featured_media":12249,"comment_status":"open","ping_status":"open","sticky":false,"template":"","format":"standard","meta":{"jetpack_post_was_ever_published":false,"_jetpack_newsletter_access":"","_jetpack_dont_email_post_to_subs":false,"_jetpack_newsletter_tier_id":0,"_jetpack_memberships_contains_paywalled_content":false,"_jetpack_memberships_contains_paid_content":false,"footnotes":""},"categories":[363],"tags":[785,409,386,634,740,390,1370,367,520,1258,1745,1409,605,564,796],"class_list":["post-12237","post","type-post","status-publish","format-standard","has-post-thumbnail","hentry","category-mini-lecteur","tag-3-6-ans","tag-albums-jeunesse","tag-amitie","tag-calin","tag-ecole","tag-entraide","tag-he-zhihong","tag-lecture-jeunesse","tag-manchot-empereur","tag-petite-enfance","tag-reconfort","tag-relation-parent-enfant","tag-rentree-scolaire","tag-separation","tag-tristesse","post-preview"],"jetpack_featured_media_url":"https:\/\/i0.wp.com\/www.jojoenherbe.com\/wp-content\/uploads\/2020\/09\/La-rentree-de-Pinpin-scaled.jpg?fit=2560%2C1920","jetpack_sharing_enabled":true,"jetpack_shortlink":"https:\/\/wp.me\/p9zhGx-3bn","jetpack_likes_enabled":true,"jetpack-related-posts":[{"id":13134,"url":"http:\/\/www.jojoenherbe.com\/index.php\/2020\/10\/18\/deuxieme-alphabet-de-jojoenherbeetcieillustre-a-comme-ane\/","url_meta":{"origin":12237,"position":0},"title":"Deuxi\u00e8me alphabet des animaux: A comme \u00c2ne","author":"Jojo","date":"18 octobre 2020","format":false,"excerpt":"Cette semaine du 12 octobre 2020 marque le d\u00e9part d'un nouvel alphabet de mon challenge sur Instagram #jojoenherbeetcieillustre qui associe la premi\u00e8re lettre d'un animal avec une illustration tir\u00e9e de la litt\u00e9rature jeunesse. Pour ce deuxi\u00e8me alphabet, j'ai choisi de ne garder que des lettres avec de nouveaux animaux. Pour\u2026","rel":"","context":"Dans &quot;Mini challenger&quot;","block_context":{"text":"Mini challenger","link":"http:\/\/www.jojoenherbe.com\/index.php\/category\/mini-challenger\/"},"img":{"alt_text":"","src":"https:\/\/i0.wp.com\/www.jojoenherbe.com\/wp-content\/uploads\/2020\/10\/Selection-Ane-scaled.jpg?fit=1200%2C910&resize=350%2C200","width":350,"height":200,"srcset":"https:\/\/i0.wp.com\/www.jojoenherbe.com\/wp-content\/uploads\/2020\/10\/Selection-Ane-scaled.jpg?fit=1200%2C910&resize=350%2C200 1x, https:\/\/i0.wp.com\/www.jojoenherbe.com\/wp-content\/uploads\/2020\/10\/Selection-Ane-scaled.jpg?fit=1200%2C910&resize=525%2C300 1.5x, https:\/\/i0.wp.com\/www.jojoenherbe.com\/wp-content\/uploads\/2020\/10\/Selection-Ane-scaled.jpg?fit=1200%2C910&resize=700%2C400 2x, https:\/\/i0.wp.com\/www.jojoenherbe.com\/wp-content\/uploads\/2020\/10\/Selection-Ane-scaled.jpg?fit=1200%2C910&resize=1050%2C600 3x"},"classes":[]},{"id":7162,"url":"http:\/\/www.jojoenherbe.com\/index.php\/2019\/09\/20\/au-fil-des-pages-sur-le-theme-de-lecole\/","url_meta":{"origin":12237,"position":1},"title":"Au fil des pages sur le th\u00e8me de l&rsquo;\u00e9cole","author":"Jojo","date":"20 septembre 2019","format":false,"excerpt":"Ce mois-ci, le th\u00e8me du rendez-vous \"Et dans leur biblioth\u00e8que il y a...\" est l'\u00e9cole. Cela est de circonstance, la rentr\u00e9e scolaire venant d'avoir lieu. Tout l'\u00e9t\u00e9, nous avons lu plusieurs albums jeunesse pour pr\u00e9parer la rentr\u00e9e scolaire en maternelle. Nous en avons emprunt\u00e9 \u00e0 la biblioth\u00e8que, comme Un ours\u2026","rel":"","context":"Dans &quot;Mini lecteur&quot;","block_context":{"text":"Mini lecteur","link":"http:\/\/www.jojoenherbe.com\/index.php\/category\/mini-lecteur\/"},"img":{"alt_text":"","src":"https:\/\/i0.wp.com\/www.jojoenherbe.com\/wp-content\/uploads\/2019\/08\/Albums-jeunesse-%C3%A9cole.jpg?fit=1200%2C1032&resize=350%2C200","width":350,"height":200,"srcset":"https:\/\/i0.wp.com\/www.jojoenherbe.com\/wp-content\/uploads\/2019\/08\/Albums-jeunesse-%C3%A9cole.jpg?fit=1200%2C1032&resize=350%2C200 1x, https:\/\/i0.wp.com\/www.jojoenherbe.com\/wp-content\/uploads\/2019\/08\/Albums-jeunesse-%C3%A9cole.jpg?fit=1200%2C1032&resize=525%2C300 1.5x, https:\/\/i0.wp.com\/www.jojoenherbe.com\/wp-content\/uploads\/2019\/08\/Albums-jeunesse-%C3%A9cole.jpg?fit=1200%2C1032&resize=700%2C400 2x, https:\/\/i0.wp.com\/www.jojoenherbe.com\/wp-content\/uploads\/2019\/08\/Albums-jeunesse-%C3%A9cole.jpg?fit=1200%2C1032&resize=1050%2C600 3x"},"classes":[]},{"id":15541,"url":"http:\/\/www.jojoenherbe.com\/index.php\/2021\/02\/04\/au-fil-des-pages-avec-un-oiseau-sur-mon-epaule\/","url_meta":{"origin":12237,"position":2},"title":"Au fil des pages avec Un oiseau sur mon \u00e9paule","author":"Jojo","date":"4 f\u00e9vrier 2021","format":false,"excerpt":"Nous empruntons \u00e0 la m\u00e9diath\u00e8que Un oiseau sur mon \u00e9paule de Sibylle Delacroix (\u00e9d. Mijade, 2019), un album jeunesse \u00e0 partir de 3 ans. Le jour de la rentr\u00e9e des classes, une petite fille est pr\u00eate \u00e0 y aller et se faire des amis. Mais un oiseau qui grandit en\u2026","rel":"","context":"Dans &quot;Mini lecteur&quot;","block_context":{"text":"Mini lecteur","link":"http:\/\/www.jojoenherbe.com\/index.php\/category\/mini-lecteur\/"},"img":{"alt_text":"","src":"https:\/\/i0.wp.com\/www.jojoenherbe.com\/wp-content\/uploads\/2021\/02\/Un-oiseau-sur-mon-epaule-scaled.jpg?fit=1200%2C900&resize=350%2C200","width":350,"height":200,"srcset":"https:\/\/i0.wp.com\/www.jojoenherbe.com\/wp-content\/uploads\/2021\/02\/Un-oiseau-sur-mon-epaule-scaled.jpg?fit=1200%2C900&resize=350%2C200 1x, https:\/\/i0.wp.com\/www.jojoenherbe.com\/wp-content\/uploads\/2021\/02\/Un-oiseau-sur-mon-epaule-scaled.jpg?fit=1200%2C900&resize=525%2C300 1.5x, https:\/\/i0.wp.com\/www.jojoenherbe.com\/wp-content\/uploads\/2021\/02\/Un-oiseau-sur-mon-epaule-scaled.jpg?fit=1200%2C900&resize=700%2C400 2x, https:\/\/i0.wp.com\/www.jojoenherbe.com\/wp-content\/uploads\/2021\/02\/Un-oiseau-sur-mon-epaule-scaled.jpg?fit=1200%2C900&resize=1050%2C600 3x"},"classes":[]},{"id":7956,"url":"http:\/\/www.jojoenherbe.com\/index.php\/2019\/10\/10\/au-fil-des-pages-avec-alors-ca-mord\/","url_meta":{"origin":12237,"position":3},"title":"Au fil des pages avec Alors, \u00e7a mord?","author":"Jojo","date":"10 octobre 2019","format":false,"excerpt":"Nous empruntons \u00e0 la biblioth\u00e8que Alors, \u00e7a mord? de Jean Gourounas (\u00e9d. L'atelier du poisson soluble, 2016), un album jeunesse \u00e0 partir de 3 ans totalement loufoque, surr\u00e9aliste et qui n'est surtout pas un manuel de p\u00eache. Il fait d'ailleurs partie d'une s\u00e9rie avec les m\u00eames personnages: Elle est bonne?\u2026","rel":"","context":"Dans &quot;Mini lecteur&quot;","block_context":{"text":"Mini lecteur","link":"http:\/\/www.jojoenherbe.com\/index.php\/category\/mini-lecteur\/"},"img":{"alt_text":"","src":"https:\/\/i0.wp.com\/www.jojoenherbe.com\/wp-content\/uploads\/2019\/10\/Alors-ca-mord-scaled.jpg?fit=1200%2C900&resize=350%2C200","width":350,"height":200,"srcset":"https:\/\/i0.wp.com\/www.jojoenherbe.com\/wp-content\/uploads\/2019\/10\/Alors-ca-mord-scaled.jpg?fit=1200%2C900&resize=350%2C200 1x, https:\/\/i0.wp.com\/www.jojoenherbe.com\/wp-content\/uploads\/2019\/10\/Alors-ca-mord-scaled.jpg?fit=1200%2C900&resize=525%2C300 1.5x, https:\/\/i0.wp.com\/www.jojoenherbe.com\/wp-content\/uploads\/2019\/10\/Alors-ca-mord-scaled.jpg?fit=1200%2C900&resize=700%2C400 2x, https:\/\/i0.wp.com\/www.jojoenherbe.com\/wp-content\/uploads\/2019\/10\/Alors-ca-mord-scaled.jpg?fit=1200%2C900&resize=1050%2C600 3x"},"classes":[]},{"id":7093,"url":"http:\/\/www.jojoenherbe.com\/index.php\/2019\/08\/14\/au-fil-des-pages-avec-tortue-pingouin\/","url_meta":{"origin":12237,"position":4},"title":"Au fil des pages avec Tortue Pingouin","author":"Jojo","date":"14 ao\u00fbt 2019","format":false,"excerpt":"Forc\u00e9ment avec un tel titre et une tortue qui est d\u00e9guis\u00e9e en manchot empereur, je suis imm\u00e9diatement attir\u00e9e par la couverture de cet album jeunesse que nous empruntons \u00e0 la biblioth\u00e8que. Il s'agit de Tortue Pingouin de Valeri Gorbachev (\u00e9d. L'\u00e9cole des loisirs, 2009), album jeunesse \u00e0 partir de 3\u2026","rel":"","context":"Dans &quot;Mini lecteur&quot;","block_context":{"text":"Mini lecteur","link":"http:\/\/www.jojoenherbe.com\/index.php\/category\/mini-lecteur\/"},"img":{"alt_text":"","src":"https:\/\/i0.wp.com\/www.jojoenherbe.com\/wp-content\/uploads\/2019\/08\/Tortue-Pingouin.jpg?fit=1124%2C1200&resize=350%2C200","width":350,"height":200,"srcset":"https:\/\/i0.wp.com\/www.jojoenherbe.com\/wp-content\/uploads\/2019\/08\/Tortue-Pingouin.jpg?fit=1124%2C1200&resize=350%2C200 1x, https:\/\/i0.wp.com\/www.jojoenherbe.com\/wp-content\/uploads\/2019\/08\/Tortue-Pingouin.jpg?fit=1124%2C1200&resize=525%2C300 1.5x, https:\/\/i0.wp.com\/www.jojoenherbe.com\/wp-content\/uploads\/2019\/08\/Tortue-Pingouin.jpg?fit=1124%2C1200&resize=700%2C400 2x, https:\/\/i0.wp.com\/www.jojoenherbe.com\/wp-content\/uploads\/2019\/08\/Tortue-Pingouin.jpg?fit=1124%2C1200&resize=1050%2C600 3x"},"classes":[]},{"id":6920,"url":"http:\/\/www.jojoenherbe.com\/index.php\/2019\/07\/30\/au-fil-des-pages-avec-lecole\/","url_meta":{"origin":12237,"position":5},"title":"Au fil des pages avec l&rsquo;\u00e9cole","author":"Jojo","date":"30 juillet 2019","format":false,"excerpt":"En attendant la rentr\u00e9e des classes et pour continuer de se familiariser avec l'\u00e9cole maternelle, nous empruntons \u00e0 la biblioth\u00e8que deux albums jeunesse sur ce th\u00e8me et qui permettent aux tout-petits, d\u00e8s 3 ans, de d\u00e9dramatiser leur premi\u00e8re rentr\u00e9e. (Album jeunesse) Un ours \u00e0 l'\u00e9cole de Jean-Luc Englebert Il s'agit\u2026","rel":"","context":"Dans &quot;Mini lecteur&quot;","block_context":{"text":"Mini lecteur","link":"http:\/\/www.jojoenherbe.com\/index.php\/category\/mini-lecteur\/"},"img":{"alt_text":"","src":"https:\/\/i0.wp.com\/www.jojoenherbe.com\/wp-content\/uploads\/2019\/07\/Albums-jeunesse-%C3%A9cole.jpg?fit=1200%2C778&resize=350%2C200","width":350,"height":200,"srcset":"https:\/\/i0.wp.com\/www.jojoenherbe.com\/wp-content\/uploads\/2019\/07\/Albums-jeunesse-%C3%A9cole.jpg?fit=1200%2C778&resize=350%2C200 1x, https:\/\/i0.wp.com\/www.jojoenherbe.com\/wp-content\/uploads\/2019\/07\/Albums-jeunesse-%C3%A9cole.jpg?fit=1200%2C778&resize=525%2C300 1.5x, https:\/\/i0.wp.com\/www.jojoenherbe.com\/wp-content\/uploads\/2019\/07\/Albums-jeunesse-%C3%A9cole.jpg?fit=1200%2C778&resize=700%2C400 2x, https:\/\/i0.wp.com\/www.jojoenherbe.com\/wp-content\/uploads\/2019\/07\/Albums-jeunesse-%C3%A9cole.jpg?fit=1200%2C778&resize=1050%2C600 3x"},"classes":[]}],"_links":{"self":[{"href":"http:\/\/www.jojoenherbe.com\/index.php\/wp-json\/wp\/v2\/posts\/12237","targetHints":{"allow":["GET"]}}],"collection":[{"href":"http:\/\/www.jojoenherbe.com\/index.php\/wp-json\/wp\/v2\/posts"}],"about":[{"href":"http:\/\/www.jojoenherbe.com\/index.php\/wp-json\/wp\/v2\/types\/post"}],"author":[{"embeddable":true,"href":"http:\/\/www.jojoenherbe.com\/index.php\/wp-json\/wp\/v2\/users\/1"}],"replies":[{"embeddable":true,"href":"http:\/\/www.jojoenherbe.com\/index.php\/wp-json\/wp\/v2\/comments?post=12237"}],"version-history":[{"count":0,"href":"http:\/\/www.jojoenherbe.com\/index.php\/wp-json\/wp\/v2\/posts\/12237\/revisions"}],"wp:featuredmedia":[{"embeddable":true,"href":"http:\/\/www.jojoenherbe.com\/index.php\/wp-json\/wp\/v2\/media\/12249"}],"wp:attachment":[{"href":"http:\/\/www.jojoenherbe.com\/index.php\/wp-json\/wp\/v2\/media?parent=12237"}],"wp:term":[{"taxonomy":"category","embeddable":true,"href":"http:\/\/www.jojoenherbe.com\/index.php\/wp-json\/wp\/v2\/categories?post=12237"},{"taxonomy":"post_tag","embeddable":true,"href":"http:\/\/www.jojoenherbe.com\/index.php\/wp-json\/wp\/v2\/tags?post=12237"}],"curies":[{"name":"wp","href":"https:\/\/api.w.org\/{rel}","templated":true}]}}