{"id":12122,"date":"2020-09-06T13:07:44","date_gmt":"2020-09-06T11:07:44","guid":{"rendered":"http:\/\/www.jojoenherbe.com\/?p=12122"},"modified":"2024-05-14T18:11:55","modified_gmt":"2024-05-14T16:11:55","slug":"au-fil-des-pages-avec-blues-bayou","status":"publish","type":"post","link":"http:\/\/www.jojoenherbe.com\/index.php\/2020\/09\/06\/au-fil-des-pages-avec-blues-bayou\/","title":{"rendered":"Au fil des pages avec Blues Bayou"},"content":{"rendered":"<p style=\"text-align: justify;\"><em><a href=\"https:\/\/i0.wp.com\/www.jojoenherbe.com\/wp-content\/uploads\/2020\/09\/Blues-Bayou-4-scaled.jpg\"><img data-recalc-dims=\"1\" loading=\"lazy\" decoding=\"async\" data-attachment-id=\"12126\" data-permalink=\"http:\/\/www.jojoenherbe.com\/index.php\/2020\/09\/06\/au-fil-des-pages-avec-blues-bayou\/blues-bayou-4\/\" data-orig-file=\"https:\/\/i0.wp.com\/www.jojoenherbe.com\/wp-content\/uploads\/2020\/09\/Blues-Bayou-4-scaled.jpg?fit=2560%2C1920\" data-orig-size=\"2560,1920\" data-comments-opened=\"1\" data-image-meta=\"{&quot;aperture&quot;:&quot;1.8&quot;,&quot;credit&quot;:&quot;&quot;,&quot;camera&quot;:&quot;iPhone 7&quot;,&quot;caption&quot;:&quot;&quot;,&quot;created_timestamp&quot;:&quot;1599391106&quot;,&quot;copyright&quot;:&quot;&quot;,&quot;focal_length&quot;:&quot;3.99&quot;,&quot;iso&quot;:&quot;100&quot;,&quot;shutter_speed&quot;:&quot;0.16666666666667&quot;,&quot;title&quot;:&quot;&quot;,&quot;orientation&quot;:&quot;0&quot;}\" data-image-title=\"Blues Bayou 4\" data-image-description=\"\" data-image-caption=\"\" data-large-file=\"https:\/\/i0.wp.com\/www.jojoenherbe.com\/wp-content\/uploads\/2020\/09\/Blues-Bayou-4-scaled.jpg?fit=676%2C507\" class=\"alignleft size-thumbnail wp-image-12126\" src=\"https:\/\/i0.wp.com\/www.jojoenherbe.com\/wp-content\/uploads\/2020\/09\/Blues-Bayou-4.jpg?resize=150%2C150\" alt=\"\" width=\"150\" height=\"150\" srcset=\"https:\/\/i0.wp.com\/www.jojoenherbe.com\/wp-content\/uploads\/2020\/09\/Blues-Bayou-4-scaled.jpg?resize=150%2C150 150w, https:\/\/i0.wp.com\/www.jojoenherbe.com\/wp-content\/uploads\/2020\/09\/Blues-Bayou-4-scaled.jpg?zoom=2&amp;resize=150%2C150 300w, https:\/\/i0.wp.com\/www.jojoenherbe.com\/wp-content\/uploads\/2020\/09\/Blues-Bayou-4-scaled.jpg?zoom=3&amp;resize=150%2C150 450w\" sizes=\"auto, (max-width: 150px) 100vw, 150px\" \/><\/a> <a href=\"https:\/\/i0.wp.com\/www.jojoenherbe.com\/wp-content\/uploads\/2020\/09\/Blues-Bayou-3-scaled.jpg\"><img data-recalc-dims=\"1\" loading=\"lazy\" decoding=\"async\" data-attachment-id=\"12125\" data-permalink=\"http:\/\/www.jojoenherbe.com\/index.php\/2020\/09\/06\/au-fil-des-pages-avec-blues-bayou\/blues-bayou-3\/\" data-orig-file=\"https:\/\/i0.wp.com\/www.jojoenherbe.com\/wp-content\/uploads\/2020\/09\/Blues-Bayou-3-scaled.jpg?fit=2560%2C1920\" data-orig-size=\"2560,1920\" data-comments-opened=\"1\" data-image-meta=\"{&quot;aperture&quot;:&quot;1.8&quot;,&quot;credit&quot;:&quot;&quot;,&quot;camera&quot;:&quot;iPhone 7&quot;,&quot;caption&quot;:&quot;&quot;,&quot;created_timestamp&quot;:&quot;1599391095&quot;,&quot;copyright&quot;:&quot;&quot;,&quot;focal_length&quot;:&quot;3.99&quot;,&quot;iso&quot;:&quot;100&quot;,&quot;shutter_speed&quot;:&quot;0.25&quot;,&quot;title&quot;:&quot;&quot;,&quot;orientation&quot;:&quot;1&quot;}\" data-image-title=\"Blues Bayou 3\" data-image-description=\"\" data-image-caption=\"\" data-large-file=\"https:\/\/i0.wp.com\/www.jojoenherbe.com\/wp-content\/uploads\/2020\/09\/Blues-Bayou-3-scaled.jpg?fit=676%2C507\" class=\"alignleft size-thumbnail wp-image-12125\" src=\"https:\/\/i0.wp.com\/www.jojoenherbe.com\/wp-content\/uploads\/2020\/09\/Blues-Bayou-3.jpg?resize=150%2C150\" alt=\"\" width=\"150\" height=\"150\" srcset=\"https:\/\/i0.wp.com\/www.jojoenherbe.com\/wp-content\/uploads\/2020\/09\/Blues-Bayou-3-scaled.jpg?resize=150%2C150 150w, https:\/\/i0.wp.com\/www.jojoenherbe.com\/wp-content\/uploads\/2020\/09\/Blues-Bayou-3-scaled.jpg?zoom=2&amp;resize=150%2C150 300w, https:\/\/i0.wp.com\/www.jojoenherbe.com\/wp-content\/uploads\/2020\/09\/Blues-Bayou-3-scaled.jpg?zoom=3&amp;resize=150%2C150 450w\" sizes=\"auto, (max-width: 150px) 100vw, 150px\" \/><\/a>Pour cette journ\u00e9e \u00ab\u00a0Album jeunesse\u00a0\u00bb du 6 septembre 2020 du Mois Am\u00e9ricain, nous lisons <\/em><span class=\"\"><em><span style=\"text-decoration: underline;\">Blues Bayou<\/span> de Benjamin Lacombe et Daniela Cytryn (\u00e9d. Milan Jeunesse, 2009), un album jeunesse \u00e0 partir de 3 ans. Dans le Mississipi des ann\u00e9es 30, deux enfants d\u2019une dizaine d\u2019ann\u00e9es, James et Amy sont amis et font fi de leur diff\u00e9rence de peau et de l\u2019interdiction de se voir. Un jour alors qu\u2019ils partent \u00e0 l\u2019aventure dans le bayou, leur embarcation chavire non loin des alligators et d\u2019un danger encore plus grand, celui de l\u2019ogre des marais.<\/em><\/span><\/p>\n<p style=\"text-align: justify;\"><em><span class=\"\"><a href=\"https:\/\/i0.wp.com\/www.jojoenherbe.com\/wp-content\/uploads\/2020\/09\/Blues-Bayou-5-scaled.jpg\"><img data-recalc-dims=\"1\" loading=\"lazy\" decoding=\"async\" data-attachment-id=\"12127\" data-permalink=\"http:\/\/www.jojoenherbe.com\/index.php\/2020\/09\/06\/au-fil-des-pages-avec-blues-bayou\/blues-bayou-5\/\" data-orig-file=\"https:\/\/i0.wp.com\/www.jojoenherbe.com\/wp-content\/uploads\/2020\/09\/Blues-Bayou-5-scaled.jpg?fit=2560%2C1920\" data-orig-size=\"2560,1920\" data-comments-opened=\"1\" data-image-meta=\"{&quot;aperture&quot;:&quot;1.8&quot;,&quot;credit&quot;:&quot;&quot;,&quot;camera&quot;:&quot;iPhone 7&quot;,&quot;caption&quot;:&quot;&quot;,&quot;created_timestamp&quot;:&quot;1599391115&quot;,&quot;copyright&quot;:&quot;&quot;,&quot;focal_length&quot;:&quot;3.99&quot;,&quot;iso&quot;:&quot;100&quot;,&quot;shutter_speed&quot;:&quot;0.16666666666667&quot;,&quot;title&quot;:&quot;&quot;,&quot;orientation&quot;:&quot;1&quot;}\" data-image-title=\"Blues Bayou 5\" data-image-description=\"\" data-image-caption=\"\" data-large-file=\"https:\/\/i0.wp.com\/www.jojoenherbe.com\/wp-content\/uploads\/2020\/09\/Blues-Bayou-5-scaled.jpg?fit=676%2C507\" class=\"size-thumbnail wp-image-12127 alignright\" src=\"https:\/\/i0.wp.com\/www.jojoenherbe.com\/wp-content\/uploads\/2020\/09\/Blues-Bayou-5.jpg?resize=150%2C150\" alt=\"\" width=\"150\" height=\"150\" srcset=\"https:\/\/i0.wp.com\/www.jojoenherbe.com\/wp-content\/uploads\/2020\/09\/Blues-Bayou-5-scaled.jpg?resize=150%2C150 150w, https:\/\/i0.wp.com\/www.jojoenherbe.com\/wp-content\/uploads\/2020\/09\/Blues-Bayou-5-scaled.jpg?zoom=2&amp;resize=150%2C150 300w, https:\/\/i0.wp.com\/www.jojoenherbe.com\/wp-content\/uploads\/2020\/09\/Blues-Bayou-5-scaled.jpg?zoom=3&amp;resize=150%2C150 450w\" sizes=\"auto, (max-width: 150px) 100vw, 150px\" \/><\/a> <a href=\"https:\/\/i0.wp.com\/www.jojoenherbe.com\/wp-content\/uploads\/2020\/09\/Blues-Bayou-2-scaled.jpg\"><img data-recalc-dims=\"1\" loading=\"lazy\" decoding=\"async\" data-attachment-id=\"12124\" data-permalink=\"http:\/\/www.jojoenherbe.com\/index.php\/2020\/09\/06\/au-fil-des-pages-avec-blues-bayou\/blues-bayou-2\/\" data-orig-file=\"https:\/\/i0.wp.com\/www.jojoenherbe.com\/wp-content\/uploads\/2020\/09\/Blues-Bayou-2-scaled.jpg?fit=2560%2C1920\" data-orig-size=\"2560,1920\" data-comments-opened=\"1\" data-image-meta=\"{&quot;aperture&quot;:&quot;1.8&quot;,&quot;credit&quot;:&quot;&quot;,&quot;camera&quot;:&quot;iPhone 7&quot;,&quot;caption&quot;:&quot;&quot;,&quot;created_timestamp&quot;:&quot;1599391026&quot;,&quot;copyright&quot;:&quot;&quot;,&quot;focal_length&quot;:&quot;3.99&quot;,&quot;iso&quot;:&quot;80&quot;,&quot;shutter_speed&quot;:&quot;0.2&quot;,&quot;title&quot;:&quot;&quot;,&quot;orientation&quot;:&quot;0&quot;}\" data-image-title=\"Blues Bayou 2\" data-image-description=\"\" data-image-caption=\"\" data-large-file=\"https:\/\/i0.wp.com\/www.jojoenherbe.com\/wp-content\/uploads\/2020\/09\/Blues-Bayou-2-scaled.jpg?fit=676%2C507\" class=\"size-thumbnail wp-image-12124 alignright\" src=\"https:\/\/i0.wp.com\/www.jojoenherbe.com\/wp-content\/uploads\/2020\/09\/Blues-Bayou-2.jpg?resize=150%2C150\" alt=\"\" width=\"150\" height=\"150\" srcset=\"https:\/\/i0.wp.com\/www.jojoenherbe.com\/wp-content\/uploads\/2020\/09\/Blues-Bayou-2-scaled.jpg?resize=150%2C150 150w, https:\/\/i0.wp.com\/www.jojoenherbe.com\/wp-content\/uploads\/2020\/09\/Blues-Bayou-2-scaled.jpg?zoom=2&amp;resize=150%2C150 300w, https:\/\/i0.wp.com\/www.jojoenherbe.com\/wp-content\/uploads\/2020\/09\/Blues-Bayou-2-scaled.jpg?zoom=3&amp;resize=150%2C150 450w\" sizes=\"auto, (max-width: 150px) 100vw, 150px\" \/><\/a> Les illustrations de Daniela Cytrin sont magnifiques \u00e0 l&rsquo;instar de l&rsquo;illustration de couverture et des pages de garde tr\u00e8s musicales. Tout comme les illustrations, le<\/span><\/em><span class=\"\"><em> texte de Benjamin Lacombe retranscrit l\u2019atmosph\u00e8re du bayou sous fond de musique&#8230; Une tendre histoire d\u2019amiti\u00e9, de s\u00e9gr\u00e9gation, de blues et de jazz! Quand la musique n\u2019a pas de couleur! Coup de c\u0153ur pour cet album jeunesse!<\/em><br \/>\n<\/span><\/p>\n<div id=\"attachment_13989\" style=\"width: 129px\" class=\"wp-caption alignleft\"><img data-recalc-dims=\"1\" loading=\"lazy\" decoding=\"async\" aria-describedby=\"caption-attachment-13989\" class=\"  wp-image-13989\" src=\"https:\/\/plaisirsacultiver.files.wordpress.com\/2019\/07\/america.jpeg?w=462&#038;h=303&#038;fit=462%2C303&#038;resize=119%2C78\" sizes=\"auto, (max-width: 462px) 100vw, 462px\" srcset=\"https:\/\/plaisirsacultiver.files.wordpress.com\/2019\/07\/america.jpeg?w=462&amp;h=303 462w, https:\/\/plaisirsacultiver.files.wordpress.com\/2019\/07\/america.jpeg?w=150&amp;h=98 150w, https:\/\/plaisirsacultiver.files.wordpress.com\/2019\/07\/america.jpeg?w=300&amp;h=197 300w, https:\/\/plaisirsacultiver.files.wordpress.com\/2019\/07\/america.jpeg 505w\" alt=\"america\" width=\"119\" height=\"78\" data-attachment-id=\"13989\" data-permalink=\"https:\/\/plaisirsacultiver.com\/2019\/07\/10\/le-mois-americain-2019\/america-6\/#main\" data-orig-file=\"https:\/\/plaisirsacultiver.files.wordpress.com\/2019\/07\/america.jpeg\" data-orig-size=\"505,331\" data-comments-opened=\"1\" data-image-meta=\"{&quot;aperture&quot;:&quot;0&quot;,&quot;credit&quot;:&quot;&quot;,&quot;camera&quot;:&quot;&quot;,&quot;caption&quot;:&quot;&quot;,&quot;created_timestamp&quot;:&quot;0&quot;,&quot;copyright&quot;:&quot;&quot;,&quot;focal_length&quot;:&quot;0&quot;,&quot;iso&quot;:&quot;0&quot;,&quot;shutter_speed&quot;:&quot;0&quot;,&quot;title&quot;:&quot;&quot;,&quot;orientation&quot;:&quot;0&quot;}\" data-image-title=\"america\" data-image-description=\"\" data-medium-file=\"https:\/\/plaisirsacultiver.files.wordpress.com\/2019\/07\/america.jpeg?w=300\" data-large-file=\"https:\/\/plaisirsacultiver.files.wordpress.com\/2019\/07\/america.jpeg?w=505\" \/><p id=\"caption-attachment-13989\" class=\"wp-caption-text\"><a href=\"https:\/\/plaisirsacultiver.com\/2020\/07\/16\/le-mois-americain-2020\/\">Le Mois Am\u00e9ricain<\/a> de Titine #Album jeunesse<\/p><\/div>\n<div style=\"width: 115px\" class=\"wp-caption alignleft\"><img loading=\"lazy\" decoding=\"async\" class=\"\" src=\"https:\/\/lh3.googleusercontent.com\/yeyHsyE8ePB9xQx2t9obPo4nIUGeuGsS-P1wwGiEip3f9lcFED23VkM1Pr5hYoy4puCex2GzVOyZNHjl5qeUnhImyiKFqwfTaONmF_HEc7SEvgxhr1eZXuJ6zzg9JfEY4XADWBPBCxMLePs3HiWfgCjRFVaAIkiQhaX8RGfOMzZhoMNQUFFuWlglQGRva5RIkSFvo7nk3yMWVz4PgUXBK3Uof2Hf073K4C6YvQC1u6gRN2BCr4tNyqitAlYfULcqVlua9UK9L5kLVOZWs2-xrAzDf1K3rxU8pxE6Fdm1EI8_YbPW09CsTNa9CW1z0lvieJ6Ify6BbltA9XBnOC99XwB4E833hDdb9KWRbKTb8bwsVGIAFF1x2JkOCAWTkq3OtXJmlgaccySEr2PvCr9rzIA4GtrzB04GpU7RNPlnkfNDjtPoy6UR5nf5SD-RQvfrkHaKDQocAHpi1MoHr0bWF4h3F08r5y_TM01DqKXAgeInHehhuxNBZ4LGs7Emk2ol6RPfVd4UEj0916JVKRknXSsSbJG_50ptPlCGTOdHDTOUMc6x63Wp68_DnNhG9qn5FPKuDHhZvC008a4nifQFWuKVT6HvqNgW-LcvXb0wnjbSwgS8qwHb3LtHJj3uAe971aQRDPkS146UchPgCLNczeUje4Y3YFpuV4P1KYu67RSdAOITJNzzSRO2Dycc1PCqSdc7IoPwLu0-aT-FJ0m-KvlkUQLXoamPhl2WKbODyZSfc5ZT=w285-h217-no\" alt=\"\" width=\"105\" height=\"80\" \/><p class=\"wp-caption-text\"><a href=\"https:\/\/ennalit.wordpress.com\/2019\/12\/01\/challenge-petit-bac-2020-qui-veut-jouer\/\">Challenge Petit Bac d&rsquo;Enna<\/a> #9 Cat\u00e9gorie Son: \u00ab\u00a0Blues\u00a0\u00bb<\/p><\/div>\n","protected":false},"excerpt":{"rendered":"<p>Pour cette journ\u00e9e \u00ab\u00a0Album jeunesse\u00a0\u00bb du 6 septembre 2020 du Mois Am\u00e9ricain, nous lisons Blues Bayou de Benjamin Lacombe et Daniela Cytryn (\u00e9d. Milan Jeunesse, 2009), un album jeunesse \u00e0 partir de 3 ans. Dans le Mississipi des ann\u00e9es 30, deux enfants d\u2019une dizaine d\u2019ann\u00e9es, James et Amy sont amis et font fi de leur [&hellip;]<\/p>\n","protected":false},"author":1,"featured_media":12128,"comment_status":"open","ping_status":"open","sticky":false,"template":"","format":"standard","meta":{"jetpack_post_was_ever_published":false,"_jetpack_newsletter_access":"","_jetpack_dont_email_post_to_subs":false,"_jetpack_newsletter_tier_id":0,"_jetpack_memberships_contains_paywalled_content":false,"_jetpack_memberships_contains_paid_content":false,"footnotes":""},"categories":[363],"tags":[785,409,386,1734,1293,1730,1352,556,1731,1724,1710,367,1733,908,1732,465],"class_list":["post-12122","post","type-post","status-publish","format-standard","has-post-thumbnail","hentry","category-mini-lecteur","tag-3-6-ans","tag-albums-jeunesse","tag-amitie","tag-bayou","tag-benjamin-lacombe","tag-blues-bayou","tag-challenge-petit-bac-2020","tag-dangers","tag-daniela-cytryn","tag-etats-unis","tag-le-mois-americain-2020","tag-lecture-jeunesse","tag-mississipi","tag-ogre","tag-segregation","tag-tolerance","post-preview"],"jetpack_featured_media_url":"https:\/\/i0.wp.com\/www.jojoenherbe.com\/wp-content\/uploads\/2020\/09\/Blues-Bayou-scaled.jpg?fit=2560%2C1920","jetpack_sharing_enabled":true,"jetpack_shortlink":"https:\/\/wp.me\/p9zhGx-39w","jetpack_likes_enabled":true,"jetpack-related-posts":[{"id":12064,"url":"http:\/\/www.jojoenherbe.com\/index.php\/2020\/09\/04\/petit-recap-du-mois-americain-2020\/","url_meta":{"origin":12122,"position":0},"title":"Petit r\u00e9cap&rsquo; du Mois Am\u00e9ricain 2020","author":"Jojo","date":"4 septembre 2020","format":false,"excerpt":"Je participe, pour la premi\u00e8re fois cette ann\u00e9e, au Mois Am\u00e9ricain propos\u00e9 par Titine du blog \"Plaisir \u00e0 cultiver\" tout au long du mois de septembre 2020. Pour plus d\u2019infos, n\u2019h\u00e9sitez pas \u00e0 aller sur son blog, sur le groupe Facebook du Mois Am\u00e9ricain ou sur le compte Instagram avec\u2026","rel":"","context":"Dans &quot;Mini challenger&quot;","block_context":{"text":"Mini challenger","link":"http:\/\/www.jojoenherbe.com\/index.php\/category\/mini-challenger\/"},"img":{"alt_text":"","src":"https:\/\/i0.wp.com\/www.jojoenherbe.com\/wp-content\/uploads\/2020\/09\/programme-Mois-Americain-2020-294x300.jpg?resize=350%2C200","width":350,"height":200},"classes":[]},{"id":34637,"url":"http:\/\/www.jojoenherbe.com\/index.php\/2024\/02\/02\/billet-de-suivi-african-american-history-month-challenge-2024\/","url_meta":{"origin":12122,"position":1},"title":"Billet de suivi: African-American History Month Challenge 2024","author":"Jojo","date":"2 f\u00e9vrier 2024","format":false,"excerpt":"Cette ann\u00e9e, je participe \u00e0 l'African-American History Month Challenge (AAHM Challenge) 2024 organis\u00e9 depuis plusieurs ann\u00e9es par Enna, tout au long du mois de f\u00e9vrier. Il s'agit de parler des Afro-Am\u00e9ricains dans l\u2019histoire ou dans la fiction. Pour plus d\u2019infos, n\u2019h\u00e9sitez pas \u00e0 aller sur son blog ou sur le\u2026","rel":"","context":"Dans &quot;Mini challenger&quot;","block_context":{"text":"Mini challenger","link":"http:\/\/www.jojoenherbe.com\/index.php\/category\/mini-challenger\/"},"img":{"alt_text":"","src":"https:\/\/i0.wp.com\/www.jojoenherbe.com\/wp-content\/uploads\/2024\/02\/AAHM-Challenge-2024.jpg?fit=960%2C480&resize=350%2C200","width":350,"height":200,"srcset":"https:\/\/i0.wp.com\/www.jojoenherbe.com\/wp-content\/uploads\/2024\/02\/AAHM-Challenge-2024.jpg?fit=960%2C480&resize=350%2C200 1x, https:\/\/i0.wp.com\/www.jojoenherbe.com\/wp-content\/uploads\/2024\/02\/AAHM-Challenge-2024.jpg?fit=960%2C480&resize=525%2C300 1.5x, https:\/\/i0.wp.com\/www.jojoenherbe.com\/wp-content\/uploads\/2024\/02\/AAHM-Challenge-2024.jpg?fit=960%2C480&resize=700%2C400 2x"},"classes":[]},{"id":12062,"url":"http:\/\/www.jojoenherbe.com\/index.php\/2020\/09\/01\/le-mois-des-contes-et-legendes-en-septembre-2020\/","url_meta":{"origin":12122,"position":2},"title":"Le mois des contes et l\u00e9gendes en septembre 2020","author":"Jojo","date":"1 septembre 2020","format":false,"excerpt":"Un mois de septembre 2020 s'annonce bien charg\u00e9 pour moi c\u00f4t\u00e9 challenges livresques. En plus d'\u00eatre le Mois Am\u00e9ricain, c'est aussi le Mois des Contes et L\u00e9gendes avec Bidib et son challenge Contes et L\u00e9gendes, un challenge qui me tient particuli\u00e8rement \u00e0 c\u0153ur comme celui de No\u00ebl. Bidib nous propose\u2026","rel":"","context":"Dans &quot;Mini challenger&quot;","block_context":{"text":"Mini challenger","link":"http:\/\/www.jojoenherbe.com\/index.php\/category\/mini-challenger\/"},"img":{"alt_text":"","src":"https:\/\/i0.wp.com\/www.jojoenherbe.com\/wp-content\/uploads\/2020\/09\/PAL-Le-mois-des-contes-et-legendes-2020-scaled.jpg?fit=1200%2C848&resize=350%2C200","width":350,"height":200,"srcset":"https:\/\/i0.wp.com\/www.jojoenherbe.com\/wp-content\/uploads\/2020\/09\/PAL-Le-mois-des-contes-et-legendes-2020-scaled.jpg?fit=1200%2C848&resize=350%2C200 1x, https:\/\/i0.wp.com\/www.jojoenherbe.com\/wp-content\/uploads\/2020\/09\/PAL-Le-mois-des-contes-et-legendes-2020-scaled.jpg?fit=1200%2C848&resize=525%2C300 1.5x, https:\/\/i0.wp.com\/www.jojoenherbe.com\/wp-content\/uploads\/2020\/09\/PAL-Le-mois-des-contes-et-legendes-2020-scaled.jpg?fit=1200%2C848&resize=700%2C400 2x, https:\/\/i0.wp.com\/www.jojoenherbe.com\/wp-content\/uploads\/2020\/09\/PAL-Le-mois-des-contes-et-legendes-2020-scaled.jpg?fit=1200%2C848&resize=1050%2C600 3x"},"classes":[]},{"id":11534,"url":"http:\/\/www.jojoenherbe.com\/index.php\/2020\/09\/08\/au-fil-des-pages-avec-le-magicien-doz\/","url_meta":{"origin":12122,"position":3},"title":"Au fil des pages avec Le Magicien d&rsquo;Oz","author":"Jojo","date":"8 septembre 2020","format":false,"excerpt":"J'emprunte \u00e0 la m\u00e9diath\u00e8que Le Magicien d'Oz de S\u00e9bastien Perez et Benjamin Lacombe, d'apr\u00e8s Lyman Frank Baum (\u00e9d. Albin Michel Jeunesse, 2018),\u00a0 un album jeunesse \u00e0 partir de 9 ans voire un peu plus puisqu'il s'agit plut\u00f4t d'un roman illustr\u00e9. Quelle superbe adaptation de l\u2019\u0153uvre de L.F. Baum publi\u00e9 en\u2026","rel":"","context":"Dans &quot;Mini lecteur&quot;","block_context":{"text":"Mini lecteur","link":"http:\/\/www.jojoenherbe.com\/index.php\/category\/mini-lecteur\/"},"img":{"alt_text":"","src":"https:\/\/i0.wp.com\/www.jojoenherbe.com\/wp-content\/uploads\/2020\/07\/Le-magicien-dOz-scaled.jpg?fit=1200%2C900&resize=350%2C200","width":350,"height":200,"srcset":"https:\/\/i0.wp.com\/www.jojoenherbe.com\/wp-content\/uploads\/2020\/07\/Le-magicien-dOz-scaled.jpg?fit=1200%2C900&resize=350%2C200 1x, https:\/\/i0.wp.com\/www.jojoenherbe.com\/wp-content\/uploads\/2020\/07\/Le-magicien-dOz-scaled.jpg?fit=1200%2C900&resize=525%2C300 1.5x, https:\/\/i0.wp.com\/www.jojoenherbe.com\/wp-content\/uploads\/2020\/07\/Le-magicien-dOz-scaled.jpg?fit=1200%2C900&resize=700%2C400 2x, https:\/\/i0.wp.com\/www.jojoenherbe.com\/wp-content\/uploads\/2020\/07\/Le-magicien-dOz-scaled.jpg?fit=1200%2C900&resize=1050%2C600 3x"},"classes":[]},{"id":17091,"url":"http:\/\/www.jojoenherbe.com\/index.php\/2021\/04\/06\/au-fil-des-pages-avec-les-amants-papillons\/","url_meta":{"origin":12122,"position":4},"title":"Au fil des pages avec Les amants papillons","author":"Jojo","date":"6 avril 2021","format":false,"excerpt":"Pour Un mois au Japon 2021, je lis un livre que j'avais rep\u00e9r\u00e9 depuis longtemps, Les amants papillons de Benjamin Lacombe (\u00e9d. Seuil Jeunesse, 2007), un album jeunesse grand format pour les 6\/9 ans selon l\u2019\u00e9diteur mais class\u00e9 dans la section Ados de notre m\u00e9diath\u00e8que et avec un petit lexique\u2026","rel":"","context":"Dans &quot;Mini lecteur&quot;","block_context":{"text":"Mini lecteur","link":"http:\/\/www.jojoenherbe.com\/index.php\/category\/mini-lecteur\/"},"img":{"alt_text":"","src":"https:\/\/i0.wp.com\/www.jojoenherbe.com\/wp-content\/uploads\/2021\/04\/Les-amants-papillons-1-scaled.jpg?fit=1200%2C900&resize=350%2C200","width":350,"height":200,"srcset":"https:\/\/i0.wp.com\/www.jojoenherbe.com\/wp-content\/uploads\/2021\/04\/Les-amants-papillons-1-scaled.jpg?fit=1200%2C900&resize=350%2C200 1x, https:\/\/i0.wp.com\/www.jojoenherbe.com\/wp-content\/uploads\/2021\/04\/Les-amants-papillons-1-scaled.jpg?fit=1200%2C900&resize=525%2C300 1.5x, https:\/\/i0.wp.com\/www.jojoenherbe.com\/wp-content\/uploads\/2021\/04\/Les-amants-papillons-1-scaled.jpg?fit=1200%2C900&resize=700%2C400 2x, https:\/\/i0.wp.com\/www.jojoenherbe.com\/wp-content\/uploads\/2021\/04\/Les-amants-papillons-1-scaled.jpg?fit=1200%2C900&resize=1050%2C600 3x"},"classes":[]},{"id":12470,"url":"http:\/\/www.jojoenherbe.com\/index.php\/2020\/09\/25\/au-fil-des-pages-avec-hina-et-le-prince-du-lac-vahiria\/","url_meta":{"origin":12122,"position":5},"title":"Au fil des pages avec Hina et le prince du lac Vahiria","author":"Jojo","date":"25 septembre 2020","format":false,"excerpt":"Pour la piste n\u00b07 du Mois des Contes et L\u00e9gendes 2020, \"Escale en Oc\u00e9anie\", j'emprunte \u00e0 la m\u00e9diath\u00e8que un conte de Tahiti \u00e9galement appel\u00e9 la l\u00e9gende du cocotier: Hina et le prince du lac Vahiria de C\u00e9line Ripoll et Daniela Cytryn (\u00e9d. du Sorbier, coll. \"Au berceau du monde\", 2009),\u2026","rel":"","context":"Dans &quot;Mini lecteur&quot;","block_context":{"text":"Mini lecteur","link":"http:\/\/www.jojoenherbe.com\/index.php\/category\/mini-lecteur\/"},"img":{"alt_text":"","src":"https:\/\/i0.wp.com\/www.jojoenherbe.com\/wp-content\/uploads\/2020\/09\/Hina-et-le-prince-du-lac-Vahiria-scaled.jpg?fit=1200%2C900&resize=350%2C200","width":350,"height":200,"srcset":"https:\/\/i0.wp.com\/www.jojoenherbe.com\/wp-content\/uploads\/2020\/09\/Hina-et-le-prince-du-lac-Vahiria-scaled.jpg?fit=1200%2C900&resize=350%2C200 1x, https:\/\/i0.wp.com\/www.jojoenherbe.com\/wp-content\/uploads\/2020\/09\/Hina-et-le-prince-du-lac-Vahiria-scaled.jpg?fit=1200%2C900&resize=525%2C300 1.5x, https:\/\/i0.wp.com\/www.jojoenherbe.com\/wp-content\/uploads\/2020\/09\/Hina-et-le-prince-du-lac-Vahiria-scaled.jpg?fit=1200%2C900&resize=700%2C400 2x, https:\/\/i0.wp.com\/www.jojoenherbe.com\/wp-content\/uploads\/2020\/09\/Hina-et-le-prince-du-lac-Vahiria-scaled.jpg?fit=1200%2C900&resize=1050%2C600 3x"},"classes":[]}],"_links":{"self":[{"href":"http:\/\/www.jojoenherbe.com\/index.php\/wp-json\/wp\/v2\/posts\/12122","targetHints":{"allow":["GET"]}}],"collection":[{"href":"http:\/\/www.jojoenherbe.com\/index.php\/wp-json\/wp\/v2\/posts"}],"about":[{"href":"http:\/\/www.jojoenherbe.com\/index.php\/wp-json\/wp\/v2\/types\/post"}],"author":[{"embeddable":true,"href":"http:\/\/www.jojoenherbe.com\/index.php\/wp-json\/wp\/v2\/users\/1"}],"replies":[{"embeddable":true,"href":"http:\/\/www.jojoenherbe.com\/index.php\/wp-json\/wp\/v2\/comments?post=12122"}],"version-history":[{"count":2,"href":"http:\/\/www.jojoenherbe.com\/index.php\/wp-json\/wp\/v2\/posts\/12122\/revisions"}],"predecessor-version":[{"id":36147,"href":"http:\/\/www.jojoenherbe.com\/index.php\/wp-json\/wp\/v2\/posts\/12122\/revisions\/36147"}],"wp:featuredmedia":[{"embeddable":true,"href":"http:\/\/www.jojoenherbe.com\/index.php\/wp-json\/wp\/v2\/media\/12128"}],"wp:attachment":[{"href":"http:\/\/www.jojoenherbe.com\/index.php\/wp-json\/wp\/v2\/media?parent=12122"}],"wp:term":[{"taxonomy":"category","embeddable":true,"href":"http:\/\/www.jojoenherbe.com\/index.php\/wp-json\/wp\/v2\/categories?post=12122"},{"taxonomy":"post_tag","embeddable":true,"href":"http:\/\/www.jojoenherbe.com\/index.php\/wp-json\/wp\/v2\/tags?post=12122"}],"curies":[{"name":"wp","href":"https:\/\/api.w.org\/{rel}","templated":true}]}}