{"id":12074,"date":"2020-09-03T12:05:12","date_gmt":"2020-09-03T10:05:12","guid":{"rendered":"http:\/\/www.jojoenherbe.com\/?p=12074"},"modified":"2023-03-02T13:05:09","modified_gmt":"2023-03-02T12:05:09","slug":"au-fil-des-pages-avec-pierre-et-le-loup","status":"publish","type":"post","link":"http:\/\/www.jojoenherbe.com\/index.php\/2020\/09\/03\/au-fil-des-pages-avec-pierre-et-le-loup\/","title":{"rendered":"Au fil des pages avec Pierre et le loup"},"content":{"rendered":"<p style=\"text-align: justify;\"><em><a href=\"https:\/\/i0.wp.com\/www.jojoenherbe.com\/wp-content\/uploads\/2020\/09\/Pierre-et-le-loup-2-scaled.jpg\"><img data-recalc-dims=\"1\" loading=\"lazy\" decoding=\"async\" data-attachment-id=\"12085\" data-permalink=\"http:\/\/www.jojoenherbe.com\/index.php\/2020\/09\/03\/au-fil-des-pages-avec-pierre-et-le-loup\/pierre-et-le-loup-2\/\" data-orig-file=\"https:\/\/i0.wp.com\/www.jojoenherbe.com\/wp-content\/uploads\/2020\/09\/Pierre-et-le-loup-2-scaled.jpg?fit=2560%2C1920\" data-orig-size=\"2560,1920\" data-comments-opened=\"1\" data-image-meta=\"{&quot;aperture&quot;:&quot;1.8&quot;,&quot;credit&quot;:&quot;&quot;,&quot;camera&quot;:&quot;iPhone 7&quot;,&quot;caption&quot;:&quot;&quot;,&quot;created_timestamp&quot;:&quot;1598896512&quot;,&quot;copyright&quot;:&quot;&quot;,&quot;focal_length&quot;:&quot;3.99&quot;,&quot;iso&quot;:&quot;50&quot;,&quot;shutter_speed&quot;:&quot;0.058823529411765&quot;,&quot;title&quot;:&quot;&quot;,&quot;orientation&quot;:&quot;1&quot;}\" data-image-title=\"Pierre et le loup 2\" data-image-description=\"\" data-image-caption=\"\" data-large-file=\"https:\/\/i0.wp.com\/www.jojoenherbe.com\/wp-content\/uploads\/2020\/09\/Pierre-et-le-loup-2-scaled.jpg?fit=676%2C507\" class=\"alignleft size-thumbnail wp-image-12085\" src=\"https:\/\/i0.wp.com\/www.jojoenherbe.com\/wp-content\/uploads\/2020\/09\/Pierre-et-le-loup-2.jpg?resize=150%2C150\" alt=\"\" width=\"150\" height=\"150\" srcset=\"https:\/\/i0.wp.com\/www.jojoenherbe.com\/wp-content\/uploads\/2020\/09\/Pierre-et-le-loup-2-scaled.jpg?resize=150%2C150 150w, https:\/\/i0.wp.com\/www.jojoenherbe.com\/wp-content\/uploads\/2020\/09\/Pierre-et-le-loup-2-scaled.jpg?zoom=2&amp;resize=150%2C150 300w, https:\/\/i0.wp.com\/www.jojoenherbe.com\/wp-content\/uploads\/2020\/09\/Pierre-et-le-loup-2-scaled.jpg?zoom=3&amp;resize=150%2C150 450w\" sizes=\"auto, (max-width: 150px) 100vw, 150px\" \/><\/a> <a href=\"https:\/\/i0.wp.com\/www.jojoenherbe.com\/wp-content\/uploads\/2020\/09\/Pierre-et-le-loup-3-scaled.jpg\"><img data-recalc-dims=\"1\" loading=\"lazy\" decoding=\"async\" data-attachment-id=\"12086\" data-permalink=\"http:\/\/www.jojoenherbe.com\/index.php\/2020\/09\/03\/au-fil-des-pages-avec-pierre-et-le-loup\/pierre-et-le-loup-3\/\" data-orig-file=\"https:\/\/i0.wp.com\/www.jojoenherbe.com\/wp-content\/uploads\/2020\/09\/Pierre-et-le-loup-3-scaled.jpg?fit=2560%2C1920\" data-orig-size=\"2560,1920\" data-comments-opened=\"1\" data-image-meta=\"{&quot;aperture&quot;:&quot;1.8&quot;,&quot;credit&quot;:&quot;&quot;,&quot;camera&quot;:&quot;iPhone 7&quot;,&quot;caption&quot;:&quot;&quot;,&quot;created_timestamp&quot;:&quot;1598896563&quot;,&quot;copyright&quot;:&quot;&quot;,&quot;focal_length&quot;:&quot;3.99&quot;,&quot;iso&quot;:&quot;40&quot;,&quot;shutter_speed&quot;:&quot;0.05&quot;,&quot;title&quot;:&quot;&quot;,&quot;orientation&quot;:&quot;1&quot;}\" data-image-title=\"Pierre et le loup 3\" data-image-description=\"\" data-image-caption=\"\" data-large-file=\"https:\/\/i0.wp.com\/www.jojoenherbe.com\/wp-content\/uploads\/2020\/09\/Pierre-et-le-loup-3-scaled.jpg?fit=676%2C507\" class=\"alignleft size-thumbnail wp-image-12086\" src=\"https:\/\/i0.wp.com\/www.jojoenherbe.com\/wp-content\/uploads\/2020\/09\/Pierre-et-le-loup-3.jpg?resize=150%2C150\" alt=\"\" width=\"150\" height=\"150\" srcset=\"https:\/\/i0.wp.com\/www.jojoenherbe.com\/wp-content\/uploads\/2020\/09\/Pierre-et-le-loup-3-scaled.jpg?resize=150%2C150 150w, https:\/\/i0.wp.com\/www.jojoenherbe.com\/wp-content\/uploads\/2020\/09\/Pierre-et-le-loup-3-scaled.jpg?zoom=2&amp;resize=150%2C150 300w, https:\/\/i0.wp.com\/www.jojoenherbe.com\/wp-content\/uploads\/2020\/09\/Pierre-et-le-loup-3-scaled.jpg?zoom=3&amp;resize=150%2C150 450w\" sizes=\"auto, (max-width: 150px) 100vw, 150px\" \/><\/a>Nous empruntons pendant l&rsquo;\u00e9t\u00e9 \u00e0 la m\u00e9diath\u00e8que <span style=\"text-decoration: underline;\">Pierre et le loup<\/span> de Sergue\u00ef Prokofiev, illustr\u00e9 par Olivier Tallec et racont\u00e9 par Bernard Giraudeau et avec l&rsquo;Orchestre National de France (\u00e9d. Gallimard Jeunesse, coll. \u00ab\u00a0les albums musique\u00a0\u00bb, 2019), un album jeunesse \u00e0 partir de 4 ans et accompagn\u00e9 d&rsquo;un CD. Comme l&rsquo;indiquent les premi\u00e8res pages de l&rsquo;album, cette histoire est cont\u00e9e par la musique, chaque instrument de l&rsquo;orchestre \u00e9tant associ\u00e9 \u00e0 un personnage de l&rsquo;histoire. Nous suivons Pierre, un petit gar\u00e7on courageux et ing\u00e9nieux qui d\u00e9cide, contre l&rsquo;avis de son grand-p\u00e8re, de d\u00e9fier un loup gris.<br \/>\n<\/em><\/p>\n<p style=\"text-align: justify;\"><em><a href=\"https:\/\/i0.wp.com\/www.jojoenherbe.com\/wp-content\/uploads\/2020\/09\/Pierre-et-le-loup-4-scaled.jpg\"><img data-recalc-dims=\"1\" loading=\"lazy\" decoding=\"async\" data-attachment-id=\"12087\" data-permalink=\"http:\/\/www.jojoenherbe.com\/index.php\/2020\/09\/03\/au-fil-des-pages-avec-pierre-et-le-loup\/pierre-et-le-loup-4\/\" data-orig-file=\"https:\/\/i0.wp.com\/www.jojoenherbe.com\/wp-content\/uploads\/2020\/09\/Pierre-et-le-loup-4-scaled.jpg?fit=2560%2C1920\" data-orig-size=\"2560,1920\" data-comments-opened=\"1\" data-image-meta=\"{&quot;aperture&quot;:&quot;1.8&quot;,&quot;credit&quot;:&quot;&quot;,&quot;camera&quot;:&quot;iPhone 7&quot;,&quot;caption&quot;:&quot;&quot;,&quot;created_timestamp&quot;:&quot;1598896587&quot;,&quot;copyright&quot;:&quot;&quot;,&quot;focal_length&quot;:&quot;3.99&quot;,&quot;iso&quot;:&quot;40&quot;,&quot;shutter_speed&quot;:&quot;0.058823529411765&quot;,&quot;title&quot;:&quot;&quot;,&quot;orientation&quot;:&quot;1&quot;}\" data-image-title=\"Pierre et le loup 4\" data-image-description=\"\" data-image-caption=\"\" data-large-file=\"https:\/\/i0.wp.com\/www.jojoenherbe.com\/wp-content\/uploads\/2020\/09\/Pierre-et-le-loup-4-scaled.jpg?fit=676%2C507\" class=\"size-thumbnail wp-image-12087 alignright\" src=\"https:\/\/i0.wp.com\/www.jojoenherbe.com\/wp-content\/uploads\/2020\/09\/Pierre-et-le-loup-4.jpg?resize=150%2C150\" alt=\"\" width=\"150\" height=\"150\" srcset=\"https:\/\/i0.wp.com\/www.jojoenherbe.com\/wp-content\/uploads\/2020\/09\/Pierre-et-le-loup-4-scaled.jpg?resize=150%2C150 150w, https:\/\/i0.wp.com\/www.jojoenherbe.com\/wp-content\/uploads\/2020\/09\/Pierre-et-le-loup-4-scaled.jpg?zoom=2&amp;resize=150%2C150 300w, https:\/\/i0.wp.com\/www.jojoenherbe.com\/wp-content\/uploads\/2020\/09\/Pierre-et-le-loup-4-scaled.jpg?zoom=3&amp;resize=150%2C150 450w\" sizes=\"auto, (max-width: 150px) 100vw, 150px\" \/><\/a>Les illustrations d&rsquo;Oliver Tallec sont magnifiques (\u00e0 l&rsquo;instar de la page de garde) et accompagnent \u00e0 merveille le texte tendre et avec un brin d&rsquo;humour qui s&rsquo;entend dans la voix de Bernard Giraudeau. Certaines de ses intonations me rappellent d&rsquo;ailleurs la version de Disney (la version de Disney datant de 1956 et \u00e9tant beaucoup plus violente notamment les coups du grand-p\u00e8re \u00e0 l&rsquo;encontre de Pierre). C&rsquo;est une version tr\u00e8s r\u00e9ussie du conte musical de Sergue\u00ef Prokofiev publi\u00e9 en 1936. Un grand classique que nous avons eu plaisir de r\u00e9\u00e9couter! Avec ce conte musical, je participe au jeu de pistes du Mois des Contes et L\u00e9gendes de <a href=\"http:\/\/mapetitemediatheque.fr\/2020\/09\/le-mois-des-contes-et-legendes-2020\/\">Bidib<\/a> pour la piste n\u00b03.<br \/>\n<\/em><\/p>\n<div id=\"attachment_10219\" style=\"width: 112px\" class=\"wp-caption alignleft\"><img data-recalc-dims=\"1\" loading=\"lazy\" decoding=\"async\" aria-describedby=\"caption-attachment-10219\" data-attachment-id=\"10219\" data-permalink=\"http:\/\/www.jojoenherbe.com\/index.php\/2020\/03\/02\/au-fil-des-pages-avec-lievre-et-ours-sous-la-neige\/lievre-et-ours-sous-la-neige\/\" data-orig-file=\"https:\/\/i0.wp.com\/www.jojoenherbe.com\/wp-content\/uploads\/2020\/03\/Li%C3%A8vre-et-Ours-sous-la-neige-scaled.jpg?fit=2560%2C1892\" data-orig-size=\"2560,1892\" data-comments-opened=\"1\" data-image-meta=\"{&quot;aperture&quot;:&quot;2.4&quot;,&quot;credit&quot;:&quot;&quot;,&quot;camera&quot;:&quot;iPhone 4S&quot;,&quot;caption&quot;:&quot;&quot;,&quot;created_timestamp&quot;:&quot;1583147305&quot;,&quot;copyright&quot;:&quot;&quot;,&quot;focal_length&quot;:&quot;4.28&quot;,&quot;iso&quot;:&quot;640&quot;,&quot;shutter_speed&quot;:&quot;0.066666666666667&quot;,&quot;title&quot;:&quot;&quot;,&quot;orientation&quot;:&quot;1&quot;}\" data-image-title=\"Li\u00e8vre et Ours, sous la neige\" data-image-description=\"\" data-image-caption=\"\" data-large-file=\"https:\/\/i0.wp.com\/www.jojoenherbe.com\/wp-content\/uploads\/2020\/03\/Li%C3%A8vre-et-Ours-sous-la-neige-scaled.jpg?fit=676%2C500\" class=\"wp-image-10219\" src=\"https:\/\/i0.wp.com\/mapetitemediatheque.fr\/wp-content\/uploads\/2018\/11\/challenge-contes-et-l%C3%A9gendes.jpg?resize=102%2C128\" sizes=\"auto, (max-width: 343px) 100vw, 343px\" srcset=\"http:\/\/mapetitemediatheque.fr\/wp-content\/uploads\/2018\/11\/challenge-contes-et-l\u00e9gendes.jpg 343w, http:\/\/mapetitemediatheque.fr\/wp-content\/uploads\/2018\/11\/challenge-contes-et-l\u00e9gendes-239x300.jpg 239w\" alt=\"\" width=\"102\" height=\"128\"><p id=\"caption-attachment-10219\" class=\"wp-caption-text\">Participation #38 Contes &amp; L\u00e9gendes 2020 de <a href=\"http:\/\/mapetitemediatheque.fr\/2020\/01\/challenge-contes-et-legendes-2020\/\">Bidib<\/a> #conte musical<\/p><\/div>\n<div style=\"width: 128px\" class=\"wp-caption alignleft\"><img loading=\"lazy\" decoding=\"async\" class=\"\" src=\"https:\/\/lh3.googleusercontent.com\/yeyHsyE8ePB9xQx2t9obPo4nIUGeuGsS-P1wwGiEip3f9lcFED23VkM1Pr5hYoy4puCex2GzVOyZNHjl5qeUnhImyiKFqwfTaONmF_HEc7SEvgxhr1eZXuJ6zzg9JfEY4XADWBPBCxMLePs3HiWfgCjRFVaAIkiQhaX8RGfOMzZhoMNQUFFuWlglQGRva5RIkSFvo7nk3yMWVz4PgUXBK3Uof2Hf073K4C6YvQC1u6gRN2BCr4tNyqitAlYfULcqVlua9UK9L5kLVOZWs2-xrAzDf1K3rxU8pxE6Fdm1EI8_YbPW09CsTNa9CW1z0lvieJ6Ify6BbltA9XBnOC99XwB4E833hDdb9KWRbKTb8bwsVGIAFF1x2JkOCAWTkq3OtXJmlgaccySEr2PvCr9rzIA4GtrzB04GpU7RNPlnkfNDjtPoy6UR5nf5SD-RQvfrkHaKDQocAHpi1MoHr0bWF4h3F08r5y_TM01DqKXAgeInHehhuxNBZ4LGs7Emk2ol6RPfVd4UEj0916JVKRknXSsSbJG_50ptPlCGTOdHDTOUMc6x63Wp68_DnNhG9qn5FPKuDHhZvC008a4nifQFWuKVT6HvqNgW-LcvXb0wnjbSwgS8qwHb3LtHJj3uAe971aQRDPkS146UchPgCLNczeUje4Y3YFpuV4P1KYu67RSdAOITJNzzSRO2Dycc1PCqSdc7IoPwLu0-aT-FJ0m-KvlkUQLXoamPhl2WKbODyZSfc5ZT=w285-h217-no\" alt=\"\" width=\"118\" height=\"90\"><p class=\"wp-caption-text\"><a href=\"https:\/\/ennalit.wordpress.com\/2019\/12\/01\/challenge-petit-bac-2020-qui-veut-jouer\/\">Challenge Petit Bac d&rsquo;Enna<\/a> #8 Cat\u00e9gorie Pr\u00e9nom: \u00ab\u00a0Pierre\u00a0\u00bb<\/p><\/div>\n<div id=\"attachment_37710\" style=\"width: 137px\" class=\"wp-caption alignleft\"><img data-recalc-dims=\"1\" loading=\"lazy\" decoding=\"async\" aria-describedby=\"caption-attachment-37710\" class=\"wp-image-37710\" src=\"https:\/\/i0.wp.com\/delivrer-des-livres.fr\/wp-content\/uploads\/2020\/01\/Logo-Challenge-Classique-2020bis-300x225.jpg?resize=127%2C95&#038;ssl=1\" sizes=\"auto, (max-width: 300px) 100vw, 300px\" srcset=\"https:\/\/delivrer-des-livres.fr\/wp-content\/uploads\/2020\/01\/Logo-Challenge-Classique-2020bis-300x225.jpg 300w, https:\/\/delivrer-des-livres.fr\/wp-content\/uploads\/2020\/01\/Logo-Challenge-Classique-2020bis-150x113.jpg 150w, https:\/\/delivrer-des-livres.fr\/wp-content\/uploads\/2020\/01\/Logo-Challenge-Classique-2020bis-410x308.jpg 410w, https:\/\/delivrer-des-livres.fr\/wp-content\/uploads\/2020\/01\/Logo-Challenge-Classique-2020bis.jpg 453w\" alt=\"ann\u00e9e\" width=\"127\" height=\"95\"><p id=\"caption-attachment-37710\" class=\"wp-caption-text\">Participation #12 au Challenge \u00ab\u00a0Cette ann\u00e9e, je (re)lis des classiques\u00a0\u00bb de <a href=\"https:\/\/delivrer-des-livres.fr\/challenge-classiques-3eme-annee\/\">Nathalie<\/a> et <a href=\"http:\/\/vivrelivre19.over-blog.com\/2020\/01\/challenge-cette-annee-je-re-lis-des-classiques-2020.html\">Blandine<\/a><\/p><\/div>\n","protected":false},"excerpt":{"rendered":"<p>Nous empruntons pendant l&rsquo;\u00e9t\u00e9 \u00e0 la m\u00e9diath\u00e8que Pierre et le loup de Sergue\u00ef Prokofiev, illustr\u00e9 par Olivier Tallec et racont\u00e9 par Bernard Giraudeau et avec l&rsquo;Orchestre National de France (\u00e9d. Gallimard Jeunesse, coll. \u00ab\u00a0les albums musique\u00a0\u00bb, 2019), un album jeunesse \u00e0 partir de 4 ans et accompagn\u00e9 d&rsquo;un CD. Comme l&rsquo;indiquent les premi\u00e8res pages de [&hellip;]<\/p>\n","protected":false},"author":1,"featured_media":12088,"comment_status":"open","ping_status":"open","sticky":false,"template":"","format":"standard","meta":{"jetpack_post_was_ever_published":false,"_jetpack_newsletter_access":"","_jetpack_dont_email_post_to_subs":false,"_jetpack_newsletter_tier_id":0,"_jetpack_memberships_contains_paywalled_content":false,"_jetpack_memberships_contains_paid_content":false,"footnotes":""},"categories":[363],"tags":[1031,1713,409,472,1351,1365,1352,705,703,367,1717,3652,541,632,393,1714,1715,1716],"class_list":["post-12074","post","type-post","status-publish","format-standard","has-post-thumbnail","hentry","category-mini-lecteur","tag-4-7-ans","tag-album-musical","tag-albums-jeunesse","tag-canard","tag-cette-annee-je-relis-des-classiques-2020","tag-challenge-contes-et-legendes-2020","tag-challenge-petit-bac-2020","tag-chat","tag-garcon","tag-lecture-jeunesse","tag-litterature-russe","tag-livre-cd","tag-loup","tag-musique","tag-oiseau","tag-olivier-tallec","tag-pierre-et-le-loup","tag-russie","post-preview"],"jetpack_featured_media_url":"https:\/\/i0.wp.com\/www.jojoenherbe.com\/wp-content\/uploads\/2020\/09\/Pierre-et-le-loup-scaled.jpg?fit=2560%2C1920","jetpack_sharing_enabled":true,"jetpack_shortlink":"https:\/\/wp.me\/p9zhGx-38K","jetpack_likes_enabled":true,"jetpack-related-posts":[{"id":12062,"url":"http:\/\/www.jojoenherbe.com\/index.php\/2020\/09\/01\/le-mois-des-contes-et-legendes-en-septembre-2020\/","url_meta":{"origin":12074,"position":0},"title":"Le mois des contes et l\u00e9gendes en septembre 2020","author":"Jojo","date":"1 septembre 2020","format":false,"excerpt":"Un mois de septembre 2020 s'annonce bien charg\u00e9 pour moi c\u00f4t\u00e9 challenges livresques. En plus d'\u00eatre le Mois Am\u00e9ricain, c'est aussi le Mois des Contes et L\u00e9gendes avec Bidib et son challenge Contes et L\u00e9gendes, un challenge qui me tient particuli\u00e8rement \u00e0 c\u0153ur comme celui de No\u00ebl. Bidib nous propose\u2026","rel":"","context":"Dans &quot;Mini challenger&quot;","block_context":{"text":"Mini challenger","link":"http:\/\/www.jojoenherbe.com\/index.php\/category\/mini-challenger\/"},"img":{"alt_text":"","src":"https:\/\/i0.wp.com\/www.jojoenherbe.com\/wp-content\/uploads\/2020\/09\/PAL-Le-mois-des-contes-et-legendes-2020-scaled.jpg?fit=1200%2C848&resize=350%2C200","width":350,"height":200,"srcset":"https:\/\/i0.wp.com\/www.jojoenherbe.com\/wp-content\/uploads\/2020\/09\/PAL-Le-mois-des-contes-et-legendes-2020-scaled.jpg?fit=1200%2C848&resize=350%2C200 1x, https:\/\/i0.wp.com\/www.jojoenherbe.com\/wp-content\/uploads\/2020\/09\/PAL-Le-mois-des-contes-et-legendes-2020-scaled.jpg?fit=1200%2C848&resize=525%2C300 1.5x, https:\/\/i0.wp.com\/www.jojoenherbe.com\/wp-content\/uploads\/2020\/09\/PAL-Le-mois-des-contes-et-legendes-2020-scaled.jpg?fit=1200%2C848&resize=700%2C400 2x, https:\/\/i0.wp.com\/www.jojoenherbe.com\/wp-content\/uploads\/2020\/09\/PAL-Le-mois-des-contes-et-legendes-2020-scaled.jpg?fit=1200%2C848&resize=1050%2C600 3x"},"classes":[]},{"id":7789,"url":"http:\/\/www.jojoenherbe.com\/index.php\/2019\/10\/03\/au-fil-des-pages-avec-des-instruments-de-musique\/","url_meta":{"origin":12074,"position":1},"title":"Au fil des pages avec des instruments de musique","author":"Jojo","date":"3 octobre 2019","format":false,"excerpt":"Nous empruntons \u00e0 la biblioth\u00e8que deux albums jeunesse abordant le th\u00e8me de la musique et par suite des instruments de musique. Nous commen\u00e7ons par Le piano des bois de Kazuo Iwamura (\u00e9d. L'\u00e9cole des loisirs, 2006), un album jeunesse \u00e0 partir de 3 ans, et m\u00eame avant. Nous retrouvons toute\u2026","rel":"","context":"Dans &quot;Mini lecteur&quot;","block_context":{"text":"Mini lecteur","link":"http:\/\/www.jojoenherbe.com\/index.php\/category\/mini-lecteur\/"},"img":{"alt_text":"","src":"https:\/\/i0.wp.com\/www.jojoenherbe.com\/wp-content\/uploads\/2019\/10\/Le-piano-des-bois-Jaune-Kajou.jpg?fit=1200%2C724&resize=350%2C200","width":350,"height":200,"srcset":"https:\/\/i0.wp.com\/www.jojoenherbe.com\/wp-content\/uploads\/2019\/10\/Le-piano-des-bois-Jaune-Kajou.jpg?fit=1200%2C724&resize=350%2C200 1x, https:\/\/i0.wp.com\/www.jojoenherbe.com\/wp-content\/uploads\/2019\/10\/Le-piano-des-bois-Jaune-Kajou.jpg?fit=1200%2C724&resize=525%2C300 1.5x, https:\/\/i0.wp.com\/www.jojoenherbe.com\/wp-content\/uploads\/2019\/10\/Le-piano-des-bois-Jaune-Kajou.jpg?fit=1200%2C724&resize=700%2C400 2x, https:\/\/i0.wp.com\/www.jojoenherbe.com\/wp-content\/uploads\/2019\/10\/Le-piano-des-bois-Jaune-Kajou.jpg?fit=1200%2C724&resize=1050%2C600 3x"},"classes":[]},{"id":9503,"url":"http:\/\/www.jojoenherbe.com\/index.php\/2020\/01\/09\/au-fil-des-pages-avec-la-galette-des-rois\/","url_meta":{"origin":12074,"position":2},"title":"Au fil des pages avec la galette des rois","author":"Jojo","date":"9 janvier 2020","format":false,"excerpt":"Cette ann\u00e9e, nous rajoutons dans nos lectures deux albums jeunesse sur le th\u00e8me de la galette des rois, apr\u00e8s avoir relu les trois ressortis de notre biblioth\u00e8que: P'tit Loup est le roi de la galette, Loup Gouloup et la lune et Petit Lapin Blanc et la galette des rois. Ces\u2026","rel":"","context":"Dans &quot;Mini lecteur&quot;","block_context":{"text":"Mini lecteur","link":"http:\/\/www.jojoenherbe.com\/index.php\/category\/mini-lecteur\/"},"img":{"alt_text":"","src":"https:\/\/i0.wp.com\/www.jojoenherbe.com\/wp-content\/uploads\/2020\/01\/Albums-jeunesse-Galette-des-rois-3-scaled.jpg?fit=1200%2C853&resize=350%2C200","width":350,"height":200,"srcset":"https:\/\/i0.wp.com\/www.jojoenherbe.com\/wp-content\/uploads\/2020\/01\/Albums-jeunesse-Galette-des-rois-3-scaled.jpg?fit=1200%2C853&resize=350%2C200 1x, https:\/\/i0.wp.com\/www.jojoenherbe.com\/wp-content\/uploads\/2020\/01\/Albums-jeunesse-Galette-des-rois-3-scaled.jpg?fit=1200%2C853&resize=525%2C300 1.5x, https:\/\/i0.wp.com\/www.jojoenherbe.com\/wp-content\/uploads\/2020\/01\/Albums-jeunesse-Galette-des-rois-3-scaled.jpg?fit=1200%2C853&resize=700%2C400 2x, https:\/\/i0.wp.com\/www.jojoenherbe.com\/wp-content\/uploads\/2020\/01\/Albums-jeunesse-Galette-des-rois-3-scaled.jpg?fit=1200%2C853&resize=1050%2C600 3x"},"classes":[]},{"id":14709,"url":"http:\/\/www.jojoenherbe.com\/index.php\/2021\/01\/02\/un-second-rat-post-noel-2020\/","url_meta":{"origin":12074,"position":3},"title":"Un second RAT post-No\u00ebl 2020","author":"Jojo","date":"2 janvier 2021","format":false,"excerpt":"Pour ce premier week-end de l'ann\u00e9e 2021, Chicky Poo et Samarian nous propose de cl\u00f4turer leur challenge Il \u00e9tait 8 fois No\u00ebl par un RAT post-No\u00ebl 2020. Dans notre PAL de ce week-end, nous avons encore quelques lectures de No\u00ebl, des relectures sur le th\u00e8me de la galette des rois\u2026","rel":"","context":"Dans &quot;Mini challenger&quot;","block_context":{"text":"Mini challenger","link":"http:\/\/www.jojoenherbe.com\/index.php\/category\/mini-challenger\/"},"img":{"alt_text":"","src":"https:\/\/i0.wp.com\/www.jojoenherbe.com\/wp-content\/uploads\/2021\/01\/PAL-2e-RAT-de-Noel-et-de-lhiver-scaled.jpg?fit=1200%2C851&resize=350%2C200","width":350,"height":200,"srcset":"https:\/\/i0.wp.com\/www.jojoenherbe.com\/wp-content\/uploads\/2021\/01\/PAL-2e-RAT-de-Noel-et-de-lhiver-scaled.jpg?fit=1200%2C851&resize=350%2C200 1x, https:\/\/i0.wp.com\/www.jojoenherbe.com\/wp-content\/uploads\/2021\/01\/PAL-2e-RAT-de-Noel-et-de-lhiver-scaled.jpg?fit=1200%2C851&resize=525%2C300 1.5x, https:\/\/i0.wp.com\/www.jojoenherbe.com\/wp-content\/uploads\/2021\/01\/PAL-2e-RAT-de-Noel-et-de-lhiver-scaled.jpg?fit=1200%2C851&resize=700%2C400 2x, https:\/\/i0.wp.com\/www.jojoenherbe.com\/wp-content\/uploads\/2021\/01\/PAL-2e-RAT-de-Noel-et-de-lhiver-scaled.jpg?fit=1200%2C851&resize=1050%2C600 3x"},"classes":[]},{"id":15357,"url":"http:\/\/www.jojoenherbe.com\/index.php\/2021\/01\/25\/au-fil-des-pages-avec-la-soupe-aux-pois\/","url_meta":{"origin":12074,"position":4},"title":"Au fil des pages avec La soupe aux pois","author":"Jojo","date":"25 janvier 2021","format":false,"excerpt":"Nous empruntons \u00e0 la m\u00e9diath\u00e8que La soupe aux pois de Fran\u00e7oise Diep et Magali Le Huche (\u00e9d. Didier Jeunesse, 2006), un album jeunesse \u00e0 partir de 3 ans. Lors d'un hiver glacial, Pierre et Toison avec leur b\u00e9b\u00e9 se retrouvent \u00e0 court de bois pour le feu. Pendant que Toison\u2026","rel":"","context":"Dans &quot;Mini lecteur&quot;","block_context":{"text":"Mini lecteur","link":"http:\/\/www.jojoenherbe.com\/index.php\/category\/mini-lecteur\/"},"img":{"alt_text":"","src":"https:\/\/i0.wp.com\/www.jojoenherbe.com\/wp-content\/uploads\/2021\/01\/La-soupe-aux-pois-scaled.jpg?fit=1200%2C900&resize=350%2C200","width":350,"height":200,"srcset":"https:\/\/i0.wp.com\/www.jojoenherbe.com\/wp-content\/uploads\/2021\/01\/La-soupe-aux-pois-scaled.jpg?fit=1200%2C900&resize=350%2C200 1x, https:\/\/i0.wp.com\/www.jojoenherbe.com\/wp-content\/uploads\/2021\/01\/La-soupe-aux-pois-scaled.jpg?fit=1200%2C900&resize=525%2C300 1.5x, https:\/\/i0.wp.com\/www.jojoenherbe.com\/wp-content\/uploads\/2021\/01\/La-soupe-aux-pois-scaled.jpg?fit=1200%2C900&resize=700%2C400 2x, https:\/\/i0.wp.com\/www.jojoenherbe.com\/wp-content\/uploads\/2021\/01\/La-soupe-aux-pois-scaled.jpg?fit=1200%2C900&resize=1050%2C600 3x"},"classes":[]},{"id":12670,"url":"http:\/\/www.jojoenherbe.com\/index.php\/2020\/10\/10\/au-fil-des-pages-avec-comment-etre-aime-quand-on-est-un-grand-mechant-loup\/","url_meta":{"origin":12074,"position":5},"title":"Au fil des pages avec Comment \u00eatre aim\u00e9 quand on est un Grand M\u00e9chant Loup?","author":"Jojo","date":"10 octobre 2020","format":false,"excerpt":"Emprunt\u00e9 \u00e0 la m\u00e9diath\u00e8que le mois dernier, nous lisons et relisons Comment \u00eatre aim\u00e9 quand on est un Grand M\u00e9chant Loup? de Christine Naumann-Villemin et Annick Masson (\u00e9d. Mijade, 2017), un album jeunesse \u00e0 partir de 3 ans et qui a fait partie de la s\u00e9lection CE1 du 31\u00e8me Prix\u2026","rel":"","context":"Dans &quot;Mini lecteur&quot;","block_context":{"text":"Mini lecteur","link":"http:\/\/www.jojoenherbe.com\/index.php\/category\/mini-lecteur\/"},"img":{"alt_text":"","src":"https:\/\/i0.wp.com\/www.jojoenherbe.com\/wp-content\/uploads\/2020\/10\/Comment-etre-aime-quand-on-est-un-Grand-Mechant-Loup-scaled.jpg?fit=1200%2C900&resize=350%2C200","width":350,"height":200,"srcset":"https:\/\/i0.wp.com\/www.jojoenherbe.com\/wp-content\/uploads\/2020\/10\/Comment-etre-aime-quand-on-est-un-Grand-Mechant-Loup-scaled.jpg?fit=1200%2C900&resize=350%2C200 1x, https:\/\/i0.wp.com\/www.jojoenherbe.com\/wp-content\/uploads\/2020\/10\/Comment-etre-aime-quand-on-est-un-Grand-Mechant-Loup-scaled.jpg?fit=1200%2C900&resize=525%2C300 1.5x, https:\/\/i0.wp.com\/www.jojoenherbe.com\/wp-content\/uploads\/2020\/10\/Comment-etre-aime-quand-on-est-un-Grand-Mechant-Loup-scaled.jpg?fit=1200%2C900&resize=700%2C400 2x, https:\/\/i0.wp.com\/www.jojoenherbe.com\/wp-content\/uploads\/2020\/10\/Comment-etre-aime-quand-on-est-un-Grand-Mechant-Loup-scaled.jpg?fit=1200%2C900&resize=1050%2C600 3x"},"classes":[]}],"_links":{"self":[{"href":"http:\/\/www.jojoenherbe.com\/index.php\/wp-json\/wp\/v2\/posts\/12074","targetHints":{"allow":["GET"]}}],"collection":[{"href":"http:\/\/www.jojoenherbe.com\/index.php\/wp-json\/wp\/v2\/posts"}],"about":[{"href":"http:\/\/www.jojoenherbe.com\/index.php\/wp-json\/wp\/v2\/types\/post"}],"author":[{"embeddable":true,"href":"http:\/\/www.jojoenherbe.com\/index.php\/wp-json\/wp\/v2\/users\/1"}],"replies":[{"embeddable":true,"href":"http:\/\/www.jojoenherbe.com\/index.php\/wp-json\/wp\/v2\/comments?post=12074"}],"version-history":[{"count":1,"href":"http:\/\/www.jojoenherbe.com\/index.php\/wp-json\/wp\/v2\/posts\/12074\/revisions"}],"predecessor-version":[{"id":30056,"href":"http:\/\/www.jojoenherbe.com\/index.php\/wp-json\/wp\/v2\/posts\/12074\/revisions\/30056"}],"wp:featuredmedia":[{"embeddable":true,"href":"http:\/\/www.jojoenherbe.com\/index.php\/wp-json\/wp\/v2\/media\/12088"}],"wp:attachment":[{"href":"http:\/\/www.jojoenherbe.com\/index.php\/wp-json\/wp\/v2\/media?parent=12074"}],"wp:term":[{"taxonomy":"category","embeddable":true,"href":"http:\/\/www.jojoenherbe.com\/index.php\/wp-json\/wp\/v2\/categories?post=12074"},{"taxonomy":"post_tag","embeddable":true,"href":"http:\/\/www.jojoenherbe.com\/index.php\/wp-json\/wp\/v2\/tags?post=12074"}],"curies":[{"name":"wp","href":"https:\/\/api.w.org\/{rel}","templated":true}]}}