{"id":12062,"date":"2020-09-01T08:51:27","date_gmt":"2020-09-01T06:51:27","guid":{"rendered":"http:\/\/www.jojoenherbe.com\/?p=12062"},"modified":"2021-12-06T16:53:49","modified_gmt":"2021-12-06T15:53:49","slug":"le-mois-des-contes-et-legendes-en-septembre-2020","status":"publish","type":"post","link":"http:\/\/www.jojoenherbe.com\/index.php\/2020\/09\/01\/le-mois-des-contes-et-legendes-en-septembre-2020\/","title":{"rendered":"Le mois des contes et l\u00e9gendes en septembre 2020"},"content":{"rendered":"<p style=\"text-align: justify;\"><em>Un mois de septembre 2020 s&rsquo;annonce bien charg\u00e9 pour moi c\u00f4t\u00e9 challenges livresques. En plus d&rsquo;\u00eatre le Mois Am\u00e9ricain, c&rsquo;est aussi le Mois des Contes et L\u00e9gendes avec Bidib et son challenge Contes et L\u00e9gendes, un challenge qui me tient particuli\u00e8rement \u00e0 c\u0153ur comme celui de No\u00ebl. <\/em><\/p>\n<p style=\"text-align: justify;\"><em>Bidib nous propose ainsi un jeu en 10 pistes:<\/em><\/p>\n<ol>\n<li style=\"text-align: justify;\"><span style=\"text-decoration: underline;\"><em><a href=\"https:\/\/i0.wp.com\/www.jojoenherbe.com\/wp-content\/uploads\/2020\/09\/Petit-Lievre-et-letranger-scaled.jpg\"><img data-recalc-dims=\"1\" loading=\"lazy\" decoding=\"async\" data-attachment-id=\"12345\" data-permalink=\"http:\/\/www.jojoenherbe.com\/index.php\/2020\/09\/21\/au-fil-des-pages-avec-petit-lievre-et-letranger\/petit-lievre-et-letranger\/\" data-orig-file=\"https:\/\/i0.wp.com\/www.jojoenherbe.com\/wp-content\/uploads\/2020\/09\/Petit-Lievre-et-letranger-scaled.jpg?fit=2560%2C1920\" data-orig-size=\"2560,1920\" data-comments-opened=\"1\" data-image-meta=\"{&quot;aperture&quot;:&quot;1.8&quot;,&quot;credit&quot;:&quot;&quot;,&quot;camera&quot;:&quot;iPhone 7&quot;,&quot;caption&quot;:&quot;&quot;,&quot;created_timestamp&quot;:&quot;1600074896&quot;,&quot;copyright&quot;:&quot;&quot;,&quot;focal_length&quot;:&quot;3.99&quot;,&quot;iso&quot;:&quot;100&quot;,&quot;shutter_speed&quot;:&quot;0.11111111111111&quot;,&quot;title&quot;:&quot;&quot;,&quot;orientation&quot;:&quot;1&quot;}\" data-image-title=\"Petit Li\u00e8vre et l&amp;rsquo;\u00e9tranger\" data-image-description=\"\" data-image-caption=\"\" data-large-file=\"https:\/\/i0.wp.com\/www.jojoenherbe.com\/wp-content\/uploads\/2020\/09\/Petit-Lievre-et-letranger-scaled.jpg?fit=676%2C507\" class=\"alignleft size-thumbnail wp-image-12345\" src=\"https:\/\/i0.wp.com\/www.jojoenherbe.com\/wp-content\/uploads\/2020\/09\/Petit-Lievre-et-letranger.jpg?resize=150%2C150\" alt=\"\" width=\"150\" height=\"150\" srcset=\"https:\/\/i0.wp.com\/www.jojoenherbe.com\/wp-content\/uploads\/2020\/09\/Petit-Lievre-et-letranger-scaled.jpg?resize=150%2C150 150w, https:\/\/i0.wp.com\/www.jojoenherbe.com\/wp-content\/uploads\/2020\/09\/Petit-Lievre-et-letranger-scaled.jpg?zoom=2&amp;resize=150%2C150 300w, https:\/\/i0.wp.com\/www.jojoenherbe.com\/wp-content\/uploads\/2020\/09\/Petit-Lievre-et-letranger-scaled.jpg?zoom=3&amp;resize=150%2C150 450w\" sizes=\"auto, (max-width: 150px) 100vw, 150px\" \/><\/a><\/em><\/span><strong><em>R\u00e8gne animal (conte ou l\u00e9gende mettant en sc\u00e8ne des animaux)<\/em><\/strong><em>: <a href=\"http:\/\/www.jojoenherbe.com\/index.php\/2020\/09\/21\/au-fil-des-pages-avec-petit-lievre-et-letranger\/\"><span style=\"text-decoration: underline;\">Petit Li\u00e8vre et l\u2019\u00c9tranger<\/span><\/a> de Jacqueline Guillemin et Vanessa Hi\u00e9 (\u00e9d. Nathan, coll. Musicontes, 2011), un album jeunesse \u00e0 partir de 3 ans et accompagn\u00e9 d&rsquo;un CD avec des extraits de musique am\u00e9rindienne.<br \/>\n<\/em><\/li>\n<li style=\"text-align: justify;\"><span style=\"text-decoration: underline;\"><em><a href=\"https:\/\/i0.wp.com\/www.jojoenherbe.com\/wp-content\/uploads\/2020\/09\/Le-loup-qui-decouvrait-le-pays-des-contes-scaled.jpg\"><img data-recalc-dims=\"1\" loading=\"lazy\" decoding=\"async\" data-attachment-id=\"12192\" data-permalink=\"http:\/\/www.jojoenherbe.com\/index.php\/2020\/09\/09\/au-fil-des-pages-avec-le-loup-qui-decouvrait-le-pays-des-contes\/le-loup-qui-decouvrait-le-pays-des-contes\/\" data-orig-file=\"https:\/\/i0.wp.com\/www.jojoenherbe.com\/wp-content\/uploads\/2020\/09\/Le-loup-qui-decouvrait-le-pays-des-contes-scaled.jpg?fit=2560%2C1920\" data-orig-size=\"2560,1920\" data-comments-opened=\"1\" data-image-meta=\"{&quot;aperture&quot;:&quot;1.8&quot;,&quot;credit&quot;:&quot;&quot;,&quot;camera&quot;:&quot;iPhone 7&quot;,&quot;caption&quot;:&quot;&quot;,&quot;created_timestamp&quot;:&quot;1599649193&quot;,&quot;copyright&quot;:&quot;&quot;,&quot;focal_length&quot;:&quot;3.99&quot;,&quot;iso&quot;:&quot;100&quot;,&quot;shutter_speed&quot;:&quot;0.071428571428571&quot;,&quot;title&quot;:&quot;&quot;,&quot;orientation&quot;:&quot;1&quot;}\" data-image-title=\"Le loup qui d\u00e9couvrait le pays des contes\" data-image-description=\"\" data-image-caption=\"\" data-large-file=\"https:\/\/i0.wp.com\/www.jojoenherbe.com\/wp-content\/uploads\/2020\/09\/Le-loup-qui-decouvrait-le-pays-des-contes-scaled.jpg?fit=676%2C507\" class=\"size-thumbnail wp-image-12192 alignright\" src=\"https:\/\/i0.wp.com\/www.jojoenherbe.com\/wp-content\/uploads\/2020\/09\/Le-loup-qui-decouvrait-le-pays-des-contes.jpg?resize=150%2C150\" alt=\"\" width=\"150\" height=\"150\" srcset=\"https:\/\/i0.wp.com\/www.jojoenherbe.com\/wp-content\/uploads\/2020\/09\/Le-loup-qui-decouvrait-le-pays-des-contes-scaled.jpg?resize=150%2C150 150w, https:\/\/i0.wp.com\/www.jojoenherbe.com\/wp-content\/uploads\/2020\/09\/Le-loup-qui-decouvrait-le-pays-des-contes-scaled.jpg?zoom=2&amp;resize=150%2C150 300w, https:\/\/i0.wp.com\/www.jojoenherbe.com\/wp-content\/uploads\/2020\/09\/Le-loup-qui-decouvrait-le-pays-des-contes-scaled.jpg?zoom=3&amp;resize=150%2C150 450w\" sizes=\"auto, (max-width: 150px) 100vw, 150px\" \/><\/a><\/em><\/span><em><strong>Conte d\u00e9tourn\u00e9<\/strong><\/em><em>: <a href=\"http:\/\/www.jojoenherbe.com\/index.php\/2020\/09\/09\/au-fil-des-pages-avec-le-loup-qui-decouvrait-le-pays-des-contes\/\"><span style=\"text-decoration: underline;\">Le loup qui d\u00e9couvrait le pays des contes<\/span><\/a> d&rsquo;Orianne Lallemand et \u00c9l\u00e9onore Thuillier (\u00e9d. Auzou, 2014), un album jeunesse qui s&rsquo;amuse avec les contes traditionnels mais sans m\u00e9chant loup<br \/>\n<\/em><\/li>\n<li style=\"text-align: justify;\"><span style=\"text-decoration: underline;\"><em><a href=\"https:\/\/i0.wp.com\/www.jojoenherbe.com\/wp-content\/uploads\/2020\/09\/Pierre-et-le-loup-scaled.jpg\"><img data-recalc-dims=\"1\" loading=\"lazy\" decoding=\"async\" data-attachment-id=\"12088\" data-permalink=\"http:\/\/www.jojoenherbe.com\/index.php\/2020\/09\/03\/au-fil-des-pages-avec-pierre-et-le-loup\/pierre-et-le-loup\/\" data-orig-file=\"https:\/\/i0.wp.com\/www.jojoenherbe.com\/wp-content\/uploads\/2020\/09\/Pierre-et-le-loup-scaled.jpg?fit=2560%2C1920\" data-orig-size=\"2560,1920\" data-comments-opened=\"1\" data-image-meta=\"{&quot;aperture&quot;:&quot;1.8&quot;,&quot;credit&quot;:&quot;&quot;,&quot;camera&quot;:&quot;iPhone 7&quot;,&quot;caption&quot;:&quot;&quot;,&quot;created_timestamp&quot;:&quot;1598896499&quot;,&quot;copyright&quot;:&quot;&quot;,&quot;focal_length&quot;:&quot;3.99&quot;,&quot;iso&quot;:&quot;64&quot;,&quot;shutter_speed&quot;:&quot;0.058823529411765&quot;,&quot;title&quot;:&quot;&quot;,&quot;orientation&quot;:&quot;1&quot;}\" data-image-title=\"Pierre et le loup\" data-image-description=\"\" data-image-caption=\"\" data-large-file=\"https:\/\/i0.wp.com\/www.jojoenherbe.com\/wp-content\/uploads\/2020\/09\/Pierre-et-le-loup-scaled.jpg?fit=676%2C507\" class=\"size-thumbnail wp-image-12088 alignleft\" src=\"https:\/\/i0.wp.com\/www.jojoenherbe.com\/wp-content\/uploads\/2020\/09\/Pierre-et-le-loup.jpg?resize=150%2C150\" alt=\"\" width=\"150\" height=\"150\" srcset=\"https:\/\/i0.wp.com\/www.jojoenherbe.com\/wp-content\/uploads\/2020\/09\/Pierre-et-le-loup-scaled.jpg?resize=150%2C150 150w, https:\/\/i0.wp.com\/www.jojoenherbe.com\/wp-content\/uploads\/2020\/09\/Pierre-et-le-loup-scaled.jpg?zoom=2&amp;resize=150%2C150 300w, https:\/\/i0.wp.com\/www.jojoenherbe.com\/wp-content\/uploads\/2020\/09\/Pierre-et-le-loup-scaled.jpg?zoom=3&amp;resize=150%2C150 450w\" sizes=\"auto, (max-width: 150px) 100vw, 150px\" \/><\/a><\/em><\/span><strong><em>Conte musical (la musique y joue un r\u00f4le essentiel)<\/em><\/strong><em>: <a href=\"http:\/\/www.jojoenherbe.com\/index.php\/2020\/09\/03\/au-fil-des-pages-avec-pierre-et-le-loup\/\"><span style=\"text-decoration: underline;\">Pierre et le loup<\/span><\/a> de Sergue\u00ef Prokofiev, illustr\u00e9 par Olivier Tallec et racont\u00e9 par Bernard Giraudeau et avec l&rsquo;Orchestre National de France (\u00e9d. Gallimard Jeunesse, coll. \u00ab\u00a0les albums musique\u00a0\u00bb, 2019)<br \/>\n<\/em><\/li>\n<li style=\"text-align: justify;\"><span style=\"text-decoration: underline;\"><em><a href=\"https:\/\/i0.wp.com\/www.jojoenherbe.com\/wp-content\/uploads\/2020\/09\/Les-trois-grains-de-riz-scaled.jpg\"><img data-recalc-dims=\"1\" loading=\"lazy\" decoding=\"async\" data-attachment-id=\"12349\" data-permalink=\"http:\/\/www.jojoenherbe.com\/index.php\/2020\/09\/18\/au-fil-des-pages-avec-je-veux-un-pain-au-chocolat\/les-trois-grains-de-riz\/\" data-orig-file=\"https:\/\/i0.wp.com\/www.jojoenherbe.com\/wp-content\/uploads\/2020\/09\/Les-trois-grains-de-riz-scaled.jpg?fit=2560%2C1920\" data-orig-size=\"2560,1920\" data-comments-opened=\"1\" data-image-meta=\"{&quot;aperture&quot;:&quot;1.8&quot;,&quot;credit&quot;:&quot;&quot;,&quot;camera&quot;:&quot;iPhone 7&quot;,&quot;caption&quot;:&quot;&quot;,&quot;created_timestamp&quot;:&quot;1594392063&quot;,&quot;copyright&quot;:&quot;&quot;,&quot;focal_length&quot;:&quot;3.99&quot;,&quot;iso&quot;:&quot;100&quot;,&quot;shutter_speed&quot;:&quot;0.076923076923077&quot;,&quot;title&quot;:&quot;&quot;,&quot;orientation&quot;:&quot;1&quot;}\" data-image-title=\"Les trois grains de riz\" data-image-description=\"\" data-image-caption=\"\" data-large-file=\"https:\/\/i0.wp.com\/www.jojoenherbe.com\/wp-content\/uploads\/2020\/09\/Les-trois-grains-de-riz-scaled.jpg?fit=676%2C507\" class=\"wp-image-12349 size-thumbnail alignright\" src=\"https:\/\/i0.wp.com\/www.jojoenherbe.com\/wp-content\/uploads\/2020\/09\/Les-trois-grains-de-riz.jpg?resize=150%2C150\" alt=\"\" width=\"150\" height=\"150\" srcset=\"https:\/\/i0.wp.com\/www.jojoenherbe.com\/wp-content\/uploads\/2020\/09\/Les-trois-grains-de-riz-scaled.jpg?resize=150%2C150 150w, https:\/\/i0.wp.com\/www.jojoenherbe.com\/wp-content\/uploads\/2020\/09\/Les-trois-grains-de-riz-scaled.jpg?zoom=2&amp;resize=150%2C150 300w, https:\/\/i0.wp.com\/www.jojoenherbe.com\/wp-content\/uploads\/2020\/09\/Les-trois-grains-de-riz-scaled.jpg?zoom=3&amp;resize=150%2C150 450w\" sizes=\"auto, (max-width: 150px) 100vw, 150px\" \/><\/a><\/em><\/span><em><strong>Escale en Asie<\/strong><\/em><em>: <a href=\"http:\/\/www.jojoenherbe.com\/index.php\/2020\/09\/27\/au-fil-des-pages-avec-les-trois-grains-de-riz\/\"><span style=\"text-decoration: underline;\">Les trois grains de riz<\/span><\/a> d&rsquo;Agn\u00e8s Bertron-Martin et Virginie Sanchez (\u00e9d. Flammarion, coll. P\u00e8re Castor, 2002), un album jeunesse \u00e0 partir de 3 ans, un conte-randonn\u00e9e chinois<br \/>\n<\/em><\/li>\n<li style=\"text-align: justify;\"><span style=\"text-decoration: underline;\"><em><a href=\"https:\/\/i0.wp.com\/www.jojoenherbe.com\/wp-content\/uploads\/2020\/07\/Le-magicien-dOz-scaled.jpg\"><img data-recalc-dims=\"1\" loading=\"lazy\" decoding=\"async\" data-attachment-id=\"11538\" data-permalink=\"http:\/\/www.jojoenherbe.com\/index.php\/2020\/09\/08\/au-fil-des-pages-avec-le-magicien-doz\/le-magicien-doz\/\" data-orig-file=\"https:\/\/i0.wp.com\/www.jojoenherbe.com\/wp-content\/uploads\/2020\/07\/Le-magicien-dOz-scaled.jpg?fit=2560%2C1920\" data-orig-size=\"2560,1920\" data-comments-opened=\"1\" data-image-meta=\"{&quot;aperture&quot;:&quot;1.8&quot;,&quot;credit&quot;:&quot;&quot;,&quot;camera&quot;:&quot;iPhone 7&quot;,&quot;caption&quot;:&quot;&quot;,&quot;created_timestamp&quot;:&quot;1592307385&quot;,&quot;copyright&quot;:&quot;&quot;,&quot;focal_length&quot;:&quot;3.99&quot;,&quot;iso&quot;:&quot;100&quot;,&quot;shutter_speed&quot;:&quot;0.16666666666667&quot;,&quot;title&quot;:&quot;&quot;,&quot;orientation&quot;:&quot;1&quot;}\" data-image-title=\"Le magicien d&amp;rsquo;Oz\" data-image-description=\"\" data-image-caption=\"\" data-large-file=\"https:\/\/i0.wp.com\/www.jojoenherbe.com\/wp-content\/uploads\/2020\/07\/Le-magicien-dOz-scaled.jpg?fit=676%2C507\" class=\"size-thumbnail wp-image-11538 alignleft\" src=\"https:\/\/i0.wp.com\/www.jojoenherbe.com\/wp-content\/uploads\/2020\/07\/Le-magicien-dOz.jpg?resize=150%2C150\" alt=\"\" width=\"150\" height=\"150\" srcset=\"https:\/\/i0.wp.com\/www.jojoenherbe.com\/wp-content\/uploads\/2020\/07\/Le-magicien-dOz-scaled.jpg?resize=150%2C150 150w, https:\/\/i0.wp.com\/www.jojoenherbe.com\/wp-content\/uploads\/2020\/07\/Le-magicien-dOz-scaled.jpg?zoom=2&amp;resize=150%2C150 300w, https:\/\/i0.wp.com\/www.jojoenherbe.com\/wp-content\/uploads\/2020\/07\/Le-magicien-dOz-scaled.jpg?zoom=3&amp;resize=150%2C150 450w\" sizes=\"auto, (max-width: 150px) 100vw, 150px\" \/><\/a><\/em><\/span><em><strong>Escale en Am\u00e9rique<\/strong><\/em><em>: <a href=\"http:\/\/www.jojoenherbe.com\/index.php\/2020\/09\/08\/au-fil-des-pages-avec-le-magicien-doz\/\"><span style=\"text-decoration: underline;\">Le Magicien d\u2019Oz<\/span><\/a> de S\u00e9bastien Perez et Benjamin Lacombe, d\u2019apr\u00e8s Lyman Frank Baum (\u00e9d. Albin Michel Jeunesse, 2018), un conte fantastique, initiatique mais aussi une critique sociale des \u00c9tats-Unis<br \/>\n<\/em><\/li>\n<li style=\"text-align: justify;\"><span style=\"text-decoration: underline;\"><em><a href=\"https:\/\/i0.wp.com\/www.jojoenherbe.com\/wp-content\/uploads\/2020\/09\/La-riviere-aux-crocodiles-Baama-Ba-4-scaled.jpg\"><img data-recalc-dims=\"1\" loading=\"lazy\" decoding=\"async\" data-attachment-id=\"12548\" data-permalink=\"http:\/\/www.jojoenherbe.com\/index.php\/2020\/09\/01\/le-mois-des-contes-et-legendes-en-septembre-2020\/la-riviere-aux-crocodiles-baama-ba-4\/\" data-orig-file=\"https:\/\/i0.wp.com\/www.jojoenherbe.com\/wp-content\/uploads\/2020\/09\/La-riviere-aux-crocodiles-Baama-Ba-4-scaled.jpg?fit=2560%2C1920\" data-orig-size=\"2560,1920\" data-comments-opened=\"1\" data-image-meta=\"{&quot;aperture&quot;:&quot;1.8&quot;,&quot;credit&quot;:&quot;&quot;,&quot;camera&quot;:&quot;iPhone 7&quot;,&quot;caption&quot;:&quot;&quot;,&quot;created_timestamp&quot;:&quot;1601026813&quot;,&quot;copyright&quot;:&quot;&quot;,&quot;focal_length&quot;:&quot;3.99&quot;,&quot;iso&quot;:&quot;100&quot;,&quot;shutter_speed&quot;:&quot;0.2&quot;,&quot;title&quot;:&quot;&quot;,&quot;orientation&quot;:&quot;1&quot;}\" data-image-title=\"La rivi\u00e8re aux crocodiles Baama-Ba 4\" data-image-description=\"\" data-image-caption=\"\" data-large-file=\"https:\/\/i0.wp.com\/www.jojoenherbe.com\/wp-content\/uploads\/2020\/09\/La-riviere-aux-crocodiles-Baama-Ba-4-scaled.jpg?fit=676%2C507\" class=\"size-thumbnail wp-image-12548 alignright\" src=\"https:\/\/i0.wp.com\/www.jojoenherbe.com\/wp-content\/uploads\/2020\/09\/La-riviere-aux-crocodiles-Baama-Ba-4.jpg?resize=150%2C150\" alt=\"\" width=\"150\" height=\"150\" srcset=\"https:\/\/i0.wp.com\/www.jojoenherbe.com\/wp-content\/uploads\/2020\/09\/La-riviere-aux-crocodiles-Baama-Ba-4-scaled.jpg?resize=150%2C150 150w, https:\/\/i0.wp.com\/www.jojoenherbe.com\/wp-content\/uploads\/2020\/09\/La-riviere-aux-crocodiles-Baama-Ba-4-scaled.jpg?zoom=2&amp;resize=150%2C150 300w, https:\/\/i0.wp.com\/www.jojoenherbe.com\/wp-content\/uploads\/2020\/09\/La-riviere-aux-crocodiles-Baama-Ba-4-scaled.jpg?zoom=3&amp;resize=150%2C150 450w\" sizes=\"auto, (max-width: 150px) 100vw, 150px\" \/><\/a><\/em><\/span><em><strong>Escale en Afrique<\/strong><\/em><em>: <a href=\"http:\/\/www.jojoenherbe.com\/index.php\/2020\/09\/29\/au-fil-des-pages-avec-la-riviere-aux-crocodiles-baama-ba\/\"><span style=\"text-decoration: underline;\">La rivi\u00e8re aux crocodiles Baama-Ba<\/span><\/a> de Fran\u00e7oise Guillaumond et Arno, d&rsquo;apr\u00e8s un conte traditionnel africain (\u00e9d. Magnard, coll. \u00ab\u00a0Que d&rsquo;histoires!\u00a0\u00bb, 2005), un album jeunesse \u00e0 partir de 5\/6 ans<br \/>\n<\/em><\/li>\n<li style=\"text-align: justify;\"><span style=\"text-decoration: underline;\"><em><a href=\"https:\/\/i0.wp.com\/www.jojoenherbe.com\/wp-content\/uploads\/2020\/09\/Hina-et-le-prince-du-lac-Vahiria-scaled.jpg\"><img data-recalc-dims=\"1\" loading=\"lazy\" decoding=\"async\" data-attachment-id=\"12473\" data-permalink=\"http:\/\/www.jojoenherbe.com\/index.php\/2020\/09\/25\/au-fil-des-pages-avec-hina-et-le-prince-du-lac-vahiria\/hina-et-le-prince-du-lac-vahiria\/\" data-orig-file=\"https:\/\/i0.wp.com\/www.jojoenherbe.com\/wp-content\/uploads\/2020\/09\/Hina-et-le-prince-du-lac-Vahiria-scaled.jpg?fit=2560%2C1920\" data-orig-size=\"2560,1920\" data-comments-opened=\"1\" data-image-meta=\"{&quot;aperture&quot;:&quot;1.8&quot;,&quot;credit&quot;:&quot;&quot;,&quot;camera&quot;:&quot;iPhone 7&quot;,&quot;caption&quot;:&quot;&quot;,&quot;created_timestamp&quot;:&quot;1601027434&quot;,&quot;copyright&quot;:&quot;&quot;,&quot;focal_length&quot;:&quot;3.99&quot;,&quot;iso&quot;:&quot;100&quot;,&quot;shutter_speed&quot;:&quot;0.2&quot;,&quot;title&quot;:&quot;&quot;,&quot;orientation&quot;:&quot;1&quot;}\" data-image-title=\"Hina et le prince du lac Vahiria\" data-image-description=\"\" data-image-caption=\"\" data-large-file=\"https:\/\/i0.wp.com\/www.jojoenherbe.com\/wp-content\/uploads\/2020\/09\/Hina-et-le-prince-du-lac-Vahiria-scaled.jpg?fit=676%2C507\" class=\"size-thumbnail wp-image-12473 alignleft\" src=\"https:\/\/i0.wp.com\/www.jojoenherbe.com\/wp-content\/uploads\/2020\/09\/Hina-et-le-prince-du-lac-Vahiria.jpg?resize=150%2C150\" alt=\"\" width=\"150\" height=\"150\" srcset=\"https:\/\/i0.wp.com\/www.jojoenherbe.com\/wp-content\/uploads\/2020\/09\/Hina-et-le-prince-du-lac-Vahiria-scaled.jpg?resize=150%2C150 150w, https:\/\/i0.wp.com\/www.jojoenherbe.com\/wp-content\/uploads\/2020\/09\/Hina-et-le-prince-du-lac-Vahiria-scaled.jpg?zoom=2&amp;resize=150%2C150 300w, https:\/\/i0.wp.com\/www.jojoenherbe.com\/wp-content\/uploads\/2020\/09\/Hina-et-le-prince-du-lac-Vahiria-scaled.jpg?zoom=3&amp;resize=150%2C150 450w\" sizes=\"auto, (max-width: 150px) 100vw, 150px\" \/><\/a><\/em><\/span><strong><em>Escale en en Oc\u00e9anie<\/em><\/strong><em>: <a href=\"http:\/\/www.jojoenherbe.com\/index.php\/2020\/09\/25\/au-fil-des-pages-avec-hina-et-le-prince-du-lac-vahiria\/\"><span style=\"text-decoration: underline;\">Hina et le prince du lac Vahiria<\/span><\/a> de C\u00e9line Ripoll et Daniela Cytryn (\u00e9d. du Sorbier, coll. \u00ab\u00a0Au berceau du monde\u00a0\u00bb, 2009), un album jeunesse \u00e0 partir de 7 ans: un conte de Tahiti \u00e9galement appel\u00e9 la l\u00e9gende du cocotier<br \/>\n<\/em><\/li>\n<li style=\"text-align: justify;\"><span style=\"text-decoration: underline;\"><em><img data-recalc-dims=\"1\" loading=\"lazy\" decoding=\"async\" data-attachment-id=\"12260\" data-permalink=\"http:\/\/www.jojoenherbe.com\/index.php\/2020\/09\/14\/au-fil-des-pages-avec-blanche-neige-2\/blanche-neige-6\/\" data-orig-file=\"https:\/\/i0.wp.com\/www.jojoenherbe.com\/wp-content\/uploads\/2020\/09\/Blanche-Neige-scaled.jpg?fit=2560%2C1920\" data-orig-size=\"2560,1920\" data-comments-opened=\"1\" data-image-meta=\"{&quot;aperture&quot;:&quot;1.8&quot;,&quot;credit&quot;:&quot;&quot;,&quot;camera&quot;:&quot;iPhone 7&quot;,&quot;caption&quot;:&quot;&quot;,&quot;created_timestamp&quot;:&quot;1600075066&quot;,&quot;copyright&quot;:&quot;&quot;,&quot;focal_length&quot;:&quot;3.99&quot;,&quot;iso&quot;:&quot;80&quot;,&quot;shutter_speed&quot;:&quot;0.16666666666667&quot;,&quot;title&quot;:&quot;&quot;,&quot;orientation&quot;:&quot;1&quot;}\" data-image-title=\"Blanche-Neige\" data-image-description=\"\" data-image-caption=\"\" data-large-file=\"https:\/\/i0.wp.com\/www.jojoenherbe.com\/wp-content\/uploads\/2020\/09\/Blanche-Neige-scaled.jpg?fit=676%2C507\" class=\"wp-image-12260 size-thumbnail alignright\" src=\"https:\/\/i0.wp.com\/www.jojoenherbe.com\/wp-content\/uploads\/2020\/09\/Blanche-Neige.jpg?resize=150%2C150\" alt=\"\" width=\"150\" height=\"150\" srcset=\"https:\/\/i0.wp.com\/www.jojoenherbe.com\/wp-content\/uploads\/2020\/09\/Blanche-Neige-scaled.jpg?resize=150%2C150 150w, https:\/\/i0.wp.com\/www.jojoenherbe.com\/wp-content\/uploads\/2020\/09\/Blanche-Neige-scaled.jpg?zoom=2&amp;resize=150%2C150 300w, https:\/\/i0.wp.com\/www.jojoenherbe.com\/wp-content\/uploads\/2020\/09\/Blanche-Neige-scaled.jpg?zoom=3&amp;resize=150%2C150 450w\" sizes=\"auto, (max-width: 150px) 100vw, 150px\" \/><\/em><\/span><em><strong>Escale en Europe<\/strong><\/em><em>: <a href=\"http:\/\/www.jojoenherbe.com\/index.php\/2020\/09\/14\/au-fil-des-pages-avec-blanche-neige-2\/\"><span style=\"text-decoration: underline;\">Blanche-Neige<\/span><\/a> illustr\u00e9 par Mayalen Goust, d&rsquo;apr\u00e8s les Fr\u00e8res Grimm (\u00e9d. Flammarion Jeunesse, coll. P\u00e8re Castor, 2009)<br \/>\n<\/em><\/li>\n<li style=\"text-align: justify;\"><strong><em>Origine du monde<\/em><\/strong><\/li>\n<li style=\"text-align: justify;\"><span style=\"text-decoration: underline;\"><em><a href=\"https:\/\/i0.wp.com\/www.jojoenherbe.com\/wp-content\/uploads\/2020\/09\/Je-veux-un-pain-au-chocolat-scaled.jpg\"><img data-recalc-dims=\"1\" loading=\"lazy\" decoding=\"async\" data-attachment-id=\"12356\" data-permalink=\"http:\/\/www.jojoenherbe.com\/index.php\/2020\/09\/18\/au-fil-des-pages-avec-je-veux-un-pain-au-chocolat\/je-veux-un-pain-au-chocolat\/\" data-orig-file=\"https:\/\/i0.wp.com\/www.jojoenherbe.com\/wp-content\/uploads\/2020\/09\/Je-veux-un-pain-au-chocolat-scaled.jpg?fit=2560%2C1920\" data-orig-size=\"2560,1920\" data-comments-opened=\"1\" data-image-meta=\"{&quot;aperture&quot;:&quot;1.8&quot;,&quot;credit&quot;:&quot;&quot;,&quot;camera&quot;:&quot;iPhone 7&quot;,&quot;caption&quot;:&quot;&quot;,&quot;created_timestamp&quot;:&quot;1600358867&quot;,&quot;copyright&quot;:&quot;&quot;,&quot;focal_length&quot;:&quot;3.99&quot;,&quot;iso&quot;:&quot;100&quot;,&quot;shutter_speed&quot;:&quot;0.16666666666667&quot;,&quot;title&quot;:&quot;&quot;,&quot;orientation&quot;:&quot;1&quot;}\" data-image-title=\"Je veux un pain au chocolat\" data-image-description=\"\" data-image-caption=\"\" data-large-file=\"https:\/\/i0.wp.com\/www.jojoenherbe.com\/wp-content\/uploads\/2020\/09\/Je-veux-un-pain-au-chocolat-scaled.jpg?fit=676%2C507\" class=\"wp-image-12356 size-thumbnail alignleft\" src=\"https:\/\/i0.wp.com\/www.jojoenherbe.com\/wp-content\/uploads\/2020\/09\/Je-veux-un-pain-au-chocolat.jpg?resize=150%2C150\" alt=\"\" width=\"150\" height=\"150\" srcset=\"https:\/\/i0.wp.com\/www.jojoenherbe.com\/wp-content\/uploads\/2020\/09\/Je-veux-un-pain-au-chocolat-scaled.jpg?resize=150%2C150 150w, https:\/\/i0.wp.com\/www.jojoenherbe.com\/wp-content\/uploads\/2020\/09\/Je-veux-un-pain-au-chocolat-scaled.jpg?zoom=2&amp;resize=150%2C150 300w, https:\/\/i0.wp.com\/www.jojoenherbe.com\/wp-content\/uploads\/2020\/09\/Je-veux-un-pain-au-chocolat-scaled.jpg?zoom=3&amp;resize=150%2C150 450w\" sizes=\"auto, (max-width: 150px) 100vw, 150px\" \/><\/a><\/em><\/span><em><strong>Princes et princesses<\/strong><\/em><em>: <a href=\"http:\/\/www.jojoenherbe.com\/index.php\/2020\/09\/18\/au-fil-des-pages-avec-je-veux-un-pain-au-chocolat\/\"><span style=\"text-decoration: underline;\">Je veux un pain au chocolat!<\/span><\/a> de Jean-Luc Englebert (\u00e9d. L&rsquo;\u00e9cole des loisirs, coll. Pastel, 2020), un album jeunesse \u00e0 partir de 3 ans.<br \/>\n<\/em><\/li>\n<\/ol>\n<p style=\"text-align: justify;\"><em>J&rsquo;ai d\u00e9j\u00e0 quelques id\u00e9es de lectures (ou relectures) en albums jeunesse. Je mettrai ainsi au fur-et-\u00e0 mesure du mois \u00e0 jour mon billet tout en faisant un billet s\u00e9par\u00e9 pour chaque participation. Vais-je r\u00e9ussir \u00e0 atteindre les dix points et ainsi obtenir le titre honorifique de Grand Conteur? Mais \u00e7a c&rsquo;est une autre histoire&#8230; Et comme le dit si bien Bidib, le plus important \u00ab\u00a0c&rsquo;est de se faire plaisir\u00a0\u00bb! Pr\u00eat \u00e0 plonger dans les contes et l\u00e9gendes?<br \/>\n<\/em><\/p>\n<p style=\"text-align: justify;\"><em>Nous sommes d\u00e9sormais fin septembre 2020. Finalement, je n&rsquo;ai pas retenu toute mes id\u00e9es de d\u00e9part, ayant choisi d&rsquo;autres livres \u00e0 leur place, suivant mes passages \u00e0 la m\u00e9diath\u00e8que ou des sorties litt\u00e9raires de la rentr\u00e9e. Ce fut en tout un mois riche de nombreuses escales \u00e0 travers le monde. Et le 1er octobre 2020, place aux contes et l\u00e9gendes halloweenesques, en particulier au pays des Ogres.<\/em><\/p>\n<div id=\"attachment_10219\" style=\"width: 117px\" class=\"wp-caption alignleft\"><img loading=\"lazy\" decoding=\"async\" aria-describedby=\"caption-attachment-10219\" data-attachment-id=\"10219\" data-permalink=\"http:\/\/www.jojoenherbe.com\/index.php\/2020\/03\/02\/au-fil-des-pages-avec-lievre-et-ours-sous-la-neige\/lievre-et-ours-sous-la-neige\/\" data-orig-file=\"https:\/\/i0.wp.com\/www.jojoenherbe.com\/wp-content\/uploads\/2020\/03\/Li%C3%A8vre-et-Ours-sous-la-neige-scaled.jpg?fit=2560%2C1892\" data-orig-size=\"2560,1892\" data-comments-opened=\"1\" data-image-meta=\"{&quot;aperture&quot;:&quot;2.4&quot;,&quot;credit&quot;:&quot;&quot;,&quot;camera&quot;:&quot;iPhone 4S&quot;,&quot;caption&quot;:&quot;&quot;,&quot;created_timestamp&quot;:&quot;1583147305&quot;,&quot;copyright&quot;:&quot;&quot;,&quot;focal_length&quot;:&quot;4.28&quot;,&quot;iso&quot;:&quot;640&quot;,&quot;shutter_speed&quot;:&quot;0.066666666666667&quot;,&quot;title&quot;:&quot;&quot;,&quot;orientation&quot;:&quot;1&quot;}\" data-image-title=\"Li\u00e8vre et Ours, sous la neige\" data-image-description=\"\" data-image-caption=\"\" data-large-file=\"https:\/\/i0.wp.com\/www.jojoenherbe.com\/wp-content\/uploads\/2020\/03\/Li%C3%A8vre-et-Ours-sous-la-neige-scaled.jpg?fit=676%2C500\" class=\"wp-image-10219\" src=\"https:\/\/i2.wp.com\/mapetitemediatheque.fr\/wp-content\/uploads\/2018\/11\/challenge-contes-et-l\u00e9gendes.jpg?resize=131%2C164\" sizes=\"auto, (max-width: 343px) 100vw, 343px\" srcset=\"https:\/\/i2.wp.com\/mapetitemediatheque.fr\/wp-content\/uploads\/2018\/11\/challenge-contes-et-l\u00e9gendes.jpg?resize=131%2C164 343w, http:\/\/mapetitemediatheque.fr\/wp-content\/uploads\/2018\/11\/challenge-contes-et-l\u00e9gendes-239x300.jpg 239w\" alt=\"\" width=\"107\" height=\"134\" aria-describedby=\"caption-attachment-10219\" data-attachment-id=\"10219\" data-permalink=\"http:\/\/www.jojoenherbe.com\/index.php\/2020\/03\/02\/au-fil-des-pages-avec-lievre-et-ours-sous-la-neige\/lievre-et-ours-sous-la-neige\/\" data-orig-file=\"https:\/\/i1.wp.com\/www.jojoenherbe.com\/wp-content\/uploads\/2020\/03\/Li\u00e8vre-et-Ours-sous-la-neige-scaled.jpg?fit=2560%2C1892\" data-orig-size=\"2560,1892\" data-comments-opened=\"1\" data-image-meta=\"{&quot;aperture&quot;:&quot;2.4&quot;,&quot;credit&quot;:&quot;&quot;,&quot;camera&quot;:&quot;iPhone 4S&quot;,&quot;caption&quot;:&quot;&quot;,&quot;created_timestamp&quot;:&quot;1583147305&quot;,&quot;copyright&quot;:&quot;&quot;,&quot;focal_length&quot;:&quot;4.28&quot;,&quot;iso&quot;:&quot;640&quot;,&quot;shutter_speed&quot;:&quot;0.066666666666667&quot;,&quot;title&quot;:&quot;&quot;,&quot;orientation&quot;:&quot;1&quot;}\" data-image-title=\"Li\u00e8vre et Ours, sous la neige\" data-image-description=\"\" data-medium-file=\"https:\/\/i1.wp.com\/www.jojoenherbe.com\/wp-content\/uploads\/2020\/03\/Li\u00e8vre-et-Ours-sous-la-neige-scaled.jpg?fit=300%2C222\" data-large-file=\"https:\/\/i1.wp.com\/www.jojoenherbe.com\/wp-content\/uploads\/2020\/03\/Li\u00e8vre-et-Ours-sous-la-neige-scaled.jpg?fit=676%2C500\" data-recalc-dims=\"1\" \/><p id=\"caption-attachment-10219\" class=\"wp-caption-text\">Challenge Contes &amp; L\u00e9gendes 2020 de <a href=\"http:\/\/mapetitemediatheque.fr\/2020\/01\/challenge-contes-et-legendes-2020\/\">Bidib<\/a><\/p><\/div>\n<p><img data-recalc-dims=\"1\" loading=\"lazy\" decoding=\"async\" data-attachment-id=\"15274\" data-permalink=\"http:\/\/www.jojoenherbe.com\/index.php\/2021\/01\/22\/mes-lectures-cosy-mystery-de-janvier-2021\/rendez-vous-avec-le-crime\/\" data-orig-file=\"https:\/\/i0.wp.com\/www.jojoenherbe.com\/wp-content\/uploads\/2021\/01\/Rendez-vous-avec-le-crime-scaled.jpg?fit=2560%2C1839\" data-orig-size=\"2560,1839\" data-comments-opened=\"1\" data-image-meta=\"{&quot;aperture&quot;:&quot;1.8&quot;,&quot;credit&quot;:&quot;&quot;,&quot;camera&quot;:&quot;iPhone 7&quot;,&quot;caption&quot;:&quot;&quot;,&quot;created_timestamp&quot;:&quot;1611327438&quot;,&quot;copyright&quot;:&quot;&quot;,&quot;focal_length&quot;:&quot;3.99&quot;,&quot;iso&quot;:&quot;80&quot;,&quot;shutter_speed&quot;:&quot;0.2&quot;,&quot;title&quot;:&quot;&quot;,&quot;orientation&quot;:&quot;1&quot;}\" data-image-title=\"Rendez-vous avec le crime\" data-image-description=\"\" data-image-caption=\"\" data-large-file=\"https:\/\/i0.wp.com\/www.jojoenherbe.com\/wp-content\/uploads\/2021\/01\/Rendez-vous-avec-le-crime-scaled.jpg?fit=676%2C485\" class=\" wp-image-15274 alignleft\" src=\"https:\/\/i0.wp.com\/mapetitemediatheque.fr\/wp-content\/uploads\/2020\/07\/le-mois-des-contes-2020-244x300.jpg?resize=111%2C136\" sizes=\"auto, (max-width: 244px) 100vw, 244px\" srcset=\"https:\/\/mapetitemediatheque.fr\/wp-content\/uploads\/2020\/07\/le-mois-des-contes-2020-244x300.jpg 244w, https:\/\/mapetitemediatheque.fr\/wp-content\/uploads\/2020\/07\/le-mois-des-contes-2020.jpg 448w\" alt=\"\" width=\"111\" height=\"136\" \/><\/p>\n","protected":false},"excerpt":{"rendered":"<p>Un mois de septembre 2020 s&rsquo;annonce bien charg\u00e9 pour moi c\u00f4t\u00e9 challenges livresques. En plus d&rsquo;\u00eatre le Mois Am\u00e9ricain, c&rsquo;est aussi le Mois des Contes et L\u00e9gendes avec Bidib et son challenge Contes et L\u00e9gendes, un challenge qui me tient particuli\u00e8rement \u00e0 c\u0153ur comme celui de No\u00ebl. Bidib nous propose ainsi un jeu en 10 [&hellip;]<\/p>\n","protected":false},"author":1,"featured_media":12106,"comment_status":"open","ping_status":"open","sticky":false,"template":"","format":"standard","meta":{"jetpack_post_was_ever_published":false,"_jetpack_newsletter_access":"","_jetpack_dont_email_post_to_subs":false,"_jetpack_newsletter_tier_id":0,"_jetpack_memberships_contains_paywalled_content":false,"_jetpack_memberships_contains_paid_content":false,"footnotes":""},"categories":[873,363],"tags":[409,1116,1365,245,367,775],"class_list":["post-12062","post","type-post","status-publish","format-standard","has-post-thumbnail","hentry","category-mini-challenger","category-mini-lecteur","tag-albums-jeunesse","tag-challenge-contes-et-legendes","tag-challenge-contes-et-legendes-2020","tag-contes","tag-lecture-jeunesse","tag-legendes","post-preview"],"jetpack_featured_media_url":"https:\/\/i0.wp.com\/www.jojoenherbe.com\/wp-content\/uploads\/2020\/09\/PAL-Le-mois-des-contes-et-legendes-2020-scaled.jpg?fit=2560%2C1808","jetpack_sharing_enabled":true,"jetpack_shortlink":"https:\/\/wp.me\/p9zhGx-38y","jetpack_likes_enabled":true,"jetpack-related-posts":[{"id":14191,"url":"http:\/\/www.jojoenherbe.com\/index.php\/2020\/12\/03\/notre-pal-de-contes-nordiques-2020\/","url_meta":{"origin":12062,"position":0},"title":"Notre PAL de contes nordiques 2020","author":"Jojo","date":"3 d\u00e9cembre 2020","format":false,"excerpt":"En ce mois de d\u00e9cembre 2020, apr\u00e8s une immersion dans le pays des Ogres, direction le grand Nord avec le challenge Contes et L\u00e9gendes de Bidib puisque ce sont les contes nordiques qui sont mis \u00e0 l'honneur ce mois-ci. Des albums jeunesse: Les trois boucs de Jean-Louis Le Craver et\u2026","rel":"","context":"Dans &quot;Mini challenger&quot;","block_context":{"text":"Mini challenger","link":"http:\/\/www.jojoenherbe.com\/index.php\/category\/mini-challenger\/"},"img":{"alt_text":"","src":"https:\/\/i0.wp.com\/www.jojoenherbe.com\/wp-content\/uploads\/2020\/12\/Contes-nordiques-scaled.jpg?fit=1200%2C705&resize=350%2C200","width":350,"height":200,"srcset":"https:\/\/i0.wp.com\/www.jojoenherbe.com\/wp-content\/uploads\/2020\/12\/Contes-nordiques-scaled.jpg?fit=1200%2C705&resize=350%2C200 1x, https:\/\/i0.wp.com\/www.jojoenherbe.com\/wp-content\/uploads\/2020\/12\/Contes-nordiques-scaled.jpg?fit=1200%2C705&resize=525%2C300 1.5x, https:\/\/i0.wp.com\/www.jojoenherbe.com\/wp-content\/uploads\/2020\/12\/Contes-nordiques-scaled.jpg?fit=1200%2C705&resize=700%2C400 2x, https:\/\/i0.wp.com\/www.jojoenherbe.com\/wp-content\/uploads\/2020\/12\/Contes-nordiques-scaled.jpg?fit=1200%2C705&resize=1050%2C600 3x"},"classes":[]},{"id":19948,"url":"http:\/\/www.jojoenherbe.com\/index.php\/2021\/08\/01\/notre-mois-bloguesque-de-juillet-2021\/","url_meta":{"origin":12062,"position":1},"title":"Notre mois bloguesque de juillet 2021","author":"Jojo","date":"1 ao\u00fbt 2021","format":false,"excerpt":"C'est le premier du mois alors voici un petit retour bloguesque sur juillet 2021. Et hasard du blog, il s'agit (d\u00e9j\u00e0) de mon milli\u00e8me billet. J'ai \u00e9t\u00e9 un peu moins pr\u00e9sente ce mois-ci sur le blog mais nous avons continu\u00e9 nos lectures et surtout nous avons recommenc\u00e9 \u00e0 balader. Juillet\u2026","rel":"","context":"Dans &quot;Mini blogueur&quot;","block_context":{"text":"Mini blogueur","link":"http:\/\/www.jojoenherbe.com\/index.php\/category\/mini-blogueur\/"},"img":{"alt_text":"","src":"https:\/\/i0.wp.com\/www.jojoenherbe.com\/wp-content\/uploads\/2021\/07\/Selection-juillet-2021-scaled.jpg?fit=1200%2C769&resize=350%2C200","width":350,"height":200,"srcset":"https:\/\/i0.wp.com\/www.jojoenherbe.com\/wp-content\/uploads\/2021\/07\/Selection-juillet-2021-scaled.jpg?fit=1200%2C769&resize=350%2C200 1x, https:\/\/i0.wp.com\/www.jojoenherbe.com\/wp-content\/uploads\/2021\/07\/Selection-juillet-2021-scaled.jpg?fit=1200%2C769&resize=525%2C300 1.5x, https:\/\/i0.wp.com\/www.jojoenherbe.com\/wp-content\/uploads\/2021\/07\/Selection-juillet-2021-scaled.jpg?fit=1200%2C769&resize=700%2C400 2x, https:\/\/i0.wp.com\/www.jojoenherbe.com\/wp-content\/uploads\/2021\/07\/Selection-juillet-2021-scaled.jpg?fit=1200%2C769&resize=1050%2C600 3x"},"classes":[]},{"id":26780,"url":"http:\/\/www.jojoenherbe.com\/index.php\/2022\/08\/01\/notre-mois-bloguesque-de-juillet-2022\/","url_meta":{"origin":12062,"position":2},"title":"Notre mois bloguesque de juillet 2022","author":"Jojo","date":"1 ao\u00fbt 2022","format":false,"excerpt":"C\u2019est le premier du mois alors voici un petit retour bloguesque sur juillet 2022. Ce mois de juillet avec un RAT autour des contes et l\u00e9gendes d\u2019Inde propos\u00e9 conjointement par Hilde et Blandine pour les \u00c9tapes indiennes 2022 et\u00a0 Bidib pour le challenge des contes et l\u00e9gendes 2022. Nous avons\u2026","rel":"","context":"Dans &quot;Mini blogueur&quot;","block_context":{"text":"Mini blogueur","link":"http:\/\/www.jojoenherbe.com\/index.php\/category\/mini-blogueur\/"},"img":{"alt_text":"","src":"https:\/\/i0.wp.com\/www.jojoenherbe.com\/wp-content\/uploads\/2022\/07\/Selection-Juillet-2022-scaled.jpg?fit=1200%2C703&resize=350%2C200","width":350,"height":200,"srcset":"https:\/\/i0.wp.com\/www.jojoenherbe.com\/wp-content\/uploads\/2022\/07\/Selection-Juillet-2022-scaled.jpg?fit=1200%2C703&resize=350%2C200 1x, https:\/\/i0.wp.com\/www.jojoenherbe.com\/wp-content\/uploads\/2022\/07\/Selection-Juillet-2022-scaled.jpg?fit=1200%2C703&resize=525%2C300 1.5x, https:\/\/i0.wp.com\/www.jojoenherbe.com\/wp-content\/uploads\/2022\/07\/Selection-Juillet-2022-scaled.jpg?fit=1200%2C703&resize=700%2C400 2x, https:\/\/i0.wp.com\/www.jojoenherbe.com\/wp-content\/uploads\/2022\/07\/Selection-Juillet-2022-scaled.jpg?fit=1200%2C703&resize=1050%2C600 3x"},"classes":[]},{"id":12184,"url":"http:\/\/www.jojoenherbe.com\/index.php\/2020\/09\/09\/au-fil-des-pages-avec-le-loup-qui-decouvrait-le-pays-des-contes\/","url_meta":{"origin":12062,"position":3},"title":"Au fil des pages avec Le loup qui d\u00e9couvrait le pays des contes","author":"Jojo","date":"9 septembre 2020","format":false,"excerpt":"Nous empruntons \u00e0 la m\u00e9diath\u00e8que Le loup qui d\u00e9couvrait le pays des contes d'Orianne Lallemand et \u00c9l\u00e9onore Thuillier (\u00e9d. Auzou, 2014), un album jeunesse \u00e0 partir de 3 ans. Pour le go\u00fbter du Printemps, Loup voudrait pr\u00e9parer un g\u00e2teau aux pommes pour ses amis mais il ne sait pas cuisiner.\u2026","rel":"","context":"Dans &quot;Mini lecteur&quot;","block_context":{"text":"Mini lecteur","link":"http:\/\/www.jojoenherbe.com\/index.php\/category\/mini-lecteur\/"},"img":{"alt_text":"","src":"https:\/\/i0.wp.com\/www.jojoenherbe.com\/wp-content\/uploads\/2020\/09\/Le-loup-qui-decouvrait-le-pays-des-contes-scaled.jpg?fit=1200%2C900&resize=350%2C200","width":350,"height":200,"srcset":"https:\/\/i0.wp.com\/www.jojoenherbe.com\/wp-content\/uploads\/2020\/09\/Le-loup-qui-decouvrait-le-pays-des-contes-scaled.jpg?fit=1200%2C900&resize=350%2C200 1x, https:\/\/i0.wp.com\/www.jojoenherbe.com\/wp-content\/uploads\/2020\/09\/Le-loup-qui-decouvrait-le-pays-des-contes-scaled.jpg?fit=1200%2C900&resize=525%2C300 1.5x, https:\/\/i0.wp.com\/www.jojoenherbe.com\/wp-content\/uploads\/2020\/09\/Le-loup-qui-decouvrait-le-pays-des-contes-scaled.jpg?fit=1200%2C900&resize=700%2C400 2x, https:\/\/i0.wp.com\/www.jojoenherbe.com\/wp-content\/uploads\/2020\/09\/Le-loup-qui-decouvrait-le-pays-des-contes-scaled.jpg?fit=1200%2C900&resize=1050%2C600 3x"},"classes":[]},{"id":36584,"url":"http:\/\/www.jojoenherbe.com\/index.php\/2024\/07\/17\/bilan-de-lecture-juin-2024\/","url_meta":{"origin":12062,"position":4},"title":"Bilan de lecture: juin 2024","author":"Jojo","date":"17 juillet 2024","format":false,"excerpt":"Avec retard, voici le bilan de lecture du mois de juin 2024. Cette ann\u00e9e, le printemps \u00e9tait bien pluvieux et les sorties se sont faites encore rares le mois dernier. Le temps \u00e9tait donc propice \u00e0 la lecture encore une fois. En juin, c\u2019\u00e9tait le retour du Mois Anglais 2024\u2026","rel":"","context":"Dans &quot;Mini blogueur&quot;","block_context":{"text":"Mini blogueur","link":"http:\/\/www.jojoenherbe.com\/index.php\/category\/mini-blogueur\/"},"img":{"alt_text":"","src":"https:\/\/i0.wp.com\/www.jojoenherbe.com\/wp-content\/uploads\/2024\/06\/Selection-juin-2024-scaled.jpg?fit=1200%2C857&resize=350%2C200","width":350,"height":200,"srcset":"https:\/\/i0.wp.com\/www.jojoenherbe.com\/wp-content\/uploads\/2024\/06\/Selection-juin-2024-scaled.jpg?fit=1200%2C857&resize=350%2C200 1x, https:\/\/i0.wp.com\/www.jojoenherbe.com\/wp-content\/uploads\/2024\/06\/Selection-juin-2024-scaled.jpg?fit=1200%2C857&resize=525%2C300 1.5x, https:\/\/i0.wp.com\/www.jojoenherbe.com\/wp-content\/uploads\/2024\/06\/Selection-juin-2024-scaled.jpg?fit=1200%2C857&resize=700%2C400 2x, https:\/\/i0.wp.com\/www.jojoenherbe.com\/wp-content\/uploads\/2024\/06\/Selection-juin-2024-scaled.jpg?fit=1200%2C857&resize=1050%2C600 3x"},"classes":[]},{"id":12317,"url":"http:\/\/www.jojoenherbe.com\/index.php\/2020\/09\/21\/au-fil-des-pages-avec-petit-lievre-et-letranger\/","url_meta":{"origin":12062,"position":5},"title":"Au fil des pages avec Petit Li\u00e8vre et l\u2019\u00c9tranger","author":"Jojo","date":"21 septembre 2020","format":false,"excerpt":"Nous empruntons \u00e0 la m\u00e9diath\u00e8que Petit Li\u00e8vre et l\u2019\u00c9tranger de Jacqueline Guillemin et Vanessa Hi\u00e9 (\u00e9d. Nathan, coll. Musicontes, 2011), un album jeunesse \u00e0 partir de 3 ans et accompagn\u00e9 d'un CD avec des extraits de musique am\u00e9rindienne. Dans la grande Prairie, Petit Li\u00e8vre part chaque jour chasser tout en\u2026","rel":"","context":"Dans &quot;Mini lecteur&quot;","block_context":{"text":"Mini lecteur","link":"http:\/\/www.jojoenherbe.com\/index.php\/category\/mini-lecteur\/"},"img":{"alt_text":"","src":"https:\/\/i0.wp.com\/www.jojoenherbe.com\/wp-content\/uploads\/2020\/09\/Petit-Lievre-et-letranger-scaled.jpg?fit=1200%2C900&resize=350%2C200","width":350,"height":200,"srcset":"https:\/\/i0.wp.com\/www.jojoenherbe.com\/wp-content\/uploads\/2020\/09\/Petit-Lievre-et-letranger-scaled.jpg?fit=1200%2C900&resize=350%2C200 1x, https:\/\/i0.wp.com\/www.jojoenherbe.com\/wp-content\/uploads\/2020\/09\/Petit-Lievre-et-letranger-scaled.jpg?fit=1200%2C900&resize=525%2C300 1.5x, https:\/\/i0.wp.com\/www.jojoenherbe.com\/wp-content\/uploads\/2020\/09\/Petit-Lievre-et-letranger-scaled.jpg?fit=1200%2C900&resize=700%2C400 2x, https:\/\/i0.wp.com\/www.jojoenherbe.com\/wp-content\/uploads\/2020\/09\/Petit-Lievre-et-letranger-scaled.jpg?fit=1200%2C900&resize=1050%2C600 3x"},"classes":[]}],"_links":{"self":[{"href":"http:\/\/www.jojoenherbe.com\/index.php\/wp-json\/wp\/v2\/posts\/12062","targetHints":{"allow":["GET"]}}],"collection":[{"href":"http:\/\/www.jojoenherbe.com\/index.php\/wp-json\/wp\/v2\/posts"}],"about":[{"href":"http:\/\/www.jojoenherbe.com\/index.php\/wp-json\/wp\/v2\/types\/post"}],"author":[{"embeddable":true,"href":"http:\/\/www.jojoenherbe.com\/index.php\/wp-json\/wp\/v2\/users\/1"}],"replies":[{"embeddable":true,"href":"http:\/\/www.jojoenherbe.com\/index.php\/wp-json\/wp\/v2\/comments?post=12062"}],"version-history":[{"count":0,"href":"http:\/\/www.jojoenherbe.com\/index.php\/wp-json\/wp\/v2\/posts\/12062\/revisions"}],"wp:featuredmedia":[{"embeddable":true,"href":"http:\/\/www.jojoenherbe.com\/index.php\/wp-json\/wp\/v2\/media\/12106"}],"wp:attachment":[{"href":"http:\/\/www.jojoenherbe.com\/index.php\/wp-json\/wp\/v2\/media?parent=12062"}],"wp:term":[{"taxonomy":"category","embeddable":true,"href":"http:\/\/www.jojoenherbe.com\/index.php\/wp-json\/wp\/v2\/categories?post=12062"},{"taxonomy":"post_tag","embeddable":true,"href":"http:\/\/www.jojoenherbe.com\/index.php\/wp-json\/wp\/v2\/tags?post=12062"}],"curies":[{"name":"wp","href":"https:\/\/api.w.org\/{rel}","templated":true}]}}