{"id":12027,"date":"2020-08-31T18:31:18","date_gmt":"2020-08-31T16:31:18","guid":{"rendered":"http:\/\/www.jojoenherbe.com\/?p=12027"},"modified":"2020-09-10T09:56:52","modified_gmt":"2020-09-10T07:56:52","slug":"au-fil-des-pages-avec-un-gateau-au-gouter","status":"publish","type":"post","link":"http:\/\/www.jojoenherbe.com\/index.php\/2020\/08\/31\/au-fil-des-pages-avec-un-gateau-au-gouter\/","title":{"rendered":"Au fil des pages avec Un g\u00e2teau au go\u00fbter"},"content":{"rendered":"<p style=\"text-align: justify;\"><em><a href=\"https:\/\/i0.wp.com\/www.jojoenherbe.com\/wp-content\/uploads\/2020\/08\/Un-gateau-au-gouter-3-scaled.jpg\"><img data-recalc-dims=\"1\" loading=\"lazy\" decoding=\"async\" data-attachment-id=\"12044\" data-permalink=\"http:\/\/www.jojoenherbe.com\/index.php\/2020\/08\/31\/au-fil-des-pages-avec-un-gateau-au-gouter\/un-gateau-au-gouter-3\/\" data-orig-file=\"https:\/\/i0.wp.com\/www.jojoenherbe.com\/wp-content\/uploads\/2020\/08\/Un-gateau-au-gouter-3-scaled.jpg?fit=2560%2C1920\" data-orig-size=\"2560,1920\" data-comments-opened=\"1\" data-image-meta=\"{&quot;aperture&quot;:&quot;1.8&quot;,&quot;credit&quot;:&quot;&quot;,&quot;camera&quot;:&quot;iPhone 7&quot;,&quot;caption&quot;:&quot;&quot;,&quot;created_timestamp&quot;:&quot;1598788394&quot;,&quot;copyright&quot;:&quot;&quot;,&quot;focal_length&quot;:&quot;3.99&quot;,&quot;iso&quot;:&quot;100&quot;,&quot;shutter_speed&quot;:&quot;0.058823529411765&quot;,&quot;title&quot;:&quot;&quot;,&quot;orientation&quot;:&quot;1&quot;}\" data-image-title=\"Un g\u00e2teau au go\u00fbter 3\" data-image-description=\"\" data-image-caption=\"\" data-large-file=\"https:\/\/i0.wp.com\/www.jojoenherbe.com\/wp-content\/uploads\/2020\/08\/Un-gateau-au-gouter-3-scaled.jpg?fit=676%2C507\" class=\"alignleft size-thumbnail wp-image-12044\" src=\"https:\/\/i0.wp.com\/www.jojoenherbe.com\/wp-content\/uploads\/2020\/08\/Un-gateau-au-gouter-3.jpg?resize=150%2C150\" alt=\"\" width=\"150\" height=\"150\" srcset=\"https:\/\/i0.wp.com\/www.jojoenherbe.com\/wp-content\/uploads\/2020\/08\/Un-gateau-au-gouter-3-scaled.jpg?resize=150%2C150 150w, https:\/\/i0.wp.com\/www.jojoenherbe.com\/wp-content\/uploads\/2020\/08\/Un-gateau-au-gouter-3-scaled.jpg?zoom=2&amp;resize=150%2C150 300w, https:\/\/i0.wp.com\/www.jojoenherbe.com\/wp-content\/uploads\/2020\/08\/Un-gateau-au-gouter-3-scaled.jpg?zoom=3&amp;resize=150%2C150 450w\" sizes=\"auto, (max-width: 150px) 100vw, 150px\" \/><\/a> <a href=\"https:\/\/i0.wp.com\/www.jojoenherbe.com\/wp-content\/uploads\/2020\/08\/Un-gateau-au-gouter-4-scaled.jpg\"><img data-recalc-dims=\"1\" loading=\"lazy\" decoding=\"async\" data-attachment-id=\"12045\" data-permalink=\"http:\/\/www.jojoenherbe.com\/index.php\/2020\/08\/31\/au-fil-des-pages-avec-un-gateau-au-gouter\/un-gateau-au-gouter-4\/\" data-orig-file=\"https:\/\/i0.wp.com\/www.jojoenherbe.com\/wp-content\/uploads\/2020\/08\/Un-gateau-au-gouter-4-scaled.jpg?fit=2560%2C1920\" data-orig-size=\"2560,1920\" data-comments-opened=\"1\" data-image-meta=\"{&quot;aperture&quot;:&quot;1.8&quot;,&quot;credit&quot;:&quot;&quot;,&quot;camera&quot;:&quot;iPhone 7&quot;,&quot;caption&quot;:&quot;&quot;,&quot;created_timestamp&quot;:&quot;1598788490&quot;,&quot;copyright&quot;:&quot;&quot;,&quot;focal_length&quot;:&quot;3.99&quot;,&quot;iso&quot;:&quot;80&quot;,&quot;shutter_speed&quot;:&quot;0.058823529411765&quot;,&quot;title&quot;:&quot;&quot;,&quot;orientation&quot;:&quot;1&quot;}\" data-image-title=\"Un g\u00e2teau au go\u00fbter 4\" data-image-description=\"\" data-image-caption=\"\" data-large-file=\"https:\/\/i0.wp.com\/www.jojoenherbe.com\/wp-content\/uploads\/2020\/08\/Un-gateau-au-gouter-4-scaled.jpg?fit=676%2C507\" class=\"alignleft size-thumbnail wp-image-12045\" src=\"https:\/\/i0.wp.com\/www.jojoenherbe.com\/wp-content\/uploads\/2020\/08\/Un-gateau-au-gouter-4.jpg?resize=150%2C150\" alt=\"\" width=\"150\" height=\"150\" srcset=\"https:\/\/i0.wp.com\/www.jojoenherbe.com\/wp-content\/uploads\/2020\/08\/Un-gateau-au-gouter-4-scaled.jpg?resize=150%2C150 150w, https:\/\/i0.wp.com\/www.jojoenherbe.com\/wp-content\/uploads\/2020\/08\/Un-gateau-au-gouter-4-scaled.jpg?zoom=2&amp;resize=150%2C150 300w, https:\/\/i0.wp.com\/www.jojoenherbe.com\/wp-content\/uploads\/2020\/08\/Un-gateau-au-gouter-4-scaled.jpg?zoom=3&amp;resize=150%2C150 450w\" sizes=\"auto, (max-width: 150px) 100vw, 150px\" \/><\/a>Lors du <a href=\"http:\/\/www.jojoenherbe.com\/index.php\/2020\/08\/21\/un-rat-gourmand-2020\/\">RAT gourmand<\/a> du week-end dernier, nous lisons <span style=\"text-decoration: underline;\">Un g\u00e2teau au go\u00fbter<\/span> de Christian Voltz (\u00e9d. L\u2019\u00e9cole des loisirs, 2019), un album jeunesse \u00e0 partir de 3 ans. Monsieur Anatole a invit\u00e9 Mademoiselle Blanche pour le go\u00fbter. Mais catastrophe! L\u2019heure approche et il n\u2019a toujours pas r\u00e9ussi \u00e0 pr\u00e9parer le moindre g\u00e2teau. Aid\u00e9 par des animaux marmitons aussi peu dou\u00e9s que lui, il avance dans sa recette. Chacun y va de son petit ingr\u00e9dient comme une pomme de terre ou une carotte&#8230; Monsieur Anatole est de plus en plus d\u00e9pit\u00e9. Le go\u00fbter plaira-t-il \u00e0 son invit\u00e9e? <\/em><\/p>\n<p style=\"text-align: justify;\"><em>Coup de c\u0153ur pour cet album tr\u00e8s rigolo! Je crois que c&rsquo;est celui que nous avons le plus appr\u00e9ci\u00e9 dans ceux lus de cet auteur! J&rsquo;ai, en effet, mis un peu de temps \u00e0 m&rsquo;habituer aux illustrations tr\u00e8s particuli\u00e8res et reconnaissables de Christian Voltz &#8211; avec des petits mat\u00e9riaux de r\u00e9cup\u00e9ration &#8211; quand nous avions lu pour la premi\u00e8re fois <span style=\"text-decoration: underline;\">Dis Papa, Pourquoi?<\/span>.<br \/>\n<\/em><\/p>\n<div id=\"attachment_13488\" style=\"width: 170px\" class=\"wp-caption aligncenter\"><img data-recalc-dims=\"1\" loading=\"lazy\" decoding=\"async\" aria-describedby=\"caption-attachment-13488\" data-attachment-id=\"13488\" data-permalink=\"http:\/\/www.jojoenherbe.com\/index.php\/2020\/09\/15\/ptit-recap-du-challenge-halloween-2020\/chasse-aux-bonbons\/\" data-orig-file=\"https:\/\/i0.wp.com\/www.jojoenherbe.com\/wp-content\/uploads\/2020\/09\/Chasse-aux-bonbons-scaled.jpg?fit=2560%2C1722\" data-orig-size=\"2560,1722\" data-comments-opened=\"1\" data-image-meta=\"{&quot;aperture&quot;:&quot;1.8&quot;,&quot;credit&quot;:&quot;&quot;,&quot;camera&quot;:&quot;iPhone 7&quot;,&quot;caption&quot;:&quot;&quot;,&quot;created_timestamp&quot;:&quot;1604159273&quot;,&quot;copyright&quot;:&quot;&quot;,&quot;focal_length&quot;:&quot;3.99&quot;,&quot;iso&quot;:&quot;100&quot;,&quot;shutter_speed&quot;:&quot;0.16666666666667&quot;,&quot;title&quot;:&quot;&quot;,&quot;orientation&quot;:&quot;0&quot;}\" data-image-title=\"Chasse aux bonbons\" data-image-description=\"\" data-image-caption=\"\" data-large-file=\"https:\/\/i0.wp.com\/www.jojoenherbe.com\/wp-content\/uploads\/2020\/09\/Chasse-aux-bonbons-scaled.jpg?fit=676%2C455\" class=\"wp-image-13488\" src=\"https:\/\/i0.wp.com\/mapetitemediatheque.fr\/wp-content\/uploads\/2020\/01\/des-livres-en-cusine-2020-3.jpg?resize=160%2C146\" alt=\"\" width=\"160\" height=\"146\"><p id=\"caption-attachment-13488\" class=\"wp-caption-text\">Participation #3 au challenge Des livres (et des \u00e9crans) en cuisine de <a href=\"http:\/\/mapetitemediatheque.fr\/2020\/01\/des-livres-en-cuisine-le-menu-2020\/\">Bidib<\/a> et <a href=\"http:\/\/croquerlespages.canalblog.com\/archives\/2020\/01\/11\/37925540.html\">Fondant<\/a><\/p><\/div>\n","protected":false},"excerpt":{"rendered":"<p>Lors du RAT gourmand du week-end dernier, nous lisons Un g\u00e2teau au go\u00fbter de Christian Voltz (\u00e9d. L\u2019\u00e9cole des loisirs, 2019), un album jeunesse \u00e0 partir de 3 ans. Monsieur Anatole a invit\u00e9 Mademoiselle Blanche pour le go\u00fbter. Mais catastrophe! L\u2019heure approche et il n\u2019a toujours pas r\u00e9ussi \u00e0 pr\u00e9parer le moindre g\u00e2teau. Aid\u00e9 par [&hellip;]<\/p>\n","protected":false},"author":1,"featured_media":11922,"comment_status":"open","ping_status":"open","sticky":false,"template":"","format":"standard","meta":{"jetpack_post_was_ever_published":false,"_jetpack_newsletter_access":"","_jetpack_dont_email_post_to_subs":false,"_jetpack_newsletter_tier_id":0,"_jetpack_memberships_contains_paywalled_content":false,"_jetpack_memberships_contains_paid_content":false,"footnotes":""},"categories":[363],"tags":[785,409,1702,955,884,9,1679,390,954,990,222,367,467,1703,539,495],"class_list":["post-12027","post","type-post","status-publish","format-standard","has-post-thumbnail","hentry","category-mini-lecteur","tag-3-6-ans","tag-albums-jeunesse","tag-christian-voltz","tag-cochon","tag-crapaud","tag-cuisine","tag-des-livres-et-des-ecrans-en-cuisine-2020","tag-entraide","tag-gateau","tag-gouter","tag-lapin","tag-lecture-jeunesse","tag-legumes","tag-rendez-vous","tag-soupe","tag-souris","post-preview"],"jetpack_featured_media_url":"https:\/\/i0.wp.com\/www.jojoenherbe.com\/wp-content\/uploads\/2020\/08\/Un-gateau-au-gouter-scaled.jpg?fit=2560%2C1920","jetpack_sharing_enabled":true,"jetpack_shortlink":"https:\/\/wp.me\/p9zhGx-37Z","jetpack_likes_enabled":true,"jetpack-related-posts":[{"id":15151,"url":"http:\/\/www.jojoenherbe.com\/index.php\/2021\/01\/18\/au-fil-des-pages-avec-un-gouter-en-foret\/","url_meta":{"origin":12027,"position":0},"title":"Au fil des pages avec Un go\u00fbter en for\u00eat","author":"Jojo","date":"18 janvier 2021","format":false,"excerpt":"Nous empruntons \u00e0 la m\u00e9diath\u00e8que Un go\u00fbter en for\u00eat d'Akiko Miyakoshi (\u00e9d. Syros, 2011), un album jeunesse \u00e0 partir 4 ans et qui a fait partie de la s\u00e9lection CP du 25\u00e8me Prix des Incos en 2014. Son p\u00e8re ayant oubli\u00e9 le g\u00e2teau pr\u00e9vu pour sa grand-m\u00e8re, Akiko d\u00e9cide de\u2026","rel":"","context":"Dans &quot;Mini lecteur&quot;","block_context":{"text":"Mini lecteur","link":"http:\/\/www.jojoenherbe.com\/index.php\/category\/mini-lecteur\/"},"img":{"alt_text":"","src":"https:\/\/i0.wp.com\/www.jojoenherbe.com\/wp-content\/uploads\/2021\/01\/Un-gouter-en-foret-2-scaled.jpg?fit=1200%2C900&resize=350%2C200","width":350,"height":200,"srcset":"https:\/\/i0.wp.com\/www.jojoenherbe.com\/wp-content\/uploads\/2021\/01\/Un-gouter-en-foret-2-scaled.jpg?fit=1200%2C900&resize=350%2C200 1x, https:\/\/i0.wp.com\/www.jojoenherbe.com\/wp-content\/uploads\/2021\/01\/Un-gouter-en-foret-2-scaled.jpg?fit=1200%2C900&resize=525%2C300 1.5x, https:\/\/i0.wp.com\/www.jojoenherbe.com\/wp-content\/uploads\/2021\/01\/Un-gouter-en-foret-2-scaled.jpg?fit=1200%2C900&resize=700%2C400 2x, https:\/\/i0.wp.com\/www.jojoenherbe.com\/wp-content\/uploads\/2021\/01\/Un-gouter-en-foret-2-scaled.jpg?fit=1200%2C900&resize=1050%2C600 3x"},"classes":[]},{"id":22023,"url":"http:\/\/www.jojoenherbe.com\/index.php\/2021\/10\/31\/pause-gouter-un-gateau-halloweeneque\/","url_meta":{"origin":12027,"position":1},"title":"Pause go\u00fbter: un g\u00e2teau halloweeneque","author":"Jojo","date":"31 octobre 2021","format":false,"excerpt":"En ce 31 octobre 2021, je pr\u00e9pare un g\u00e2teau halloweenesque pour le go\u00fbter. Je commence par faire un g\u00e2teau au yaourt, un g\u00e2teau qui pla\u00eet toujours et facile \u00e0 r\u00e9aliser, m\u00eame par des enfants puisqu'un des pots de yaourt sert de mesure. Si vous ne connaissez pas la recette, voici\u2026","rel":"","context":"Dans &quot;Mini toque&quot;","block_context":{"text":"Mini toque","link":"http:\/\/www.jojoenherbe.com\/index.php\/category\/mini-decouvreur\/mini-toque\/"},"img":{"alt_text":"","src":"https:\/\/i0.wp.com\/www.jojoenherbe.com\/wp-content\/uploads\/2021\/10\/Gateau-halloweenesque-3-scaled.jpg?fit=1200%2C900&resize=350%2C200","width":350,"height":200,"srcset":"https:\/\/i0.wp.com\/www.jojoenherbe.com\/wp-content\/uploads\/2021\/10\/Gateau-halloweenesque-3-scaled.jpg?fit=1200%2C900&resize=350%2C200 1x, https:\/\/i0.wp.com\/www.jojoenherbe.com\/wp-content\/uploads\/2021\/10\/Gateau-halloweenesque-3-scaled.jpg?fit=1200%2C900&resize=525%2C300 1.5x, https:\/\/i0.wp.com\/www.jojoenherbe.com\/wp-content\/uploads\/2021\/10\/Gateau-halloweenesque-3-scaled.jpg?fit=1200%2C900&resize=700%2C400 2x, https:\/\/i0.wp.com\/www.jojoenherbe.com\/wp-content\/uploads\/2021\/10\/Gateau-halloweenesque-3-scaled.jpg?fit=1200%2C900&resize=1050%2C600 3x"},"classes":[]},{"id":16983,"url":"http:\/\/www.jojoenherbe.com\/index.php\/2021\/04\/04\/au-fil-des-pages-avec-tu-rentres-quand\/","url_meta":{"origin":12027,"position":2},"title":"Au fil des pages avec Tu rentres quand?","author":"Jojo","date":"4 avril 2021","format":false,"excerpt":"En ce 4 avril 2021, journ\u00e9e \"Gourmandises\/livre gourmand\" d'Un Mois au Japon, j'ai choisi une de nos derni\u00e8res lectures: Tu rentres quand? de Nagako Suzuki(\u00e9d. Nobi Nobi!, 2018), un album jeunesse \u00e0 partir de 3 ans. Apr\u00e8s avoir pr\u00e9par\u00e9 un g\u00e2teau d\u2019anniversaire pour son p\u00e8re, No\u00e9mie, une petite fille attend\u2026","rel":"","context":"Dans &quot;Mini lecteur&quot;","block_context":{"text":"Mini lecteur","link":"http:\/\/www.jojoenherbe.com\/index.php\/category\/mini-lecteur\/"},"img":{"alt_text":"","src":"https:\/\/i0.wp.com\/www.jojoenherbe.com\/wp-content\/uploads\/2021\/04\/Tu-rentres-quand-scaled.jpg?fit=1200%2C900&resize=350%2C200","width":350,"height":200,"srcset":"https:\/\/i0.wp.com\/www.jojoenherbe.com\/wp-content\/uploads\/2021\/04\/Tu-rentres-quand-scaled.jpg?fit=1200%2C900&resize=350%2C200 1x, https:\/\/i0.wp.com\/www.jojoenherbe.com\/wp-content\/uploads\/2021\/04\/Tu-rentres-quand-scaled.jpg?fit=1200%2C900&resize=525%2C300 1.5x, https:\/\/i0.wp.com\/www.jojoenherbe.com\/wp-content\/uploads\/2021\/04\/Tu-rentres-quand-scaled.jpg?fit=1200%2C900&resize=700%2C400 2x, https:\/\/i0.wp.com\/www.jojoenherbe.com\/wp-content\/uploads\/2021\/04\/Tu-rentres-quand-scaled.jpg?fit=1200%2C900&resize=1050%2C600 3x"},"classes":[]},{"id":12184,"url":"http:\/\/www.jojoenherbe.com\/index.php\/2020\/09\/09\/au-fil-des-pages-avec-le-loup-qui-decouvrait-le-pays-des-contes\/","url_meta":{"origin":12027,"position":3},"title":"Au fil des pages avec Le loup qui d\u00e9couvrait le pays des contes","author":"Jojo","date":"9 septembre 2020","format":false,"excerpt":"Nous empruntons \u00e0 la m\u00e9diath\u00e8que Le loup qui d\u00e9couvrait le pays des contes d'Orianne Lallemand et \u00c9l\u00e9onore Thuillier (\u00e9d. Auzou, 2014), un album jeunesse \u00e0 partir de 3 ans. Pour le go\u00fbter du Printemps, Loup voudrait pr\u00e9parer un g\u00e2teau aux pommes pour ses amis mais il ne sait pas cuisiner.\u2026","rel":"","context":"Dans &quot;Mini lecteur&quot;","block_context":{"text":"Mini lecteur","link":"http:\/\/www.jojoenherbe.com\/index.php\/category\/mini-lecteur\/"},"img":{"alt_text":"","src":"https:\/\/i0.wp.com\/www.jojoenherbe.com\/wp-content\/uploads\/2020\/09\/Le-loup-qui-decouvrait-le-pays-des-contes-scaled.jpg?fit=1200%2C900&resize=350%2C200","width":350,"height":200,"srcset":"https:\/\/i0.wp.com\/www.jojoenherbe.com\/wp-content\/uploads\/2020\/09\/Le-loup-qui-decouvrait-le-pays-des-contes-scaled.jpg?fit=1200%2C900&resize=350%2C200 1x, https:\/\/i0.wp.com\/www.jojoenherbe.com\/wp-content\/uploads\/2020\/09\/Le-loup-qui-decouvrait-le-pays-des-contes-scaled.jpg?fit=1200%2C900&resize=525%2C300 1.5x, https:\/\/i0.wp.com\/www.jojoenherbe.com\/wp-content\/uploads\/2020\/09\/Le-loup-qui-decouvrait-le-pays-des-contes-scaled.jpg?fit=1200%2C900&resize=700%2C400 2x, https:\/\/i0.wp.com\/www.jojoenherbe.com\/wp-content\/uploads\/2020\/09\/Le-loup-qui-decouvrait-le-pays-des-contes-scaled.jpg?fit=1200%2C900&resize=1050%2C600 3x"},"classes":[]},{"id":11842,"url":"http:\/\/www.jojoenherbe.com\/index.php\/2020\/08\/21\/un-rat-gourmand-2020\/","url_meta":{"origin":12027,"position":4},"title":"Un RAT gourmand 2020","author":"Jojo","date":"21 ao\u00fbt 2020","format":false,"excerpt":"De ce jour, 21 ao\u00fbt au 23 ao\u00fbt 2020 minuit, Bidib du blog \"La Petite M\u00e9diath\u00e8que\" et FondantGrignote du blog \"Croquer des livres\" organisent un RAT gourmand dans le cadre de leur challenge Des livres (et des \u00e9crans) en cuisine. Ce billet de suivi \u00e9voluera donc dans les jours \u00e0\u2026","rel":"","context":"Dans &quot;Mini challenger&quot;","block_context":{"text":"Mini challenger","link":"http:\/\/www.jojoenherbe.com\/index.php\/category\/mini-challenger\/"},"img":{"alt_text":"","src":"https:\/\/i0.wp.com\/www.jojoenherbe.com\/wp-content\/uploads\/2020\/08\/RAT-gourmand-2-scaled.jpg?fit=1200%2C1106&resize=350%2C200","width":350,"height":200,"srcset":"https:\/\/i0.wp.com\/www.jojoenherbe.com\/wp-content\/uploads\/2020\/08\/RAT-gourmand-2-scaled.jpg?fit=1200%2C1106&resize=350%2C200 1x, https:\/\/i0.wp.com\/www.jojoenherbe.com\/wp-content\/uploads\/2020\/08\/RAT-gourmand-2-scaled.jpg?fit=1200%2C1106&resize=525%2C300 1.5x, https:\/\/i0.wp.com\/www.jojoenherbe.com\/wp-content\/uploads\/2020\/08\/RAT-gourmand-2-scaled.jpg?fit=1200%2C1106&resize=700%2C400 2x, https:\/\/i0.wp.com\/www.jojoenherbe.com\/wp-content\/uploads\/2020\/08\/RAT-gourmand-2-scaled.jpg?fit=1200%2C1106&resize=1050%2C600 3x"},"classes":[]},{"id":29119,"url":"http:\/\/www.jojoenherbe.com\/index.php\/2023\/01\/12\/au-fil-des-pages-avec-oh-crotte-encore-des-carottes\/","url_meta":{"origin":12027,"position":5},"title":"Au fil des pages avec Oh crotte, encore des carottes!","author":"Jojo","date":"12 janvier 2023","format":false,"excerpt":"Hier apr\u00e8s-midi, j'ai lu avec mon mini lecteur Oh crotte, encore des carottes! de Mr. Tan et Aurore Damant (\u00e9d. Bayard Jeunesse, 2015, r\u00e9\u00e9d. 2021, 29 pages), un roman jeunesse premi\u00e8res lectures et qui est le tome 1 de la s\u00e9rie \"Les filous du CP\" et de collection \"Tu lis,\u2026","rel":"","context":"Dans &quot;Mini lecteur&quot;","block_context":{"text":"Mini lecteur","link":"http:\/\/www.jojoenherbe.com\/index.php\/category\/mini-lecteur\/"},"img":{"alt_text":"","src":"https:\/\/i0.wp.com\/www.jojoenherbe.com\/wp-content\/uploads\/2023\/01\/Oh-crotte-encore-des-carottes-scaled.jpg?fit=1200%2C890&resize=350%2C200","width":350,"height":200,"srcset":"https:\/\/i0.wp.com\/www.jojoenherbe.com\/wp-content\/uploads\/2023\/01\/Oh-crotte-encore-des-carottes-scaled.jpg?fit=1200%2C890&resize=350%2C200 1x, https:\/\/i0.wp.com\/www.jojoenherbe.com\/wp-content\/uploads\/2023\/01\/Oh-crotte-encore-des-carottes-scaled.jpg?fit=1200%2C890&resize=525%2C300 1.5x, https:\/\/i0.wp.com\/www.jojoenherbe.com\/wp-content\/uploads\/2023\/01\/Oh-crotte-encore-des-carottes-scaled.jpg?fit=1200%2C890&resize=700%2C400 2x, https:\/\/i0.wp.com\/www.jojoenherbe.com\/wp-content\/uploads\/2023\/01\/Oh-crotte-encore-des-carottes-scaled.jpg?fit=1200%2C890&resize=1050%2C600 3x"},"classes":[]}],"_links":{"self":[{"href":"http:\/\/www.jojoenherbe.com\/index.php\/wp-json\/wp\/v2\/posts\/12027","targetHints":{"allow":["GET"]}}],"collection":[{"href":"http:\/\/www.jojoenherbe.com\/index.php\/wp-json\/wp\/v2\/posts"}],"about":[{"href":"http:\/\/www.jojoenherbe.com\/index.php\/wp-json\/wp\/v2\/types\/post"}],"author":[{"embeddable":true,"href":"http:\/\/www.jojoenherbe.com\/index.php\/wp-json\/wp\/v2\/users\/1"}],"replies":[{"embeddable":true,"href":"http:\/\/www.jojoenherbe.com\/index.php\/wp-json\/wp\/v2\/comments?post=12027"}],"version-history":[{"count":0,"href":"http:\/\/www.jojoenherbe.com\/index.php\/wp-json\/wp\/v2\/posts\/12027\/revisions"}],"wp:featuredmedia":[{"embeddable":true,"href":"http:\/\/www.jojoenherbe.com\/index.php\/wp-json\/wp\/v2\/media\/11922"}],"wp:attachment":[{"href":"http:\/\/www.jojoenherbe.com\/index.php\/wp-json\/wp\/v2\/media?parent=12027"}],"wp:term":[{"taxonomy":"category","embeddable":true,"href":"http:\/\/www.jojoenherbe.com\/index.php\/wp-json\/wp\/v2\/categories?post=12027"},{"taxonomy":"post_tag","embeddable":true,"href":"http:\/\/www.jojoenherbe.com\/index.php\/wp-json\/wp\/v2\/tags?post=12027"}],"curies":[{"name":"wp","href":"https:\/\/api.w.org\/{rel}","templated":true}]}}