{"id":11976,"date":"2020-08-27T10:03:33","date_gmt":"2020-08-27T08:03:33","guid":{"rendered":"http:\/\/www.jojoenherbe.com\/?p=11976"},"modified":"2020-08-27T10:03:33","modified_gmt":"2020-08-27T08:03:33","slug":"au-fil-des-pages-avec-le-loup-garou","status":"publish","type":"post","link":"http:\/\/www.jojoenherbe.com\/index.php\/2020\/08\/27\/au-fil-des-pages-avec-le-loup-garou\/","title":{"rendered":"Au fil des pages avec Le loup-garou"},"content":{"rendered":"<p style=\"text-align: justify;\"><em><a href=\"https:\/\/i0.wp.com\/www.jojoenherbe.com\/wp-content\/uploads\/2020\/08\/Le-loup-garou-2-scaled.jpg\"><img data-recalc-dims=\"1\" loading=\"lazy\" decoding=\"async\" data-attachment-id=\"11947\" data-permalink=\"http:\/\/www.jojoenherbe.com\/index.php\/2020\/08\/21\/un-rat-gourmand-2020\/le-loup-garou-2\/\" data-orig-file=\"https:\/\/i0.wp.com\/www.jojoenherbe.com\/wp-content\/uploads\/2020\/08\/Le-loup-garou-2-scaled.jpg?fit=2560%2C1678\" data-orig-size=\"2560,1678\" data-comments-opened=\"1\" data-image-meta=\"{&quot;aperture&quot;:&quot;1.8&quot;,&quot;credit&quot;:&quot;&quot;,&quot;camera&quot;:&quot;iPhone 7&quot;,&quot;caption&quot;:&quot;&quot;,&quot;created_timestamp&quot;:&quot;1598200154&quot;,&quot;copyright&quot;:&quot;&quot;,&quot;focal_length&quot;:&quot;3.99&quot;,&quot;iso&quot;:&quot;80&quot;,&quot;shutter_speed&quot;:&quot;0.125&quot;,&quot;title&quot;:&quot;&quot;,&quot;orientation&quot;:&quot;1&quot;}\" data-image-title=\"Le loup-garou 2\" data-image-description=\"\" data-image-caption=\"\" data-large-file=\"https:\/\/i0.wp.com\/www.jojoenherbe.com\/wp-content\/uploads\/2020\/08\/Le-loup-garou-2-scaled.jpg?fit=676%2C443\" class=\"alignleft size-thumbnail wp-image-11947\" src=\"https:\/\/i0.wp.com\/www.jojoenherbe.com\/wp-content\/uploads\/2020\/08\/Le-loup-garou-2.jpg?resize=150%2C150\" alt=\"\" width=\"150\" height=\"150\" srcset=\"https:\/\/i0.wp.com\/www.jojoenherbe.com\/wp-content\/uploads\/2020\/08\/Le-loup-garou-2-scaled.jpg?resize=150%2C150 150w, https:\/\/i0.wp.com\/www.jojoenherbe.com\/wp-content\/uploads\/2020\/08\/Le-loup-garou-2-scaled.jpg?zoom=2&amp;resize=150%2C150 300w, https:\/\/i0.wp.com\/www.jojoenherbe.com\/wp-content\/uploads\/2020\/08\/Le-loup-garou-2-scaled.jpg?zoom=3&amp;resize=150%2C150 450w\" sizes=\"auto, (max-width: 150px) 100vw, 150px\" \/><\/a> <a href=\"https:\/\/i0.wp.com\/www.jojoenherbe.com\/wp-content\/uploads\/2020\/08\/Le-loup-garou-4-scaled.jpg\"><img data-recalc-dims=\"1\" loading=\"lazy\" decoding=\"async\" data-attachment-id=\"11983\" data-permalink=\"http:\/\/www.jojoenherbe.com\/index.php\/2020\/08\/27\/au-fil-des-pages-avec-le-loup-garou\/le-loup-garou-4\/\" data-orig-file=\"https:\/\/i0.wp.com\/www.jojoenherbe.com\/wp-content\/uploads\/2020\/08\/Le-loup-garou-4-scaled.jpg?fit=2560%2C1474\" data-orig-size=\"2560,1474\" data-comments-opened=\"1\" data-image-meta=\"{&quot;aperture&quot;:&quot;1.8&quot;,&quot;credit&quot;:&quot;&quot;,&quot;camera&quot;:&quot;iPhone 7&quot;,&quot;caption&quot;:&quot;&quot;,&quot;created_timestamp&quot;:&quot;1598522430&quot;,&quot;copyright&quot;:&quot;&quot;,&quot;focal_length&quot;:&quot;3.99&quot;,&quot;iso&quot;:&quot;100&quot;,&quot;shutter_speed&quot;:&quot;0.25&quot;,&quot;title&quot;:&quot;&quot;,&quot;orientation&quot;:&quot;1&quot;}\" data-image-title=\"Le loup-garou 4\" data-image-description=\"\" data-image-caption=\"\" data-large-file=\"https:\/\/i0.wp.com\/www.jojoenherbe.com\/wp-content\/uploads\/2020\/08\/Le-loup-garou-4-scaled.jpg?fit=676%2C389\" class=\"alignleft size-thumbnail wp-image-11983\" src=\"https:\/\/i0.wp.com\/www.jojoenherbe.com\/wp-content\/uploads\/2020\/08\/Le-loup-garou-4.jpg?resize=150%2C150\" alt=\"\" width=\"150\" height=\"150\" srcset=\"https:\/\/i0.wp.com\/www.jojoenherbe.com\/wp-content\/uploads\/2020\/08\/Le-loup-garou-4-scaled.jpg?resize=150%2C150 150w, https:\/\/i0.wp.com\/www.jojoenherbe.com\/wp-content\/uploads\/2020\/08\/Le-loup-garou-4-scaled.jpg?zoom=2&amp;resize=150%2C150 300w, https:\/\/i0.wp.com\/www.jojoenherbe.com\/wp-content\/uploads\/2020\/08\/Le-loup-garou-4-scaled.jpg?zoom=3&amp;resize=150%2C150 450w\" sizes=\"auto, (max-width: 150px) 100vw, 150px\" \/><\/a> J&#8217;emprunte \u00e0 la m\u00e9diath\u00e8que <span style=\"text-decoration: underline;\">Le loup-garou<\/span> de Michel Ocelot (\u00e9d. Nathan, coll. \u00ab\u00a0Dragons et Princesses\u00a0\u00bb, 2010), un album jeunesse \u00e0 partir de 6 ans pour le th\u00e8me de ce mois-ci du Challenge Contes et L\u00e9gendes, \u00ab\u00a0Loups-garous et vampires\u00a0\u00bb. <\/em><em>Comme dans <span style=\"text-decoration: underline;\">Les Contes de la nuit<\/span>, son film d&rsquo;animation sorti en 2011, l&rsquo;auteur raconte l&rsquo;histoire de deux s\u0153urs &#8211; l&rsquo;A\u00een\u00e9e et la Cadette &#8211; et d&rsquo;un jeune homme loup-garou, Yann qui apr\u00e8s avoir \u00e9t\u00e9 longtemps emprisonn\u00e9 \u00e9pouse l&rsquo;a\u00een\u00e9e qu&rsquo;il pense \u00eatre \u00e0 l&rsquo;origine de sa lib\u00e9ration. Mais est-ce vraiment la s\u0153ur qui l&rsquo;a aid\u00e9 et qui est \u00e9prise de lui? <\/em><\/p>\n<p style=\"text-align: justify;\"><em>Les illustrations en papiers d\u00e9coup\u00e9s et ombres chinoises apportent une touche f\u00e9\u00e9rique \u00e0 l&rsquo;histoire, alternant entre des fonds dor\u00e9s et bleut\u00e9s. \u00c0 noter que le texte utilise la nouvelle orthographe et m\u00eame si la r\u00e9forme date de 1990, elle m&rsquo;est toujours difficile \u00e0 accepter notamment dans l&rsquo;absence d&rsquo;accent circonflexe et la pr\u00e9sence d&rsquo;une virgule avant une conjonction de coordination&#8230; Un tr\u00e8s joli conte dans lequel le loup-garou n&rsquo;est pas le m\u00e9chant de l&rsquo;histoire et dans lequel le jeune lecteur apprend \u00e0 aller au-del\u00e0 des apparences!<br \/>\n<\/em><\/p>\n<div id=\"attachment_10219\" style=\"width: 155px\" class=\"wp-caption aligncenter\"><img data-recalc-dims=\"1\" loading=\"lazy\" decoding=\"async\" aria-describedby=\"caption-attachment-10219\" data-attachment-id=\"10219\" data-permalink=\"http:\/\/www.jojoenherbe.com\/index.php\/2020\/03\/02\/au-fil-des-pages-avec-lievre-et-ours-sous-la-neige\/lievre-et-ours-sous-la-neige\/\" data-orig-file=\"https:\/\/i0.wp.com\/www.jojoenherbe.com\/wp-content\/uploads\/2020\/03\/Li%C3%A8vre-et-Ours-sous-la-neige-scaled.jpg?fit=2560%2C1892\" data-orig-size=\"2560,1892\" data-comments-opened=\"1\" data-image-meta=\"{&quot;aperture&quot;:&quot;2.4&quot;,&quot;credit&quot;:&quot;&quot;,&quot;camera&quot;:&quot;iPhone 4S&quot;,&quot;caption&quot;:&quot;&quot;,&quot;created_timestamp&quot;:&quot;1583147305&quot;,&quot;copyright&quot;:&quot;&quot;,&quot;focal_length&quot;:&quot;4.28&quot;,&quot;iso&quot;:&quot;640&quot;,&quot;shutter_speed&quot;:&quot;0.066666666666667&quot;,&quot;title&quot;:&quot;&quot;,&quot;orientation&quot;:&quot;1&quot;}\" data-image-title=\"Li\u00e8vre et Ours, sous la neige\" data-image-description=\"\" data-image-caption=\"\" data-large-file=\"https:\/\/i0.wp.com\/www.jojoenherbe.com\/wp-content\/uploads\/2020\/03\/Li%C3%A8vre-et-Ours-sous-la-neige-scaled.jpg?fit=676%2C500\" class=\"wp-image-10219\" src=\"https:\/\/i0.wp.com\/mapetitemediatheque.fr\/wp-content\/uploads\/2018\/11\/challenge-contes-et-l%C3%A9gendes.jpg?resize=145%2C181\" sizes=\"auto, (max-width: 343px) 100vw, 343px\" srcset=\"http:\/\/mapetitemediatheque.fr\/wp-content\/uploads\/2018\/11\/challenge-contes-et-l\u00e9gendes.jpg 343w, http:\/\/mapetitemediatheque.fr\/wp-content\/uploads\/2018\/11\/challenge-contes-et-l\u00e9gendes-239x300.jpg 239w\" alt=\"\" width=\"145\" height=\"181\" \/><p id=\"caption-attachment-10219\" class=\"wp-caption-text\">Participation #37 Contes &amp; L\u00e9gendes 2020 de <a href=\"http:\/\/mapetitemediatheque.fr\/2020\/01\/challenge-contes-et-legendes-2020\/\">Bidib<\/a> #loups-garous et vampires<\/p><\/div>\n","protected":false},"excerpt":{"rendered":"<p>J&#8217;emprunte \u00e0 la m\u00e9diath\u00e8que Le loup-garou de Michel Ocelot (\u00e9d. Nathan, coll. \u00ab\u00a0Dragons et Princesses\u00a0\u00bb, 2010), un album jeunesse \u00e0 partir de 6 ans pour le th\u00e8me de ce mois-ci du Challenge Contes et L\u00e9gendes, \u00ab\u00a0Loups-garous et vampires\u00a0\u00bb. Comme dans Les Contes de la nuit, son film d&rsquo;animation sorti en 2011, l&rsquo;auteur raconte l&rsquo;histoire de [&hellip;]<\/p>\n","protected":false},"author":1,"featured_media":11943,"comment_status":"open","ping_status":"open","sticky":false,"template":"","format":"standard","meta":{"jetpack_post_was_ever_published":false,"_jetpack_newsletter_access":"","_jetpack_dont_email_post_to_subs":false,"_jetpack_newsletter_tier_id":0,"_jetpack_memberships_contains_paywalled_content":false,"_jetpack_memberships_contains_paid_content":false,"footnotes":""},"categories":[363],"tags":[788,409,1365,1285,245,877,843,367,1689,1690,645,885,816],"class_list":["post-11976","post","type-post","status-publish","format-standard","has-post-thumbnail","hentry","category-mini-lecteur","tag-6-9-ans","tag-albums-jeunesse","tag-challenge-contes-et-legendes-2020","tag-chevalier","tag-contes","tag-creatures","tag-fantastique","tag-lecture-jeunesse","tag-loup-garou","tag-michel-ocelot","tag-moyen-age","tag-princesse","tag-soeur","post-preview"],"jetpack_featured_media_url":"https:\/\/i0.wp.com\/www.jojoenherbe.com\/wp-content\/uploads\/2020\/08\/Le-loup-garou-scaled.jpg?fit=2560%2C1652","jetpack_sharing_enabled":true,"jetpack_shortlink":"https:\/\/wp.me\/p9zhGx-37a","jetpack_likes_enabled":true,"jetpack-related-posts":[{"id":12062,"url":"http:\/\/www.jojoenherbe.com\/index.php\/2020\/09\/01\/le-mois-des-contes-et-legendes-en-septembre-2020\/","url_meta":{"origin":11976,"position":0},"title":"Le mois des contes et l\u00e9gendes en septembre 2020","author":"Jojo","date":"1 septembre 2020","format":false,"excerpt":"Un mois de septembre 2020 s'annonce bien charg\u00e9 pour moi c\u00f4t\u00e9 challenges livresques. En plus d'\u00eatre le Mois Am\u00e9ricain, c'est aussi le Mois des Contes et L\u00e9gendes avec Bidib et son challenge Contes et L\u00e9gendes, un challenge qui me tient particuli\u00e8rement \u00e0 c\u0153ur comme celui de No\u00ebl. Bidib nous propose\u2026","rel":"","context":"Dans &quot;Mini challenger&quot;","block_context":{"text":"Mini challenger","link":"http:\/\/www.jojoenherbe.com\/index.php\/category\/mini-challenger\/"},"img":{"alt_text":"","src":"https:\/\/i0.wp.com\/www.jojoenherbe.com\/wp-content\/uploads\/2020\/09\/PAL-Le-mois-des-contes-et-legendes-2020-scaled.jpg?fit=1200%2C848&resize=350%2C200","width":350,"height":200,"srcset":"https:\/\/i0.wp.com\/www.jojoenherbe.com\/wp-content\/uploads\/2020\/09\/PAL-Le-mois-des-contes-et-legendes-2020-scaled.jpg?fit=1200%2C848&resize=350%2C200 1x, https:\/\/i0.wp.com\/www.jojoenherbe.com\/wp-content\/uploads\/2020\/09\/PAL-Le-mois-des-contes-et-legendes-2020-scaled.jpg?fit=1200%2C848&resize=525%2C300 1.5x, https:\/\/i0.wp.com\/www.jojoenherbe.com\/wp-content\/uploads\/2020\/09\/PAL-Le-mois-des-contes-et-legendes-2020-scaled.jpg?fit=1200%2C848&resize=700%2C400 2x, https:\/\/i0.wp.com\/www.jojoenherbe.com\/wp-content\/uploads\/2020\/09\/PAL-Le-mois-des-contes-et-legendes-2020-scaled.jpg?fit=1200%2C848&resize=1050%2C600 3x"},"classes":[]},{"id":6988,"url":"http:\/\/www.jojoenherbe.com\/index.php\/2020\/10\/19\/au-fil-des-pages-avec-le-petit-loup-rouge\/","url_meta":{"origin":11976,"position":1},"title":"Au fil des pages avec Le Petit Loup Rouge","author":"Jojo","date":"19 octobre 2020","format":false,"excerpt":"J'emprunte \u00e0 la biblioth\u00e8que Le Petit Loup Rouge d'Am\u00e9lie Fl\u00e9chais (\u00e9d. Ankama, coll. \u00c9tincelle, 2014), un album jeunesse \u00e0 partir de 8 ans, voire un peu plus et qui d\u00e9tourne, de fa\u00e7on tout aussi sombre que le conte \u00e9crit par Charles Perrault, Le Petit Chaperon Rouge. Un petit loup tout\u2026","rel":"","context":"Dans &quot;Mini lecteur&quot;","block_context":{"text":"Mini lecteur","link":"http:\/\/www.jojoenherbe.com\/index.php\/category\/mini-lecteur\/"},"img":{"alt_text":"","src":"https:\/\/i0.wp.com\/www.jojoenherbe.com\/wp-content\/uploads\/2020\/10\/Le-petit-loup-rouge-scaled.jpg?fit=1122%2C1200&resize=350%2C200","width":350,"height":200,"srcset":"https:\/\/i0.wp.com\/www.jojoenherbe.com\/wp-content\/uploads\/2020\/10\/Le-petit-loup-rouge-scaled.jpg?fit=1122%2C1200&resize=350%2C200 1x, https:\/\/i0.wp.com\/www.jojoenherbe.com\/wp-content\/uploads\/2020\/10\/Le-petit-loup-rouge-scaled.jpg?fit=1122%2C1200&resize=525%2C300 1.5x, https:\/\/i0.wp.com\/www.jojoenherbe.com\/wp-content\/uploads\/2020\/10\/Le-petit-loup-rouge-scaled.jpg?fit=1122%2C1200&resize=700%2C400 2x, https:\/\/i0.wp.com\/www.jojoenherbe.com\/wp-content\/uploads\/2020\/10\/Le-petit-loup-rouge-scaled.jpg?fit=1122%2C1200&resize=1050%2C600 3x"},"classes":[]},{"id":12184,"url":"http:\/\/www.jojoenherbe.com\/index.php\/2020\/09\/09\/au-fil-des-pages-avec-le-loup-qui-decouvrait-le-pays-des-contes\/","url_meta":{"origin":11976,"position":2},"title":"Au fil des pages avec Le loup qui d\u00e9couvrait le pays des contes","author":"Jojo","date":"9 septembre 2020","format":false,"excerpt":"Nous empruntons \u00e0 la m\u00e9diath\u00e8que Le loup qui d\u00e9couvrait le pays des contes d'Orianne Lallemand et \u00c9l\u00e9onore Thuillier (\u00e9d. Auzou, 2014), un album jeunesse \u00e0 partir de 3 ans. Pour le go\u00fbter du Printemps, Loup voudrait pr\u00e9parer un g\u00e2teau aux pommes pour ses amis mais il ne sait pas cuisiner.\u2026","rel":"","context":"Dans &quot;Mini lecteur&quot;","block_context":{"text":"Mini lecteur","link":"http:\/\/www.jojoenherbe.com\/index.php\/category\/mini-lecteur\/"},"img":{"alt_text":"","src":"https:\/\/i0.wp.com\/www.jojoenherbe.com\/wp-content\/uploads\/2020\/09\/Le-loup-qui-decouvrait-le-pays-des-contes-scaled.jpg?fit=1200%2C900&resize=350%2C200","width":350,"height":200,"srcset":"https:\/\/i0.wp.com\/www.jojoenherbe.com\/wp-content\/uploads\/2020\/09\/Le-loup-qui-decouvrait-le-pays-des-contes-scaled.jpg?fit=1200%2C900&resize=350%2C200 1x, https:\/\/i0.wp.com\/www.jojoenherbe.com\/wp-content\/uploads\/2020\/09\/Le-loup-qui-decouvrait-le-pays-des-contes-scaled.jpg?fit=1200%2C900&resize=525%2C300 1.5x, https:\/\/i0.wp.com\/www.jojoenherbe.com\/wp-content\/uploads\/2020\/09\/Le-loup-qui-decouvrait-le-pays-des-contes-scaled.jpg?fit=1200%2C900&resize=700%2C400 2x, https:\/\/i0.wp.com\/www.jojoenherbe.com\/wp-content\/uploads\/2020\/09\/Le-loup-qui-decouvrait-le-pays-des-contes-scaled.jpg?fit=1200%2C900&resize=1050%2C600 3x"},"classes":[]},{"id":12670,"url":"http:\/\/www.jojoenherbe.com\/index.php\/2020\/10\/10\/au-fil-des-pages-avec-comment-etre-aime-quand-on-est-un-grand-mechant-loup\/","url_meta":{"origin":11976,"position":3},"title":"Au fil des pages avec Comment \u00eatre aim\u00e9 quand on est un Grand M\u00e9chant Loup?","author":"Jojo","date":"10 octobre 2020","format":false,"excerpt":"Emprunt\u00e9 \u00e0 la m\u00e9diath\u00e8que le mois dernier, nous lisons et relisons Comment \u00eatre aim\u00e9 quand on est un Grand M\u00e9chant Loup? de Christine Naumann-Villemin et Annick Masson (\u00e9d. Mijade, 2017), un album jeunesse \u00e0 partir de 3 ans et qui a fait partie de la s\u00e9lection CE1 du 31\u00e8me Prix\u2026","rel":"","context":"Dans &quot;Mini lecteur&quot;","block_context":{"text":"Mini lecteur","link":"http:\/\/www.jojoenherbe.com\/index.php\/category\/mini-lecteur\/"},"img":{"alt_text":"","src":"https:\/\/i0.wp.com\/www.jojoenherbe.com\/wp-content\/uploads\/2020\/10\/Comment-etre-aime-quand-on-est-un-Grand-Mechant-Loup-scaled.jpg?fit=1200%2C900&resize=350%2C200","width":350,"height":200,"srcset":"https:\/\/i0.wp.com\/www.jojoenherbe.com\/wp-content\/uploads\/2020\/10\/Comment-etre-aime-quand-on-est-un-Grand-Mechant-Loup-scaled.jpg?fit=1200%2C900&resize=350%2C200 1x, https:\/\/i0.wp.com\/www.jojoenherbe.com\/wp-content\/uploads\/2020\/10\/Comment-etre-aime-quand-on-est-un-Grand-Mechant-Loup-scaled.jpg?fit=1200%2C900&resize=525%2C300 1.5x, https:\/\/i0.wp.com\/www.jojoenherbe.com\/wp-content\/uploads\/2020\/10\/Comment-etre-aime-quand-on-est-un-Grand-Mechant-Loup-scaled.jpg?fit=1200%2C900&resize=700%2C400 2x, https:\/\/i0.wp.com\/www.jojoenherbe.com\/wp-content\/uploads\/2020\/10\/Comment-etre-aime-quand-on-est-un-Grand-Mechant-Loup-scaled.jpg?fit=1200%2C900&resize=1050%2C600 3x"},"classes":[]},{"id":13546,"url":"http:\/\/www.jojoenherbe.com\/index.php\/2020\/11\/02\/au-fil-des-pages-avec-a-linterieur-des-mechants\/","url_meta":{"origin":11976,"position":4},"title":"Au fil des pages avec A l&rsquo;int\u00e9rieur des m\u00e9chants","author":"Jojo","date":"2 novembre 2020","format":false,"excerpt":"Nous empruntons \u00e0 la m\u00e9diath\u00e8que \u00c0 l'int\u00e9rieur des m\u00e9chants de Clotilde Perrin (\u00e9d. Seuil Jeunesse, 2016), un album jeunesse pop-up au tr\u00e8s grand format \u00e0 partir de 3 ans. Que se cache-t-il \u00e0 l'int\u00e9rieur des m\u00e9chants des contes traditionnels? L'autrice tente de percer les secrets, avec points forts et points\u2026","rel":"","context":"Dans &quot;Mini lecteur&quot;","block_context":{"text":"Mini lecteur","link":"http:\/\/www.jojoenherbe.com\/index.php\/category\/mini-lecteur\/"},"img":{"alt_text":"","src":"https:\/\/i0.wp.com\/www.jojoenherbe.com\/wp-content\/uploads\/2020\/11\/A-linterieur-des-mechants-scaled.jpg?fit=1200%2C900&resize=350%2C200","width":350,"height":200,"srcset":"https:\/\/i0.wp.com\/www.jojoenherbe.com\/wp-content\/uploads\/2020\/11\/A-linterieur-des-mechants-scaled.jpg?fit=1200%2C900&resize=350%2C200 1x, https:\/\/i0.wp.com\/www.jojoenherbe.com\/wp-content\/uploads\/2020\/11\/A-linterieur-des-mechants-scaled.jpg?fit=1200%2C900&resize=525%2C300 1.5x, https:\/\/i0.wp.com\/www.jojoenherbe.com\/wp-content\/uploads\/2020\/11\/A-linterieur-des-mechants-scaled.jpg?fit=1200%2C900&resize=700%2C400 2x, https:\/\/i0.wp.com\/www.jojoenherbe.com\/wp-content\/uploads\/2020\/11\/A-linterieur-des-mechants-scaled.jpg?fit=1200%2C900&resize=1050%2C600 3x"},"classes":[]},{"id":20747,"url":"http:\/\/www.jojoenherbe.com\/index.php\/2021\/09\/17\/au-fil-des-pages-avec-le-loup-en-slip\/","url_meta":{"origin":11976,"position":5},"title":"Au fil des pages avec Le loup en slip","author":"Jojo","date":"17 septembre 2021","format":false,"excerpt":"Nous lisons Le loup en slip de Wilfrid Lupano, Mayanna Ito\u00efz et Paul Cauuet (\u00e9d. Dargaud, 2016, r\u00e9\u00e9d. 2018), une BD jeunesse \u00e0 partir de 5 ans et qui peut \u00eatre lu seul par des jeunes lecteurs sachant lire en \u00e9critures majuscules et qui n'en oublie pas le lecteur adulte\u2026","rel":"","context":"Dans &quot;Mini lecteur&quot;","block_context":{"text":"Mini lecteur","link":"http:\/\/www.jojoenherbe.com\/index.php\/category\/mini-lecteur\/"},"img":{"alt_text":"","src":"https:\/\/i0.wp.com\/www.jojoenherbe.com\/wp-content\/uploads\/2021\/09\/Le-loup-en-slip-1-scaled.jpg?fit=1200%2C796&resize=350%2C200","width":350,"height":200,"srcset":"https:\/\/i0.wp.com\/www.jojoenherbe.com\/wp-content\/uploads\/2021\/09\/Le-loup-en-slip-1-scaled.jpg?fit=1200%2C796&resize=350%2C200 1x, https:\/\/i0.wp.com\/www.jojoenherbe.com\/wp-content\/uploads\/2021\/09\/Le-loup-en-slip-1-scaled.jpg?fit=1200%2C796&resize=525%2C300 1.5x, https:\/\/i0.wp.com\/www.jojoenherbe.com\/wp-content\/uploads\/2021\/09\/Le-loup-en-slip-1-scaled.jpg?fit=1200%2C796&resize=700%2C400 2x, https:\/\/i0.wp.com\/www.jojoenherbe.com\/wp-content\/uploads\/2021\/09\/Le-loup-en-slip-1-scaled.jpg?fit=1200%2C796&resize=1050%2C600 3x"},"classes":[]}],"_links":{"self":[{"href":"http:\/\/www.jojoenherbe.com\/index.php\/wp-json\/wp\/v2\/posts\/11976","targetHints":{"allow":["GET"]}}],"collection":[{"href":"http:\/\/www.jojoenherbe.com\/index.php\/wp-json\/wp\/v2\/posts"}],"about":[{"href":"http:\/\/www.jojoenherbe.com\/index.php\/wp-json\/wp\/v2\/types\/post"}],"author":[{"embeddable":true,"href":"http:\/\/www.jojoenherbe.com\/index.php\/wp-json\/wp\/v2\/users\/1"}],"replies":[{"embeddable":true,"href":"http:\/\/www.jojoenherbe.com\/index.php\/wp-json\/wp\/v2\/comments?post=11976"}],"version-history":[{"count":0,"href":"http:\/\/www.jojoenherbe.com\/index.php\/wp-json\/wp\/v2\/posts\/11976\/revisions"}],"wp:featuredmedia":[{"embeddable":true,"href":"http:\/\/www.jojoenherbe.com\/index.php\/wp-json\/wp\/v2\/media\/11943"}],"wp:attachment":[{"href":"http:\/\/www.jojoenherbe.com\/index.php\/wp-json\/wp\/v2\/media?parent=11976"}],"wp:term":[{"taxonomy":"category","embeddable":true,"href":"http:\/\/www.jojoenherbe.com\/index.php\/wp-json\/wp\/v2\/categories?post=11976"},{"taxonomy":"post_tag","embeddable":true,"href":"http:\/\/www.jojoenherbe.com\/index.php\/wp-json\/wp\/v2\/tags?post=11976"}],"curies":[{"name":"wp","href":"https:\/\/api.w.org\/{rel}","templated":true}]}}