{"id":11797,"date":"2020-08-19T21:46:18","date_gmt":"2020-08-19T19:46:18","guid":{"rendered":"http:\/\/www.jojoenherbe.com\/?p=11797"},"modified":"2020-08-19T21:55:18","modified_gmt":"2020-08-19T19:55:18","slug":"au-fil-des-pages-avec-qui-a-peur-du-renard-dans-la-nuit-noire","status":"publish","type":"post","link":"http:\/\/www.jojoenherbe.com\/index.php\/2020\/08\/19\/au-fil-des-pages-avec-qui-a-peur-du-renard-dans-la-nuit-noire\/","title":{"rendered":"Au fil des pages avec Qui a peur du Renard dans la nuit noire?"},"content":{"rendered":"<p style=\"text-align: justify;\"><a href=\"https:\/\/i0.wp.com\/www.jojoenherbe.com\/wp-content\/uploads\/2020\/08\/Qui-a-peur-du-renard-dans-la-nuit-noire-2-scaled.jpg\"><img data-recalc-dims=\"1\" loading=\"lazy\" decoding=\"async\" data-attachment-id=\"11798\" data-permalink=\"http:\/\/www.jojoenherbe.com\/index.php\/2020\/08\/19\/au-fil-des-pages-avec-qui-a-peur-du-renard-dans-la-nuit-noire\/qui-a-peur-du-renard-dans-la-nuit-noire-2\/\" data-orig-file=\"https:\/\/i0.wp.com\/www.jojoenherbe.com\/wp-content\/uploads\/2020\/08\/Qui-a-peur-du-renard-dans-la-nuit-noire-2-scaled.jpg?fit=2560%2C1920\" data-orig-size=\"2560,1920\" data-comments-opened=\"1\" data-image-meta=\"{&quot;aperture&quot;:&quot;1.8&quot;,&quot;credit&quot;:&quot;&quot;,&quot;camera&quot;:&quot;iPhone 7&quot;,&quot;caption&quot;:&quot;&quot;,&quot;created_timestamp&quot;:&quot;1597750372&quot;,&quot;copyright&quot;:&quot;&quot;,&quot;focal_length&quot;:&quot;3.99&quot;,&quot;iso&quot;:&quot;80&quot;,&quot;shutter_speed&quot;:&quot;0.16666666666667&quot;,&quot;title&quot;:&quot;&quot;,&quot;orientation&quot;:&quot;1&quot;}\" data-image-title=\"Qui a peur du renard dans la nuit noire 2\" data-image-description=\"\" data-image-caption=\"\" data-large-file=\"https:\/\/i0.wp.com\/www.jojoenherbe.com\/wp-content\/uploads\/2020\/08\/Qui-a-peur-du-renard-dans-la-nuit-noire-2-scaled.jpg?fit=676%2C507\" class=\"alignleft size-thumbnail wp-image-11798\" src=\"https:\/\/i0.wp.com\/www.jojoenherbe.com\/wp-content\/uploads\/2020\/08\/Qui-a-peur-du-renard-dans-la-nuit-noire-2.jpg?resize=150%2C150\" alt=\"\" width=\"150\" height=\"150\" srcset=\"https:\/\/i0.wp.com\/www.jojoenherbe.com\/wp-content\/uploads\/2020\/08\/Qui-a-peur-du-renard-dans-la-nuit-noire-2-scaled.jpg?resize=150%2C150 150w, https:\/\/i0.wp.com\/www.jojoenherbe.com\/wp-content\/uploads\/2020\/08\/Qui-a-peur-du-renard-dans-la-nuit-noire-2-scaled.jpg?zoom=2&amp;resize=150%2C150 300w, https:\/\/i0.wp.com\/www.jojoenherbe.com\/wp-content\/uploads\/2020\/08\/Qui-a-peur-du-renard-dans-la-nuit-noire-2-scaled.jpg?zoom=3&amp;resize=150%2C150 450w\" sizes=\"auto, (max-width: 150px) 100vw, 150px\" \/><\/a> <a href=\"https:\/\/i0.wp.com\/www.jojoenherbe.com\/wp-content\/uploads\/2020\/08\/Qui-a-peur-du-renard-dans-la-nuit-noire-3-scaled.jpg\"><img data-recalc-dims=\"1\" loading=\"lazy\" decoding=\"async\" data-attachment-id=\"11799\" data-permalink=\"http:\/\/www.jojoenherbe.com\/index.php\/2020\/08\/19\/au-fil-des-pages-avec-qui-a-peur-du-renard-dans-la-nuit-noire\/qui-a-peur-du-renard-dans-la-nuit-noire-3\/\" data-orig-file=\"https:\/\/i0.wp.com\/www.jojoenherbe.com\/wp-content\/uploads\/2020\/08\/Qui-a-peur-du-renard-dans-la-nuit-noire-3-scaled.jpg?fit=2560%2C1816\" data-orig-size=\"2560,1816\" data-comments-opened=\"1\" data-image-meta=\"{&quot;aperture&quot;:&quot;1.8&quot;,&quot;credit&quot;:&quot;&quot;,&quot;camera&quot;:&quot;iPhone 7&quot;,&quot;caption&quot;:&quot;&quot;,&quot;created_timestamp&quot;:&quot;1597750432&quot;,&quot;copyright&quot;:&quot;&quot;,&quot;focal_length&quot;:&quot;3.99&quot;,&quot;iso&quot;:&quot;80&quot;,&quot;shutter_speed&quot;:&quot;0.125&quot;,&quot;title&quot;:&quot;&quot;,&quot;orientation&quot;:&quot;1&quot;}\" data-image-title=\"Qui a peur du renard dans la nuit noire 3\" data-image-description=\"\" data-image-caption=\"\" data-large-file=\"https:\/\/i0.wp.com\/www.jojoenherbe.com\/wp-content\/uploads\/2020\/08\/Qui-a-peur-du-renard-dans-la-nuit-noire-3-scaled.jpg?fit=676%2C479\" class=\"alignleft size-thumbnail wp-image-11799\" src=\"https:\/\/i0.wp.com\/www.jojoenherbe.com\/wp-content\/uploads\/2020\/08\/Qui-a-peur-du-renard-dans-la-nuit-noire-3.jpg?resize=150%2C150\" alt=\"\" width=\"150\" height=\"150\" srcset=\"https:\/\/i0.wp.com\/www.jojoenherbe.com\/wp-content\/uploads\/2020\/08\/Qui-a-peur-du-renard-dans-la-nuit-noire-3-scaled.jpg?resize=150%2C150 150w, https:\/\/i0.wp.com\/www.jojoenherbe.com\/wp-content\/uploads\/2020\/08\/Qui-a-peur-du-renard-dans-la-nuit-noire-3-scaled.jpg?zoom=2&amp;resize=150%2C150 300w, https:\/\/i0.wp.com\/www.jojoenherbe.com\/wp-content\/uploads\/2020\/08\/Qui-a-peur-du-renard-dans-la-nuit-noire-3-scaled.jpg?zoom=3&amp;resize=150%2C150 450w\" sizes=\"auto, (max-width: 150px) 100vw, 150px\" \/><\/a><em>Nous empruntons \u00e0 la m\u00e9diath\u00e8que <span style=\"text-decoration: underline;\">Qui a peur du Renard dans la nuit noire?<\/span> d&rsquo;Alison Green et Deborah Allwright (\u00e9d. Larousse, 2010), un album jeunesse \u00e0 partir de 3 ans. Dans la nuit noire, Petit Lapin se d\u00e9p\u00eache de rentrer chez lui de peur d&rsquo;\u00eatre mang\u00e9 par un renard. Il est tr\u00e8s vite rejoint par d&rsquo;autres animaux qui ont \u00e9galement peur du renard dans la nuit noire. Mais est-il aussi effrayant qu&rsquo;il y para\u00eet ce renard?<\/em><\/p>\n<p style=\"text-align: justify;\"><em>Les illustrations de Deborah Allwright sont magnifiques d\u00e8s la couverture avec ces \u00e9toiles et ce titre phosphorescents. Coup de c\u0153ur pour cet album jeunesse qui permet de d\u00e9dramatiser chez les plus jeunes lecteurs la peur du noir! Il y est aussi question de peur de l&rsquo;autre, d&rsquo;entraide et d&rsquo;hospitalit\u00e9, Petit Lapin accueillant chez lui d&rsquo;autres animaux apeur\u00e9s. La chute de l&rsquo;histoire en est d&rsquo;autant plus adorable.<br \/>\n<\/em><\/p>\n<div style=\"width: 169px\" class=\"wp-caption aligncenter\"><img loading=\"lazy\" decoding=\"async\" src=\"https:\/\/lh3.googleusercontent.com\/yeyHsyE8ePB9xQx2t9obPo4nIUGeuGsS-P1wwGiEip3f9lcFED23VkM1Pr5hYoy4puCex2GzVOyZNHjl5qeUnhImyiKFqwfTaONmF_HEc7SEvgxhr1eZXuJ6zzg9JfEY4XADWBPBCxMLePs3HiWfgCjRFVaAIkiQhaX8RGfOMzZhoMNQUFFuWlglQGRva5RIkSFvo7nk3yMWVz4PgUXBK3Uof2Hf073K4C6YvQC1u6gRN2BCr4tNyqitAlYfULcqVlua9UK9L5kLVOZWs2-xrAzDf1K3rxU8pxE6Fdm1EI8_YbPW09CsTNa9CW1z0lvieJ6Ify6BbltA9XBnOC99XwB4E833hDdb9KWRbKTb8bwsVGIAFF1x2JkOCAWTkq3OtXJmlgaccySEr2PvCr9rzIA4GtrzB04GpU7RNPlnkfNDjtPoy6UR5nf5SD-RQvfrkHaKDQocAHpi1MoHr0bWF4h3F08r5y_TM01DqKXAgeInHehhuxNBZ4LGs7Emk2ol6RPfVd4UEj0916JVKRknXSsSbJG_50ptPlCGTOdHDTOUMc6x63Wp68_DnNhG9qn5FPKuDHhZvC008a4nifQFWuKVT6HvqNgW-LcvXb0wnjbSwgS8qwHb3LtHJj3uAe971aQRDPkS146UchPgCLNczeUje4Y3YFpuV4P1KYu67RSdAOITJNzzSRO2Dycc1PCqSdc7IoPwLu0-aT-FJ0m-KvlkUQLXoamPhl2WKbODyZSfc5ZT=w285-h217-no\" alt=\"\" width=\"159\" height=\"121\" \/><p class=\"wp-caption-text\"><a href=\"https:\/\/ennalit.wordpress.com\/2019\/12\/01\/challenge-petit-bac-2020-qui-veut-jouer\/\">Challenge Petit Bac d&rsquo;Enna<\/a> #8 Cat\u00e9gorie Couleur: \u00ab\u00a0Noire\u00a0\u00bb<\/p><\/div>\n","protected":false},"excerpt":{"rendered":"<p>Nous empruntons \u00e0 la m\u00e9diath\u00e8que Qui a peur du Renard dans la nuit noire? d&rsquo;Alison Green et Deborah Allwright (\u00e9d. Larousse, 2010), un album jeunesse \u00e0 partir de 3 ans. Dans la nuit noire, Petit Lapin se d\u00e9p\u00eache de rentrer chez lui de peur d&rsquo;\u00eatre mang\u00e9 par un renard. Il est tr\u00e8s vite rejoint par [&hellip;]<\/p>\n","protected":false},"author":1,"featured_media":11800,"comment_status":"open","ping_status":"open","sticky":false,"template":"","format":"standard","meta":{"jetpack_post_was_ever_published":false,"_jetpack_newsletter_access":"","_jetpack_dont_email_post_to_subs":false,"_jetpack_newsletter_tier_id":0,"_jetpack_memberships_contains_paywalled_content":false,"_jetpack_memberships_contains_paid_content":false,"footnotes":""},"categories":[363],"tags":[785,409,1668,472,1352,1669,406,390,996,222,367,542,429,555,613,744,394,388,797,495],"class_list":["post-11797","post","type-post","status-publish","format-standard","has-post-thumbnail","hentry","category-mini-lecteur","tag-3-6-ans","tag-albums-jeunesse","tag-alison-green","tag-canard","tag-challenge-petit-bac-2020","tag-deborah-allwright","tag-dodo","tag-entraide","tag-hospitalite","tag-lapin","tag-lecture-jeunesse","tag-mouton","tag-nuit","tag-peur","tag-peur-de-lautre","tag-peur-du-noir","tag-renard","tag-solidarite","tag-sommeil","tag-souris","post-preview"],"jetpack_featured_media_url":"https:\/\/i0.wp.com\/www.jojoenherbe.com\/wp-content\/uploads\/2020\/08\/Qui-a-peur-du-renard-dans-la-nuit-noire-scaled.jpg?fit=2560%2C1938","jetpack_sharing_enabled":true,"jetpack_shortlink":"https:\/\/wp.me\/p9zhGx-34h","jetpack_likes_enabled":true,"jetpack-related-posts":[{"id":31282,"url":"http:\/\/www.jojoenherbe.com\/index.php\/2023\/07\/22\/au-fil-des-pages-avec-une-nuit-dans-les-bois\/","url_meta":{"origin":11797,"position":0},"title":"Au fil des pages avec Une nuit dans les bois","author":"Jojo","date":"22 juillet 2023","format":false,"excerpt":"Nous avons lu Une nuit dans les bois de Rapha\u00ebl Kolly (\u00e9d. L\u2019\u00c9lan Vert, 2023, 40 pages), un album jeunesse joliment illustr\u00e9 \u00e0 partir de 3\/4 ans. Ars\u00e8ne Lapin s'est perdu dans la for\u00eat et se fait surprendre par la nuit. Gr\u00e2ce \u00e0 une flaque de lumi\u00e8re, il peut reprendre\u2026","rel":"","context":"Dans &quot;Mini lecteur&quot;","block_context":{"text":"Mini lecteur","link":"http:\/\/www.jojoenherbe.com\/index.php\/category\/mini-lecteur\/"},"img":{"alt_text":"","src":"https:\/\/i0.wp.com\/www.jojoenherbe.com\/wp-content\/uploads\/2023\/07\/Une-nuit-dans-les-bois-scaled.jpg?fit=1200%2C1067&resize=350%2C200","width":350,"height":200,"srcset":"https:\/\/i0.wp.com\/www.jojoenherbe.com\/wp-content\/uploads\/2023\/07\/Une-nuit-dans-les-bois-scaled.jpg?fit=1200%2C1067&resize=350%2C200 1x, https:\/\/i0.wp.com\/www.jojoenherbe.com\/wp-content\/uploads\/2023\/07\/Une-nuit-dans-les-bois-scaled.jpg?fit=1200%2C1067&resize=525%2C300 1.5x, https:\/\/i0.wp.com\/www.jojoenherbe.com\/wp-content\/uploads\/2023\/07\/Une-nuit-dans-les-bois-scaled.jpg?fit=1200%2C1067&resize=700%2C400 2x, https:\/\/i0.wp.com\/www.jojoenherbe.com\/wp-content\/uploads\/2023\/07\/Une-nuit-dans-les-bois-scaled.jpg?fit=1200%2C1067&resize=1050%2C600 3x"},"classes":[]},{"id":21666,"url":"http:\/\/www.jojoenherbe.com\/index.php\/2022\/02\/18\/au-fil-des-pages-avec-cours-vite-basile\/","url_meta":{"origin":11797,"position":1},"title":"Au fil des pages avec Cours vite, Basile!","author":"Jojo","date":"18 f\u00e9vrier 2022","format":false,"excerpt":"\u00c0 l'automne dernier, nous avons lu Cours vite, Basile! d'Udo Weigelt et Svjetlan Junakovic (\u00e9d. Tourbillon, 2007), un album jeunesse \u00e0 partir de 4 ans. Un jour d'automne, Basile un lapin blanc se perd dans la for\u00eat. Il est alors malicieusement aid\u00e9 par un renard puis d'autres pr\u00e9dateurs \u00e0 retrouver\u2026","rel":"","context":"Dans &quot;Mini lecteur&quot;","block_context":{"text":"Mini lecteur","link":"http:\/\/www.jojoenherbe.com\/index.php\/category\/mini-lecteur\/"},"img":{"alt_text":"","src":"https:\/\/i0.wp.com\/www.jojoenherbe.com\/wp-content\/uploads\/2022\/02\/Cours-vite-Basile-scaled.jpg?fit=1200%2C732&resize=350%2C200","width":350,"height":200,"srcset":"https:\/\/i0.wp.com\/www.jojoenherbe.com\/wp-content\/uploads\/2022\/02\/Cours-vite-Basile-scaled.jpg?fit=1200%2C732&resize=350%2C200 1x, https:\/\/i0.wp.com\/www.jojoenherbe.com\/wp-content\/uploads\/2022\/02\/Cours-vite-Basile-scaled.jpg?fit=1200%2C732&resize=525%2C300 1.5x, https:\/\/i0.wp.com\/www.jojoenherbe.com\/wp-content\/uploads\/2022\/02\/Cours-vite-Basile-scaled.jpg?fit=1200%2C732&resize=700%2C400 2x, https:\/\/i0.wp.com\/www.jojoenherbe.com\/wp-content\/uploads\/2022\/02\/Cours-vite-Basile-scaled.jpg?fit=1200%2C732&resize=1050%2C600 3x"},"classes":[]},{"id":4479,"url":"http:\/\/www.jojoenherbe.com\/index.php\/2019\/02\/05\/des-albums-jeunesse-sur-lhiver\/","url_meta":{"origin":11797,"position":2},"title":"Des albums jeunesse sur l&rsquo;hiver","author":"Jojo","date":"5 f\u00e9vrier 2019","format":false,"excerpt":"Brrr! Brrr! Quand il fait froid dehors, rien de mieux que de se mettre sous une couverture pour lire. Nous commen\u00e7ons par trois albums jeunesse des \u00e9ditions L'\u00e9cole des loisirs, collection Les lutins. En premier, Plouk\u00a0 de Christel Desmoineaux (\u00e9d. 2018). Plouk est un pingouin (en r\u00e9alit\u00e9, un manchot empereur\u2026","rel":"","context":"Dans &quot;Mini lecteur&quot;","block_context":{"text":"Mini lecteur","link":"http:\/\/www.jojoenherbe.com\/index.php\/category\/mini-lecteur\/"},"img":{"alt_text":"","src":"https:\/\/i0.wp.com\/www.jojoenherbe.com\/wp-content\/uploads\/2019\/02\/albums-jeunesse-hiver.jpg?fit=1200%2C649&resize=350%2C200","width":350,"height":200,"srcset":"https:\/\/i0.wp.com\/www.jojoenherbe.com\/wp-content\/uploads\/2019\/02\/albums-jeunesse-hiver.jpg?fit=1200%2C649&resize=350%2C200 1x, https:\/\/i0.wp.com\/www.jojoenherbe.com\/wp-content\/uploads\/2019\/02\/albums-jeunesse-hiver.jpg?fit=1200%2C649&resize=525%2C300 1.5x, https:\/\/i0.wp.com\/www.jojoenherbe.com\/wp-content\/uploads\/2019\/02\/albums-jeunesse-hiver.jpg?fit=1200%2C649&resize=700%2C400 2x, https:\/\/i0.wp.com\/www.jojoenherbe.com\/wp-content\/uploads\/2019\/02\/albums-jeunesse-hiver.jpg?fit=1200%2C649&resize=1050%2C600 3x"},"classes":[]},{"id":18340,"url":"http:\/\/www.jojoenherbe.com\/index.php\/2021\/07\/30\/au-fil-des-pages-avec-toc-toc-toc\/","url_meta":{"origin":11797,"position":3},"title":"Au fil des pages avec Toc, toc, toc","author":"Jojo","date":"30 juillet 2021","format":false,"excerpt":"Nous relisons Toc, toc, toc de Tan et Yasuko Koide (\u00e9d. L'\u00e9cole des loisirs, 1983, r\u00e9\u00e9d. 1996), un album jeunesse \u00e0 partir de 3 ans. Trois marmottes sont en train de randonner dans la for\u00eat. Mais elles se perdent lorsque le brouillard se l\u00e8ve. O\u00f9 vont-elles pouvoir passer la nuit\u2026","rel":"","context":"Dans &quot;Mini lecteur&quot;","block_context":{"text":"Mini lecteur","link":"http:\/\/www.jojoenherbe.com\/index.php\/category\/mini-lecteur\/"},"img":{"alt_text":"","src":"https:\/\/i0.wp.com\/www.jojoenherbe.com\/wp-content\/uploads\/2021\/07\/Toc-toc-toc-scaled.jpg?fit=1200%2C906&resize=350%2C200","width":350,"height":200,"srcset":"https:\/\/i0.wp.com\/www.jojoenherbe.com\/wp-content\/uploads\/2021\/07\/Toc-toc-toc-scaled.jpg?fit=1200%2C906&resize=350%2C200 1x, https:\/\/i0.wp.com\/www.jojoenherbe.com\/wp-content\/uploads\/2021\/07\/Toc-toc-toc-scaled.jpg?fit=1200%2C906&resize=525%2C300 1.5x, https:\/\/i0.wp.com\/www.jojoenherbe.com\/wp-content\/uploads\/2021\/07\/Toc-toc-toc-scaled.jpg?fit=1200%2C906&resize=700%2C400 2x, https:\/\/i0.wp.com\/www.jojoenherbe.com\/wp-content\/uploads\/2021\/07\/Toc-toc-toc-scaled.jpg?fit=1200%2C906&resize=1050%2C600 3x"},"classes":[]},{"id":27200,"url":"http:\/\/www.jojoenherbe.com\/index.php\/2022\/09\/10\/au-fil-des-pages-avec-et-si-la-nuit-avait-peur-de-toi\/","url_meta":{"origin":11797,"position":4},"title":"Au fil des pages avec Et si la nuit avait peur de toi?","author":"Jojo","date":"10 septembre 2022","format":false,"excerpt":"Depuis que nous l'avons d\u00e9couvert en octobre 2021, nous lisons r\u00e9guli\u00e8rement, souvent lors de l'histoire du soir, Et si la nuit avait peur de toi? de Peter Vegas et Benjamin Chaud (\u00e9d. Milan Jeunesse, 2021), un album jeunesse \u00e0 partir de 3 ans. Peureuse, la Nuit attend avec impatience la\u2026","rel":"","context":"Dans &quot;Mini lecteur&quot;","block_context":{"text":"Mini lecteur","link":"http:\/\/www.jojoenherbe.com\/index.php\/category\/mini-lecteur\/"},"img":{"alt_text":"","src":"https:\/\/i0.wp.com\/www.jojoenherbe.com\/wp-content\/uploads\/2021\/10\/Et-si-la-nuit-avait-peur-de-toi-1-scaled.jpg?fit=1200%2C900&resize=350%2C200","width":350,"height":200,"srcset":"https:\/\/i0.wp.com\/www.jojoenherbe.com\/wp-content\/uploads\/2021\/10\/Et-si-la-nuit-avait-peur-de-toi-1-scaled.jpg?fit=1200%2C900&resize=350%2C200 1x, https:\/\/i0.wp.com\/www.jojoenherbe.com\/wp-content\/uploads\/2021\/10\/Et-si-la-nuit-avait-peur-de-toi-1-scaled.jpg?fit=1200%2C900&resize=525%2C300 1.5x, https:\/\/i0.wp.com\/www.jojoenherbe.com\/wp-content\/uploads\/2021\/10\/Et-si-la-nuit-avait-peur-de-toi-1-scaled.jpg?fit=1200%2C900&resize=700%2C400 2x, https:\/\/i0.wp.com\/www.jojoenherbe.com\/wp-content\/uploads\/2021\/10\/Et-si-la-nuit-avait-peur-de-toi-1-scaled.jpg?fit=1200%2C900&resize=1050%2C600 3x"},"classes":[]},{"id":29240,"url":"http:\/\/www.jojoenherbe.com\/index.php\/2023\/01\/19\/au-fil-des-pages-avec-la-petite-collectionneuse-de-lumieres\/","url_meta":{"origin":11797,"position":5},"title":"Au fil des pages avec La petite collectionneuse de lumi\u00e8res","author":"Jojo","date":"19 janvier 2023","format":false,"excerpt":"D\u00e9couvert \u00e0 l\u2019ouverture de la case 12 de notre calendrier de No\u00ebl 2021, nous relisons depuis r\u00e9guli\u00e8rement La petite collectionneuse de lumi\u00e8res de Lucy Fleming (\u00e9d. Kimane, 2020), un album jeunesse \u00e0 partir de 3 ans. Chaque nuit, Stella, une petite fille-papillon de nuit r\u00e9colte de la lumi\u00e8re sous toutes\u2026","rel":"","context":"Dans &quot;Mini lecteur&quot;","block_context":{"text":"Mini lecteur","link":"http:\/\/www.jojoenherbe.com\/index.php\/category\/mini-lecteur\/"},"img":{"alt_text":"","src":"https:\/\/i0.wp.com\/www.jojoenherbe.com\/wp-content\/uploads\/2023\/01\/La-petite-collectionneuse-de-lumieres-scaled.jpg?fit=1200%2C771&resize=350%2C200","width":350,"height":200,"srcset":"https:\/\/i0.wp.com\/www.jojoenherbe.com\/wp-content\/uploads\/2023\/01\/La-petite-collectionneuse-de-lumieres-scaled.jpg?fit=1200%2C771&resize=350%2C200 1x, https:\/\/i0.wp.com\/www.jojoenherbe.com\/wp-content\/uploads\/2023\/01\/La-petite-collectionneuse-de-lumieres-scaled.jpg?fit=1200%2C771&resize=525%2C300 1.5x, https:\/\/i0.wp.com\/www.jojoenherbe.com\/wp-content\/uploads\/2023\/01\/La-petite-collectionneuse-de-lumieres-scaled.jpg?fit=1200%2C771&resize=700%2C400 2x, https:\/\/i0.wp.com\/www.jojoenherbe.com\/wp-content\/uploads\/2023\/01\/La-petite-collectionneuse-de-lumieres-scaled.jpg?fit=1200%2C771&resize=1050%2C600 3x"},"classes":[]}],"_links":{"self":[{"href":"http:\/\/www.jojoenherbe.com\/index.php\/wp-json\/wp\/v2\/posts\/11797","targetHints":{"allow":["GET"]}}],"collection":[{"href":"http:\/\/www.jojoenherbe.com\/index.php\/wp-json\/wp\/v2\/posts"}],"about":[{"href":"http:\/\/www.jojoenherbe.com\/index.php\/wp-json\/wp\/v2\/types\/post"}],"author":[{"embeddable":true,"href":"http:\/\/www.jojoenherbe.com\/index.php\/wp-json\/wp\/v2\/users\/1"}],"replies":[{"embeddable":true,"href":"http:\/\/www.jojoenherbe.com\/index.php\/wp-json\/wp\/v2\/comments?post=11797"}],"version-history":[{"count":0,"href":"http:\/\/www.jojoenherbe.com\/index.php\/wp-json\/wp\/v2\/posts\/11797\/revisions"}],"wp:featuredmedia":[{"embeddable":true,"href":"http:\/\/www.jojoenherbe.com\/index.php\/wp-json\/wp\/v2\/media\/11800"}],"wp:attachment":[{"href":"http:\/\/www.jojoenherbe.com\/index.php\/wp-json\/wp\/v2\/media?parent=11797"}],"wp:term":[{"taxonomy":"category","embeddable":true,"href":"http:\/\/www.jojoenherbe.com\/index.php\/wp-json\/wp\/v2\/categories?post=11797"},{"taxonomy":"post_tag","embeddable":true,"href":"http:\/\/www.jojoenherbe.com\/index.php\/wp-json\/wp\/v2\/tags?post=11797"}],"curies":[{"name":"wp","href":"https:\/\/api.w.org\/{rel}","templated":true}]}}