{"id":11783,"date":"2020-08-25T14:40:49","date_gmt":"2020-08-25T12:40:49","guid":{"rendered":"http:\/\/www.jojoenherbe.com\/?p=11783"},"modified":"2024-04-23T13:37:36","modified_gmt":"2024-04-23T11:37:36","slug":"au-fil-des-pages-avec-le-souffleur-de-reves","status":"publish","type":"post","link":"http:\/\/www.jojoenherbe.com\/index.php\/2020\/08\/25\/au-fil-des-pages-avec-le-souffleur-de-reves\/","title":{"rendered":"Au fil des pages avec Le souffleur de r\u00eaves"},"content":{"rendered":"<p style=\"text-align: justify;\"><em><a href=\"https:\/\/i0.wp.com\/www.jojoenherbe.com\/wp-content\/uploads\/2020\/08\/Le-souffleur-de-reves-3-scaled.jpg\"><img data-recalc-dims=\"1\" loading=\"lazy\" decoding=\"async\" data-attachment-id=\"11837\" data-permalink=\"http:\/\/www.jojoenherbe.com\/index.php\/2020\/08\/25\/au-fil-des-pages-avec-le-souffleur-de-reves\/le-souffleur-de-reves-3\/\" data-orig-file=\"https:\/\/i0.wp.com\/www.jojoenherbe.com\/wp-content\/uploads\/2020\/08\/Le-souffleur-de-reves-3-scaled.jpg?fit=2560%2C1920\" data-orig-size=\"2560,1920\" data-comments-opened=\"1\" data-image-meta=\"{&quot;aperture&quot;:&quot;1.8&quot;,&quot;credit&quot;:&quot;&quot;,&quot;camera&quot;:&quot;iPhone 7&quot;,&quot;caption&quot;:&quot;&quot;,&quot;created_timestamp&quot;:&quot;1597932149&quot;,&quot;copyright&quot;:&quot;&quot;,&quot;focal_length&quot;:&quot;3.99&quot;,&quot;iso&quot;:&quot;40&quot;,&quot;shutter_speed&quot;:&quot;0.058823529411765&quot;,&quot;title&quot;:&quot;&quot;,&quot;orientation&quot;:&quot;1&quot;}\" data-image-title=\"Le souffleur de r\u00eaves 3\" data-image-description=\"\" data-image-caption=\"\" data-large-file=\"https:\/\/i0.wp.com\/www.jojoenherbe.com\/wp-content\/uploads\/2020\/08\/Le-souffleur-de-reves-3-scaled.jpg?fit=676%2C507\" class=\"alignleft size-thumbnail wp-image-11837\" src=\"https:\/\/i0.wp.com\/www.jojoenherbe.com\/wp-content\/uploads\/2020\/08\/Le-souffleur-de-reves-3.jpg?resize=150%2C150\" alt=\"\" width=\"150\" height=\"150\" srcset=\"https:\/\/i0.wp.com\/www.jojoenherbe.com\/wp-content\/uploads\/2020\/08\/Le-souffleur-de-reves-3-scaled.jpg?resize=150%2C150 150w, https:\/\/i0.wp.com\/www.jojoenherbe.com\/wp-content\/uploads\/2020\/08\/Le-souffleur-de-reves-3-scaled.jpg?zoom=2&amp;resize=150%2C150 300w, https:\/\/i0.wp.com\/www.jojoenherbe.com\/wp-content\/uploads\/2020\/08\/Le-souffleur-de-reves-3-scaled.jpg?zoom=3&amp;resize=150%2C150 450w\" sizes=\"auto, (max-width: 150px) 100vw, 150px\" \/><\/a> <a href=\"https:\/\/i0.wp.com\/www.jojoenherbe.com\/wp-content\/uploads\/2020\/08\/Le-souffleur-de-reves-4-scaled.jpg\"><img data-recalc-dims=\"1\" loading=\"lazy\" decoding=\"async\" data-attachment-id=\"11838\" data-permalink=\"http:\/\/www.jojoenherbe.com\/index.php\/2020\/08\/25\/au-fil-des-pages-avec-le-souffleur-de-reves\/le-souffleur-de-reves-4\/\" data-orig-file=\"https:\/\/i0.wp.com\/www.jojoenherbe.com\/wp-content\/uploads\/2020\/08\/Le-souffleur-de-reves-4-scaled.jpg?fit=2560%2C1920\" data-orig-size=\"2560,1920\" data-comments-opened=\"1\" data-image-meta=\"{&quot;aperture&quot;:&quot;1.8&quot;,&quot;credit&quot;:&quot;&quot;,&quot;camera&quot;:&quot;iPhone 7&quot;,&quot;caption&quot;:&quot;&quot;,&quot;created_timestamp&quot;:&quot;1597932247&quot;,&quot;copyright&quot;:&quot;&quot;,&quot;focal_length&quot;:&quot;3.99&quot;,&quot;iso&quot;:&quot;50&quot;,&quot;shutter_speed&quot;:&quot;0.058823529411765&quot;,&quot;title&quot;:&quot;&quot;,&quot;orientation&quot;:&quot;1&quot;}\" data-image-title=\"Le souffleur de r\u00eaves 4\" data-image-description=\"\" data-image-caption=\"\" data-large-file=\"https:\/\/i0.wp.com\/www.jojoenherbe.com\/wp-content\/uploads\/2020\/08\/Le-souffleur-de-reves-4-scaled.jpg?fit=676%2C507\" class=\"alignleft size-thumbnail wp-image-11838\" src=\"https:\/\/i0.wp.com\/www.jojoenherbe.com\/wp-content\/uploads\/2020\/08\/Le-souffleur-de-reves-4.jpg?resize=150%2C150\" alt=\"\" width=\"150\" height=\"150\" srcset=\"https:\/\/i0.wp.com\/www.jojoenherbe.com\/wp-content\/uploads\/2020\/08\/Le-souffleur-de-reves-4-scaled.jpg?resize=150%2C150 150w, https:\/\/i0.wp.com\/www.jojoenherbe.com\/wp-content\/uploads\/2020\/08\/Le-souffleur-de-reves-4-scaled.jpg?zoom=2&amp;resize=150%2C150 300w, https:\/\/i0.wp.com\/www.jojoenherbe.com\/wp-content\/uploads\/2020\/08\/Le-souffleur-de-reves-4-scaled.jpg?zoom=3&amp;resize=150%2C150 450w\" sizes=\"auto, (max-width: 150px) 100vw, 150px\" \/><\/a>J&#8217;emprunte \u00e0 la m\u00e9diath\u00e8que <span style=\"text-decoration: underline;\">Le souffleur de r\u00eaves<\/span> de Bernard Villiot et Thibault Prugne (\u00e9d. Gautier-Languereau, 2015), un album jeunesse \u00e0 partir de 6 ans. Au Nord de Venise, sur l&rsquo;\u00eele de Murano, Zorzi, un jeune orphelin devient apprenti souffleur de verre d&rsquo;un ma\u00eetre-verrier. Mais bless\u00e9 et devenu infirme le jour de ses 15 ans, il est chass\u00e9 et se retrouve seul et sans ressources dans l&rsquo;\u00eele. Il poursuit malgr\u00e9 tout son r\u00eave de devenir \u00e0 son tour ma\u00eetre-verrier en rentrant la nuit dans les ateliers pour souffler le verre. Une nuit, il fait la connaissance de Giacomo, un jeune mendiant \u00e0 qui il offre une bulle de r\u00eave. C&rsquo;est alors que le don de Zorzi fait le tour de l&rsquo;\u00eele en apportant de la joie des enfants en enchantant leurs nuits de doux r\u00eaves color\u00e9s mais aussi en provoquant de vives et dangereuses jalousies chez les ma\u00eetre-verriers.<br \/>\n<\/em><\/p>\n<p style=\"text-align: justify;\"><em>Quel joli conte que nous d\u00e9couvrons au fil des pages! L&rsquo;histoire aborde de fa\u00e7on douce et magique la pers\u00e9v\u00e9rance, la tol\u00e9rance et le droit de croire en ses r\u00eaves. Malgr\u00e9 les difficiles conditions de vie, Zorzi transcende sa condition d&rsquo;orphelin boiteux. Les illustrations sont magnifiques tout en merveilleux et onirisme, \u00e0 l&rsquo;instar des pages de garde. Coup de c\u0153ur pour cet album jeunesse rempli de chaleur et d&rsquo;optimisme pour apporter de beaux r\u00eaves au jeune lecteur!<br \/>\n<\/em><\/p>\n<div id=\"attachment_10219\" style=\"width: 96px\" class=\"wp-caption alignleft\"><img data-recalc-dims=\"1\" loading=\"lazy\" decoding=\"async\" aria-describedby=\"caption-attachment-10219\" data-attachment-id=\"10219\" data-permalink=\"http:\/\/www.jojoenherbe.com\/index.php\/2020\/03\/02\/au-fil-des-pages-avec-lievre-et-ours-sous-la-neige\/lievre-et-ours-sous-la-neige\/\" data-orig-file=\"https:\/\/i0.wp.com\/www.jojoenherbe.com\/wp-content\/uploads\/2020\/03\/Li%C3%A8vre-et-Ours-sous-la-neige-scaled.jpg?fit=2560%2C1892\" data-orig-size=\"2560,1892\" data-comments-opened=\"1\" data-image-meta=\"{&quot;aperture&quot;:&quot;2.4&quot;,&quot;credit&quot;:&quot;&quot;,&quot;camera&quot;:&quot;iPhone 4S&quot;,&quot;caption&quot;:&quot;&quot;,&quot;created_timestamp&quot;:&quot;1583147305&quot;,&quot;copyright&quot;:&quot;&quot;,&quot;focal_length&quot;:&quot;4.28&quot;,&quot;iso&quot;:&quot;640&quot;,&quot;shutter_speed&quot;:&quot;0.066666666666667&quot;,&quot;title&quot;:&quot;&quot;,&quot;orientation&quot;:&quot;1&quot;}\" data-image-title=\"Li\u00e8vre et Ours, sous la neige\" data-image-description=\"\" data-image-caption=\"\" data-large-file=\"https:\/\/i0.wp.com\/www.jojoenherbe.com\/wp-content\/uploads\/2020\/03\/Li%C3%A8vre-et-Ours-sous-la-neige-scaled.jpg?fit=676%2C500\" class=\"wp-image-10219\" src=\"https:\/\/i0.wp.com\/mapetitemediatheque.fr\/wp-content\/uploads\/2018\/11\/challenge-contes-et-l%C3%A9gendes.jpg?resize=86%2C108\" sizes=\"auto, (max-width: 343px) 100vw, 343px\" srcset=\"http:\/\/mapetitemediatheque.fr\/wp-content\/uploads\/2018\/11\/challenge-contes-et-l\u00e9gendes.jpg 343w, http:\/\/mapetitemediatheque.fr\/wp-content\/uploads\/2018\/11\/challenge-contes-et-l\u00e9gendes-239x300.jpg 239w\" alt=\"\" width=\"86\" height=\"108\" \/><p id=\"caption-attachment-10219\" class=\"wp-caption-text\">Participation #36 Contes &amp; L\u00e9gendes 2020 de <a href=\"http:\/\/mapetitemediatheque.fr\/2020\/01\/challenge-contes-et-legendes-2020\/\">Bidib<\/a><\/p><\/div>\n<div style=\"width: 118px\" class=\"wp-caption alignleft\"><img loading=\"lazy\" decoding=\"async\" class=\"\" src=\"https:\/\/lh3.googleusercontent.com\/yeyHsyE8ePB9xQx2t9obPo4nIUGeuGsS-P1wwGiEip3f9lcFED23VkM1Pr5hYoy4puCex2GzVOyZNHjl5qeUnhImyiKFqwfTaONmF_HEc7SEvgxhr1eZXuJ6zzg9JfEY4XADWBPBCxMLePs3HiWfgCjRFVaAIkiQhaX8RGfOMzZhoMNQUFFuWlglQGRva5RIkSFvo7nk3yMWVz4PgUXBK3Uof2Hf073K4C6YvQC1u6gRN2BCr4tNyqitAlYfULcqVlua9UK9L5kLVOZWs2-xrAzDf1K3rxU8pxE6Fdm1EI8_YbPW09CsTNa9CW1z0lvieJ6Ify6BbltA9XBnOC99XwB4E833hDdb9KWRbKTb8bwsVGIAFF1x2JkOCAWTkq3OtXJmlgaccySEr2PvCr9rzIA4GtrzB04GpU7RNPlnkfNDjtPoy6UR5nf5SD-RQvfrkHaKDQocAHpi1MoHr0bWF4h3F08r5y_TM01DqKXAgeInHehhuxNBZ4LGs7Emk2ol6RPfVd4UEj0916JVKRknXSsSbJG_50ptPlCGTOdHDTOUMc6x63Wp68_DnNhG9qn5FPKuDHhZvC008a4nifQFWuKVT6HvqNgW-LcvXb0wnjbSwgS8qwHb3LtHJj3uAe971aQRDPkS146UchPgCLNczeUje4Y3YFpuV4P1KYu67RSdAOITJNzzSRO2Dycc1PCqSdc7IoPwLu0-aT-FJ0m-KvlkUQLXoamPhl2WKbODyZSfc5ZT=w285-h217-no\" alt=\"\" width=\"108\" height=\"82\" \/><p class=\"wp-caption-text\">Challenge Petit Bac d&rsquo;<a href=\"https:\/\/ennalit.wordpress.com\/2019\/12\/01\/challenge-petit-bac-2020-qui-veut-jouer\/\">Enna<\/a> #8 Cat\u00e9gorie Mot au pluriel: \u00ab\u00a0R\u00eaves\u00a0\u00bb<\/p><\/div>\n","protected":false},"excerpt":{"rendered":"<p>J&#8217;emprunte \u00e0 la m\u00e9diath\u00e8que Le souffleur de r\u00eaves de Bernard Villiot et Thibault Prugne (\u00e9d. Gautier-Languereau, 2015), un album jeunesse \u00e0 partir de 6 ans. Au Nord de Venise, sur l&rsquo;\u00eele de Murano, Zorzi, un jeune orphelin devient apprenti souffleur de verre d&rsquo;un ma\u00eetre-verrier. Mais bless\u00e9 et devenu infirme le jour de ses 15 ans, [&hellip;]<\/p>\n","protected":false},"author":1,"featured_media":11839,"comment_status":"open","ping_status":"open","sticky":false,"template":"","format":"standard","meta":{"jetpack_post_was_ever_published":false,"_jetpack_newsletter_access":"","_jetpack_dont_email_post_to_subs":false,"_jetpack_newsletter_tier_id":0,"_jetpack_memberships_contains_paywalled_content":false,"_jetpack_memberships_contains_paid_content":false,"footnotes":""},"categories":[363],"tags":[788,409,386,1665,1365,1352,245,893,1676,103,814,367,1677,727,1667,1072,1675,1229,798,1666,1235],"class_list":["post-11783","post","type-post","status-publish","format-standard","has-post-thumbnail","hentry","category-mini-lecteur","tag-6-9-ans","tag-albums-jeunesse","tag-amitie","tag-bernard-villiot","tag-challenge-contes-et-legendes-2020","tag-challenge-petit-bac-2020","tag-contes","tag-handicap","tag-ile","tag-italie","tag-jalousie","tag-lecture-jeunesse","tag-legende","tag-magie","tag-maitre-verrier","tag-misere","tag-murano","tag-orphelin","tag-reve","tag-thibault-prugne","tag-venise","post-preview"],"jetpack_featured_media_url":"https:\/\/i0.wp.com\/www.jojoenherbe.com\/wp-content\/uploads\/2020\/08\/Le-souffleur-de-reves-scaled.jpg?fit=2410%2C2560","jetpack_sharing_enabled":true,"jetpack_shortlink":"https:\/\/wp.me\/p9zhGx-343","jetpack_likes_enabled":true,"jetpack-related-posts":[{"id":19313,"url":"http:\/\/www.jojoenherbe.com\/index.php\/2021\/07\/31\/au-fil-des-pages-avec-le-parfum-des-grandes-vacances\/","url_meta":{"origin":11783,"position":0},"title":"Au fil des pages avec Le parfum des grandes vacances","author":"Jojo","date":"31 juillet 2021","format":false,"excerpt":"Je lis Le parfum des grandes vacances de Thibault Prugne (\u00e9d. Margot, 2019), un album jeunesse grand format \u00e0 partir de 6 ans.\u00a0 Une petite fille, Louise passe l\u2019\u00e9t\u00e9 chez P\u00e9p\u00e9 L\u00e9on son grand-p\u00e8re maternel, solitaire et excentrique, loin de la guerre. D'abord un peu intimid\u00e9e par son grand-p\u00e8re, elle\u2026","rel":"","context":"Dans &quot;Mini lecteur&quot;","block_context":{"text":"Mini lecteur","link":"http:\/\/www.jojoenherbe.com\/index.php\/category\/mini-lecteur\/"},"img":{"alt_text":"","src":"https:\/\/i0.wp.com\/www.jojoenherbe.com\/wp-content\/uploads\/2021\/07\/Le-parfum-des-grandes-vacances-scaled.jpg?fit=1200%2C900&resize=350%2C200","width":350,"height":200,"srcset":"https:\/\/i0.wp.com\/www.jojoenherbe.com\/wp-content\/uploads\/2021\/07\/Le-parfum-des-grandes-vacances-scaled.jpg?fit=1200%2C900&resize=350%2C200 1x, https:\/\/i0.wp.com\/www.jojoenherbe.com\/wp-content\/uploads\/2021\/07\/Le-parfum-des-grandes-vacances-scaled.jpg?fit=1200%2C900&resize=525%2C300 1.5x, https:\/\/i0.wp.com\/www.jojoenherbe.com\/wp-content\/uploads\/2021\/07\/Le-parfum-des-grandes-vacances-scaled.jpg?fit=1200%2C900&resize=700%2C400 2x, https:\/\/i0.wp.com\/www.jojoenherbe.com\/wp-content\/uploads\/2021\/07\/Le-parfum-des-grandes-vacances-scaled.jpg?fit=1200%2C900&resize=1050%2C600 3x"},"classes":[]},{"id":23574,"url":"http:\/\/www.jojoenherbe.com\/index.php\/2022\/02\/24\/nos-lectures-la-moufle\/","url_meta":{"origin":11783,"position":1},"title":"Nos lectures \u00ab\u00a0La moufle\u00a0\u00bb","author":"Jojo","date":"24 f\u00e9vrier 2022","format":false,"excerpt":"Bien que nous poss\u00e9dons d\u00e9j\u00e0 deux autres versions de La moufle, conte traditionnel que nous relisons r\u00e9guli\u00e8rement et pas seulement en hiver, j'en ai emprunt\u00e9 \u00e0 nouveau une autre \u00e0 la m\u00e9diath\u00e8que et ai achet\u00e9 d'autres versions qui reprennent plut\u00f4t la version ukrainienne que russe puisque l'objet qui deviendra un\u2026","rel":"","context":"Dans &quot;Mini lecteur&quot;","block_context":{"text":"Mini lecteur","link":"http:\/\/www.jojoenherbe.com\/index.php\/category\/mini-lecteur\/"},"img":{"alt_text":"","src":"https:\/\/i0.wp.com\/www.jojoenherbe.com\/wp-content\/uploads\/2022\/02\/Nos-lectures-La-moufle-scaled.jpg?fit=1200%2C860&resize=350%2C200","width":350,"height":200,"srcset":"https:\/\/i0.wp.com\/www.jojoenherbe.com\/wp-content\/uploads\/2022\/02\/Nos-lectures-La-moufle-scaled.jpg?fit=1200%2C860&resize=350%2C200 1x, https:\/\/i0.wp.com\/www.jojoenherbe.com\/wp-content\/uploads\/2022\/02\/Nos-lectures-La-moufle-scaled.jpg?fit=1200%2C860&resize=525%2C300 1.5x, https:\/\/i0.wp.com\/www.jojoenherbe.com\/wp-content\/uploads\/2022\/02\/Nos-lectures-La-moufle-scaled.jpg?fit=1200%2C860&resize=700%2C400 2x, https:\/\/i0.wp.com\/www.jojoenherbe.com\/wp-content\/uploads\/2022\/02\/Nos-lectures-La-moufle-scaled.jpg?fit=1200%2C860&resize=1050%2C600 3x"},"classes":[]},{"id":9941,"url":"http:\/\/www.jojoenherbe.com\/index.php\/2020\/02\/10\/au-fil-des-pages-avec-vol-a-venise\/","url_meta":{"origin":11783,"position":2},"title":"Au fil des pages avec Vol \u00e0 Venise","author":"Jojo","date":"10 f\u00e9vrier 2020","format":false,"excerpt":"Nous empruntons \u00e0 la biblioth\u00e8que Vol \u00e0 Venise de G\u00e9raldine Elschner et Anja Klauss (\u00e9d. L'\u00e9lan vert, 2011), un album jeunesse \u00e0 partir de 3 ans. Pendant le carnaval de Venise, trois grands oiseaux peuvent se glisser parmi les hommes (et les femmes) pour profiter de la f\u00eate. De son\u2026","rel":"","context":"Dans &quot;Mini lecteur&quot;","block_context":{"text":"Mini lecteur","link":"http:\/\/www.jojoenherbe.com\/index.php\/category\/mini-lecteur\/"},"img":{"alt_text":"","src":"https:\/\/i0.wp.com\/www.jojoenherbe.com\/wp-content\/uploads\/2020\/02\/Vol-%C3%A0-Venise-scaled.jpg?fit=1200%2C1010&resize=350%2C200","width":350,"height":200,"srcset":"https:\/\/i0.wp.com\/www.jojoenherbe.com\/wp-content\/uploads\/2020\/02\/Vol-%C3%A0-Venise-scaled.jpg?fit=1200%2C1010&resize=350%2C200 1x, https:\/\/i0.wp.com\/www.jojoenherbe.com\/wp-content\/uploads\/2020\/02\/Vol-%C3%A0-Venise-scaled.jpg?fit=1200%2C1010&resize=525%2C300 1.5x, https:\/\/i0.wp.com\/www.jojoenherbe.com\/wp-content\/uploads\/2020\/02\/Vol-%C3%A0-Venise-scaled.jpg?fit=1200%2C1010&resize=700%2C400 2x, https:\/\/i0.wp.com\/www.jojoenherbe.com\/wp-content\/uploads\/2020\/02\/Vol-%C3%A0-Venise-scaled.jpg?fit=1200%2C1010&resize=1050%2C600 3x"},"classes":[]},{"id":17447,"url":"http:\/\/www.jojoenherbe.com\/index.php\/2021\/04\/16\/au-fil-des-pages-avec-le-maitre-des-estampes\/","url_meta":{"origin":11783,"position":3},"title":"Au fil des pages avec Le ma\u00eetre des estampes","author":"Jojo","date":"16 avril 2021","format":false,"excerpt":"En cherchant des albums jeunesse pour Un mois au Japon \u00e0 la m\u00e9diath\u00e8que, j'ai jet\u00e9 mon d\u00e9volu sur un album de Thierry Dedieu, un auteur\/illustrateur que j'appr\u00e9cie beaucoup et au style tr\u00e8s vari\u00e9 et pour tous les \u00e2ges comme par exemple, en tant qu'illustrateur, sa s\u00e9rie hilarante avec Fr\u00e9d\u00e9ric Marais,\u2026","rel":"","context":"Dans &quot;Mini lecteur&quot;","block_context":{"text":"Mini lecteur","link":"http:\/\/www.jojoenherbe.com\/index.php\/category\/mini-lecteur\/"},"img":{"alt_text":"","src":"https:\/\/i0.wp.com\/www.jojoenherbe.com\/wp-content\/uploads\/2021\/04\/Le-maitre-des-estampes-scaled.jpg?fit=1200%2C900&resize=350%2C200","width":350,"height":200,"srcset":"https:\/\/i0.wp.com\/www.jojoenherbe.com\/wp-content\/uploads\/2021\/04\/Le-maitre-des-estampes-scaled.jpg?fit=1200%2C900&resize=350%2C200 1x, https:\/\/i0.wp.com\/www.jojoenherbe.com\/wp-content\/uploads\/2021\/04\/Le-maitre-des-estampes-scaled.jpg?fit=1200%2C900&resize=525%2C300 1.5x, https:\/\/i0.wp.com\/www.jojoenherbe.com\/wp-content\/uploads\/2021\/04\/Le-maitre-des-estampes-scaled.jpg?fit=1200%2C900&resize=700%2C400 2x, https:\/\/i0.wp.com\/www.jojoenherbe.com\/wp-content\/uploads\/2021\/04\/Le-maitre-des-estampes-scaled.jpg?fit=1200%2C900&resize=1050%2C600 3x"},"classes":[]},{"id":11011,"url":"http:\/\/www.jojoenherbe.com\/index.php\/2020\/05\/23\/au-fil-des-pages-avec-ameline-joueuse-de-flute\/","url_meta":{"origin":11783,"position":4},"title":"Au fil des pages avec Ameline, Joueuse de fl\u00fbte","author":"Jojo","date":"23 mai 2020","format":false,"excerpt":"Je lis Ameline, Joueuse de fl\u00fbte de Cl\u00e9mentine Beauvais et Antoine D\u00e9prez (\u00e9d. Alice Jeunesse, 2018), un album jeunesse \u00e0 partir de 8\/9 ans. Orpheline, Ameline grandit aupr\u00e8s de son grand-p\u00e8re, Popi qui lui raconte tr\u00e8s r\u00e9guli\u00e8rement une histoire sombre et terrifiante, celle du Joueur de fl\u00fbte de Hamelin. Au\u2026","rel":"","context":"Dans &quot;Mini lecteur&quot;","block_context":{"text":"Mini lecteur","link":"http:\/\/www.jojoenherbe.com\/index.php\/category\/mini-lecteur\/"},"img":{"alt_text":"","src":"https:\/\/i0.wp.com\/www.jojoenherbe.com\/wp-content\/uploads\/2020\/05\/Ameline-Joueuse-de-fl%C3%BBte-scaled.jpg?fit=1200%2C937&resize=350%2C200","width":350,"height":200,"srcset":"https:\/\/i0.wp.com\/www.jojoenherbe.com\/wp-content\/uploads\/2020\/05\/Ameline-Joueuse-de-fl%C3%BBte-scaled.jpg?fit=1200%2C937&resize=350%2C200 1x, https:\/\/i0.wp.com\/www.jojoenherbe.com\/wp-content\/uploads\/2020\/05\/Ameline-Joueuse-de-fl%C3%BBte-scaled.jpg?fit=1200%2C937&resize=525%2C300 1.5x, https:\/\/i0.wp.com\/www.jojoenherbe.com\/wp-content\/uploads\/2020\/05\/Ameline-Joueuse-de-fl%C3%BBte-scaled.jpg?fit=1200%2C937&resize=700%2C400 2x, https:\/\/i0.wp.com\/www.jojoenherbe.com\/wp-content\/uploads\/2020\/05\/Ameline-Joueuse-de-fl%C3%BBte-scaled.jpg?fit=1200%2C937&resize=1050%2C600 3x"},"classes":[]},{"id":24147,"url":"http:\/\/www.jojoenherbe.com\/index.php\/2022\/03\/01\/au-fil-des-pages-avec-le-carnaval-des-insectes\/","url_meta":{"origin":11783,"position":5},"title":"Au fil des pages avec Le carnaval des insectes","author":"Jojo","date":"1 mars 2022","format":false,"excerpt":"Pour le carnaval et Mardi-Gras, nous lisons cette ann\u00e9e Le carnaval des insectes d'H\u00e9l\u00e8ne Rajcak et Damien Laverdunt (\u00e9d. Actes Sud Junior, 2016), un album jeunesse en accord\u00e9on \u00e0 partir de 2\/3 ans. En d\u00e9pliant le livre, une immense frise appara\u00eet o\u00f9 se c\u00f4toient de nombreux carnavals, parades et d\u00e9fil\u00e9s\u2026","rel":"","context":"Dans &quot;Mini lecteur&quot;","block_context":{"text":"Mini lecteur","link":"http:\/\/www.jojoenherbe.com\/index.php\/category\/mini-lecteur\/"},"img":{"alt_text":"","src":"https:\/\/i0.wp.com\/www.jojoenherbe.com\/wp-content\/uploads\/2022\/03\/Le-carnaval-des-insectes-scaled.jpg?fit=1200%2C900&resize=350%2C200","width":350,"height":200,"srcset":"https:\/\/i0.wp.com\/www.jojoenherbe.com\/wp-content\/uploads\/2022\/03\/Le-carnaval-des-insectes-scaled.jpg?fit=1200%2C900&resize=350%2C200 1x, https:\/\/i0.wp.com\/www.jojoenherbe.com\/wp-content\/uploads\/2022\/03\/Le-carnaval-des-insectes-scaled.jpg?fit=1200%2C900&resize=525%2C300 1.5x, https:\/\/i0.wp.com\/www.jojoenherbe.com\/wp-content\/uploads\/2022\/03\/Le-carnaval-des-insectes-scaled.jpg?fit=1200%2C900&resize=700%2C400 2x, https:\/\/i0.wp.com\/www.jojoenherbe.com\/wp-content\/uploads\/2022\/03\/Le-carnaval-des-insectes-scaled.jpg?fit=1200%2C900&resize=1050%2C600 3x"},"classes":[]}],"_links":{"self":[{"href":"http:\/\/www.jojoenherbe.com\/index.php\/wp-json\/wp\/v2\/posts\/11783","targetHints":{"allow":["GET"]}}],"collection":[{"href":"http:\/\/www.jojoenherbe.com\/index.php\/wp-json\/wp\/v2\/posts"}],"about":[{"href":"http:\/\/www.jojoenherbe.com\/index.php\/wp-json\/wp\/v2\/types\/post"}],"author":[{"embeddable":true,"href":"http:\/\/www.jojoenherbe.com\/index.php\/wp-json\/wp\/v2\/users\/1"}],"replies":[{"embeddable":true,"href":"http:\/\/www.jojoenherbe.com\/index.php\/wp-json\/wp\/v2\/comments?post=11783"}],"version-history":[{"count":1,"href":"http:\/\/www.jojoenherbe.com\/index.php\/wp-json\/wp\/v2\/posts\/11783\/revisions"}],"predecessor-version":[{"id":35883,"href":"http:\/\/www.jojoenherbe.com\/index.php\/wp-json\/wp\/v2\/posts\/11783\/revisions\/35883"}],"wp:featuredmedia":[{"embeddable":true,"href":"http:\/\/www.jojoenherbe.com\/index.php\/wp-json\/wp\/v2\/media\/11839"}],"wp:attachment":[{"href":"http:\/\/www.jojoenherbe.com\/index.php\/wp-json\/wp\/v2\/media?parent=11783"}],"wp:term":[{"taxonomy":"category","embeddable":true,"href":"http:\/\/www.jojoenherbe.com\/index.php\/wp-json\/wp\/v2\/categories?post=11783"},{"taxonomy":"post_tag","embeddable":true,"href":"http:\/\/www.jojoenherbe.com\/index.php\/wp-json\/wp\/v2\/tags?post=11783"}],"curies":[{"name":"wp","href":"https:\/\/api.w.org\/{rel}","templated":true}]}}