{"id":11760,"date":"2020-08-09T13:37:56","date_gmt":"2020-08-09T11:37:56","guid":{"rendered":"http:\/\/www.jojoenherbe.com\/?p=11760"},"modified":"2020-08-09T13:38:28","modified_gmt":"2020-08-09T11:38:28","slug":"au-fil-des-pages-avec-elmer-et-les-baleines","status":"publish","type":"post","link":"http:\/\/www.jojoenherbe.com\/index.php\/2020\/08\/09\/au-fil-des-pages-avec-elmer-et-les-baleines\/","title":{"rendered":"Au fil des pages avec Elmer et les baleines"},"content":{"rendered":"<p style=\"text-align: justify;\"><em><a href=\"https:\/\/i0.wp.com\/www.jojoenherbe.com\/wp-content\/uploads\/2020\/08\/Elmer-et-les-baleines-3-scaled.jpg\"><img data-recalc-dims=\"1\" loading=\"lazy\" decoding=\"async\" data-attachment-id=\"11765\" data-permalink=\"http:\/\/www.jojoenherbe.com\/index.php\/2020\/08\/09\/au-fil-des-pages-avec-elmer-et-les-baleines\/elmer-et-les-baleines-3\/\" data-orig-file=\"https:\/\/i0.wp.com\/www.jojoenherbe.com\/wp-content\/uploads\/2020\/08\/Elmer-et-les-baleines-3-scaled.jpg?fit=2560%2C1516\" data-orig-size=\"2560,1516\" data-comments-opened=\"1\" data-image-meta=\"{&quot;aperture&quot;:&quot;1.8&quot;,&quot;credit&quot;:&quot;&quot;,&quot;camera&quot;:&quot;iPhone 7&quot;,&quot;caption&quot;:&quot;&quot;,&quot;created_timestamp&quot;:&quot;1596907231&quot;,&quot;copyright&quot;:&quot;&quot;,&quot;focal_length&quot;:&quot;3.99&quot;,&quot;iso&quot;:&quot;100&quot;,&quot;shutter_speed&quot;:&quot;0.14285714285714&quot;,&quot;title&quot;:&quot;&quot;,&quot;orientation&quot;:&quot;1&quot;}\" data-image-title=\"Elmer et les baleines 3\" data-image-description=\"\" data-image-caption=\"\" data-large-file=\"https:\/\/i0.wp.com\/www.jojoenherbe.com\/wp-content\/uploads\/2020\/08\/Elmer-et-les-baleines-3-scaled.jpg?fit=676%2C400\" class=\"alignleft size-thumbnail wp-image-11765\" src=\"https:\/\/i0.wp.com\/www.jojoenherbe.com\/wp-content\/uploads\/2020\/08\/Elmer-et-les-baleines-3.jpg?resize=150%2C150\" alt=\"\" width=\"150\" height=\"150\" srcset=\"https:\/\/i0.wp.com\/www.jojoenherbe.com\/wp-content\/uploads\/2020\/08\/Elmer-et-les-baleines-3-scaled.jpg?resize=150%2C150 150w, https:\/\/i0.wp.com\/www.jojoenherbe.com\/wp-content\/uploads\/2020\/08\/Elmer-et-les-baleines-3-scaled.jpg?zoom=2&amp;resize=150%2C150 300w, https:\/\/i0.wp.com\/www.jojoenherbe.com\/wp-content\/uploads\/2020\/08\/Elmer-et-les-baleines-3-scaled.jpg?zoom=3&amp;resize=150%2C150 450w\" sizes=\"auto, (max-width: 150px) 100vw, 150px\" \/><\/a> <a href=\"https:\/\/i0.wp.com\/www.jojoenherbe.com\/wp-content\/uploads\/2020\/08\/Elmer-et-les-baleines-4-scaled.jpg\"><img data-recalc-dims=\"1\" loading=\"lazy\" decoding=\"async\" data-attachment-id=\"11766\" data-permalink=\"http:\/\/www.jojoenherbe.com\/index.php\/2020\/08\/09\/au-fil-des-pages-avec-elmer-et-les-baleines\/elmer-et-les-baleines-4\/\" data-orig-file=\"https:\/\/i0.wp.com\/www.jojoenherbe.com\/wp-content\/uploads\/2020\/08\/Elmer-et-les-baleines-4-scaled.jpg?fit=2560%2C1663\" data-orig-size=\"2560,1663\" data-comments-opened=\"1\" data-image-meta=\"{&quot;aperture&quot;:&quot;1.8&quot;,&quot;credit&quot;:&quot;&quot;,&quot;camera&quot;:&quot;iPhone 7&quot;,&quot;caption&quot;:&quot;&quot;,&quot;created_timestamp&quot;:&quot;1596907249&quot;,&quot;copyright&quot;:&quot;&quot;,&quot;focal_length&quot;:&quot;3.99&quot;,&quot;iso&quot;:&quot;100&quot;,&quot;shutter_speed&quot;:&quot;0.076923076923077&quot;,&quot;title&quot;:&quot;&quot;,&quot;orientation&quot;:&quot;1&quot;}\" data-image-title=\"Elmer et les baleines 4\" data-image-description=\"\" data-image-caption=\"\" data-large-file=\"https:\/\/i0.wp.com\/www.jojoenherbe.com\/wp-content\/uploads\/2020\/08\/Elmer-et-les-baleines-4-scaled.jpg?fit=676%2C439\" class=\"alignleft size-thumbnail wp-image-11766\" src=\"https:\/\/i0.wp.com\/www.jojoenherbe.com\/wp-content\/uploads\/2020\/08\/Elmer-et-les-baleines-4.jpg?resize=150%2C150\" alt=\"\" width=\"150\" height=\"150\" srcset=\"https:\/\/i0.wp.com\/www.jojoenherbe.com\/wp-content\/uploads\/2020\/08\/Elmer-et-les-baleines-4-scaled.jpg?resize=150%2C150 150w, https:\/\/i0.wp.com\/www.jojoenherbe.com\/wp-content\/uploads\/2020\/08\/Elmer-et-les-baleines-4-scaled.jpg?zoom=2&amp;resize=150%2C150 300w, https:\/\/i0.wp.com\/www.jojoenherbe.com\/wp-content\/uploads\/2020\/08\/Elmer-et-les-baleines-4-scaled.jpg?zoom=3&amp;resize=150%2C150 450w\" sizes=\"auto, (max-width: 150px) 100vw, 150px\" \/><\/a>Nous empruntons \u00e0 la m\u00e9diath\u00e8que <span style=\"text-decoration: underline;\">Elmer et les baleines<\/span> de David McKee (\u00e9d. Kal\u00e9idoscope, 2014), un album jeunesse \u00e0 partir de 3 ans. Suite \u00e0 une visite chez leur papi Eldo, Elmer et son cousin Walter d\u00e9cide d&rsquo;aller voir les baleines. Pour aller plus vite, ils sont aid\u00e9s par les animaux de la jungle pour construire un radeau et se laissent glisser sur les flots. Arriveront-ils \u00e0 rencontrer les baleines sans encombre? <\/em><\/p>\n<p style=\"text-align: justify;\"><em><a href=\"https:\/\/i0.wp.com\/www.jojoenherbe.com\/wp-content\/uploads\/2020\/08\/Elmer-et-les-baleines-6-scaled.jpg\"><img data-recalc-dims=\"1\" loading=\"lazy\" decoding=\"async\" data-attachment-id=\"11768\" data-permalink=\"http:\/\/www.jojoenherbe.com\/index.php\/2020\/08\/09\/au-fil-des-pages-avec-elmer-et-les-baleines\/elmer-et-les-baleines-6\/\" data-orig-file=\"https:\/\/i0.wp.com\/www.jojoenherbe.com\/wp-content\/uploads\/2020\/08\/Elmer-et-les-baleines-6-scaled.jpg?fit=2560%2C1650\" data-orig-size=\"2560,1650\" data-comments-opened=\"1\" data-image-meta=\"{&quot;aperture&quot;:&quot;1.8&quot;,&quot;credit&quot;:&quot;&quot;,&quot;camera&quot;:&quot;iPhone 7&quot;,&quot;caption&quot;:&quot;&quot;,&quot;created_timestamp&quot;:&quot;1596907300&quot;,&quot;copyright&quot;:&quot;&quot;,&quot;focal_length&quot;:&quot;3.99&quot;,&quot;iso&quot;:&quot;100&quot;,&quot;shutter_speed&quot;:&quot;0.090909090909091&quot;,&quot;title&quot;:&quot;&quot;,&quot;orientation&quot;:&quot;1&quot;}\" data-image-title=\"Elmer et les baleines 6\" data-image-description=\"\" data-image-caption=\"\" data-large-file=\"https:\/\/i0.wp.com\/www.jojoenherbe.com\/wp-content\/uploads\/2020\/08\/Elmer-et-les-baleines-6-scaled.jpg?fit=676%2C436\" class=\"size-thumbnail wp-image-11768 alignright\" src=\"https:\/\/i0.wp.com\/www.jojoenherbe.com\/wp-content\/uploads\/2020\/08\/Elmer-et-les-baleines-6.jpg?resize=150%2C150\" alt=\"\" width=\"150\" height=\"150\" srcset=\"https:\/\/i0.wp.com\/www.jojoenherbe.com\/wp-content\/uploads\/2020\/08\/Elmer-et-les-baleines-6-scaled.jpg?resize=150%2C150 150w, https:\/\/i0.wp.com\/www.jojoenherbe.com\/wp-content\/uploads\/2020\/08\/Elmer-et-les-baleines-6-scaled.jpg?zoom=2&amp;resize=150%2C150 300w, https:\/\/i0.wp.com\/www.jojoenherbe.com\/wp-content\/uploads\/2020\/08\/Elmer-et-les-baleines-6-scaled.jpg?zoom=3&amp;resize=150%2C150 450w\" sizes=\"auto, (max-width: 150px) 100vw, 150px\" \/><\/a> <a href=\"https:\/\/i0.wp.com\/www.jojoenherbe.com\/wp-content\/uploads\/2020\/08\/Elmer-et-les-baleines-5-scaled.jpg\"><img data-recalc-dims=\"1\" loading=\"lazy\" decoding=\"async\" data-attachment-id=\"11767\" data-permalink=\"http:\/\/www.jojoenherbe.com\/index.php\/2020\/08\/09\/au-fil-des-pages-avec-elmer-et-les-baleines\/elmer-et-les-baleines-5\/\" data-orig-file=\"https:\/\/i0.wp.com\/www.jojoenherbe.com\/wp-content\/uploads\/2020\/08\/Elmer-et-les-baleines-5-scaled.jpg?fit=2560%2C1588\" data-orig-size=\"2560,1588\" data-comments-opened=\"1\" data-image-meta=\"{&quot;aperture&quot;:&quot;1.8&quot;,&quot;credit&quot;:&quot;&quot;,&quot;camera&quot;:&quot;iPhone 7&quot;,&quot;caption&quot;:&quot;&quot;,&quot;created_timestamp&quot;:&quot;1596907269&quot;,&quot;copyright&quot;:&quot;&quot;,&quot;focal_length&quot;:&quot;3.99&quot;,&quot;iso&quot;:&quot;100&quot;,&quot;shutter_speed&quot;:&quot;0.11111111111111&quot;,&quot;title&quot;:&quot;&quot;,&quot;orientation&quot;:&quot;1&quot;}\" data-image-title=\"Elmer et les baleines 5\" data-image-description=\"\" data-image-caption=\"\" data-large-file=\"https:\/\/i0.wp.com\/www.jojoenherbe.com\/wp-content\/uploads\/2020\/08\/Elmer-et-les-baleines-5-scaled.jpg?fit=676%2C419\" class=\"size-thumbnail wp-image-11767 alignright\" src=\"https:\/\/i0.wp.com\/www.jojoenherbe.com\/wp-content\/uploads\/2020\/08\/Elmer-et-les-baleines-5.jpg?resize=150%2C150\" alt=\"\" width=\"150\" height=\"150\" srcset=\"https:\/\/i0.wp.com\/www.jojoenherbe.com\/wp-content\/uploads\/2020\/08\/Elmer-et-les-baleines-5-scaled.jpg?resize=150%2C150 150w, https:\/\/i0.wp.com\/www.jojoenherbe.com\/wp-content\/uploads\/2020\/08\/Elmer-et-les-baleines-5-scaled.jpg?zoom=2&amp;resize=150%2C150 300w, https:\/\/i0.wp.com\/www.jojoenherbe.com\/wp-content\/uploads\/2020\/08\/Elmer-et-les-baleines-5-scaled.jpg?zoom=3&amp;resize=150%2C150 450w\" sizes=\"auto, (max-width: 150px) 100vw, 150px\" \/><\/a>Que d&rsquo;aventures pour les deux \u00e9l\u00e9phants, \u00e0 l&rsquo;instar de leur papi avant eux! Nous retrouvons avec plaisir Elmer, l&rsquo;\u00e9l\u00e9phant bariol\u00e9. L&rsquo;histoire est plaisante et finit en amiti\u00e9 et \u00e9merveillement devant les baleines. Un tr\u00e8s bon moment de lecture avec cet album jeunesse aux illustrations color\u00e9es et \u00e0 la tr\u00e8s jolie page de garde!<br \/>\n<\/em><\/p>\n<div style=\"width: 169px\" class=\"wp-caption aligncenter\"><img loading=\"lazy\" decoding=\"async\" src=\"https:\/\/lh3.googleusercontent.com\/yeyHsyE8ePB9xQx2t9obPo4nIUGeuGsS-P1wwGiEip3f9lcFED23VkM1Pr5hYoy4puCex2GzVOyZNHjl5qeUnhImyiKFqwfTaONmF_HEc7SEvgxhr1eZXuJ6zzg9JfEY4XADWBPBCxMLePs3HiWfgCjRFVaAIkiQhaX8RGfOMzZhoMNQUFFuWlglQGRva5RIkSFvo7nk3yMWVz4PgUXBK3Uof2Hf073K4C6YvQC1u6gRN2BCr4tNyqitAlYfULcqVlua9UK9L5kLVOZWs2-xrAzDf1K3rxU8pxE6Fdm1EI8_YbPW09CsTNa9CW1z0lvieJ6Ify6BbltA9XBnOC99XwB4E833hDdb9KWRbKTb8bwsVGIAFF1x2JkOCAWTkq3OtXJmlgaccySEr2PvCr9rzIA4GtrzB04GpU7RNPlnkfNDjtPoy6UR5nf5SD-RQvfrkHaKDQocAHpi1MoHr0bWF4h3F08r5y_TM01DqKXAgeInHehhuxNBZ4LGs7Emk2ol6RPfVd4UEj0916JVKRknXSsSbJG_50ptPlCGTOdHDTOUMc6x63Wp68_DnNhG9qn5FPKuDHhZvC008a4nifQFWuKVT6HvqNgW-LcvXb0wnjbSwgS8qwHb3LtHJj3uAe971aQRDPkS146UchPgCLNczeUje4Y3YFpuV4P1KYu67RSdAOITJNzzSRO2Dycc1PCqSdc7IoPwLu0-aT-FJ0m-KvlkUQLXoamPhl2WKbODyZSfc5ZT=w285-h217-no\" alt=\"\" width=\"159\" height=\"121\"><p class=\"wp-caption-text\"><a href=\"https:\/\/ennalit.wordpress.com\/2019\/12\/01\/challenge-petit-bac-2020-qui-veut-jouer\/\">Challenge Petit Bac d&rsquo;Enna<\/a> #9 Cat\u00e9gorie Animal: \u00ab\u00a0Baleines\u00a0\u00bb<\/p><\/div>\n","protected":false},"excerpt":{"rendered":"<p>Nous empruntons \u00e0 la m\u00e9diath\u00e8que Elmer et les baleines de David McKee (\u00e9d. Kal\u00e9idoscope, 2014), un album jeunesse \u00e0 partir de 3 ans. Suite \u00e0 une visite chez leur papi Eldo, Elmer et son cousin Walter d\u00e9cide d&rsquo;aller voir les baleines. Pour aller plus vite, ils sont aid\u00e9s par les animaux de la jungle pour [&hellip;]<\/p>\n","protected":false},"author":1,"featured_media":11769,"comment_status":"open","ping_status":"open","sticky":false,"template":"","format":"standard","meta":{"jetpack_post_was_ever_published":false,"_jetpack_newsletter_access":"","_jetpack_dont_email_post_to_subs":false,"_jetpack_newsletter_tier_id":0,"_jetpack_memberships_contains_paywalled_content":false,"_jetpack_memberships_contains_paid_content":false,"footnotes":""},"categories":[363],"tags":[785,409,386,1537,601,1480,1352,1664,1536,720,1535,390,459,367,658,660],"class_list":["post-11760","post","type-post","status-publish","format-standard","has-post-thumbnail","hentry","category-mini-lecteur","tag-3-6-ans","tag-albums-jeunesse","tag-amitie","tag-animaux-de-la-jungle","tag-aventure","tag-baleine","tag-challenge-petit-bac-2020","tag-cousin","tag-david-mckee","tag-elephant","tag-elmer","tag-entraide","tag-famille","tag-lecture-jeunesse","tag-mer","tag-ocean","post-preview"],"jetpack_featured_media_url":"https:\/\/i0.wp.com\/www.jojoenherbe.com\/wp-content\/uploads\/2020\/08\/Elmer-et-les-baleines-scaled.jpg?fit=2560%2C1954","jetpack_sharing_enabled":true,"jetpack_shortlink":"https:\/\/wp.me\/p9zhGx-33G","jetpack_likes_enabled":true,"jetpack-related-posts":[{"id":11056,"url":"http:\/\/www.jojoenherbe.com\/index.php\/2020\/05\/27\/au-fil-des-pages-avec-elmer\/","url_meta":{"origin":11760,"position":0},"title":"Au fil des pages avec Elmer","author":"Jojo","date":"27 mai 2020","format":false,"excerpt":"Nous empruntons \u00e0 la m\u00e9diath\u00e8que Elmer de David McKee (\u00e9d. Kal\u00e9idoscope, 1989, r\u00e9\u00e9d. 2003), un album jeunesse \u00e0 partir de 3 ans et qui est devenu un classique de la litt\u00e9rature jeunesse. Elmer est un petit \u00e9l\u00e9phant farceur qui aimerait \u00eatre gris comme les autres \u00e9l\u00e9phants. Mais il est tout\u2026","rel":"","context":"Dans &quot;Mini lecteur&quot;","block_context":{"text":"Mini lecteur","link":"http:\/\/www.jojoenherbe.com\/index.php\/category\/mini-lecteur\/"},"img":{"alt_text":"","src":"https:\/\/i0.wp.com\/www.jojoenherbe.com\/wp-content\/uploads\/2020\/05\/Elmer-2-scaled.jpg?fit=1200%2C875&resize=350%2C200","width":350,"height":200,"srcset":"https:\/\/i0.wp.com\/www.jojoenherbe.com\/wp-content\/uploads\/2020\/05\/Elmer-2-scaled.jpg?fit=1200%2C875&resize=350%2C200 1x, https:\/\/i0.wp.com\/www.jojoenherbe.com\/wp-content\/uploads\/2020\/05\/Elmer-2-scaled.jpg?fit=1200%2C875&resize=525%2C300 1.5x, https:\/\/i0.wp.com\/www.jojoenherbe.com\/wp-content\/uploads\/2020\/05\/Elmer-2-scaled.jpg?fit=1200%2C875&resize=700%2C400 2x, https:\/\/i0.wp.com\/www.jojoenherbe.com\/wp-content\/uploads\/2020\/05\/Elmer-2-scaled.jpg?fit=1200%2C875&resize=1050%2C600 3x"},"classes":[]},{"id":16863,"url":"http:\/\/www.jojoenherbe.com\/index.php\/2021\/03\/28\/troisieme-alphabet-des-animaux-e-comme-elephant\/","url_meta":{"origin":11760,"position":1},"title":"Troisi\u00e8me alphabet des animaux: E comme \u00c9l\u00e9phant","author":"Jojo","date":"28 mars 2021","format":false,"excerpt":"Pour la semaine 50 de mon challenge de l'alphabet des animaux illustr\u00e9s sur Instagram #jojoenherbeetcieillustre qui associe la premi\u00e8re lettre d'un animal avec une illustration tir\u00e9e de la litt\u00e9rature jeunesse en suivant l'ordre de l'alphabet, il s'agit du E comme \u00c9l\u00e9phant. Alors voici notre s\u00e9lection d'\u00e9l\u00e9phants qui sera mise \u00e0\u2026","rel":"","context":"Dans &quot;Mini challenger&quot;","block_context":{"text":"Mini challenger","link":"http:\/\/www.jojoenherbe.com\/index.php\/category\/mini-challenger\/"},"img":{"alt_text":"","src":"https:\/\/i0.wp.com\/www.jojoenherbe.com\/wp-content\/uploads\/2021\/03\/Selection-Elephant-1-scaled.jpg?fit=1200%2C838&resize=350%2C200","width":350,"height":200,"srcset":"https:\/\/i0.wp.com\/www.jojoenherbe.com\/wp-content\/uploads\/2021\/03\/Selection-Elephant-1-scaled.jpg?fit=1200%2C838&resize=350%2C200 1x, https:\/\/i0.wp.com\/www.jojoenherbe.com\/wp-content\/uploads\/2021\/03\/Selection-Elephant-1-scaled.jpg?fit=1200%2C838&resize=525%2C300 1.5x, https:\/\/i0.wp.com\/www.jojoenherbe.com\/wp-content\/uploads\/2021\/03\/Selection-Elephant-1-scaled.jpg?fit=1200%2C838&resize=700%2C400 2x, https:\/\/i0.wp.com\/www.jojoenherbe.com\/wp-content\/uploads\/2021\/03\/Selection-Elephant-1-scaled.jpg?fit=1200%2C838&resize=1050%2C600 3x"},"classes":[]},{"id":13136,"url":"http:\/\/www.jojoenherbe.com\/index.php\/2020\/10\/25\/deuxieme-alphabet-de-jojoenherbeetcieillustre-b-comme-baleine\/","url_meta":{"origin":11760,"position":2},"title":"Deuxi\u00e8me alphabet des animaux: B comme Baleine","author":"Jojo","date":"25 octobre 2020","format":false,"excerpt":"Pour la semaine 28 de mon challenge sur Instagram #jojoenherbeetcieillustre qui associe la premi\u00e8re lettre d'un animal avec une illustration tir\u00e9e de la litt\u00e9rature jeunesse en suivant l'ordre de l'alphabet, il s'agit du B comme Baleine. Alors voici notre s\u00e9lection des baleines qui sera mise \u00e0 jour au fur-et-\u00e0-mesure de\u2026","rel":"","context":"Dans &quot;Mini challenger&quot;","block_context":{"text":"Mini challenger","link":"http:\/\/www.jojoenherbe.com\/index.php\/category\/mini-challenger\/"},"img":{"alt_text":"","src":"https:\/\/i0.wp.com\/www.jojoenherbe.com\/wp-content\/uploads\/2020\/10\/Selection-Baleines-scaled.jpg?fit=1200%2C900&resize=350%2C200","width":350,"height":200,"srcset":"https:\/\/i0.wp.com\/www.jojoenherbe.com\/wp-content\/uploads\/2020\/10\/Selection-Baleines-scaled.jpg?fit=1200%2C900&resize=350%2C200 1x, https:\/\/i0.wp.com\/www.jojoenherbe.com\/wp-content\/uploads\/2020\/10\/Selection-Baleines-scaled.jpg?fit=1200%2C900&resize=525%2C300 1.5x, https:\/\/i0.wp.com\/www.jojoenherbe.com\/wp-content\/uploads\/2020\/10\/Selection-Baleines-scaled.jpg?fit=1200%2C900&resize=700%2C400 2x, https:\/\/i0.wp.com\/www.jojoenherbe.com\/wp-content\/uploads\/2020\/10\/Selection-Baleines-scaled.jpg?fit=1200%2C900&resize=1050%2C600 3x"},"classes":[]},{"id":9513,"url":"http:\/\/www.jojoenherbe.com\/index.php\/2020\/12\/31\/recap-du-challenge-petit-bac-2020\/","url_meta":{"origin":11760,"position":3},"title":"R\u00e9cap&rsquo; du Challenge Petit Bac 2020","author":"Jojo","date":"31 d\u00e9cembre 2020","format":false,"excerpt":"Cette ann\u00e9e 2020, j'ai particip\u00e9 pour la seconde fois cons\u00e9cutive au Challenge Petit Bac d'Enna, les cinq premi\u00e8res cat\u00e9gories restant identiques \u00e0 l'ann\u00e9e derni\u00e8re mais certaines nouvelles \u00e9tant plus difficiles. Quel casse-t\u00eate pour d\u00e9nicher le mot ad\u00e9quat dans tous les livres lus, essentiellement des albums jeunesse. Finalement ce sera 13\u2026","rel":"","context":"Dans &quot;Mini challenger&quot;","block_context":{"text":"Mini challenger","link":"http:\/\/www.jojoenherbe.com\/index.php\/category\/mini-challenger\/"},"img":{"alt_text":"","src":"https:\/\/i0.wp.com\/www.jojoenherbe.com\/wp-content\/uploads\/2020\/12\/Challenge-Petit-Bac-2020-scaled.jpg?fit=1200%2C1115&resize=350%2C200","width":350,"height":200,"srcset":"https:\/\/i0.wp.com\/www.jojoenherbe.com\/wp-content\/uploads\/2020\/12\/Challenge-Petit-Bac-2020-scaled.jpg?fit=1200%2C1115&resize=350%2C200 1x, https:\/\/i0.wp.com\/www.jojoenherbe.com\/wp-content\/uploads\/2020\/12\/Challenge-Petit-Bac-2020-scaled.jpg?fit=1200%2C1115&resize=525%2C300 1.5x, https:\/\/i0.wp.com\/www.jojoenherbe.com\/wp-content\/uploads\/2020\/12\/Challenge-Petit-Bac-2020-scaled.jpg?fit=1200%2C1115&resize=700%2C400 2x, https:\/\/i0.wp.com\/www.jojoenherbe.com\/wp-content\/uploads\/2020\/12\/Challenge-Petit-Bac-2020-scaled.jpg?fit=1200%2C1115&resize=1050%2C600 3x"},"classes":[]},{"id":11656,"url":"http:\/\/www.jojoenherbe.com\/index.php\/2020\/07\/28\/au-fil-des-pages-avec-mowgli\/","url_meta":{"origin":11760,"position":4},"title":"Au fil des pages avec Mowgli","author":"Jojo","date":"28 juillet 2020","format":false,"excerpt":"Pour le RAT des \u00c9tapes Indiennes, j'emprunte \u00e0 la m\u00e9diath\u00e8que Mowgli d\u2019apr\u00e8s Rudyard Kipling, adapt\u00e9 par Maxime Rovere et illustr\u00e9 par Justine Brax (\u00e9d. Milan, coll. Albums classiques, 2013), un roman jeunesse \u00e0 partir de 9 ans et qui reprend dans un ordre chronologique les Deux livres de la jungle\u2026","rel":"","context":"Dans &quot;Mini lecteur&quot;","block_context":{"text":"Mini lecteur","link":"http:\/\/www.jojoenherbe.com\/index.php\/category\/mini-lecteur\/"},"img":{"alt_text":"","src":"https:\/\/i0.wp.com\/www.jojoenherbe.com\/wp-content\/uploads\/2020\/07\/Mowgli-scaled.jpg?fit=1200%2C984&resize=350%2C200","width":350,"height":200,"srcset":"https:\/\/i0.wp.com\/www.jojoenherbe.com\/wp-content\/uploads\/2020\/07\/Mowgli-scaled.jpg?fit=1200%2C984&resize=350%2C200 1x, https:\/\/i0.wp.com\/www.jojoenherbe.com\/wp-content\/uploads\/2020\/07\/Mowgli-scaled.jpg?fit=1200%2C984&resize=525%2C300 1.5x, https:\/\/i0.wp.com\/www.jojoenherbe.com\/wp-content\/uploads\/2020\/07\/Mowgli-scaled.jpg?fit=1200%2C984&resize=700%2C400 2x, https:\/\/i0.wp.com\/www.jojoenherbe.com\/wp-content\/uploads\/2020\/07\/Mowgli-scaled.jpg?fit=1200%2C984&resize=1050%2C600 3x"},"classes":[]},{"id":11175,"url":"http:\/\/www.jojoenherbe.com\/index.php\/2020\/06\/12\/rat-du-mois-anglais-2020\/","url_meta":{"origin":11760,"position":5},"title":"RAT du Mois Anglais 2020","author":"Jojo","date":"12 juin 2020","format":false,"excerpt":"Ce jour, 12 juin 2020 commence le RAT du Mois Anglais qui est pr\u00e9vu jusqu'au 14 juin 2020 minuit. Encore un bon moment de lecture partag\u00e9e tout ce week-end mais pas que! Dans ma PAL, il y a surtout des relectures mais de livres que j'ai lus il y a\u2026","rel":"","context":"Dans &quot;Mini challenger&quot;","block_context":{"text":"Mini challenger","link":"http:\/\/www.jojoenherbe.com\/index.php\/category\/mini-challenger\/"},"img":{"alt_text":"","src":"https:\/\/i0.wp.com\/www.jojoenherbe.com\/wp-content\/uploads\/2020\/06\/PAL-du-RAT-Mois-Anglais-scaled.jpg?fit=1200%2C1140&resize=350%2C200","width":350,"height":200,"srcset":"https:\/\/i0.wp.com\/www.jojoenherbe.com\/wp-content\/uploads\/2020\/06\/PAL-du-RAT-Mois-Anglais-scaled.jpg?fit=1200%2C1140&resize=350%2C200 1x, https:\/\/i0.wp.com\/www.jojoenherbe.com\/wp-content\/uploads\/2020\/06\/PAL-du-RAT-Mois-Anglais-scaled.jpg?fit=1200%2C1140&resize=525%2C300 1.5x, https:\/\/i0.wp.com\/www.jojoenherbe.com\/wp-content\/uploads\/2020\/06\/PAL-du-RAT-Mois-Anglais-scaled.jpg?fit=1200%2C1140&resize=700%2C400 2x, https:\/\/i0.wp.com\/www.jojoenherbe.com\/wp-content\/uploads\/2020\/06\/PAL-du-RAT-Mois-Anglais-scaled.jpg?fit=1200%2C1140&resize=1050%2C600 3x"},"classes":[]}],"_links":{"self":[{"href":"http:\/\/www.jojoenherbe.com\/index.php\/wp-json\/wp\/v2\/posts\/11760","targetHints":{"allow":["GET"]}}],"collection":[{"href":"http:\/\/www.jojoenherbe.com\/index.php\/wp-json\/wp\/v2\/posts"}],"about":[{"href":"http:\/\/www.jojoenherbe.com\/index.php\/wp-json\/wp\/v2\/types\/post"}],"author":[{"embeddable":true,"href":"http:\/\/www.jojoenherbe.com\/index.php\/wp-json\/wp\/v2\/users\/1"}],"replies":[{"embeddable":true,"href":"http:\/\/www.jojoenherbe.com\/index.php\/wp-json\/wp\/v2\/comments?post=11760"}],"version-history":[{"count":0,"href":"http:\/\/www.jojoenherbe.com\/index.php\/wp-json\/wp\/v2\/posts\/11760\/revisions"}],"wp:featuredmedia":[{"embeddable":true,"href":"http:\/\/www.jojoenherbe.com\/index.php\/wp-json\/wp\/v2\/media\/11769"}],"wp:attachment":[{"href":"http:\/\/www.jojoenherbe.com\/index.php\/wp-json\/wp\/v2\/media?parent=11760"}],"wp:term":[{"taxonomy":"category","embeddable":true,"href":"http:\/\/www.jojoenherbe.com\/index.php\/wp-json\/wp\/v2\/categories?post=11760"},{"taxonomy":"post_tag","embeddable":true,"href":"http:\/\/www.jojoenherbe.com\/index.php\/wp-json\/wp\/v2\/tags?post=11760"}],"curies":[{"name":"wp","href":"https:\/\/api.w.org\/{rel}","templated":true}]}}