{"id":11638,"date":"2020-07-26T21:29:40","date_gmt":"2020-07-26T19:29:40","guid":{"rendered":"http:\/\/www.jojoenherbe.com\/?p=11638"},"modified":"2021-04-15T15:35:22","modified_gmt":"2021-04-15T13:35:22","slug":"au-fil-des-pages-avec-pas-de-panique-petit-crabe","status":"publish","type":"post","link":"http:\/\/www.jojoenherbe.com\/index.php\/2020\/07\/26\/au-fil-des-pages-avec-pas-de-panique-petit-crabe\/","title":{"rendered":"Au fil des pages avec Pas de panique, petit crabe"},"content":{"rendered":"<p style=\"text-align: justify;\"><em><a href=\"https:\/\/i0.wp.com\/www.jojoenherbe.com\/wp-content\/uploads\/2020\/07\/Pas-de-panique-petit-crabe-2-scaled.jpg\"><img data-recalc-dims=\"1\" loading=\"lazy\" decoding=\"async\" data-attachment-id=\"11639\" data-permalink=\"http:\/\/www.jojoenherbe.com\/index.php\/2020\/07\/26\/au-fil-des-pages-avec-pas-de-panique-petit-crabe\/pas-de-panique-petit-crabe-2\/\" data-orig-file=\"https:\/\/i0.wp.com\/www.jojoenherbe.com\/wp-content\/uploads\/2020\/07\/Pas-de-panique-petit-crabe-2-scaled.jpg?fit=2560%2C1544\" data-orig-size=\"2560,1544\" data-comments-opened=\"1\" data-image-meta=\"{&quot;aperture&quot;:&quot;1.8&quot;,&quot;credit&quot;:&quot;&quot;,&quot;camera&quot;:&quot;iPhone 7&quot;,&quot;caption&quot;:&quot;&quot;,&quot;created_timestamp&quot;:&quot;1595793141&quot;,&quot;copyright&quot;:&quot;&quot;,&quot;focal_length&quot;:&quot;3.99&quot;,&quot;iso&quot;:&quot;100&quot;,&quot;shutter_speed&quot;:&quot;0.076923076923077&quot;,&quot;title&quot;:&quot;&quot;,&quot;orientation&quot;:&quot;1&quot;}\" data-image-title=\"Pas de panique, petit crabe 2\" data-image-description=\"\" data-image-caption=\"\" data-large-file=\"https:\/\/i0.wp.com\/www.jojoenherbe.com\/wp-content\/uploads\/2020\/07\/Pas-de-panique-petit-crabe-2-scaled.jpg?fit=676%2C408\" class=\"alignleft size-thumbnail wp-image-11639\" src=\"https:\/\/i0.wp.com\/www.jojoenherbe.com\/wp-content\/uploads\/2020\/07\/Pas-de-panique-petit-crabe-2.jpg?resize=150%2C150\" alt=\"\" width=\"150\" height=\"150\" srcset=\"https:\/\/i0.wp.com\/www.jojoenherbe.com\/wp-content\/uploads\/2020\/07\/Pas-de-panique-petit-crabe-2-scaled.jpg?resize=150%2C150 150w, https:\/\/i0.wp.com\/www.jojoenherbe.com\/wp-content\/uploads\/2020\/07\/Pas-de-panique-petit-crabe-2-scaled.jpg?zoom=2&amp;resize=150%2C150 300w, https:\/\/i0.wp.com\/www.jojoenherbe.com\/wp-content\/uploads\/2020\/07\/Pas-de-panique-petit-crabe-2-scaled.jpg?zoom=3&amp;resize=150%2C150 450w\" sizes=\"auto, (max-width: 150px) 100vw, 150px\" \/><\/a> <a href=\"https:\/\/i0.wp.com\/www.jojoenherbe.com\/wp-content\/uploads\/2020\/07\/Pas-de-panique-petit-crabe-3-scaled.jpg\"><img data-recalc-dims=\"1\" loading=\"lazy\" decoding=\"async\" data-attachment-id=\"11640\" data-permalink=\"http:\/\/www.jojoenherbe.com\/index.php\/2020\/07\/26\/au-fil-des-pages-avec-pas-de-panique-petit-crabe\/pas-de-panique-petit-crabe-3\/\" data-orig-file=\"https:\/\/i0.wp.com\/www.jojoenherbe.com\/wp-content\/uploads\/2020\/07\/Pas-de-panique-petit-crabe-3-scaled.jpg?fit=2560%2C1422\" data-orig-size=\"2560,1422\" data-comments-opened=\"1\" data-image-meta=\"{&quot;aperture&quot;:&quot;1.8&quot;,&quot;credit&quot;:&quot;&quot;,&quot;camera&quot;:&quot;iPhone 7&quot;,&quot;caption&quot;:&quot;&quot;,&quot;created_timestamp&quot;:&quot;1595793200&quot;,&quot;copyright&quot;:&quot;&quot;,&quot;focal_length&quot;:&quot;3.99&quot;,&quot;iso&quot;:&quot;80&quot;,&quot;shutter_speed&quot;:&quot;0.125&quot;,&quot;title&quot;:&quot;&quot;,&quot;orientation&quot;:&quot;1&quot;}\" data-image-title=\"Pas de panique, petit crabe 3\" data-image-description=\"\" data-image-caption=\"\" data-large-file=\"https:\/\/i0.wp.com\/www.jojoenherbe.com\/wp-content\/uploads\/2020\/07\/Pas-de-panique-petit-crabe-3-scaled.jpg?fit=676%2C376\" class=\"alignleft size-thumbnail wp-image-11640\" src=\"https:\/\/i0.wp.com\/www.jojoenherbe.com\/wp-content\/uploads\/2020\/07\/Pas-de-panique-petit-crabe-3.jpg?resize=150%2C150\" alt=\"\" width=\"150\" height=\"150\" srcset=\"https:\/\/i0.wp.com\/www.jojoenherbe.com\/wp-content\/uploads\/2020\/07\/Pas-de-panique-petit-crabe-3-scaled.jpg?resize=150%2C150 150w, https:\/\/i0.wp.com\/www.jojoenherbe.com\/wp-content\/uploads\/2020\/07\/Pas-de-panique-petit-crabe-3-scaled.jpg?zoom=2&amp;resize=150%2C150 300w, https:\/\/i0.wp.com\/www.jojoenherbe.com\/wp-content\/uploads\/2020\/07\/Pas-de-panique-petit-crabe-3-scaled.jpg?zoom=3&amp;resize=150%2C150 450w\" sizes=\"auto, (max-width: 150px) 100vw, 150px\" \/><\/a>Nous empruntons \u00e0 la m\u00e9diath\u00e8que <span style=\"text-decoration: underline;\">Pas de panique, petit crabe<\/span> de Chris Haughton (\u00e9d. Thierry Magnier, 2019), un album jeunesse \u00e0 partir de 3 ans et qui fera partie de la s\u00e9lection Maternelle du 33e Prix des Incos en 2022. Il s&rsquo;agit du dernier album publi\u00e9 \u00e0 ce jour par cet auteur que nous n&rsquo;avions pas encore lu. <\/em><em>Petit crabe quitte pour la premi\u00e8re fois sa mare pour rejoindre l&rsquo;oc\u00e9an, sous le regard bienveillant et l&rsquo;aide pr\u00e9cieuse de Tr\u00e8s Grand Crabe. Quelle aventure pour lui et que de d\u00e9couvertes! <\/em><\/p>\n<p style=\"text-align: justify;\"><em>L&rsquo;histoire repose une nouvelle fois sur le comique de r\u00e9p\u00e9tition mais s&rsquo;attache davantage sur les \u00e9motions ressenties par Petit crabe tour \u00e0 tour curieux, inquiet face aux vagues mais aussi fier de lui ou bien encore \u00e9bahi devant les fonds marins. En effet, Chris Haughton aborde la peur de l&rsquo;inconnu, la confiance en soi et le courage face \u00e0 de nouvelles exp\u00e9riences. Et c&rsquo;est encore un coup de c\u0153ur pour cet album jeunesse aux illustrations toujours aussi r\u00e9ussies et reconnaissables!<br \/>\n<\/em><\/p>\n","protected":false},"excerpt":{"rendered":"<p>Nous empruntons \u00e0 la m\u00e9diath\u00e8que Pas de panique, petit crabe de Chris Haughton (\u00e9d. Thierry Magnier, 2019), un album jeunesse \u00e0 partir de 3 ans et qui fera partie de la s\u00e9lection Maternelle du 33e Prix des Incos en 2022. Il s&rsquo;agit du dernier album publi\u00e9 \u00e0 ce jour par cet auteur que nous n&rsquo;avions [&hellip;]<\/p>\n","protected":false},"author":1,"featured_media":11641,"comment_status":"open","ping_status":"open","sticky":false,"template":"","format":"standard","meta":{"jetpack_post_was_ever_published":false,"_jetpack_newsletter_access":"","_jetpack_dont_email_post_to_subs":false,"_jetpack_newsletter_tier_id":0,"_jetpack_memberships_contains_paywalled_content":false,"_jetpack_memberships_contains_paid_content":false,"footnotes":""},"categories":[363],"tags":[785,409,1003,970,901,1634,412,1538,576,367,1020,1635,660,555,615,1673,2392,1409,657],"class_list":["post-11638","post","type-post","status-publish","format-standard","has-post-thumbnail","hentry","category-mini-lecteur","tag-3-6-ans","tag-albums-jeunesse","tag-chris-haughton","tag-confiance-en-soi","tag-courage","tag-crabe","tag-curiosite","tag-decouverte-du-monde","tag-emotions","tag-lecture-jeunesse","tag-lectures-dete","tag-mare","tag-ocean","tag-peur","tag-peur-de-linconnu","tag-prix-des-incos","tag-prix-des-incos-2022","tag-relation-parent-enfant","tag-vague","post-preview"],"jetpack_featured_media_url":"https:\/\/i0.wp.com\/www.jojoenherbe.com\/wp-content\/uploads\/2020\/07\/Pas-de-panique-petit-crabe-scaled.jpg?fit=2560%2C1815","jetpack_sharing_enabled":true,"jetpack_shortlink":"https:\/\/wp.me\/p9zhGx-31I","jetpack_likes_enabled":true,"jetpack-related-posts":[{"id":25607,"url":"http:\/\/www.jojoenherbe.com\/index.php\/2022\/05\/25\/nos-lectures-de-la-selection-maternelle-du-prix-des-incos-2022\/","url_meta":{"origin":11638,"position":0},"title":"Nos lectures de la s\u00e9lection Maternelle du Prix des Incos 2022","author":"Jojo","date":"25 mai 2022","format":false,"excerpt":"Lorsque la s\u00e9lection Maternelle du 33\u00e8me Prix des Incos 2021\/2022 est parue, nous avons d\u00e9couvert avec plaisir que nous connaissions d\u00e9j\u00e0 4 albums jeunesse sur les 6 s\u00e9lectionn\u00e9s. La grande glissade de l\u2019ours de Richard T. Morris et LeUyen Pham (\u00e9d. Albin Michel Jeunesse, 2020), un album jeunesse \u00e0 partir\u2026","rel":"","context":"Dans &quot;Mini lecteur&quot;","block_context":{"text":"Mini lecteur","link":"http:\/\/www.jojoenherbe.com\/index.php\/category\/mini-lecteur\/"},"img":{"alt_text":"","src":"https:\/\/i0.wp.com\/www.jojoenherbe.com\/wp-content\/uploads\/2022\/05\/Selection-Maternelle-Prix-des-Incos-2022-scaled.jpg?fit=1200%2C951&resize=350%2C200","width":350,"height":200,"srcset":"https:\/\/i0.wp.com\/www.jojoenherbe.com\/wp-content\/uploads\/2022\/05\/Selection-Maternelle-Prix-des-Incos-2022-scaled.jpg?fit=1200%2C951&resize=350%2C200 1x, https:\/\/i0.wp.com\/www.jojoenherbe.com\/wp-content\/uploads\/2022\/05\/Selection-Maternelle-Prix-des-Incos-2022-scaled.jpg?fit=1200%2C951&resize=525%2C300 1.5x, https:\/\/i0.wp.com\/www.jojoenherbe.com\/wp-content\/uploads\/2022\/05\/Selection-Maternelle-Prix-des-Incos-2022-scaled.jpg?fit=1200%2C951&resize=700%2C400 2x, https:\/\/i0.wp.com\/www.jojoenherbe.com\/wp-content\/uploads\/2022\/05\/Selection-Maternelle-Prix-des-Incos-2022-scaled.jpg?fit=1200%2C951&resize=1050%2C600 3x"},"classes":[]},{"id":17295,"url":"http:\/\/www.jojoenherbe.com\/index.php\/2021\/04\/19\/nos-lectures-de-la-selection-maternelle-du-prix-des-incos-2021\/","url_meta":{"origin":11638,"position":1},"title":"Nos lectures de la s\u00e9lection Maternelle du Prix des Incos 2021","author":"Jojo","date":"19 avril 2021","format":false,"excerpt":"Cette ann\u00e9e et comme d\u00e9j\u00e0 l'ann\u00e9e derni\u00e8re, nous avons pu lire la s\u00e9lection Maternelle du 32\u00e8me Prix des Incos 2020\/2021: Le bon c\u00f4t\u00e9 du mur de Jon Agee (\u00e9d. Gallimard Jeunesse, 2019), un album jeunesse \u00e0 partir de 3 ans. Au milieu du livre, il y a un mur. Un\u2026","rel":"","context":"Dans &quot;Mini lecteur&quot;","block_context":{"text":"Mini lecteur","link":"http:\/\/www.jojoenherbe.com\/index.php\/category\/mini-lecteur\/"},"img":{"alt_text":"","src":"https:\/\/i0.wp.com\/www.jojoenherbe.com\/wp-content\/uploads\/2021\/04\/Selection-Maternelle-Prix-des-Incos-2021-scaled.jpg?fit=1200%2C900&resize=350%2C200","width":350,"height":200,"srcset":"https:\/\/i0.wp.com\/www.jojoenherbe.com\/wp-content\/uploads\/2021\/04\/Selection-Maternelle-Prix-des-Incos-2021-scaled.jpg?fit=1200%2C900&resize=350%2C200 1x, https:\/\/i0.wp.com\/www.jojoenherbe.com\/wp-content\/uploads\/2021\/04\/Selection-Maternelle-Prix-des-Incos-2021-scaled.jpg?fit=1200%2C900&resize=525%2C300 1.5x, https:\/\/i0.wp.com\/www.jojoenherbe.com\/wp-content\/uploads\/2021\/04\/Selection-Maternelle-Prix-des-Incos-2021-scaled.jpg?fit=1200%2C900&resize=700%2C400 2x, https:\/\/i0.wp.com\/www.jojoenherbe.com\/wp-content\/uploads\/2021\/04\/Selection-Maternelle-Prix-des-Incos-2021-scaled.jpg?fit=1200%2C900&resize=1050%2C600 3x"},"classes":[]},{"id":17941,"url":"http:\/\/www.jojoenherbe.com\/index.php\/2021\/05\/12\/au-fil-des-pages-avec-le-bon-cote-du-mur\/","url_meta":{"origin":11638,"position":2},"title":"Au fil des pages avec Le bon c\u00f4t\u00e9 du mur","author":"Jojo","date":"12 mai 2021","format":false,"excerpt":"Nous lisons Le bon c\u00f4t\u00e9 du mur de Jon Agee (\u00e9d. Gallimard Jeunesse, 2019), un album jeunesse \u00e0 partir de 3 ans et qui est laur\u00e9at de la s\u00e9lection Maternelle du 32\u00e8me Prix des Incos 2021. Au milieu du livre, il y a un mur. Un petit chevalier est content\u2026","rel":"","context":"Dans &quot;Mini lecteur&quot;","block_context":{"text":"Mini lecteur","link":"http:\/\/www.jojoenherbe.com\/index.php\/category\/mini-lecteur\/"},"img":{"alt_text":"","src":"https:\/\/i0.wp.com\/www.jojoenherbe.com\/wp-content\/uploads\/2021\/05\/Le-bon-cote-du-mur-2-scaled.jpg?fit=1200%2C789&resize=350%2C200","width":350,"height":200,"srcset":"https:\/\/i0.wp.com\/www.jojoenherbe.com\/wp-content\/uploads\/2021\/05\/Le-bon-cote-du-mur-2-scaled.jpg?fit=1200%2C789&resize=350%2C200 1x, https:\/\/i0.wp.com\/www.jojoenherbe.com\/wp-content\/uploads\/2021\/05\/Le-bon-cote-du-mur-2-scaled.jpg?fit=1200%2C789&resize=525%2C300 1.5x, https:\/\/i0.wp.com\/www.jojoenherbe.com\/wp-content\/uploads\/2021\/05\/Le-bon-cote-du-mur-2-scaled.jpg?fit=1200%2C789&resize=700%2C400 2x, https:\/\/i0.wp.com\/www.jojoenherbe.com\/wp-content\/uploads\/2021\/05\/Le-bon-cote-du-mur-2-scaled.jpg?fit=1200%2C789&resize=1050%2C600 3x"},"classes":[]},{"id":13595,"url":"http:\/\/www.jojoenherbe.com\/index.php\/2020\/11\/04\/au-fil-des-pages-avec-gare-au-monstre\/","url_meta":{"origin":11638,"position":3},"title":"Au fil des pages avec Gare au monstre!","author":"Jojo","date":"4 novembre 2020","format":false,"excerpt":"Nous lisons, parmi nos emprunts \u00e0 la m\u00e9diath\u00e8que, Gare au monstre! de Sunghee Shin (\u00e9d. Circonflexe, 2017), un album jeunesse \u00e0 partir de 3 ans et qui a fait partie de la s\u00e9lection Maternelle du 30\u00e8me Prix des Incos en 2019. Avec ce titre et l'illustration de la couverture avec\u2026","rel":"","context":"Dans &quot;Mini lecteur&quot;","block_context":{"text":"Mini lecteur","link":"http:\/\/www.jojoenherbe.com\/index.php\/category\/mini-lecteur\/"},"img":{"alt_text":"","src":"https:\/\/i0.wp.com\/www.jojoenherbe.com\/wp-content\/uploads\/2020\/11\/Gare-au-monstre-scaled.jpg?fit=1200%2C900&resize=350%2C200","width":350,"height":200,"srcset":"https:\/\/i0.wp.com\/www.jojoenherbe.com\/wp-content\/uploads\/2020\/11\/Gare-au-monstre-scaled.jpg?fit=1200%2C900&resize=350%2C200 1x, https:\/\/i0.wp.com\/www.jojoenherbe.com\/wp-content\/uploads\/2020\/11\/Gare-au-monstre-scaled.jpg?fit=1200%2C900&resize=525%2C300 1.5x, https:\/\/i0.wp.com\/www.jojoenherbe.com\/wp-content\/uploads\/2020\/11\/Gare-au-monstre-scaled.jpg?fit=1200%2C900&resize=700%2C400 2x, https:\/\/i0.wp.com\/www.jojoenherbe.com\/wp-content\/uploads\/2020\/11\/Gare-au-monstre-scaled.jpg?fit=1200%2C900&resize=1050%2C600 3x"},"classes":[]},{"id":11997,"url":"http:\/\/www.jojoenherbe.com\/index.php\/2020\/08\/29\/au-fil-des-pages-avec-splat-le-chat\/","url_meta":{"origin":11638,"position":4},"title":"Au fil des pages avec Splat le chat","author":"Jojo","date":"29 ao\u00fbt 2020","format":false,"excerpt":"Nous empruntons \u00e0 la m\u00e9diath\u00e8que Splat le chat de Rob Scotton (\u00e9d. Nathan, 2011), un album jeunesse \u00e0 partir de 4 ans et qui a fait partie de la s\u00e9lection Maternelle du 22\u00e8me Prix des Incos en 2011. Splat va vivre sa premi\u00e8re journ\u00e9e \u00e0 l'\u00e9cole des chats. Heureusement, il\u2026","rel":"","context":"Dans &quot;Mini lecteur&quot;","block_context":{"text":"Mini lecteur","link":"http:\/\/www.jojoenherbe.com\/index.php\/category\/mini-lecteur\/"},"img":{"alt_text":"","src":"https:\/\/i0.wp.com\/www.jojoenherbe.com\/wp-content\/uploads\/2020\/08\/Splat-le-chat-scaled.jpg?fit=1200%2C900&resize=350%2C200","width":350,"height":200,"srcset":"https:\/\/i0.wp.com\/www.jojoenherbe.com\/wp-content\/uploads\/2020\/08\/Splat-le-chat-scaled.jpg?fit=1200%2C900&resize=350%2C200 1x, https:\/\/i0.wp.com\/www.jojoenherbe.com\/wp-content\/uploads\/2020\/08\/Splat-le-chat-scaled.jpg?fit=1200%2C900&resize=525%2C300 1.5x, https:\/\/i0.wp.com\/www.jojoenherbe.com\/wp-content\/uploads\/2020\/08\/Splat-le-chat-scaled.jpg?fit=1200%2C900&resize=700%2C400 2x, https:\/\/i0.wp.com\/www.jojoenherbe.com\/wp-content\/uploads\/2020\/08\/Splat-le-chat-scaled.jpg?fit=1200%2C900&resize=1050%2C600 3x"},"classes":[]},{"id":6689,"url":"http:\/\/www.jojoenherbe.com\/index.php\/2019\/07\/09\/au-fil-des-pages-avec-le-loup-qui-criait-au-garcon\/","url_meta":{"origin":11638,"position":5},"title":"Au fil des pages avec Le loup qui criait au gar\u00e7on!","author":"Jojo","date":"9 juillet 2019","format":false,"excerpt":"Nous empruntons \u00e0 la biblioth\u00e8que un album jeunesse reprenant de fa\u00e7on d\u00e9cal\u00e9e l'expression \"\u00e0 force de crier au loup\". Il s'agit de l'album Le loup qui criait au gar\u00e7on! de James O'Neill et Russel Ayto (\u00e9d. Circonflexe, 2017),un album jeunesse \u00e0 partir de 4 ans et qui a fait partie\u2026","rel":"","context":"Dans &quot;Mini lecteur&quot;","block_context":{"text":"Mini lecteur","link":"http:\/\/www.jojoenherbe.com\/index.php\/category\/mini-lecteur\/"},"img":{"alt_text":"","src":"https:\/\/i0.wp.com\/www.jojoenherbe.com\/wp-content\/uploads\/2019\/07\/Le-loup-qui-criait-au-garcon-4-scaled.jpg?fit=1200%2C900&resize=350%2C200","width":350,"height":200,"srcset":"https:\/\/i0.wp.com\/www.jojoenherbe.com\/wp-content\/uploads\/2019\/07\/Le-loup-qui-criait-au-garcon-4-scaled.jpg?fit=1200%2C900&resize=350%2C200 1x, https:\/\/i0.wp.com\/www.jojoenherbe.com\/wp-content\/uploads\/2019\/07\/Le-loup-qui-criait-au-garcon-4-scaled.jpg?fit=1200%2C900&resize=525%2C300 1.5x, https:\/\/i0.wp.com\/www.jojoenherbe.com\/wp-content\/uploads\/2019\/07\/Le-loup-qui-criait-au-garcon-4-scaled.jpg?fit=1200%2C900&resize=700%2C400 2x, https:\/\/i0.wp.com\/www.jojoenherbe.com\/wp-content\/uploads\/2019\/07\/Le-loup-qui-criait-au-garcon-4-scaled.jpg?fit=1200%2C900&resize=1050%2C600 3x"},"classes":[]}],"_links":{"self":[{"href":"http:\/\/www.jojoenherbe.com\/index.php\/wp-json\/wp\/v2\/posts\/11638","targetHints":{"allow":["GET"]}}],"collection":[{"href":"http:\/\/www.jojoenherbe.com\/index.php\/wp-json\/wp\/v2\/posts"}],"about":[{"href":"http:\/\/www.jojoenherbe.com\/index.php\/wp-json\/wp\/v2\/types\/post"}],"author":[{"embeddable":true,"href":"http:\/\/www.jojoenherbe.com\/index.php\/wp-json\/wp\/v2\/users\/1"}],"replies":[{"embeddable":true,"href":"http:\/\/www.jojoenherbe.com\/index.php\/wp-json\/wp\/v2\/comments?post=11638"}],"version-history":[{"count":0,"href":"http:\/\/www.jojoenherbe.com\/index.php\/wp-json\/wp\/v2\/posts\/11638\/revisions"}],"wp:featuredmedia":[{"embeddable":true,"href":"http:\/\/www.jojoenherbe.com\/index.php\/wp-json\/wp\/v2\/media\/11641"}],"wp:attachment":[{"href":"http:\/\/www.jojoenherbe.com\/index.php\/wp-json\/wp\/v2\/media?parent=11638"}],"wp:term":[{"taxonomy":"category","embeddable":true,"href":"http:\/\/www.jojoenherbe.com\/index.php\/wp-json\/wp\/v2\/categories?post=11638"},{"taxonomy":"post_tag","embeddable":true,"href":"http:\/\/www.jojoenherbe.com\/index.php\/wp-json\/wp\/v2\/tags?post=11638"}],"curies":[{"name":"wp","href":"https:\/\/api.w.org\/{rel}","templated":true}]}}