{"id":11484,"date":"2020-07-08T21:11:05","date_gmt":"2020-07-08T19:11:05","guid":{"rendered":"http:\/\/www.jojoenherbe.com\/?p=11484"},"modified":"2023-03-02T13:06:18","modified_gmt":"2023-03-02T12:06:18","slug":"au-fil-des-pages-avec-viens-rejoins-nous","status":"publish","type":"post","link":"http:\/\/www.jojoenherbe.com\/index.php\/2020\/07\/08\/au-fil-des-pages-avec-viens-rejoins-nous\/","title":{"rendered":"Au fil des pages avec Viens, rejoins-nous!"},"content":{"rendered":"<p style=\"text-align: justify;\"><em><a href=\"https:\/\/i0.wp.com\/www.jojoenherbe.com\/wp-content\/uploads\/2020\/07\/Viens-rejoins-nous-2-scaled.jpg\"><img data-recalc-dims=\"1\" loading=\"lazy\" decoding=\"async\" data-attachment-id=\"11485\" data-permalink=\"http:\/\/www.jojoenherbe.com\/index.php\/2020\/07\/08\/au-fil-des-pages-avec-viens-rejoins-nous\/viens-rejoins-nous-2\/\" data-orig-file=\"https:\/\/i0.wp.com\/www.jojoenherbe.com\/wp-content\/uploads\/2020\/07\/Viens-rejoins-nous-2-scaled.jpg?fit=2560%2C1920\" data-orig-size=\"2560,1920\" data-comments-opened=\"1\" data-image-meta=\"{&quot;aperture&quot;:&quot;1.8&quot;,&quot;credit&quot;:&quot;&quot;,&quot;camera&quot;:&quot;iPhone 7&quot;,&quot;caption&quot;:&quot;&quot;,&quot;created_timestamp&quot;:&quot;1594214535&quot;,&quot;copyright&quot;:&quot;&quot;,&quot;focal_length&quot;:&quot;3.99&quot;,&quot;iso&quot;:&quot;64&quot;,&quot;shutter_speed&quot;:&quot;0.058823529411765&quot;,&quot;title&quot;:&quot;&quot;,&quot;orientation&quot;:&quot;1&quot;}\" data-image-title=\"Viens, rejoins-nous 2\" data-image-description=\"\" data-image-caption=\"\" data-large-file=\"https:\/\/i0.wp.com\/www.jojoenherbe.com\/wp-content\/uploads\/2020\/07\/Viens-rejoins-nous-2-scaled.jpg?fit=676%2C507\" class=\"alignleft size-thumbnail wp-image-11485\" src=\"https:\/\/i0.wp.com\/www.jojoenherbe.com\/wp-content\/uploads\/2020\/07\/Viens-rejoins-nous-2.jpg?resize=150%2C150\" alt=\"\" width=\"150\" height=\"150\" srcset=\"https:\/\/i0.wp.com\/www.jojoenherbe.com\/wp-content\/uploads\/2020\/07\/Viens-rejoins-nous-2-scaled.jpg?resize=150%2C150 150w, https:\/\/i0.wp.com\/www.jojoenherbe.com\/wp-content\/uploads\/2020\/07\/Viens-rejoins-nous-2-scaled.jpg?zoom=2&amp;resize=150%2C150 300w, https:\/\/i0.wp.com\/www.jojoenherbe.com\/wp-content\/uploads\/2020\/07\/Viens-rejoins-nous-2-scaled.jpg?zoom=3&amp;resize=150%2C150 450w\" sizes=\"auto, (max-width: 150px) 100vw, 150px\" \/><\/a> <a href=\"https:\/\/i0.wp.com\/www.jojoenherbe.com\/wp-content\/uploads\/2020\/07\/Viens-rejoins-nous-5-scaled.jpg\"><img data-recalc-dims=\"1\" loading=\"lazy\" decoding=\"async\" data-attachment-id=\"11488\" data-permalink=\"http:\/\/www.jojoenherbe.com\/index.php\/2020\/07\/08\/au-fil-des-pages-avec-viens-rejoins-nous\/viens-rejoins-nous-5\/\" data-orig-file=\"https:\/\/i0.wp.com\/www.jojoenherbe.com\/wp-content\/uploads\/2020\/07\/Viens-rejoins-nous-5-scaled.jpg?fit=2560%2C1920\" data-orig-size=\"2560,1920\" data-comments-opened=\"1\" data-image-meta=\"{&quot;aperture&quot;:&quot;1.8&quot;,&quot;credit&quot;:&quot;&quot;,&quot;camera&quot;:&quot;iPhone 7&quot;,&quot;caption&quot;:&quot;&quot;,&quot;created_timestamp&quot;:&quot;1594214552&quot;,&quot;copyright&quot;:&quot;&quot;,&quot;focal_length&quot;:&quot;3.99&quot;,&quot;iso&quot;:&quot;64&quot;,&quot;shutter_speed&quot;:&quot;0.058823529411765&quot;,&quot;title&quot;:&quot;&quot;,&quot;orientation&quot;:&quot;1&quot;}\" data-image-title=\"Viens, rejoins-nous 5\" data-image-description=\"\" data-image-caption=\"\" data-large-file=\"https:\/\/i0.wp.com\/www.jojoenherbe.com\/wp-content\/uploads\/2020\/07\/Viens-rejoins-nous-5-scaled.jpg?fit=676%2C507\" class=\"alignleft size-thumbnail wp-image-11488\" src=\"https:\/\/i0.wp.com\/www.jojoenherbe.com\/wp-content\/uploads\/2020\/07\/Viens-rejoins-nous-5.jpg?resize=150%2C150\" alt=\"\" width=\"150\" height=\"150\" srcset=\"https:\/\/i0.wp.com\/www.jojoenherbe.com\/wp-content\/uploads\/2020\/07\/Viens-rejoins-nous-5-scaled.jpg?resize=150%2C150 150w, https:\/\/i0.wp.com\/www.jojoenherbe.com\/wp-content\/uploads\/2020\/07\/Viens-rejoins-nous-5-scaled.jpg?zoom=2&amp;resize=150%2C150 300w, https:\/\/i0.wp.com\/www.jojoenherbe.com\/wp-content\/uploads\/2020\/07\/Viens-rejoins-nous-5-scaled.jpg?zoom=3&amp;resize=150%2C150 450w\" sizes=\"auto, (max-width: 150px) 100vw, 150px\" \/><\/a>Nous empruntons \u00e0 la m\u00e9diath\u00e8que <span style=\"text-decoration: underline;\">Viens, rejoins-nous!<\/span> de Chiaki Okada et Kimiko Aman (\u00e9d. Seuil Jeunesse, 2018), un album jeunesse \u00e0 partir de 3 ans. Un jour de printemps, Petit Ours d\u00e9couvre une corde \u00e0 sauter. Il tente de l&rsquo;utiliser, sous les encouragements discrets de Marie cach\u00e9e derri\u00e8re un arbre. La petite fille avait oubli\u00e9 la veille sa corde \u00e0 sauter. Trois lapins ne sont pas loin non plus. Et si tous finissaient par jouer ensemble? <\/em><\/p>\n<p style=\"text-align: justify;\"><em>Cette histoire d&rsquo;amiti\u00e9 et de plaisir de jouer ensemble est toute mignonne, bienveillante et pleine de douceur. Les illustrations pastel de Chiaki Okada sont magnifiques, dans les couleurs printani\u00e8res avec les cerisiers en fleurs. Nous retrouvons la m\u00eame tendresse, candeur et joie de vivre que dans un autre album de cette illustratrice, <a href=\"http:\/\/www.jojoenherbe.com\/index.php\/2019\/03\/10\/au-fil-des-pages-avec-cest-toi-le-printemps\/\"><span style=\"text-decoration: underline;\">C&rsquo;est toi le printemps?<\/span><\/a>. Que nous aimerions nous joindre \u00e0 eux! <\/em><em>Coup de c\u0153ur pour cet album jeunesse!<\/em><\/p>\n","protected":false},"excerpt":{"rendered":"<p>Nous empruntons \u00e0 la m\u00e9diath\u00e8que Viens, rejoins-nous! de Chiaki Okada et Kimiko Aman (\u00e9d. Seuil Jeunesse, 2018), un album jeunesse \u00e0 partir de 3 ans. Un jour de printemps, Petit Ours d\u00e9couvre une corde \u00e0 sauter. Il tente de l&rsquo;utiliser, sous les encouragements discrets de Marie cach\u00e9e derri\u00e8re un arbre. La petite fille avait oubli\u00e9 [&hellip;]<\/p>\n","protected":false},"author":1,"featured_media":11487,"comment_status":"open","ping_status":"open","sticky":false,"template":"","format":"standard","meta":{"jetpack_post_was_ever_published":false,"_jetpack_newsletter_access":"","_jetpack_dont_email_post_to_subs":false,"_jetpack_newsletter_tier_id":0,"_jetpack_memberships_contains_paywalled_content":false,"_jetpack_memberships_contains_paid_content":false,"footnotes":""},"categories":[363],"tags":[785,409,386,1596,1597,1523,868,1277,452,1521,222,367,1022,366,554,956,207,448],"class_list":["post-11484","post","type-post","status-publish","format-standard","has-post-thumbnail","hentry","category-mini-lecteur","tag-3-6-ans","tag-albums-jeunesse","tag-amitie","tag-chiaki-okada","tag-clairiere","tag-corde-a-sauter","tag-enfance","tag-foret","tag-jeux-denfants","tag-kimiko-aman","tag-lapin","tag-lecture-jeunesse","tag-lectures-de-printemps","tag-ours","tag-ourson","tag-petite-fille","tag-printemps","tag-vivre-ensemble","post-preview"],"jetpack_featured_media_url":"https:\/\/i0.wp.com\/www.jojoenherbe.com\/wp-content\/uploads\/2020\/07\/Viens-rejoins-nous-scaled.jpg?fit=2560%2C1920","jetpack_sharing_enabled":true,"jetpack_shortlink":"https:\/\/wp.me\/p9zhGx-2Ze","jetpack_likes_enabled":true,"jetpack-related-posts":[{"id":10989,"url":"http:\/\/www.jojoenherbe.com\/index.php\/2020\/05\/18\/au-fil-des-pages-avec-la-fee-des-renards\/","url_meta":{"origin":11484,"position":0},"title":"Au fil des pages avec La f\u00e9e des renards","author":"Jojo","date":"18 mai 2020","format":false,"excerpt":"Nous avions emprunt\u00e9 \u00e0 la m\u00e9diath\u00e8que, d\u00e9but janvier 2020, La f\u00e9e des renards de Komako Saka\u00ef et Kimiko Aman (\u00e9d. L'\u00e9cole des loisirs, 2005), un album jeunesse \u00e0 partir de 3 ans. Lio a oubli\u00e9 sa corde \u00e0 sauter dans le parc. Elle y retourne avec son petit fr\u00e8re, Ken.\u2026","rel":"","context":"Dans &quot;Mini lecteur&quot;","block_context":{"text":"Mini lecteur","link":"http:\/\/www.jojoenherbe.com\/index.php\/category\/mini-lecteur\/"},"img":{"alt_text":"","src":"https:\/\/i0.wp.com\/www.jojoenherbe.com\/wp-content\/uploads\/2020\/05\/La-f%C3%A9e-des-renards-scaled.jpg?fit=1200%2C981&resize=350%2C200","width":350,"height":200,"srcset":"https:\/\/i0.wp.com\/www.jojoenherbe.com\/wp-content\/uploads\/2020\/05\/La-f%C3%A9e-des-renards-scaled.jpg?fit=1200%2C981&resize=350%2C200 1x, https:\/\/i0.wp.com\/www.jojoenherbe.com\/wp-content\/uploads\/2020\/05\/La-f%C3%A9e-des-renards-scaled.jpg?fit=1200%2C981&resize=525%2C300 1.5x, https:\/\/i0.wp.com\/www.jojoenherbe.com\/wp-content\/uploads\/2020\/05\/La-f%C3%A9e-des-renards-scaled.jpg?fit=1200%2C981&resize=700%2C400 2x, https:\/\/i0.wp.com\/www.jojoenherbe.com\/wp-content\/uploads\/2020\/05\/La-f%C3%A9e-des-renards-scaled.jpg?fit=1200%2C981&resize=1050%2C600 3x"},"classes":[]},{"id":6725,"url":"http:\/\/www.jojoenherbe.com\/index.php\/2019\/03\/10\/au-fil-des-pages-avec-cest-toi-le-printemps\/","url_meta":{"origin":11484,"position":1},"title":"Au fil des pages avec C&rsquo;est toi le printemps?","author":"Jojo","date":"10 mars 2019","format":false,"excerpt":"Nous empruntons \u00e0 la m\u00e9diath\u00e8que C'est toi le printemps? de Chiaki et Ko Okada (\u00e9d. Seuil Jeunesse, 2014), un album jeunesse \u00e0 partir de 3 ans. Nous suivons Petit Lapin, un lapereau qui d\u00e9couvre son premier printemps \u00e0 la sortie de l'hiver. Aussi impatient que curieux, il se d\u00e9sesp\u00e8re de\u2026","rel":"","context":"Dans &quot;Mini lecteur&quot;","block_context":{"text":"Mini lecteur","link":"http:\/\/www.jojoenherbe.com\/index.php\/category\/mini-lecteur\/"},"img":{"alt_text":"","src":"https:\/\/i0.wp.com\/www.jojoenherbe.com\/wp-content\/uploads\/2019\/03\/Cest-toi-le-printemps-scaled.jpg?fit=1200%2C900&resize=350%2C200","width":350,"height":200,"srcset":"https:\/\/i0.wp.com\/www.jojoenherbe.com\/wp-content\/uploads\/2019\/03\/Cest-toi-le-printemps-scaled.jpg?fit=1200%2C900&resize=350%2C200 1x, https:\/\/i0.wp.com\/www.jojoenherbe.com\/wp-content\/uploads\/2019\/03\/Cest-toi-le-printemps-scaled.jpg?fit=1200%2C900&resize=525%2C300 1.5x, https:\/\/i0.wp.com\/www.jojoenherbe.com\/wp-content\/uploads\/2019\/03\/Cest-toi-le-printemps-scaled.jpg?fit=1200%2C900&resize=700%2C400 2x, https:\/\/i0.wp.com\/www.jojoenherbe.com\/wp-content\/uploads\/2019\/03\/Cest-toi-le-printemps-scaled.jpg?fit=1200%2C900&resize=1050%2C600 3x"},"classes":[]},{"id":16691,"url":"http:\/\/www.jojoenherbe.com\/index.php\/2021\/03\/22\/nos-lectures-printanieres-2021\/","url_meta":{"origin":11484,"position":2},"title":"Nos lectures printani\u00e8res 2021","author":"Jojo","date":"22 mars 2021","format":false,"excerpt":"Avec l'arriv\u00e9e du printemps ce 20 mars 2021, nous changeons \u00e9galement nos lectures pour nous plonger dans un th\u00e8me printanier, l\u00e9ger et color\u00e9. Ce billet sera ainsi actualis\u00e9 tout au long de ce printemps au gr\u00e9 de nos lectures sur ce th\u00e8me. Des albums jeunesse: l'arriv\u00e9e du printemps avec les\u2026","rel":"","context":"Dans &quot;Mini lecteur&quot;","block_context":{"text":"Mini lecteur","link":"http:\/\/www.jojoenherbe.com\/index.php\/category\/mini-lecteur\/"},"img":{"alt_text":"","src":"https:\/\/i0.wp.com\/www.jojoenherbe.com\/wp-content\/uploads\/2021\/03\/Nos-lectures-Printemps-scaled.jpg?fit=1200%2C900&resize=350%2C200","width":350,"height":200,"srcset":"https:\/\/i0.wp.com\/www.jojoenherbe.com\/wp-content\/uploads\/2021\/03\/Nos-lectures-Printemps-scaled.jpg?fit=1200%2C900&resize=350%2C200 1x, https:\/\/i0.wp.com\/www.jojoenherbe.com\/wp-content\/uploads\/2021\/03\/Nos-lectures-Printemps-scaled.jpg?fit=1200%2C900&resize=525%2C300 1.5x, https:\/\/i0.wp.com\/www.jojoenherbe.com\/wp-content\/uploads\/2021\/03\/Nos-lectures-Printemps-scaled.jpg?fit=1200%2C900&resize=700%2C400 2x, https:\/\/i0.wp.com\/www.jojoenherbe.com\/wp-content\/uploads\/2021\/03\/Nos-lectures-Printemps-scaled.jpg?fit=1200%2C900&resize=1050%2C600 3x"},"classes":[]},{"id":14995,"url":"http:\/\/www.jojoenherbe.com\/index.php\/2021\/01\/12\/au-fil-des-pages-avec-encore-petite\/","url_meta":{"origin":11484,"position":3},"title":"Au fil des pages avec Encore petite","author":"Jojo","date":"12 janvier 2021","format":false,"excerpt":"Nous avons emprunt\u00e9 \u00e0 la m\u00e9diath\u00e8que Encore petite de Mari Kasai et Chiaki Okada (\u00e9d. Nobi Nobi, 2019), un album jeunesse \u00e0 partir de 3 ans. Nous suivons le quotidien d'une petite fille qui se sent encore trop petite pour par exemple sortir seule le chien ou dormir sans lumi\u00e8re.\u2026","rel":"","context":"Dans &quot;Mini lecteur&quot;","block_context":{"text":"Mini lecteur","link":"http:\/\/www.jojoenherbe.com\/index.php\/category\/mini-lecteur\/"},"img":{"alt_text":"","src":"https:\/\/i0.wp.com\/www.jojoenherbe.com\/wp-content\/uploads\/2021\/01\/Encore-un-peu-petite-scaled.jpg?fit=1200%2C969&resize=350%2C200","width":350,"height":200,"srcset":"https:\/\/i0.wp.com\/www.jojoenherbe.com\/wp-content\/uploads\/2021\/01\/Encore-un-peu-petite-scaled.jpg?fit=1200%2C969&resize=350%2C200 1x, https:\/\/i0.wp.com\/www.jojoenherbe.com\/wp-content\/uploads\/2021\/01\/Encore-un-peu-petite-scaled.jpg?fit=1200%2C969&resize=525%2C300 1.5x, https:\/\/i0.wp.com\/www.jojoenherbe.com\/wp-content\/uploads\/2021\/01\/Encore-un-peu-petite-scaled.jpg?fit=1200%2C969&resize=700%2C400 2x, https:\/\/i0.wp.com\/www.jojoenherbe.com\/wp-content\/uploads\/2021\/01\/Encore-un-peu-petite-scaled.jpg?fit=1200%2C969&resize=1050%2C600 3x"},"classes":[]},{"id":21683,"url":"http:\/\/www.jojoenherbe.com\/index.php\/2021\/10\/20\/au-fil-des-pages-avec-la-petite-sorciere-et-la-foret-noire\/","url_meta":{"origin":11484,"position":4},"title":"Au fil des pages avec La petite sorci\u00e8re et la for\u00eat noire","author":"Jojo","date":"20 octobre 2021","format":false,"excerpt":"Lors du Halloween cosy RAT, nous avons lu La petite sorci\u00e8re et la for\u00eat noire de Chiaki Okada et Mutsumi Ishii (\u00e9d. Seuil Jeunesse, 2021), un album jeunesse \u00e0 partir de 3 ans et que j'avais rep\u00e9r\u00e9 bien avant sa parution, appr\u00e9ciant particuli\u00e8rement le travail de cette illustratrice. Par une\u2026","rel":"","context":"Dans &quot;Mini lecteur&quot;","block_context":{"text":"Mini lecteur","link":"http:\/\/www.jojoenherbe.com\/index.php\/category\/mini-lecteur\/"},"img":{"alt_text":"","src":"https:\/\/i0.wp.com\/www.jojoenherbe.com\/wp-content\/uploads\/2021\/10\/La-petite-sorciere-et-la-foret-noire-3-scaled.jpg?fit=1200%2C900&resize=350%2C200","width":350,"height":200,"srcset":"https:\/\/i0.wp.com\/www.jojoenherbe.com\/wp-content\/uploads\/2021\/10\/La-petite-sorciere-et-la-foret-noire-3-scaled.jpg?fit=1200%2C900&resize=350%2C200 1x, https:\/\/i0.wp.com\/www.jojoenherbe.com\/wp-content\/uploads\/2021\/10\/La-petite-sorciere-et-la-foret-noire-3-scaled.jpg?fit=1200%2C900&resize=525%2C300 1.5x, https:\/\/i0.wp.com\/www.jojoenherbe.com\/wp-content\/uploads\/2021\/10\/La-petite-sorciere-et-la-foret-noire-3-scaled.jpg?fit=1200%2C900&resize=700%2C400 2x, https:\/\/i0.wp.com\/www.jojoenherbe.com\/wp-content\/uploads\/2021\/10\/La-petite-sorciere-et-la-foret-noire-3-scaled.jpg?fit=1200%2C900&resize=1050%2C600 3x"},"classes":[]},{"id":10569,"url":"http:\/\/www.jojoenherbe.com\/index.php\/2020\/03\/25\/au-fil-des-pages-avec-premiers-printemps\/","url_meta":{"origin":11484,"position":5},"title":"Au fil des pages avec Premiers printemps","author":"Jojo","date":"25 mars 2020","format":false,"excerpt":"Nous avions emprunt\u00e9, il y a d\u00e9j\u00e0 plusieurs mois, Premiers printemps d'Anne Crausaz (\u00e9d. MeMo, 2010), un album jeunesse \u00e0 partir de 3 ans mais que je n'avais pas encore pris le temps de chroniquer. Nous suivons une petite fille sur une ann\u00e9e, d'un printemps \u00e0 un autre qui d\u00e9couvre\u2026","rel":"","context":"Dans &quot;Mini lecteur&quot;","block_context":{"text":"Mini lecteur","link":"http:\/\/www.jojoenherbe.com\/index.php\/category\/mini-lecteur\/"},"img":{"alt_text":"","src":"https:\/\/i0.wp.com\/www.jojoenherbe.com\/wp-content\/uploads\/2020\/03\/Premiers-printemps-scaled.jpg?fit=1200%2C885&resize=350%2C200","width":350,"height":200,"srcset":"https:\/\/i0.wp.com\/www.jojoenherbe.com\/wp-content\/uploads\/2020\/03\/Premiers-printemps-scaled.jpg?fit=1200%2C885&resize=350%2C200 1x, https:\/\/i0.wp.com\/www.jojoenherbe.com\/wp-content\/uploads\/2020\/03\/Premiers-printemps-scaled.jpg?fit=1200%2C885&resize=525%2C300 1.5x, https:\/\/i0.wp.com\/www.jojoenherbe.com\/wp-content\/uploads\/2020\/03\/Premiers-printemps-scaled.jpg?fit=1200%2C885&resize=700%2C400 2x, https:\/\/i0.wp.com\/www.jojoenherbe.com\/wp-content\/uploads\/2020\/03\/Premiers-printemps-scaled.jpg?fit=1200%2C885&resize=1050%2C600 3x"},"classes":[]}],"_links":{"self":[{"href":"http:\/\/www.jojoenherbe.com\/index.php\/wp-json\/wp\/v2\/posts\/11484","targetHints":{"allow":["GET"]}}],"collection":[{"href":"http:\/\/www.jojoenherbe.com\/index.php\/wp-json\/wp\/v2\/posts"}],"about":[{"href":"http:\/\/www.jojoenherbe.com\/index.php\/wp-json\/wp\/v2\/types\/post"}],"author":[{"embeddable":true,"href":"http:\/\/www.jojoenherbe.com\/index.php\/wp-json\/wp\/v2\/users\/1"}],"replies":[{"embeddable":true,"href":"http:\/\/www.jojoenherbe.com\/index.php\/wp-json\/wp\/v2\/comments?post=11484"}],"version-history":[{"count":1,"href":"http:\/\/www.jojoenherbe.com\/index.php\/wp-json\/wp\/v2\/posts\/11484\/revisions"}],"predecessor-version":[{"id":30057,"href":"http:\/\/www.jojoenherbe.com\/index.php\/wp-json\/wp\/v2\/posts\/11484\/revisions\/30057"}],"wp:featuredmedia":[{"embeddable":true,"href":"http:\/\/www.jojoenherbe.com\/index.php\/wp-json\/wp\/v2\/media\/11487"}],"wp:attachment":[{"href":"http:\/\/www.jojoenherbe.com\/index.php\/wp-json\/wp\/v2\/media?parent=11484"}],"wp:term":[{"taxonomy":"category","embeddable":true,"href":"http:\/\/www.jojoenherbe.com\/index.php\/wp-json\/wp\/v2\/categories?post=11484"},{"taxonomy":"post_tag","embeddable":true,"href":"http:\/\/www.jojoenherbe.com\/index.php\/wp-json\/wp\/v2\/tags?post=11484"}],"curies":[{"name":"wp","href":"https:\/\/api.w.org\/{rel}","templated":true}]}}