{"id":11412,"date":"2020-08-27T11:36:09","date_gmt":"2020-08-27T09:36:09","guid":{"rendered":"http:\/\/www.jojoenherbe.com\/?p=11412"},"modified":"2020-08-27T16:11:39","modified_gmt":"2020-08-27T14:11:39","slug":"au-fil-des-pages-avec-le-train-des-souris","status":"publish","type":"post","link":"http:\/\/www.jojoenherbe.com\/index.php\/2020\/08\/27\/au-fil-des-pages-avec-le-train-des-souris\/","title":{"rendered":"Au fil des pages avec Le train des souris"},"content":{"rendered":"<p style=\"text-align: justify;\"><a href=\"https:\/\/i0.wp.com\/www.jojoenherbe.com\/wp-content\/uploads\/2020\/07\/Le-train-des-souris-2-scaled.jpg\"><img data-recalc-dims=\"1\" loading=\"lazy\" decoding=\"async\" data-attachment-id=\"11523\" data-permalink=\"http:\/\/www.jojoenherbe.com\/index.php\/2020\/08\/27\/au-fil-des-pages-avec-le-train-des-souris\/le-train-des-souris-2\/\" data-orig-file=\"https:\/\/i0.wp.com\/www.jojoenherbe.com\/wp-content\/uploads\/2020\/07\/Le-train-des-souris-2-scaled.jpg?fit=2560%2C1920\" data-orig-size=\"2560,1920\" data-comments-opened=\"1\" data-image-meta=\"{&quot;aperture&quot;:&quot;1.8&quot;,&quot;credit&quot;:&quot;&quot;,&quot;camera&quot;:&quot;iPhone 7&quot;,&quot;caption&quot;:&quot;&quot;,&quot;created_timestamp&quot;:&quot;1593773581&quot;,&quot;copyright&quot;:&quot;&quot;,&quot;focal_length&quot;:&quot;3.99&quot;,&quot;iso&quot;:&quot;80&quot;,&quot;shutter_speed&quot;:&quot;0.058823529411765&quot;,&quot;title&quot;:&quot;&quot;,&quot;orientation&quot;:&quot;1&quot;}\" data-image-title=\"Le train des souris 2\" data-image-description=\"\" data-image-caption=\"\" data-large-file=\"https:\/\/i0.wp.com\/www.jojoenherbe.com\/wp-content\/uploads\/2020\/07\/Le-train-des-souris-2-scaled.jpg?fit=676%2C507\" class=\"alignleft size-thumbnail wp-image-11523\" src=\"https:\/\/i0.wp.com\/www.jojoenherbe.com\/wp-content\/uploads\/2020\/07\/Le-train-des-souris-2.jpg?resize=150%2C150\" alt=\"\" width=\"150\" height=\"150\" srcset=\"https:\/\/i0.wp.com\/www.jojoenherbe.com\/wp-content\/uploads\/2020\/07\/Le-train-des-souris-2-scaled.jpg?resize=150%2C150 150w, https:\/\/i0.wp.com\/www.jojoenherbe.com\/wp-content\/uploads\/2020\/07\/Le-train-des-souris-2-scaled.jpg?zoom=2&amp;resize=150%2C150 300w, https:\/\/i0.wp.com\/www.jojoenherbe.com\/wp-content\/uploads\/2020\/07\/Le-train-des-souris-2-scaled.jpg?zoom=3&amp;resize=150%2C150 450w\" sizes=\"auto, (max-width: 150px) 100vw, 150px\" \/><\/a> <a href=\"https:\/\/i0.wp.com\/www.jojoenherbe.com\/wp-content\/uploads\/2020\/07\/Le-train-des-souris-3-scaled.jpg\"><img data-recalc-dims=\"1\" loading=\"lazy\" decoding=\"async\" data-attachment-id=\"11524\" data-permalink=\"http:\/\/www.jojoenherbe.com\/index.php\/2020\/08\/27\/au-fil-des-pages-avec-le-train-des-souris\/le-train-des-souris-3\/\" data-orig-file=\"https:\/\/i0.wp.com\/www.jojoenherbe.com\/wp-content\/uploads\/2020\/07\/Le-train-des-souris-3-scaled.jpg?fit=2560%2C1920\" data-orig-size=\"2560,1920\" data-comments-opened=\"1\" data-image-meta=\"{&quot;aperture&quot;:&quot;1.8&quot;,&quot;credit&quot;:&quot;&quot;,&quot;camera&quot;:&quot;iPhone 7&quot;,&quot;caption&quot;:&quot;&quot;,&quot;created_timestamp&quot;:&quot;1593773615&quot;,&quot;copyright&quot;:&quot;&quot;,&quot;focal_length&quot;:&quot;3.99&quot;,&quot;iso&quot;:&quot;100&quot;,&quot;shutter_speed&quot;:&quot;0.058823529411765&quot;,&quot;title&quot;:&quot;&quot;,&quot;orientation&quot;:&quot;1&quot;}\" data-image-title=\"Le train des souris 3\" data-image-description=\"\" data-image-caption=\"\" data-large-file=\"https:\/\/i0.wp.com\/www.jojoenherbe.com\/wp-content\/uploads\/2020\/07\/Le-train-des-souris-3-scaled.jpg?fit=676%2C507\" class=\"alignleft size-thumbnail wp-image-11524\" src=\"https:\/\/i0.wp.com\/www.jojoenherbe.com\/wp-content\/uploads\/2020\/07\/Le-train-des-souris-3.jpg?resize=150%2C150\" alt=\"\" width=\"150\" height=\"150\" srcset=\"https:\/\/i0.wp.com\/www.jojoenherbe.com\/wp-content\/uploads\/2020\/07\/Le-train-des-souris-3-scaled.jpg?resize=150%2C150 150w, https:\/\/i0.wp.com\/www.jojoenherbe.com\/wp-content\/uploads\/2020\/07\/Le-train-des-souris-3-scaled.jpg?zoom=2&amp;resize=150%2C150 300w, https:\/\/i0.wp.com\/www.jojoenherbe.com\/wp-content\/uploads\/2020\/07\/Le-train-des-souris-3-scaled.jpg?zoom=3&amp;resize=150%2C150 450w\" sizes=\"auto, (max-width: 150px) 100vw, 150px\" \/><\/a><em>Apr\u00e8s l&rsquo;avoir d\u00e9couvert en lecture cont\u00e9e gratuite sur le compte Instagram de L\u2019\u00c9cole des Loisirs pendant le confinement, nous empruntons \u00e0 la m\u00e9diath\u00e8que <span style=\"text-decoration: underline;\">Le train des souris<\/span> d&rsquo;Haruo Yamashita et Kazuo Iwamura (\u00e9d. L&rsquo;\u00e9cole des loisirs, 1999), un album jeunesse \u00e0 partir de 3 ans. La veille du premier jour de l&rsquo;\u00e9cole de ses enfants, Maman Souris est bien en peine pour leur donner l&rsquo;envie d&rsquo;y aller. Elle imagine alors de les emmener en train. Mais un train bien particulier et plein d&rsquo;imagination! Toutefois, gare au serpent!<\/em><\/p>\n<p style=\"text-align: justify;\"><em>Coup de c\u0153ur&nbsp; pour cet album jeunesse qui permet d&rsquo;aborder la rentr\u00e9e des classes et des inqui\u00e9tudes et interrogations qui peuvent entourer une premi\u00e8re rentr\u00e9e en maternelle! Nous appr\u00e9cions toujours autant les illustrations au ton pastels, toutes douces et rigolotes de Kazuo Iwamura. Qu&rsquo;il est amusant de chercher les petits d\u00e9tails dans les illustrations, notamment dans les attitudes espi\u00e8gles des petites souris et l&rsquo;inventivit\u00e9 de leur m\u00e8re! Encore une jolie histoire de ce duo auteur\/illustrateur apr\u00e8s notre relecture estivale, <a href=\"http:\/\/www.jojoenherbe.com\/index.php\/2019\/06\/26\/au-fil-des-pages-avec-la-plage\/\"><span style=\"text-decoration: underline;\">Les souris \u00e0 la plage<\/span><\/a>! <\/em><\/p>\n","protected":false},"excerpt":{"rendered":"<p>Apr\u00e8s l&rsquo;avoir d\u00e9couvert en lecture cont\u00e9e gratuite sur le compte Instagram de L\u2019\u00c9cole des Loisirs pendant le confinement, nous empruntons \u00e0 la m\u00e9diath\u00e8que Le train des souris d&rsquo;Haruo Yamashita et Kazuo Iwamura (\u00e9d. L&rsquo;\u00e9cole des loisirs, 1999), un album jeunesse \u00e0 partir de 3 ans. La veille du premier jour de l&rsquo;\u00e9cole de ses enfants, [&hellip;]<\/p>\n","protected":false},"author":1,"featured_media":11525,"comment_status":"open","ping_status":"open","sticky":false,"template":"","format":"standard","meta":{"jetpack_post_was_ever_published":false,"_jetpack_newsletter_access":"","_jetpack_dont_email_post_to_subs":false,"_jetpack_newsletter_tier_id":0,"_jetpack_memberships_contains_paywalled_content":false,"_jetpack_memberships_contains_paid_content":false,"footnotes":""},"categories":[363],"tags":[785,409,740,459,1311,1002,367,568,555,605,1418,495],"class_list":["post-11412","post","type-post","status-publish","format-standard","has-post-thumbnail","hentry","category-mini-lecteur","tag-3-6-ans","tag-albums-jeunesse","tag-ecole","tag-famille","tag-haruo-yamashita","tag-kazuo-iwamura","tag-lecture-jeunesse","tag-mere","tag-peur","tag-rentree-scolaire","tag-serpent","tag-souris","post-preview"],"jetpack_featured_media_url":"https:\/\/i0.wp.com\/www.jojoenherbe.com\/wp-content\/uploads\/2020\/07\/Le-train-des-souris-scaled.jpg?fit=2560%2C1920","jetpack_sharing_enabled":true,"jetpack_shortlink":"https:\/\/wp.me\/p9zhGx-2Y4","jetpack_likes_enabled":true,"jetpack-related-posts":[{"id":10163,"url":"http:\/\/www.jojoenherbe.com\/index.php\/2020\/02\/23\/au-fil-des-pages-avec-les-souris-vont-a-la-peche\/","url_meta":{"origin":11412,"position":0},"title":"Au fil des pages avec Les souris vont \u00e0 la p\u00eache","author":"Jojo","date":"23 f\u00e9vrier 2020","format":false,"excerpt":"Apr\u00e8s avoir lu cet \u00e9t\u00e9 Les souris \u00e0 la plage, nous lisons une nouvelle histoire de cette famille Souris qui se d\u00e9roule cette fois en hiver: Les souris vont \u00e0 la p\u00eache de Haruo Yamashita et Kazuo Iwamura (\u00e9d. L'\u00e9cole des loisirs, r\u00e9\u00e9d. 2019), un album jeunesse \u00e0 partir de\u2026","rel":"","context":"Dans &quot;Mini lecteur&quot;","block_context":{"text":"Mini lecteur","link":"http:\/\/www.jojoenherbe.com\/index.php\/category\/mini-lecteur\/"},"img":{"alt_text":"","src":"https:\/\/i0.wp.com\/www.jojoenherbe.com\/wp-content\/uploads\/2020\/02\/Les-souris-vont-%C3%A0-la-p%C3%AAche-scaled.jpg?fit=1200%2C959&resize=350%2C200","width":350,"height":200,"srcset":"https:\/\/i0.wp.com\/www.jojoenherbe.com\/wp-content\/uploads\/2020\/02\/Les-souris-vont-%C3%A0-la-p%C3%AAche-scaled.jpg?fit=1200%2C959&resize=350%2C200 1x, https:\/\/i0.wp.com\/www.jojoenherbe.com\/wp-content\/uploads\/2020\/02\/Les-souris-vont-%C3%A0-la-p%C3%AAche-scaled.jpg?fit=1200%2C959&resize=525%2C300 1.5x, https:\/\/i0.wp.com\/www.jojoenherbe.com\/wp-content\/uploads\/2020\/02\/Les-souris-vont-%C3%A0-la-p%C3%AAche-scaled.jpg?fit=1200%2C959&resize=700%2C400 2x, https:\/\/i0.wp.com\/www.jojoenherbe.com\/wp-content\/uploads\/2020\/02\/Les-souris-vont-%C3%A0-la-p%C3%AAche-scaled.jpg?fit=1200%2C959&resize=1050%2C600 3x"},"classes":[]},{"id":6547,"url":"http:\/\/www.jojoenherbe.com\/index.php\/2019\/06\/26\/au-fil-des-pages-avec-la-plage\/","url_meta":{"origin":11412,"position":1},"title":"Au fil des pages avec la plage","author":"Jojo","date":"26 juin 2019","format":false,"excerpt":"Nous continuons \u00e0 emprunter des livres sur l'\u00e9t\u00e9, la plage et les vacances (d\u00e8s 2\/3 ans). Nous lisons Les souris \u00e0 la plage de Haruo Yamashita et Kazuo Iwamura (\u00e9d. L'\u00e9cole des loisirs, 1999). Nous retrouvons avec plaisir le coup de crayon de Kazuo Iwamura pour les illustrations mais une\u2026","rel":"","context":"Dans &quot;Mini lecteur&quot;","block_context":{"text":"Mini lecteur","link":"http:\/\/www.jojoenherbe.com\/index.php\/category\/mini-lecteur\/"},"img":{"alt_text":"","src":"https:\/\/i0.wp.com\/www.jojoenherbe.com\/wp-content\/uploads\/2019\/06\/%C3%A0-la-plage.jpg?fit=1200%2C900&resize=350%2C200","width":350,"height":200,"srcset":"https:\/\/i0.wp.com\/www.jojoenherbe.com\/wp-content\/uploads\/2019\/06\/%C3%A0-la-plage.jpg?fit=1200%2C900&resize=350%2C200 1x, https:\/\/i0.wp.com\/www.jojoenherbe.com\/wp-content\/uploads\/2019\/06\/%C3%A0-la-plage.jpg?fit=1200%2C900&resize=525%2C300 1.5x, https:\/\/i0.wp.com\/www.jojoenherbe.com\/wp-content\/uploads\/2019\/06\/%C3%A0-la-plage.jpg?fit=1200%2C900&resize=700%2C400 2x, https:\/\/i0.wp.com\/www.jojoenherbe.com\/wp-content\/uploads\/2019\/06\/%C3%A0-la-plage.jpg?fit=1200%2C900&resize=1050%2C600 3x"},"classes":[]},{"id":36974,"url":"http:\/\/www.jojoenherbe.com\/index.php\/2024\/09\/05\/throwback-thursday-livresque-rentree\/","url_meta":{"origin":11412,"position":2},"title":"Throwback Thursday Livresque: Rentr\u00e9e","author":"Jojo","date":"5 septembre 2024","format":false,"excerpt":"Ce jeudi 5 septembre 2024, je participe au Throwback Thursday Livresque, un rendez-vous livresque initialement chez Bettie Rose Books et repris depuis par Carole, les liens \u00e9tant \u00e0 d\u00e9poser chez My-Bo0ks. Le principe est de partager chaque jeudi un livre en fonction d\u2019un th\u00e8me donn\u00e9. Cette semaine, le th\u00e8me est\u2026","rel":"","context":"Dans &quot;Mini challenger&quot;","block_context":{"text":"Mini challenger","link":"http:\/\/www.jojoenherbe.com\/index.php\/category\/mini-challenger\/"},"img":{"alt_text":"","src":"https:\/\/i0.wp.com\/www.jojoenherbe.com\/wp-content\/uploads\/2023\/10\/TTL-logo.jpg?resize=350%2C200","width":350,"height":200},"classes":[]},{"id":6372,"url":"http:\/\/www.jojoenherbe.com\/index.php\/2019\/06\/18\/au-fil-des-pages-avec-la-lessive-de-la-famille-souris\/","url_meta":{"origin":11412,"position":3},"title":"Au fil des pages avec La  lessive de la famille Souris","author":"Jojo","date":"18 juin 2019","format":false,"excerpt":"Nous continuons avec la saison estivale en lisant La lessive de la famille Souris de Kazuo Iwamura (\u00e9d. L'\u00e9cole des Loisirs, 2008). En cette belle journ\u00e9e d'\u00e9t\u00e9 bien chaude, la famille Souris se l\u00e8ve t\u00f4t pour une grande journ\u00e9e de lessive. Nous retrouvons toujours avec beaucoup de plaisir les petites\u2026","rel":"","context":"Dans &quot;Mini lecteur&quot;","block_context":{"text":"Mini lecteur","link":"http:\/\/www.jojoenherbe.com\/index.php\/category\/mini-lecteur\/"},"img":{"alt_text":"","src":"https:\/\/i0.wp.com\/www.jojoenherbe.com\/wp-content\/uploads\/2019\/06\/La-lessive-de-la-famille-Souris.jpg?fit=1060%2C1200&resize=350%2C200","width":350,"height":200,"srcset":"https:\/\/i0.wp.com\/www.jojoenherbe.com\/wp-content\/uploads\/2019\/06\/La-lessive-de-la-famille-Souris.jpg?fit=1060%2C1200&resize=350%2C200 1x, https:\/\/i0.wp.com\/www.jojoenherbe.com\/wp-content\/uploads\/2019\/06\/La-lessive-de-la-famille-Souris.jpg?fit=1060%2C1200&resize=525%2C300 1.5x, https:\/\/i0.wp.com\/www.jojoenherbe.com\/wp-content\/uploads\/2019\/06\/La-lessive-de-la-famille-Souris.jpg?fit=1060%2C1200&resize=700%2C400 2x, https:\/\/i0.wp.com\/www.jojoenherbe.com\/wp-content\/uploads\/2019\/06\/La-lessive-de-la-famille-Souris.jpg?fit=1060%2C1200&resize=1050%2C600 3x"},"classes":[]},{"id":5283,"url":"http:\/\/www.jojoenherbe.com\/index.php\/2019\/03\/27\/au-fil-des-pages-avec-la-pomme-rouge\/","url_meta":{"origin":11412,"position":4},"title":"Au fil des pages avec La pomme rouge et F\u00fb, Hana et les pissenlits","author":"Jojo","date":"27 mars 2019","format":false,"excerpt":"Nous continuons notre exploration de l'univers litt\u00e9raire de Kazuo Iwamura avec deux nouveaux emprunts \u00e0 la biblioth\u00e8que cette semaine, apr\u00e8s la famille \u00c9cureuil et la famille Souris. La pomme rouge de Kazuo Iwamura Tout d'abord, un coup de c\u0153ur pour La pomme rouge (\u00e9d. L'\u00e9cole des Loisirs, 2010), un album\u2026","rel":"","context":"Dans &quot;Mini lecteur&quot;","block_context":{"text":"Mini lecteur","link":"http:\/\/www.jojoenherbe.com\/index.php\/category\/mini-lecteur\/"},"img":{"alt_text":"","src":"https:\/\/i0.wp.com\/www.jojoenherbe.com\/wp-content\/uploads\/2019\/03\/Fu-Hana-et-les-pissenlits-La-pomme-rouge-scaled.jpg?fit=1200%2C782&resize=350%2C200","width":350,"height":200,"srcset":"https:\/\/i0.wp.com\/www.jojoenherbe.com\/wp-content\/uploads\/2019\/03\/Fu-Hana-et-les-pissenlits-La-pomme-rouge-scaled.jpg?fit=1200%2C782&resize=350%2C200 1x, https:\/\/i0.wp.com\/www.jojoenherbe.com\/wp-content\/uploads\/2019\/03\/Fu-Hana-et-les-pissenlits-La-pomme-rouge-scaled.jpg?fit=1200%2C782&resize=525%2C300 1.5x, https:\/\/i0.wp.com\/www.jojoenherbe.com\/wp-content\/uploads\/2019\/03\/Fu-Hana-et-les-pissenlits-La-pomme-rouge-scaled.jpg?fit=1200%2C782&resize=700%2C400 2x, https:\/\/i0.wp.com\/www.jojoenherbe.com\/wp-content\/uploads\/2019\/03\/Fu-Hana-et-les-pissenlits-La-pomme-rouge-scaled.jpg?fit=1200%2C782&resize=1050%2C600 3x"},"classes":[]},{"id":40743,"url":"http:\/\/www.jojoenherbe.com\/index.php\/2025\/09\/25\/throwback-thursday-livresque-livre-dont-le-titre-comporte-le-mot-automne\/","url_meta":{"origin":11412,"position":5},"title":"Throwback Thursday Livresque: Livre dont le titre comporte le mot \u00ab\u00a0Automne\u00a0\u00bb","author":"Jojo","date":"25 septembre 2025","format":false,"excerpt":"Ce jeudi 25 septembre 2025, je participe au Throwback Thursday Livresque, un rendez-vous livresque initialement chez Bettie Rose Books et repris depuis par Carole, les liens \u00e9tant \u00e0 d\u00e9poser chez My-Bo0ks. Le principe est de partager chaque jeudi un livre en fonction d\u2019un th\u00e8me donn\u00e9. Cette semaine, le th\u00e8me est\u2026","rel":"","context":"Dans &quot;Mini blogueur&quot;","block_context":{"text":"Mini blogueur","link":"http:\/\/www.jojoenherbe.com\/index.php\/category\/mini-blogueur\/"},"img":{"alt_text":"","src":"https:\/\/i0.wp.com\/www.jojoenherbe.com\/wp-content\/uploads\/2023\/10\/TTL-logo.jpg?resize=350%2C200","width":350,"height":200},"classes":[]}],"_links":{"self":[{"href":"http:\/\/www.jojoenherbe.com\/index.php\/wp-json\/wp\/v2\/posts\/11412","targetHints":{"allow":["GET"]}}],"collection":[{"href":"http:\/\/www.jojoenherbe.com\/index.php\/wp-json\/wp\/v2\/posts"}],"about":[{"href":"http:\/\/www.jojoenherbe.com\/index.php\/wp-json\/wp\/v2\/types\/post"}],"author":[{"embeddable":true,"href":"http:\/\/www.jojoenherbe.com\/index.php\/wp-json\/wp\/v2\/users\/1"}],"replies":[{"embeddable":true,"href":"http:\/\/www.jojoenherbe.com\/index.php\/wp-json\/wp\/v2\/comments?post=11412"}],"version-history":[{"count":0,"href":"http:\/\/www.jojoenherbe.com\/index.php\/wp-json\/wp\/v2\/posts\/11412\/revisions"}],"wp:featuredmedia":[{"embeddable":true,"href":"http:\/\/www.jojoenherbe.com\/index.php\/wp-json\/wp\/v2\/media\/11525"}],"wp:attachment":[{"href":"http:\/\/www.jojoenherbe.com\/index.php\/wp-json\/wp\/v2\/media?parent=11412"}],"wp:term":[{"taxonomy":"category","embeddable":true,"href":"http:\/\/www.jojoenherbe.com\/index.php\/wp-json\/wp\/v2\/categories?post=11412"},{"taxonomy":"post_tag","embeddable":true,"href":"http:\/\/www.jojoenherbe.com\/index.php\/wp-json\/wp\/v2\/tags?post=11412"}],"curies":[{"name":"wp","href":"https:\/\/api.w.org\/{rel}","templated":true}]}}