{"id":11247,"date":"2022-10-28T18:34:22","date_gmt":"2022-10-28T16:34:22","guid":{"rendered":"http:\/\/www.jojoenherbe.com\/?p=11247"},"modified":"2022-11-02T17:25:10","modified_gmt":"2022-11-02T16:25:10","slug":"nos-lectures-coraline","status":"publish","type":"post","link":"http:\/\/www.jojoenherbe.com\/index.php\/2022\/10\/28\/nos-lectures-coraline\/","title":{"rendered":"Nos lectures \u00ab\u00a0Coraline\u00a0\u00bb"},"content":{"rendered":"<p style=\"text-align: justify;\"><em>Cette ann\u00e9e, pour le Challenge Halloween 2022, j&rsquo;ai eu envie de relire <span style=\"text-decoration: underline;\">Coraline<\/span> de Neil Gaiman en lecture commune avec <a href=\"https:\/\/sylectures.wordpress.com\/2022\/10\/26\/coraline\/\">Syl<\/a> que j&rsquo;avais d\u00e9j\u00e0 lu il y a deux ans mais que je n&rsquo;avais pas encore chroniqu\u00e9.<\/em><\/p>\n<ul>\n<li style=\"text-align: justify;\"><em>(Roman jeunesse) <strong><span style=\"text-decoration: underline;\">Coraline<\/span><\/strong> de Neil Gaiman<\/em><\/li>\n<\/ul>\n<p style=\"text-align: justify;\"><em><a href=\"https:\/\/i0.wp.com\/www.jojoenherbe.com\/wp-content\/uploads\/2022\/10\/Coraline-2-scaled.jpg\"><img data-recalc-dims=\"1\" loading=\"lazy\" decoding=\"async\" data-attachment-id=\"28487\" data-permalink=\"http:\/\/www.jojoenherbe.com\/index.php\/2022\/10\/28\/nos-lectures-coraline\/coraline-2\/\" data-orig-file=\"https:\/\/i0.wp.com\/www.jojoenherbe.com\/wp-content\/uploads\/2022\/10\/Coraline-2-scaled.jpg?fit=2560%2C2121\" data-orig-size=\"2560,2121\" data-comments-opened=\"1\" data-image-meta=\"{&quot;aperture&quot;:&quot;1.8&quot;,&quot;credit&quot;:&quot;&quot;,&quot;camera&quot;:&quot;iPhone 7&quot;,&quot;caption&quot;:&quot;&quot;,&quot;created_timestamp&quot;:&quot;1666959304&quot;,&quot;copyright&quot;:&quot;&quot;,&quot;focal_length&quot;:&quot;3.99&quot;,&quot;iso&quot;:&quot;100&quot;,&quot;shutter_speed&quot;:&quot;0.071428571428571&quot;,&quot;title&quot;:&quot;&quot;,&quot;orientation&quot;:&quot;1&quot;}\" data-image-title=\"Coraline 2\" data-image-description=\"\" data-image-caption=\"\" data-large-file=\"https:\/\/i0.wp.com\/www.jojoenherbe.com\/wp-content\/uploads\/2022\/10\/Coraline-2-scaled.jpg?fit=676%2C560\" class=\"alignleft size-thumbnail wp-image-28487\" src=\"https:\/\/i0.wp.com\/www.jojoenherbe.com\/wp-content\/uploads\/2022\/10\/Coraline-2.jpg?resize=150%2C150\" alt=\"\" width=\"150\" height=\"150\" srcset=\"https:\/\/i0.wp.com\/www.jojoenherbe.com\/wp-content\/uploads\/2022\/10\/Coraline-2-scaled.jpg?resize=150%2C150 150w, https:\/\/i0.wp.com\/www.jojoenherbe.com\/wp-content\/uploads\/2022\/10\/Coraline-2-scaled.jpg?zoom=2&amp;resize=150%2C150 300w, https:\/\/i0.wp.com\/www.jojoenherbe.com\/wp-content\/uploads\/2022\/10\/Coraline-2-scaled.jpg?zoom=3&amp;resize=150%2C150 450w\" sizes=\"auto, (max-width: 150px) 100vw, 150px\" \/><\/a>En juin 2020, j&rsquo;avais lu <span style=\"text-decoration: underline;\">Coraline<\/span> de Neil Gaiman (\u00e9d. Albin Michel Jeunesse, coll. Wiz, r\u00e9\u00e9d. 2019, 171 pages), un roman jeunesse paru pour la premi\u00e8re fois en 2002 pour les adolescents, \u00e0 partir de 12\/13 ans et \u00e0 la tr\u00e8s jolie illustration de couverture de Benjamin Lacombe. <\/em><\/p>\n<p style=\"text-align: justify;\"><em><a href=\"https:\/\/i0.wp.com\/www.jojoenherbe.com\/wp-content\/uploads\/2022\/10\/Coraline-3-scaled.jpg\"><img data-recalc-dims=\"1\" loading=\"lazy\" decoding=\"async\" data-attachment-id=\"28489\" data-permalink=\"http:\/\/www.jojoenherbe.com\/index.php\/2022\/10\/28\/nos-lectures-coraline\/coraline-3-2\/\" data-orig-file=\"https:\/\/i0.wp.com\/www.jojoenherbe.com\/wp-content\/uploads\/2022\/10\/Coraline-3-scaled.jpg?fit=1920%2C2560\" data-orig-size=\"1920,2560\" data-comments-opened=\"1\" data-image-meta=\"{&quot;aperture&quot;:&quot;1.8&quot;,&quot;credit&quot;:&quot;&quot;,&quot;camera&quot;:&quot;iPhone 7&quot;,&quot;caption&quot;:&quot;&quot;,&quot;created_timestamp&quot;:&quot;1666974883&quot;,&quot;copyright&quot;:&quot;&quot;,&quot;focal_length&quot;:&quot;3.99&quot;,&quot;iso&quot;:&quot;64&quot;,&quot;shutter_speed&quot;:&quot;0.058823529411765&quot;,&quot;title&quot;:&quot;&quot;,&quot;orientation&quot;:&quot;1&quot;}\" data-image-title=\"Coraline 3\" data-image-description=\"\" data-image-caption=\"\" data-large-file=\"https:\/\/i0.wp.com\/www.jojoenherbe.com\/wp-content\/uploads\/2022\/10\/Coraline-3-scaled.jpg?fit=676%2C901\" class=\"size-thumbnail wp-image-28489 alignright\" src=\"https:\/\/i0.wp.com\/www.jojoenherbe.com\/wp-content\/uploads\/2022\/10\/Coraline-3.jpg?resize=150%2C150\" alt=\"\" width=\"150\" height=\"150\" srcset=\"https:\/\/i0.wp.com\/www.jojoenherbe.com\/wp-content\/uploads\/2022\/10\/Coraline-3-scaled.jpg?resize=150%2C150 150w, https:\/\/i0.wp.com\/www.jojoenherbe.com\/wp-content\/uploads\/2022\/10\/Coraline-3-scaled.jpg?zoom=2&amp;resize=150%2C150 300w, https:\/\/i0.wp.com\/www.jojoenherbe.com\/wp-content\/uploads\/2022\/10\/Coraline-3-scaled.jpg?zoom=3&amp;resize=150%2C150 450w\" sizes=\"auto, (max-width: 150px) 100vw, 150px\" \/><\/a>En cette fin d&rsquo;\u00e9t\u00e9 pluvieuse et \u00e0 l&rsquo;approche de la rentr\u00e9e des classes, Coraline Jones vient d&#8217;emm\u00e9nager avec ses parents dans un des appartements d&rsquo;une tr\u00e8s vieille propri\u00e9t\u00e9 avec un jardin \u00e0 l&rsquo;abandon. Jeune fille unique et se sentant d\u00e9laiss\u00e9e par ses parents qui travaillent beaucoup, elle s&rsquo;ennuie et d\u00e9cide d&rsquo;explorer les lieux en faisant connaissance des voisins qui ne cessent de l&rsquo;appeler Caroline &#8211; les deux vieilles demoiselles Spink et Forcible avec leurs chiens et \u00ab\u00a0un vieux toqu\u00e9 \u00e0 la moustache\u00a0\u00bb qui dit avoir un cirque de souris savantes &#8211; puis de la maison elle-m\u00eame jusqu&rsquo;\u00e0 \u00eatre intrigu\u00e9e par une porte condamn\u00e9e dans le salon. <\/em><em>Un apr\u00e8s-midi, trop curieuse et malgr\u00e9 l&rsquo;interdit parental, elle d\u00e9cide d&rsquo;ouvrir cette porte qui l&rsquo;am\u00e8ne \u00e0 un appartement identique au sien habit\u00e9 par une famille identique \u00e0 la sienne et qui lui para\u00eet, de prime abord, bien plus accueillant. Mais peu \u00e0 peu, cet \u00e9trange endroit devient inqui\u00e9tant et cauchemardesque. Aid\u00e9e par un chat noir, pourra-t-elle \u00e9chapper \u00e0 cette fausse famille en brisant le mal\u00e9fice et rentrer chez elle?<\/em><\/p>\n<p style=\"text-align: justify;\"><em>Comme <a href=\"https:\/\/www.jojoenherbe.com\/index.php\/2021\/09\/18\/nos-lectures-alice-au-pays-des-merveilles\/\"><span style=\"text-decoration: underline;\">Alice au Pays des Merveilles<\/span><\/a> et <span style=\"text-decoration: underline;\">De l&rsquo;autre c\u00f4t\u00e9 du miroir<\/span> de Lewis Carroll, Coraline passe de l&rsquo;autre c\u00f4t\u00e9 de la porte (et non du miroir comme Alice). Mais cet autre c\u00f4t\u00e9 se r\u00e9v\u00e8le bien plus angoissant et terrifiant que celui d&rsquo;Alice. R\u00e9alit\u00e9 ou cauchemar? La f\u00e9\u00e9rie et la candeur enfantine du d\u00e9but du r\u00e9cit laissent place \u00e0 l&rsquo;horreur lorsque la jeune fille d\u00e9couvre la v\u00e9ritable nature de cette nouvelle famille qui veut, \u00e0 tout prix, la garder pr\u00e8s d&rsquo;elle. Coraline fait alors preuve de beaucoup de courage et de d\u00e9brouillardise. Il y est ainsi question de famille, de peur, d&rsquo;imagination enfantine, d&rsquo;ennui et d&rsquo;aventure initiatique dans un monde parall\u00e8le inqui\u00e9tant&#8230;<\/em> <em>Un tr\u00e8s bon moment de lecture avec ce conte fantastique noir et horrifique qui pourra faire frissonner les plus jeunes lecteurs!<\/em><\/p>\n<ul>\n<li style=\"text-align: justify;\"><em>(Roman jeunesse illustr\u00e9) <strong><span style=\"text-decoration: underline;\">Coraline<\/span><\/strong> de Neil Gaiman et Aur\u00e9lie Neyret<\/em><\/li>\n<\/ul>\n<p style=\"text-align: justify;\"><em><a href=\"https:\/\/i0.wp.com\/www.jojoenherbe.com\/wp-content\/uploads\/2022\/10\/Coraline-4-scaled.jpg\"><img data-recalc-dims=\"1\" loading=\"lazy\" decoding=\"async\" data-attachment-id=\"28488\" data-permalink=\"http:\/\/www.jojoenherbe.com\/index.php\/2022\/10\/28\/nos-lectures-coraline\/coraline-4\/\" data-orig-file=\"https:\/\/i0.wp.com\/www.jojoenherbe.com\/wp-content\/uploads\/2022\/10\/Coraline-4-scaled.jpg?fit=2560%2C2188\" data-orig-size=\"2560,2188\" data-comments-opened=\"1\" data-image-meta=\"{&quot;aperture&quot;:&quot;1.8&quot;,&quot;credit&quot;:&quot;&quot;,&quot;camera&quot;:&quot;iPhone 7&quot;,&quot;caption&quot;:&quot;&quot;,&quot;created_timestamp&quot;:&quot;1666959296&quot;,&quot;copyright&quot;:&quot;&quot;,&quot;focal_length&quot;:&quot;3.99&quot;,&quot;iso&quot;:&quot;80&quot;,&quot;shutter_speed&quot;:&quot;0.16666666666667&quot;,&quot;title&quot;:&quot;&quot;,&quot;orientation&quot;:&quot;1&quot;}\" data-image-title=\"Coraline 4\" data-image-description=\"\" data-image-caption=\"\" data-large-file=\"https:\/\/i0.wp.com\/www.jojoenherbe.com\/wp-content\/uploads\/2022\/10\/Coraline-4-scaled.jpg?fit=676%2C578\" class=\"alignleft size-thumbnail wp-image-28488\" src=\"https:\/\/i0.wp.com\/www.jojoenherbe.com\/wp-content\/uploads\/2022\/10\/Coraline-4.jpg?resize=150%2C150\" alt=\"\" width=\"150\" height=\"150\" srcset=\"https:\/\/i0.wp.com\/www.jojoenherbe.com\/wp-content\/uploads\/2022\/10\/Coraline-4-scaled.jpg?resize=150%2C150 150w, https:\/\/i0.wp.com\/www.jojoenherbe.com\/wp-content\/uploads\/2022\/10\/Coraline-4-scaled.jpg?zoom=2&amp;resize=150%2C150 300w, https:\/\/i0.wp.com\/www.jojoenherbe.com\/wp-content\/uploads\/2022\/10\/Coraline-4-scaled.jpg?zoom=3&amp;resize=150%2C150 450w\" sizes=\"auto, (max-width: 150px) 100vw, 150px\" \/><\/a>D\u00e9j\u00e0 lue lors du challenge Halloween 2021, j&rsquo;ai relu sa version illustr\u00e9e par Aur\u00e9lie Neyret (\u00e9d. Albin Michel Jeunesse, 2020, 176 pages) et aussi traduite par H\u00e9l\u00e8ne Collon.<br \/>\n<\/em><\/p>\n<p style=\"text-align: justify;\"><em><a href=\"https:\/\/i0.wp.com\/www.jojoenherbe.com\/wp-content\/uploads\/2021\/11\/Coraline-3-scaled.jpg\"><img data-recalc-dims=\"1\" loading=\"lazy\" decoding=\"async\" data-attachment-id=\"22468\" data-permalink=\"http:\/\/www.jojoenherbe.com\/index.php\/2022\/10\/28\/nos-lectures-coraline\/coraline-3\/\" data-orig-file=\"https:\/\/i0.wp.com\/www.jojoenherbe.com\/wp-content\/uploads\/2021\/11\/Coraline-3-scaled.jpg?fit=2560%2C1920\" data-orig-size=\"2560,1920\" data-comments-opened=\"1\" data-image-meta=\"{&quot;aperture&quot;:&quot;1.8&quot;,&quot;credit&quot;:&quot;&quot;,&quot;camera&quot;:&quot;iPhone 7&quot;,&quot;caption&quot;:&quot;&quot;,&quot;created_timestamp&quot;:&quot;1637084781&quot;,&quot;copyright&quot;:&quot;&quot;,&quot;focal_length&quot;:&quot;3.99&quot;,&quot;iso&quot;:&quot;100&quot;,&quot;shutter_speed&quot;:&quot;0.25&quot;,&quot;title&quot;:&quot;&quot;,&quot;orientation&quot;:&quot;1&quot;}\" data-image-title=\"Coraline 3\" data-image-description=\"\" data-image-caption=\"\" data-large-file=\"https:\/\/i0.wp.com\/www.jojoenherbe.com\/wp-content\/uploads\/2021\/11\/Coraline-3-scaled.jpg?fit=676%2C507\" class=\"size-thumbnail wp-image-22468 alignright\" src=\"https:\/\/i0.wp.com\/www.jojoenherbe.com\/wp-content\/uploads\/2021\/11\/Coraline-3.jpg?resize=150%2C150\" alt=\"\" width=\"150\" height=\"150\" srcset=\"https:\/\/i0.wp.com\/www.jojoenherbe.com\/wp-content\/uploads\/2021\/11\/Coraline-3-scaled.jpg?resize=150%2C150 150w, https:\/\/i0.wp.com\/www.jojoenherbe.com\/wp-content\/uploads\/2021\/11\/Coraline-3-scaled.jpg?zoom=2&amp;resize=150%2C150 300w, https:\/\/i0.wp.com\/www.jojoenherbe.com\/wp-content\/uploads\/2021\/11\/Coraline-3-scaled.jpg?zoom=3&amp;resize=150%2C150 450w\" sizes=\"auto, (max-width: 150px) 100vw, 150px\" \/><\/a>Avec une ambiance \u00e0 la Tim Burton, les illustrations d&rsquo;Aur\u00e9lie Neyret donnent vie \u00e0 l&rsquo;univers \u00e0 la fois enfantin, \u00e9trange, onirique et horrifique imagin\u00e9 par Neil Gaiman tout en soulignant le moment de bascule o\u00f9 l&rsquo;ennui de la jeune fille rend f\u00e9cond son imaginaire troubl\u00e9 et pesant. On y retrouve ainsi le chat noir au langage \u00e9nigmatique et v\u00e9ritable soutien pour la jeune fille, les voisins excentriques ou bien encore la terrifiante fausse m\u00e8re&#8230; Une adaptation tr\u00e8s r\u00e9ussie du roman \u00e9ponyme!<\/em><\/p>\n<p style=\"text-align: justify;\"><em><a href=\"https:\/\/i0.wp.com\/www.jojoenherbe.com\/wp-content\/uploads\/2022\/10\/Coraline-5-scaled.jpg\"><img data-recalc-dims=\"1\" loading=\"lazy\" decoding=\"async\" data-attachment-id=\"28500\" data-permalink=\"http:\/\/www.jojoenherbe.com\/index.php\/2022\/10\/28\/nos-lectures-coraline\/coraline-5\/\" data-orig-file=\"https:\/\/i0.wp.com\/www.jojoenherbe.com\/wp-content\/uploads\/2022\/10\/Coraline-5-scaled.jpg?fit=1920%2C2560\" data-orig-size=\"1920,2560\" data-comments-opened=\"1\" data-image-meta=\"{&quot;aperture&quot;:&quot;1.8&quot;,&quot;credit&quot;:&quot;&quot;,&quot;camera&quot;:&quot;iPhone 7&quot;,&quot;caption&quot;:&quot;&quot;,&quot;created_timestamp&quot;:&quot;1666978206&quot;,&quot;copyright&quot;:&quot;&quot;,&quot;focal_length&quot;:&quot;3.99&quot;,&quot;iso&quot;:&quot;100&quot;,&quot;shutter_speed&quot;:&quot;0.2&quot;,&quot;title&quot;:&quot;&quot;,&quot;orientation&quot;:&quot;1&quot;}\" data-image-title=\"Coraline 5\" data-image-description=\"\" data-image-caption=\"\" data-large-file=\"https:\/\/i0.wp.com\/www.jojoenherbe.com\/wp-content\/uploads\/2022\/10\/Coraline-5-scaled.jpg?fit=676%2C901\" class=\"alignleft size-thumbnail wp-image-28500\" src=\"https:\/\/i0.wp.com\/www.jojoenherbe.com\/wp-content\/uploads\/2022\/10\/Coraline-5.jpg?resize=150%2C150\" alt=\"\" width=\"150\" height=\"150\" srcset=\"https:\/\/i0.wp.com\/www.jojoenherbe.com\/wp-content\/uploads\/2022\/10\/Coraline-5-scaled.jpg?resize=150%2C150 150w, https:\/\/i0.wp.com\/www.jojoenherbe.com\/wp-content\/uploads\/2022\/10\/Coraline-5-scaled.jpg?zoom=2&amp;resize=150%2C150 300w, https:\/\/i0.wp.com\/www.jojoenherbe.com\/wp-content\/uploads\/2022\/10\/Coraline-5-scaled.jpg?zoom=3&amp;resize=150%2C150 450w\" sizes=\"auto, (max-width: 150px) 100vw, 150px\" \/><\/a>Sans oublier des passages gourmands pour le challenge Des livres (et des \u00e9crans) en cuisine avec un go\u00fbter pris par Coraline chez ses voisines (p.25\/27), les repas avec sa fausse famille (p.35) ou la pizza pr\u00e9par\u00e9e par son p\u00e8re (p.150)&#8230;<\/em><\/p>\n<p style=\"text-align: justify;\"><em>Pour d&rsquo;autres avis sur ce roman jeunesse: <a href=\"https:\/\/sylectures.wordpress.com\/2022\/10\/26\/coraline\/\">Syl<\/a>, Chicky Poo et <a href=\"https:\/\/lorouge.wordpress.com\/2014\/11\/18\/coraline-de-neil-gaiman\/\">L&rsquo;Orouge<\/a>.<br \/>\n<\/em><\/p>\n<div style=\"width: 120px\" class=\"wp-caption alignleft\"><img loading=\"lazy\" decoding=\"async\" class=\"attachment-post-image  wp-post-image\" src=\"https:\/\/i0.wp.com\/www.jojoenherbe.com\/wp-content\/uploads\/2022\/09\/Challenge-Halloween-2022.jpg?fit=676%2C676&amp;ssl=1\" sizes=\"auto, (max-width: 676px) 100vw, 676px\" srcset=\"https:\/\/i0.wp.com\/www.jojoenherbe.com\/wp-content\/uploads\/2022\/09\/Challenge-Halloween-2022.jpg?w=1080&amp;ssl=1 1080w, https:\/\/i0.wp.com\/www.jojoenherbe.com\/wp-content\/uploads\/2022\/09\/Challenge-Halloween-2022.jpg?resize=300%2C300&amp;ssl=1 300w, https:\/\/i0.wp.com\/www.jojoenherbe.com\/wp-content\/uploads\/2022\/09\/Challenge-Halloween-2022.jpg?resize=1024%2C1024&amp;ssl=1 1024w, https:\/\/i0.wp.com\/www.jojoenherbe.com\/wp-content\/uploads\/2022\/09\/Challenge-Halloween-2022.jpg?resize=150%2C150&amp;ssl=1 150w, https:\/\/i0.wp.com\/www.jojoenherbe.com\/wp-content\/uploads\/2022\/09\/Challenge-Halloween-2022.jpg?resize=768%2C768&amp;ssl=1 768w, https:\/\/i0.wp.com\/www.jojoenherbe.com\/wp-content\/uploads\/2022\/09\/Challenge-Halloween-2022.jpg?resize=676%2C676&amp;ssl=1 676w\" alt=\"\" width=\"110\" height=\"110\" data-attachment-id=\"27589\" data-permalink=\"https:\/\/www.jojoenherbe.com\/index.php\/2022\/09\/14\/billet-de-suivi-challenge-halloween-2022\/challenge-halloween-2022\/\" data-orig-file=\"https:\/\/i0.wp.com\/www.jojoenherbe.com\/wp-content\/uploads\/2022\/09\/Challenge-Halloween-2022.jpg?fit=1080%2C1080&amp;ssl=1\" data-orig-size=\"1080,1080\" data-comments-opened=\"1\" data-image-meta=\"{&quot;aperture&quot;:&quot;0&quot;,&quot;credit&quot;:&quot;&quot;,&quot;camera&quot;:&quot;&quot;,&quot;caption&quot;:&quot;&quot;,&quot;created_timestamp&quot;:&quot;1663139799&quot;,&quot;copyright&quot;:&quot;&quot;,&quot;focal_length&quot;:&quot;0&quot;,&quot;iso&quot;:&quot;0&quot;,&quot;shutter_speed&quot;:&quot;0&quot;,&quot;title&quot;:&quot;&quot;,&quot;orientation&quot;:&quot;1&quot;}\" data-image-title=\"Challenge Halloween 2022\" data-image-description=\"\" data-image-caption=\"\" data-medium-file=\"https:\/\/i0.wp.com\/www.jojoenherbe.com\/wp-content\/uploads\/2022\/09\/Challenge-Halloween-2022.jpg?fit=300%2C300&amp;ssl=1\" data-large-file=\"https:\/\/i0.wp.com\/www.jojoenherbe.com\/wp-content\/uploads\/2022\/09\/Challenge-Halloween-2022.jpg?fit=676%2C676&amp;ssl=1\" \/><p class=\"wp-caption-text\">Participation #20 Challenge Halloween 2022 de <a href=\"https:\/\/lelivroblog.fr\/2022\/09\/13\/le-challenge-halloween-2022\/\">Hilde<\/a> et <a href=\"https:\/\/lelivroblog.fr\/2022\/09\/13\/le-challenge-halloween-2022\/\">Lou<\/a> #LC<\/p><\/div>\n<div style=\"width: 92px\" class=\"wp-caption alignleft\"><img loading=\"lazy\" decoding=\"async\" src=\"https:\/\/i2.wp.com\/mapetitemediatheque.fr\/wp-content\/uploads\/2021\/07\/challenge-contes-et-legendes-239x300-1.jpg?resize=137%2C172\" alt=\"\" width=\"82\" height=\"103\" data-recalc-dims=\"1\" \/><p class=\"wp-caption-text\">Participation #28 Challenge Contes &amp; L\u00e9gendes 2022 de <a href=\"http:\/\/mapetitemediatheque.fr\/2021\/12\/challenge-contes-legendes-2022\/\">Bidib<\/a> #Conte horrifique<\/p><\/div>\n<div style=\"width: 118px\" class=\"wp-caption alignleft\"><img loading=\"lazy\" decoding=\"async\" src=\"https:\/\/i2.wp.com\/mapetitemediatheque.fr\/wp-content\/uploads\/2021\/11\/Inkedle-tour-du-monde-en-80-livres-2_LI.jpg?resize=168%2C127&amp;ssl=1\" alt=\"\" width=\"108\" height=\"82\" \/><p class=\"wp-caption-text\">Participation #105 Challenge Le tour du monde en 80 livres de <a href=\"https:\/\/mapetitemediatheque.fr\/2021\/12\/le-tour-du-monde-en-80-livres-le-challenge-qui-vous-fait-aimer-la-litterature-etrangere\/\">Bidib<\/a> #\u00c9tats-Unis<\/p><\/div>\n<div style=\"width: 101px\" class=\"wp-caption alignleft\"><img data-recalc-dims=\"1\" loading=\"lazy\" decoding=\"async\" class=\"\" title=\"Orange et Jaune Vilain Mignon Halloween Affiche\" src=\"https:\/\/artdelire.files.wordpress.com\/2022\/10\/orange-et-jaune-vilain-mignon-halloween-affiche-e1665254000644.png?w=262&#038;h=370&#038;fit=262%2C370&#038;resize=91%2C128\" alt=\"Orange et Jaune Vilain Mignon Halloween Affiche\" width=\"91\" height=\"128\" data-attachment-id=\"4894\" data-orig-file=\"https:\/\/artdelire.files.wordpress.com\/2022\/10\/orange-et-jaune-vilain-mignon-halloween-affiche-e1665254000644.png\" data-orig-size=\"900,1273\" data-comments-opened=\"1\" data-image-meta=\"{&quot;aperture&quot;:&quot;0&quot;,&quot;credit&quot;:&quot;&quot;,&quot;camera&quot;:&quot;&quot;,&quot;caption&quot;:&quot;&quot;,&quot;created_timestamp&quot;:&quot;0&quot;,&quot;copyright&quot;:&quot;&quot;,&quot;focal_length&quot;:&quot;0&quot;,&quot;iso&quot;:&quot;0&quot;,&quot;shutter_speed&quot;:&quot;0&quot;,&quot;title&quot;:&quot;&quot;,&quot;orientation&quot;:&quot;0&quot;}\" data-image-title=\"Orange et Jaune Vilain Mignon Halloween Affiche\" data-image-description=\"\" data-medium-file=\"https:\/\/artdelire.files.wordpress.com\/2022\/10\/orange-et-jaune-vilain-mignon-halloween-affiche-e1665254000644.png?w=212\" data-large-file=\"https:\/\/artdelire.files.wordpress.com\/2022\/10\/orange-et-jaune-vilain-mignon-halloween-affiche-e1665254000644.png?w=640\" data-original-width=\"262\" data-original-height=\"370\" \/><p class=\"wp-caption-text\">Participation #13 Challenge Cottagecore 2022 de <a href=\"https:\/\/artdelire.org\/2022\/03\/26\/challenge-cottagecore-2022-cest-parti-pour-une-nouvelle-saison\/\">MissyCornish<\/a> #Les propri\u00e9t\u00e9s et jardins dissimul\u00e9s<\/p><\/div>\n<div style=\"width: 122px\" class=\"wp-caption alignleft\"><img loading=\"lazy\" decoding=\"async\" src=\"https:\/\/i0.wp.com\/mapetitemediatheque.fr\/wp-content\/uploads\/2021\/12\/des-livres-en-cusine.png?resize=182%2C131&amp;ssl=1\" alt=\"\" width=\"112\" height=\"80\" \/><p class=\"wp-caption-text\">Participation #53 Challenge Des livres (et des \u00e9crans) en cuisine 2022 de <a href=\"https:\/\/mapetitemediatheque.fr\/2021\/12\/des-livres-et-des-ecrans-en-cuisine-2022\/\">Bidib<\/a> et <a href=\"http:\/\/croquerlespages.canalblog.com\/archives\/2021\/12\/21\/39242322.html\">Fondant<\/a> #Teatime<\/p><\/div>\n","protected":false},"excerpt":{"rendered":"<p>Cette ann\u00e9e, pour le Challenge Halloween 2022, j&rsquo;ai eu envie de relire Coraline de Neil Gaiman en lecture commune avec Syl que j&rsquo;avais d\u00e9j\u00e0 lu il y a deux ans mais que je n&rsquo;avais pas encore chroniqu\u00e9. (Roman jeunesse) Coraline de Neil Gaiman En juin 2020, j&rsquo;avais lu Coraline de Neil Gaiman (\u00e9d. Albin Michel [&hellip;]<\/p>\n","protected":false},"author":1,"featured_media":28465,"comment_status":"open","ping_status":"open","sticky":false,"template":"","format":"standard","meta":{"jetpack_post_was_ever_published":false,"_jetpack_newsletter_access":"","_jetpack_dont_email_post_to_subs":false,"_jetpack_newsletter_tier_id":0,"_jetpack_memberships_contains_paywalled_content":false,"_jetpack_memberships_contains_paid_content":false,"footnotes":""},"categories":[363],"tags":[2506,1485,1562,1911,601,1293,2916,3037,3137,705,987,1560,2917,459,843,341,620,1563,602,2918,367,3485,555,789,340,1557],"class_list":["post-11247","post","type-post","status-publish","format-standard","has-post-thumbnail","hentry","category-mini-lecteur","tag-10-13-ans","tag-13-16-ans","tag-angoisse","tag-aurelie-neyret","tag-aventure","tag-benjamin-lacombe","tag-challenge-contes-et-legendes-2022","tag-challenge-cottagecore-2022","tag-challenge-halloween-2022","tag-chat","tag-contes-modernes","tag-coraline","tag-des-livres-et-des-ecrans-en-cuisine-2022","tag-famille","tag-fantastique","tag-fantome","tag-fille","tag-horreur","tag-imaginaire","tag-le-tour-du-monde-en-80-livres-2022","tag-lecture-jeunesse","tag-neil-gaiman","tag-peur","tag-romans-jeunesse","tag-sorciere","tag-suspense","post-preview"],"jetpack_featured_media_url":"https:\/\/i0.wp.com\/www.jojoenherbe.com\/wp-content\/uploads\/2022\/10\/Nos-lectures-Coraline-scaled.jpg?fit=2560%2C2022","jetpack_sharing_enabled":true,"jetpack_shortlink":"https:\/\/wp.me\/p9zhGx-2Vp","jetpack_likes_enabled":true,"jetpack-related-posts":[{"id":11366,"url":"http:\/\/www.jojoenherbe.com\/index.php\/2020\/07\/02\/ptit-recap-du-mois-anglais-2020\/","url_meta":{"origin":11247,"position":0},"title":"P&rsquo;tit r\u00e9cap du Mois Anglais 2020","author":"Jojo","date":"2 juillet 2020","format":false,"excerpt":"Ce mois de juin 2020 a \u00e9t\u00e9 synonyme de Mois Anglais, challenge organis\u00e9 par Lou, Titine et Lamousm\u00e9 et auquel j'ai particip\u00e9 pour la premi\u00e8re fois. Que de lectures, \u00e9changes et d\u00e9couvertes anglaises! J'ai pris plaisir \u00e0 relire des auteurs et \u00e0 en d\u00e9couvrir d'autres gr\u00e2ce aux posts et billets\u2026","rel":"","context":"Dans &quot;Mini challenger&quot;","block_context":{"text":"Mini challenger","link":"http:\/\/www.jojoenherbe.com\/index.php\/category\/mini-challenger\/"},"img":{"alt_text":"","src":"https:\/\/i0.wp.com\/www.jojoenherbe.com\/wp-content\/uploads\/2020\/07\/PAL-Le-Mois-Anglais-9-scaled.jpg?fit=1200%2C874&resize=350%2C200","width":350,"height":200,"srcset":"https:\/\/i0.wp.com\/www.jojoenherbe.com\/wp-content\/uploads\/2020\/07\/PAL-Le-Mois-Anglais-9-scaled.jpg?fit=1200%2C874&resize=350%2C200 1x, https:\/\/i0.wp.com\/www.jojoenherbe.com\/wp-content\/uploads\/2020\/07\/PAL-Le-Mois-Anglais-9-scaled.jpg?fit=1200%2C874&resize=525%2C300 1.5x, https:\/\/i0.wp.com\/www.jojoenherbe.com\/wp-content\/uploads\/2020\/07\/PAL-Le-Mois-Anglais-9-scaled.jpg?fit=1200%2C874&resize=700%2C400 2x, https:\/\/i0.wp.com\/www.jojoenherbe.com\/wp-content\/uploads\/2020\/07\/PAL-Le-Mois-Anglais-9-scaled.jpg?fit=1200%2C874&resize=1050%2C600 3x"},"classes":[]},{"id":27586,"url":"http:\/\/www.jojoenherbe.com\/index.php\/2022\/09\/14\/billet-de-suivi-challenge-halloween-2022\/","url_meta":{"origin":11247,"position":1},"title":"Billet de suivi: Challenge Halloween 2022","author":"Jojo","date":"14 septembre 2022","format":false,"excerpt":"Je participe \u00e0 nouveau cette ann\u00e9e au Challenge Halloween organis\u00e9 par Hilde et Lou et qui se d\u00e9roule du 23 septembre jusqu'en novembre 2022. D\u00e8s le 23 septembre 2022, elles ouvrent les portes de leur manoir. Le challenge commence en douceur par un d\u00e9poussi\u00e9rage de PAL, premi\u00e8res suggestions halloweenesques et\u2026","rel":"","context":"Dans &quot;Mini challenger&quot;","block_context":{"text":"Mini challenger","link":"http:\/\/www.jojoenherbe.com\/index.php\/category\/mini-challenger\/"},"img":{"alt_text":"","src":"https:\/\/i0.wp.com\/www.jojoenherbe.com\/wp-content\/uploads\/2022\/09\/Challenge-Halloween-2022.jpg?fit=1080%2C1080&resize=350%2C200","width":350,"height":200,"srcset":"https:\/\/i0.wp.com\/www.jojoenherbe.com\/wp-content\/uploads\/2022\/09\/Challenge-Halloween-2022.jpg?fit=1080%2C1080&resize=350%2C200 1x, https:\/\/i0.wp.com\/www.jojoenherbe.com\/wp-content\/uploads\/2022\/09\/Challenge-Halloween-2022.jpg?fit=1080%2C1080&resize=525%2C300 1.5x, https:\/\/i0.wp.com\/www.jojoenherbe.com\/wp-content\/uploads\/2022\/09\/Challenge-Halloween-2022.jpg?fit=1080%2C1080&resize=700%2C400 2x, https:\/\/i0.wp.com\/www.jojoenherbe.com\/wp-content\/uploads\/2022\/09\/Challenge-Halloween-2022.jpg?fit=1080%2C1080&resize=1050%2C600 3x"},"classes":[]},{"id":32659,"url":"http:\/\/www.jojoenherbe.com\/index.php\/2023\/10\/16\/point-lecture-hebdomadaire-2023-41\/","url_meta":{"origin":11247,"position":2},"title":"Point lecture hebdomadaire 2023 #41","author":"Jojo","date":"16 octobre 2023","format":false,"excerpt":"En ce d\u00e9but de semaine, voici notre point lecture hebdomadaire avec un retour sur nos lectures de la semaine derni\u00e8re (mais pas nos relectures) m\u00eame si j'en ai d\u00e9j\u00e0 parl\u00e9 de certaines lors du RAT d'Halloween. Nos lectures du 9 au 15 octobre 2023: Des lectures jeunesse: Toute cette semaine,\u2026","rel":"","context":"Dans &quot;Mini blogueur&quot;","block_context":{"text":"Mini blogueur","link":"http:\/\/www.jojoenherbe.com\/index.php\/category\/mini-blogueur\/"},"img":{"alt_text":"","src":"https:\/\/i0.wp.com\/www.jojoenherbe.com\/wp-content\/uploads\/2023\/10\/Point-lecture-hebdomadaire-2023-41-scaled.jpg?fit=1200%2C818&resize=350%2C200","width":350,"height":200,"srcset":"https:\/\/i0.wp.com\/www.jojoenherbe.com\/wp-content\/uploads\/2023\/10\/Point-lecture-hebdomadaire-2023-41-scaled.jpg?fit=1200%2C818&resize=350%2C200 1x, https:\/\/i0.wp.com\/www.jojoenherbe.com\/wp-content\/uploads\/2023\/10\/Point-lecture-hebdomadaire-2023-41-scaled.jpg?fit=1200%2C818&resize=525%2C300 1.5x, https:\/\/i0.wp.com\/www.jojoenherbe.com\/wp-content\/uploads\/2023\/10\/Point-lecture-hebdomadaire-2023-41-scaled.jpg?fit=1200%2C818&resize=700%2C400 2x, https:\/\/i0.wp.com\/www.jojoenherbe.com\/wp-content\/uploads\/2023\/10\/Point-lecture-hebdomadaire-2023-41-scaled.jpg?fit=1200%2C818&resize=1050%2C600 3x"},"classes":[]},{"id":12274,"url":"http:\/\/www.jojoenherbe.com\/index.php\/2020\/09\/15\/ptit-recap-du-challenge-halloween-2020\/","url_meta":{"origin":11247,"position":3},"title":"Billet de suivi: Challenge Halloween 2020","author":"Jojo","date":"15 septembre 2020","format":false,"excerpt":"Comme l'ann\u00e9e derni\u00e8re, je participe du 15 septembre au 15 d\u00e9cembre 2020 au Challenge Halloween organis\u00e9 par Hilde et Lou. D\u00e8s le 15 septembre, elles ouvrent les portes de leur manoir pour deux mois halloweenesques. le challenge commence en douceur par un d\u00e9poussi\u00e9rage de PAL et premi\u00e8res suggestions et ambiances\u2026","rel":"","context":"Dans &quot;Mini challenger&quot;","block_context":{"text":"Mini challenger","link":"http:\/\/www.jojoenherbe.com\/index.php\/category\/mini-challenger\/"},"img":{"alt_text":"","src":"https:\/\/i0.wp.com\/www.jojoenherbe.com\/wp-content\/uploads\/2020\/09\/Challenge-Halloween-2020-scaled.jpg?fit=1200%2C1187&resize=350%2C200","width":350,"height":200,"srcset":"https:\/\/i0.wp.com\/www.jojoenherbe.com\/wp-content\/uploads\/2020\/09\/Challenge-Halloween-2020-scaled.jpg?fit=1200%2C1187&resize=350%2C200 1x, https:\/\/i0.wp.com\/www.jojoenherbe.com\/wp-content\/uploads\/2020\/09\/Challenge-Halloween-2020-scaled.jpg?fit=1200%2C1187&resize=525%2C300 1.5x, https:\/\/i0.wp.com\/www.jojoenherbe.com\/wp-content\/uploads\/2020\/09\/Challenge-Halloween-2020-scaled.jpg?fit=1200%2C1187&resize=700%2C400 2x, https:\/\/i0.wp.com\/www.jojoenherbe.com\/wp-content\/uploads\/2020\/09\/Challenge-Halloween-2020-scaled.jpg?fit=1200%2C1187&resize=1050%2C600 3x"},"classes":[]},{"id":32584,"url":"http:\/\/www.jojoenherbe.com\/index.php\/2023\/10\/13\/rat-dhalloween-2023\/","url_meta":{"origin":11247,"position":4},"title":"RAT d&rsquo;Halloween 2023","author":"Jojo","date":"13 octobre 2023","format":false,"excerpt":"Nos 2 vampirettes coorganisatrices, Hilde et Lou ont pr\u00e9vu du 13 au 15 octobre 2023 un RAT (un marathon de lectures mais pas que) dans le cadre de leur challenge Halloween 2023. \u00c2mes sensibles et superstitieuses n'ont qu'\u00e0 bien se tenir, le RAT commen\u00e7ant un vendredi 13! N'h\u00e9sitez pas \u00e0\u2026","rel":"","context":"Dans &quot;Mini challenger&quot;","block_context":{"text":"Mini challenger","link":"http:\/\/www.jojoenherbe.com\/index.php\/category\/mini-challenger\/"},"img":{"alt_text":"","src":"https:\/\/i0.wp.com\/www.jojoenherbe.com\/wp-content\/uploads\/2023\/10\/RAT-Halloween-13-15.10.23-logo.jpg?fit=1080%2C1080&resize=350%2C200","width":350,"height":200,"srcset":"https:\/\/i0.wp.com\/www.jojoenherbe.com\/wp-content\/uploads\/2023\/10\/RAT-Halloween-13-15.10.23-logo.jpg?fit=1080%2C1080&resize=350%2C200 1x, https:\/\/i0.wp.com\/www.jojoenherbe.com\/wp-content\/uploads\/2023\/10\/RAT-Halloween-13-15.10.23-logo.jpg?fit=1080%2C1080&resize=525%2C300 1.5x, https:\/\/i0.wp.com\/www.jojoenherbe.com\/wp-content\/uploads\/2023\/10\/RAT-Halloween-13-15.10.23-logo.jpg?fit=1080%2C1080&resize=700%2C400 2x, https:\/\/i0.wp.com\/www.jojoenherbe.com\/wp-content\/uploads\/2023\/10\/RAT-Halloween-13-15.10.23-logo.jpg?fit=1080%2C1080&resize=1050%2C600 3x"},"classes":[]},{"id":12976,"url":"http:\/\/www.jojoenherbe.com\/index.php\/2023\/10\/20\/notre-selection-vampires-pour-le-challenge-halloween\/","url_meta":{"origin":11247,"position":5},"title":"Notre s\u00e9lection \u00ab\u00a0Vampires\u00a0\u00bb pour le Challenge Halloween","author":"Jojo","date":"20 octobre 2023","format":false,"excerpt":"Apr\u00e8s les sorci\u00e8res, les ogres et les fant\u00f4mes en 2020, voici notre s\u00e9lection \"Vampires\" avec des livres aussi d\u00e9j\u00e0 lus et\/ou chroniqu\u00e9s les ann\u00e9es pr\u00e9c\u00e9dentes. Lorsqu'il s'agit d'une s\u00e9rie, je n'ai mentionn\u00e9 que le premier tome ou celui o\u00f9 il y a le plus de vampires. Et pour changer de\u2026","rel":"","context":"Dans &quot;Mini challenger&quot;","block_context":{"text":"Mini challenger","link":"http:\/\/www.jojoenherbe.com\/index.php\/category\/mini-challenger\/"},"img":{"alt_text":"","src":"https:\/\/i0.wp.com\/www.jojoenherbe.com\/wp-content\/uploads\/2023\/10\/Selection-Vampires-2023-scaled.jpg?fit=1200%2C857&resize=350%2C200","width":350,"height":200,"srcset":"https:\/\/i0.wp.com\/www.jojoenherbe.com\/wp-content\/uploads\/2023\/10\/Selection-Vampires-2023-scaled.jpg?fit=1200%2C857&resize=350%2C200 1x, https:\/\/i0.wp.com\/www.jojoenherbe.com\/wp-content\/uploads\/2023\/10\/Selection-Vampires-2023-scaled.jpg?fit=1200%2C857&resize=525%2C300 1.5x, https:\/\/i0.wp.com\/www.jojoenherbe.com\/wp-content\/uploads\/2023\/10\/Selection-Vampires-2023-scaled.jpg?fit=1200%2C857&resize=700%2C400 2x, https:\/\/i0.wp.com\/www.jojoenherbe.com\/wp-content\/uploads\/2023\/10\/Selection-Vampires-2023-scaled.jpg?fit=1200%2C857&resize=1050%2C600 3x"},"classes":[]}],"_links":{"self":[{"href":"http:\/\/www.jojoenherbe.com\/index.php\/wp-json\/wp\/v2\/posts\/11247","targetHints":{"allow":["GET"]}}],"collection":[{"href":"http:\/\/www.jojoenherbe.com\/index.php\/wp-json\/wp\/v2\/posts"}],"about":[{"href":"http:\/\/www.jojoenherbe.com\/index.php\/wp-json\/wp\/v2\/types\/post"}],"author":[{"embeddable":true,"href":"http:\/\/www.jojoenherbe.com\/index.php\/wp-json\/wp\/v2\/users\/1"}],"replies":[{"embeddable":true,"href":"http:\/\/www.jojoenherbe.com\/index.php\/wp-json\/wp\/v2\/comments?post=11247"}],"version-history":[{"count":35,"href":"http:\/\/www.jojoenherbe.com\/index.php\/wp-json\/wp\/v2\/posts\/11247\/revisions"}],"predecessor-version":[{"id":28655,"href":"http:\/\/www.jojoenherbe.com\/index.php\/wp-json\/wp\/v2\/posts\/11247\/revisions\/28655"}],"wp:featuredmedia":[{"embeddable":true,"href":"http:\/\/www.jojoenherbe.com\/index.php\/wp-json\/wp\/v2\/media\/28465"}],"wp:attachment":[{"href":"http:\/\/www.jojoenherbe.com\/index.php\/wp-json\/wp\/v2\/media?parent=11247"}],"wp:term":[{"taxonomy":"category","embeddable":true,"href":"http:\/\/www.jojoenherbe.com\/index.php\/wp-json\/wp\/v2\/categories?post=11247"},{"taxonomy":"post_tag","embeddable":true,"href":"http:\/\/www.jojoenherbe.com\/index.php\/wp-json\/wp\/v2\/tags?post=11247"}],"curies":[{"name":"wp","href":"https:\/\/api.w.org\/{rel}","templated":true}]}}