{"id":11226,"date":"2020-06-13T21:46:42","date_gmt":"2020-06-13T19:46:42","guid":{"rendered":"http:\/\/www.jojoenherbe.com\/?p=11226"},"modified":"2020-06-14T12:16:27","modified_gmt":"2020-06-14T10:16:27","slug":"semaine-24-du-projet-52-2020-jardin","status":"publish","type":"post","link":"http:\/\/www.jojoenherbe.com\/index.php\/2020\/06\/13\/semaine-24-du-projet-52-2020-jardin\/","title":{"rendered":"Semaine 24 du Projet 52-2020: Jardin"},"content":{"rendered":"<p style=\"text-align: justify;\"><em>Pour la semaine 24 du Projet 52-2020 de Du c\u00f4t\u00e9 de chez Ma&rsquo;, le th\u00e8me est \u00ab\u00a0<a href=\"https:\/\/ducotedechezma.wordpress.com\/2020\/06\/13\/projet-52-2020-semaine-24-jardin\/\">Jardin<\/a>\u00ab\u00a0. Ce th\u00e8me me fait imm\u00e9diatement penser \u00e0 des jardins ext\u00e9rieurs, comme ceux priv\u00e9s ou publics mais aussi \u00e0 une lecture encore r\u00e9cente, <a href=\"http:\/\/www.jojoenherbe.com\/index.php\/2020\/04\/19\/au-fil-des-pages-avec-le-jardin-secret\/\"><span style=\"text-decoration: underline;\">Le jardin secret<\/span><\/a> de Frances H. Burnett. Mais le temps pluvieux d&rsquo;aujourd&rsquo;hui n&rsquo;ayant pas permis de sortir balader, pas m\u00eame dans un jardin, je pioche dans mes archives pour illustrer le th\u00e8me de ce samedi. Finalement, j&rsquo;ai choisi un coin de jardin o\u00f9 un papillon s&rsquo;\u00e9tait pos\u00e9. <\/em><\/p>\n<p style=\"text-align: justify;\"><em><a href=\"https:\/\/i0.wp.com\/www.jojoenherbe.com\/wp-content\/uploads\/2020\/06\/Jardin-scaled.jpg\"><img data-recalc-dims=\"1\" loading=\"lazy\" decoding=\"async\" data-attachment-id=\"11232\" data-permalink=\"http:\/\/www.jojoenherbe.com\/index.php\/2020\/06\/13\/semaine-24-du-projet-52-2020-jardin\/jardin\/\" data-orig-file=\"https:\/\/i0.wp.com\/www.jojoenherbe.com\/wp-content\/uploads\/2020\/06\/Jardin-scaled.jpg?fit=2560%2C1920\" data-orig-size=\"2560,1920\" data-comments-opened=\"1\" data-image-meta=\"{&quot;aperture&quot;:&quot;5&quot;,&quot;credit&quot;:&quot;&quot;,&quot;camera&quot;:&quot;DSC-HX400V&quot;,&quot;caption&quot;:&quot;&quot;,&quot;created_timestamp&quot;:&quot;1590914123&quot;,&quot;copyright&quot;:&quot;&quot;,&quot;focal_length&quot;:&quot;43.08&quot;,&quot;iso&quot;:&quot;400&quot;,&quot;shutter_speed&quot;:&quot;0.004&quot;,&quot;title&quot;:&quot;&quot;,&quot;orientation&quot;:&quot;1&quot;}\" data-image-title=\"Jardin\" data-image-description=\"\" data-image-caption=\"\" data-large-file=\"https:\/\/i0.wp.com\/www.jojoenherbe.com\/wp-content\/uploads\/2020\/06\/Jardin-scaled.jpg?fit=676%2C507\" class=\"wp-image-11232 size-thumbnail alignright\" src=\"https:\/\/i0.wp.com\/www.jojoenherbe.com\/wp-content\/uploads\/2020\/06\/Jardin.jpg?resize=150%2C150\" alt=\"\" width=\"150\" height=\"150\" srcset=\"https:\/\/i0.wp.com\/www.jojoenherbe.com\/wp-content\/uploads\/2020\/06\/Jardin-scaled.jpg?resize=150%2C150 150w, https:\/\/i0.wp.com\/www.jojoenherbe.com\/wp-content\/uploads\/2020\/06\/Jardin-scaled.jpg?zoom=2&amp;resize=150%2C150 300w, https:\/\/i0.wp.com\/www.jojoenherbe.com\/wp-content\/uploads\/2020\/06\/Jardin-scaled.jpg?zoom=3&amp;resize=150%2C150 450w\" sizes=\"auto, (max-width: 150px) 100vw, 150px\" \/><\/a> <a href=\"https:\/\/i0.wp.com\/www.jojoenherbe.com\/wp-content\/uploads\/2020\/06\/Jardin-2-scaled.jpg\"><img data-recalc-dims=\"1\" loading=\"lazy\" decoding=\"async\" data-attachment-id=\"11231\" data-permalink=\"http:\/\/www.jojoenherbe.com\/index.php\/2020\/06\/13\/semaine-24-du-projet-52-2020-jardin\/jardin-2\/\" data-orig-file=\"https:\/\/i0.wp.com\/www.jojoenherbe.com\/wp-content\/uploads\/2020\/06\/Jardin-2-scaled.jpg?fit=1920%2C2560\" data-orig-size=\"1920,2560\" data-comments-opened=\"1\" data-image-meta=\"{&quot;aperture&quot;:&quot;5&quot;,&quot;credit&quot;:&quot;&quot;,&quot;camera&quot;:&quot;DSC-HX400V&quot;,&quot;caption&quot;:&quot;&quot;,&quot;created_timestamp&quot;:&quot;1590915387&quot;,&quot;copyright&quot;:&quot;&quot;,&quot;focal_length&quot;:&quot;63.06&quot;,&quot;iso&quot;:&quot;320&quot;,&quot;shutter_speed&quot;:&quot;0.004&quot;,&quot;title&quot;:&quot;&quot;,&quot;orientation&quot;:&quot;1&quot;}\" data-image-title=\"Jardin 2\" data-image-description=\"\" data-image-caption=\"\" data-large-file=\"https:\/\/i0.wp.com\/www.jojoenherbe.com\/wp-content\/uploads\/2020\/06\/Jardin-2-scaled.jpg?fit=676%2C901\" class=\"wp-image-11231 size-thumbnail alignright\" src=\"https:\/\/i0.wp.com\/www.jojoenherbe.com\/wp-content\/uploads\/2020\/06\/Jardin-2.jpg?resize=150%2C150\" alt=\"\" width=\"150\" height=\"150\" srcset=\"https:\/\/i0.wp.com\/www.jojoenherbe.com\/wp-content\/uploads\/2020\/06\/Jardin-2-scaled.jpg?resize=150%2C150 150w, https:\/\/i0.wp.com\/www.jojoenherbe.com\/wp-content\/uploads\/2020\/06\/Jardin-2-scaled.jpg?zoom=2&amp;resize=150%2C150 300w, https:\/\/i0.wp.com\/www.jojoenherbe.com\/wp-content\/uploads\/2020\/06\/Jardin-2-scaled.jpg?zoom=3&amp;resize=150%2C150 450w\" sizes=\"auto, (max-width: 150px) 100vw, 150px\" \/><\/a>Un jardin, c&rsquo;est un lien plein de vie, un lieu d&rsquo;exploration et de jeux d&rsquo;enfants, propice aux bons moments et doux souvenirs, comme par exemple chercher les petits animaux qui le peuplent, insectes, oiseaux, l\u00e9zards ou \u00e9cureuils, etc. Sans oublier les arbres pour y grimper! Ou bien encore les parties&nbsp; de cache-cache ou les cabanes \u00e0 construire&#8230; Et puis parfois aussi il y a le coin potager dans lequel il est rigolo de l&rsquo;arroser (fous rires garantis avec l&rsquo;arrosoir ou le jet d&rsquo;eau, surtout l&rsquo;\u00e9t\u00e9) ou d&rsquo;y chiper des fraises, des tomates ou des framboises&#8230; Bon l\u00e0, je m&rsquo;\u00e9gare dans mes souvenirs d&rsquo;enfance ou plus r\u00e9cemment de m\u00e8re. Et pour vous, \u00e0 quoi vous fait penser le mot \u00ab\u00a0Jardin\u00a0\u00bb?<br \/>\n<\/em><\/p>\n<p><img data-recalc-dims=\"1\" loading=\"lazy\" decoding=\"async\" data-attachment-id=\"1605\" data-permalink=\"http:\/\/www.jojoenherbe.com\/index.php\/2007\/03\/21\/circuit-en-raquettes-des-lacs-de-prals\/lacs-de-prals-2\/\" data-orig-file=\"https:\/\/i0.wp.com\/www.jojoenherbe.com\/wp-content\/uploads\/2007\/03\/Lacs-de-Prals-2.jpg?fit=1944%2C2592\" data-orig-size=\"1944,2592\" data-comments-opened=\"1\" data-image-meta=\"{&quot;aperture&quot;:&quot;2.8&quot;,&quot;credit&quot;:&quot;&quot;,&quot;camera&quot;:&quot;DSC-P100&quot;,&quot;caption&quot;:&quot;&quot;,&quot;created_timestamp&quot;:&quot;1174209350&quot;,&quot;copyright&quot;:&quot;&quot;,&quot;focal_length&quot;:&quot;7.9&quot;,&quot;iso&quot;:&quot;100&quot;,&quot;shutter_speed&quot;:&quot;0.01&quot;,&quot;title&quot;:&quot;&quot;,&quot;orientation&quot;:&quot;0&quot;}\" data-image-title=\"Lacs de Prals 2\" data-image-description=\"\" data-image-caption=\"\" data-large-file=\"https:\/\/i0.wp.com\/www.jojoenherbe.com\/wp-content\/uploads\/2007\/03\/Lacs-de-Prals-2.jpg?fit=676%2C901\" class=\"below-entry-meta wp-image-1605 aligncenter\" src=\"https:\/\/ducotedechezma.files.wordpress.com\/2019\/12\/52-2020_liste_themes.jpg?w=840&#038;resize=327%2C270\" sizes=\"auto, (max-width: 709px) 85vw, (max-width: 909px) 67vw, (max-width: 1362px) 62vw, 840px\" srcset=\"https:\/\/ducotedechezma.files.wordpress.com\/2019\/12\/52-2020_liste_themes.jpg?w=840 840w, https:\/\/ducotedechezma.files.wordpress.com\/2019\/12\/52-2020_liste_themes.jpg?w=150 150w, https:\/\/ducotedechezma.files.wordpress.com\/2019\/12\/52-2020_liste_themes.jpg?w=300 300w, https:\/\/ducotedechezma.files.wordpress.com\/2019\/12\/52-2020_liste_themes.jpg?w=768 768w, https:\/\/ducotedechezma.files.wordpress.com\/2019\/12\/52-2020_liste_themes.jpg 975w\" alt=\"52-2020_liste_themes\" data-attachment-id=\"1605\" data-permalink=\"https:\/\/ducotedechezma.wordpress.com\/2019\/12\/26\/projet-52-2020-et-si-on-repartait-pour-une-annee-de-photos\/52-2020_liste_themes\/\" data-orig-file=\"https:\/\/ducotedechezma.files.wordpress.com\/2019\/12\/52-2020_liste_themes.jpg\" data-orig-size=\"975,805\" data-comments-opened=\"1\" data-image-meta=\"{&quot;aperture&quot;:&quot;0&quot;,&quot;credit&quot;:&quot;&quot;,&quot;camera&quot;:&quot;&quot;,&quot;caption&quot;:&quot;&quot;,&quot;created_timestamp&quot;:&quot;0&quot;,&quot;copyright&quot;:&quot;&quot;,&quot;focal_length&quot;:&quot;0&quot;,&quot;iso&quot;:&quot;0&quot;,&quot;shutter_speed&quot;:&quot;0&quot;,&quot;title&quot;:&quot;&quot;,&quot;orientation&quot;:&quot;0&quot;}\" data-image-title=\"52-2020_liste_themes\" data-image-description=\"\" data-medium-file=\"https:\/\/ducotedechezma.files.wordpress.com\/2019\/12\/52-2020_liste_themes.jpg?w=300\" data-large-file=\"https:\/\/ducotedechezma.files.wordpress.com\/2019\/12\/52-2020_liste_themes.jpg?w=840\" width=\"327\" height=\"270\"><\/p>\n","protected":false},"excerpt":{"rendered":"<p>Pour la semaine 24 du Projet 52-2020 de Du c\u00f4t\u00e9 de chez Ma&rsquo;, le th\u00e8me est \u00ab\u00a0Jardin\u00ab\u00a0. Ce th\u00e8me me fait imm\u00e9diatement penser \u00e0 des jardins ext\u00e9rieurs, comme ceux priv\u00e9s ou publics mais aussi \u00e0 une lecture encore r\u00e9cente, Le jardin secret de Frances H. Burnett. Mais le temps pluvieux d&rsquo;aujourd&rsquo;hui n&rsquo;ayant pas permis de [&hellip;]<\/p>\n","protected":false},"author":1,"featured_media":11228,"comment_status":"open","ping_status":"open","sticky":false,"template":"","format":"standard","meta":{"jetpack_post_was_ever_published":false,"_jetpack_newsletter_access":"","_jetpack_dont_email_post_to_subs":false,"_jetpack_newsletter_tier_id":0,"_jetpack_memberships_contains_paywalled_content":false,"_jetpack_memberships_contains_paid_content":false,"footnotes":""},"categories":[437],"tags":[501,415,590,503,1115],"class_list":["post-11226","post","type-post","status-publish","format-standard","has-post-thumbnail","hentry","category-mini-photographe","tag-abeille","tag-insectes","tag-jardin","tag-papillon","tag-projet-52-2020","post-preview"],"jetpack_featured_media_url":"https:\/\/i0.wp.com\/www.jojoenherbe.com\/wp-content\/uploads\/2020\/06\/Jardin-papillon.jpg?fit=1528%2C2042","jetpack_sharing_enabled":true,"jetpack_shortlink":"https:\/\/wp.me\/p9zhGx-2V4","jetpack_likes_enabled":true,"jetpack-related-posts":[{"id":36020,"url":"http:\/\/www.jojoenherbe.com\/index.php\/2024\/05\/04\/semaine-18-du-projet-52-2024-printemps\/","url_meta":{"origin":11226,"position":0},"title":"Semaine 18 du Projet 52-2024: \u00ab\u00a0Printemps\u00a0\u00bb","author":"Jojo","date":"4 mai 2024","format":false,"excerpt":"Pour la semaine 18 du Projet 52-2024 de Du c\u00f4t\u00e9 de chez Ma\u2019, le th\u00e8me est \u00ab Printemps\u00bb. J\u2019ai choisi pour illustrer ce th\u00e8me des fleurs printani\u00e8res du jardin comme le lilas et un petit curieux qui voletait de fleur en arbre avant de partir pour d'autres horizons. C'est aussi\u2026","rel":"","context":"Dans &quot;mini photographe&quot;","block_context":{"text":"mini photographe","link":"http:\/\/www.jojoenherbe.com\/index.php\/category\/mini-photographe\/"},"img":{"alt_text":"","src":"https:\/\/i0.wp.com\/www.jojoenherbe.com\/wp-content\/uploads\/2024\/05\/jardin-printemps-2024.png?fit=1080%2C1080&resize=350%2C200","width":350,"height":200,"srcset":"https:\/\/i0.wp.com\/www.jojoenherbe.com\/wp-content\/uploads\/2024\/05\/jardin-printemps-2024.png?fit=1080%2C1080&resize=350%2C200 1x, https:\/\/i0.wp.com\/www.jojoenherbe.com\/wp-content\/uploads\/2024\/05\/jardin-printemps-2024.png?fit=1080%2C1080&resize=525%2C300 1.5x, https:\/\/i0.wp.com\/www.jojoenherbe.com\/wp-content\/uploads\/2024\/05\/jardin-printemps-2024.png?fit=1080%2C1080&resize=700%2C400 2x, https:\/\/i0.wp.com\/www.jojoenherbe.com\/wp-content\/uploads\/2024\/05\/jardin-printemps-2024.png?fit=1080%2C1080&resize=1050%2C600 3x"},"classes":[]},{"id":20472,"url":"http:\/\/www.jojoenherbe.com\/index.php\/2021\/09\/04\/semaine-35-du-projet-52-2021-se-rafraichir\/","url_meta":{"origin":11226,"position":1},"title":"Semaine 35 du Projet 52-2021: (Se) rafra\u00eechir","author":"Jojo","date":"4 septembre 2021","format":false,"excerpt":"Pour la semaine 35 du Projet 52-2021 de Du c\u00f4t\u00e9 de chez Ma', le th\u00e8me est \"(Se) rafra\u00eechir\". J'aurai pu choisir une des photos prises au canyon de Riolan de lundi dernier m\u00eame si nous n'y sommes pas baign\u00e9s. Mais j'ai finalement choisi une photo d'un \u00e9cureuil roux venu boire\u2026","rel":"","context":"Dans &quot;mini photographe&quot;","block_context":{"text":"mini photographe","link":"http:\/\/www.jojoenherbe.com\/index.php\/category\/mini-photographe\/"},"img":{"alt_text":"","src":"https:\/\/i0.wp.com\/www.jojoenherbe.com\/wp-content\/uploads\/2021\/09\/Ecureuil-roux-scaled.jpg?fit=1200%2C900&resize=350%2C200","width":350,"height":200,"srcset":"https:\/\/i0.wp.com\/www.jojoenherbe.com\/wp-content\/uploads\/2021\/09\/Ecureuil-roux-scaled.jpg?fit=1200%2C900&resize=350%2C200 1x, https:\/\/i0.wp.com\/www.jojoenherbe.com\/wp-content\/uploads\/2021\/09\/Ecureuil-roux-scaled.jpg?fit=1200%2C900&resize=525%2C300 1.5x, https:\/\/i0.wp.com\/www.jojoenherbe.com\/wp-content\/uploads\/2021\/09\/Ecureuil-roux-scaled.jpg?fit=1200%2C900&resize=700%2C400 2x, https:\/\/i0.wp.com\/www.jojoenherbe.com\/wp-content\/uploads\/2021\/09\/Ecureuil-roux-scaled.jpg?fit=1200%2C900&resize=1050%2C600 3x"},"classes":[]},{"id":34273,"url":"http:\/\/www.jojoenherbe.com\/index.php\/2024\/01\/13\/semaine-2-du-projet-52-2024-hiver\/","url_meta":{"origin":11226,"position":2},"title":"Semaine 2 du Projet 52-2024: \u00ab\u00a0Hiver\u00a0\u00bb","author":"Jojo","date":"13 janvier 2024","format":false,"excerpt":"Pour la semaine 2 du Projet 52-2024 de Du c\u00f4t\u00e9 de chez Ma\u2019, le th\u00e8me est \u00ab Hiver \u00bb. J\u2019ai choisi pour illustrer ce th\u00e8me une fleur d'hiver, le mimosa. Les mimosas ont commenc\u00e9 leur floraison depuis d\u00e9but janvier dans le Var et les Alpes-Maritimes. J'aurai pu choisir cette photo\u2026","rel":"","context":"Dans &quot;mini photographe&quot;","block_context":{"text":"mini photographe","link":"http:\/\/www.jojoenherbe.com\/index.php\/category\/mini-photographe\/"},"img":{"alt_text":"","src":"https:\/\/i0.wp.com\/www.jojoenherbe.com\/wp-content\/uploads\/2024\/01\/Mimosa-2024-scaled.jpg?fit=900%2C1200&resize=350%2C200","width":350,"height":200,"srcset":"https:\/\/i0.wp.com\/www.jojoenherbe.com\/wp-content\/uploads\/2024\/01\/Mimosa-2024-scaled.jpg?fit=900%2C1200&resize=350%2C200 1x, https:\/\/i0.wp.com\/www.jojoenherbe.com\/wp-content\/uploads\/2024\/01\/Mimosa-2024-scaled.jpg?fit=900%2C1200&resize=525%2C300 1.5x, https:\/\/i0.wp.com\/www.jojoenherbe.com\/wp-content\/uploads\/2024\/01\/Mimosa-2024-scaled.jpg?fit=900%2C1200&resize=700%2C400 2x"},"classes":[]},{"id":39633,"url":"http:\/\/www.jojoenherbe.com\/index.php\/2025\/06\/07\/semaine-23-du-projet-52-2025-chateau\/","url_meta":{"origin":11226,"position":3},"title":"Semaine 23 du Projet 52-2025: \u00ab\u00a0Ch\u00e2teau\u00a0\u00bb","author":"Jojo","date":"7 juin 2025","format":false,"excerpt":"Pour la semaine 23 du Projet 52-2025 de Du c\u00f4t\u00e9 de chez Ma\u2019, le th\u00e8me est \"Ch\u00e2teau\". J'ai tout de suite pens\u00e9 pour illustrer ce th\u00e8me \u00e0 notre derni\u00e8re visite du Ch\u00e2teau des Baux-de-Provence de la semaine derni\u00e8re, une forteresse m\u00e9di\u00e9vale semi-troglodytique du XIIe si\u00e8cle et dont on retrouve des\u2026","rel":"","context":"Dans &quot;mini photographe&quot;","block_context":{"text":"mini photographe","link":"http:\/\/www.jojoenherbe.com\/index.php\/category\/mini-photographe\/"},"img":{"alt_text":"","src":"https:\/\/i0.wp.com\/www.jojoenherbe.com\/wp-content\/uploads\/2025\/06\/chateau-des-Baux-de-Provence-scaled.jpg?fit=1200%2C981&resize=350%2C200","width":350,"height":200,"srcset":"https:\/\/i0.wp.com\/www.jojoenherbe.com\/wp-content\/uploads\/2025\/06\/chateau-des-Baux-de-Provence-scaled.jpg?fit=1200%2C981&resize=350%2C200 1x, https:\/\/i0.wp.com\/www.jojoenherbe.com\/wp-content\/uploads\/2025\/06\/chateau-des-Baux-de-Provence-scaled.jpg?fit=1200%2C981&resize=525%2C300 1.5x, https:\/\/i0.wp.com\/www.jojoenherbe.com\/wp-content\/uploads\/2025\/06\/chateau-des-Baux-de-Provence-scaled.jpg?fit=1200%2C981&resize=700%2C400 2x, https:\/\/i0.wp.com\/www.jojoenherbe.com\/wp-content\/uploads\/2025\/06\/chateau-des-Baux-de-Provence-scaled.jpg?fit=1200%2C981&resize=1050%2C600 3x"},"classes":[]},{"id":8272,"url":"http:\/\/www.jojoenherbe.com\/index.php\/2019\/11\/02\/comme-dans-un-conte-de-fees\/","url_meta":{"origin":11226,"position":4},"title":"Comme dans un conte de f\u00e9es","author":"Jojo","date":"2 novembre 2019","format":false,"excerpt":"Pour cette semaine 44 du Projet 52-2019 de Du c\u00f4t\u00e9 de chez Ma', le th\u00e8me est \"Conte\". En cette semaine d'Halloween qui est propice \u00e0 la relecture des contes et l\u00e9gendes, j'aurai pu choisir la couverture d'un livre ou un clich\u00e9 d'une repr\u00e9sentation th\u00e9\u00e2trale. Un loup, une for\u00eat, un panier\u2026","rel":"","context":"Dans &quot;mini photographe&quot;","block_context":{"text":"mini photographe","link":"http:\/\/www.jojoenherbe.com\/index.php\/category\/mini-photographe\/"},"img":{"alt_text":"","src":"https:\/\/i0.wp.com\/www.jojoenherbe.com\/wp-content\/uploads\/2019\/11\/Halaszbastya-Budapest.jpg?fit=900%2C1200&resize=350%2C200","width":350,"height":200,"srcset":"https:\/\/i0.wp.com\/www.jojoenherbe.com\/wp-content\/uploads\/2019\/11\/Halaszbastya-Budapest.jpg?fit=900%2C1200&resize=350%2C200 1x, https:\/\/i0.wp.com\/www.jojoenherbe.com\/wp-content\/uploads\/2019\/11\/Halaszbastya-Budapest.jpg?fit=900%2C1200&resize=525%2C300 1.5x, https:\/\/i0.wp.com\/www.jojoenherbe.com\/wp-content\/uploads\/2019\/11\/Halaszbastya-Budapest.jpg?fit=900%2C1200&resize=700%2C400 2x"},"classes":[]},{"id":5696,"url":"http:\/\/www.jojoenherbe.com\/index.php\/2019\/04\/28\/dhumeur-gourmande-et-enfantine-avec-des-chocolats-de-paques\/","url_meta":{"origin":11226,"position":5},"title":"D&rsquo;humeur gourmande et enfantine avec des chocolats de P\u00e2ques","author":"Jojo","date":"28 avril 2019","format":false,"excerpt":"Avec les traditionnelles chasses aux \u0153ufs de P\u00e2ques pour les enfants du week-end prolong\u00e9 dernier, me voil\u00e0 avec mon id\u00e9e de photo pour le Projet 52-2019 de Du C\u00f4t\u00e9 de Chez Ma\u2019. Le th\u00e8me de cette semaine 17 est fort \u00e0 propos puisqu'il s'agit du \"chocolat\". Qu'il est amusant de\u2026","rel":"","context":"Dans &quot;mini photographe&quot;","block_context":{"text":"mini photographe","link":"http:\/\/www.jojoenherbe.com\/index.php\/category\/mini-photographe\/"},"img":{"alt_text":"","src":"https:\/\/i0.wp.com\/www.jojoenherbe.com\/wp-content\/uploads\/2019\/04\/chasse-aux-oeufs-en-chocolat.jpg?fit=1200%2C1151&resize=350%2C200","width":350,"height":200,"srcset":"https:\/\/i0.wp.com\/www.jojoenherbe.com\/wp-content\/uploads\/2019\/04\/chasse-aux-oeufs-en-chocolat.jpg?fit=1200%2C1151&resize=350%2C200 1x, https:\/\/i0.wp.com\/www.jojoenherbe.com\/wp-content\/uploads\/2019\/04\/chasse-aux-oeufs-en-chocolat.jpg?fit=1200%2C1151&resize=525%2C300 1.5x, https:\/\/i0.wp.com\/www.jojoenherbe.com\/wp-content\/uploads\/2019\/04\/chasse-aux-oeufs-en-chocolat.jpg?fit=1200%2C1151&resize=700%2C400 2x, https:\/\/i0.wp.com\/www.jojoenherbe.com\/wp-content\/uploads\/2019\/04\/chasse-aux-oeufs-en-chocolat.jpg?fit=1200%2C1151&resize=1050%2C600 3x"},"classes":[]}],"_links":{"self":[{"href":"http:\/\/www.jojoenherbe.com\/index.php\/wp-json\/wp\/v2\/posts\/11226","targetHints":{"allow":["GET"]}}],"collection":[{"href":"http:\/\/www.jojoenherbe.com\/index.php\/wp-json\/wp\/v2\/posts"}],"about":[{"href":"http:\/\/www.jojoenherbe.com\/index.php\/wp-json\/wp\/v2\/types\/post"}],"author":[{"embeddable":true,"href":"http:\/\/www.jojoenherbe.com\/index.php\/wp-json\/wp\/v2\/users\/1"}],"replies":[{"embeddable":true,"href":"http:\/\/www.jojoenherbe.com\/index.php\/wp-json\/wp\/v2\/comments?post=11226"}],"version-history":[{"count":0,"href":"http:\/\/www.jojoenherbe.com\/index.php\/wp-json\/wp\/v2\/posts\/11226\/revisions"}],"wp:featuredmedia":[{"embeddable":true,"href":"http:\/\/www.jojoenherbe.com\/index.php\/wp-json\/wp\/v2\/media\/11228"}],"wp:attachment":[{"href":"http:\/\/www.jojoenherbe.com\/index.php\/wp-json\/wp\/v2\/media?parent=11226"}],"wp:term":[{"taxonomy":"category","embeddable":true,"href":"http:\/\/www.jojoenherbe.com\/index.php\/wp-json\/wp\/v2\/categories?post=11226"},{"taxonomy":"post_tag","embeddable":true,"href":"http:\/\/www.jojoenherbe.com\/index.php\/wp-json\/wp\/v2\/tags?post=11226"}],"curies":[{"name":"wp","href":"https:\/\/api.w.org\/{rel}","templated":true}]}}