{"id":11201,"date":"2020-06-13T12:03:55","date_gmt":"2020-06-13T10:03:55","guid":{"rendered":"http:\/\/www.jojoenherbe.com\/?p=11201"},"modified":"2022-06-15T18:23:24","modified_gmt":"2022-06-15T16:23:24","slug":"au-fil-des-pages-avec-la-potion-magique-de-georges-bouillon","status":"publish","type":"post","link":"http:\/\/www.jojoenherbe.com\/index.php\/2020\/06\/13\/au-fil-des-pages-avec-la-potion-magique-de-georges-bouillon\/","title":{"rendered":"Au fil des pages avec La potion magique de Georges Bouillon"},"content":{"rendered":"<p style=\"text-align: justify;\"><em>Sachant que le Mois Anglais 2020 allait commencer, je suis all\u00e9e r\u00e9cup\u00e9rer des livres laiss\u00e9s dans le grenier de mes parents pour constituer ma PAL de ce mois de juin. Alors pour la premi\u00e8re soir\u00e9e du RAT, j&rsquo;ai relu plus de 25 ans apr\u00e8s, un roman jeunesse \u00e9tudi\u00e9 au coll\u00e8ge: <span style=\"text-decoration: underline;\">La potion magique de Georges Bouillon<\/span> de Roald Dahl (\u00e9d. Gallimard, coll. Folio Junior, 1993), un album jeunesse \u00e0 partir de 9 ans et qui est paru pour la premi\u00e8re fois en 1981. Et comme nous sommes le 13 juin 2020, ce roman participe \u00e0 la journ\u00e9e \u00ab\u00a0Lecture jeunesse\u00a0\u00bb du Mois Anglais.<br \/>\n<\/em><\/p>\n<p style=\"text-align: justify;\"><em><a href=\"https:\/\/i0.wp.com\/www.jojoenherbe.com\/wp-content\/uploads\/2020\/06\/La-potion-magique-de-Georges-Bouillon-2-scaled.jpg\"><img data-recalc-dims=\"1\" loading=\"lazy\" decoding=\"async\" data-attachment-id=\"11204\" data-permalink=\"http:\/\/www.jojoenherbe.com\/index.php\/2020\/06\/13\/au-fil-des-pages-avec-la-potion-magique-de-georges-bouillon\/la-potion-magique-de-georges-bouillon-2\/\" data-orig-file=\"https:\/\/i0.wp.com\/www.jojoenherbe.com\/wp-content\/uploads\/2020\/06\/La-potion-magique-de-Georges-Bouillon-2-scaled.jpg?fit=2560%2C1920\" data-orig-size=\"2560,1920\" data-comments-opened=\"1\" data-image-meta=\"{&quot;aperture&quot;:&quot;1.8&quot;,&quot;credit&quot;:&quot;&quot;,&quot;camera&quot;:&quot;iPhone 7&quot;,&quot;caption&quot;:&quot;&quot;,&quot;created_timestamp&quot;:&quot;1592048348&quot;,&quot;copyright&quot;:&quot;&quot;,&quot;focal_length&quot;:&quot;3.99&quot;,&quot;iso&quot;:&quot;80&quot;,&quot;shutter_speed&quot;:&quot;0.2&quot;,&quot;title&quot;:&quot;&quot;,&quot;orientation&quot;:&quot;1&quot;}\" data-image-title=\"La potion magique de Georges Bouillon 2\" data-image-description=\"\" data-image-caption=\"\" data-large-file=\"https:\/\/i0.wp.com\/www.jojoenherbe.com\/wp-content\/uploads\/2020\/06\/La-potion-magique-de-Georges-Bouillon-2-scaled.jpg?fit=676%2C507\" class=\"alignleft size-thumbnail wp-image-11204\" src=\"https:\/\/i0.wp.com\/www.jojoenherbe.com\/wp-content\/uploads\/2020\/06\/La-potion-magique-de-Georges-Bouillon-2.jpg?resize=150%2C150\" alt=\"\" width=\"150\" height=\"150\" srcset=\"https:\/\/i0.wp.com\/www.jojoenherbe.com\/wp-content\/uploads\/2020\/06\/La-potion-magique-de-Georges-Bouillon-2-scaled.jpg?resize=150%2C150 150w, https:\/\/i0.wp.com\/www.jojoenherbe.com\/wp-content\/uploads\/2020\/06\/La-potion-magique-de-Georges-Bouillon-2-scaled.jpg?zoom=2&amp;resize=150%2C150 300w, https:\/\/i0.wp.com\/www.jojoenherbe.com\/wp-content\/uploads\/2020\/06\/La-potion-magique-de-Georges-Bouillon-2-scaled.jpg?zoom=3&amp;resize=150%2C150 450w\" sizes=\"auto, (max-width: 150px) 100vw, 150px\" \/><\/a> <a href=\"https:\/\/i0.wp.com\/www.jojoenherbe.com\/wp-content\/uploads\/2020\/06\/La-potion-magique-de-Georges-Bouillon-3-scaled.jpg\"><img data-recalc-dims=\"1\" loading=\"lazy\" decoding=\"async\" data-attachment-id=\"11205\" data-permalink=\"http:\/\/www.jojoenherbe.com\/index.php\/2020\/06\/13\/au-fil-des-pages-avec-la-potion-magique-de-georges-bouillon\/la-potion-magique-de-georges-bouillon-3\/\" data-orig-file=\"https:\/\/i0.wp.com\/www.jojoenherbe.com\/wp-content\/uploads\/2020\/06\/La-potion-magique-de-Georges-Bouillon-3-scaled.jpg?fit=2560%2C1920\" data-orig-size=\"2560,1920\" data-comments-opened=\"1\" data-image-meta=\"{&quot;aperture&quot;:&quot;1.8&quot;,&quot;credit&quot;:&quot;&quot;,&quot;camera&quot;:&quot;iPhone 7&quot;,&quot;caption&quot;:&quot;&quot;,&quot;created_timestamp&quot;:&quot;1592048452&quot;,&quot;copyright&quot;:&quot;&quot;,&quot;focal_length&quot;:&quot;3.99&quot;,&quot;iso&quot;:&quot;100&quot;,&quot;shutter_speed&quot;:&quot;0.16666666666667&quot;,&quot;title&quot;:&quot;&quot;,&quot;orientation&quot;:&quot;1&quot;}\" data-image-title=\"La potion magique de Georges Bouillon 3\" data-image-description=\"\" data-image-caption=\"\" data-large-file=\"https:\/\/i0.wp.com\/www.jojoenherbe.com\/wp-content\/uploads\/2020\/06\/La-potion-magique-de-Georges-Bouillon-3-scaled.jpg?fit=676%2C507\" class=\"alignleft size-thumbnail wp-image-11205\" src=\"https:\/\/i0.wp.com\/www.jojoenherbe.com\/wp-content\/uploads\/2020\/06\/La-potion-magique-de-Georges-Bouillon-3.jpg?resize=150%2C150\" alt=\"\" width=\"150\" height=\"150\" srcset=\"https:\/\/i0.wp.com\/www.jojoenherbe.com\/wp-content\/uploads\/2020\/06\/La-potion-magique-de-Georges-Bouillon-3-scaled.jpg?resize=150%2C150 150w, https:\/\/i0.wp.com\/www.jojoenherbe.com\/wp-content\/uploads\/2020\/06\/La-potion-magique-de-Georges-Bouillon-3-scaled.jpg?zoom=2&amp;resize=150%2C150 300w, https:\/\/i0.wp.com\/www.jojoenherbe.com\/wp-content\/uploads\/2020\/06\/La-potion-magique-de-Georges-Bouillon-3-scaled.jpg?zoom=3&amp;resize=150%2C150 450w\" sizes=\"auto, (max-width: 150px) 100vw, 150px\" \/><\/a>Un samedi matin, Georges, un petit gar\u00e7on de 8 ans, reste seul avec sa grand-m\u00e8re \u00e0 la maison, une ferme dans la campagne anglaise. Mais Georges n&rsquo;appr\u00e9cie gu\u00e8re Grandma, sa grand-m\u00e8re vieille, aigrie, petite et grincheuse qu&rsquo;il compare \u00e0 une sorci\u00e8re. Elle ne se cesse d&rsquo;ailleurs toute la matin\u00e9e de r\u00e2ler et de lui faire peur, tout en lui rappelant de ne pas oublier de lui donner son m\u00e9dicament \u00e0 11h00. C&rsquo;est alors que Georges a l&rsquo;id\u00e9e de remplacer son m\u00e9dicament par une potion magique, pensant ainsi changer le caract\u00e8re de sa grand-m\u00e8re et m\u00eame s&rsquo;en d\u00e9barrasser. Il va ainsi de pi\u00e8ce en pi\u00e8ce pour fabriquer la potion, m\u00e9langeant des produits plus dangereux et toxiques les uns que les autres: des lotions dans la salle de bain, des m\u00e9dicaments pour animaux de la ferme dans la grange et m\u00eame des\u00a0 pots de peinture, etc&#8230; Et \u00e0 11 heures, il fait boire un peu de potion \u00e0 sa grand-m\u00e8re qui va grandir, grandir&#8230; Sa grand-m\u00e8re va-t-elle revenir comme avant? Comment vont r\u00e9agir ses parents \u00e0 leur retour?<br \/>\n<\/em><\/p>\n<p style=\"text-align: justify;\"><em><a href=\"https:\/\/i0.wp.com\/www.jojoenherbe.com\/wp-content\/uploads\/2020\/06\/La-potion-magique-de-Georges-Bouillon-4-scaled.jpg\"><img data-recalc-dims=\"1\" loading=\"lazy\" decoding=\"async\" data-attachment-id=\"11206\" data-permalink=\"http:\/\/www.jojoenherbe.com\/index.php\/2020\/06\/13\/au-fil-des-pages-avec-la-potion-magique-de-georges-bouillon\/la-potion-magique-de-georges-bouillon-4\/\" data-orig-file=\"https:\/\/i0.wp.com\/www.jojoenherbe.com\/wp-content\/uploads\/2020\/06\/La-potion-magique-de-Georges-Bouillon-4-scaled.jpg?fit=2560%2C1919\" data-orig-size=\"2560,1919\" data-comments-opened=\"1\" data-image-meta=\"{&quot;aperture&quot;:&quot;1.8&quot;,&quot;credit&quot;:&quot;&quot;,&quot;camera&quot;:&quot;iPhone 7&quot;,&quot;caption&quot;:&quot;&quot;,&quot;created_timestamp&quot;:&quot;1592048525&quot;,&quot;copyright&quot;:&quot;&quot;,&quot;focal_length&quot;:&quot;3.99&quot;,&quot;iso&quot;:&quot;100&quot;,&quot;shutter_speed&quot;:&quot;0.2&quot;,&quot;title&quot;:&quot;&quot;,&quot;orientation&quot;:&quot;1&quot;}\" data-image-title=\"La potion magique de Georges Bouillon 4\" data-image-description=\"\" data-image-caption=\"\" data-large-file=\"https:\/\/i0.wp.com\/www.jojoenherbe.com\/wp-content\/uploads\/2020\/06\/La-potion-magique-de-Georges-Bouillon-4-scaled.jpg?fit=676%2C506\" class=\"size-thumbnail wp-image-11206 alignright\" src=\"https:\/\/i0.wp.com\/www.jojoenherbe.com\/wp-content\/uploads\/2020\/06\/La-potion-magique-de-Georges-Bouillon-4.jpg?resize=150%2C150\" alt=\"\" width=\"150\" height=\"150\" srcset=\"https:\/\/i0.wp.com\/www.jojoenherbe.com\/wp-content\/uploads\/2020\/06\/La-potion-magique-de-Georges-Bouillon-4-scaled.jpg?resize=150%2C150 150w, https:\/\/i0.wp.com\/www.jojoenherbe.com\/wp-content\/uploads\/2020\/06\/La-potion-magique-de-Georges-Bouillon-4-scaled.jpg?zoom=2&amp;resize=150%2C150 300w, https:\/\/i0.wp.com\/www.jojoenherbe.com\/wp-content\/uploads\/2020\/06\/La-potion-magique-de-Georges-Bouillon-4-scaled.jpg?zoom=3&amp;resize=150%2C150 450w\" sizes=\"auto, (max-width: 150px) 100vw, 150px\" \/><\/a>De ma pr\u00e9c\u00e9dente lecture, je ne me souvenais que de peu de choses si ce n&rsquo;est qu&rsquo;il s&rsquo;agissait d&rsquo;une histoire magique, dr\u00f4le et qu&rsquo;elle m&rsquo;avait plu. Avec cette relecture adulte et de parent, je pensais \u00ab\u00a0Olala que de produits toxiques mis dans les mains d&rsquo;un enfant!\u00a0\u00bb. Et forc\u00e9ment, quand les effets magiques de la potion se r\u00e9alisent, je suis aussi surprise que le jeune h\u00e9ros, m&rsquo;attendant au pire pour cette grand-m\u00e8re pourtant si antipathique. Pour les enfants, ce sont surtout le comique de r\u00e9p\u00e9tition et les transformations de la grand-m\u00e8re et des animaux qui font rire, grandissant ou rapetissant \u00e0 la mani\u00e8re d&rsquo;<span style=\"text-decoration: underline;\">Alice au Pays des Merveilles<\/span>. Mais l&rsquo;histoire ne se r\u00e9sume point \u00e0 cela puisque l&rsquo;auteur aborde, avec humour, les relations familiales o\u00f9 des tensions peuvent exister entre les membres de la famille, le p\u00e8re de Georges n&rsquo;appr\u00e9ciant pas non plus sa belle-m\u00e8re mais aussi une critique de l&rsquo;\u00e9levage intensif et de l&rsquo;utilisation d&rsquo;engrais chimiques et pesticides.<\/em><\/p>\n<p style=\"text-align: justify;\"><em>Un bon moment de lecture qui me donne envie de relire <span style=\"text-decoration: underline;\">Le Bon gros g\u00e9ant<\/span> ou <span style=\"text-decoration: underline;\">Matilda<\/span>! Les illustrations expressives et en noir et blanc de Quentin Blake accompagnent \u00e0 merveille le r\u00e9cit, donnant vie aux transformations loufoques de la potion magique sur la grand-m\u00e8re qui a vraiment l&rsquo;air d&rsquo;une sorci\u00e8re terrifiante et sur d&rsquo;autres animaux de la ferme!<br \/>\n<\/em><\/p>\n<div id=\"attachment_26558\" style=\"width: 167px\" class=\"wp-caption aligncenter\"><img data-recalc-dims=\"1\" loading=\"lazy\" decoding=\"async\" aria-describedby=\"caption-attachment-26558\" class=\"wp-image-26558\" src=\"https:\/\/i0.wp.com\/www.myloubook.com\/wp-content\/uploads\/2020\/06\/Logo-RAT-mois-anglais-02.png?resize=157%2C157\" sizes=\"auto, (max-width: 1080px) 100vw, 1080px\" srcset=\"http:\/\/www.myloubook.com\/wp-content\/uploads\/2020\/06\/Logo-RAT-mois-anglais-02.png 1080w, http:\/\/www.myloubook.com\/wp-content\/uploads\/2020\/06\/Logo-RAT-mois-anglais-02-150x150.png 150w, http:\/\/www.myloubook.com\/wp-content\/uploads\/2020\/06\/Logo-RAT-mois-anglais-02-300x300.png 300w, http:\/\/www.myloubook.com\/wp-content\/uploads\/2020\/06\/Logo-RAT-mois-anglais-02-768x768.png 768w, http:\/\/www.myloubook.com\/wp-content\/uploads\/2020\/06\/Logo-RAT-mois-anglais-02-1024x1024.png 1024w, http:\/\/www.myloubook.com\/wp-content\/uploads\/2020\/06\/Logo-RAT-mois-anglais-02-640x640.png 640w\" alt=\"\" width=\"157\" height=\"157\" \/><p id=\"caption-attachment-26558\" class=\"wp-caption-text\">Le Mois Anglais de <a href=\"http:\/\/www.myloubook.com\/2020\/06\/08\/read-a-thon-le-mois-anglais-2020\/\">Lou<\/a> et <a href=\"https:\/\/plaisirsacultiver.com\/2020\/06\/08\/read-a-thon-mois-anglais-2020\/\">Titine<\/a>\u00a0 #Lecture jeunesse<\/p><\/div>\n","protected":false},"excerpt":{"rendered":"<p>Sachant que le Mois Anglais 2020 allait commencer, je suis all\u00e9e r\u00e9cup\u00e9rer des livres laiss\u00e9s dans le grenier de mes parents pour constituer ma PAL de ce mois de juin. Alors pour la premi\u00e8re soir\u00e9e du RAT, j&rsquo;ai relu plus de 25 ans apr\u00e8s, un roman jeunesse \u00e9tudi\u00e9 au coll\u00e8ge: La potion magique de Georges [&hellip;]<\/p>\n","protected":false},"author":1,"featured_media":11207,"comment_status":"open","ping_status":"open","sticky":false,"template":"","format":"standard","meta":{"jetpack_post_was_ever_published":false,"_jetpack_newsletter_access":"","_jetpack_dont_email_post_to_subs":false,"_jetpack_newsletter_tier_id":0,"_jetpack_memberships_contains_paywalled_content":false,"_jetpack_memberships_contains_paid_content":false,"footnotes":""},"categories":[363],"tags":[852,868,459,1468,1482,538,1556,1290,869,1559,340],"class_list":["post-11201","post","type-post","status-publish","format-standard","has-post-thumbnail","hentry","category-mini-lecteur","tag-9-12-ans","tag-enfance","tag-famille","tag-ferme","tag-grand-mere","tag-humour","tag-le-mois-anglais-2020","tag-merveilleux","tag-potions-magiques","tag-roald-dahl","tag-sorciere","post-preview"],"jetpack_featured_media_url":"https:\/\/i0.wp.com\/www.jojoenherbe.com\/wp-content\/uploads\/2020\/06\/La-potion-magique-de-Georges-Bouillon-1-scaled.jpg?fit=2560%2C2166","jetpack_sharing_enabled":true,"jetpack_shortlink":"https:\/\/wp.me\/p9zhGx-2UF","jetpack_likes_enabled":true,"jetpack-related-posts":[{"id":11366,"url":"http:\/\/www.jojoenherbe.com\/index.php\/2020\/07\/02\/ptit-recap-du-mois-anglais-2020\/","url_meta":{"origin":11201,"position":0},"title":"P&rsquo;tit r\u00e9cap du Mois Anglais 2020","author":"Jojo","date":"2 juillet 2020","format":false,"excerpt":"Ce mois de juin 2020 a \u00e9t\u00e9 synonyme de Mois Anglais, challenge organis\u00e9 par Lou, Titine et Lamousm\u00e9 et auquel j'ai particip\u00e9 pour la premi\u00e8re fois. Que de lectures, \u00e9changes et d\u00e9couvertes anglaises! J'ai pris plaisir \u00e0 relire des auteurs et \u00e0 en d\u00e9couvrir d'autres gr\u00e2ce aux posts et billets\u2026","rel":"","context":"Dans &quot;Mini challenger&quot;","block_context":{"text":"Mini challenger","link":"http:\/\/www.jojoenherbe.com\/index.php\/category\/mini-challenger\/"},"img":{"alt_text":"","src":"https:\/\/i0.wp.com\/www.jojoenherbe.com\/wp-content\/uploads\/2020\/07\/PAL-Le-Mois-Anglais-9-scaled.jpg?fit=1200%2C874&resize=350%2C200","width":350,"height":200,"srcset":"https:\/\/i0.wp.com\/www.jojoenherbe.com\/wp-content\/uploads\/2020\/07\/PAL-Le-Mois-Anglais-9-scaled.jpg?fit=1200%2C874&resize=350%2C200 1x, https:\/\/i0.wp.com\/www.jojoenherbe.com\/wp-content\/uploads\/2020\/07\/PAL-Le-Mois-Anglais-9-scaled.jpg?fit=1200%2C874&resize=525%2C300 1.5x, https:\/\/i0.wp.com\/www.jojoenherbe.com\/wp-content\/uploads\/2020\/07\/PAL-Le-Mois-Anglais-9-scaled.jpg?fit=1200%2C874&resize=700%2C400 2x, https:\/\/i0.wp.com\/www.jojoenherbe.com\/wp-content\/uploads\/2020\/07\/PAL-Le-Mois-Anglais-9-scaled.jpg?fit=1200%2C874&resize=1050%2C600 3x"},"classes":[]},{"id":11175,"url":"http:\/\/www.jojoenherbe.com\/index.php\/2020\/06\/12\/rat-du-mois-anglais-2020\/","url_meta":{"origin":11201,"position":1},"title":"RAT du Mois Anglais 2020","author":"Jojo","date":"12 juin 2020","format":false,"excerpt":"Ce jour, 12 juin 2020 commence le RAT du Mois Anglais qui est pr\u00e9vu jusqu'au 14 juin 2020 minuit. Encore un bon moment de lecture partag\u00e9e tout ce week-end mais pas que! Dans ma PAL, il y a surtout des relectures mais de livres que j'ai lus il y a\u2026","rel":"","context":"Dans &quot;Mini challenger&quot;","block_context":{"text":"Mini challenger","link":"http:\/\/www.jojoenherbe.com\/index.php\/category\/mini-challenger\/"},"img":{"alt_text":"","src":"https:\/\/i0.wp.com\/www.jojoenherbe.com\/wp-content\/uploads\/2020\/06\/PAL-du-RAT-Mois-Anglais-scaled.jpg?fit=1200%2C1140&resize=350%2C200","width":350,"height":200,"srcset":"https:\/\/i0.wp.com\/www.jojoenherbe.com\/wp-content\/uploads\/2020\/06\/PAL-du-RAT-Mois-Anglais-scaled.jpg?fit=1200%2C1140&resize=350%2C200 1x, https:\/\/i0.wp.com\/www.jojoenherbe.com\/wp-content\/uploads\/2020\/06\/PAL-du-RAT-Mois-Anglais-scaled.jpg?fit=1200%2C1140&resize=525%2C300 1.5x, https:\/\/i0.wp.com\/www.jojoenherbe.com\/wp-content\/uploads\/2020\/06\/PAL-du-RAT-Mois-Anglais-scaled.jpg?fit=1200%2C1140&resize=700%2C400 2x, https:\/\/i0.wp.com\/www.jojoenherbe.com\/wp-content\/uploads\/2020\/06\/PAL-du-RAT-Mois-Anglais-scaled.jpg?fit=1200%2C1140&resize=1050%2C600 3x"},"classes":[]},{"id":18489,"url":"http:\/\/www.jojoenherbe.com\/index.php\/2021\/05\/25\/billet-de-suivi-le-mois-anglais-2021\/","url_meta":{"origin":11201,"position":2},"title":"Billet de suivi: Le Mois Anglais 2021","author":"Jojo","date":"25 mai 2021","format":false,"excerpt":"En juin 2021, ce sera les 10 ans du Mois Anglais coorganis\u00e9 par Lou, Titine et Cryssilda qui ont pr\u00e9vu, pour l'occasion, un programme facultatif et qui poursuit cette ann\u00e9e sp\u00e9ciale 10 ans, A Year in England 2021. Cela tombe bien, j'appr\u00e9cie beaucoup la litt\u00e9rature anglo-saxonne et nous allons donc\u2026","rel":"","context":"Dans &quot;Mini challenger&quot;","block_context":{"text":"Mini challenger","link":"http:\/\/www.jojoenherbe.com\/index.php\/category\/mini-challenger\/"},"img":{"alt_text":"","src":"https:\/\/i0.wp.com\/www.jojoenherbe.com\/wp-content\/uploads\/2021\/05\/Le-Mois-Anglais-2021.png?fit=1080%2C1080&resize=350%2C200","width":350,"height":200,"srcset":"https:\/\/i0.wp.com\/www.jojoenherbe.com\/wp-content\/uploads\/2021\/05\/Le-Mois-Anglais-2021.png?fit=1080%2C1080&resize=350%2C200 1x, https:\/\/i0.wp.com\/www.jojoenherbe.com\/wp-content\/uploads\/2021\/05\/Le-Mois-Anglais-2021.png?fit=1080%2C1080&resize=525%2C300 1.5x, https:\/\/i0.wp.com\/www.jojoenherbe.com\/wp-content\/uploads\/2021\/05\/Le-Mois-Anglais-2021.png?fit=1080%2C1080&resize=700%2C400 2x, https:\/\/i0.wp.com\/www.jojoenherbe.com\/wp-content\/uploads\/2021\/05\/Le-Mois-Anglais-2021.png?fit=1080%2C1080&resize=1050%2C600 3x"},"classes":[]},{"id":30961,"url":"http:\/\/www.jojoenherbe.com\/index.php\/2023\/06\/01\/billet-de-suivi-le-mois-anglais-2023\/","url_meta":{"origin":11201,"position":3},"title":"Billet de suivi: Le Mois Anglais 2023","author":"Jojo","date":"1 juin 2023","format":false,"excerpt":"Comme d\u00e9j\u00e0 depuis plusieurs ann\u00e9es, je participe tout au long du mois de juin 2023 au challenge Le Mois Anglais 2023. Un\u00a0 programme facultatif a \u00e9t\u00e9 pr\u00e9vu par les deux coorganisatrices,\u00a0Lou et Titine. Pour plus d\u2019infos, n\u2019h\u00e9sitez pas \u00e0 aller sur leurs blogs. Ce billet sera actualis\u00e9 au fil du\u2026","rel":"","context":"Dans &quot;Mini blogueur&quot;","block_context":{"text":"Mini blogueur","link":"http:\/\/www.jojoenherbe.com\/index.php\/category\/mini-blogueur\/"},"img":{"alt_text":"","src":"https:\/\/i0.wp.com\/www.jojoenherbe.com\/wp-content\/uploads\/2023\/05\/Le-Mois-anglais-2023_4.png?fit=1200%2C1200&resize=350%2C200","width":350,"height":200,"srcset":"https:\/\/i0.wp.com\/www.jojoenherbe.com\/wp-content\/uploads\/2023\/05\/Le-Mois-anglais-2023_4.png?fit=1200%2C1200&resize=350%2C200 1x, https:\/\/i0.wp.com\/www.jojoenherbe.com\/wp-content\/uploads\/2023\/05\/Le-Mois-anglais-2023_4.png?fit=1200%2C1200&resize=525%2C300 1.5x, https:\/\/i0.wp.com\/www.jojoenherbe.com\/wp-content\/uploads\/2023\/05\/Le-Mois-anglais-2023_4.png?fit=1200%2C1200&resize=700%2C400 2x, https:\/\/i0.wp.com\/www.jojoenherbe.com\/wp-content\/uploads\/2023\/05\/Le-Mois-anglais-2023_4.png?fit=1200%2C1200&resize=1050%2C600 3x"},"classes":[]},{"id":39554,"url":"http:\/\/www.jojoenherbe.com\/index.php\/2025\/06\/01\/billet-de-suivi-le-mois-anglais-2025\/","url_meta":{"origin":11201,"position":4},"title":"Billet de suivi: Le Mois Anglais 2025","author":"Jojo","date":"1 juin 2025","format":false,"excerpt":"Comme d\u00e9j\u00e0 depuis plusieurs ann\u00e9es, je participe tout au long du mois de juin au challenge Le Mois Anglais 2025 coorganis\u00e9 par Lou et Titine. Le programme est libre. J'ai pr\u00e9vu plusieurs lectures, un atelier cr\u00e9atif avec les copinautes Syl, Isabelle et Hilde ainsi que des pauses gourmandes avec la\u2026","rel":"","context":"Dans &quot;Mini blogueur&quot;","block_context":{"text":"Mini blogueur","link":"http:\/\/www.jojoenherbe.com\/index.php\/category\/mini-blogueur\/"},"img":{"alt_text":"","src":"https:\/\/i0.wp.com\/www.jojoenherbe.com\/wp-content\/uploads\/2025\/06\/Le-Mois-Anglais-2025-logo.jpg?fit=768%2C960&resize=350%2C200","width":350,"height":200,"srcset":"https:\/\/i0.wp.com\/www.jojoenherbe.com\/wp-content\/uploads\/2025\/06\/Le-Mois-Anglais-2025-logo.jpg?fit=768%2C960&resize=350%2C200 1x, https:\/\/i0.wp.com\/www.jojoenherbe.com\/wp-content\/uploads\/2025\/06\/Le-Mois-Anglais-2025-logo.jpg?fit=768%2C960&resize=525%2C300 1.5x, https:\/\/i0.wp.com\/www.jojoenherbe.com\/wp-content\/uploads\/2025\/06\/Le-Mois-Anglais-2025-logo.jpg?fit=768%2C960&resize=700%2C400 2x"},"classes":[]},{"id":36255,"url":"http:\/\/www.jojoenherbe.com\/index.php\/2024\/06\/01\/billet-de-suivi-le-mois-anglais-2024\/","url_meta":{"origin":11201,"position":5},"title":"Billet de suivi: Le Mois Anglais 2024","author":"Jojo","date":"1 juin 2024","format":false,"excerpt":"Comme d\u00e9j\u00e0 depuis plusieurs ann\u00e9es, je participe tout au long du mois de juin au challenge Le Mois Anglais 2024 coorganis\u00e9 par Lou et Titine. Pour cette nouvelle \u00e9dition, le programme est libre. J'ai pr\u00e9vu plusieurs lectures, un atelier cr\u00e9atif \u00a0avec les copinautes Syl, Isabelle et Hilde ainsi que des\u2026","rel":"","context":"Dans &quot;Mini challenger&quot;","block_context":{"text":"Mini challenger","link":"http:\/\/www.jojoenherbe.com\/index.php\/category\/mini-challenger\/"},"img":{"alt_text":"","src":"https:\/\/i0.wp.com\/www.jojoenherbe.com\/wp-content\/uploads\/2024\/06\/Le-Mois-Anglais-2024-logo.jpg?fit=1080%2C1080&resize=350%2C200","width":350,"height":200,"srcset":"https:\/\/i0.wp.com\/www.jojoenherbe.com\/wp-content\/uploads\/2024\/06\/Le-Mois-Anglais-2024-logo.jpg?fit=1080%2C1080&resize=350%2C200 1x, https:\/\/i0.wp.com\/www.jojoenherbe.com\/wp-content\/uploads\/2024\/06\/Le-Mois-Anglais-2024-logo.jpg?fit=1080%2C1080&resize=525%2C300 1.5x, https:\/\/i0.wp.com\/www.jojoenherbe.com\/wp-content\/uploads\/2024\/06\/Le-Mois-Anglais-2024-logo.jpg?fit=1080%2C1080&resize=700%2C400 2x, https:\/\/i0.wp.com\/www.jojoenherbe.com\/wp-content\/uploads\/2024\/06\/Le-Mois-Anglais-2024-logo.jpg?fit=1080%2C1080&resize=1050%2C600 3x"},"classes":[]}],"_links":{"self":[{"href":"http:\/\/www.jojoenherbe.com\/index.php\/wp-json\/wp\/v2\/posts\/11201","targetHints":{"allow":["GET"]}}],"collection":[{"href":"http:\/\/www.jojoenherbe.com\/index.php\/wp-json\/wp\/v2\/posts"}],"about":[{"href":"http:\/\/www.jojoenherbe.com\/index.php\/wp-json\/wp\/v2\/types\/post"}],"author":[{"embeddable":true,"href":"http:\/\/www.jojoenherbe.com\/index.php\/wp-json\/wp\/v2\/users\/1"}],"replies":[{"embeddable":true,"href":"http:\/\/www.jojoenherbe.com\/index.php\/wp-json\/wp\/v2\/comments?post=11201"}],"version-history":[{"count":1,"href":"http:\/\/www.jojoenherbe.com\/index.php\/wp-json\/wp\/v2\/posts\/11201\/revisions"}],"predecessor-version":[{"id":26024,"href":"http:\/\/www.jojoenherbe.com\/index.php\/wp-json\/wp\/v2\/posts\/11201\/revisions\/26024"}],"wp:featuredmedia":[{"embeddable":true,"href":"http:\/\/www.jojoenherbe.com\/index.php\/wp-json\/wp\/v2\/media\/11207"}],"wp:attachment":[{"href":"http:\/\/www.jojoenherbe.com\/index.php\/wp-json\/wp\/v2\/media?parent=11201"}],"wp:term":[{"taxonomy":"category","embeddable":true,"href":"http:\/\/www.jojoenherbe.com\/index.php\/wp-json\/wp\/v2\/categories?post=11201"},{"taxonomy":"post_tag","embeddable":true,"href":"http:\/\/www.jojoenherbe.com\/index.php\/wp-json\/wp\/v2\/tags?post=11201"}],"curies":[{"name":"wp","href":"https:\/\/api.w.org\/{rel}","templated":true}]}}