{"id":11142,"date":"2020-06-05T22:33:28","date_gmt":"2020-06-05T20:33:28","guid":{"rendered":"http:\/\/www.jojoenherbe.com\/?p=11142"},"modified":"2021-10-04T09:00:24","modified_gmt":"2021-10-04T07:00:24","slug":"au-fil-des-pages-avec-les-loups","status":"publish","type":"post","link":"http:\/\/www.jojoenherbe.com\/index.php\/2020\/06\/05\/au-fil-des-pages-avec-les-loups\/","title":{"rendered":"Au fil des pages avec Les loups"},"content":{"rendered":"<p style=\"text-align: justify;\"><em><a href=\"https:\/\/i0.wp.com\/www.jojoenherbe.com\/wp-content\/uploads\/2020\/06\/Les-loups-2-scaled.jpg\"><img data-recalc-dims=\"1\" loading=\"lazy\" decoding=\"async\" data-attachment-id=\"11143\" data-permalink=\"http:\/\/www.jojoenherbe.com\/index.php\/2020\/06\/05\/au-fil-des-pages-avec-les-loups\/les-loups-2\/\" data-orig-file=\"https:\/\/i0.wp.com\/www.jojoenherbe.com\/wp-content\/uploads\/2020\/06\/Les-loups-2-scaled.jpg?fit=2560%2C1484\" data-orig-size=\"2560,1484\" data-comments-opened=\"1\" data-image-meta=\"{&quot;aperture&quot;:&quot;2.4&quot;,&quot;credit&quot;:&quot;&quot;,&quot;camera&quot;:&quot;iPhone 4S&quot;,&quot;caption&quot;:&quot;&quot;,&quot;created_timestamp&quot;:&quot;1583852032&quot;,&quot;copyright&quot;:&quot;&quot;,&quot;focal_length&quot;:&quot;4.28&quot;,&quot;iso&quot;:&quot;80&quot;,&quot;shutter_speed&quot;:&quot;0.05&quot;,&quot;title&quot;:&quot;&quot;,&quot;orientation&quot;:&quot;1&quot;}\" data-image-title=\"Les loups 2\" data-image-description=\"\" data-image-caption=\"\" data-large-file=\"https:\/\/i0.wp.com\/www.jojoenherbe.com\/wp-content\/uploads\/2020\/06\/Les-loups-2-scaled.jpg?fit=676%2C392\" class=\"alignleft size-thumbnail wp-image-11143\" src=\"https:\/\/i0.wp.com\/www.jojoenherbe.com\/wp-content\/uploads\/2020\/06\/Les-loups-2.jpg?resize=150%2C150\" alt=\"\" width=\"150\" height=\"150\" srcset=\"https:\/\/i0.wp.com\/www.jojoenherbe.com\/wp-content\/uploads\/2020\/06\/Les-loups-2-scaled.jpg?resize=150%2C150 150w, https:\/\/i0.wp.com\/www.jojoenherbe.com\/wp-content\/uploads\/2020\/06\/Les-loups-2-scaled.jpg?zoom=2&amp;resize=150%2C150 300w, https:\/\/i0.wp.com\/www.jojoenherbe.com\/wp-content\/uploads\/2020\/06\/Les-loups-2-scaled.jpg?zoom=3&amp;resize=150%2C150 450w\" sizes=\"auto, (max-width: 150px) 100vw, 150px\" \/><\/a> <a href=\"https:\/\/i0.wp.com\/www.jojoenherbe.com\/wp-content\/uploads\/2020\/06\/Les-loups-4-scaled.jpg\"><img data-recalc-dims=\"1\" loading=\"lazy\" decoding=\"async\" data-attachment-id=\"11145\" data-permalink=\"http:\/\/www.jojoenherbe.com\/index.php\/2020\/06\/05\/au-fil-des-pages-avec-les-loups\/les-loups-4\/\" data-orig-file=\"https:\/\/i0.wp.com\/www.jojoenherbe.com\/wp-content\/uploads\/2020\/06\/Les-loups-4-scaled.jpg?fit=2560%2C1437\" data-orig-size=\"2560,1437\" data-comments-opened=\"1\" data-image-meta=\"{&quot;aperture&quot;:&quot;2.4&quot;,&quot;credit&quot;:&quot;&quot;,&quot;camera&quot;:&quot;iPhone 4S&quot;,&quot;caption&quot;:&quot;&quot;,&quot;created_timestamp&quot;:&quot;1583852130&quot;,&quot;copyright&quot;:&quot;&quot;,&quot;focal_length&quot;:&quot;4.28&quot;,&quot;iso&quot;:&quot;80&quot;,&quot;shutter_speed&quot;:&quot;0.05&quot;,&quot;title&quot;:&quot;&quot;,&quot;orientation&quot;:&quot;1&quot;}\" data-image-title=\"Les loups 4\" data-image-description=\"\" data-image-caption=\"\" data-large-file=\"https:\/\/i0.wp.com\/www.jojoenherbe.com\/wp-content\/uploads\/2020\/06\/Les-loups-4-scaled.jpg?fit=676%2C380\" class=\"alignleft size-thumbnail wp-image-11145\" src=\"https:\/\/i0.wp.com\/www.jojoenherbe.com\/wp-content\/uploads\/2020\/06\/Les-loups-4.jpg?resize=150%2C150\" alt=\"\" width=\"150\" height=\"150\" srcset=\"https:\/\/i0.wp.com\/www.jojoenherbe.com\/wp-content\/uploads\/2020\/06\/Les-loups-4-scaled.jpg?resize=150%2C150 150w, https:\/\/i0.wp.com\/www.jojoenherbe.com\/wp-content\/uploads\/2020\/06\/Les-loups-4-scaled.jpg?zoom=2&amp;resize=150%2C150 300w, https:\/\/i0.wp.com\/www.jojoenherbe.com\/wp-content\/uploads\/2020\/06\/Les-loups-4-scaled.jpg?zoom=3&amp;resize=150%2C150 450w\" sizes=\"auto, (max-width: 150px) 100vw, 150px\" \/><\/a>Nous empruntons \u00e0 la m\u00e9diath\u00e8que <span style=\"text-decoration: underline;\">Les loups<\/span> d&rsquo;Emily Gravett (\u00e9d. Kal\u00e9idoscope, 2005), un album jeunesse \u00e0 partir de 3 ans. D\u00e8s la page de garde, le ton de l&rsquo;album est donn\u00e9: il s&rsquo;agit d&rsquo;un \u00ab\u00a0conte de tonnerre d&rsquo;enfer\u00a0\u00bb : \u00ab\u00a0Trop de lapins croient ce qu&rsquo;ils lisent dans les contes. Les petites filles v\u00eatues de chaperon rouge ne sont pas ce que les loups pr\u00e9f\u00e8rent manger\u00a0\u00bb. Mais que mange r\u00e9ellement un loup? C&rsquo;est ce que va d\u00e9couvrir un lapin en empruntant \u00e0 la biblioth\u00e8que municipale \u00ab\u00a0Les Levrauts\u00a0\u00bb un documentaire sur les loups. Le lapin est tellement plong\u00e9 dans son livre qu&rsquo;il ne se rend pas compte qu&rsquo;un loup sorti tout droit de son livre le prend en chasse.<\/em><\/p>\n<p style=\"text-align: justify;\"><em><a href=\"https:\/\/i0.wp.com\/www.jojoenherbe.com\/wp-content\/uploads\/2020\/06\/Les-loups-5-scaled.jpg\"><img data-recalc-dims=\"1\" loading=\"lazy\" decoding=\"async\" data-attachment-id=\"11146\" data-permalink=\"http:\/\/www.jojoenherbe.com\/index.php\/2020\/06\/05\/au-fil-des-pages-avec-les-loups\/les-loups-5\/\" data-orig-file=\"https:\/\/i0.wp.com\/www.jojoenherbe.com\/wp-content\/uploads\/2020\/06\/Les-loups-5-scaled.jpg?fit=2560%2C1599\" data-orig-size=\"2560,1599\" data-comments-opened=\"1\" data-image-meta=\"{&quot;aperture&quot;:&quot;2.4&quot;,&quot;credit&quot;:&quot;&quot;,&quot;camera&quot;:&quot;iPhone 4S&quot;,&quot;caption&quot;:&quot;&quot;,&quot;created_timestamp&quot;:&quot;1583852185&quot;,&quot;copyright&quot;:&quot;&quot;,&quot;focal_length&quot;:&quot;4.28&quot;,&quot;iso&quot;:&quot;80&quot;,&quot;shutter_speed&quot;:&quot;0.05&quot;,&quot;title&quot;:&quot;&quot;,&quot;orientation&quot;:&quot;1&quot;}\" data-image-title=\"Les loups 5\" data-image-description=\"\" data-image-caption=\"\" data-large-file=\"https:\/\/i0.wp.com\/www.jojoenherbe.com\/wp-content\/uploads\/2020\/06\/Les-loups-5-scaled.jpg?fit=676%2C423\" class=\"size-thumbnail wp-image-11146 alignright\" src=\"https:\/\/i0.wp.com\/www.jojoenherbe.com\/wp-content\/uploads\/2020\/06\/Les-loups-5.jpg?resize=150%2C150\" alt=\"\" width=\"150\" height=\"150\" srcset=\"https:\/\/i0.wp.com\/www.jojoenherbe.com\/wp-content\/uploads\/2020\/06\/Les-loups-5-scaled.jpg?resize=150%2C150 150w, https:\/\/i0.wp.com\/www.jojoenherbe.com\/wp-content\/uploads\/2020\/06\/Les-loups-5-scaled.jpg?zoom=2&amp;resize=150%2C150 300w, https:\/\/i0.wp.com\/www.jojoenherbe.com\/wp-content\/uploads\/2020\/06\/Les-loups-5-scaled.jpg?zoom=3&amp;resize=150%2C150 450w\" sizes=\"auto, (max-width: 150px) 100vw, 150px\" \/><\/a> <a href=\"https:\/\/i0.wp.com\/www.jojoenherbe.com\/wp-content\/uploads\/2020\/06\/Les-loups-3-scaled.jpg\"><img data-recalc-dims=\"1\" loading=\"lazy\" decoding=\"async\" data-attachment-id=\"11144\" data-permalink=\"http:\/\/www.jojoenherbe.com\/index.php\/2020\/06\/05\/au-fil-des-pages-avec-les-loups\/les-loups-3\/\" data-orig-file=\"https:\/\/i0.wp.com\/www.jojoenherbe.com\/wp-content\/uploads\/2020\/06\/Les-loups-3-scaled.jpg?fit=2560%2C1587\" data-orig-size=\"2560,1587\" data-comments-opened=\"1\" data-image-meta=\"{&quot;aperture&quot;:&quot;2.4&quot;,&quot;credit&quot;:&quot;&quot;,&quot;camera&quot;:&quot;iPhone 4S&quot;,&quot;caption&quot;:&quot;&quot;,&quot;created_timestamp&quot;:&quot;1583852089&quot;,&quot;copyright&quot;:&quot;&quot;,&quot;focal_length&quot;:&quot;4.28&quot;,&quot;iso&quot;:&quot;80&quot;,&quot;shutter_speed&quot;:&quot;0.05&quot;,&quot;title&quot;:&quot;&quot;,&quot;orientation&quot;:&quot;1&quot;}\" data-image-title=\"Les loups 3\" data-image-description=\"\" data-image-caption=\"\" data-large-file=\"https:\/\/i0.wp.com\/www.jojoenherbe.com\/wp-content\/uploads\/2020\/06\/Les-loups-3-scaled.jpg?fit=676%2C419\" class=\"size-thumbnail wp-image-11144 alignright\" src=\"https:\/\/i0.wp.com\/www.jojoenherbe.com\/wp-content\/uploads\/2020\/06\/Les-loups-3.jpg?resize=150%2C150\" alt=\"\" width=\"150\" height=\"150\" srcset=\"https:\/\/i0.wp.com\/www.jojoenherbe.com\/wp-content\/uploads\/2020\/06\/Les-loups-3-scaled.jpg?resize=150%2C150 150w, https:\/\/i0.wp.com\/www.jojoenherbe.com\/wp-content\/uploads\/2020\/06\/Les-loups-3-scaled.jpg?zoom=2&amp;resize=150%2C150 300w, https:\/\/i0.wp.com\/www.jojoenherbe.com\/wp-content\/uploads\/2020\/06\/Les-loups-3-scaled.jpg?zoom=3&amp;resize=150%2C150 450w\" sizes=\"auto, (max-width: 150px) 100vw, 150px\" \/><\/a>Encore un coup de c\u0153ur pour cet album m\u00ealant humour, suspense et mise en ab\u00eeme comme dans <a href=\"http:\/\/www.jojoenherbe.com\/index.php\/2020\/03\/31\/au-fil-des-pages-avec-une-fois-encore\/\"><span style=\"text-decoration: underline;\">Une fois encore<\/span><\/a>! L&rsquo;humour d&rsquo;Emily Gravett est toujours aussi percutant, tout en offrant deux fins \u00e0 cette histoire dont une plus joyeuse pour les jeunes lecteurs les plus sensibles. Les illustrations au fusain, avec une touche de rouge pour le livre emprunt\u00e9, sont comme toujours avec cette autrice, magnifiques. Sans oublier les pages de garde agr\u00e9ment\u00e9es de cartes d&#8217;emprunts \u00e0 la biblioth\u00e8que et lettres \u00e0 lire. Une belle d\u00e9monstration, s&rsquo;il en est, du pouvoir des livres!<br \/>\n<\/em><\/p>\n<div id=\"attachment_15143\" style=\"width: 133px\" class=\"wp-caption alignleft\"><img data-recalc-dims=\"1\" loading=\"lazy\" decoding=\"async\" aria-describedby=\"caption-attachment-15143\" class=\"wp-image-15143\" src=\"https:\/\/plaisirsacultiver.files.wordpress.com\/2020\/05\/96806251_2969818223244550_7958071458817638400_o.jpg?w=382&#038;h=375&#038;fit=382%2C375&#038;resize=123%2C120\" sizes=\"auto, (max-width: 382px) 100vw, 382px\" srcset=\"https:\/\/plaisirsacultiver.files.wordpress.com\/2020\/05\/96806251_2969818223244550_7958071458817638400_o.jpg?w=382&amp;h=375 382w, https:\/\/plaisirsacultiver.files.wordpress.com\/2020\/05\/96806251_2969818223244550_7958071458817638400_o.jpg?w=764&amp;h=750 764w, https:\/\/plaisirsacultiver.files.wordpress.com\/2020\/05\/96806251_2969818223244550_7958071458817638400_o.jpg?w=150&amp;h=147 150w, https:\/\/plaisirsacultiver.files.wordpress.com\/2020\/05\/96806251_2969818223244550_7958071458817638400_o.jpg?w=300&amp;h=295 300w\" alt=\"\" width=\"123\" height=\"120\" data-attachment-id=\"15143\" data-permalink=\"https:\/\/plaisirsacultiver.com\/2020\/05\/18\/le-mois-is-back-again\/96806251_2969818223244550_7958071458817638400_o\/#main\" data-orig-file=\"https:\/\/plaisirsacultiver.files.wordpress.com\/2020\/05\/96806251_2969818223244550_7958071458817638400_o.jpg\" data-orig-size=\"960,943\" data-comments-opened=\"1\" data-image-meta=\"{&quot;aperture&quot;:&quot;0&quot;,&quot;credit&quot;:&quot;&quot;,&quot;camera&quot;:&quot;&quot;,&quot;caption&quot;:&quot;&quot;,&quot;created_timestamp&quot;:&quot;0&quot;,&quot;copyright&quot;:&quot;&quot;,&quot;focal_length&quot;:&quot;0&quot;,&quot;iso&quot;:&quot;0&quot;,&quot;shutter_speed&quot;:&quot;0&quot;,&quot;title&quot;:&quot;&quot;,&quot;orientation&quot;:&quot;0&quot;}\" data-image-title=\"96806251_2969818223244550_7958071458817638400_o\" data-image-description=\"\" data-medium-file=\"https:\/\/plaisirsacultiver.files.wordpress.com\/2020\/05\/96806251_2969818223244550_7958071458817638400_o.jpg?w=300\" data-large-file=\"https:\/\/plaisirsacultiver.files.wordpress.com\/2020\/05\/96806251_2969818223244550_7958071458817638400_o.jpg?w=640\" \/><p id=\"caption-attachment-15143\" class=\"wp-caption-text\">Le Mois Anglais de <a href=\"http:\/\/www.myloubook.com\/2020\/05\/31\/le-mois-anglais-2020-le-billet-recap\/\">Lou<\/a>, <a href=\"https:\/\/plaisirsacultiver.com\/2020\/06\/01\/billet-recapitulatif-le-mois-anglais-2020\/\">Titine<\/a> et Lamousm\u00e9<\/p><\/div>\n<div id=\"attachment_10219\" style=\"width: 107px\" class=\"wp-caption alignleft\"><img data-recalc-dims=\"1\" loading=\"lazy\" decoding=\"async\" aria-describedby=\"caption-attachment-10219\" data-attachment-id=\"10219\" data-permalink=\"http:\/\/www.jojoenherbe.com\/index.php\/2020\/03\/02\/au-fil-des-pages-avec-lievre-et-ours-sous-la-neige\/lievre-et-ours-sous-la-neige\/\" data-orig-file=\"https:\/\/i0.wp.com\/www.jojoenherbe.com\/wp-content\/uploads\/2020\/03\/Li%C3%A8vre-et-Ours-sous-la-neige-scaled.jpg?fit=2560%2C1892\" data-orig-size=\"2560,1892\" data-comments-opened=\"1\" data-image-meta=\"{&quot;aperture&quot;:&quot;2.4&quot;,&quot;credit&quot;:&quot;&quot;,&quot;camera&quot;:&quot;iPhone 4S&quot;,&quot;caption&quot;:&quot;&quot;,&quot;created_timestamp&quot;:&quot;1583147305&quot;,&quot;copyright&quot;:&quot;&quot;,&quot;focal_length&quot;:&quot;4.28&quot;,&quot;iso&quot;:&quot;640&quot;,&quot;shutter_speed&quot;:&quot;0.066666666666667&quot;,&quot;title&quot;:&quot;&quot;,&quot;orientation&quot;:&quot;1&quot;}\" data-image-title=\"Li\u00e8vre et Ours, sous la neige\" data-image-description=\"\" data-image-caption=\"\" data-large-file=\"https:\/\/i0.wp.com\/www.jojoenherbe.com\/wp-content\/uploads\/2020\/03\/Li%C3%A8vre-et-Ours-sous-la-neige-scaled.jpg?fit=676%2C500\" class=\"wp-image-10219\" src=\"https:\/\/i0.wp.com\/mapetitemediatheque.fr\/wp-content\/uploads\/2018\/11\/challenge-contes-et-l%C3%A9gendes.jpg?resize=97%2C121\" sizes=\"auto, (max-width: 343px) 100vw, 343px\" srcset=\"http:\/\/mapetitemediatheque.fr\/wp-content\/uploads\/2018\/11\/challenge-contes-et-l\u00e9gendes.jpg 343w, http:\/\/mapetitemediatheque.fr\/wp-content\/uploads\/2018\/11\/challenge-contes-et-l\u00e9gendes-239x300.jpg 239w\" alt=\"\" width=\"97\" height=\"121\" \/><p id=\"caption-attachment-10219\" class=\"wp-caption-text\">Participation #26 Contes &amp; L\u00e9gendes 2020 de <a href=\"http:\/\/mapetitemediatheque.fr\/2020\/01\/challenge-contes-et-legendes-2020\/\">Bidib<\/a><\/p><\/div>\n","protected":false},"excerpt":{"rendered":"<p>Nous empruntons \u00e0 la m\u00e9diath\u00e8que Les loups d&rsquo;Emily Gravett (\u00e9d. Kal\u00e9idoscope, 2005), un album jeunesse \u00e0 partir de 3 ans. D\u00e8s la page de garde, le ton de l&rsquo;album est donn\u00e9: il s&rsquo;agit d&rsquo;un \u00ab\u00a0conte de tonnerre d&rsquo;enfer\u00a0\u00bb : \u00ab\u00a0Trop de lapins croient ce qu&rsquo;ils lisent dans les contes. Les petites filles v\u00eatues de chaperon [&hellip;]<\/p>\n","protected":false},"author":1,"featured_media":11147,"comment_status":"open","ping_status":"open","sticky":false,"template":"","format":"standard","meta":{"jetpack_post_was_ever_published":false,"_jetpack_newsletter_access":"","_jetpack_dont_email_post_to_subs":false,"_jetpack_newsletter_tier_id":0,"_jetpack_memberships_contains_paywalled_content":false,"_jetpack_memberships_contains_paid_content":false,"footnotes":""},"categories":[363],"tags":[785,409,1365,245,485,1000,538,222,1556,367,1323,541,555,1557],"class_list":["post-11142","post","type-post","status-publish","format-standard","has-post-thumbnail","hentry","category-mini-lecteur","tag-3-6-ans","tag-albums-jeunesse","tag-challenge-contes-et-legendes-2020","tag-contes","tag-contes-detournes","tag-emily-gravett","tag-humour","tag-lapin","tag-le-mois-anglais-2020","tag-lecture-jeunesse","tag-livre-participatif","tag-loup","tag-peur","tag-suspense","post-preview"],"jetpack_featured_media_url":"https:\/\/i0.wp.com\/www.jojoenherbe.com\/wp-content\/uploads\/2020\/06\/Les-loups-scaled.jpg?fit=2560%2C2018","jetpack_sharing_enabled":true,"jetpack_shortlink":"https:\/\/wp.me\/p9zhGx-2TI","jetpack_likes_enabled":true,"jetpack-related-posts":[{"id":11813,"url":"http:\/\/www.jojoenherbe.com\/index.php\/2020\/08\/20\/au-fil-des-pages-avec-labecedaire-a-croquer\/","url_meta":{"origin":11142,"position":0},"title":"Au fil des pages avec L&rsquo;ab\u00e9c\u00e9daire \u00e0 croquer","author":"Jojo","date":"20 ao\u00fbt 2020","format":false,"excerpt":"Nous r\u00e9empruntons \u00e0 la m\u00e9diath\u00e8que L\u2019ab\u00e9c\u00e9daire \u00e0 croquer d\u2019Agn\u00e8s de Lestrade et Dankerleroux, sous-titr\u00e9 Manuel \u00e0 l\u2019usage des petits loups (\u00e9d. Milan Jeunesse, 2008), un album jeunesse \u00e0 partir de 3 ans. L'alphabet se d\u00e9cline autour d\u2019un petit loup qui apprend \u00e0 devenir grand, les auteurs s\u2019amusant autour de ce\u2026","rel":"","context":"Dans &quot;Mini lecteur&quot;","block_context":{"text":"Mini lecteur","link":"http:\/\/www.jojoenherbe.com\/index.php\/category\/mini-lecteur\/"},"img":{"alt_text":"","src":"https:\/\/i0.wp.com\/www.jojoenherbe.com\/wp-content\/uploads\/2020\/08\/Labecedaire-a-croquer-scaled.jpg?fit=1200%2C838&resize=350%2C200","width":350,"height":200,"srcset":"https:\/\/i0.wp.com\/www.jojoenherbe.com\/wp-content\/uploads\/2020\/08\/Labecedaire-a-croquer-scaled.jpg?fit=1200%2C838&resize=350%2C200 1x, https:\/\/i0.wp.com\/www.jojoenherbe.com\/wp-content\/uploads\/2020\/08\/Labecedaire-a-croquer-scaled.jpg?fit=1200%2C838&resize=525%2C300 1.5x, https:\/\/i0.wp.com\/www.jojoenherbe.com\/wp-content\/uploads\/2020\/08\/Labecedaire-a-croquer-scaled.jpg?fit=1200%2C838&resize=700%2C400 2x, https:\/\/i0.wp.com\/www.jojoenherbe.com\/wp-content\/uploads\/2020\/08\/Labecedaire-a-croquer-scaled.jpg?fit=1200%2C838&resize=1050%2C600 3x"},"classes":[]},{"id":11976,"url":"http:\/\/www.jojoenherbe.com\/index.php\/2020\/08\/27\/au-fil-des-pages-avec-le-loup-garou\/","url_meta":{"origin":11142,"position":1},"title":"Au fil des pages avec Le loup-garou","author":"Jojo","date":"27 ao\u00fbt 2020","format":false,"excerpt":"J'emprunte \u00e0 la m\u00e9diath\u00e8que Le loup-garou de Michel Ocelot (\u00e9d. Nathan, coll. \"Dragons et Princesses\", 2010), un album jeunesse \u00e0 partir de 6 ans pour le th\u00e8me de ce mois-ci du Challenge Contes et L\u00e9gendes, \"Loups-garous et vampires\". Comme dans Les Contes de la nuit, son film d'animation sorti en\u2026","rel":"","context":"Dans &quot;Mini lecteur&quot;","block_context":{"text":"Mini lecteur","link":"http:\/\/www.jojoenherbe.com\/index.php\/category\/mini-lecteur\/"},"img":{"alt_text":"","src":"https:\/\/i0.wp.com\/www.jojoenherbe.com\/wp-content\/uploads\/2020\/08\/Le-loup-garou-scaled.jpg?fit=1200%2C774&resize=350%2C200","width":350,"height":200,"srcset":"https:\/\/i0.wp.com\/www.jojoenherbe.com\/wp-content\/uploads\/2020\/08\/Le-loup-garou-scaled.jpg?fit=1200%2C774&resize=350%2C200 1x, https:\/\/i0.wp.com\/www.jojoenherbe.com\/wp-content\/uploads\/2020\/08\/Le-loup-garou-scaled.jpg?fit=1200%2C774&resize=525%2C300 1.5x, https:\/\/i0.wp.com\/www.jojoenherbe.com\/wp-content\/uploads\/2020\/08\/Le-loup-garou-scaled.jpg?fit=1200%2C774&resize=700%2C400 2x, https:\/\/i0.wp.com\/www.jojoenherbe.com\/wp-content\/uploads\/2020\/08\/Le-loup-garou-scaled.jpg?fit=1200%2C774&resize=1050%2C600 3x"},"classes":[]},{"id":29218,"url":"http:\/\/www.jojoenherbe.com\/index.php\/2023\/01\/18\/au-fil-des-pages-avec-le-dernier-des-loups\/","url_meta":{"origin":11142,"position":2},"title":"Au fil des pages avec Le dernier des loups","author":"Jojo","date":"18 janvier 2023","format":false,"excerpt":"Le week-end dernier, nous avons relu Le dernier des loups de S\u00e9bastien Perez et Justine Brax (\u00e9d. Albin Michel Jeunesse, 2020), un album jeunesse grand format \u00e0 partir de 6 ans et que j'avais achet\u00e9 \u00e0 sa parution, en septembre 2020. Il est bien difficile de se remettre de la\u2026","rel":"","context":"Dans &quot;Mini lecteur&quot;","block_context":{"text":"Mini lecteur","link":"http:\/\/www.jojoenherbe.com\/index.php\/category\/mini-lecteur\/"},"img":{"alt_text":"","src":"https:\/\/i0.wp.com\/www.jojoenherbe.com\/wp-content\/uploads\/2021\/01\/Le-dernier-des-loups-scaled.jpg?fit=1200%2C1011&resize=350%2C200","width":350,"height":200,"srcset":"https:\/\/i0.wp.com\/www.jojoenherbe.com\/wp-content\/uploads\/2021\/01\/Le-dernier-des-loups-scaled.jpg?fit=1200%2C1011&resize=350%2C200 1x, https:\/\/i0.wp.com\/www.jojoenherbe.com\/wp-content\/uploads\/2021\/01\/Le-dernier-des-loups-scaled.jpg?fit=1200%2C1011&resize=525%2C300 1.5x, https:\/\/i0.wp.com\/www.jojoenherbe.com\/wp-content\/uploads\/2021\/01\/Le-dernier-des-loups-scaled.jpg?fit=1200%2C1011&resize=700%2C400 2x, https:\/\/i0.wp.com\/www.jojoenherbe.com\/wp-content\/uploads\/2021\/01\/Le-dernier-des-loups-scaled.jpg?fit=1200%2C1011&resize=1050%2C600 3x"},"classes":[]},{"id":8665,"url":"http:\/\/www.jojoenherbe.com\/index.php\/2019\/11\/28\/au-fil-des-pages-avec-histoires-de-loups\/","url_meta":{"origin":11142,"position":3},"title":"Au fil des pages avec Histoires de loups","author":"Jojo","date":"28 novembre 2019","format":false,"excerpt":"Nous empruntons \u00e0 la biblioth\u00e8que Histoires de loups de Mario Ramos (\u00e9d. L'\u00e9cole des loisirs, coll. Pastel, 2018), un album jeunesse \u00e0 partir de 3 ans. Ce recueil\u00a0 regroupe quatre histoires de l'auteur mettant en sc\u00e8ne le loup et d'autres personnages des contes traditionnels dans des situations loufoques, dr\u00f4les et\u2026","rel":"","context":"Dans &quot;Mini lecteur&quot;","block_context":{"text":"Mini lecteur","link":"http:\/\/www.jojoenherbe.com\/index.php\/category\/mini-lecteur\/"},"img":{"alt_text":"","src":"https:\/\/i0.wp.com\/www.jojoenherbe.com\/wp-content\/uploads\/2019\/11\/Histoires-de-loups-scaled.jpg?fit=1200%2C985&resize=350%2C200","width":350,"height":200,"srcset":"https:\/\/i0.wp.com\/www.jojoenherbe.com\/wp-content\/uploads\/2019\/11\/Histoires-de-loups-scaled.jpg?fit=1200%2C985&resize=350%2C200 1x, https:\/\/i0.wp.com\/www.jojoenherbe.com\/wp-content\/uploads\/2019\/11\/Histoires-de-loups-scaled.jpg?fit=1200%2C985&resize=525%2C300 1.5x, https:\/\/i0.wp.com\/www.jojoenherbe.com\/wp-content\/uploads\/2019\/11\/Histoires-de-loups-scaled.jpg?fit=1200%2C985&resize=700%2C400 2x, https:\/\/i0.wp.com\/www.jojoenherbe.com\/wp-content\/uploads\/2019\/11\/Histoires-de-loups-scaled.jpg?fit=1200%2C985&resize=1050%2C600 3x"},"classes":[]},{"id":6689,"url":"http:\/\/www.jojoenherbe.com\/index.php\/2019\/07\/09\/au-fil-des-pages-avec-le-loup-qui-criait-au-garcon\/","url_meta":{"origin":11142,"position":4},"title":"Au fil des pages avec Le loup qui criait au gar\u00e7on!","author":"Jojo","date":"9 juillet 2019","format":false,"excerpt":"Nous empruntons \u00e0 la biblioth\u00e8que un album jeunesse reprenant de fa\u00e7on d\u00e9cal\u00e9e l'expression \"\u00e0 force de crier au loup\". Il s'agit de l'album Le loup qui criait au gar\u00e7on! de James O'Neill et Russel Ayto (\u00e9d. Circonflexe, 2017),un album jeunesse \u00e0 partir de 4 ans et qui a fait partie\u2026","rel":"","context":"Dans &quot;Mini lecteur&quot;","block_context":{"text":"Mini lecteur","link":"http:\/\/www.jojoenherbe.com\/index.php\/category\/mini-lecteur\/"},"img":{"alt_text":"","src":"https:\/\/i0.wp.com\/www.jojoenherbe.com\/wp-content\/uploads\/2019\/07\/Le-loup-qui-criait-au-garcon-4-scaled.jpg?fit=1200%2C900&resize=350%2C200","width":350,"height":200,"srcset":"https:\/\/i0.wp.com\/www.jojoenherbe.com\/wp-content\/uploads\/2019\/07\/Le-loup-qui-criait-au-garcon-4-scaled.jpg?fit=1200%2C900&resize=350%2C200 1x, https:\/\/i0.wp.com\/www.jojoenherbe.com\/wp-content\/uploads\/2019\/07\/Le-loup-qui-criait-au-garcon-4-scaled.jpg?fit=1200%2C900&resize=525%2C300 1.5x, https:\/\/i0.wp.com\/www.jojoenherbe.com\/wp-content\/uploads\/2019\/07\/Le-loup-qui-criait-au-garcon-4-scaled.jpg?fit=1200%2C900&resize=700%2C400 2x, https:\/\/i0.wp.com\/www.jojoenherbe.com\/wp-content\/uploads\/2019\/07\/Le-loup-qui-criait-au-garcon-4-scaled.jpg?fit=1200%2C900&resize=1050%2C600 3x"},"classes":[]},{"id":15357,"url":"http:\/\/www.jojoenherbe.com\/index.php\/2021\/01\/25\/au-fil-des-pages-avec-la-soupe-aux-pois\/","url_meta":{"origin":11142,"position":5},"title":"Au fil des pages avec La soupe aux pois","author":"Jojo","date":"25 janvier 2021","format":false,"excerpt":"Nous empruntons \u00e0 la m\u00e9diath\u00e8que La soupe aux pois de Fran\u00e7oise Diep et Magali Le Huche (\u00e9d. Didier Jeunesse, 2006), un album jeunesse \u00e0 partir de 3 ans. Lors d'un hiver glacial, Pierre et Toison avec leur b\u00e9b\u00e9 se retrouvent \u00e0 court de bois pour le feu. Pendant que Toison\u2026","rel":"","context":"Dans &quot;Mini lecteur&quot;","block_context":{"text":"Mini lecteur","link":"http:\/\/www.jojoenherbe.com\/index.php\/category\/mini-lecteur\/"},"img":{"alt_text":"","src":"https:\/\/i0.wp.com\/www.jojoenherbe.com\/wp-content\/uploads\/2021\/01\/La-soupe-aux-pois-scaled.jpg?fit=1200%2C900&resize=350%2C200","width":350,"height":200,"srcset":"https:\/\/i0.wp.com\/www.jojoenherbe.com\/wp-content\/uploads\/2021\/01\/La-soupe-aux-pois-scaled.jpg?fit=1200%2C900&resize=350%2C200 1x, https:\/\/i0.wp.com\/www.jojoenherbe.com\/wp-content\/uploads\/2021\/01\/La-soupe-aux-pois-scaled.jpg?fit=1200%2C900&resize=525%2C300 1.5x, https:\/\/i0.wp.com\/www.jojoenherbe.com\/wp-content\/uploads\/2021\/01\/La-soupe-aux-pois-scaled.jpg?fit=1200%2C900&resize=700%2C400 2x, https:\/\/i0.wp.com\/www.jojoenherbe.com\/wp-content\/uploads\/2021\/01\/La-soupe-aux-pois-scaled.jpg?fit=1200%2C900&resize=1050%2C600 3x"},"classes":[]}],"_links":{"self":[{"href":"http:\/\/www.jojoenherbe.com\/index.php\/wp-json\/wp\/v2\/posts\/11142","targetHints":{"allow":["GET"]}}],"collection":[{"href":"http:\/\/www.jojoenherbe.com\/index.php\/wp-json\/wp\/v2\/posts"}],"about":[{"href":"http:\/\/www.jojoenherbe.com\/index.php\/wp-json\/wp\/v2\/types\/post"}],"author":[{"embeddable":true,"href":"http:\/\/www.jojoenherbe.com\/index.php\/wp-json\/wp\/v2\/users\/1"}],"replies":[{"embeddable":true,"href":"http:\/\/www.jojoenherbe.com\/index.php\/wp-json\/wp\/v2\/comments?post=11142"}],"version-history":[{"count":0,"href":"http:\/\/www.jojoenherbe.com\/index.php\/wp-json\/wp\/v2\/posts\/11142\/revisions"}],"wp:featuredmedia":[{"embeddable":true,"href":"http:\/\/www.jojoenherbe.com\/index.php\/wp-json\/wp\/v2\/media\/11147"}],"wp:attachment":[{"href":"http:\/\/www.jojoenherbe.com\/index.php\/wp-json\/wp\/v2\/media?parent=11142"}],"wp:term":[{"taxonomy":"category","embeddable":true,"href":"http:\/\/www.jojoenherbe.com\/index.php\/wp-json\/wp\/v2\/categories?post=11142"},{"taxonomy":"post_tag","embeddable":true,"href":"http:\/\/www.jojoenherbe.com\/index.php\/wp-json\/wp\/v2\/tags?post=11142"}],"curies":[{"name":"wp","href":"https:\/\/api.w.org\/{rel}","templated":true}]}}