{"id":11047,"date":"2020-05-25T22:56:48","date_gmt":"2020-05-25T20:56:48","guid":{"rendered":"http:\/\/www.jojoenherbe.com\/?p=11047"},"modified":"2021-08-05T10:12:40","modified_gmt":"2021-08-05T08:12:40","slug":"au-fil-des-pages-avec-une-maison-pour-trois-cochons","status":"publish","type":"post","link":"http:\/\/www.jojoenherbe.com\/index.php\/2020\/05\/25\/au-fil-des-pages-avec-une-maison-pour-trois-cochons\/","title":{"rendered":"Au fil des pages avec Une maison pour trois cochons"},"content":{"rendered":"<p style=\"text-align: justify;\"><a href=\"https:\/\/i0.wp.com\/www.jojoenherbe.com\/wp-content\/uploads\/2020\/05\/Une-maison-pour-trois-cochons-2-scaled.jpg\"><img data-recalc-dims=\"1\" loading=\"lazy\" decoding=\"async\" data-attachment-id=\"11049\" data-permalink=\"http:\/\/www.jojoenherbe.com\/index.php\/2020\/05\/25\/au-fil-des-pages-avec-une-maison-pour-trois-cochons\/une-maison-pour-trois-cochons-2\/\" data-orig-file=\"https:\/\/i0.wp.com\/www.jojoenherbe.com\/wp-content\/uploads\/2020\/05\/Une-maison-pour-trois-cochons-2-scaled.jpg?fit=2560%2C1216\" data-orig-size=\"2560,1216\" data-comments-opened=\"1\" data-image-meta=\"{&quot;aperture&quot;:&quot;1.8&quot;,&quot;credit&quot;:&quot;&quot;,&quot;camera&quot;:&quot;Armor_X2&quot;,&quot;caption&quot;:&quot;&quot;,&quot;created_timestamp&quot;:&quot;1590432014&quot;,&quot;copyright&quot;:&quot;&quot;,&quot;focal_length&quot;:&quot;3.5&quot;,&quot;iso&quot;:&quot;440&quot;,&quot;shutter_speed&quot;:&quot;0.099991&quot;,&quot;title&quot;:&quot;&quot;,&quot;orientation&quot;:&quot;1&quot;}\" data-image-title=\"Une maison pour trois cochons 2\" data-image-description=\"\" data-image-caption=\"\" data-large-file=\"https:\/\/i0.wp.com\/www.jojoenherbe.com\/wp-content\/uploads\/2020\/05\/Une-maison-pour-trois-cochons-2-scaled.jpg?fit=676%2C321\" class=\"alignleft size-thumbnail wp-image-11049\" src=\"https:\/\/i0.wp.com\/www.jojoenherbe.com\/wp-content\/uploads\/2020\/05\/Une-maison-pour-trois-cochons-2.jpg?resize=150%2C150\" alt=\"\" width=\"150\" height=\"150\" srcset=\"https:\/\/i0.wp.com\/www.jojoenherbe.com\/wp-content\/uploads\/2020\/05\/Une-maison-pour-trois-cochons-2-scaled.jpg?resize=150%2C150 150w, https:\/\/i0.wp.com\/www.jojoenherbe.com\/wp-content\/uploads\/2020\/05\/Une-maison-pour-trois-cochons-2-scaled.jpg?zoom=2&amp;resize=150%2C150 300w, https:\/\/i0.wp.com\/www.jojoenherbe.com\/wp-content\/uploads\/2020\/05\/Une-maison-pour-trois-cochons-2-scaled.jpg?zoom=3&amp;resize=150%2C150 450w\" sizes=\"auto, (max-width: 150px) 100vw, 150px\" \/><\/a> <a href=\"https:\/\/i0.wp.com\/www.jojoenherbe.com\/wp-content\/uploads\/2020\/05\/Une-maison-pour-trois-cochons-3-scaled.jpg\"><img data-recalc-dims=\"1\" loading=\"lazy\" decoding=\"async\" data-attachment-id=\"11050\" data-permalink=\"http:\/\/www.jojoenherbe.com\/index.php\/2020\/05\/25\/au-fil-des-pages-avec-une-maison-pour-trois-cochons\/une-maison-pour-trois-cochons-3\/\" data-orig-file=\"https:\/\/i0.wp.com\/www.jojoenherbe.com\/wp-content\/uploads\/2020\/05\/Une-maison-pour-trois-cochons-3-scaled.jpg?fit=2560%2C1280\" data-orig-size=\"2560,1280\" data-comments-opened=\"1\" data-image-meta=\"{&quot;aperture&quot;:&quot;1.8&quot;,&quot;credit&quot;:&quot;&quot;,&quot;camera&quot;:&quot;Armor_X2&quot;,&quot;caption&quot;:&quot;&quot;,&quot;created_timestamp&quot;:&quot;1590432057&quot;,&quot;copyright&quot;:&quot;&quot;,&quot;focal_length&quot;:&quot;3.5&quot;,&quot;iso&quot;:&quot;383&quot;,&quot;shutter_speed&quot;:&quot;0.099991&quot;,&quot;title&quot;:&quot;&quot;,&quot;orientation&quot;:&quot;1&quot;}\" data-image-title=\"Une maison pour trois cochons 3\" data-image-description=\"\" data-image-caption=\"\" data-large-file=\"https:\/\/i0.wp.com\/www.jojoenherbe.com\/wp-content\/uploads\/2020\/05\/Une-maison-pour-trois-cochons-3-scaled.jpg?fit=676%2C338\" class=\"alignleft size-thumbnail wp-image-11050\" src=\"https:\/\/i0.wp.com\/www.jojoenherbe.com\/wp-content\/uploads\/2020\/05\/Une-maison-pour-trois-cochons-3.jpg?resize=150%2C150\" alt=\"\" width=\"150\" height=\"150\" srcset=\"https:\/\/i0.wp.com\/www.jojoenherbe.com\/wp-content\/uploads\/2020\/05\/Une-maison-pour-trois-cochons-3-scaled.jpg?resize=150%2C150 150w, https:\/\/i0.wp.com\/www.jojoenherbe.com\/wp-content\/uploads\/2020\/05\/Une-maison-pour-trois-cochons-3-scaled.jpg?zoom=2&amp;resize=150%2C150 300w, https:\/\/i0.wp.com\/www.jojoenherbe.com\/wp-content\/uploads\/2020\/05\/Une-maison-pour-trois-cochons-3-scaled.jpg?zoom=3&amp;resize=150%2C150 450w\" sizes=\"auto, (max-width: 150px) 100vw, 150px\" \/><\/a><em>Nous empruntons \u00e0 la m\u00e9diath\u00e8que <span style=\"text-decoration: underline;\">Une maison pour trois cochons<\/span> de Sabine de Greef (\u00e9d. L&rsquo;\u00e9cole des loisirs, 2006), un album jeunesse cartonn\u00e9 \u00e0 flaps \u00e0 partir de 3 ans et revisitant le conte des Trois petits cochons. Nous avions d\u00e9couvert cette autrice avec <a href=\"http:\/\/www.jojoenherbe.com\/index.php\/2020\/04\/22\/au-fil-des-pages-avec-1-2-3-qui-est-la\/\"><span style=\"text-decoration: underline;\">1, 2, 3 Qui est l\u00e0?<\/span><\/a> qui renvoie au m\u00eame conte. Dans cette version, les trois petits cochons s&rsquo;unissent pour construire \u00e0 la h\u00e2te une maison en bois pour \u00e9chapper au loup affam\u00e9. Ce dernier tr\u00e8s en col\u00e8re souffle sur la maison qui s&rsquo;envole et qui devient un bateau. Les trois petits cochons arriveront-ils \u00e0 \u00e9chapper au loup? Un tr\u00e8s bon moment de lecture et beaucoup de rires en soulevant les rabats! Nous sommes bien s\u00fbr plus proches de la version de Disney de 1933 que de celle de Joseph Jacobs de 1890, les trois petits cochons se moquant du loup.<br \/>\n<\/em><\/p>\n<div id=\"attachment_10219\" style=\"width: 116px\" class=\"wp-caption alignleft\"><img data-recalc-dims=\"1\" loading=\"lazy\" decoding=\"async\" aria-describedby=\"caption-attachment-10219\" data-attachment-id=\"10219\" data-permalink=\"http:\/\/www.jojoenherbe.com\/index.php\/2020\/03\/02\/au-fil-des-pages-avec-lievre-et-ours-sous-la-neige\/lievre-et-ours-sous-la-neige\/\" data-orig-file=\"https:\/\/i0.wp.com\/www.jojoenherbe.com\/wp-content\/uploads\/2020\/03\/Li%C3%A8vre-et-Ours-sous-la-neige-scaled.jpg?fit=2560%2C1892\" data-orig-size=\"2560,1892\" data-comments-opened=\"1\" data-image-meta=\"{&quot;aperture&quot;:&quot;2.4&quot;,&quot;credit&quot;:&quot;&quot;,&quot;camera&quot;:&quot;iPhone 4S&quot;,&quot;caption&quot;:&quot;&quot;,&quot;created_timestamp&quot;:&quot;1583147305&quot;,&quot;copyright&quot;:&quot;&quot;,&quot;focal_length&quot;:&quot;4.28&quot;,&quot;iso&quot;:&quot;640&quot;,&quot;shutter_speed&quot;:&quot;0.066666666666667&quot;,&quot;title&quot;:&quot;&quot;,&quot;orientation&quot;:&quot;1&quot;}\" data-image-title=\"Li\u00e8vre et Ours, sous la neige\" data-image-description=\"\" data-image-caption=\"\" data-large-file=\"https:\/\/i0.wp.com\/www.jojoenherbe.com\/wp-content\/uploads\/2020\/03\/Li%C3%A8vre-et-Ours-sous-la-neige-scaled.jpg?fit=676%2C500\" class=\"wp-image-10219\" src=\"https:\/\/i0.wp.com\/mapetitemediatheque.fr\/wp-content\/uploads\/2018\/11\/challenge-contes-et-l%C3%A9gendes.jpg?resize=106%2C133\" sizes=\"auto, (max-width: 343px) 100vw, 343px\" srcset=\"http:\/\/mapetitemediatheque.fr\/wp-content\/uploads\/2018\/11\/challenge-contes-et-l\u00e9gendes.jpg 343w, http:\/\/mapetitemediatheque.fr\/wp-content\/uploads\/2018\/11\/challenge-contes-et-l\u00e9gendes-239x300.jpg 239w\" alt=\"\" width=\"106\" height=\"133\" \/><p id=\"caption-attachment-10219\" class=\"wp-caption-text\">Participation #23 Contes &amp; L\u00e9gendes 2020 de <a href=\"http:\/\/mapetitemediatheque.fr\/2020\/01\/challenge-contes-et-legendes-2020\/\">Bidib<\/a><\/p><\/div>\n<div id=\"attachment_37710\" style=\"width: 151px\" class=\"wp-caption alignleft\"><img data-recalc-dims=\"1\" loading=\"lazy\" decoding=\"async\" aria-describedby=\"caption-attachment-37710\" class=\"wp-image-37710\" src=\"https:\/\/i0.wp.com\/delivrer-des-livres.fr\/wp-content\/uploads\/2020\/01\/Logo-Challenge-Classique-2020bis-300x225.jpg?resize=141%2C106&#038;ssl=1\" sizes=\"auto, (max-width: 300px) 100vw, 300px\" srcset=\"https:\/\/delivrer-des-livres.fr\/wp-content\/uploads\/2020\/01\/Logo-Challenge-Classique-2020bis-300x225.jpg 300w, https:\/\/delivrer-des-livres.fr\/wp-content\/uploads\/2020\/01\/Logo-Challenge-Classique-2020bis-150x113.jpg 150w, https:\/\/delivrer-des-livres.fr\/wp-content\/uploads\/2020\/01\/Logo-Challenge-Classique-2020bis-410x308.jpg 410w, https:\/\/delivrer-des-livres.fr\/wp-content\/uploads\/2020\/01\/Logo-Challenge-Classique-2020bis.jpg 453w\" alt=\"ann\u00e9e\" width=\"141\" height=\"106\" \/><p id=\"caption-attachment-37710\" class=\"wp-caption-text\">Participation #7 au Challenge \u00ab\u00a0Cette ann\u00e9e, je (re)lis des classiques\u00a0\u00bb de <a href=\"https:\/\/delivrer-des-livres.fr\/challenge-classiques-3eme-annee\/\">Nathalie<\/a> et <a href=\"http:\/\/vivrelivre19.over-blog.com\/2020\/01\/challenge-cette-annee-je-re-lis-des-classiques-2020.html\">Blandine<\/a><\/p><\/div>\n<div style=\"width: 147px\" class=\"wp-caption alignleft\"><img loading=\"lazy\" decoding=\"async\" class=\"\" src=\"https:\/\/lh3.googleusercontent.com\/yeyHsyE8ePB9xQx2t9obPo4nIUGeuGsS-P1wwGiEip3f9lcFED23VkM1Pr5hYoy4puCex2GzVOyZNHjl5qeUnhImyiKFqwfTaONmF_HEc7SEvgxhr1eZXuJ6zzg9JfEY4XADWBPBCxMLePs3HiWfgCjRFVaAIkiQhaX8RGfOMzZhoMNQUFFuWlglQGRva5RIkSFvo7nk3yMWVz4PgUXBK3Uof2Hf073K4C6YvQC1u6gRN2BCr4tNyqitAlYfULcqVlua9UK9L5kLVOZWs2-xrAzDf1K3rxU8pxE6Fdm1EI8_YbPW09CsTNa9CW1z0lvieJ6Ify6BbltA9XBnOC99XwB4E833hDdb9KWRbKTb8bwsVGIAFF1x2JkOCAWTkq3OtXJmlgaccySEr2PvCr9rzIA4GtrzB04GpU7RNPlnkfNDjtPoy6UR5nf5SD-RQvfrkHaKDQocAHpi1MoHr0bWF4h3F08r5y_TM01DqKXAgeInHehhuxNBZ4LGs7Emk2ol6RPfVd4UEj0916JVKRknXSsSbJG_50ptPlCGTOdHDTOUMc6x63Wp68_DnNhG9qn5FPKuDHhZvC008a4nifQFWuKVT6HvqNgW-LcvXb0wnjbSwgS8qwHb3LtHJj3uAe971aQRDPkS146UchPgCLNczeUje4Y3YFpuV4P1KYu67RSdAOITJNzzSRO2Dycc1PCqSdc7IoPwLu0-aT-FJ0m-KvlkUQLXoamPhl2WKbODyZSfc5ZT=w285-h217-no\" alt=\"\" width=\"137\" height=\"104\" \/><p class=\"wp-caption-text\"><a href=\"https:\/\/ennalit.wordpress.com\/2019\/12\/01\/challenge-petit-bac-2020-qui-veut-jouer\/\">Challenge Petit Bac d&rsquo;Enna<\/a> #7 Cat\u00e9gorie Mot au pluriel: \u00ab\u00a0Cochons\u00a0\u00bb<\/p><\/div>\n","protected":false},"excerpt":{"rendered":"<p>Nous empruntons \u00e0 la m\u00e9diath\u00e8que Une maison pour trois cochons de Sabine de Greef (\u00e9d. L&rsquo;\u00e9cole des loisirs, 2006), un album jeunesse cartonn\u00e9 \u00e0 flaps \u00e0 partir de 3 ans et revisitant le conte des Trois petits cochons. Nous avions d\u00e9couvert cette autrice avec 1, 2, 3 Qui est l\u00e0? qui renvoie au m\u00eame conte. [&hellip;]<\/p>\n","protected":false},"author":1,"featured_media":11051,"comment_status":"open","ping_status":"open","sticky":false,"template":"","format":"standard","meta":{"jetpack_post_was_ever_published":false,"_jetpack_newsletter_access":"","_jetpack_dont_email_post_to_subs":false,"_jetpack_newsletter_tier_id":0,"_jetpack_memberships_contains_paywalled_content":false,"_jetpack_memberships_contains_paid_content":false,"footnotes":""},"categories":[363],"tags":[785,409,1532,1351,1365,1352,955,245,485,947,367,1323,589,541,1161,555,1473,1474],"class_list":["post-11047","post","type-post","status-publish","format-standard","has-post-thumbnail","hentry","category-mini-lecteur","tag-3-6-ans","tag-albums-jeunesse","tag-bateau","tag-cette-annee-je-relis-des-classiques-2020","tag-challenge-contes-et-legendes-2020","tag-challenge-petit-bac-2020","tag-cochon","tag-contes","tag-contes-detournes","tag-flaps","tag-lecture-jeunesse","tag-livre-participatif","tag-livres-cartonnes","tag-loup","tag-maison","tag-peur","tag-sabine-de-greef","tag-trois-petits-cochons","post-preview"],"jetpack_featured_media_url":"https:\/\/i0.wp.com\/www.jojoenherbe.com\/wp-content\/uploads\/2020\/05\/Une-maison-pour-trois-cochons-scaled.jpg?fit=2560%2C1629","jetpack_sharing_enabled":true,"jetpack_shortlink":"https:\/\/wp.me\/p9zhGx-2Sb","jetpack_likes_enabled":true,"jetpack-related-posts":[{"id":10811,"url":"http:\/\/www.jojoenherbe.com\/index.php\/2020\/04\/22\/au-fil-des-pages-avec-1-2-3-qui-est-la\/","url_meta":{"origin":11047,"position":0},"title":"Au fil des pages avec 1, 2, 3 Qui est l\u00e0?","author":"Jojo","date":"22 avril 2020","format":false,"excerpt":"Nous lisons 1, 2, 3 Qui est l\u00e0? de Sabine De Greef (\u00e9d. L'\u00e9cole des loisirs, coll. Pastel, r\u00e9\u00e9d. 2016), un album jeunesse cartonn\u00e9 \u00e0 flaps \u00e0 partir de 2 ans. Trois petits cochons rentrent dans une maison. Chez qui sont-ils rentr\u00e9s?\u00a0 Dans ce livre participatif, le jeune lecteur sera\u2026","rel":"","context":"Dans &quot;Mini lecteur&quot;","block_context":{"text":"Mini lecteur","link":"http:\/\/www.jojoenherbe.com\/index.php\/category\/mini-lecteur\/"},"img":{"alt_text":"","src":"https:\/\/i0.wp.com\/www.jojoenherbe.com\/wp-content\/uploads\/2020\/04\/123-Qui-est-l%C3%A0-scaled.jpg?fit=1200%2C950&resize=350%2C200","width":350,"height":200,"srcset":"https:\/\/i0.wp.com\/www.jojoenherbe.com\/wp-content\/uploads\/2020\/04\/123-Qui-est-l%C3%A0-scaled.jpg?fit=1200%2C950&resize=350%2C200 1x, https:\/\/i0.wp.com\/www.jojoenherbe.com\/wp-content\/uploads\/2020\/04\/123-Qui-est-l%C3%A0-scaled.jpg?fit=1200%2C950&resize=525%2C300 1.5x, https:\/\/i0.wp.com\/www.jojoenherbe.com\/wp-content\/uploads\/2020\/04\/123-Qui-est-l%C3%A0-scaled.jpg?fit=1200%2C950&resize=700%2C400 2x, https:\/\/i0.wp.com\/www.jojoenherbe.com\/wp-content\/uploads\/2020\/04\/123-Qui-est-l%C3%A0-scaled.jpg?fit=1200%2C950&resize=1050%2C600 3x"},"classes":[]},{"id":13460,"url":"http:\/\/www.jojoenherbe.com\/index.php\/2020\/10\/31\/au-fil-des-pages-avec-occupe\/","url_meta":{"origin":11047,"position":1},"title":"Au fil des pages avec Occup\u00e9","author":"Jojo","date":"31 octobre 2020","format":false,"excerpt":"Depuis plusieurs jours, nous lisons beaucoup un de nos derniers emprunts \u00e0 la m\u00e9diath\u00e8que, Occup\u00e9 de Matthieu Maudet (\u00e9d. L'\u00e9cole des loisirs, coll. Loulou & Cie, 2020), un album jeunesse cartonn\u00e9 pour les tout-petits. Dans la for\u00eat, le Petit Chaperon a tr\u00e8s envie de faire pipi. Mais les toilettes mixtes\u2026","rel":"","context":"Dans &quot;Mini lecteur&quot;","block_context":{"text":"Mini lecteur","link":"http:\/\/www.jojoenherbe.com\/index.php\/category\/mini-lecteur\/"},"img":{"alt_text":"","src":"https:\/\/i0.wp.com\/www.jojoenherbe.com\/wp-content\/uploads\/2020\/10\/Occupe-scaled.jpg?fit=1200%2C799&resize=350%2C200","width":350,"height":200,"srcset":"https:\/\/i0.wp.com\/www.jojoenherbe.com\/wp-content\/uploads\/2020\/10\/Occupe-scaled.jpg?fit=1200%2C799&resize=350%2C200 1x, https:\/\/i0.wp.com\/www.jojoenherbe.com\/wp-content\/uploads\/2020\/10\/Occupe-scaled.jpg?fit=1200%2C799&resize=525%2C300 1.5x, https:\/\/i0.wp.com\/www.jojoenherbe.com\/wp-content\/uploads\/2020\/10\/Occupe-scaled.jpg?fit=1200%2C799&resize=700%2C400 2x, https:\/\/i0.wp.com\/www.jojoenherbe.com\/wp-content\/uploads\/2020\/10\/Occupe-scaled.jpg?fit=1200%2C799&resize=1050%2C600 3x"},"classes":[]},{"id":12947,"url":"http:\/\/www.jojoenherbe.com\/index.php\/2020\/10\/14\/au-fil-des-pages-avec-le-tome-1-de-spooky-les-contes-de-travers\/","url_meta":{"origin":11047,"position":2},"title":"Au fil des pages avec le tome 1 de Spooky, Les contes de travers","author":"Jojo","date":"14 octobre 2020","format":false,"excerpt":"Attir\u00e9e par la couverture, j'emprunte \u00e0 la m\u00e9diath\u00e8que le tome 1 de Spooky, Les contes de travers, Pension pour monstres de Carine-M et \u00c9lian Black\u2019Mor (\u00e9d. Gl\u00e9nat, 2015), une BD jeunesse \u00e0 partir de 9 ans. Il s'agit du journal intime de Spooky, une princesse du royaume des Contes au\u2026","rel":"","context":"Dans &quot;Mini lecteur&quot;","block_context":{"text":"Mini lecteur","link":"http:\/\/www.jojoenherbe.com\/index.php\/category\/mini-lecteur\/"},"img":{"alt_text":"","src":"https:\/\/i0.wp.com\/www.jojoenherbe.com\/wp-content\/uploads\/2020\/10\/Spooky-T1-scaled.jpg?fit=1200%2C900&resize=350%2C200","width":350,"height":200,"srcset":"https:\/\/i0.wp.com\/www.jojoenherbe.com\/wp-content\/uploads\/2020\/10\/Spooky-T1-scaled.jpg?fit=1200%2C900&resize=350%2C200 1x, https:\/\/i0.wp.com\/www.jojoenherbe.com\/wp-content\/uploads\/2020\/10\/Spooky-T1-scaled.jpg?fit=1200%2C900&resize=525%2C300 1.5x, https:\/\/i0.wp.com\/www.jojoenherbe.com\/wp-content\/uploads\/2020\/10\/Spooky-T1-scaled.jpg?fit=1200%2C900&resize=700%2C400 2x, https:\/\/i0.wp.com\/www.jojoenherbe.com\/wp-content\/uploads\/2020\/10\/Spooky-T1-scaled.jpg?fit=1200%2C900&resize=1050%2C600 3x"},"classes":[]},{"id":12184,"url":"http:\/\/www.jojoenherbe.com\/index.php\/2020\/09\/09\/au-fil-des-pages-avec-le-loup-qui-decouvrait-le-pays-des-contes\/","url_meta":{"origin":11047,"position":3},"title":"Au fil des pages avec Le loup qui d\u00e9couvrait le pays des contes","author":"Jojo","date":"9 septembre 2020","format":false,"excerpt":"Nous empruntons \u00e0 la m\u00e9diath\u00e8que Le loup qui d\u00e9couvrait le pays des contes d'Orianne Lallemand et \u00c9l\u00e9onore Thuillier (\u00e9d. Auzou, 2014), un album jeunesse \u00e0 partir de 3 ans. Pour le go\u00fbter du Printemps, Loup voudrait pr\u00e9parer un g\u00e2teau aux pommes pour ses amis mais il ne sait pas cuisiner.\u2026","rel":"","context":"Dans &quot;Mini lecteur&quot;","block_context":{"text":"Mini lecteur","link":"http:\/\/www.jojoenherbe.com\/index.php\/category\/mini-lecteur\/"},"img":{"alt_text":"","src":"https:\/\/i0.wp.com\/www.jojoenherbe.com\/wp-content\/uploads\/2020\/09\/Le-loup-qui-decouvrait-le-pays-des-contes-scaled.jpg?fit=1200%2C900&resize=350%2C200","width":350,"height":200,"srcset":"https:\/\/i0.wp.com\/www.jojoenherbe.com\/wp-content\/uploads\/2020\/09\/Le-loup-qui-decouvrait-le-pays-des-contes-scaled.jpg?fit=1200%2C900&resize=350%2C200 1x, https:\/\/i0.wp.com\/www.jojoenherbe.com\/wp-content\/uploads\/2020\/09\/Le-loup-qui-decouvrait-le-pays-des-contes-scaled.jpg?fit=1200%2C900&resize=525%2C300 1.5x, https:\/\/i0.wp.com\/www.jojoenherbe.com\/wp-content\/uploads\/2020\/09\/Le-loup-qui-decouvrait-le-pays-des-contes-scaled.jpg?fit=1200%2C900&resize=700%2C400 2x, https:\/\/i0.wp.com\/www.jojoenherbe.com\/wp-content\/uploads\/2020\/09\/Le-loup-qui-decouvrait-le-pays-des-contes-scaled.jpg?fit=1200%2C900&resize=1050%2C600 3x"},"classes":[]},{"id":26445,"url":"http:\/\/www.jojoenherbe.com\/index.php\/2022\/07\/19\/au-fil-des-pages-avec-vous-ici\/","url_meta":{"origin":11047,"position":4},"title":"Au fil des pages avec Vous ici","author":"Jojo","date":"19 juillet 2022","format":false,"excerpt":"Nous avions lu et relu l'ann\u00e9e derni\u00e8re, tout au long du mois de f\u00e9vrier,\u00a0 Vous ici? d\u2019Olivier Dupin et S\u00e9verine Duchesne (\u00e9d. Frimousse, coll. Maxi'boum, 2018), un album jeunesse \u00e0 partir de 3 ans et qui a fait partie de la s\u00e9lection CP du 32\u00e8me Prix des Incos en 2021.\u2026","rel":"","context":"Dans &quot;Mini lecteur&quot;","block_context":{"text":"Mini lecteur","link":"http:\/\/www.jojoenherbe.com\/index.php\/category\/mini-lecteur\/"},"img":{"alt_text":"","src":"https:\/\/i0.wp.com\/www.jojoenherbe.com\/wp-content\/uploads\/2020\/10\/Vous-ici-scaled.jpg?fit=1200%2C900&resize=350%2C200","width":350,"height":200,"srcset":"https:\/\/i0.wp.com\/www.jojoenherbe.com\/wp-content\/uploads\/2020\/10\/Vous-ici-scaled.jpg?fit=1200%2C900&resize=350%2C200 1x, https:\/\/i0.wp.com\/www.jojoenherbe.com\/wp-content\/uploads\/2020\/10\/Vous-ici-scaled.jpg?fit=1200%2C900&resize=525%2C300 1.5x, https:\/\/i0.wp.com\/www.jojoenherbe.com\/wp-content\/uploads\/2020\/10\/Vous-ici-scaled.jpg?fit=1200%2C900&resize=700%2C400 2x, https:\/\/i0.wp.com\/www.jojoenherbe.com\/wp-content\/uploads\/2020\/10\/Vous-ici-scaled.jpg?fit=1200%2C900&resize=1050%2C600 3x"},"classes":[]},{"id":37360,"url":"http:\/\/www.jojoenherbe.com\/index.php\/2024\/11\/28\/au-fil-des-pages-avec-le-fil-rouge\/","url_meta":{"origin":11047,"position":5},"title":"Au fil des pages avec Le fil rouge","author":"Jojo","date":"28 novembre 2024","format":false,"excerpt":"A No\u00ebl dernier, nous avions lu Le fil rouge de G\u00e9raldine Collet et C\u00e9cile Hudrisier (\u00e9d. Philom\u00e8le, octobre 2011, 32 pages), un album jeunesse \u00e0 partir de 3 ans. Curieuse, une petite fille tire sur un fil rouge. Que peut-il y avoir au bout?\u00a0 On y retrouve les personnages des\u2026","rel":"","context":"Dans &quot;Mini lecteur&quot;","block_context":{"text":"Mini lecteur","link":"http:\/\/www.jojoenherbe.com\/index.php\/category\/mini-lecteur\/"},"img":{"alt_text":"","src":"https:\/\/i0.wp.com\/www.jojoenherbe.com\/wp-content\/uploads\/2024\/11\/Le-fil-rouge-2-150x150.jpg?resize=350%2C200","width":350,"height":200},"classes":[]}],"_links":{"self":[{"href":"http:\/\/www.jojoenherbe.com\/index.php\/wp-json\/wp\/v2\/posts\/11047","targetHints":{"allow":["GET"]}}],"collection":[{"href":"http:\/\/www.jojoenherbe.com\/index.php\/wp-json\/wp\/v2\/posts"}],"about":[{"href":"http:\/\/www.jojoenherbe.com\/index.php\/wp-json\/wp\/v2\/types\/post"}],"author":[{"embeddable":true,"href":"http:\/\/www.jojoenherbe.com\/index.php\/wp-json\/wp\/v2\/users\/1"}],"replies":[{"embeddable":true,"href":"http:\/\/www.jojoenherbe.com\/index.php\/wp-json\/wp\/v2\/comments?post=11047"}],"version-history":[{"count":0,"href":"http:\/\/www.jojoenherbe.com\/index.php\/wp-json\/wp\/v2\/posts\/11047\/revisions"}],"wp:featuredmedia":[{"embeddable":true,"href":"http:\/\/www.jojoenherbe.com\/index.php\/wp-json\/wp\/v2\/media\/11051"}],"wp:attachment":[{"href":"http:\/\/www.jojoenherbe.com\/index.php\/wp-json\/wp\/v2\/media?parent=11047"}],"wp:term":[{"taxonomy":"category","embeddable":true,"href":"http:\/\/www.jojoenherbe.com\/index.php\/wp-json\/wp\/v2\/categories?post=11047"},{"taxonomy":"post_tag","embeddable":true,"href":"http:\/\/www.jojoenherbe.com\/index.php\/wp-json\/wp\/v2\/tags?post=11047"}],"curies":[{"name":"wp","href":"https:\/\/api.w.org\/{rel}","templated":true}]}}