{"id":11024,"date":"2020-06-16T21:04:24","date_gmt":"2020-06-16T19:04:24","guid":{"rendered":"http:\/\/www.jojoenherbe.com\/?p=11024"},"modified":"2020-06-16T21:04:24","modified_gmt":"2020-06-16T19:04:24","slug":"au-fil-des-pages-avec-nous-avons-rendez-vous","status":"publish","type":"post","link":"http:\/\/www.jojoenherbe.com\/index.php\/2020\/06\/16\/au-fil-des-pages-avec-nous-avons-rendez-vous\/","title":{"rendered":"Au fil des pages avec Nous avons rendez-vous"},"content":{"rendered":"<p style=\"text-align: justify;\"><em><a href=\"https:\/\/i0.wp.com\/www.jojoenherbe.com\/wp-content\/uploads\/2020\/06\/Nous-avons-rendez-vous-2-scaled.jpg\"><img data-recalc-dims=\"1\" loading=\"lazy\" decoding=\"async\" data-attachment-id=\"11258\" data-permalink=\"http:\/\/www.jojoenherbe.com\/index.php\/2020\/06\/16\/au-fil-des-pages-avec-nous-avons-rendez-vous\/nous-avons-rendez-vous-2\/\" data-orig-file=\"https:\/\/i0.wp.com\/www.jojoenherbe.com\/wp-content\/uploads\/2020\/06\/Nous-avons-rendez-vous-2-scaled.jpg?fit=2560%2C1822\" data-orig-size=\"2560,1822\" data-comments-opened=\"1\" data-image-meta=\"{&quot;aperture&quot;:&quot;1.8&quot;,&quot;credit&quot;:&quot;&quot;,&quot;camera&quot;:&quot;iPhone 7&quot;,&quot;caption&quot;:&quot;&quot;,&quot;created_timestamp&quot;:&quot;1592059838&quot;,&quot;copyright&quot;:&quot;&quot;,&quot;focal_length&quot;:&quot;3.99&quot;,&quot;iso&quot;:&quot;100&quot;,&quot;shutter_speed&quot;:&quot;0.16666666666667&quot;,&quot;title&quot;:&quot;&quot;,&quot;orientation&quot;:&quot;1&quot;}\" data-image-title=\"Nous avons rendez-vous 2\" data-image-description=\"\" data-image-caption=\"\" data-large-file=\"https:\/\/i0.wp.com\/www.jojoenherbe.com\/wp-content\/uploads\/2020\/06\/Nous-avons-rendez-vous-2-scaled.jpg?fit=676%2C481\" class=\"alignleft size-thumbnail wp-image-11258\" src=\"https:\/\/i0.wp.com\/www.jojoenherbe.com\/wp-content\/uploads\/2020\/06\/Nous-avons-rendez-vous-2.jpg?resize=150%2C150\" alt=\"\" width=\"150\" height=\"150\" srcset=\"https:\/\/i0.wp.com\/www.jojoenherbe.com\/wp-content\/uploads\/2020\/06\/Nous-avons-rendez-vous-2-scaled.jpg?resize=150%2C150 150w, https:\/\/i0.wp.com\/www.jojoenherbe.com\/wp-content\/uploads\/2020\/06\/Nous-avons-rendez-vous-2-scaled.jpg?zoom=2&amp;resize=150%2C150 300w, https:\/\/i0.wp.com\/www.jojoenherbe.com\/wp-content\/uploads\/2020\/06\/Nous-avons-rendez-vous-2-scaled.jpg?zoom=3&amp;resize=150%2C150 450w\" sizes=\"auto, (max-width: 150px) 100vw, 150px\" \/><\/a> <a href=\"https:\/\/i0.wp.com\/www.jojoenherbe.com\/wp-content\/uploads\/2020\/06\/Nous-avons-rendez-vous-3-scaled.jpg\"><img data-recalc-dims=\"1\" loading=\"lazy\" decoding=\"async\" data-attachment-id=\"11259\" data-permalink=\"http:\/\/www.jojoenherbe.com\/index.php\/2020\/06\/16\/au-fil-des-pages-avec-nous-avons-rendez-vous\/nous-avons-rendez-vous-3\/\" data-orig-file=\"https:\/\/i0.wp.com\/www.jojoenherbe.com\/wp-content\/uploads\/2020\/06\/Nous-avons-rendez-vous-3-scaled.jpg?fit=2560%2C1728\" data-orig-size=\"2560,1728\" data-comments-opened=\"1\" data-image-meta=\"{&quot;aperture&quot;:&quot;1.8&quot;,&quot;credit&quot;:&quot;&quot;,&quot;camera&quot;:&quot;iPhone 7&quot;,&quot;caption&quot;:&quot;&quot;,&quot;created_timestamp&quot;:&quot;1592059862&quot;,&quot;copyright&quot;:&quot;&quot;,&quot;focal_length&quot;:&quot;3.99&quot;,&quot;iso&quot;:&quot;80&quot;,&quot;shutter_speed&quot;:&quot;0.16666666666667&quot;,&quot;title&quot;:&quot;&quot;,&quot;orientation&quot;:&quot;1&quot;}\" data-image-title=\"Nous avons rendez-vous 3\" data-image-description=\"\" data-image-caption=\"\" data-large-file=\"https:\/\/i0.wp.com\/www.jojoenherbe.com\/wp-content\/uploads\/2020\/06\/Nous-avons-rendez-vous-3-scaled.jpg?fit=676%2C456\" class=\"alignleft size-thumbnail wp-image-11259\" src=\"https:\/\/i0.wp.com\/www.jojoenherbe.com\/wp-content\/uploads\/2020\/06\/Nous-avons-rendez-vous-3.jpg?resize=150%2C150\" alt=\"\" width=\"150\" height=\"150\" srcset=\"https:\/\/i0.wp.com\/www.jojoenherbe.com\/wp-content\/uploads\/2020\/06\/Nous-avons-rendez-vous-3-scaled.jpg?resize=150%2C150 150w, https:\/\/i0.wp.com\/www.jojoenherbe.com\/wp-content\/uploads\/2020\/06\/Nous-avons-rendez-vous-3-scaled.jpg?zoom=2&amp;resize=150%2C150 300w, https:\/\/i0.wp.com\/www.jojoenherbe.com\/wp-content\/uploads\/2020\/06\/Nous-avons-rendez-vous-3-scaled.jpg?zoom=3&amp;resize=150%2C150 450w\" sizes=\"auto, (max-width: 150px) 100vw, 150px\" \/><\/a>Nous empruntons, \u00e0 nouveau, \u00e0 la m\u00e9diath\u00e8que <span style=\"text-decoration: underline;\">Nous avons rendez-vous<\/span> de Marie Dorl\u00e9ans (\u00e9d. Seuil Jeunesse, 2018), un album jeunesse grand format \u00e0 partir de 3 ans. Par une belle nuit \u00e9toil\u00e9e d&rsquo;\u00e9t\u00e9, une famille &#8211; deux enfants avec leurs parents &#8211; se l\u00e8vent tr\u00e8s t\u00f4t et prennent sacs \u00e0 dos, chaussures de randonn\u00e9es et lampes de poche pour gagner le lieu d&rsquo;un rendez-vous. Nous les suivons lors de leur balade \u00e0 travers la campagne, une for\u00eat puis un lac&#8230; Mais quelle est donc la nature de ce rendez-vous?\u00a0 <\/em><\/p>\n<p style=\"text-align: justify;\"><em>Les illustrations bleut\u00e9es sont magnifiques et donnent l&rsquo;impression au lecteur d&rsquo;\u00eatre lui aussi un des participants de cette randonn\u00e9e familiale nocturne. Au fil des pages, nos yeux s&rsquo;habituant comme dans l&rsquo;obscurit\u00e9 de la nuit, nous d\u00e9celons de plus en plus de d\u00e9tails comme les animaux qui regardent passer cette famille. Nous sommes, comme elle, subjugu\u00e9s par la beaut\u00e9 de la nuit avec son silence, ses odeurs, ses couleurs comme le ciel \u00e9toil\u00e9 jusqu&rsquo;au moment du rendez-vous tant attendu, point d&rsquo;orgue d&rsquo;\u00e9merveillement de cet album. Cet album jeunesse reprend \u00e0 merveille l&rsquo;ambiance avant un lever de soleil. Il me fait penser \u00e0 celui v\u00e9cu dans la <a href=\"http:\/\/www.jojoenherbe.com\/index.php\/2006\/08\/27\/decouverte-de-la-vallee-des-merveilles\/\">Vall\u00e9e des Merveilles<\/a> avec un lever tr\u00e8s matinal au refuge jusqu&rsquo;\u00e0 un petit lac (mais avec des frontales). Coup de c\u0153ur pour cet album jeunesse!<\/em><\/p>\n<div style=\"width: 184px\" class=\"wp-caption aligncenter\"><img loading=\"lazy\" decoding=\"async\" src=\"https:\/\/lh3.googleusercontent.com\/yeyHsyE8ePB9xQx2t9obPo4nIUGeuGsS-P1wwGiEip3f9lcFED23VkM1Pr5hYoy4puCex2GzVOyZNHjl5qeUnhImyiKFqwfTaONmF_HEc7SEvgxhr1eZXuJ6zzg9JfEY4XADWBPBCxMLePs3HiWfgCjRFVaAIkiQhaX8RGfOMzZhoMNQUFFuWlglQGRva5RIkSFvo7nk3yMWVz4PgUXBK3Uof2Hf073K4C6YvQC1u6gRN2BCr4tNyqitAlYfULcqVlua9UK9L5kLVOZWs2-xrAzDf1K3rxU8pxE6Fdm1EI8_YbPW09CsTNa9CW1z0lvieJ6Ify6BbltA9XBnOC99XwB4E833hDdb9KWRbKTb8bwsVGIAFF1x2JkOCAWTkq3OtXJmlgaccySEr2PvCr9rzIA4GtrzB04GpU7RNPlnkfNDjtPoy6UR5nf5SD-RQvfrkHaKDQocAHpi1MoHr0bWF4h3F08r5y_TM01DqKXAgeInHehhuxNBZ4LGs7Emk2ol6RPfVd4UEj0916JVKRknXSsSbJG_50ptPlCGTOdHDTOUMc6x63Wp68_DnNhG9qn5FPKuDHhZvC008a4nifQFWuKVT6HvqNgW-LcvXb0wnjbSwgS8qwHb3LtHJj3uAe971aQRDPkS146UchPgCLNczeUje4Y3YFpuV4P1KYu67RSdAOITJNzzSRO2Dycc1PCqSdc7IoPwLu0-aT-FJ0m-KvlkUQLXoamPhl2WKbODyZSfc5ZT=w285-h217-no\" alt=\"\" width=\"174\" height=\"133\" \/><p class=\"wp-caption-text\"><a href=\"https:\/\/ennalit.wordpress.com\/2019\/12\/01\/challenge-petit-bac-2020-qui-veut-jouer\/\">Challenge Petit Bac d&rsquo;Enna<\/a> #7 Cat\u00e9gorie Amour et relations amoureuses: \u00ab\u00a0Rendez-vous\u00a0\u00bb<\/p><\/div>\n","protected":false},"excerpt":{"rendered":"<p>Nous empruntons, \u00e0 nouveau, \u00e0 la m\u00e9diath\u00e8que Nous avons rendez-vous de Marie Dorl\u00e9ans (\u00e9d. Seuil Jeunesse, 2018), un album jeunesse grand format \u00e0 partir de 3 ans. Par une belle nuit \u00e9toil\u00e9e d&rsquo;\u00e9t\u00e9, une famille &#8211; deux enfants avec leurs parents &#8211; se l\u00e8vent tr\u00e8s t\u00f4t et prennent sacs \u00e0 dos, chaussures de randonn\u00e9es et [&hellip;]<\/p>\n","protected":false},"author":1,"featured_media":11260,"comment_status":"open","ping_status":"open","sticky":false,"template":"","format":"standard","meta":{"jetpack_post_was_ever_published":false,"_jetpack_newsletter_access":"","_jetpack_dont_email_post_to_subs":false,"_jetpack_newsletter_tier_id":0,"_jetpack_memberships_contains_paywalled_content":false,"_jetpack_memberships_contains_paid_content":false,"footnotes":""},"categories":[363],"tags":[785,409,1564,1352,676,459,367,1020,1529,1550,543,429,1528],"class_list":["post-11024","post","type-post","status-publish","format-standard","has-post-thumbnail","hentry","category-mini-lecteur","tag-3-6-ans","tag-albums-jeunesse","tag-bleu","tag-challenge-petit-bac-2020","tag-etoiles","tag-famille","tag-lecture-jeunesse","tag-lectures-dete","tag-lever-de-soleil","tag-marie-dorleans","tag-nature","tag-nuit","tag-randonnee","post-preview"],"jetpack_featured_media_url":"https:\/\/i0.wp.com\/www.jojoenherbe.com\/wp-content\/uploads\/2020\/06\/Nous-avons-rendez-vous-scaled.jpg?fit=2560%2C2293","jetpack_sharing_enabled":true,"jetpack_shortlink":"https:\/\/wp.me\/p9zhGx-2RO","jetpack_likes_enabled":true,"jetpack-related-posts":[{"id":19352,"url":"http:\/\/www.jojoenherbe.com\/index.php\/2021\/06\/24\/nos-lectures-estivales-2021\/","url_meta":{"origin":11024,"position":0},"title":"Nos lectures estivales 2021","author":"Jojo","date":"24 juin 2021","format":false,"excerpt":"En ce 21 juin 2021 qui dit F\u00eate de la Musique et aussi \u00c9t\u00e9, nous remettons en avant de nos biblioth\u00e8ques les lectures estivales. Il y a bien s\u00fbr des histoires d\u00e9j\u00e0 les ann\u00e9es pr\u00e9c\u00e9dentes, d'autres que nous avons d\u00e9couvertes \u00e0 la m\u00e9diath\u00e8que avant qu'elles rejoignent ou non nos biblioth\u00e8ques\u2026","rel":"","context":"Dans &quot;Mini lecteur&quot;","block_context":{"text":"Mini lecteur","link":"http:\/\/www.jojoenherbe.com\/index.php\/category\/mini-lecteur\/"},"img":{"alt_text":"","src":"https:\/\/i0.wp.com\/www.jojoenherbe.com\/wp-content\/uploads\/2021\/06\/lectures-Ete-scaled.jpg?fit=1200%2C854&resize=350%2C200","width":350,"height":200,"srcset":"https:\/\/i0.wp.com\/www.jojoenherbe.com\/wp-content\/uploads\/2021\/06\/lectures-Ete-scaled.jpg?fit=1200%2C854&resize=350%2C200 1x, https:\/\/i0.wp.com\/www.jojoenherbe.com\/wp-content\/uploads\/2021\/06\/lectures-Ete-scaled.jpg?fit=1200%2C854&resize=525%2C300 1.5x, https:\/\/i0.wp.com\/www.jojoenherbe.com\/wp-content\/uploads\/2021\/06\/lectures-Ete-scaled.jpg?fit=1200%2C854&resize=700%2C400 2x, https:\/\/i0.wp.com\/www.jojoenherbe.com\/wp-content\/uploads\/2021\/06\/lectures-Ete-scaled.jpg?fit=1200%2C854&resize=1050%2C600 3x"},"classes":[]},{"id":20544,"url":"http:\/\/www.jojoenherbe.com\/index.php\/2021\/09\/07\/au-fil-des-pages-avec-heure-bleue\/","url_meta":{"origin":11024,"position":1},"title":"Au fil des pages avec Heure bleue","author":"Jojo","date":"7 septembre 2021","format":false,"excerpt":"En juin dernier, nous avons lu Heure bleue d'Isabelle Simler (\u00e9d. courtes et longues, 2015), un album jeunesse \u00e0 partir de 3\/4 ans. A l'heure du cr\u00e9puscule, lorsque le jour laisse place \u00e0 la nuit, la faune et la flore, \u00e0 travers le monde, se donnent rendez-vous pour cette heure\u2026","rel":"","context":"Dans &quot;Mini lecteur&quot;","block_context":{"text":"Mini lecteur","link":"http:\/\/www.jojoenherbe.com\/index.php\/category\/mini-lecteur\/"},"img":{"alt_text":"","src":"https:\/\/i0.wp.com\/www.jojoenherbe.com\/wp-content\/uploads\/2021\/09\/Heure-bleue-scaled.jpg?fit=1200%2C754&resize=350%2C200","width":350,"height":200,"srcset":"https:\/\/i0.wp.com\/www.jojoenherbe.com\/wp-content\/uploads\/2021\/09\/Heure-bleue-scaled.jpg?fit=1200%2C754&resize=350%2C200 1x, https:\/\/i0.wp.com\/www.jojoenherbe.com\/wp-content\/uploads\/2021\/09\/Heure-bleue-scaled.jpg?fit=1200%2C754&resize=525%2C300 1.5x, https:\/\/i0.wp.com\/www.jojoenherbe.com\/wp-content\/uploads\/2021\/09\/Heure-bleue-scaled.jpg?fit=1200%2C754&resize=700%2C400 2x, https:\/\/i0.wp.com\/www.jojoenherbe.com\/wp-content\/uploads\/2021\/09\/Heure-bleue-scaled.jpg?fit=1200%2C754&resize=1050%2C600 3x"},"classes":[]},{"id":4950,"url":"http:\/\/www.jojoenherbe.com\/index.php\/2019\/03\/13\/au-fil-des-pages-avec-clown\/","url_meta":{"origin":11024,"position":2},"title":"Au fil des pages avec Clown","author":"Jojo","date":"13 mars 2019","format":false,"excerpt":"Pour continuer par la lecture Mardi gras et les carnavals de ces derni\u00e8res semaines, nous lisons Clown d'Elzbieta (\u00e9d. L'\u00e9cole des loisirs, coll. Les lutins, 2017). Le texte est tr\u00e8s simple: un petit clown voit dispara\u00eetre un \u00e0 un ses animaux de compagnie, des objets qu'il poss\u00e8de et m\u00eame son\u2026","rel":"","context":"Dans &quot;Mini lecteur&quot;","block_context":{"text":"Mini lecteur","link":"http:\/\/www.jojoenherbe.com\/index.php\/category\/mini-lecteur\/"},"img":{"alt_text":"","src":"https:\/\/i0.wp.com\/www.jojoenherbe.com\/wp-content\/uploads\/2019\/03\/Clown.jpg?fit=1200%2C969&resize=350%2C200","width":350,"height":200,"srcset":"https:\/\/i0.wp.com\/www.jojoenherbe.com\/wp-content\/uploads\/2019\/03\/Clown.jpg?fit=1200%2C969&resize=350%2C200 1x, https:\/\/i0.wp.com\/www.jojoenherbe.com\/wp-content\/uploads\/2019\/03\/Clown.jpg?fit=1200%2C969&resize=525%2C300 1.5x, https:\/\/i0.wp.com\/www.jojoenherbe.com\/wp-content\/uploads\/2019\/03\/Clown.jpg?fit=1200%2C969&resize=700%2C400 2x, https:\/\/i0.wp.com\/www.jojoenherbe.com\/wp-content\/uploads\/2019\/03\/Clown.jpg?fit=1200%2C969&resize=1050%2C600 3x"},"classes":[]},{"id":9662,"url":"http:\/\/www.jojoenherbe.com\/index.php\/2020\/01\/19\/des-activites-autour-de-la-galette-des-rois\/","url_meta":{"origin":11024,"position":3},"title":"Des activit\u00e9s autour de la galette des rois","author":"Jojo","date":"19 janvier 2020","format":false,"excerpt":"Avant de d\u00e9guster nos premi\u00e8res galettes et brioches des rois de l'ann\u00e9e, nous avons lisons nos albums jeunesse sur ce th\u00e8me: P\u2019tit Loup est le roi de la galette d\u2019Orianne Lallemand et d\u2019\u00c9l\u00e9onore Thuillier Loup Gouloup et la lune de Roland Nadaus et de Guido Van Genechten Petit Lapin Blanc\u2026","rel":"","context":"Dans &quot;Mini joueur&quot;","block_context":{"text":"Mini joueur","link":"http:\/\/www.jojoenherbe.com\/index.php\/category\/mini-decouvreur\/mini-joueur\/"},"img":{"alt_text":"","src":"https:\/\/i0.wp.com\/www.jojoenherbe.com\/wp-content\/uploads\/2020\/01\/Activit%C3%A9s-autour-de-la-galette-des-rois-3-scaled.jpg?fit=1200%2C1019&resize=350%2C200","width":350,"height":200,"srcset":"https:\/\/i0.wp.com\/www.jojoenherbe.com\/wp-content\/uploads\/2020\/01\/Activit%C3%A9s-autour-de-la-galette-des-rois-3-scaled.jpg?fit=1200%2C1019&resize=350%2C200 1x, https:\/\/i0.wp.com\/www.jojoenherbe.com\/wp-content\/uploads\/2020\/01\/Activit%C3%A9s-autour-de-la-galette-des-rois-3-scaled.jpg?fit=1200%2C1019&resize=525%2C300 1.5x, https:\/\/i0.wp.com\/www.jojoenherbe.com\/wp-content\/uploads\/2020\/01\/Activit%C3%A9s-autour-de-la-galette-des-rois-3-scaled.jpg?fit=1200%2C1019&resize=700%2C400 2x, https:\/\/i0.wp.com\/www.jojoenherbe.com\/wp-content\/uploads\/2020\/01\/Activit%C3%A9s-autour-de-la-galette-des-rois-3-scaled.jpg?fit=1200%2C1019&resize=1050%2C600 3x"},"classes":[]},{"id":11175,"url":"http:\/\/www.jojoenherbe.com\/index.php\/2020\/06\/12\/rat-du-mois-anglais-2020\/","url_meta":{"origin":11024,"position":4},"title":"RAT du Mois Anglais 2020","author":"Jojo","date":"12 juin 2020","format":false,"excerpt":"Ce jour, 12 juin 2020 commence le RAT du Mois Anglais qui est pr\u00e9vu jusqu'au 14 juin 2020 minuit. Encore un bon moment de lecture partag\u00e9e tout ce week-end mais pas que! Dans ma PAL, il y a surtout des relectures mais de livres que j'ai lus il y a\u2026","rel":"","context":"Dans &quot;Mini challenger&quot;","block_context":{"text":"Mini challenger","link":"http:\/\/www.jojoenherbe.com\/index.php\/category\/mini-challenger\/"},"img":{"alt_text":"","src":"https:\/\/i0.wp.com\/www.jojoenherbe.com\/wp-content\/uploads\/2020\/06\/PAL-du-RAT-Mois-Anglais-scaled.jpg?fit=1200%2C1140&resize=350%2C200","width":350,"height":200,"srcset":"https:\/\/i0.wp.com\/www.jojoenherbe.com\/wp-content\/uploads\/2020\/06\/PAL-du-RAT-Mois-Anglais-scaled.jpg?fit=1200%2C1140&resize=350%2C200 1x, https:\/\/i0.wp.com\/www.jojoenherbe.com\/wp-content\/uploads\/2020\/06\/PAL-du-RAT-Mois-Anglais-scaled.jpg?fit=1200%2C1140&resize=525%2C300 1.5x, https:\/\/i0.wp.com\/www.jojoenherbe.com\/wp-content\/uploads\/2020\/06\/PAL-du-RAT-Mois-Anglais-scaled.jpg?fit=1200%2C1140&resize=700%2C400 2x, https:\/\/i0.wp.com\/www.jojoenherbe.com\/wp-content\/uploads\/2020\/06\/PAL-du-RAT-Mois-Anglais-scaled.jpg?fit=1200%2C1140&resize=1050%2C600 3x"},"classes":[]},{"id":10846,"url":"http:\/\/www.jojoenherbe.com\/index.php\/2020\/04\/25\/au-fil-des-pages-avec-lenfant-et-grand-mere\/","url_meta":{"origin":11024,"position":5},"title":"Au fil des pages avec L&rsquo;enfant et Grand-M\u00e8re","author":"Jojo","date":"25 avril 2020","format":false,"excerpt":"Apr\u00e8s avoir lu L'enfant et la baleine, nous lisons L'enfant et Grand-m\u00e8re de Benji Davies (\u00e9d. Milan Jeunesse, 2009), un album jeunesse \u00e0 partir de 4 ans et qui est la troisi\u00e8me aventure de No\u00e9. Nous appr\u00e9cions, tout autant, voire m\u00eame plus, cette histoire que la pr\u00e9c\u00e9dente. Ce sont les\u2026","rel":"","context":"Dans &quot;Mini lecteur&quot;","block_context":{"text":"Mini lecteur","link":"http:\/\/www.jojoenherbe.com\/index.php\/category\/mini-lecteur\/"},"img":{"alt_text":"","src":"https:\/\/i0.wp.com\/www.jojoenherbe.com\/wp-content\/uploads\/2020\/04\/Lenfant-et-Grand-mere-scaled.jpg?fit=1200%2C900&resize=350%2C200","width":350,"height":200,"srcset":"https:\/\/i0.wp.com\/www.jojoenherbe.com\/wp-content\/uploads\/2020\/04\/Lenfant-et-Grand-mere-scaled.jpg?fit=1200%2C900&resize=350%2C200 1x, https:\/\/i0.wp.com\/www.jojoenherbe.com\/wp-content\/uploads\/2020\/04\/Lenfant-et-Grand-mere-scaled.jpg?fit=1200%2C900&resize=525%2C300 1.5x, https:\/\/i0.wp.com\/www.jojoenherbe.com\/wp-content\/uploads\/2020\/04\/Lenfant-et-Grand-mere-scaled.jpg?fit=1200%2C900&resize=700%2C400 2x, https:\/\/i0.wp.com\/www.jojoenherbe.com\/wp-content\/uploads\/2020\/04\/Lenfant-et-Grand-mere-scaled.jpg?fit=1200%2C900&resize=1050%2C600 3x"},"classes":[]}],"_links":{"self":[{"href":"http:\/\/www.jojoenherbe.com\/index.php\/wp-json\/wp\/v2\/posts\/11024","targetHints":{"allow":["GET"]}}],"collection":[{"href":"http:\/\/www.jojoenherbe.com\/index.php\/wp-json\/wp\/v2\/posts"}],"about":[{"href":"http:\/\/www.jojoenherbe.com\/index.php\/wp-json\/wp\/v2\/types\/post"}],"author":[{"embeddable":true,"href":"http:\/\/www.jojoenherbe.com\/index.php\/wp-json\/wp\/v2\/users\/1"}],"replies":[{"embeddable":true,"href":"http:\/\/www.jojoenherbe.com\/index.php\/wp-json\/wp\/v2\/comments?post=11024"}],"version-history":[{"count":0,"href":"http:\/\/www.jojoenherbe.com\/index.php\/wp-json\/wp\/v2\/posts\/11024\/revisions"}],"wp:featuredmedia":[{"embeddable":true,"href":"http:\/\/www.jojoenherbe.com\/index.php\/wp-json\/wp\/v2\/media\/11260"}],"wp:attachment":[{"href":"http:\/\/www.jojoenherbe.com\/index.php\/wp-json\/wp\/v2\/media?parent=11024"}],"wp:term":[{"taxonomy":"category","embeddable":true,"href":"http:\/\/www.jojoenherbe.com\/index.php\/wp-json\/wp\/v2\/categories?post=11024"},{"taxonomy":"post_tag","embeddable":true,"href":"http:\/\/www.jojoenherbe.com\/index.php\/wp-json\/wp\/v2\/tags?post=11024"}],"curies":[{"name":"wp","href":"https:\/\/api.w.org\/{rel}","templated":true}]}}