{"id":10948,"date":"2019-11-04T23:06:00","date_gmt":"2019-11-04T22:06:00","guid":{"rendered":"http:\/\/www.jojoenherbe.com\/?p=10948"},"modified":"2021-04-03T11:59:28","modified_gmt":"2021-04-03T09:59:28","slug":"au-fil-des-pages-avec-bonne-nuit-tout-le-monde","status":"publish","type":"post","link":"http:\/\/www.jojoenherbe.com\/index.php\/2019\/11\/04\/au-fil-des-pages-avec-bonne-nuit-tout-le-monde\/","title":{"rendered":"Au fil des pages avec Bonne nuit tout le monde!"},"content":{"rendered":"<p style=\"text-align: justify;\"><em><a href=\"https:\/\/i0.wp.com\/www.jojoenherbe.com\/wp-content\/uploads\/2020\/05\/Bonne-nuit-tout-le-monde-2-scaled.jpg\"><img data-recalc-dims=\"1\" loading=\"lazy\" decoding=\"async\" data-attachment-id=\"10949\" data-permalink=\"http:\/\/www.jojoenherbe.com\/index.php\/2019\/11\/04\/au-fil-des-pages-avec-bonne-nuit-tout-le-monde\/bonne-nuit-tout-le-monde-2\/\" data-orig-file=\"https:\/\/i0.wp.com\/www.jojoenherbe.com\/wp-content\/uploads\/2020\/05\/Bonne-nuit-tout-le-monde-2-scaled.jpg?fit=2560%2C1308\" data-orig-size=\"2560,1308\" data-comments-opened=\"1\" data-image-meta=\"{&quot;aperture&quot;:&quot;2.4&quot;,&quot;credit&quot;:&quot;&quot;,&quot;camera&quot;:&quot;iPhone 4S&quot;,&quot;caption&quot;:&quot;&quot;,&quot;created_timestamp&quot;:&quot;1570194780&quot;,&quot;copyright&quot;:&quot;&quot;,&quot;focal_length&quot;:&quot;4.28&quot;,&quot;iso&quot;:&quot;400&quot;,&quot;shutter_speed&quot;:&quot;0.058823529411765&quot;,&quot;title&quot;:&quot;&quot;,&quot;orientation&quot;:&quot;1&quot;}\" data-image-title=\"Bonne nuit tout le monde! 2\" data-image-description=\"\" data-image-caption=\"\" data-large-file=\"https:\/\/i0.wp.com\/www.jojoenherbe.com\/wp-content\/uploads\/2020\/05\/Bonne-nuit-tout-le-monde-2-scaled.jpg?fit=676%2C345\" class=\"alignleft size-thumbnail wp-image-10949\" src=\"https:\/\/i0.wp.com\/www.jojoenherbe.com\/wp-content\/uploads\/2020\/05\/Bonne-nuit-tout-le-monde-2.jpg?resize=150%2C150\" alt=\"\" width=\"150\" height=\"150\" srcset=\"https:\/\/i0.wp.com\/www.jojoenherbe.com\/wp-content\/uploads\/2020\/05\/Bonne-nuit-tout-le-monde-2-scaled.jpg?resize=150%2C150 150w, https:\/\/i0.wp.com\/www.jojoenherbe.com\/wp-content\/uploads\/2020\/05\/Bonne-nuit-tout-le-monde-2-scaled.jpg?zoom=2&amp;resize=150%2C150 300w, https:\/\/i0.wp.com\/www.jojoenherbe.com\/wp-content\/uploads\/2020\/05\/Bonne-nuit-tout-le-monde-2-scaled.jpg?zoom=3&amp;resize=150%2C150 450w\" sizes=\"auto, (max-width: 150px) 100vw, 150px\" \/><\/a> <a href=\"https:\/\/i0.wp.com\/www.jojoenherbe.com\/wp-content\/uploads\/2020\/05\/Bonne-nuit-tout-le-monde-3-scaled.jpg\"><img data-recalc-dims=\"1\" loading=\"lazy\" decoding=\"async\" data-attachment-id=\"10950\" data-permalink=\"http:\/\/www.jojoenherbe.com\/index.php\/2019\/11\/04\/au-fil-des-pages-avec-bonne-nuit-tout-le-monde\/bonne-nuit-tout-le-monde-3\/\" data-orig-file=\"https:\/\/i0.wp.com\/www.jojoenherbe.com\/wp-content\/uploads\/2020\/05\/Bonne-nuit-tout-le-monde-3-scaled.jpg?fit=2560%2C1710\" data-orig-size=\"2560,1710\" data-comments-opened=\"1\" data-image-meta=\"{&quot;aperture&quot;:&quot;2.4&quot;,&quot;credit&quot;:&quot;&quot;,&quot;camera&quot;:&quot;iPhone 4S&quot;,&quot;caption&quot;:&quot;&quot;,&quot;created_timestamp&quot;:&quot;1570194806&quot;,&quot;copyright&quot;:&quot;&quot;,&quot;focal_length&quot;:&quot;4.28&quot;,&quot;iso&quot;:&quot;320&quot;,&quot;shutter_speed&quot;:&quot;0.05&quot;,&quot;title&quot;:&quot;&quot;,&quot;orientation&quot;:&quot;1&quot;}\" data-image-title=\"Bonne nuit tout le monde! 3\" data-image-description=\"\" data-image-caption=\"\" data-large-file=\"https:\/\/i0.wp.com\/www.jojoenherbe.com\/wp-content\/uploads\/2020\/05\/Bonne-nuit-tout-le-monde-3-scaled.jpg?fit=676%2C452\" class=\"alignleft size-thumbnail wp-image-10950\" src=\"https:\/\/i0.wp.com\/www.jojoenherbe.com\/wp-content\/uploads\/2020\/05\/Bonne-nuit-tout-le-monde-3.jpg?resize=150%2C150\" alt=\"\" width=\"150\" height=\"150\" srcset=\"https:\/\/i0.wp.com\/www.jojoenherbe.com\/wp-content\/uploads\/2020\/05\/Bonne-nuit-tout-le-monde-3-scaled.jpg?resize=150%2C150 150w, https:\/\/i0.wp.com\/www.jojoenherbe.com\/wp-content\/uploads\/2020\/05\/Bonne-nuit-tout-le-monde-3-scaled.jpg?zoom=2&amp;resize=150%2C150 300w, https:\/\/i0.wp.com\/www.jojoenherbe.com\/wp-content\/uploads\/2020\/05\/Bonne-nuit-tout-le-monde-3-scaled.jpg?zoom=3&amp;resize=150%2C150 450w\" sizes=\"auto, (max-width: 150px) 100vw, 150px\" \/><\/a>Nous lisons <span style=\"text-decoration: underline;\">Bonne nuit tout le monde!<\/span> de Komako Saka\u00ef et Chihiro Ishizu (\u00e9d. L&rsquo;\u00e9cole des loisirs, 2018), un album jeunesse cartonn\u00e9 pour les tout-petits. Nous suivons la petite Louise sur le point d&rsquo;aller se coucher. Mais comment la rassurer afin de l&rsquo;accompagner le plus paisiblement dans le sommeil, \u00e0 l&rsquo;instar des animaux et objets de son quotidien? <\/em><\/p>\n<p style=\"text-align: justify;\"><em>Cet album est \u00e0 l&rsquo;image de la magnifique illustration de la couverture. Que de po\u00e9sie et de douceur dans cette histoire! Nous appr\u00e9cions beaucoup le coup de crayon de cette illustratrice, Komako Saka\u00ef dont nous avions d\u00e9j\u00e0 lu <span style=\"text-decoration: underline;\">Ne bouge pas!<\/span> et <span style=\"text-decoration: underline;\">Dans l&rsquo;herbe<\/span>. En jouant avec le mouvement, elle donne magnifiquement vie aux animaux et objets du quotidien qui se pr\u00e9parent \u00e0 aller dormir. Sans oublier le texte tr\u00e8s m\u00e9lodique avec les bruits du papillon ou du train par exemple que pourront facilement reprendre les tout-petits. Coup de c\u0153ur pour cet album jeunesse qui peut tr\u00e8s bien \u00eatre lu au moment du coucher comme histoire du soir!<br \/>\n<\/em><\/p>\n","protected":false},"excerpt":{"rendered":"<p>Nous lisons Bonne nuit tout le monde! de Komako Saka\u00ef et Chihiro Ishizu (\u00e9d. L&rsquo;\u00e9cole des loisirs, 2018), un album jeunesse cartonn\u00e9 pour les tout-petits. Nous suivons la petite Louise sur le point d&rsquo;aller se coucher. Mais comment la rassurer afin de l&rsquo;accompagner le plus paisiblement dans le sommeil, \u00e0 l&rsquo;instar des animaux et objets [&hellip;]<\/p>\n","protected":false},"author":1,"featured_media":10951,"comment_status":"open","ping_status":"open","sticky":false,"template":"","format":"standard","meta":{"jetpack_post_was_ever_published":false,"_jetpack_newsletter_access":"","_jetpack_dont_email_post_to_subs":false,"_jetpack_newsletter_tier_id":0,"_jetpack_memberships_contains_paywalled_content":false,"_jetpack_memberships_contains_paid_content":false,"footnotes":""},"categories":[363],"tags":[786,409,1511,407,406,1510,589,429,797,567],"class_list":["post-10948","post","type-post","status-publish","format-standard","has-post-thumbnail","hentry","category-mini-lecteur","tag-0-3-ans","tag-albums-jeunesse","tag-chihiro-ishizu","tag-coucher","tag-dodo","tag-komako-sakai","tag-livres-cartonnes","tag-nuit","tag-sommeil","tag-tout-petit","post-preview"],"jetpack_featured_media_url":"https:\/\/i0.wp.com\/www.jojoenherbe.com\/wp-content\/uploads\/2020\/05\/Bonne-nuit-tout-le-monde-scaled.jpg?fit=2560%2C1877","jetpack_sharing_enabled":true,"jetpack_shortlink":"https:\/\/wp.me\/p9zhGx-2QA","jetpack_likes_enabled":true,"jetpack-related-posts":[{"id":16990,"url":"http:\/\/www.jojoenherbe.com\/index.php\/2021\/04\/03\/au-fil-des-pages-avec-reveilles-les-premiers\/","url_meta":{"origin":10948,"position":0},"title":"Au fil des pages avec R\u00e9veill\u00e9s les premiers!","author":"Jojo","date":"3 avril 2021","format":false,"excerpt":"Nous avons lu il y a quelques semaines R\u00e9veill\u00e9s les premiers! de Komako Saka\u00ef (\u00e9d. L'\u00e9cole des loisirs, 2013), un album jeunesse \u00e0 partir de 3 ans. Anna, une petite fille se r\u00e9veille tr\u00e8s t\u00f4t, avant tout le reste de la maisonn\u00e9e. Commence alors une exploration de la maison, \u00e0\u2026","rel":"","context":"Dans &quot;Mini lecteur&quot;","block_context":{"text":"Mini lecteur","link":"http:\/\/www.jojoenherbe.com\/index.php\/category\/mini-lecteur\/"},"img":{"alt_text":"","src":"https:\/\/i0.wp.com\/www.jojoenherbe.com\/wp-content\/uploads\/2021\/04\/Reveilles-les-premiers-scaled.jpg?fit=1200%2C848&resize=350%2C200","width":350,"height":200,"srcset":"https:\/\/i0.wp.com\/www.jojoenherbe.com\/wp-content\/uploads\/2021\/04\/Reveilles-les-premiers-scaled.jpg?fit=1200%2C848&resize=350%2C200 1x, https:\/\/i0.wp.com\/www.jojoenherbe.com\/wp-content\/uploads\/2021\/04\/Reveilles-les-premiers-scaled.jpg?fit=1200%2C848&resize=525%2C300 1.5x, https:\/\/i0.wp.com\/www.jojoenherbe.com\/wp-content\/uploads\/2021\/04\/Reveilles-les-premiers-scaled.jpg?fit=1200%2C848&resize=700%2C400 2x, https:\/\/i0.wp.com\/www.jojoenherbe.com\/wp-content\/uploads\/2021\/04\/Reveilles-les-premiers-scaled.jpg?fit=1200%2C848&resize=1050%2C600 3x"},"classes":[]},{"id":7824,"url":"http:\/\/www.jojoenherbe.com\/index.php\/2020\/06\/02\/au-fil-des-pages-avec-dans-lherbe\/","url_meta":{"origin":10948,"position":1},"title":"Au fil des pages avec Dans l&rsquo;herbe","author":"Jojo","date":"2 juin 2020","format":false,"excerpt":"Nous empruntons \u00e0 nouveau \u00e0 la m\u00e9diath\u00e8que Dans l'herbe de Komako Saka\u00ef et Yukiko Kato (\u00e9d. L'\u00e9cole des loisirs, 2011), un album jeunesse \u00e0 partir de 3 ans. Nous retrouvons le coup de crayon tout en douceur et en tendresse de Komako Saka\u00ef qui sait capter les petits riens si\u2026","rel":"","context":"Dans &quot;Mini lecteur&quot;","block_context":{"text":"Mini lecteur","link":"http:\/\/www.jojoenherbe.com\/index.php\/category\/mini-lecteur\/"},"img":{"alt_text":"","src":"https:\/\/i0.wp.com\/www.jojoenherbe.com\/wp-content\/uploads\/2019\/11\/Dans-lherbe-scaled.jpg?fit=1200%2C902&resize=350%2C200","width":350,"height":200,"srcset":"https:\/\/i0.wp.com\/www.jojoenherbe.com\/wp-content\/uploads\/2019\/11\/Dans-lherbe-scaled.jpg?fit=1200%2C902&resize=350%2C200 1x, https:\/\/i0.wp.com\/www.jojoenherbe.com\/wp-content\/uploads\/2019\/11\/Dans-lherbe-scaled.jpg?fit=1200%2C902&resize=525%2C300 1.5x, https:\/\/i0.wp.com\/www.jojoenherbe.com\/wp-content\/uploads\/2019\/11\/Dans-lherbe-scaled.jpg?fit=1200%2C902&resize=700%2C400 2x, https:\/\/i0.wp.com\/www.jojoenherbe.com\/wp-content\/uploads\/2019\/11\/Dans-lherbe-scaled.jpg?fit=1200%2C902&resize=1050%2C600 3x"},"classes":[]},{"id":10134,"url":"http:\/\/www.jojoenherbe.com\/index.php\/2020\/02\/19\/au-fil-des-pages-avec-le-lapin-la-nuit-et-la-boite-a-biscuits\/","url_meta":{"origin":10948,"position":2},"title":"Au fil des pages avec Le lapin, la nuit et la bo\u00eete \u00e0 biscuits","author":"Jojo","date":"19 f\u00e9vrier 2020","format":false,"excerpt":"Nous lisons Le lapin, la nuit et la bo\u00eete \u00e0 biscuits de Nicola O'Byrne (\u00e9d. Flammarion Jeunesse, coll. Les albums du P\u00e8re Castor, 2019), un album jeunesse \u00e0 partir de 3 ans. Il \u00e9tait une fois un lapin qui ne voulait absolument pas dormir au point d'enfermer la nuit, tenez-vous\u2026","rel":"","context":"Dans &quot;Mini lecteur&quot;","block_context":{"text":"Mini lecteur","link":"http:\/\/www.jojoenherbe.com\/index.php\/category\/mini-lecteur\/"},"img":{"alt_text":"","src":"https:\/\/i0.wp.com\/www.jojoenherbe.com\/wp-content\/uploads\/2020\/02\/Le-lapin-la-nuit-et-la-bo%C3%AEte-%C3%A0-biscuits-scaled.jpg?fit=1200%2C920&resize=350%2C200","width":350,"height":200,"srcset":"https:\/\/i0.wp.com\/www.jojoenherbe.com\/wp-content\/uploads\/2020\/02\/Le-lapin-la-nuit-et-la-bo%C3%AEte-%C3%A0-biscuits-scaled.jpg?fit=1200%2C920&resize=350%2C200 1x, https:\/\/i0.wp.com\/www.jojoenherbe.com\/wp-content\/uploads\/2020\/02\/Le-lapin-la-nuit-et-la-bo%C3%AEte-%C3%A0-biscuits-scaled.jpg?fit=1200%2C920&resize=525%2C300 1.5x, https:\/\/i0.wp.com\/www.jojoenherbe.com\/wp-content\/uploads\/2020\/02\/Le-lapin-la-nuit-et-la-bo%C3%AEte-%C3%A0-biscuits-scaled.jpg?fit=1200%2C920&resize=700%2C400 2x, https:\/\/i0.wp.com\/www.jojoenherbe.com\/wp-content\/uploads\/2020\/02\/Le-lapin-la-nuit-et-la-bo%C3%AEte-%C3%A0-biscuits-scaled.jpg?fit=1200%2C920&resize=1050%2C600 3x"},"classes":[]},{"id":29808,"url":"http:\/\/www.jojoenherbe.com\/index.php\/2023\/02\/09\/au-fil-des-pages-avec-jour-de-neige-2\/","url_meta":{"origin":10948,"position":3},"title":"Au fil des pages avec Jour de neige","author":"Jojo","date":"9 f\u00e9vrier 2023","format":false,"excerpt":"Nous relisons encore cette ann\u00e9e Jour de neige de Komako Saka\u00ef (\u00e9d. L'\u00e9cole des loisirs, 2006), un album jeunesse \u00e0 partir de 3 ans. Bloqu\u00e9 \u00e0 la maison avec sa m\u00e8re par la neige qui ne cesse de tomber, un enfant lapin voudrait bien aller dehors jouer dans la neige\u2026","rel":"","context":"Dans &quot;Mini lecteur&quot;","block_context":{"text":"Mini lecteur","link":"http:\/\/www.jojoenherbe.com\/index.php\/category\/mini-lecteur\/"},"img":{"alt_text":"","src":"https:\/\/i0.wp.com\/www.jojoenherbe.com\/wp-content\/uploads\/2023\/02\/Jour-de-neige-scaled.jpg?fit=1200%2C958&resize=350%2C200","width":350,"height":200,"srcset":"https:\/\/i0.wp.com\/www.jojoenherbe.com\/wp-content\/uploads\/2023\/02\/Jour-de-neige-scaled.jpg?fit=1200%2C958&resize=350%2C200 1x, https:\/\/i0.wp.com\/www.jojoenherbe.com\/wp-content\/uploads\/2023\/02\/Jour-de-neige-scaled.jpg?fit=1200%2C958&resize=525%2C300 1.5x, https:\/\/i0.wp.com\/www.jojoenherbe.com\/wp-content\/uploads\/2023\/02\/Jour-de-neige-scaled.jpg?fit=1200%2C958&resize=700%2C400 2x, https:\/\/i0.wp.com\/www.jojoenherbe.com\/wp-content\/uploads\/2023\/02\/Jour-de-neige-scaled.jpg?fit=1200%2C958&resize=1050%2C600 3x"},"classes":[]},{"id":30504,"url":"http:\/\/www.jojoenherbe.com\/index.php\/2023\/04\/05\/au-fil-des-pages-avec-gaspard-dans-la-nuit\/","url_meta":{"origin":10948,"position":4},"title":"Au fil des pages avec Gaspard dans la nuit","author":"Jojo","date":"5 avril 2023","format":false,"excerpt":"Apr\u00e8s l'avoir lu et relu en octobre 2021, nous avons relu cette semaine Gaspard dans la nuit de Seng Soun Ratanavanh (\u00e9d. de la Martini\u00e8re Jeunesse, 2020), un album jeunesse \u00e0 partir de 5 ans. Un jeune gar\u00e7on Gaspard a bien du mal \u00e0 s\u2019endormir le soir.\u00a0 Il se sent\u2026","rel":"","context":"Dans &quot;Mini lecteur&quot;","block_context":{"text":"Mini lecteur","link":"http:\/\/www.jojoenherbe.com\/index.php\/category\/mini-lecteur\/"},"img":{"alt_text":"","src":"https:\/\/i0.wp.com\/www.jojoenherbe.com\/wp-content\/uploads\/2021\/10\/Gaspard-dans-la-nuit-2-scaled.jpg?fit=1200%2C965&resize=350%2C200","width":350,"height":200,"srcset":"https:\/\/i0.wp.com\/www.jojoenherbe.com\/wp-content\/uploads\/2021\/10\/Gaspard-dans-la-nuit-2-scaled.jpg?fit=1200%2C965&resize=350%2C200 1x, https:\/\/i0.wp.com\/www.jojoenherbe.com\/wp-content\/uploads\/2021\/10\/Gaspard-dans-la-nuit-2-scaled.jpg?fit=1200%2C965&resize=525%2C300 1.5x, https:\/\/i0.wp.com\/www.jojoenherbe.com\/wp-content\/uploads\/2021\/10\/Gaspard-dans-la-nuit-2-scaled.jpg?fit=1200%2C965&resize=700%2C400 2x, https:\/\/i0.wp.com\/www.jojoenherbe.com\/wp-content\/uploads\/2021\/10\/Gaspard-dans-la-nuit-2-scaled.jpg?fit=1200%2C965&resize=1050%2C600 3x"},"classes":[]},{"id":10989,"url":"http:\/\/www.jojoenherbe.com\/index.php\/2020\/05\/18\/au-fil-des-pages-avec-la-fee-des-renards\/","url_meta":{"origin":10948,"position":5},"title":"Au fil des pages avec La f\u00e9e des renards","author":"Jojo","date":"18 mai 2020","format":false,"excerpt":"Nous avions emprunt\u00e9 \u00e0 la m\u00e9diath\u00e8que, d\u00e9but janvier 2020, La f\u00e9e des renards de Komako Saka\u00ef et Kimiko Aman (\u00e9d. L'\u00e9cole des loisirs, 2005), un album jeunesse \u00e0 partir de 3 ans. Lio a oubli\u00e9 sa corde \u00e0 sauter dans le parc. Elle y retourne avec son petit fr\u00e8re, Ken.\u2026","rel":"","context":"Dans &quot;Mini lecteur&quot;","block_context":{"text":"Mini lecteur","link":"http:\/\/www.jojoenherbe.com\/index.php\/category\/mini-lecteur\/"},"img":{"alt_text":"","src":"https:\/\/i0.wp.com\/www.jojoenherbe.com\/wp-content\/uploads\/2020\/05\/La-f%C3%A9e-des-renards-scaled.jpg?fit=1200%2C981&resize=350%2C200","width":350,"height":200,"srcset":"https:\/\/i0.wp.com\/www.jojoenherbe.com\/wp-content\/uploads\/2020\/05\/La-f%C3%A9e-des-renards-scaled.jpg?fit=1200%2C981&resize=350%2C200 1x, https:\/\/i0.wp.com\/www.jojoenherbe.com\/wp-content\/uploads\/2020\/05\/La-f%C3%A9e-des-renards-scaled.jpg?fit=1200%2C981&resize=525%2C300 1.5x, https:\/\/i0.wp.com\/www.jojoenherbe.com\/wp-content\/uploads\/2020\/05\/La-f%C3%A9e-des-renards-scaled.jpg?fit=1200%2C981&resize=700%2C400 2x, https:\/\/i0.wp.com\/www.jojoenherbe.com\/wp-content\/uploads\/2020\/05\/La-f%C3%A9e-des-renards-scaled.jpg?fit=1200%2C981&resize=1050%2C600 3x"},"classes":[]}],"_links":{"self":[{"href":"http:\/\/www.jojoenherbe.com\/index.php\/wp-json\/wp\/v2\/posts\/10948","targetHints":{"allow":["GET"]}}],"collection":[{"href":"http:\/\/www.jojoenherbe.com\/index.php\/wp-json\/wp\/v2\/posts"}],"about":[{"href":"http:\/\/www.jojoenherbe.com\/index.php\/wp-json\/wp\/v2\/types\/post"}],"author":[{"embeddable":true,"href":"http:\/\/www.jojoenherbe.com\/index.php\/wp-json\/wp\/v2\/users\/1"}],"replies":[{"embeddable":true,"href":"http:\/\/www.jojoenherbe.com\/index.php\/wp-json\/wp\/v2\/comments?post=10948"}],"version-history":[{"count":0,"href":"http:\/\/www.jojoenherbe.com\/index.php\/wp-json\/wp\/v2\/posts\/10948\/revisions"}],"wp:featuredmedia":[{"embeddable":true,"href":"http:\/\/www.jojoenherbe.com\/index.php\/wp-json\/wp\/v2\/media\/10951"}],"wp:attachment":[{"href":"http:\/\/www.jojoenherbe.com\/index.php\/wp-json\/wp\/v2\/media?parent=10948"}],"wp:term":[{"taxonomy":"category","embeddable":true,"href":"http:\/\/www.jojoenherbe.com\/index.php\/wp-json\/wp\/v2\/categories?post=10948"},{"taxonomy":"post_tag","embeddable":true,"href":"http:\/\/www.jojoenherbe.com\/index.php\/wp-json\/wp\/v2\/tags?post=10948"}],"curies":[{"name":"wp","href":"https:\/\/api.w.org\/{rel}","templated":true}]}}