{"id":10869,"date":"2020-04-28T23:25:13","date_gmt":"2020-04-28T21:25:13","guid":{"rendered":"http:\/\/www.jojoenherbe.com\/?p=10869"},"modified":"2022-07-24T09:51:38","modified_gmt":"2022-07-24T07:51:38","slug":"au-fil-des-pages-avec-miss-charity","status":"publish","type":"post","link":"http:\/\/www.jojoenherbe.com\/index.php\/2020\/04\/28\/au-fil-des-pages-avec-miss-charity\/","title":{"rendered":"Au fil des pages avec Miss Charity"},"content":{"rendered":"<p style=\"text-align: justify;\"><em><a href=\"https:\/\/i0.wp.com\/www.jojoenherbe.com\/wp-content\/uploads\/2020\/04\/Miss-Charity-2-scaled.jpg\"><img data-recalc-dims=\"1\" loading=\"lazy\" decoding=\"async\" data-attachment-id=\"10877\" data-permalink=\"http:\/\/www.jojoenherbe.com\/index.php\/2020\/04\/28\/au-fil-des-pages-avec-miss-charity\/miss-charity-2\/\" data-orig-file=\"https:\/\/i0.wp.com\/www.jojoenherbe.com\/wp-content\/uploads\/2020\/04\/Miss-Charity-2-scaled.jpg?fit=1607%2C2560\" data-orig-size=\"1607,2560\" data-comments-opened=\"1\" data-image-meta=\"{&quot;aperture&quot;:&quot;1.8&quot;,&quot;credit&quot;:&quot;&quot;,&quot;camera&quot;:&quot;Armor_X2&quot;,&quot;caption&quot;:&quot;&quot;,&quot;created_timestamp&quot;:&quot;1587897999&quot;,&quot;copyright&quot;:&quot;&quot;,&quot;focal_length&quot;:&quot;3.5&quot;,&quot;iso&quot;:&quot;119&quot;,&quot;shutter_speed&quot;:&quot;0.024994&quot;,&quot;title&quot;:&quot;&quot;,&quot;orientation&quot;:&quot;1&quot;}\" data-image-title=\"Miss Charity 2\" data-image-description=\"\" data-image-caption=\"\" data-large-file=\"https:\/\/i0.wp.com\/www.jojoenherbe.com\/wp-content\/uploads\/2020\/04\/Miss-Charity-2-scaled.jpg?fit=643%2C1024\" class=\"alignleft size-thumbnail wp-image-10877\" src=\"https:\/\/i0.wp.com\/www.jojoenherbe.com\/wp-content\/uploads\/2020\/04\/Miss-Charity-2.jpg?resize=150%2C150\" alt=\"\" width=\"150\" height=\"150\" srcset=\"https:\/\/i0.wp.com\/www.jojoenherbe.com\/wp-content\/uploads\/2020\/04\/Miss-Charity-2-scaled.jpg?resize=150%2C150 150w, https:\/\/i0.wp.com\/www.jojoenherbe.com\/wp-content\/uploads\/2020\/04\/Miss-Charity-2-scaled.jpg?zoom=2&amp;resize=150%2C150 300w, https:\/\/i0.wp.com\/www.jojoenherbe.com\/wp-content\/uploads\/2020\/04\/Miss-Charity-2-scaled.jpg?zoom=3&amp;resize=150%2C150 450w\" sizes=\"auto, (max-width: 150px) 100vw, 150px\" \/><\/a>D\u00e9but mars, j&rsquo;ai emprunt\u00e9 \u00e0 la m\u00e9diath\u00e8que <span style=\"text-decoration: underline;\">Miss Charity<\/span> de Marie-Aude Murail et illustr\u00e9 par Philippe Dumas (\u00e9d. L&rsquo;\u00e9cole des loisirs, 2008, r\u00e9\u00e9d. 2013), un roman jeunesse \u00e0 partir de 13 ans. Cela faisait d\u00e9j\u00e0 quelques temps que j&rsquo;avais rep\u00e9r\u00e9 ce roman et dans l&rsquo;incertitude du confinement qui semblait s&rsquo;annoncer, je me suis dit que ce roman de plus de 500 pages pourrait rejoindre ma PAL. Je commence \u00e0 le lire le week-end dernier. <\/em><em>Et l&rsquo;histoire me diriez-vous? <\/em><\/p>\n<p style=\"text-align: justify;\"><em>Nous suivons la vie de Charity\u00a0 Tiddler\u00a0 dans les ann\u00e9es 1880, une petite fille de 5 ans au d\u00e9but du roman, et ce sur plus de vingt ans. Appartenant \u00e0 la haute soci\u00e9t\u00e9 londonienne, <\/em><em>Charity apprend tr\u00e8s t<\/em><em>\u00f4t \u00e0 bien se tenir en soci\u00e9t\u00e9 pour ne pas contrarier ses parents tout en se cr\u00e9ant son propre imaginaire. En effet, <\/em><em>dans la nursery du troisi\u00e8me \u00e9tage de la maison londonienne, Charity se construit une m\u00e9nagerie avec une premi\u00e8re petite souris sauv\u00e9e qui sera rejointe par d&rsquo;autres animaux bless\u00e9s ou \u00e9chappant \u00e0 la casserole. Elle peut compter sur Tabitha, sa bonne \u00e9cossaise et puis sur sa\u00a0 gouvernante fran\u00e7aise, Mademoiselle Blanche Legros qui lui fait d\u00e9couvrir l&rsquo;aquarelle.\u00a0<\/em><\/p>\n<p style=\"text-align: justify;\"><em>Quittant Londres chaque \u00e9t\u00e9 pour la campagne anglaise, \u00e0 Dingley Bell, aupr\u00e8s de ses cousins &#8211; Ann, Lydia et Philip\u00a0 Beltram et d&rsquo;un ami de la famille, Kenneth Ashley, Charity peut se consacrer pleinement \u00e0 l&rsquo;\u00e9tude de la Nature, d&rsquo;abord esth\u00e9tiquement puis le plus scientifiquement possible, comme l&rsquo;anatomie des animaux, les champignons&#8230; Elle reste toujours une jeune fille puis une jeune femme marginale et solitaire mais qui s&rsquo;\u00e9panouit dans son univers rempli d&rsquo;animaux et qui continue d&rsquo;apprendre par c\u0153ur l\u2019\u0153uvre de William Shakespeare et de remplir ses carnets de dessins. Arrivera-t-elle \u00e0 trouver sa voie?<br \/>\n<\/em><\/p>\n<p style=\"text-align: justify;\"><em> Au fil des pages, cette petite fille qui grandit, d&rsquo;ann\u00e9e en ann\u00e9e, avec sa m\u00e9nagerie me fait de plus en plus penser \u00e0 une c\u00e9l\u00e8bre autrice de livres pour enfants ayant v\u00e9cu au XIXe si\u00e8cle: Beatrix Potter. Librement inspir\u00e9 de sa vie, ce roman est captivant. <\/em><em>Il y est aussi question de la condition de la femme au XIXe si\u00e8cle, Charity d\u00e9tonnant par exemple avec ses cousines qui ne pensent qu&rsquo;\u00e0 faire un bon mariage et qui ose, dans la sph\u00e8re bien pensante de la haute soci\u00e9t\u00e9 anglaise de l&rsquo;\u00e9poque victorienne, vouloir gagner sa vie en travaillant et \u00eatre ind\u00e9pendante.<\/em><\/p>\n<p style=\"text-align: justify;\"><em>Contrairement \u00e0 <span style=\"text-decoration: underline;\">Ma vie a chang\u00e9<\/span> que j&rsquo;avais lu il y a quelques mois et dont je ne garde qu&rsquo;un avis mitig\u00e9, j&rsquo;ai vraiment appr\u00e9ci\u00e9 ici le style d&rsquo;\u00e9criture de Marie-Aude Murail, avec cet humour so british qui me rappelle mes lectures de Jane Austen. La narration \u00e0 la premi\u00e8re personne est celle du roman, m\u00eame si\u00a0 le texte reprend la forme d&rsquo;une pi\u00e8ce de th\u00e9\u00e2tre dans ses dialogues (ce qui n&rsquo;est pas surprenant tant le th\u00e9\u00e2tre est omnipr\u00e9sent dans l&rsquo;histoire avec Shakespeare, le m\u00e9tier de com\u00e9dien de Kenneth, Oscar Wilde ou encore Bernard Shaw). Le texte est \u00e9galement ponctu\u00e9 de nombreuses illustrations \u00e0 l&rsquo;aquarelle de Philippe Dumas qui compl\u00e8tent la fantaisie de l&rsquo;h\u00e9ro\u00efne, notamment en donnant vie \u00e0 ses animaux comme Master Peter ou le canard Cook. <\/em><\/p>\n<p style=\"text-align: justify;\"><em><a href=\"https:\/\/i0.wp.com\/www.jojoenherbe.com\/wp-content\/uploads\/2021\/06\/Miss-Charity-BD-T1-scaled.jpg\"><img data-recalc-dims=\"1\" loading=\"lazy\" decoding=\"async\" data-attachment-id=\"19490\" data-permalink=\"http:\/\/www.jojoenherbe.com\/index.php\/2021\/06\/28\/au-fil-des-pages-avec-le-tome-1-de-la-bd-miss-charity\/miss-charity-bd-t1\/\" data-orig-file=\"https:\/\/i0.wp.com\/www.jojoenherbe.com\/wp-content\/uploads\/2021\/06\/Miss-Charity-BD-T1-scaled.jpg?fit=2560%2C1920\" data-orig-size=\"2560,1920\" data-comments-opened=\"1\" data-image-meta=\"{&quot;aperture&quot;:&quot;1.8&quot;,&quot;credit&quot;:&quot;&quot;,&quot;camera&quot;:&quot;iPhone 7&quot;,&quot;caption&quot;:&quot;&quot;,&quot;created_timestamp&quot;:&quot;1624382427&quot;,&quot;copyright&quot;:&quot;&quot;,&quot;focal_length&quot;:&quot;3.99&quot;,&quot;iso&quot;:&quot;100&quot;,&quot;shutter_speed&quot;:&quot;0.058823529411765&quot;,&quot;title&quot;:&quot;&quot;,&quot;orientation&quot;:&quot;1&quot;}\" data-image-title=\"Miss Charity BD T1\" data-image-description=\"\" data-image-caption=\"\" data-large-file=\"https:\/\/i0.wp.com\/www.jojoenherbe.com\/wp-content\/uploads\/2021\/06\/Miss-Charity-BD-T1-scaled.jpg?fit=676%2C507\" class=\"size-thumbnail wp-image-19490 alignright\" src=\"https:\/\/i0.wp.com\/www.jojoenherbe.com\/wp-content\/uploads\/2021\/06\/Miss-Charity-BD-T1.jpg?resize=150%2C150\" alt=\"\" width=\"150\" height=\"150\" srcset=\"https:\/\/i0.wp.com\/www.jojoenherbe.com\/wp-content\/uploads\/2021\/06\/Miss-Charity-BD-T1-scaled.jpg?resize=150%2C150 150w, https:\/\/i0.wp.com\/www.jojoenherbe.com\/wp-content\/uploads\/2021\/06\/Miss-Charity-BD-T1-scaled.jpg?zoom=2&amp;resize=150%2C150 300w, https:\/\/i0.wp.com\/www.jojoenherbe.com\/wp-content\/uploads\/2021\/06\/Miss-Charity-BD-T1-scaled.jpg?zoom=3&amp;resize=150%2C150 450w\" sizes=\"auto, (max-width: 150px) 100vw, 150px\" \/><\/a>Finalement, j&rsquo;ai lu en une journ\u00e9e ce roman, laissant derni\u00e8re moi, presque \u00e0 regret, la vie de Miss Charity. Quoique, j&rsquo;ai d\u00e9j\u00e0 rep\u00e9r\u00e9 son adaptation en BD, un premier tome de Lo\u00efc Cl\u00e9ment et Anne Montel, <span style=\"text-decoration: underline;\"><a href=\"https:\/\/www.jojoenherbe.com\/index.php\/2021\/06\/28\/au-fil-des-pages-avec-le-tome-1-de-la-bd-miss-charity\/\">Miss Charity, L&rsquo;enfance de l&rsquo;art<\/a>,<\/span> \u00e9tant sorti en f\u00e9vrier 2020. Coup de c\u0153ur pour ce roman jeunesse!<br \/>\n<\/em><\/p>\n<p><em>Pour un autre avis: <a href=\"https:\/\/artdelire.org\/2021\/05\/22\/miss-charity\/\">Missycornish<\/a>.<\/em><\/p>\n","protected":false},"excerpt":{"rendered":"<p>D\u00e9but mars, j&rsquo;ai emprunt\u00e9 \u00e0 la m\u00e9diath\u00e8que Miss Charity de Marie-Aude Murail et illustr\u00e9 par Philippe Dumas (\u00e9d. L&rsquo;\u00e9cole des loisirs, 2008, r\u00e9\u00e9d. 2013), un roman jeunesse \u00e0 partir de 13 ans. Cela faisait d\u00e9j\u00e0 quelques temps que j&rsquo;avais rep\u00e9r\u00e9 ce roman et dans l&rsquo;incertitude du confinement qui semblait s&rsquo;annoncer, je me suis dit que [&hellip;]<\/p>\n","protected":false},"author":1,"featured_media":10876,"comment_status":"open","ping_status":"open","sticky":false,"template":"","format":"standard","meta":{"jetpack_post_was_ever_published":false,"_jetpack_newsletter_access":"","_jetpack_dont_email_post_to_subs":false,"_jetpack_newsletter_tier_id":0,"_jetpack_memberships_contains_paywalled_content":false,"_jetpack_memberships_contains_paid_content":false,"footnotes":""},"categories":[363],"tags":[1485,1461,12,1489,1488,1333,1492,1490,1622,459,602,367,1486,543,789,619],"class_list":["post-10869","post","type-post","status-publish","format-standard","has-post-thumbnail","hentry","category-mini-lecteur","tag-13-16-ans","tag-angleterre","tag-animaux","tag-aquarelle","tag-beatrix-potter","tag-campagne-anglaise","tag-condition-de-la-femme","tag-ecrivain","tag-epoque-victorienne","tag-famille","tag-imaginaire","tag-lecture-jeunesse","tag-marie-aude-murail","tag-nature","tag-romans-jeunesse","tag-solitude","post-preview"],"jetpack_featured_media_url":"https:\/\/i0.wp.com\/www.jojoenherbe.com\/wp-content\/uploads\/2020\/04\/Miss-Charity-3-scaled.jpg?fit=2145%2C2560","jetpack_sharing_enabled":true,"jetpack_shortlink":"https:\/\/wp.me\/p9zhGx-2Pj","jetpack_likes_enabled":true,"jetpack-related-posts":[{"id":19318,"url":"http:\/\/www.jojoenherbe.com\/index.php\/2021\/06\/28\/au-fil-des-pages-avec-le-tome-1-de-la-bd-miss-charity\/","url_meta":{"origin":10869,"position":0},"title":"Au fil des pages avec le tome 1 de la BD Miss Charity","author":"Jojo","date":"28 juin 2021","format":false,"excerpt":"J'emprunte \u00e0 nouveau \u00e0 la m\u00e9diath\u00e8que le tome 1 de Miss Charity, L\u2019enfance de l\u2019art de Lo\u00efc Cl\u00e9ment et Anne Montel (\u00e9d. Rue de S\u00e8vres, 2020), l\u2019adaptation en BD du roman \u00e9ponyme de Marie-Aude Murail, ayant d\u00e9j\u00e0 lu les deux l'ann\u00e9e derni\u00e8re. Ce premier tome reprend la premi\u00e8re partie du\u2026","rel":"","context":"Dans &quot;Mini lecteur&quot;","block_context":{"text":"Mini lecteur","link":"http:\/\/www.jojoenherbe.com\/index.php\/category\/mini-lecteur\/"},"img":{"alt_text":"","src":"https:\/\/i0.wp.com\/www.jojoenherbe.com\/wp-content\/uploads\/2021\/06\/Miss-Charity-BD-T1-scaled.jpg?fit=1200%2C900&resize=350%2C200","width":350,"height":200,"srcset":"https:\/\/i0.wp.com\/www.jojoenherbe.com\/wp-content\/uploads\/2021\/06\/Miss-Charity-BD-T1-scaled.jpg?fit=1200%2C900&resize=350%2C200 1x, https:\/\/i0.wp.com\/www.jojoenherbe.com\/wp-content\/uploads\/2021\/06\/Miss-Charity-BD-T1-scaled.jpg?fit=1200%2C900&resize=525%2C300 1.5x, https:\/\/i0.wp.com\/www.jojoenherbe.com\/wp-content\/uploads\/2021\/06\/Miss-Charity-BD-T1-scaled.jpg?fit=1200%2C900&resize=700%2C400 2x, https:\/\/i0.wp.com\/www.jojoenherbe.com\/wp-content\/uploads\/2021\/06\/Miss-Charity-BD-T1-scaled.jpg?fit=1200%2C900&resize=1050%2C600 3x"},"classes":[]},{"id":18032,"url":"http:\/\/www.jojoenherbe.com\/index.php\/2021\/05\/02\/billet-de-suivi-challenge-cottagecore-2021\/","url_meta":{"origin":10869,"position":1},"title":"Billet de suivi: Challenge Cottagecore 2021","author":"Jojo","date":"2 mai 2021","format":false,"excerpt":"Du 1er mai au 30 septembre 2021, Missycornish propose un nouveau challenge sur une tendance actuelle depuis la pand\u00e9mie de Covid-19, le \u00ab cottagecore \u00bb, \u00e0 savoir un mode de vie slowlife dans une campagne id\u00e9alis\u00e9e et s\u2019inspirant de la campagne anglaise du XIXe si\u00e8cle. Pour ce challenge Cottagecore, Missycornish\u2026","rel":"","context":"Dans &quot;Mini challenger&quot;","block_context":{"text":"Mini challenger","link":"http:\/\/www.jojoenherbe.com\/index.php\/category\/mini-challenger\/"},"img":{"alt_text":"","src":"https:\/\/i0.wp.com\/www.jojoenherbe.com\/wp-content\/uploads\/2021\/05\/Nord-et-Sud-150x150.jpg?resize=350%2C200","width":350,"height":200},"classes":[]},{"id":42897,"url":"http:\/\/www.jojoenherbe.com\/index.php\/2026\/02\/18\/au-fil-des-pages-avec-les-jours-sucres\/","url_meta":{"origin":10869,"position":2},"title":"Au fil des pages avec Les jours sucr\u00e9s","author":"Jojo","date":"18 f\u00e9vrier 2026","format":false,"excerpt":"J'ai lu, en version num\u00e9rique via ma m\u00e9diath\u00e8que, Les jours sucr\u00e9s de Lo\u00efc Cl\u00e9ment et Anne Montel (\u00e9d. Dargaud, f\u00e9vrier 2016, 148 pages), un roman graphique qui se d\u00e9cline comme une BD (romance) feel good contemporaine. Au d\u00e9c\u00e8s de son p\u00e8re, \u00c9glantine Larticho, \u00e2g\u00e9e de 25 ans, revient \u00e0 Klervi,\u2026","rel":"","context":"Dans &quot;Mini lecteur&quot;","block_context":{"text":"Mini lecteur","link":"http:\/\/www.jojoenherbe.com\/index.php\/category\/mini-lecteur\/"},"img":{"alt_text":"","src":"https:\/\/i0.wp.com\/www.jojoenherbe.com\/wp-content\/uploads\/2026\/02\/Les-jours-sucres.jpg?fit=748%2C1055&resize=350%2C200","width":350,"height":200,"srcset":"https:\/\/i0.wp.com\/www.jojoenherbe.com\/wp-content\/uploads\/2026\/02\/Les-jours-sucres.jpg?fit=748%2C1055&resize=350%2C200 1x, https:\/\/i0.wp.com\/www.jojoenherbe.com\/wp-content\/uploads\/2026\/02\/Les-jours-sucres.jpg?fit=748%2C1055&resize=525%2C300 1.5x, https:\/\/i0.wp.com\/www.jojoenherbe.com\/wp-content\/uploads\/2026\/02\/Les-jours-sucres.jpg?fit=748%2C1055&resize=700%2C400 2x"},"classes":[]},{"id":10202,"url":"http:\/\/www.jojoenherbe.com\/index.php\/2020\/03\/02\/un-premier-rat-du-challenge-british-mysteries-2020\/","url_meta":{"origin":10869,"position":3},"title":"Un premier RAT du Challenge British Mysteries 2020","author":"Jojo","date":"2 mars 2020","format":false,"excerpt":"Du 28 f\u00e9vrier au 1er mars 2020 s'est d\u00e9roul\u00e9 le premier RAT du Challenge British Mysteries organis\u00e9 par Hilde et Lou. Pour ce marathon de lectures, je n'ai pas vraiment pu y participer comme je l'aurai voulu, \u00e0 d\u00e9faut d'avoir pu constituer dans les temps ma PAL. Heureusement, mars ne\u2026","rel":"","context":"Dans &quot;Mini challenger&quot;","block_context":{"text":"Mini challenger","link":"http:\/\/www.jojoenherbe.com\/index.php\/category\/mini-challenger\/"},"img":{"alt_text":"","src":"https:\/\/i0.wp.com\/www.jojoenherbe.com\/wp-content\/uploads\/2020\/03\/RAT-Challenge-British-Mysteries-scaled.jpg?fit=1200%2C845&resize=350%2C200","width":350,"height":200,"srcset":"https:\/\/i0.wp.com\/www.jojoenherbe.com\/wp-content\/uploads\/2020\/03\/RAT-Challenge-British-Mysteries-scaled.jpg?fit=1200%2C845&resize=350%2C200 1x, https:\/\/i0.wp.com\/www.jojoenherbe.com\/wp-content\/uploads\/2020\/03\/RAT-Challenge-British-Mysteries-scaled.jpg?fit=1200%2C845&resize=525%2C300 1.5x, https:\/\/i0.wp.com\/www.jojoenherbe.com\/wp-content\/uploads\/2020\/03\/RAT-Challenge-British-Mysteries-scaled.jpg?fit=1200%2C845&resize=700%2C400 2x, https:\/\/i0.wp.com\/www.jojoenherbe.com\/wp-content\/uploads\/2020\/03\/RAT-Challenge-British-Mysteries-scaled.jpg?fit=1200%2C845&resize=1050%2C600 3x"},"classes":[]},{"id":18489,"url":"http:\/\/www.jojoenherbe.com\/index.php\/2021\/05\/25\/billet-de-suivi-le-mois-anglais-2021\/","url_meta":{"origin":10869,"position":4},"title":"Billet de suivi: Le Mois Anglais 2021","author":"Jojo","date":"25 mai 2021","format":false,"excerpt":"En juin 2021, ce sera les 10 ans du Mois Anglais coorganis\u00e9 par Lou, Titine et Cryssilda qui ont pr\u00e9vu, pour l'occasion, un programme facultatif et qui poursuit cette ann\u00e9e sp\u00e9ciale 10 ans, A Year in England 2021. Cela tombe bien, j'appr\u00e9cie beaucoup la litt\u00e9rature anglo-saxonne et nous allons donc\u2026","rel":"","context":"Dans &quot;Mini challenger&quot;","block_context":{"text":"Mini challenger","link":"http:\/\/www.jojoenherbe.com\/index.php\/category\/mini-challenger\/"},"img":{"alt_text":"","src":"https:\/\/i0.wp.com\/www.jojoenherbe.com\/wp-content\/uploads\/2021\/05\/Le-Mois-Anglais-2021.png?fit=1080%2C1080&resize=350%2C200","width":350,"height":200,"srcset":"https:\/\/i0.wp.com\/www.jojoenherbe.com\/wp-content\/uploads\/2021\/05\/Le-Mois-Anglais-2021.png?fit=1080%2C1080&resize=350%2C200 1x, https:\/\/i0.wp.com\/www.jojoenherbe.com\/wp-content\/uploads\/2021\/05\/Le-Mois-Anglais-2021.png?fit=1080%2C1080&resize=525%2C300 1.5x, https:\/\/i0.wp.com\/www.jojoenherbe.com\/wp-content\/uploads\/2021\/05\/Le-Mois-Anglais-2021.png?fit=1080%2C1080&resize=700%2C400 2x, https:\/\/i0.wp.com\/www.jojoenherbe.com\/wp-content\/uploads\/2021\/05\/Le-Mois-Anglais-2021.png?fit=1080%2C1080&resize=1050%2C600 3x"},"classes":[]},{"id":24429,"url":"http:\/\/www.jojoenherbe.com\/index.php\/2022\/04\/01\/billet-de-suivi-un-mois-au-japon-2022\/","url_meta":{"origin":10869,"position":5},"title":"Billet de suivi: Un mois au Japon 2022","author":"Jojo","date":"1 avril 2022","format":false,"excerpt":"Apr\u00e8s une Quinzaine British Mysteries le mois dernier, Hilde et Lou organisent au mois d\u2019avril 2022 Un mois au Japon. Pour plus d\u2019infos, n\u2019h\u00e9sitez pas \u00e0 aller sur leurs blogs. Il est notamment pr\u00e9vu trois lectures communes avec un titre au choix d'Aki Shimazaki pour le 8 avril 2022, d'Yoko\u2026","rel":"","context":"Dans &quot;Mini challenger&quot;","block_context":{"text":"Mini challenger","link":"http:\/\/www.jojoenherbe.com\/index.php\/category\/mini-challenger\/"},"img":{"alt_text":"","src":"https:\/\/i0.wp.com\/www.jojoenherbe.com\/wp-content\/uploads\/2022\/04\/Un-mois-au-Japon-2022-2.jpg?fit=960%2C960&resize=350%2C200","width":350,"height":200,"srcset":"https:\/\/i0.wp.com\/www.jojoenherbe.com\/wp-content\/uploads\/2022\/04\/Un-mois-au-Japon-2022-2.jpg?fit=960%2C960&resize=350%2C200 1x, https:\/\/i0.wp.com\/www.jojoenherbe.com\/wp-content\/uploads\/2022\/04\/Un-mois-au-Japon-2022-2.jpg?fit=960%2C960&resize=525%2C300 1.5x, https:\/\/i0.wp.com\/www.jojoenherbe.com\/wp-content\/uploads\/2022\/04\/Un-mois-au-Japon-2022-2.jpg?fit=960%2C960&resize=700%2C400 2x"},"classes":[]}],"_links":{"self":[{"href":"http:\/\/www.jojoenherbe.com\/index.php\/wp-json\/wp\/v2\/posts\/10869","targetHints":{"allow":["GET"]}}],"collection":[{"href":"http:\/\/www.jojoenherbe.com\/index.php\/wp-json\/wp\/v2\/posts"}],"about":[{"href":"http:\/\/www.jojoenherbe.com\/index.php\/wp-json\/wp\/v2\/types\/post"}],"author":[{"embeddable":true,"href":"http:\/\/www.jojoenherbe.com\/index.php\/wp-json\/wp\/v2\/users\/1"}],"replies":[{"embeddable":true,"href":"http:\/\/www.jojoenherbe.com\/index.php\/wp-json\/wp\/v2\/comments?post=10869"}],"version-history":[{"count":1,"href":"http:\/\/www.jojoenherbe.com\/index.php\/wp-json\/wp\/v2\/posts\/10869\/revisions"}],"predecessor-version":[{"id":26685,"href":"http:\/\/www.jojoenherbe.com\/index.php\/wp-json\/wp\/v2\/posts\/10869\/revisions\/26685"}],"wp:featuredmedia":[{"embeddable":true,"href":"http:\/\/www.jojoenherbe.com\/index.php\/wp-json\/wp\/v2\/media\/10876"}],"wp:attachment":[{"href":"http:\/\/www.jojoenherbe.com\/index.php\/wp-json\/wp\/v2\/media?parent=10869"}],"wp:term":[{"taxonomy":"category","embeddable":true,"href":"http:\/\/www.jojoenherbe.com\/index.php\/wp-json\/wp\/v2\/categories?post=10869"},{"taxonomy":"post_tag","embeddable":true,"href":"http:\/\/www.jojoenherbe.com\/index.php\/wp-json\/wp\/v2\/tags?post=10869"}],"curies":[{"name":"wp","href":"https:\/\/api.w.org\/{rel}","templated":true}]}}