{"id":10846,"date":"2020-04-25T20:50:04","date_gmt":"2020-04-25T18:50:04","guid":{"rendered":"http:\/\/www.jojoenherbe.com\/?p=10846"},"modified":"2022-03-07T09:54:40","modified_gmt":"2022-03-07T08:54:40","slug":"au-fil-des-pages-avec-lenfant-et-grand-mere","status":"publish","type":"post","link":"http:\/\/www.jojoenherbe.com\/index.php\/2020\/04\/25\/au-fil-des-pages-avec-lenfant-et-grand-mere\/","title":{"rendered":"Au fil des pages avec L&rsquo;enfant et Grand-M\u00e8re"},"content":{"rendered":"<p style=\"text-align: justify;\"><em><a href=\"https:\/\/i0.wp.com\/www.jojoenherbe.com\/wp-content\/uploads\/2020\/04\/Lenfant-et-Grand-m%C3%A8re-2-scaled.jpg\"><img data-recalc-dims=\"1\" loading=\"lazy\" decoding=\"async\" data-attachment-id=\"10860\" data-permalink=\"http:\/\/www.jojoenherbe.com\/index.php\/2020\/04\/25\/au-fil-des-pages-avec-lenfant-et-grand-mere\/lenfant-et-grand-mere-2\/\" data-orig-file=\"https:\/\/i0.wp.com\/www.jojoenherbe.com\/wp-content\/uploads\/2020\/04\/Lenfant-et-Grand-m%C3%A8re-2-scaled.jpg?fit=2560%2C1576\" data-orig-size=\"2560,1576\" data-comments-opened=\"1\" data-image-meta=\"{&quot;aperture&quot;:&quot;2.4&quot;,&quot;credit&quot;:&quot;&quot;,&quot;camera&quot;:&quot;iPhone 4S&quot;,&quot;caption&quot;:&quot;&quot;,&quot;created_timestamp&quot;:&quot;1586280344&quot;,&quot;copyright&quot;:&quot;&quot;,&quot;focal_length&quot;:&quot;4.28&quot;,&quot;iso&quot;:&quot;125&quot;,&quot;shutter_speed&quot;:&quot;0.05&quot;,&quot;title&quot;:&quot;&quot;,&quot;orientation&quot;:&quot;1&quot;}\" data-image-title=\"L&amp;rsquo;enfant et Grand-m\u00e8re 2\" data-image-description=\"\" data-image-caption=\"\" data-large-file=\"https:\/\/i0.wp.com\/www.jojoenherbe.com\/wp-content\/uploads\/2020\/04\/Lenfant-et-Grand-m%C3%A8re-2-scaled.jpg?fit=676%2C417\" class=\"alignleft size-thumbnail wp-image-10860\" src=\"https:\/\/i0.wp.com\/www.jojoenherbe.com\/wp-content\/uploads\/2020\/04\/Lenfant-et-Grand-m%C3%A8re-2.jpg?resize=150%2C150\" alt=\"\" width=\"150\" height=\"150\" srcset=\"https:\/\/i0.wp.com\/www.jojoenherbe.com\/wp-content\/uploads\/2020\/04\/Lenfant-et-Grand-m%C3%A8re-2-scaled.jpg?resize=150%2C150 150w, https:\/\/i0.wp.com\/www.jojoenherbe.com\/wp-content\/uploads\/2020\/04\/Lenfant-et-Grand-m%C3%A8re-2-scaled.jpg?zoom=2&amp;resize=150%2C150 300w, https:\/\/i0.wp.com\/www.jojoenherbe.com\/wp-content\/uploads\/2020\/04\/Lenfant-et-Grand-m%C3%A8re-2-scaled.jpg?zoom=3&amp;resize=150%2C150 450w\" sizes=\"auto, (max-width: 150px) 100vw, 150px\" \/><\/a> <a href=\"https:\/\/i0.wp.com\/www.jojoenherbe.com\/wp-content\/uploads\/2020\/04\/Lenfant-et-Grand-m%C3%A8re-3-scaled.jpg\"><img data-recalc-dims=\"1\" loading=\"lazy\" decoding=\"async\" data-attachment-id=\"10861\" data-permalink=\"http:\/\/www.jojoenherbe.com\/index.php\/2020\/04\/25\/au-fil-des-pages-avec-lenfant-et-grand-mere\/lenfant-et-grand-mere-3\/\" data-orig-file=\"https:\/\/i0.wp.com\/www.jojoenherbe.com\/wp-content\/uploads\/2020\/04\/Lenfant-et-Grand-m%C3%A8re-3-scaled.jpg?fit=2560%2C1768\" data-orig-size=\"2560,1768\" data-comments-opened=\"1\" data-image-meta=\"{&quot;aperture&quot;:&quot;2.4&quot;,&quot;credit&quot;:&quot;&quot;,&quot;camera&quot;:&quot;iPhone 4S&quot;,&quot;caption&quot;:&quot;&quot;,&quot;created_timestamp&quot;:&quot;1586280360&quot;,&quot;copyright&quot;:&quot;&quot;,&quot;focal_length&quot;:&quot;4.28&quot;,&quot;iso&quot;:&quot;125&quot;,&quot;shutter_speed&quot;:&quot;0.05&quot;,&quot;title&quot;:&quot;&quot;,&quot;orientation&quot;:&quot;1&quot;}\" data-image-title=\"L&amp;rsquo;enfant et Grand-m\u00e8re 3\" data-image-description=\"\" data-image-caption=\"\" data-large-file=\"https:\/\/i0.wp.com\/www.jojoenherbe.com\/wp-content\/uploads\/2020\/04\/Lenfant-et-Grand-m%C3%A8re-3-scaled.jpg?fit=676%2C467\" class=\"alignleft size-thumbnail wp-image-10861\" src=\"https:\/\/i0.wp.com\/www.jojoenherbe.com\/wp-content\/uploads\/2020\/04\/Lenfant-et-Grand-m%C3%A8re-3.jpg?resize=150%2C150\" alt=\"\" width=\"150\" height=\"150\" srcset=\"https:\/\/i0.wp.com\/www.jojoenherbe.com\/wp-content\/uploads\/2020\/04\/Lenfant-et-Grand-m%C3%A8re-3-scaled.jpg?resize=150%2C150 150w, https:\/\/i0.wp.com\/www.jojoenherbe.com\/wp-content\/uploads\/2020\/04\/Lenfant-et-Grand-m%C3%A8re-3-scaled.jpg?zoom=2&amp;resize=150%2C150 300w, https:\/\/i0.wp.com\/www.jojoenherbe.com\/wp-content\/uploads\/2020\/04\/Lenfant-et-Grand-m%C3%A8re-3-scaled.jpg?zoom=3&amp;resize=150%2C150 450w\" sizes=\"auto, (max-width: 150px) 100vw, 150px\" \/><\/a>Apr\u00e8s avoir lu <a href=\"http:\/\/www.jojoenherbe.com\/index.php\/2020\/04\/23\/au-fil-des-pages-avec-lenfant-et-la-baleine\/\"><span style=\"text-decoration: underline;\">L&rsquo;enfant et la baleine<\/span><\/a>, nous lisons <span style=\"text-decoration: underline;\">L&rsquo;enfant et Grand-m\u00e8re<\/span> de Benji Davies (\u00e9d. Milan Jeunesse, 2009), un album jeunesse \u00e0 partir de 4 ans et qui est la troisi\u00e8me aventure de No\u00e9. Nous appr\u00e9cions, tout autant, voire m\u00eame plus, cette histoire que la pr\u00e9c\u00e9dente. Ce sont les vacances d&rsquo;\u00e9t\u00e9 et No\u00e9 va chez sa grand-m\u00e8re qui vit sur un rocher isol\u00e9. No\u00e9 s&rsquo;ennuie avec sa grand-m\u00e8re solitaire et qui semble toujours bien occup\u00e9e. Il part d\u00e9couvrir l&rsquo;\u00eele. Mais un jour, une temp\u00eate se l\u00e8ve. No\u00e9 et sa grand-m\u00e8re arriveront-ils \u00e0 s&rsquo;apprivoiser l&rsquo;un l&rsquo;autre? <\/em><\/p>\n<p style=\"text-align: justify;\"><em>C&rsquo;est encore une tr\u00e8s jolie histoire de famille que nous raconte l&rsquo;auteur en se focalisant cette fois sur les rapports entre une grand-m\u00e8re et son petit fils. Les illustrations sont toujours aussi r\u00e9ussies, la baleine n&rsquo;\u00e9tant jamais loin m\u00eame si ce sont des oiseaux tout mignons qui sont sauv\u00e9s. C&rsquo;est d&rsquo;ailleurs l&rsquo;occasion de reparler de la migration des oiseaux. Nous nous amusons \u00e9galement \u00e0 rechercher dans les premi\u00e8res pages les six chats de No\u00e9. Encore un coup de c\u0153ur pour cet album jeunesse!<br \/>\n<\/em><\/p>\n<div style=\"width: 137px\" class=\"wp-caption aligncenter\"><img data-recalc-dims=\"1\" loading=\"lazy\" decoding=\"async\" class=\"\" src=\"https:\/\/i0.wp.com\/delivrer-des-livres.fr\/wp-content\/uploads\/2019\/05\/logoalbums2019.png?resize=127%2C127\" alt=\"\" width=\"127\" height=\"127\"><p class=\"wp-caption-text\">Participation #183<a href=\"http:\/\/delivrer-des-livres.fr\/challenge-albums-2019\/\">Je lis aussi des albums<\/a><\/p><\/div>\n","protected":false},"excerpt":{"rendered":"<p>Apr\u00e8s avoir lu L&rsquo;enfant et la baleine, nous lisons L&rsquo;enfant et Grand-m\u00e8re de Benji Davies (\u00e9d. Milan Jeunesse, 2009), un album jeunesse \u00e0 partir de 4 ans et qui est la troisi\u00e8me aventure de No\u00e9. Nous appr\u00e9cions, tout autant, voire m\u00eame plus, cette histoire que la pr\u00e9c\u00e9dente. Ce sont les vacances d&rsquo;\u00e9t\u00e9 et No\u00e9 va [&hellip;]<\/p>\n","protected":false},"author":1,"featured_media":24229,"comment_status":"open","ping_status":"open","sticky":false,"template":"","format":"standard","meta":{"jetpack_post_was_ever_published":false,"_jetpack_newsletter_access":"","_jetpack_dont_email_post_to_subs":false,"_jetpack_newsletter_tier_id":0,"_jetpack_memberships_contains_paywalled_content":false,"_jetpack_memberships_contains_paid_content":false,"footnotes":""},"categories":[363],"tags":[1031,409,1480,1479,881,390,611,459,1482,1350,367,1020,393,1481,937,697],"class_list":["post-10846","post","type-post","status-publish","format-standard","has-post-thumbnail","hentry","category-mini-lecteur","tag-4-7-ans","tag-albums-jeunesse","tag-baleine","tag-benji-davies","tag-ennui","tag-entraide","tag-ete","tag-famille","tag-grand-mere","tag-je-lis-aussi-des-albums-2019","tag-lecture-jeunesse","tag-lectures-dete","tag-oiseau","tag-sauvetage","tag-tempete","tag-vacances","post-preview"],"jetpack_featured_media_url":"https:\/\/i0.wp.com\/www.jojoenherbe.com\/wp-content\/uploads\/2020\/04\/Lenfant-et-Grand-mere-scaled.jpg?fit=2560%2C1920","jetpack_sharing_enabled":true,"jetpack_shortlink":"https:\/\/wp.me\/p9zhGx-2OW","jetpack_likes_enabled":true,"jetpack-related-posts":[{"id":10837,"url":"http:\/\/www.jojoenherbe.com\/index.php\/2020\/04\/23\/au-fil-des-pages-avec-lenfant-et-la-baleine\/","url_meta":{"origin":10846,"position":0},"title":"Au fil des pages avec L&rsquo;enfant et la baleine","author":"Jojo","date":"23 avril 2020","format":false,"excerpt":"Nous lisons L'enfant et la baleine de Benji Davies (\u00e9d. Milan jeunesse, 2013), un album jeunesse \u00e0 partir 4 ans selon l'\u00e9diteur voire m\u00eame avant. No\u00e9, un petit gar\u00e7on vit avec son p\u00e8re, un marin-p\u00eacheur et ses six chats. Il se sent bien seul, lorsque son p\u00e8re part travailler. Un\u2026","rel":"","context":"Dans &quot;Mini lecteur&quot;","block_context":{"text":"Mini lecteur","link":"http:\/\/www.jojoenherbe.com\/index.php\/category\/mini-lecteur\/"},"img":{"alt_text":"","src":"https:\/\/i0.wp.com\/www.jojoenherbe.com\/wp-content\/uploads\/2020\/04\/Lenfant-et-la-baleine-5-scaled.jpg?fit=1200%2C900&resize=350%2C200","width":350,"height":200,"srcset":"https:\/\/i0.wp.com\/www.jojoenherbe.com\/wp-content\/uploads\/2020\/04\/Lenfant-et-la-baleine-5-scaled.jpg?fit=1200%2C900&resize=350%2C200 1x, https:\/\/i0.wp.com\/www.jojoenherbe.com\/wp-content\/uploads\/2020\/04\/Lenfant-et-la-baleine-5-scaled.jpg?fit=1200%2C900&resize=525%2C300 1.5x, https:\/\/i0.wp.com\/www.jojoenherbe.com\/wp-content\/uploads\/2020\/04\/Lenfant-et-la-baleine-5-scaled.jpg?fit=1200%2C900&resize=700%2C400 2x, https:\/\/i0.wp.com\/www.jojoenherbe.com\/wp-content\/uploads\/2020\/04\/Lenfant-et-la-baleine-5-scaled.jpg?fit=1200%2C900&resize=1050%2C600 3x"},"classes":[]},{"id":14912,"url":"http:\/\/www.jojoenherbe.com\/index.php\/2021\/01\/07\/au-fil-des-pages-avec-lenfant-la-baleine-et-lhiver\/","url_meta":{"origin":10846,"position":1},"title":"Au fil des pages avec L&rsquo;enfant, la baleine et l&rsquo;hiver","author":"Jojo","date":"7 janvier 2021","format":false,"excerpt":"Cet hiver, nous r\u00e9empruntons \u00e0 la m\u00e9diath\u00e8que L'enfant, la baleine et l'hiver de Benji Davies (\u00e9d. Milan Jeunesse, 2017), un album jeunesse \u00e0 partir de 3 ans et qui correspond au deuxi\u00e8me tome d'une trilogie. Apr\u00e8s avoir sauv\u00e9 un baleineau, No\u00e9 continue de penser souvent \u00e0 lui. Un soir d'hiver,\u2026","rel":"","context":"Dans &quot;Mini lecteur&quot;","block_context":{"text":"Mini lecteur","link":"http:\/\/www.jojoenherbe.com\/index.php\/category\/mini-lecteur\/"},"img":{"alt_text":"","src":"https:\/\/i0.wp.com\/www.jojoenherbe.com\/wp-content\/uploads\/2020\/04\/Lenfant-la-baleine-et-lhiver-scaled.jpg?fit=1200%2C900&resize=350%2C200","width":350,"height":200,"srcset":"https:\/\/i0.wp.com\/www.jojoenherbe.com\/wp-content\/uploads\/2020\/04\/Lenfant-la-baleine-et-lhiver-scaled.jpg?fit=1200%2C900&resize=350%2C200 1x, https:\/\/i0.wp.com\/www.jojoenherbe.com\/wp-content\/uploads\/2020\/04\/Lenfant-la-baleine-et-lhiver-scaled.jpg?fit=1200%2C900&resize=525%2C300 1.5x, https:\/\/i0.wp.com\/www.jojoenherbe.com\/wp-content\/uploads\/2020\/04\/Lenfant-la-baleine-et-lhiver-scaled.jpg?fit=1200%2C900&resize=700%2C400 2x, https:\/\/i0.wp.com\/www.jojoenherbe.com\/wp-content\/uploads\/2020\/04\/Lenfant-la-baleine-et-lhiver-scaled.jpg?fit=1200%2C900&resize=1050%2C600 3x"},"classes":[]},{"id":13136,"url":"http:\/\/www.jojoenherbe.com\/index.php\/2020\/10\/25\/deuxieme-alphabet-de-jojoenherbeetcieillustre-b-comme-baleine\/","url_meta":{"origin":10846,"position":2},"title":"Deuxi\u00e8me alphabet des animaux: B comme Baleine","author":"Jojo","date":"25 octobre 2020","format":false,"excerpt":"Pour la semaine 28 de mon challenge sur Instagram #jojoenherbeetcieillustre qui associe la premi\u00e8re lettre d'un animal avec une illustration tir\u00e9e de la litt\u00e9rature jeunesse en suivant l'ordre de l'alphabet, il s'agit du B comme Baleine. Alors voici notre s\u00e9lection des baleines qui sera mise \u00e0 jour au fur-et-\u00e0-mesure de\u2026","rel":"","context":"Dans &quot;Mini challenger&quot;","block_context":{"text":"Mini challenger","link":"http:\/\/www.jojoenherbe.com\/index.php\/category\/mini-challenger\/"},"img":{"alt_text":"","src":"https:\/\/i0.wp.com\/www.jojoenherbe.com\/wp-content\/uploads\/2020\/10\/Selection-Baleines-scaled.jpg?fit=1200%2C900&resize=350%2C200","width":350,"height":200,"srcset":"https:\/\/i0.wp.com\/www.jojoenherbe.com\/wp-content\/uploads\/2020\/10\/Selection-Baleines-scaled.jpg?fit=1200%2C900&resize=350%2C200 1x, https:\/\/i0.wp.com\/www.jojoenherbe.com\/wp-content\/uploads\/2020\/10\/Selection-Baleines-scaled.jpg?fit=1200%2C900&resize=525%2C300 1.5x, https:\/\/i0.wp.com\/www.jojoenherbe.com\/wp-content\/uploads\/2020\/10\/Selection-Baleines-scaled.jpg?fit=1200%2C900&resize=700%2C400 2x, https:\/\/i0.wp.com\/www.jojoenherbe.com\/wp-content\/uploads\/2020\/10\/Selection-Baleines-scaled.jpg?fit=1200%2C900&resize=1050%2C600 3x"},"classes":[]},{"id":40631,"url":"http:\/\/www.jojoenherbe.com\/index.php\/2025\/09\/07\/au-fil-des-pages-avec-le-phare-aux-oiseaux\/","url_meta":{"origin":10846,"position":3},"title":"Au fil des pages avec Le Phare aux oiseaux","author":"Jojo","date":"7 septembre 2025","format":false,"excerpt":"Nous avons lu Le Phare aux oiseaux de Michael Morpurgo et Benji Davies (\u00e9d. Gallimard Jeunesse, avril 2021, 104 pages), un roman jeunesse joliment illustr\u00e9 pour les 8\/12 ans. A sa parution, j'avais imm\u00e9diatement achet\u00e9 ce roman d'apprentissage que j'avais gard\u00e9 de c\u00f4t\u00e9 afin de le d\u00e9couvrir, ensemble avec mon\u2026","rel":"","context":"Dans &quot;Mini lecteur&quot;","block_context":{"text":"Mini lecteur","link":"http:\/\/www.jojoenherbe.com\/index.php\/category\/mini-lecteur\/"},"img":{"alt_text":"","src":"https:\/\/i0.wp.com\/www.jojoenherbe.com\/wp-content\/uploads\/2025\/09\/Le-Phare-aux-oiseaux-scaled.jpg?fit=1200%2C968&resize=350%2C200","width":350,"height":200,"srcset":"https:\/\/i0.wp.com\/www.jojoenherbe.com\/wp-content\/uploads\/2025\/09\/Le-Phare-aux-oiseaux-scaled.jpg?fit=1200%2C968&resize=350%2C200 1x, https:\/\/i0.wp.com\/www.jojoenherbe.com\/wp-content\/uploads\/2025\/09\/Le-Phare-aux-oiseaux-scaled.jpg?fit=1200%2C968&resize=525%2C300 1.5x, https:\/\/i0.wp.com\/www.jojoenherbe.com\/wp-content\/uploads\/2025\/09\/Le-Phare-aux-oiseaux-scaled.jpg?fit=1200%2C968&resize=700%2C400 2x, https:\/\/i0.wp.com\/www.jojoenherbe.com\/wp-content\/uploads\/2025\/09\/Le-Phare-aux-oiseaux-scaled.jpg?fit=1200%2C968&resize=1050%2C600 3x"},"classes":[]},{"id":39856,"url":"http:\/\/www.jojoenherbe.com\/index.php\/2025\/06\/26\/throwback-thursday-livresque-couverture-avec-un-bateau\/","url_meta":{"origin":10846,"position":4},"title":"Throwback Thursday Livresque: Couverture avec un bateau","author":"Jojo","date":"26 juin 2025","format":false,"excerpt":"Ce jeudi 26 juin 2025, je participe au Throwback Thursday Livresque, un rendez-vous livresque initialement chez Bettie Rose Books et repris depuis par Carole, les liens \u00e9tant \u00e0 d\u00e9poser chez My-Bo0ks. Le principe est de partager chaque jeudi un livre en fonction d\u2019un th\u00e8me donn\u00e9. Cette semaine, le th\u00e8me est\u2026","rel":"","context":"Dans &quot;Mini blogueur&quot;","block_context":{"text":"Mini blogueur","link":"http:\/\/www.jojoenherbe.com\/index.php\/category\/mini-blogueur\/"},"img":{"alt_text":"","src":"https:\/\/i0.wp.com\/www.jojoenherbe.com\/wp-content\/uploads\/2023\/10\/TTL-logo.jpg?resize=350%2C200","width":350,"height":200},"classes":[]},{"id":10631,"url":"http:\/\/www.jojoenherbe.com\/index.php\/2020\/04\/04\/un-rat-pour-ce-premier-week-end-davril-2020\/","url_meta":{"origin":10846,"position":5},"title":"Un RAT pour ce premier week-end d&rsquo;avril 2020","author":"Jojo","date":"4 avril 2020","format":false,"excerpt":"Et c'est parti pour un RAT pour ce premier week-end d'avril 2020, d'aujourd'hui 13h \u00e0 demain soir minuit. Ce marathon de lectures reste dans l'esprit du British Mysteries 2020 tout en se joignant avec des livres hors th\u00e8me au RAT du Mois au Japon organis\u00e9 par Lou et Hilde. Comme\u2026","rel":"","context":"Dans &quot;Mini challenger&quot;","block_context":{"text":"Mini challenger","link":"http:\/\/www.jojoenherbe.com\/index.php\/category\/mini-challenger\/"},"img":{"alt_text":"","src":"https:\/\/i0.wp.com\/www.jojoenherbe.com\/wp-content\/uploads\/2020\/04\/RAT-davril-2020.jpg?fit=1200%2C1156&resize=350%2C200","width":350,"height":200,"srcset":"https:\/\/i0.wp.com\/www.jojoenherbe.com\/wp-content\/uploads\/2020\/04\/RAT-davril-2020.jpg?fit=1200%2C1156&resize=350%2C200 1x, https:\/\/i0.wp.com\/www.jojoenherbe.com\/wp-content\/uploads\/2020\/04\/RAT-davril-2020.jpg?fit=1200%2C1156&resize=525%2C300 1.5x, https:\/\/i0.wp.com\/www.jojoenherbe.com\/wp-content\/uploads\/2020\/04\/RAT-davril-2020.jpg?fit=1200%2C1156&resize=700%2C400 2x, https:\/\/i0.wp.com\/www.jojoenherbe.com\/wp-content\/uploads\/2020\/04\/RAT-davril-2020.jpg?fit=1200%2C1156&resize=1050%2C600 3x"},"classes":[]}],"_links":{"self":[{"href":"http:\/\/www.jojoenherbe.com\/index.php\/wp-json\/wp\/v2\/posts\/10846","targetHints":{"allow":["GET"]}}],"collection":[{"href":"http:\/\/www.jojoenherbe.com\/index.php\/wp-json\/wp\/v2\/posts"}],"about":[{"href":"http:\/\/www.jojoenherbe.com\/index.php\/wp-json\/wp\/v2\/types\/post"}],"author":[{"embeddable":true,"href":"http:\/\/www.jojoenherbe.com\/index.php\/wp-json\/wp\/v2\/users\/1"}],"replies":[{"embeddable":true,"href":"http:\/\/www.jojoenherbe.com\/index.php\/wp-json\/wp\/v2\/comments?post=10846"}],"version-history":[{"count":0,"href":"http:\/\/www.jojoenherbe.com\/index.php\/wp-json\/wp\/v2\/posts\/10846\/revisions"}],"wp:featuredmedia":[{"embeddable":true,"href":"http:\/\/www.jojoenherbe.com\/index.php\/wp-json\/wp\/v2\/media\/24229"}],"wp:attachment":[{"href":"http:\/\/www.jojoenherbe.com\/index.php\/wp-json\/wp\/v2\/media?parent=10846"}],"wp:term":[{"taxonomy":"category","embeddable":true,"href":"http:\/\/www.jojoenherbe.com\/index.php\/wp-json\/wp\/v2\/categories?post=10846"},{"taxonomy":"post_tag","embeddable":true,"href":"http:\/\/www.jojoenherbe.com\/index.php\/wp-json\/wp\/v2\/tags?post=10846"}],"curies":[{"name":"wp","href":"https:\/\/api.w.org\/{rel}","templated":true}]}}