{"id":10802,"date":"2020-04-20T23:30:37","date_gmt":"2020-04-20T21:30:37","guid":{"rendered":"http:\/\/www.jojoenherbe.com\/?p=10802"},"modified":"2020-04-20T23:35:45","modified_gmt":"2020-04-20T21:35:45","slug":"au-fil-des-pages-avec-croque-bisous","status":"publish","type":"post","link":"http:\/\/www.jojoenherbe.com\/index.php\/2020\/04\/20\/au-fil-des-pages-avec-croque-bisous\/","title":{"rendered":"Au fil des pages avec Croque-bisous"},"content":{"rendered":"<p style=\"text-align: justify;\"><em><a href=\"https:\/\/i0.wp.com\/www.jojoenherbe.com\/wp-content\/uploads\/2020\/04\/Croque-bisous-2-scaled.jpg\"><img data-recalc-dims=\"1\" loading=\"lazy\" decoding=\"async\" data-attachment-id=\"10803\" data-permalink=\"http:\/\/www.jojoenherbe.com\/index.php\/2020\/04\/20\/au-fil-des-pages-avec-croque-bisous\/croque-bisous-2\/\" data-orig-file=\"https:\/\/i0.wp.com\/www.jojoenherbe.com\/wp-content\/uploads\/2020\/04\/Croque-bisous-2-scaled.jpg?fit=2560%2C1535\" data-orig-size=\"2560,1535\" data-comments-opened=\"1\" data-image-meta=\"{&quot;aperture&quot;:&quot;2.4&quot;,&quot;credit&quot;:&quot;&quot;,&quot;camera&quot;:&quot;iPhone 4S&quot;,&quot;caption&quot;:&quot;&quot;,&quot;created_timestamp&quot;:&quot;1567849567&quot;,&quot;copyright&quot;:&quot;&quot;,&quot;focal_length&quot;:&quot;4.28&quot;,&quot;iso&quot;:&quot;400&quot;,&quot;shutter_speed&quot;:&quot;0.066666666666667&quot;,&quot;title&quot;:&quot;&quot;,&quot;orientation&quot;:&quot;1&quot;}\" data-image-title=\"Croque-bisous 2\" data-image-description=\"\" data-image-caption=\"\" data-large-file=\"https:\/\/i0.wp.com\/www.jojoenherbe.com\/wp-content\/uploads\/2020\/04\/Croque-bisous-2-scaled.jpg?fit=676%2C405\" class=\"alignleft size-thumbnail wp-image-10803\" src=\"https:\/\/i0.wp.com\/www.jojoenherbe.com\/wp-content\/uploads\/2020\/04\/Croque-bisous-2.jpg?resize=150%2C150\" alt=\"\" width=\"150\" height=\"150\" srcset=\"https:\/\/i0.wp.com\/www.jojoenherbe.com\/wp-content\/uploads\/2020\/04\/Croque-bisous-2-scaled.jpg?resize=150%2C150 150w, https:\/\/i0.wp.com\/www.jojoenherbe.com\/wp-content\/uploads\/2020\/04\/Croque-bisous-2-scaled.jpg?zoom=2&amp;resize=150%2C150 300w, https:\/\/i0.wp.com\/www.jojoenherbe.com\/wp-content\/uploads\/2020\/04\/Croque-bisous-2-scaled.jpg?zoom=3&amp;resize=150%2C150 450w\" sizes=\"auto, (max-width: 150px) 100vw, 150px\" \/><\/a> <a href=\"https:\/\/i0.wp.com\/www.jojoenherbe.com\/wp-content\/uploads\/2020\/04\/Croque-bisous-3-scaled.jpg\"><img data-recalc-dims=\"1\" loading=\"lazy\" decoding=\"async\" data-attachment-id=\"10804\" data-permalink=\"http:\/\/www.jojoenherbe.com\/index.php\/2020\/04\/20\/au-fil-des-pages-avec-croque-bisous\/croque-bisous-3\/\" data-orig-file=\"https:\/\/i0.wp.com\/www.jojoenherbe.com\/wp-content\/uploads\/2020\/04\/Croque-bisous-3-scaled.jpg?fit=2560%2C1646\" data-orig-size=\"2560,1646\" data-comments-opened=\"1\" data-image-meta=\"{&quot;aperture&quot;:&quot;2.4&quot;,&quot;credit&quot;:&quot;&quot;,&quot;camera&quot;:&quot;iPhone 4S&quot;,&quot;caption&quot;:&quot;&quot;,&quot;created_timestamp&quot;:&quot;1567849584&quot;,&quot;copyright&quot;:&quot;&quot;,&quot;focal_length&quot;:&quot;4.28&quot;,&quot;iso&quot;:&quot;400&quot;,&quot;shutter_speed&quot;:&quot;0.066666666666667&quot;,&quot;title&quot;:&quot;&quot;,&quot;orientation&quot;:&quot;1&quot;}\" data-image-title=\"Croque-bisous 3\" data-image-description=\"\" data-image-caption=\"\" data-large-file=\"https:\/\/i0.wp.com\/www.jojoenherbe.com\/wp-content\/uploads\/2020\/04\/Croque-bisous-3-scaled.jpg?fit=676%2C434\" class=\"alignleft size-thumbnail wp-image-10804\" src=\"https:\/\/i0.wp.com\/www.jojoenherbe.com\/wp-content\/uploads\/2020\/04\/Croque-bisous-3.jpg?resize=150%2C150\" alt=\"\" width=\"150\" height=\"150\" srcset=\"https:\/\/i0.wp.com\/www.jojoenherbe.com\/wp-content\/uploads\/2020\/04\/Croque-bisous-3-scaled.jpg?resize=150%2C150 150w, https:\/\/i0.wp.com\/www.jojoenherbe.com\/wp-content\/uploads\/2020\/04\/Croque-bisous-3-scaled.jpg?zoom=2&amp;resize=150%2C150 300w, https:\/\/i0.wp.com\/www.jojoenherbe.com\/wp-content\/uploads\/2020\/04\/Croque-bisous-3-scaled.jpg?zoom=3&amp;resize=150%2C150 450w\" sizes=\"auto, (max-width: 150px) 100vw, 150px\" \/><\/a>Nous avions emprunt\u00e9 \u00e0 la m\u00e9diath\u00e8que, fin ao\u00fbt 2019, <span style=\"text-decoration: underline;\">Croque-bisous<\/span> de Kimiko (\u00e9d. L&rsquo;\u00e9cole des loisirs, r\u00e9\u00e9d. 2014), un album jeunesse cartonn\u00e9 pour les tout-petits. Mais je n&rsquo;avais pas pris le temps de le chroniquer. Je le fais donc d\u00e9sormais pour le mois d&rsquo;avril du Challenge Je lis aussi des albums 2019 consacr\u00e9 \u00e0 Kimiko.\u00a0 A la nuit tomb\u00e9e, Petite Souris est en train de se coucher lorsqu&rsquo;elle entend Croque-bisous taper \u00e0 sa fen\u00eatre. Elle le laisse entrer. Mais il ne la laissera pas dormir tant qu&rsquo;il n&rsquo;aura pas eu suffisamment de bisous. Que va faire Petite Souris? L&rsquo;histoire est pleine de tendresse avec un texte simple et des illustrations aux couleurs pastel. L&rsquo;autrice aborde avec douceur et po\u00e9sie les rituels du coucher. Un bon moment de lecture avec cet album jeunesse qui a fini bien s\u00fbr, \u00e0 chaque relecture, en c\u00e2lins et bisous!<br \/>\n<\/em><\/p>\n<div style=\"width: 158px\" class=\"wp-caption aligncenter\"><img data-recalc-dims=\"1\" loading=\"lazy\" decoding=\"async\" src=\"https:\/\/i0.wp.com\/delivrer-des-livres.fr\/wp-content\/uploads\/2019\/05\/logoalbums2019.png?resize=148%2C148\" alt=\"\" width=\"148\" height=\"148\" \/><p class=\"wp-caption-text\">Participation #179 <a href=\"http:\/\/delivrer-des-livres.fr\/challenge-albums-2019\/\">Je lis aussi des albums<\/a> #Kimiko &#8211; Mois Japon<\/p><\/div>\n","protected":false},"excerpt":{"rendered":"<p>Nous avions emprunt\u00e9 \u00e0 la m\u00e9diath\u00e8que, fin ao\u00fbt 2019, Croque-bisous de Kimiko (\u00e9d. L&rsquo;\u00e9cole des loisirs, r\u00e9\u00e9d. 2014), un album jeunesse cartonn\u00e9 pour les tout-petits. Mais je n&rsquo;avais pas pris le temps de le chroniquer. Je le fais donc d\u00e9sormais pour le mois d&rsquo;avril du Challenge Je lis aussi des albums 2019 consacr\u00e9 \u00e0 Kimiko.\u00a0 [&hellip;]<\/p>\n","protected":false},"author":1,"featured_media":10805,"comment_status":"open","ping_status":"open","sticky":false,"template":"","format":"standard","meta":{"jetpack_post_was_ever_published":false,"_jetpack_newsletter_access":"","_jetpack_dont_email_post_to_subs":false,"_jetpack_newsletter_tier_id":0,"_jetpack_memberships_contains_paywalled_content":false,"_jetpack_memberships_contains_paid_content":false,"footnotes":""},"categories":[363],"tags":[786,409,688,407,1471,1472,367,429,1258,405,797,495],"class_list":["post-10802","post","type-post","status-publish","format-standard","has-post-thumbnail","hentry","category-mini-lecteur","tag-0-3-ans","tag-albums-jeunesse","tag-bisous","tag-coucher","tag-croque-bisous","tag-kimiko","tag-lecture-jeunesse","tag-nuit","tag-petite-enfance","tag-rituels-du-soir","tag-sommeil","tag-souris","post-preview"],"jetpack_featured_media_url":"https:\/\/i0.wp.com\/www.jojoenherbe.com\/wp-content\/uploads\/2020\/04\/Croque-bisous.jpg?fit=2333%2C2248","jetpack_sharing_enabled":true,"jetpack_shortlink":"https:\/\/wp.me\/p9zhGx-2Oe","jetpack_likes_enabled":true,"jetpack-related-posts":[{"id":11695,"url":"http:\/\/www.jojoenherbe.com\/index.php\/2020\/07\/30\/au-fil-des-pages-avec-hou-hou-croque-bisous\/","url_meta":{"origin":10802,"position":0},"title":"Au fil des pages avec Hou! Hou! Croque-Bisous!","author":"Jojo","date":"30 juillet 2020","format":false,"excerpt":"Nous empruntons \u00e0 la m\u00e9diath\u00e8que une nouvelle histoire de Croque-Bisous: Hou! Hou! Croque-Bisous! de Kimiko (\u00e9d. L'\u00e9cole des loisirs, coll. Loulou & Cie, 2013), un album cartonn\u00e9 pour les tout-petits. La nuit est tomb\u00e9e. Petite Souris a peur des bruits qu'elle entend dehors. Elle sort alors avec Croque-bisous qui la\u2026","rel":"","context":"Dans &quot;Mini lecteur&quot;","block_context":{"text":"Mini lecteur","link":"http:\/\/www.jojoenherbe.com\/index.php\/category\/mini-lecteur\/"},"img":{"alt_text":"","src":"https:\/\/i0.wp.com\/www.jojoenherbe.com\/wp-content\/uploads\/2020\/07\/Hou-Hou-croque-bisous-scaled.jpg?fit=1200%2C957&resize=350%2C200","width":350,"height":200,"srcset":"https:\/\/i0.wp.com\/www.jojoenherbe.com\/wp-content\/uploads\/2020\/07\/Hou-Hou-croque-bisous-scaled.jpg?fit=1200%2C957&resize=350%2C200 1x, https:\/\/i0.wp.com\/www.jojoenherbe.com\/wp-content\/uploads\/2020\/07\/Hou-Hou-croque-bisous-scaled.jpg?fit=1200%2C957&resize=525%2C300 1.5x, https:\/\/i0.wp.com\/www.jojoenherbe.com\/wp-content\/uploads\/2020\/07\/Hou-Hou-croque-bisous-scaled.jpg?fit=1200%2C957&resize=700%2C400 2x, https:\/\/i0.wp.com\/www.jojoenherbe.com\/wp-content\/uploads\/2020\/07\/Hou-Hou-croque-bisous-scaled.jpg?fit=1200%2C957&resize=1050%2C600 3x"},"classes":[]},{"id":7365,"url":"http:\/\/www.jojoenherbe.com\/index.php\/2019\/09\/04\/au-fil-des-pages-avec-la-provision-de-bisous-de-zou\/","url_meta":{"origin":10802,"position":1},"title":"Au fil des pages avec La provision de bisous de Zou","author":"Jojo","date":"4 septembre 2019","format":false,"excerpt":"Nous relisons, en cette semaine de rentr\u00e9e des classes, La provision de bisous de Zou de Michel Gay (\u00e9d. L'\u00e9cole des loisirs, 2017), album jeunesse \u00e0 partir de 3 ans. Nous suivons Zou, un petit z\u00e8bre qui part pour la premi\u00e8re fois en colonie de vacances. Triste de devoir \u00eatre\u2026","rel":"","context":"Dans &quot;Mini lecteur&quot;","block_context":{"text":"Mini lecteur","link":"http:\/\/www.jojoenherbe.com\/index.php\/category\/mini-lecteur\/"},"img":{"alt_text":"","src":"https:\/\/i0.wp.com\/www.jojoenherbe.com\/wp-content\/uploads\/2019\/09\/La-provision-de-bisous-de-Zou.jpg?fit=863%2C1200&resize=350%2C200","width":350,"height":200,"srcset":"https:\/\/i0.wp.com\/www.jojoenherbe.com\/wp-content\/uploads\/2019\/09\/La-provision-de-bisous-de-Zou.jpg?fit=863%2C1200&resize=350%2C200 1x, https:\/\/i0.wp.com\/www.jojoenherbe.com\/wp-content\/uploads\/2019\/09\/La-provision-de-bisous-de-Zou.jpg?fit=863%2C1200&resize=525%2C300 1.5x, https:\/\/i0.wp.com\/www.jojoenherbe.com\/wp-content\/uploads\/2019\/09\/La-provision-de-bisous-de-Zou.jpg?fit=863%2C1200&resize=700%2C400 2x"},"classes":[]},{"id":6470,"url":"http:\/\/www.jojoenherbe.com\/index.php\/2019\/06\/19\/au-fil-des-pages-avec-de-quelle-couleur-sont-les-bisous\/","url_meta":{"origin":10802,"position":2},"title":"Au fil des pages avec De quelle couleur sont les bisous?","author":"Jojo","date":"19 juin 2019","format":false,"excerpt":"Apr\u00e8s la F\u00eate des m\u00e8res et la F\u00eate des p\u00e8res, nous lisons avec grand plaisir De quelle couleur sont les bisous? de Rocio Bonilla (\u00e9d. P\u00e8re Fouettard, 2018). Nous adorons la frimousse de cette petite fille, Monica surnomm\u00e9e Minimoni, aussi brune qu'Ana Ana est blonde. Lorsqu'elle veut peindre des bisous,\u2026","rel":"","context":"Dans &quot;Mini lecteur&quot;","block_context":{"text":"Mini lecteur","link":"http:\/\/www.jojoenherbe.com\/index.php\/category\/mini-lecteur\/"},"img":{"alt_text":"","src":"https:\/\/i0.wp.com\/www.jojoenherbe.com\/wp-content\/uploads\/2019\/06\/de-quelle-couleur-sont-les-bisous.jpg?fit=1200%2C900&resize=350%2C200","width":350,"height":200,"srcset":"https:\/\/i0.wp.com\/www.jojoenherbe.com\/wp-content\/uploads\/2019\/06\/de-quelle-couleur-sont-les-bisous.jpg?fit=1200%2C900&resize=350%2C200 1x, https:\/\/i0.wp.com\/www.jojoenherbe.com\/wp-content\/uploads\/2019\/06\/de-quelle-couleur-sont-les-bisous.jpg?fit=1200%2C900&resize=525%2C300 1.5x, https:\/\/i0.wp.com\/www.jojoenherbe.com\/wp-content\/uploads\/2019\/06\/de-quelle-couleur-sont-les-bisous.jpg?fit=1200%2C900&resize=700%2C400 2x, https:\/\/i0.wp.com\/www.jojoenherbe.com\/wp-content\/uploads\/2019\/06\/de-quelle-couleur-sont-les-bisous.jpg?fit=1200%2C900&resize=1050%2C600 3x"},"classes":[]},{"id":9978,"url":"http:\/\/www.jojoenherbe.com\/index.php\/2020\/02\/16\/au-fil-des-pages-avec-jaime-pas-les-bisous\/","url_meta":{"origin":10802,"position":3},"title":"Au fil des pages avec J&rsquo;aime pas les bisous","author":"Jojo","date":"16 f\u00e9vrier 2020","format":false,"excerpt":"Nous avons lu J'aime pas les bisous de Nadine Monfils et Claude K. Dubois (\u00e9d. Mijade, ao\u00fbt 2010, 24 pages), un album jeunesse \u00e0 partir de 3 ans dont l'illustration de couverture est toute adorable et que nous avons emprunt\u00e9 \u00e0 la m\u00e9diath\u00e8que. Une petite fille ne supporte plus les\u2026","rel":"","context":"Dans &quot;Mini lecteur&quot;","block_context":{"text":"Mini lecteur","link":"http:\/\/www.jojoenherbe.com\/index.php\/category\/mini-lecteur\/"},"img":{"alt_text":"","src":"https:\/\/i0.wp.com\/www.jojoenherbe.com\/wp-content\/uploads\/2020\/02\/Jaime-pas-les-bisous-scaled.jpg?fit=1200%2C900&resize=350%2C200","width":350,"height":200,"srcset":"https:\/\/i0.wp.com\/www.jojoenherbe.com\/wp-content\/uploads\/2020\/02\/Jaime-pas-les-bisous-scaled.jpg?fit=1200%2C900&resize=350%2C200 1x, https:\/\/i0.wp.com\/www.jojoenherbe.com\/wp-content\/uploads\/2020\/02\/Jaime-pas-les-bisous-scaled.jpg?fit=1200%2C900&resize=525%2C300 1.5x, https:\/\/i0.wp.com\/www.jojoenherbe.com\/wp-content\/uploads\/2020\/02\/Jaime-pas-les-bisous-scaled.jpg?fit=1200%2C900&resize=700%2C400 2x, https:\/\/i0.wp.com\/www.jojoenherbe.com\/wp-content\/uploads\/2020\/02\/Jaime-pas-les-bisous-scaled.jpg?fit=1200%2C900&resize=1050%2C600 3x"},"classes":[]},{"id":9673,"url":"http:\/\/www.jojoenherbe.com\/index.php\/2020\/01\/17\/au-fil-des-pages-avec-bisous-bisous\/","url_meta":{"origin":10802,"position":4},"title":"Au fil des pages avec Bisous, bisous","author":"Jojo","date":"17 janvier 2020","format":false,"excerpt":"Nous empruntons \u00e0 la biblioth\u00e8que Bisous, bisous de Joanna Walsh et Judi Abbot (\u00e9d. Gr\u00fcnd, 2011), un album jeunesse tout mignon pour les tout-petits. D\u00e8s la couverture de l'album, comment ne pas craquer pour ce Petit Pingouin?! Un petit pingouin nous entra\u00eene dans un tourbillon de bisous. Tous les animaux\u2026","rel":"","context":"Dans &quot;Mini lecteur&quot;","block_context":{"text":"Mini lecteur","link":"http:\/\/www.jojoenherbe.com\/index.php\/category\/mini-lecteur\/"},"img":{"alt_text":"","src":"https:\/\/i0.wp.com\/www.jojoenherbe.com\/wp-content\/uploads\/2020\/01\/Bisous-bisous-scaled.jpg?fit=1200%2C900&resize=350%2C200","width":350,"height":200,"srcset":"https:\/\/i0.wp.com\/www.jojoenherbe.com\/wp-content\/uploads\/2020\/01\/Bisous-bisous-scaled.jpg?fit=1200%2C900&resize=350%2C200 1x, https:\/\/i0.wp.com\/www.jojoenherbe.com\/wp-content\/uploads\/2020\/01\/Bisous-bisous-scaled.jpg?fit=1200%2C900&resize=525%2C300 1.5x, https:\/\/i0.wp.com\/www.jojoenherbe.com\/wp-content\/uploads\/2020\/01\/Bisous-bisous-scaled.jpg?fit=1200%2C900&resize=700%2C400 2x, https:\/\/i0.wp.com\/www.jojoenherbe.com\/wp-content\/uploads\/2020\/01\/Bisous-bisous-scaled.jpg?fit=1200%2C900&resize=1050%2C600 3x"},"classes":[]},{"id":10234,"url":"http:\/\/www.jojoenherbe.com\/index.php\/2020\/03\/03\/au-fil-des-pages-avec-ourson-le-terrible\/","url_meta":{"origin":10802,"position":5},"title":"Au fil des pages avec Ourson le terrible","author":"Jojo","date":"3 mars 2020","format":false,"excerpt":"Nous empruntons \u00e0 la m\u00e9diath\u00e8que Ourson le terrible de Christian Jolibois et Marianne Barcilon (\u00e9d. Kal\u00e9idoscope, 2016), un album jeunesse \u00e0 partir de 3 ans. Dans la for\u00eat, haut comme trois pommes, Ourson le Terrible effraie tous les habitants qui croisent sa route. Il encha\u00eene les b\u00eatises et les mauvaises\u2026","rel":"","context":"Dans &quot;Mini lecteur&quot;","block_context":{"text":"Mini lecteur","link":"http:\/\/www.jojoenherbe.com\/index.php\/category\/mini-lecteur\/"},"img":{"alt_text":"","src":"https:\/\/i0.wp.com\/www.jojoenherbe.com\/wp-content\/uploads\/2020\/03\/Ourson-le-terrible-scaled.jpg?fit=1200%2C1018&resize=350%2C200","width":350,"height":200,"srcset":"https:\/\/i0.wp.com\/www.jojoenherbe.com\/wp-content\/uploads\/2020\/03\/Ourson-le-terrible-scaled.jpg?fit=1200%2C1018&resize=350%2C200 1x, https:\/\/i0.wp.com\/www.jojoenherbe.com\/wp-content\/uploads\/2020\/03\/Ourson-le-terrible-scaled.jpg?fit=1200%2C1018&resize=525%2C300 1.5x, https:\/\/i0.wp.com\/www.jojoenherbe.com\/wp-content\/uploads\/2020\/03\/Ourson-le-terrible-scaled.jpg?fit=1200%2C1018&resize=700%2C400 2x, https:\/\/i0.wp.com\/www.jojoenherbe.com\/wp-content\/uploads\/2020\/03\/Ourson-le-terrible-scaled.jpg?fit=1200%2C1018&resize=1050%2C600 3x"},"classes":[]}],"_links":{"self":[{"href":"http:\/\/www.jojoenherbe.com\/index.php\/wp-json\/wp\/v2\/posts\/10802","targetHints":{"allow":["GET"]}}],"collection":[{"href":"http:\/\/www.jojoenherbe.com\/index.php\/wp-json\/wp\/v2\/posts"}],"about":[{"href":"http:\/\/www.jojoenherbe.com\/index.php\/wp-json\/wp\/v2\/types\/post"}],"author":[{"embeddable":true,"href":"http:\/\/www.jojoenherbe.com\/index.php\/wp-json\/wp\/v2\/users\/1"}],"replies":[{"embeddable":true,"href":"http:\/\/www.jojoenherbe.com\/index.php\/wp-json\/wp\/v2\/comments?post=10802"}],"version-history":[{"count":0,"href":"http:\/\/www.jojoenherbe.com\/index.php\/wp-json\/wp\/v2\/posts\/10802\/revisions"}],"wp:featuredmedia":[{"embeddable":true,"href":"http:\/\/www.jojoenherbe.com\/index.php\/wp-json\/wp\/v2\/media\/10805"}],"wp:attachment":[{"href":"http:\/\/www.jojoenherbe.com\/index.php\/wp-json\/wp\/v2\/media?parent=10802"}],"wp:term":[{"taxonomy":"category","embeddable":true,"href":"http:\/\/www.jojoenherbe.com\/index.php\/wp-json\/wp\/v2\/categories?post=10802"},{"taxonomy":"post_tag","embeddable":true,"href":"http:\/\/www.jojoenherbe.com\/index.php\/wp-json\/wp\/v2\/tags?post=10802"}],"curies":[{"name":"wp","href":"https:\/\/api.w.org\/{rel}","templated":true}]}}