{"id":10704,"date":"2020-04-14T15:17:03","date_gmt":"2020-04-14T13:17:03","guid":{"rendered":"http:\/\/www.jojoenherbe.com\/?p=10704"},"modified":"2022-04-14T16:39:29","modified_gmt":"2022-04-14T14:39:29","slug":"au-fil-des-pages-avec-penelope-cherche-les-oeufs-de-paques","status":"publish","type":"post","link":"http:\/\/www.jojoenherbe.com\/index.php\/2020\/04\/14\/au-fil-des-pages-avec-penelope-cherche-les-oeufs-de-paques\/","title":{"rendered":"Au fil des pages avec P\u00e9n\u00e9lope cherche les \u0153ufs de P\u00e2ques"},"content":{"rendered":"<p style=\"text-align: justify;\"><em><a href=\"https:\/\/i0.wp.com\/www.jojoenherbe.com\/wp-content\/uploads\/2020\/04\/P%C3%A9n%C3%A9lope-cherche-les-oeufs-de-P%C3%A2ques-2-scaled.jpg\"><img data-recalc-dims=\"1\" loading=\"lazy\" decoding=\"async\" data-attachment-id=\"10706\" data-permalink=\"http:\/\/www.jojoenherbe.com\/index.php\/2020\/04\/14\/au-fil-des-pages-avec-penelope-cherche-les-oeufs-de-paques\/penelope-cherche-les-oeufs-de-paques-2\/\" data-orig-file=\"https:\/\/i0.wp.com\/www.jojoenherbe.com\/wp-content\/uploads\/2020\/04\/P%C3%A9n%C3%A9lope-cherche-les-oeufs-de-P%C3%A2ques-2-scaled.jpg?fit=2560%2C1814\" data-orig-size=\"2560,1814\" data-comments-opened=\"1\" data-image-meta=\"{&quot;aperture&quot;:&quot;2.4&quot;,&quot;credit&quot;:&quot;&quot;,&quot;camera&quot;:&quot;iPhone 4S&quot;,&quot;caption&quot;:&quot;&quot;,&quot;created_timestamp&quot;:&quot;1555080149&quot;,&quot;copyright&quot;:&quot;&quot;,&quot;focal_length&quot;:&quot;4.28&quot;,&quot;iso&quot;:&quot;400&quot;,&quot;shutter_speed&quot;:&quot;0.066666666666667&quot;,&quot;title&quot;:&quot;&quot;,&quot;orientation&quot;:&quot;1&quot;}\" data-image-title=\"P\u00e9n\u00e9lope cherche les oeufs de P\u00e2ques 2\" data-image-description=\"\" data-image-caption=\"\" data-large-file=\"https:\/\/i0.wp.com\/www.jojoenherbe.com\/wp-content\/uploads\/2020\/04\/P%C3%A9n%C3%A9lope-cherche-les-oeufs-de-P%C3%A2ques-2-scaled.jpg?fit=676%2C479\" class=\"alignleft size-thumbnail wp-image-10706\" src=\"https:\/\/i0.wp.com\/www.jojoenherbe.com\/wp-content\/uploads\/2020\/04\/P%C3%A9n%C3%A9lope-cherche-les-oeufs-de-P%C3%A2ques-2.jpg?resize=150%2C150\" alt=\"\" width=\"150\" height=\"150\" srcset=\"https:\/\/i0.wp.com\/www.jojoenherbe.com\/wp-content\/uploads\/2020\/04\/P%C3%A9n%C3%A9lope-cherche-les-oeufs-de-P%C3%A2ques-2-scaled.jpg?resize=150%2C150 150w, https:\/\/i0.wp.com\/www.jojoenherbe.com\/wp-content\/uploads\/2020\/04\/P%C3%A9n%C3%A9lope-cherche-les-oeufs-de-P%C3%A2ques-2-scaled.jpg?zoom=2&amp;resize=150%2C150 300w, https:\/\/i0.wp.com\/www.jojoenherbe.com\/wp-content\/uploads\/2020\/04\/P%C3%A9n%C3%A9lope-cherche-les-oeufs-de-P%C3%A2ques-2-scaled.jpg?zoom=3&amp;resize=150%2C150 450w\" sizes=\"auto, (max-width: 150px) 100vw, 150px\" \/><\/a> <a href=\"https:\/\/i0.wp.com\/www.jojoenherbe.com\/wp-content\/uploads\/2020\/04\/P%C3%A9n%C3%A9lope-cherche-les-oeufs-de-P%C3%A2ques-3-scaled.jpg\"><img data-recalc-dims=\"1\" loading=\"lazy\" decoding=\"async\" data-attachment-id=\"10707\" data-permalink=\"http:\/\/www.jojoenherbe.com\/index.php\/2020\/04\/14\/au-fil-des-pages-avec-penelope-cherche-les-oeufs-de-paques\/penelope-cherche-les-oeufs-de-paques-3\/\" data-orig-file=\"https:\/\/i0.wp.com\/www.jojoenherbe.com\/wp-content\/uploads\/2020\/04\/P%C3%A9n%C3%A9lope-cherche-les-oeufs-de-P%C3%A2ques-3-scaled.jpg?fit=2560%2C1706\" data-orig-size=\"2560,1706\" data-comments-opened=\"1\" data-image-meta=\"{&quot;aperture&quot;:&quot;2.4&quot;,&quot;credit&quot;:&quot;&quot;,&quot;camera&quot;:&quot;iPhone 4S&quot;,&quot;caption&quot;:&quot;&quot;,&quot;created_timestamp&quot;:&quot;1555080168&quot;,&quot;copyright&quot;:&quot;&quot;,&quot;focal_length&quot;:&quot;4.28&quot;,&quot;iso&quot;:&quot;400&quot;,&quot;shutter_speed&quot;:&quot;0.066666666666667&quot;,&quot;title&quot;:&quot;&quot;,&quot;orientation&quot;:&quot;1&quot;}\" data-image-title=\"P\u00e9n\u00e9lope cherche les oeufs de P\u00e2ques 3\" data-image-description=\"\" data-image-caption=\"\" data-large-file=\"https:\/\/i0.wp.com\/www.jojoenherbe.com\/wp-content\/uploads\/2020\/04\/P%C3%A9n%C3%A9lope-cherche-les-oeufs-de-P%C3%A2ques-3-scaled.jpg?fit=676%2C451\" class=\"alignleft size-thumbnail wp-image-10707\" src=\"https:\/\/i0.wp.com\/www.jojoenherbe.com\/wp-content\/uploads\/2020\/04\/P%C3%A9n%C3%A9lope-cherche-les-oeufs-de-P%C3%A2ques-3.jpg?resize=150%2C150\" alt=\"\" width=\"150\" height=\"150\" srcset=\"https:\/\/i0.wp.com\/www.jojoenherbe.com\/wp-content\/uploads\/2020\/04\/P%C3%A9n%C3%A9lope-cherche-les-oeufs-de-P%C3%A2ques-3-scaled.jpg?resize=150%2C150 150w, https:\/\/i0.wp.com\/www.jojoenherbe.com\/wp-content\/uploads\/2020\/04\/P%C3%A9n%C3%A9lope-cherche-les-oeufs-de-P%C3%A2ques-3-scaled.jpg?zoom=2&amp;resize=150%2C150 300w, https:\/\/i0.wp.com\/www.jojoenherbe.com\/wp-content\/uploads\/2020\/04\/P%C3%A9n%C3%A9lope-cherche-les-oeufs-de-P%C3%A2ques-3-scaled.jpg?zoom=3&amp;resize=150%2C150 450w\" sizes=\"auto, (max-width: 150px) 100vw, 150px\" \/><\/a>Nous avions emprunt\u00e9 \u00e0 la m\u00e9diath\u00e8que, l&rsquo;ann\u00e9e derni\u00e8re pour P\u00e2ques, <span style=\"text-decoration: underline;\">P\u00e9n\u00e9lope cherche les \u0153ufs de P\u00e2ques<\/span>, d&rsquo;Anne Gutman et Georg Hallensleben (\u00e9d. Gallimard Jeunesse, coll. P\u00e9n\u00e9lope t\u00eate en l&rsquo;air, 2011), un album jeunesse \u00e0 partir de\u00a0 2\/3 ans. Dans la ferme de son grand-p\u00e8re, P\u00e9n\u00e9lope s&rsquo;est lev\u00e9e la premi\u00e8re pour aller chercher les \u0153ufs dans le jardin. Mais il n&rsquo;est pas si simple de les trouver malgr\u00e9 sa gourmandise. Comme cette petite oursonne bleue, le tout-petit lecteur peut s&rsquo;amuser \u00e0 chercher et trouver les \u0153ufs dans les illustrations. Un chouette moment de lecture en p\u00e9riode de P\u00e2ques avec cette histoire de la collection \u00ab\u00a0P\u00e9n\u00e9lope t\u00eate en l&rsquo;air\u00a0\u00bb!<br \/>\n<\/em><\/p>\n<div style=\"width: 126px\" class=\"wp-caption alignleft\"><img data-recalc-dims=\"1\" loading=\"lazy\" decoding=\"async\" class=\"\" src=\"https:\/\/i0.wp.com\/delivrer-des-livres.fr\/wp-content\/uploads\/2019\/05\/logoalbums2019.png?resize=116%2C116\" alt=\"\" width=\"116\" height=\"116\" \/><p class=\"wp-caption-text\">Participation #175 <a href=\"http:\/\/delivrer-des-livres.fr\/challenge-albums-2019\/\">Je lis aussi des albums<\/a><\/p><\/div>\n<div style=\"width: 142px\" class=\"wp-caption alignleft\"><img loading=\"lazy\" decoding=\"async\" class=\"\" src=\"https:\/\/lh3.googleusercontent.com\/yeyHsyE8ePB9xQx2t9obPo4nIUGeuGsS-P1wwGiEip3f9lcFED23VkM1Pr5hYoy4puCex2GzVOyZNHjl5qeUnhImyiKFqwfTaONmF_HEc7SEvgxhr1eZXuJ6zzg9JfEY4XADWBPBCxMLePs3HiWfgCjRFVaAIkiQhaX8RGfOMzZhoMNQUFFuWlglQGRva5RIkSFvo7nk3yMWVz4PgUXBK3Uof2Hf073K4C6YvQC1u6gRN2BCr4tNyqitAlYfULcqVlua9UK9L5kLVOZWs2-xrAzDf1K3rxU8pxE6Fdm1EI8_YbPW09CsTNa9CW1z0lvieJ6Ify6BbltA9XBnOC99XwB4E833hDdb9KWRbKTb8bwsVGIAFF1x2JkOCAWTkq3OtXJmlgaccySEr2PvCr9rzIA4GtrzB04GpU7RNPlnkfNDjtPoy6UR5nf5SD-RQvfrkHaKDQocAHpi1MoHr0bWF4h3F08r5y_TM01DqKXAgeInHehhuxNBZ4LGs7Emk2ol6RPfVd4UEj0916JVKRknXSsSbJG_50ptPlCGTOdHDTOUMc6x63Wp68_DnNhG9qn5FPKuDHhZvC008a4nifQFWuKVT6HvqNgW-LcvXb0wnjbSwgS8qwHb3LtHJj3uAe971aQRDPkS146UchPgCLNczeUje4Y3YFpuV4P1KYu67RSdAOITJNzzSRO2Dycc1PCqSdc7IoPwLu0-aT-FJ0m-KvlkUQLXoamPhl2WKbODyZSfc5ZT=w285-h217-no\" alt=\"\" width=\"132\" height=\"101\" \/><p class=\"wp-caption-text\"><a href=\"https:\/\/ennalit.wordpress.com\/2019\/12\/01\/challenge-petit-bac-2020-qui-veut-jouer\/\">Challenge Petit Bac d&rsquo;Enna<\/a> #6 Cat\u00e9gorie Pr\u00e9nom: \u00ab\u00a0P\u00e9n\u00e9lope\u00a0\u00bb<\/p><\/div>\n","protected":false},"excerpt":{"rendered":"<p>Nous avions emprunt\u00e9 \u00e0 la m\u00e9diath\u00e8que, l&rsquo;ann\u00e9e derni\u00e8re pour P\u00e2ques, P\u00e9n\u00e9lope cherche les \u0153ufs de P\u00e2ques, d&rsquo;Anne Gutman et Georg Hallensleben (\u00e9d. Gallimard Jeunesse, coll. P\u00e9n\u00e9lope t\u00eate en l&rsquo;air, 2011), un album jeunesse \u00e0 partir de\u00a0 2\/3 ans. Dans la ferme de son grand-p\u00e8re, P\u00e9n\u00e9lope s&rsquo;est lev\u00e9e la premi\u00e8re pour aller chercher les \u0153ufs dans [&hellip;]<\/p>\n","protected":false},"author":1,"featured_media":10708,"comment_status":"open","ping_status":"open","sticky":false,"template":"","format":"standard","meta":{"jetpack_post_was_ever_published":false,"_jetpack_newsletter_access":"","_jetpack_dont_email_post_to_subs":false,"_jetpack_newsletter_tier_id":0,"_jetpack_memberships_contains_paywalled_content":false,"_jetpack_memberships_contains_paid_content":false,"footnotes":""},"categories":[363],"tags":[785,409,1427,1352,526,1428,1350,367,1239,366,188,1429],"class_list":["post-10704","post","type-post","status-publish","format-standard","has-post-thumbnail","hentry","category-mini-lecteur","tag-3-6-ans","tag-albums-jeunesse","tag-anne-gutman","tag-challenge-petit-bac-2020","tag-chasse-aux-oeufs","tag-georg-hallensleben","tag-je-lis-aussi-des-albums-2019","tag-lecture-jeunesse","tag-lectures-de-paques","tag-ours","tag-paques","tag-penelope","post-preview"],"jetpack_featured_media_url":"https:\/\/i0.wp.com\/www.jojoenherbe.com\/wp-content\/uploads\/2020\/04\/P%C3%A9n%C3%A9lope-cherche-les-oeufs-de-P%C3%A2ques-scaled.jpg?fit=2176%2C2560","jetpack_sharing_enabled":true,"jetpack_shortlink":"https:\/\/wp.me\/p9zhGx-2ME","jetpack_likes_enabled":true,"jetpack-related-posts":[{"id":5522,"url":"http:\/\/www.jojoenherbe.com\/index.php\/2020\/04\/14\/au-fil-des-pages-avec-penelope-la-poule-de-paques\/","url_meta":{"origin":10704,"position":0},"title":"Au fil des pages avec P\u00e9n\u00e9lope la poule de P\u00e2ques","author":"Jojo","date":"14 avril 2020","format":false,"excerpt":"J'avais emprunt\u00e9 \u00e0 la m\u00e9diath\u00e8que, l'ann\u00e9e derni\u00e8re pour P\u00e2ques, P\u00e9n\u00e9lope la poule de P\u00e2ques d'Hubert Ben Kemoun et St\u00e9phane Girel (\u00e9d. P\u00e8re Castor Flammarion, 1998), un album jeunesse \u00e0 partir de 3 ans. Lors de la chasse aux \u0153ufs, P\u00e9n\u00e9lope, une petite poule en chocolat s'est si bien cach\u00e9e pour\u2026","rel":"","context":"Dans &quot;Mini lecteur&quot;","block_context":{"text":"Mini lecteur","link":"http:\/\/www.jojoenherbe.com\/index.php\/category\/mini-lecteur\/"},"img":{"alt_text":"","src":"https:\/\/i0.wp.com\/www.jojoenherbe.com\/wp-content\/uploads\/2020\/04\/P%C3%A9n%C3%A9lope-la-poule-de-P%C3%A2ques-scaled.jpg?fit=1078%2C1200&resize=350%2C200","width":350,"height":200,"srcset":"https:\/\/i0.wp.com\/www.jojoenherbe.com\/wp-content\/uploads\/2020\/04\/P%C3%A9n%C3%A9lope-la-poule-de-P%C3%A2ques-scaled.jpg?fit=1078%2C1200&resize=350%2C200 1x, https:\/\/i0.wp.com\/www.jojoenherbe.com\/wp-content\/uploads\/2020\/04\/P%C3%A9n%C3%A9lope-la-poule-de-P%C3%A2ques-scaled.jpg?fit=1078%2C1200&resize=525%2C300 1.5x, https:\/\/i0.wp.com\/www.jojoenherbe.com\/wp-content\/uploads\/2020\/04\/P%C3%A9n%C3%A9lope-la-poule-de-P%C3%A2ques-scaled.jpg?fit=1078%2C1200&resize=700%2C400 2x, https:\/\/i0.wp.com\/www.jojoenherbe.com\/wp-content\/uploads\/2020\/04\/P%C3%A9n%C3%A9lope-la-poule-de-P%C3%A2ques-scaled.jpg?fit=1078%2C1200&resize=1050%2C600 3x"},"classes":[]},{"id":5377,"url":"http:\/\/www.jojoenherbe.com\/index.php\/2019\/04\/20\/au-fil-des-pages-sur-le-theme-de-paques\/","url_meta":{"origin":10704,"position":1},"title":"Au fil des pages sur le th\u00e8me de P\u00e2ques","author":"Jojo","date":"20 avril 2019","format":false,"excerpt":"Ce mois-ci, le th\u00e8me du rendez-vous \"Et dans leur biblioth\u00e8que il y a...\" est P\u00e2ques. Nous n'avons pas attendu le 20 avril pour commencer \u00e0 lire ou relire des albums jeunesse sur cette f\u00eate. Voici les n\u00f4tres, sans ordre de pr\u00e9f\u00e9rence et la plupart \u00e0 partir de 3 ans (voire\u2026","rel":"","context":"Dans &quot;Mini lecteur&quot;","block_context":{"text":"Mini lecteur","link":"http:\/\/www.jojoenherbe.com\/index.php\/category\/mini-lecteur\/"},"img":{"alt_text":"","src":"https:\/\/i0.wp.com\/www.jojoenherbe.com\/wp-content\/uploads\/2019\/04\/albums-P%C3%A2ques-1.jpg?fit=1200%2C871&resize=350%2C200","width":350,"height":200,"srcset":"https:\/\/i0.wp.com\/www.jojoenherbe.com\/wp-content\/uploads\/2019\/04\/albums-P%C3%A2ques-1.jpg?fit=1200%2C871&resize=350%2C200 1x, https:\/\/i0.wp.com\/www.jojoenherbe.com\/wp-content\/uploads\/2019\/04\/albums-P%C3%A2ques-1.jpg?fit=1200%2C871&resize=525%2C300 1.5x, https:\/\/i0.wp.com\/www.jojoenherbe.com\/wp-content\/uploads\/2019\/04\/albums-P%C3%A2ques-1.jpg?fit=1200%2C871&resize=700%2C400 2x, https:\/\/i0.wp.com\/www.jojoenherbe.com\/wp-content\/uploads\/2019\/04\/albums-P%C3%A2ques-1.jpg?fit=1200%2C871&resize=1050%2C600 3x"},"classes":[]},{"id":16945,"url":"http:\/\/www.jojoenherbe.com\/index.php\/2021\/04\/01\/nos-lectures-de-paques-2021\/","url_meta":{"origin":10704,"position":2},"title":"Nos lectures de P\u00e2ques 2021","author":"Jojo","date":"1 avril 2021","format":false,"excerpt":"Apr\u00e8s le carnaval, place au lecture de P\u00e2ques en attendant notre chasse aux \u0153ufs ce week-end (miam miam les chocolats). Nous relisons des albums jeunesse des ann\u00e9es pr\u00e9c\u00e9dentes mais aussi deux \"nouveaut\u00e9s\" que je n'avais pas pu encore emprunter \u00e0 la m\u00e9diath\u00e8que. Mais cette ann\u00e9e, je m'y suis prise t\u00f4t\u2026","rel":"","context":"Dans &quot;Mini lecteur&quot;","block_context":{"text":"Mini lecteur","link":"http:\/\/www.jojoenherbe.com\/index.php\/category\/mini-lecteur\/"},"img":{"alt_text":"","src":"https:\/\/i0.wp.com\/www.jojoenherbe.com\/wp-content\/uploads\/2021\/04\/Nos-lectures-de-Paques-2021-scaled.jpg?fit=1200%2C933&resize=350%2C200","width":350,"height":200,"srcset":"https:\/\/i0.wp.com\/www.jojoenherbe.com\/wp-content\/uploads\/2021\/04\/Nos-lectures-de-Paques-2021-scaled.jpg?fit=1200%2C933&resize=350%2C200 1x, https:\/\/i0.wp.com\/www.jojoenherbe.com\/wp-content\/uploads\/2021\/04\/Nos-lectures-de-Paques-2021-scaled.jpg?fit=1200%2C933&resize=525%2C300 1.5x, https:\/\/i0.wp.com\/www.jojoenherbe.com\/wp-content\/uploads\/2021\/04\/Nos-lectures-de-Paques-2021-scaled.jpg?fit=1200%2C933&resize=700%2C400 2x, https:\/\/i0.wp.com\/www.jojoenherbe.com\/wp-content\/uploads\/2021\/04\/Nos-lectures-de-Paques-2021-scaled.jpg?fit=1200%2C933&resize=1050%2C600 3x"},"classes":[]},{"id":24972,"url":"http:\/\/www.jojoenherbe.com\/index.php\/2022\/04\/15\/nos-lectures-de-paques-2022\/","url_meta":{"origin":10704,"position":3},"title":"Nos lectures de P\u00e2ques 2022","author":"Jojo","date":"15 avril 2022","format":false,"excerpt":"Aux albums jeunesse d\u00e9j\u00e0 lus l'ann\u00e9e derni\u00e8re comme Fenouil ou Petit H\u00e9risson, nous lisons de nouvelles histoires avec le lapin de P\u00e2ques et\/ou la chasse aux \u0153ufs en chocolat en attendant de faire ce week-end, en famille, la n\u00f4tre. (Album jeunesse) Joyeuses P\u00e2ques Rita et Machin de Jean-Philippe Arrou-Vignod et\u2026","rel":"","context":"Dans &quot;Mini lecteur&quot;","block_context":{"text":"Mini lecteur","link":"http:\/\/www.jojoenherbe.com\/index.php\/category\/mini-lecteur\/"},"img":{"alt_text":"","src":"https:\/\/i0.wp.com\/www.jojoenherbe.com\/wp-content\/uploads\/2022\/04\/Nos-lectures-de-Paques-2022-scaled.jpg?fit=1200%2C995&resize=350%2C200","width":350,"height":200,"srcset":"https:\/\/i0.wp.com\/www.jojoenherbe.com\/wp-content\/uploads\/2022\/04\/Nos-lectures-de-Paques-2022-scaled.jpg?fit=1200%2C995&resize=350%2C200 1x, https:\/\/i0.wp.com\/www.jojoenherbe.com\/wp-content\/uploads\/2022\/04\/Nos-lectures-de-Paques-2022-scaled.jpg?fit=1200%2C995&resize=525%2C300 1.5x, https:\/\/i0.wp.com\/www.jojoenherbe.com\/wp-content\/uploads\/2022\/04\/Nos-lectures-de-Paques-2022-scaled.jpg?fit=1200%2C995&resize=700%2C400 2x, https:\/\/i0.wp.com\/www.jojoenherbe.com\/wp-content\/uploads\/2022\/04\/Nos-lectures-de-Paques-2022-scaled.jpg?fit=1200%2C995&resize=1050%2C600 3x"},"classes":[]},{"id":24954,"url":"http:\/\/www.jojoenherbe.com\/index.php\/2022\/04\/14\/au-fil-des-pages-avec-le-tome-16-de-rita-et-machin\/","url_meta":{"origin":10704,"position":4},"title":"Au fil des pages avec le tome 16 de Rita et Machin","author":"Jojo","date":"14 avril 2022","format":false,"excerpt":"Nous relisons pour P\u00e2ques cette ann\u00e9e Joyeuses P\u00e2ques Rita et Machin de Jean-Philippe Arrou-Vignod et Olivier Tallec (\u00e9d. Gallimard Jeunesse, 2013), un album jeunesse \u00e0 partir de 4 ans que nous avions emprunt\u00e9 l'ann\u00e9e derni\u00e8re pour P\u00e2ques \u00e0 la m\u00e9diath\u00e8que et qui a fini par rejoindre nos biblioth\u00e8ques. Il s'agit\u2026","rel":"","context":"Dans &quot;Mini lecteur&quot;","block_context":{"text":"Mini lecteur","link":"http:\/\/www.jojoenherbe.com\/index.php\/category\/mini-lecteur\/"},"img":{"alt_text":"","src":"https:\/\/i0.wp.com\/www.jojoenherbe.com\/wp-content\/uploads\/2022\/04\/Joyeuses-Paques-Rita-et-Machin-scaled.jpg?fit=1200%2C900&resize=350%2C200","width":350,"height":200,"srcset":"https:\/\/i0.wp.com\/www.jojoenherbe.com\/wp-content\/uploads\/2022\/04\/Joyeuses-Paques-Rita-et-Machin-scaled.jpg?fit=1200%2C900&resize=350%2C200 1x, https:\/\/i0.wp.com\/www.jojoenherbe.com\/wp-content\/uploads\/2022\/04\/Joyeuses-Paques-Rita-et-Machin-scaled.jpg?fit=1200%2C900&resize=525%2C300 1.5x, https:\/\/i0.wp.com\/www.jojoenherbe.com\/wp-content\/uploads\/2022\/04\/Joyeuses-Paques-Rita-et-Machin-scaled.jpg?fit=1200%2C900&resize=700%2C400 2x, https:\/\/i0.wp.com\/www.jojoenherbe.com\/wp-content\/uploads\/2022\/04\/Joyeuses-Paques-Rita-et-Machin-scaled.jpg?fit=1200%2C900&resize=1050%2C600 3x"},"classes":[]},{"id":17158,"url":"http:\/\/www.jojoenherbe.com\/index.php\/2021\/04\/09\/au-fil-des-pages-avec-une-surprise-pour-paques\/","url_meta":{"origin":10704,"position":5},"title":"Au fil des pages avec Une surprise pour P\u00e2ques","author":"Jojo","date":"9 avril 2021","format":false,"excerpt":"Nous empruntons \u00e0 la m\u00e9diath\u00e8que Une surprise pour P\u00e2ques de Nancy E. Walker-Guye et Igor Ole\u00efnikov (\u00e9d. Nord-Sud, 2005), un album jeunesse \u00e0 partir de 3 ans. C'est le grand jour pour le Lapin de P\u00e2ques qui part cacher tous les \u0153ufs multicolores qu'il a fini de fabriquer la veille\u2026","rel":"","context":"Dans &quot;Mini lecteur&quot;","block_context":{"text":"Mini lecteur","link":"http:\/\/www.jojoenherbe.com\/index.php\/category\/mini-lecteur\/"},"img":{"alt_text":"","src":"https:\/\/i0.wp.com\/www.jojoenherbe.com\/wp-content\/uploads\/2021\/04\/Une-surprise-pour-Paques-scaled.jpg?fit=1200%2C784&resize=350%2C200","width":350,"height":200,"srcset":"https:\/\/i0.wp.com\/www.jojoenherbe.com\/wp-content\/uploads\/2021\/04\/Une-surprise-pour-Paques-scaled.jpg?fit=1200%2C784&resize=350%2C200 1x, https:\/\/i0.wp.com\/www.jojoenherbe.com\/wp-content\/uploads\/2021\/04\/Une-surprise-pour-Paques-scaled.jpg?fit=1200%2C784&resize=525%2C300 1.5x, https:\/\/i0.wp.com\/www.jojoenherbe.com\/wp-content\/uploads\/2021\/04\/Une-surprise-pour-Paques-scaled.jpg?fit=1200%2C784&resize=700%2C400 2x, https:\/\/i0.wp.com\/www.jojoenherbe.com\/wp-content\/uploads\/2021\/04\/Une-surprise-pour-Paques-scaled.jpg?fit=1200%2C784&resize=1050%2C600 3x"},"classes":[]}],"_links":{"self":[{"href":"http:\/\/www.jojoenherbe.com\/index.php\/wp-json\/wp\/v2\/posts\/10704","targetHints":{"allow":["GET"]}}],"collection":[{"href":"http:\/\/www.jojoenherbe.com\/index.php\/wp-json\/wp\/v2\/posts"}],"about":[{"href":"http:\/\/www.jojoenherbe.com\/index.php\/wp-json\/wp\/v2\/types\/post"}],"author":[{"embeddable":true,"href":"http:\/\/www.jojoenherbe.com\/index.php\/wp-json\/wp\/v2\/users\/1"}],"replies":[{"embeddable":true,"href":"http:\/\/www.jojoenherbe.com\/index.php\/wp-json\/wp\/v2\/comments?post=10704"}],"version-history":[{"count":1,"href":"http:\/\/www.jojoenherbe.com\/index.php\/wp-json\/wp\/v2\/posts\/10704\/revisions"}],"predecessor-version":[{"id":24956,"href":"http:\/\/www.jojoenherbe.com\/index.php\/wp-json\/wp\/v2\/posts\/10704\/revisions\/24956"}],"wp:featuredmedia":[{"embeddable":true,"href":"http:\/\/www.jojoenherbe.com\/index.php\/wp-json\/wp\/v2\/media\/10708"}],"wp:attachment":[{"href":"http:\/\/www.jojoenherbe.com\/index.php\/wp-json\/wp\/v2\/media?parent=10704"}],"wp:term":[{"taxonomy":"category","embeddable":true,"href":"http:\/\/www.jojoenherbe.com\/index.php\/wp-json\/wp\/v2\/categories?post=10704"},{"taxonomy":"post_tag","embeddable":true,"href":"http:\/\/www.jojoenherbe.com\/index.php\/wp-json\/wp\/v2\/tags?post=10704"}],"curies":[{"name":"wp","href":"https:\/\/api.w.org\/{rel}","templated":true}]}}