{"id":10626,"date":"2020-04-04T09:01:52","date_gmt":"2020-04-04T07:01:52","guid":{"rendered":"http:\/\/www.jojoenherbe.com\/?p=10626"},"modified":"2020-04-11T22:59:23","modified_gmt":"2020-04-11T20:59:23","slug":"semaine-14-du-projet-52-2020-vers-le-bas","status":"publish","type":"post","link":"http:\/\/www.jojoenherbe.com\/index.php\/2020\/04\/04\/semaine-14-du-projet-52-2020-vers-le-bas\/","title":{"rendered":"Semaine 14 du Projet 52-2020: Vers le bas"},"content":{"rendered":"<p style=\"text-align: justify;\"><em>Pour la semaine 14 du Projet 52-2020 de Du c\u00f4t\u00e9 de chez Ma&rsquo;, le th\u00e8me est \u00ab\u00a0<a href=\"https:\/\/ducotedechezma.wordpress.com\/2020\/04\/04\/projet-52-2020-semaine-14-vers-le-bas\/\">Vers le bas<\/a>\u00ab\u00a0. Je suis rest\u00e9e un peu perplexe devant ce th\u00e8me, ne sachant pas vraiment comment le mettre en valeur (un doigt vers le bas? un panneau montrant une direction vers le bas?). Puis j&rsquo;ai regard\u00e9 dans mes archives pour une vue plongeante d&rsquo;une tour ou d&rsquo;un phare, mais le rendu ne plaisait pas plus que \u00e7a, au vu des photos que j&rsquo;avais pu prendre. J&rsquo;ai alors repens\u00e9 \u00e0 nos derni\u00e8res sorties hivernales. Voici donc des stalactites de glace prises en photo le 18 janvier 2020 dans les <a href=\"http:\/\/www.jojoenherbe.com\/index.php\/2020\/01\/27\/sortie-hivernale-sous-la-neige-a-valberg\/\">Gorges du Cians<\/a>.<br \/>\n<\/em><\/p>\n<p><img data-recalc-dims=\"1\" loading=\"lazy\" decoding=\"async\" data-attachment-id=\"1605\" data-permalink=\"http:\/\/www.jojoenherbe.com\/index.php\/2007\/03\/21\/circuit-en-raquettes-des-lacs-de-prals\/lacs-de-prals-2\/\" data-orig-file=\"https:\/\/i0.wp.com\/www.jojoenherbe.com\/wp-content\/uploads\/2007\/03\/Lacs-de-Prals-2.jpg?fit=1944%2C2592\" data-orig-size=\"1944,2592\" data-comments-opened=\"1\" data-image-meta=\"{&quot;aperture&quot;:&quot;2.8&quot;,&quot;credit&quot;:&quot;&quot;,&quot;camera&quot;:&quot;DSC-P100&quot;,&quot;caption&quot;:&quot;&quot;,&quot;created_timestamp&quot;:&quot;1174209350&quot;,&quot;copyright&quot;:&quot;&quot;,&quot;focal_length&quot;:&quot;7.9&quot;,&quot;iso&quot;:&quot;100&quot;,&quot;shutter_speed&quot;:&quot;0.01&quot;,&quot;title&quot;:&quot;&quot;,&quot;orientation&quot;:&quot;0&quot;}\" data-image-title=\"Lacs de Prals 2\" data-image-description=\"\" data-image-caption=\"\" data-large-file=\"https:\/\/i0.wp.com\/www.jojoenherbe.com\/wp-content\/uploads\/2007\/03\/Lacs-de-Prals-2.jpg?fit=676%2C901\" class=\"below-entry-meta wp-image-1605 aligncenter\" src=\"https:\/\/ducotedechezma.files.wordpress.com\/2019\/12\/52-2020_liste_themes.jpg?w=840&#038;resize=327%2C270\" sizes=\"auto, (max-width: 709px) 85vw, (max-width: 909px) 67vw, (max-width: 1362px) 62vw, 840px\" srcset=\"https:\/\/ducotedechezma.files.wordpress.com\/2019\/12\/52-2020_liste_themes.jpg?w=840 840w, https:\/\/ducotedechezma.files.wordpress.com\/2019\/12\/52-2020_liste_themes.jpg?w=150 150w, https:\/\/ducotedechezma.files.wordpress.com\/2019\/12\/52-2020_liste_themes.jpg?w=300 300w, https:\/\/ducotedechezma.files.wordpress.com\/2019\/12\/52-2020_liste_themes.jpg?w=768 768w, https:\/\/ducotedechezma.files.wordpress.com\/2019\/12\/52-2020_liste_themes.jpg 975w\" alt=\"52-2020_liste_themes\" width=\"327\" height=\"270\" data-attachment-id=\"1605\" data-permalink=\"https:\/\/ducotedechezma.wordpress.com\/2019\/12\/26\/projet-52-2020-et-si-on-repartait-pour-une-annee-de-photos\/52-2020_liste_themes\/\" data-orig-file=\"https:\/\/ducotedechezma.files.wordpress.com\/2019\/12\/52-2020_liste_themes.jpg\" data-orig-size=\"975,805\" data-comments-opened=\"1\" data-image-meta=\"{&quot;aperture&quot;:&quot;0&quot;,&quot;credit&quot;:&quot;&quot;,&quot;camera&quot;:&quot;&quot;,&quot;caption&quot;:&quot;&quot;,&quot;created_timestamp&quot;:&quot;0&quot;,&quot;copyright&quot;:&quot;&quot;,&quot;focal_length&quot;:&quot;0&quot;,&quot;iso&quot;:&quot;0&quot;,&quot;shutter_speed&quot;:&quot;0&quot;,&quot;title&quot;:&quot;&quot;,&quot;orientation&quot;:&quot;0&quot;}\" data-image-title=\"52-2020_liste_themes\" data-image-description=\"\" data-medium-file=\"https:\/\/ducotedechezma.files.wordpress.com\/2019\/12\/52-2020_liste_themes.jpg?w=300\" data-large-file=\"https:\/\/ducotedechezma.files.wordpress.com\/2019\/12\/52-2020_liste_themes.jpg?w=840\" \/><\/p>\n","protected":false},"excerpt":{"rendered":"<p>Pour la semaine 14 du Projet 52-2020 de Du c\u00f4t\u00e9 de chez Ma&rsquo;, le th\u00e8me est \u00ab\u00a0Vers le bas\u00ab\u00a0. Je suis rest\u00e9e un peu perplexe devant ce th\u00e8me, ne sachant pas vraiment comment le mettre en valeur (un doigt vers le bas? un panneau montrant une direction vers le bas?). Puis j&rsquo;ai regard\u00e9 dans mes [&hellip;]<\/p>\n","protected":false},"author":1,"featured_media":10627,"comment_status":"open","ping_status":"open","sticky":false,"template":"","format":"standard","meta":{"jetpack_post_was_ever_published":false,"_jetpack_newsletter_access":"","_jetpack_dont_email_post_to_subs":false,"_jetpack_newsletter_tier_id":0,"_jetpack_memberships_contains_paywalled_content":false,"_jetpack_memberships_contains_paid_content":false,"footnotes":""},"categories":[437],"tags":[25,185,365,5,1115,1410,1411,44],"class_list":["post-10626","post","type-post","status-publish","format-standard","has-post-thumbnail","hentry","category-mini-photographe","tag-alpes-maritimes","tag-gorges-du-cians","tag-hiver","tag-paca","tag-projet-52-2020","tag-stalactite","tag-stalactite-de-glace","tag-valberg","post-preview"],"jetpack_featured_media_url":"https:\/\/i0.wp.com\/www.jojoenherbe.com\/wp-content\/uploads\/2020\/04\/Gorges-du-Cians-scaled.jpg?fit=2560%2C1920","jetpack_sharing_enabled":true,"jetpack_shortlink":"https:\/\/wp.me\/p9zhGx-2Lo","jetpack_likes_enabled":true,"jetpack-related-posts":[{"id":1998,"url":"http:\/\/www.jojoenherbe.com\/index.php\/2018\/03\/26\/les-gorges-du-cians-petite-et-grande-clues\/","url_meta":{"origin":10626,"position":0},"title":"Les Gorges du Cians &#8211; Petite et Grande Clues","author":"Jojo","date":"26 mars 2018","format":false,"excerpt":"Ce 25 mars 2018, nous passons en voiture Tou\u00ebt-sur-Var sur la D6202. A l'Ouest du village, en tournant \u00e0 droite, nous remontons la D28, apr\u00e8s avoir pass\u00e9 le fleuve Var, dont le Cians est un de ses affluents. Nous d\u00e9butons alors les Gorges du Cians passant, selon les lacets, tr\u00e8s\u2026","rel":"","context":"Dans &quot;Mini baladeur&quot;","block_context":{"text":"Mini baladeur","link":"http:\/\/www.jojoenherbe.com\/index.php\/category\/mini-crapahuteur\/mini-baladeur\/"},"img":{"alt_text":"","src":"https:\/\/i0.wp.com\/www.jojoenherbe.com\/wp-content\/uploads\/2018\/03\/Petite-Clue-du-Cians-8.jpg?fit=900%2C1200&resize=350%2C200","width":350,"height":200,"srcset":"https:\/\/i0.wp.com\/www.jojoenherbe.com\/wp-content\/uploads\/2018\/03\/Petite-Clue-du-Cians-8.jpg?fit=900%2C1200&resize=350%2C200 1x, https:\/\/i0.wp.com\/www.jojoenherbe.com\/wp-content\/uploads\/2018\/03\/Petite-Clue-du-Cians-8.jpg?fit=900%2C1200&resize=525%2C300 1.5x, https:\/\/i0.wp.com\/www.jojoenherbe.com\/wp-content\/uploads\/2018\/03\/Petite-Clue-du-Cians-8.jpg?fit=900%2C1200&resize=700%2C400 2x"},"classes":[]},{"id":6853,"url":"http:\/\/www.jojoenherbe.com\/index.php\/2019\/07\/25\/dans-les-gorges-du-cians\/","url_meta":{"origin":10626,"position":1},"title":"Dans les Gorges du Cians","author":"Jojo","date":"25 juillet 2019","format":false,"excerpt":"Ce 21 juillet 2019, nous allons chercher de la fra\u00eecheur dans les Gorges du Cians, apr\u00e8s une courte averse \u00e0 Roubion. Nous marchons le long des quatre sentiers am\u00e9nag\u00e9s en redescendant en voiture sur Tou\u00ebt-sur-Var. Le premier sentier permet de d\u00e9couvrir une jolie cascade. Puis nous reprenons la voiture pour\u2026","rel":"","context":"Dans &quot;Mini baladeur&quot;","block_context":{"text":"Mini baladeur","link":"http:\/\/www.jojoenherbe.com\/index.php\/category\/mini-crapahuteur\/mini-baladeur\/"},"img":{"alt_text":"","src":"https:\/\/i0.wp.com\/www.jojoenherbe.com\/wp-content\/uploads\/2019\/07\/Gorges-du-Cians-3.jpg?fit=900%2C1200&resize=350%2C200","width":350,"height":200,"srcset":"https:\/\/i0.wp.com\/www.jojoenherbe.com\/wp-content\/uploads\/2019\/07\/Gorges-du-Cians-3.jpg?fit=900%2C1200&resize=350%2C200 1x, https:\/\/i0.wp.com\/www.jojoenherbe.com\/wp-content\/uploads\/2019\/07\/Gorges-du-Cians-3.jpg?fit=900%2C1200&resize=525%2C300 1.5x, https:\/\/i0.wp.com\/www.jojoenherbe.com\/wp-content\/uploads\/2019\/07\/Gorges-du-Cians-3.jpg?fit=900%2C1200&resize=700%2C400 2x"},"classes":[]},{"id":10546,"url":"http:\/\/www.jojoenherbe.com\/index.php\/2020\/03\/21\/semaine-12-du-projet-52-2020-pret-au-depart\/","url_meta":{"origin":10626,"position":2},"title":"Semaine 12 du Projet 52-2020: Pr\u00eat au d\u00e9part","author":"Jojo","date":"21 mars 2020","format":false,"excerpt":"Pour la semaine 12 du Projet 52-2020 de Du c\u00f4t\u00e9 de chez Ma', le th\u00e8me est \"Pr\u00eat au d\u00e9part\". En cette premi\u00e8re semaine de confinement, je pioche dans mes archives pour illustrer le th\u00e8me de cette semaine. Pr\u00eat pour un d\u00e9part a\u00e9rien vers la Lune \u00e0 la fa\u00e7on Tintin? Il\u2026","rel":"","context":"Dans &quot;mini photographe&quot;","block_context":{"text":"mini photographe","link":"http:\/\/www.jojoenherbe.com\/index.php\/category\/mini-photographe\/"},"img":{"alt_text":"","src":"https:\/\/i0.wp.com\/www.jojoenherbe.com\/wp-content\/uploads\/2020\/03\/Festival-de-lAir-Fr%C3%A9jus-scaled.jpg?fit=1200%2C900&resize=350%2C200","width":350,"height":200,"srcset":"https:\/\/i0.wp.com\/www.jojoenherbe.com\/wp-content\/uploads\/2020\/03\/Festival-de-lAir-Fr%C3%A9jus-scaled.jpg?fit=1200%2C900&resize=350%2C200 1x, https:\/\/i0.wp.com\/www.jojoenherbe.com\/wp-content\/uploads\/2020\/03\/Festival-de-lAir-Fr%C3%A9jus-scaled.jpg?fit=1200%2C900&resize=525%2C300 1.5x, https:\/\/i0.wp.com\/www.jojoenherbe.com\/wp-content\/uploads\/2020\/03\/Festival-de-lAir-Fr%C3%A9jus-scaled.jpg?fit=1200%2C900&resize=700%2C400 2x, https:\/\/i0.wp.com\/www.jojoenherbe.com\/wp-content\/uploads\/2020\/03\/Festival-de-lAir-Fr%C3%A9jus-scaled.jpg?fit=1200%2C900&resize=1050%2C600 3x"},"classes":[]},{"id":10263,"url":"http:\/\/www.jojoenherbe.com\/index.php\/2020\/03\/07\/semaine-10-du-projet-52-2020-lettres\/","url_meta":{"origin":10626,"position":3},"title":"Semaine 10 du Projet 52-2020: Lettre(s)","author":"Jojo","date":"7 mars 2020","format":false,"excerpt":"Pour la semaine 10 du Projet 52-2020 de Du c\u00f4t\u00e9 de chez Ma', le th\u00e8me est \"Lettre(s)\", ce qui offre de nombreuses interpr\u00e9tations comme les lettres de l'alphabet, un courrier ou lettre manuscrite, une carte postale ou une bo\u00eete aux lettres mais aussi un panneau de signalisation ou de randonn\u00e9e,\u2026","rel":"","context":"Dans &quot;Mini baladeur&quot;","block_context":{"text":"Mini baladeur","link":"http:\/\/www.jojoenherbe.com\/index.php\/category\/mini-crapahuteur\/mini-baladeur\/"},"img":{"alt_text":"","src":"https:\/\/i0.wp.com\/www.jojoenherbe.com\/wp-content\/uploads\/2020\/03\/Le-Nomade-Port-dAntibes-scaled.jpg?fit=1200%2C1034&resize=350%2C200","width":350,"height":200,"srcset":"https:\/\/i0.wp.com\/www.jojoenherbe.com\/wp-content\/uploads\/2020\/03\/Le-Nomade-Port-dAntibes-scaled.jpg?fit=1200%2C1034&resize=350%2C200 1x, https:\/\/i0.wp.com\/www.jojoenherbe.com\/wp-content\/uploads\/2020\/03\/Le-Nomade-Port-dAntibes-scaled.jpg?fit=1200%2C1034&resize=525%2C300 1.5x, https:\/\/i0.wp.com\/www.jojoenherbe.com\/wp-content\/uploads\/2020\/03\/Le-Nomade-Port-dAntibes-scaled.jpg?fit=1200%2C1034&resize=700%2C400 2x, https:\/\/i0.wp.com\/www.jojoenherbe.com\/wp-content\/uploads\/2020\/03\/Le-Nomade-Port-dAntibes-scaled.jpg?fit=1200%2C1034&resize=1050%2C600 3x"},"classes":[]},{"id":9682,"url":"http:\/\/www.jojoenherbe.com\/index.php\/2020\/01\/19\/semaine-3-du-projet-52-2020-motif\/","url_meta":{"origin":10626,"position":4},"title":"Semaine 3 du Projet 52-2020: Motif","author":"Jojo","date":"19 janvier 2020","format":false,"excerpt":"Pour la semaine 3 du Projet 52-2020 de Du c\u00f4t\u00e9 de chez Ma', le th\u00e8me est \"Motif\". J'aurai pu parler des motifs juridiques et le fameux \"par ces motifs\" des d\u00e9cisions de Justice qui r\u00e9pondent \u00e0 ceux d'une assignation ou d'une requ\u00eate ou de conclusions. Mais ce n'est pas tr\u00e8s\u2026","rel":"","context":"Dans &quot;Mini joueur&quot;","block_context":{"text":"Mini joueur","link":"http:\/\/www.jojoenherbe.com\/index.php\/category\/mini-decouvreur\/mini-joueur\/"},"img":{"alt_text":"","src":"https:\/\/i0.wp.com\/www.jojoenherbe.com\/wp-content\/uploads\/2020\/01\/Mandala-dhiver-scaled.jpg?fit=1200%2C793&resize=350%2C200","width":350,"height":200,"srcset":"https:\/\/i0.wp.com\/www.jojoenherbe.com\/wp-content\/uploads\/2020\/01\/Mandala-dhiver-scaled.jpg?fit=1200%2C793&resize=350%2C200 1x, https:\/\/i0.wp.com\/www.jojoenherbe.com\/wp-content\/uploads\/2020\/01\/Mandala-dhiver-scaled.jpg?fit=1200%2C793&resize=525%2C300 1.5x, https:\/\/i0.wp.com\/www.jojoenherbe.com\/wp-content\/uploads\/2020\/01\/Mandala-dhiver-scaled.jpg?fit=1200%2C793&resize=700%2C400 2x, https:\/\/i0.wp.com\/www.jojoenherbe.com\/wp-content\/uploads\/2020\/01\/Mandala-dhiver-scaled.jpg?fit=1200%2C793&resize=1050%2C600 3x"},"classes":[]},{"id":41019,"url":"http:\/\/www.jojoenherbe.com\/index.php\/2025\/10\/26\/semaine-43-du-projet-52-2025-automne\/","url_meta":{"origin":10626,"position":5},"title":"Semaine 43 du Projet 52-2025: \u00ab\u00a0Automne\u00a0\u00bb","author":"Jojo","date":"26 octobre 2025","format":false,"excerpt":"Pour la semaine 43 du Projet 52-2025 de Du c\u00f4t\u00e9 de chez Ma\u2019, le th\u00e8me est \"Automne\". J'ai choisi des photos prises le week-end dernier \u00e0 Diano Marina, station baln\u00e9aire en Ligurie, en Italie qui, aux d\u00e9tours des rues commer\u00e7antes, avait des allures halloweenesques, m\u00eame si le temps \u00e9tait encore\u2026","rel":"","context":"Dans &quot;mini photographe&quot;","block_context":{"text":"mini photographe","link":"http:\/\/www.jojoenherbe.com\/index.php\/category\/mini-photographe\/"},"img":{"alt_text":"","src":"https:\/\/i0.wp.com\/www.jojoenherbe.com\/wp-content\/uploads\/2025\/10\/Kakis-2-scaled.jpg?fit=1142%2C1200&resize=350%2C200","width":350,"height":200,"srcset":"https:\/\/i0.wp.com\/www.jojoenherbe.com\/wp-content\/uploads\/2025\/10\/Kakis-2-scaled.jpg?fit=1142%2C1200&resize=350%2C200 1x, https:\/\/i0.wp.com\/www.jojoenherbe.com\/wp-content\/uploads\/2025\/10\/Kakis-2-scaled.jpg?fit=1142%2C1200&resize=525%2C300 1.5x, https:\/\/i0.wp.com\/www.jojoenherbe.com\/wp-content\/uploads\/2025\/10\/Kakis-2-scaled.jpg?fit=1142%2C1200&resize=700%2C400 2x, https:\/\/i0.wp.com\/www.jojoenherbe.com\/wp-content\/uploads\/2025\/10\/Kakis-2-scaled.jpg?fit=1142%2C1200&resize=1050%2C600 3x"},"classes":[]}],"_links":{"self":[{"href":"http:\/\/www.jojoenherbe.com\/index.php\/wp-json\/wp\/v2\/posts\/10626","targetHints":{"allow":["GET"]}}],"collection":[{"href":"http:\/\/www.jojoenherbe.com\/index.php\/wp-json\/wp\/v2\/posts"}],"about":[{"href":"http:\/\/www.jojoenherbe.com\/index.php\/wp-json\/wp\/v2\/types\/post"}],"author":[{"embeddable":true,"href":"http:\/\/www.jojoenherbe.com\/index.php\/wp-json\/wp\/v2\/users\/1"}],"replies":[{"embeddable":true,"href":"http:\/\/www.jojoenherbe.com\/index.php\/wp-json\/wp\/v2\/comments?post=10626"}],"version-history":[{"count":0,"href":"http:\/\/www.jojoenherbe.com\/index.php\/wp-json\/wp\/v2\/posts\/10626\/revisions"}],"wp:featuredmedia":[{"embeddable":true,"href":"http:\/\/www.jojoenherbe.com\/index.php\/wp-json\/wp\/v2\/media\/10627"}],"wp:attachment":[{"href":"http:\/\/www.jojoenherbe.com\/index.php\/wp-json\/wp\/v2\/media?parent=10626"}],"wp:term":[{"taxonomy":"category","embeddable":true,"href":"http:\/\/www.jojoenherbe.com\/index.php\/wp-json\/wp\/v2\/categories?post=10626"},{"taxonomy":"post_tag","embeddable":true,"href":"http:\/\/www.jojoenherbe.com\/index.php\/wp-json\/wp\/v2\/tags?post=10626"}],"curies":[{"name":"wp","href":"https:\/\/api.w.org\/{rel}","templated":true}]}}