{"id":10569,"date":"2020-03-25T22:19:13","date_gmt":"2020-03-25T21:19:13","guid":{"rendered":"http:\/\/www.jojoenherbe.com\/?p=10569"},"modified":"2021-03-02T10:37:15","modified_gmt":"2021-03-02T09:37:15","slug":"au-fil-des-pages-avec-premiers-printemps","status":"publish","type":"post","link":"http:\/\/www.jojoenherbe.com\/index.php\/2020\/03\/25\/au-fil-des-pages-avec-premiers-printemps\/","title":{"rendered":"Au fil des pages avec Premiers printemps"},"content":{"rendered":"<p style=\"text-align: justify;\"><em><a href=\"https:\/\/i0.wp.com\/www.jojoenherbe.com\/wp-content\/uploads\/2020\/03\/Premiers-printemps-2-scaled.jpg\"><img data-recalc-dims=\"1\" loading=\"lazy\" decoding=\"async\" data-attachment-id=\"10573\" data-permalink=\"http:\/\/www.jojoenherbe.com\/index.php\/2020\/03\/25\/au-fil-des-pages-avec-premiers-printemps\/premiers-printemps-2\/\" data-orig-file=\"https:\/\/i0.wp.com\/www.jojoenherbe.com\/wp-content\/uploads\/2020\/03\/Premiers-printemps-2-scaled.jpg?fit=2560%2C1629\" data-orig-size=\"2560,1629\" data-comments-opened=\"1\" data-image-meta=\"{&quot;aperture&quot;:&quot;2.4&quot;,&quot;credit&quot;:&quot;&quot;,&quot;camera&quot;:&quot;iPhone 4S&quot;,&quot;caption&quot;:&quot;&quot;,&quot;created_timestamp&quot;:&quot;1568716778&quot;,&quot;copyright&quot;:&quot;&quot;,&quot;focal_length&quot;:&quot;4.28&quot;,&quot;iso&quot;:&quot;250&quot;,&quot;shutter_speed&quot;:&quot;0.05&quot;,&quot;title&quot;:&quot;&quot;,&quot;orientation&quot;:&quot;1&quot;}\" data-image-title=\"Premiers printemps 2\" data-image-description=\"\" data-image-caption=\"\" data-large-file=\"https:\/\/i0.wp.com\/www.jojoenherbe.com\/wp-content\/uploads\/2020\/03\/Premiers-printemps-2-scaled.jpg?fit=676%2C430\" class=\"alignleft size-thumbnail wp-image-10573\" src=\"https:\/\/i0.wp.com\/www.jojoenherbe.com\/wp-content\/uploads\/2020\/03\/Premiers-printemps-2.jpg?resize=150%2C150\" alt=\"\" width=\"150\" height=\"150\" srcset=\"https:\/\/i0.wp.com\/www.jojoenherbe.com\/wp-content\/uploads\/2020\/03\/Premiers-printemps-2-scaled.jpg?resize=150%2C150 150w, https:\/\/i0.wp.com\/www.jojoenherbe.com\/wp-content\/uploads\/2020\/03\/Premiers-printemps-2-scaled.jpg?zoom=2&amp;resize=150%2C150 300w, https:\/\/i0.wp.com\/www.jojoenherbe.com\/wp-content\/uploads\/2020\/03\/Premiers-printemps-2-scaled.jpg?zoom=3&amp;resize=150%2C150 450w\" sizes=\"auto, (max-width: 150px) 100vw, 150px\" \/><\/a><a href=\"https:\/\/i0.wp.com\/www.jojoenherbe.com\/wp-content\/uploads\/2020\/03\/Premiers-printemps-3-scaled.jpg\"><img data-recalc-dims=\"1\" loading=\"lazy\" decoding=\"async\" data-attachment-id=\"10574\" data-permalink=\"http:\/\/www.jojoenherbe.com\/index.php\/2020\/03\/25\/au-fil-des-pages-avec-premiers-printemps\/premiers-printemps-3\/\" data-orig-file=\"https:\/\/i0.wp.com\/www.jojoenherbe.com\/wp-content\/uploads\/2020\/03\/Premiers-printemps-3-scaled.jpg?fit=2560%2C1576\" data-orig-size=\"2560,1576\" data-comments-opened=\"1\" data-image-meta=\"{&quot;aperture&quot;:&quot;2.4&quot;,&quot;credit&quot;:&quot;&quot;,&quot;camera&quot;:&quot;iPhone 4S&quot;,&quot;caption&quot;:&quot;&quot;,&quot;created_timestamp&quot;:&quot;1568716789&quot;,&quot;copyright&quot;:&quot;&quot;,&quot;focal_length&quot;:&quot;4.28&quot;,&quot;iso&quot;:&quot;250&quot;,&quot;shutter_speed&quot;:&quot;0.05&quot;,&quot;title&quot;:&quot;&quot;,&quot;orientation&quot;:&quot;1&quot;}\" data-image-title=\"Premiers printemps 3\" data-image-description=\"\" data-image-caption=\"\" data-large-file=\"https:\/\/i0.wp.com\/www.jojoenherbe.com\/wp-content\/uploads\/2020\/03\/Premiers-printemps-3-scaled.jpg?fit=676%2C417\" class=\"alignleft size-thumbnail wp-image-10574\" src=\"https:\/\/i0.wp.com\/www.jojoenherbe.com\/wp-content\/uploads\/2020\/03\/Premiers-printemps-3.jpg?resize=150%2C150\" alt=\"\" width=\"150\" height=\"150\" srcset=\"https:\/\/i0.wp.com\/www.jojoenherbe.com\/wp-content\/uploads\/2020\/03\/Premiers-printemps-3-scaled.jpg?resize=150%2C150 150w, https:\/\/i0.wp.com\/www.jojoenherbe.com\/wp-content\/uploads\/2020\/03\/Premiers-printemps-3-scaled.jpg?zoom=2&amp;resize=150%2C150 300w, https:\/\/i0.wp.com\/www.jojoenherbe.com\/wp-content\/uploads\/2020\/03\/Premiers-printemps-3-scaled.jpg?zoom=3&amp;resize=150%2C150 450w\" sizes=\"auto, (max-width: 150px) 100vw, 150px\" \/><\/a>Nous avions emprunt\u00e9, il y a d\u00e9j\u00e0 plusieurs mois, <span style=\"text-decoration: underline;\">Premiers printemps<\/span> d&rsquo;Anne Crausaz (\u00e9d. MeMo, 2010), un album jeunesse \u00e0 partir de 3 ans mais que je n&rsquo;avais pas encore pris le temps de chroniquer. Nous suivons une petite fille sur une ann\u00e9e, d&rsquo;un printemps \u00e0 un autre qui d\u00e9couvre les saisons \u00e0 travers ses cinq sens. <\/em><\/p>\n<p style=\"text-align: justify;\"><em>Le tout-petit lecteur peut facilement s&rsquo;identifier \u00e0 cette petite fille dans ses d\u00e9couvertes sensorielles: sentir les odeurs du potager, entendre les merles chanter au printemps ou l&rsquo;orage d&rsquo;une pluie d&rsquo;\u00e9t\u00e9, go\u00fbter des cerises ou les m\u00fbres en automne&#8230; Les illustrations color\u00e9es et \u00e9pur\u00e9es apportent une touche de douceur \u00e0 cet \u00e9veil des sens, v\u00e9ritable ode de la Nature. En effet, le temps passe mais permet, \u00e0 chaque fois, de d\u00e9couvrir ou de red\u00e9couvrir les petits plaisirs simples de la Nature. Un tr\u00e8s bon moment de lecture qui nous permet \u00e9galement de revoir <a href=\"http:\/\/www.jojoenherbe.com\/index.php\/2019\/09\/11\/au-fil-des-pages-avec-raymond-lescargot\/\">Raymond l&rsquo;escargot<\/a>! <\/em><\/p>\n<div style=\"width: 158px\" class=\"wp-caption aligncenter\"><img data-recalc-dims=\"1\" loading=\"lazy\" decoding=\"async\" src=\"https:\/\/i0.wp.com\/delivrer-des-livres.fr\/wp-content\/uploads\/2019\/05\/logoalbums2019.png?resize=148%2C148\" alt=\"\" width=\"148\" height=\"148\" \/><p class=\"wp-caption-text\">Participation #171 <a href=\"http:\/\/delivrer-des-livres.fr\/challenge-albums-2019\/\">Je lis aussi des albums<\/a><\/p><\/div>\n","protected":false},"excerpt":{"rendered":"<p>Nous avions emprunt\u00e9, il y a d\u00e9j\u00e0 plusieurs mois, Premiers printemps d&rsquo;Anne Crausaz (\u00e9d. MeMo, 2010), un album jeunesse \u00e0 partir de 3 ans mais que je n&rsquo;avais pas encore pris le temps de chroniquer. Nous suivons une petite fille sur une ann\u00e9e, d&rsquo;un printemps \u00e0 un autre qui d\u00e9couvre les saisons \u00e0 travers ses [&hellip;]<\/p>\n","protected":false},"author":1,"featured_media":10575,"comment_status":"open","ping_status":"open","sticky":false,"template":"","format":"standard","meta":{"jetpack_post_was_ever_published":false,"_jetpack_newsletter_access":"","_jetpack_dont_email_post_to_subs":false,"_jetpack_newsletter_tier_id":0,"_jetpack_memberships_contains_paywalled_content":false,"_jetpack_memberships_contains_paid_content":false,"footnotes":""},"categories":[363],"tags":[785,409,1398,1400,1350,367,1022,543,1258,956,207,373,376],"class_list":["post-10569","post","type-post","status-publish","format-standard","has-post-thumbnail","hentry","category-mini-lecteur","tag-3-6-ans","tag-albums-jeunesse","tag-anne-crausaz","tag-cinq-sens","tag-je-lis-aussi-des-albums-2019","tag-lecture-jeunesse","tag-lectures-de-printemps","tag-nature","tag-petite-enfance","tag-petite-fille","tag-printemps","tag-saisons","tag-temps","post-preview"],"jetpack_featured_media_url":"https:\/\/i0.wp.com\/www.jojoenherbe.com\/wp-content\/uploads\/2020\/03\/Premiers-printemps-scaled.jpg?fit=2560%2C1888","jetpack_sharing_enabled":true,"jetpack_shortlink":"https:\/\/wp.me\/p9zhGx-2Kt","jetpack_likes_enabled":true,"jetpack-related-posts":[{"id":7374,"url":"http:\/\/www.jojoenherbe.com\/index.php\/2019\/09\/11\/au-fil-des-pages-avec-raymond-lescargot\/","url_meta":{"origin":10569,"position":0},"title":"Au fil des pages avec Raymond l&rsquo;escargot","author":"Jojo","date":"11 septembre 2019","format":false,"excerpt":"Apr\u00e8s C'est l'histoire, nous empruntons \u00e0 la biblioth\u00e8que deux autres albums jeunesse d'Anne Crausaz dont le personnage principal est un escargot appel\u00e9 Raymond. Nous lisons d'abord Raymond r\u00eave (\u00e9d. MeMo, 2007), un album jeunesse \u00e0 partir de 3 ans et qui a re\u00e7u le Prix Sorci\u00e8res en 2009 dans la\u2026","rel":"","context":"Dans &quot;Mini lecteur&quot;","block_context":{"text":"Mini lecteur","link":"http:\/\/www.jojoenherbe.com\/index.php\/category\/mini-lecteur\/"},"img":{"alt_text":"","src":"https:\/\/i0.wp.com\/www.jojoenherbe.com\/wp-content\/uploads\/2019\/09\/Raymond-lescargot.jpg?fit=1200%2C558&resize=350%2C200","width":350,"height":200,"srcset":"https:\/\/i0.wp.com\/www.jojoenherbe.com\/wp-content\/uploads\/2019\/09\/Raymond-lescargot.jpg?fit=1200%2C558&resize=350%2C200 1x, https:\/\/i0.wp.com\/www.jojoenherbe.com\/wp-content\/uploads\/2019\/09\/Raymond-lescargot.jpg?fit=1200%2C558&resize=525%2C300 1.5x, https:\/\/i0.wp.com\/www.jojoenherbe.com\/wp-content\/uploads\/2019\/09\/Raymond-lescargot.jpg?fit=1200%2C558&resize=700%2C400 2x, https:\/\/i0.wp.com\/www.jojoenherbe.com\/wp-content\/uploads\/2019\/09\/Raymond-lescargot.jpg?fit=1200%2C558&resize=1050%2C600 3x"},"classes":[]},{"id":11484,"url":"http:\/\/www.jojoenherbe.com\/index.php\/2020\/07\/08\/au-fil-des-pages-avec-viens-rejoins-nous\/","url_meta":{"origin":10569,"position":1},"title":"Au fil des pages avec Viens, rejoins-nous!","author":"Jojo","date":"8 juillet 2020","format":false,"excerpt":"Nous empruntons \u00e0 la m\u00e9diath\u00e8que Viens, rejoins-nous! de Chiaki Okada et Kimiko Aman (\u00e9d. Seuil Jeunesse, 2018), un album jeunesse \u00e0 partir de 3 ans. Un jour de printemps, Petit Ours d\u00e9couvre une corde \u00e0 sauter. Il tente de l'utiliser, sous les encouragements discrets de Marie cach\u00e9e derri\u00e8re un arbre.\u2026","rel":"","context":"Dans &quot;Mini lecteur&quot;","block_context":{"text":"Mini lecteur","link":"http:\/\/www.jojoenherbe.com\/index.php\/category\/mini-lecteur\/"},"img":{"alt_text":"","src":"https:\/\/i0.wp.com\/www.jojoenherbe.com\/wp-content\/uploads\/2020\/07\/Viens-rejoins-nous-scaled.jpg?fit=1200%2C900&resize=350%2C200","width":350,"height":200,"srcset":"https:\/\/i0.wp.com\/www.jojoenherbe.com\/wp-content\/uploads\/2020\/07\/Viens-rejoins-nous-scaled.jpg?fit=1200%2C900&resize=350%2C200 1x, https:\/\/i0.wp.com\/www.jojoenherbe.com\/wp-content\/uploads\/2020\/07\/Viens-rejoins-nous-scaled.jpg?fit=1200%2C900&resize=525%2C300 1.5x, https:\/\/i0.wp.com\/www.jojoenherbe.com\/wp-content\/uploads\/2020\/07\/Viens-rejoins-nous-scaled.jpg?fit=1200%2C900&resize=700%2C400 2x, https:\/\/i0.wp.com\/www.jojoenherbe.com\/wp-content\/uploads\/2020\/07\/Viens-rejoins-nous-scaled.jpg?fit=1200%2C900&resize=1050%2C600 3x"},"classes":[]},{"id":10850,"url":"http:\/\/www.jojoenherbe.com\/index.php\/2020\/04\/25\/au-fil-des-pages-avec-allons-chercher-le-printemps\/","url_meta":{"origin":10569,"position":2},"title":"Au fil des pages avec Allons chercher le printemps","author":"Jojo","date":"25 avril 2020","format":false,"excerpt":"Nous lisons et relisons Allons chercher le printemps de Laura Hedon (\u00e9d. \u00a0Circonflexe, 2020), un album jeunesse \u00e0 partir de 3 ans. En ce premier jour du printemps, les animaux de la for\u00eat sont impatients de le voir. Mais la journ\u00e9e passe et aucune trace du printemps. Ils d\u00e9cident de\u2026","rel":"","context":"Dans &quot;Mini lecteur&quot;","block_context":{"text":"Mini lecteur","link":"http:\/\/www.jojoenherbe.com\/index.php\/category\/mini-lecteur\/"},"img":{"alt_text":"","src":"https:\/\/i0.wp.com\/www.jojoenherbe.com\/wp-content\/uploads\/2020\/04\/Allons-chercher-le-printemps-scaled.jpg?fit=1200%2C768&resize=350%2C200","width":350,"height":200,"srcset":"https:\/\/i0.wp.com\/www.jojoenherbe.com\/wp-content\/uploads\/2020\/04\/Allons-chercher-le-printemps-scaled.jpg?fit=1200%2C768&resize=350%2C200 1x, https:\/\/i0.wp.com\/www.jojoenherbe.com\/wp-content\/uploads\/2020\/04\/Allons-chercher-le-printemps-scaled.jpg?fit=1200%2C768&resize=525%2C300 1.5x, https:\/\/i0.wp.com\/www.jojoenherbe.com\/wp-content\/uploads\/2020\/04\/Allons-chercher-le-printemps-scaled.jpg?fit=1200%2C768&resize=700%2C400 2x, https:\/\/i0.wp.com\/www.jojoenherbe.com\/wp-content\/uploads\/2020\/04\/Allons-chercher-le-printemps-scaled.jpg?fit=1200%2C768&resize=1050%2C600 3x"},"classes":[]},{"id":39707,"url":"http:\/\/www.jojoenherbe.com\/index.php\/2025\/06\/12\/throwback-thursday-livresque-titre-en-deux-mots\/","url_meta":{"origin":10569,"position":3},"title":"Throwback Thursday Livresque: Titre en deux mots","author":"Jojo","date":"12 juin 2025","format":false,"excerpt":"Ce jeudi 12 juin 2025, je participe au Throwback Thursday Livresque, un rendez-vous livresque initialement chez Bettie Rose Books et repris depuis par Carole, les liens \u00e9tant \u00e0 d\u00e9poser chez My-Bo0ks. Le principe est de partager chaque jeudi un livre en fonction d\u2019un th\u00e8me donn\u00e9. Cette semaine, le th\u00e8me est\u2026","rel":"","context":"Dans &quot;Mini blogueur&quot;","block_context":{"text":"Mini blogueur","link":"http:\/\/www.jojoenherbe.com\/index.php\/category\/mini-blogueur\/"},"img":{"alt_text":"","src":"https:\/\/i0.wp.com\/www.jojoenherbe.com\/wp-content\/uploads\/2023\/10\/TTL-logo.jpg?resize=350%2C200","width":350,"height":200},"classes":[]},{"id":15203,"url":"http:\/\/www.jojoenherbe.com\/index.php\/2021\/01\/18\/au-fil-des-pages-avec-bon-voyage-petite-goutte\/","url_meta":{"origin":10569,"position":4},"title":"Au fil des pages avec Bon voyage petite goutte","author":"Jojo","date":"18 janvier 2021","format":false,"excerpt":"Nous empruntons \u00e0 la m\u00e9diath\u00e8que Bon voyage petite goutte d'Anne Crausaz (\u00e9d. MeMo, 2010), un album jeunesse \u00e0 partir de 3 ans. Dans un style toujours tr\u00e8s \u00e9pur\u00e9, Anne Crausaz nous raconte l'histoire naturelle d'une petite goutte qui voyage, changeant au fil des saisons d'\u00e9tats tout en d\u00e9couvrant la faune\u2026","rel":"","context":"Dans &quot;Mini lecteur&quot;","block_context":{"text":"Mini lecteur","link":"http:\/\/www.jojoenherbe.com\/index.php\/category\/mini-lecteur\/"},"img":{"alt_text":"","src":"https:\/\/i0.wp.com\/www.jojoenherbe.com\/wp-content\/uploads\/2021\/01\/Bon-voyage-petite-goutte-scaled.jpg?fit=1200%2C863&resize=350%2C200","width":350,"height":200,"srcset":"https:\/\/i0.wp.com\/www.jojoenherbe.com\/wp-content\/uploads\/2021\/01\/Bon-voyage-petite-goutte-scaled.jpg?fit=1200%2C863&resize=350%2C200 1x, https:\/\/i0.wp.com\/www.jojoenherbe.com\/wp-content\/uploads\/2021\/01\/Bon-voyage-petite-goutte-scaled.jpg?fit=1200%2C863&resize=525%2C300 1.5x, https:\/\/i0.wp.com\/www.jojoenherbe.com\/wp-content\/uploads\/2021\/01\/Bon-voyage-petite-goutte-scaled.jpg?fit=1200%2C863&resize=700%2C400 2x, https:\/\/i0.wp.com\/www.jojoenherbe.com\/wp-content\/uploads\/2021\/01\/Bon-voyage-petite-goutte-scaled.jpg?fit=1200%2C863&resize=1050%2C600 3x"},"classes":[]},{"id":6725,"url":"http:\/\/www.jojoenherbe.com\/index.php\/2019\/03\/10\/au-fil-des-pages-avec-cest-toi-le-printemps\/","url_meta":{"origin":10569,"position":5},"title":"Au fil des pages avec C&rsquo;est toi le printemps?","author":"Jojo","date":"10 mars 2019","format":false,"excerpt":"Nous empruntons \u00e0 la m\u00e9diath\u00e8que C'est toi le printemps? de Chiaki et Ko Okada (\u00e9d. Seuil Jeunesse, 2014), un album jeunesse \u00e0 partir de 3 ans. Nous suivons Petit Lapin, un lapereau qui d\u00e9couvre son premier printemps \u00e0 la sortie de l'hiver. Aussi impatient que curieux, il se d\u00e9sesp\u00e8re de\u2026","rel":"","context":"Dans &quot;Mini lecteur&quot;","block_context":{"text":"Mini lecteur","link":"http:\/\/www.jojoenherbe.com\/index.php\/category\/mini-lecteur\/"},"img":{"alt_text":"","src":"https:\/\/i0.wp.com\/www.jojoenherbe.com\/wp-content\/uploads\/2019\/03\/Cest-toi-le-printemps-scaled.jpg?fit=1200%2C900&resize=350%2C200","width":350,"height":200,"srcset":"https:\/\/i0.wp.com\/www.jojoenherbe.com\/wp-content\/uploads\/2019\/03\/Cest-toi-le-printemps-scaled.jpg?fit=1200%2C900&resize=350%2C200 1x, https:\/\/i0.wp.com\/www.jojoenherbe.com\/wp-content\/uploads\/2019\/03\/Cest-toi-le-printemps-scaled.jpg?fit=1200%2C900&resize=525%2C300 1.5x, https:\/\/i0.wp.com\/www.jojoenherbe.com\/wp-content\/uploads\/2019\/03\/Cest-toi-le-printemps-scaled.jpg?fit=1200%2C900&resize=700%2C400 2x, https:\/\/i0.wp.com\/www.jojoenherbe.com\/wp-content\/uploads\/2019\/03\/Cest-toi-le-printemps-scaled.jpg?fit=1200%2C900&resize=1050%2C600 3x"},"classes":[]}],"_links":{"self":[{"href":"http:\/\/www.jojoenherbe.com\/index.php\/wp-json\/wp\/v2\/posts\/10569","targetHints":{"allow":["GET"]}}],"collection":[{"href":"http:\/\/www.jojoenherbe.com\/index.php\/wp-json\/wp\/v2\/posts"}],"about":[{"href":"http:\/\/www.jojoenherbe.com\/index.php\/wp-json\/wp\/v2\/types\/post"}],"author":[{"embeddable":true,"href":"http:\/\/www.jojoenherbe.com\/index.php\/wp-json\/wp\/v2\/users\/1"}],"replies":[{"embeddable":true,"href":"http:\/\/www.jojoenherbe.com\/index.php\/wp-json\/wp\/v2\/comments?post=10569"}],"version-history":[{"count":0,"href":"http:\/\/www.jojoenherbe.com\/index.php\/wp-json\/wp\/v2\/posts\/10569\/revisions"}],"wp:featuredmedia":[{"embeddable":true,"href":"http:\/\/www.jojoenherbe.com\/index.php\/wp-json\/wp\/v2\/media\/10575"}],"wp:attachment":[{"href":"http:\/\/www.jojoenherbe.com\/index.php\/wp-json\/wp\/v2\/media?parent=10569"}],"wp:term":[{"taxonomy":"category","embeddable":true,"href":"http:\/\/www.jojoenherbe.com\/index.php\/wp-json\/wp\/v2\/categories?post=10569"},{"taxonomy":"post_tag","embeddable":true,"href":"http:\/\/www.jojoenherbe.com\/index.php\/wp-json\/wp\/v2\/tags?post=10569"}],"curies":[{"name":"wp","href":"https:\/\/api.w.org\/{rel}","templated":true}]}}