{"id":10561,"date":"2020-03-31T22:34:24","date_gmt":"2020-03-31T20:34:24","guid":{"rendered":"http:\/\/www.jojoenherbe.com\/?p=10561"},"modified":"2020-04-10T15:28:14","modified_gmt":"2020-04-10T13:28:14","slug":"au-fil-des-pages-avec-une-fois-encore","status":"publish","type":"post","link":"http:\/\/www.jojoenherbe.com\/index.php\/2020\/03\/31\/au-fil-des-pages-avec-une-fois-encore\/","title":{"rendered":"Au fil des pages avec Une fois encore"},"content":{"rendered":"<p style=\"text-align: justify;\"><em><a href=\"https:\/\/i0.wp.com\/www.jojoenherbe.com\/wp-content\/uploads\/2020\/03\/Une-fois-encore-3-scaled.jpg\"><img data-recalc-dims=\"1\" loading=\"lazy\" decoding=\"async\" data-attachment-id=\"10608\" data-permalink=\"http:\/\/www.jojoenherbe.com\/index.php\/2020\/03\/31\/au-fil-des-pages-avec-une-fois-encore\/une-fois-encore-3\/\" data-orig-file=\"https:\/\/i0.wp.com\/www.jojoenherbe.com\/wp-content\/uploads\/2020\/03\/Une-fois-encore-3-scaled.jpg?fit=2560%2C1574\" data-orig-size=\"2560,1574\" data-comments-opened=\"1\" data-image-meta=\"{&quot;aperture&quot;:&quot;2.4&quot;,&quot;credit&quot;:&quot;&quot;,&quot;camera&quot;:&quot;iPhone 4S&quot;,&quot;caption&quot;:&quot;&quot;,&quot;created_timestamp&quot;:&quot;1585401957&quot;,&quot;copyright&quot;:&quot;&quot;,&quot;focal_length&quot;:&quot;4.28&quot;,&quot;iso&quot;:&quot;125&quot;,&quot;shutter_speed&quot;:&quot;0.05&quot;,&quot;title&quot;:&quot;&quot;,&quot;orientation&quot;:&quot;1&quot;}\" data-image-title=\"Une fois encore! 3\" data-image-description=\"\" data-image-caption=\"\" data-large-file=\"https:\/\/i0.wp.com\/www.jojoenherbe.com\/wp-content\/uploads\/2020\/03\/Une-fois-encore-3-scaled.jpg?fit=676%2C416\" class=\"alignleft wp-image-10608 size-thumbnail\" src=\"https:\/\/i0.wp.com\/www.jojoenherbe.com\/wp-content\/uploads\/2020\/03\/Une-fois-encore-3.jpg?resize=150%2C150\" alt=\"\" width=\"150\" height=\"150\" srcset=\"https:\/\/i0.wp.com\/www.jojoenherbe.com\/wp-content\/uploads\/2020\/03\/Une-fois-encore-3-scaled.jpg?resize=150%2C150 150w, https:\/\/i0.wp.com\/www.jojoenherbe.com\/wp-content\/uploads\/2020\/03\/Une-fois-encore-3-scaled.jpg?zoom=2&amp;resize=150%2C150 300w, https:\/\/i0.wp.com\/www.jojoenherbe.com\/wp-content\/uploads\/2020\/03\/Une-fois-encore-3-scaled.jpg?zoom=3&amp;resize=150%2C150 450w\" sizes=\"auto, (max-width: 150px) 100vw, 150px\" \/><\/a> <a href=\"https:\/\/i0.wp.com\/www.jojoenherbe.com\/wp-content\/uploads\/2020\/03\/Une-fois-encore-4-scaled.jpg\"><img data-recalc-dims=\"1\" loading=\"lazy\" decoding=\"async\" data-attachment-id=\"10609\" data-permalink=\"http:\/\/www.jojoenherbe.com\/index.php\/2020\/03\/31\/au-fil-des-pages-avec-une-fois-encore\/une-fois-encore-4\/\" data-orig-file=\"https:\/\/i0.wp.com\/www.jojoenherbe.com\/wp-content\/uploads\/2020\/03\/Une-fois-encore-4-scaled.jpg?fit=2560%2C1920\" data-orig-size=\"2560,1920\" data-comments-opened=\"1\" data-image-meta=\"{&quot;aperture&quot;:&quot;2.4&quot;,&quot;credit&quot;:&quot;&quot;,&quot;camera&quot;:&quot;iPhone 4S&quot;,&quot;caption&quot;:&quot;&quot;,&quot;created_timestamp&quot;:&quot;1585402016&quot;,&quot;copyright&quot;:&quot;&quot;,&quot;focal_length&quot;:&quot;4.28&quot;,&quot;iso&quot;:&quot;100&quot;,&quot;shutter_speed&quot;:&quot;0.05&quot;,&quot;title&quot;:&quot;&quot;,&quot;orientation&quot;:&quot;1&quot;}\" data-image-title=\"Une fois encore! 4\" data-image-description=\"\" data-image-caption=\"\" data-large-file=\"https:\/\/i0.wp.com\/www.jojoenherbe.com\/wp-content\/uploads\/2020\/03\/Une-fois-encore-4-scaled.jpg?fit=676%2C507\" class=\"alignleft wp-image-10609 size-thumbnail\" src=\"https:\/\/i0.wp.com\/www.jojoenherbe.com\/wp-content\/uploads\/2020\/03\/Une-fois-encore-4.jpg?resize=150%2C150\" alt=\"\" width=\"150\" height=\"150\" srcset=\"https:\/\/i0.wp.com\/www.jojoenherbe.com\/wp-content\/uploads\/2020\/03\/Une-fois-encore-4-scaled.jpg?resize=150%2C150 150w, https:\/\/i0.wp.com\/www.jojoenherbe.com\/wp-content\/uploads\/2020\/03\/Une-fois-encore-4-scaled.jpg?zoom=2&amp;resize=150%2C150 300w, https:\/\/i0.wp.com\/www.jojoenherbe.com\/wp-content\/uploads\/2020\/03\/Une-fois-encore-4-scaled.jpg?zoom=3&amp;resize=150%2C150 450w\" sizes=\"auto, (max-width: 150px) 100vw, 150px\" \/><\/a>Nous empruntons \u00e0 la m\u00e9diath\u00e8que <span style=\"text-decoration: underline;\">Une fois encore<\/span> <\/em><span class=\"\"><em>d&rsquo;Emily Gravett (\u00e9d. Kal\u00e9idoscope, 2011), un album jeunesse avec des d\u00e9coupes \u00e0 partir de 3 ans. <\/em><em>C&rsquo;est l&rsquo;heure du coucher et un petit dragon demande encore et encore \u00e0 lire la m\u00eame histoire, celle de C\u00e9dric, un dragon rouge de col\u00e8re qui ne veut pas dormir et qui tyrannise trolls et princesse. Il ne se lasse pas d&rsquo;\u00e9couter l&rsquo;histoire alors que son p\u00e8re (ou sa m\u00e8re?) est de plus en plus fatigu\u00e9 et \u00e9courte &#8211; chamboule &#8211; \u00e0 chaque relecture l&rsquo;histoire. La col\u00e8re du petit dragon ne peut qu&rsquo;\u00e9clater.<br \/>\n<\/em><\/span><\/p>\n<p style=\"text-align: justify;\"><span class=\"\"><em><a href=\"https:\/\/i0.wp.com\/www.jojoenherbe.com\/wp-content\/uploads\/2020\/03\/Une-fois-encore-2-scaled.jpg\"><img data-recalc-dims=\"1\" loading=\"lazy\" decoding=\"async\" data-attachment-id=\"10607\" data-permalink=\"http:\/\/www.jojoenherbe.com\/index.php\/2020\/03\/31\/au-fil-des-pages-avec-une-fois-encore\/une-fois-encore-2\/\" data-orig-file=\"https:\/\/i0.wp.com\/www.jojoenherbe.com\/wp-content\/uploads\/2020\/03\/Une-fois-encore-2-scaled.jpg?fit=2560%2C1572\" data-orig-size=\"2560,1572\" data-comments-opened=\"1\" data-image-meta=\"{&quot;aperture&quot;:&quot;2.4&quot;,&quot;credit&quot;:&quot;&quot;,&quot;camera&quot;:&quot;iPhone 4S&quot;,&quot;caption&quot;:&quot;&quot;,&quot;created_timestamp&quot;:&quot;1585401927&quot;,&quot;copyright&quot;:&quot;&quot;,&quot;focal_length&quot;:&quot;4.28&quot;,&quot;iso&quot;:&quot;125&quot;,&quot;shutter_speed&quot;:&quot;0.05&quot;,&quot;title&quot;:&quot;&quot;,&quot;orientation&quot;:&quot;1&quot;}\" data-image-title=\"Une fois encore! 2\" data-image-description=\"\" data-image-caption=\"\" data-large-file=\"https:\/\/i0.wp.com\/www.jojoenherbe.com\/wp-content\/uploads\/2020\/03\/Une-fois-encore-2-scaled.jpg?fit=676%2C415\" class=\"alignright wp-image-10607 size-thumbnail\" src=\"https:\/\/i0.wp.com\/www.jojoenherbe.com\/wp-content\/uploads\/2020\/03\/Une-fois-encore-2.jpg?resize=150%2C150\" alt=\"\" width=\"150\" height=\"150\" srcset=\"https:\/\/i0.wp.com\/www.jojoenherbe.com\/wp-content\/uploads\/2020\/03\/Une-fois-encore-2-scaled.jpg?resize=150%2C150 150w, https:\/\/i0.wp.com\/www.jojoenherbe.com\/wp-content\/uploads\/2020\/03\/Une-fois-encore-2-scaled.jpg?zoom=2&amp;resize=150%2C150 300w, https:\/\/i0.wp.com\/www.jojoenherbe.com\/wp-content\/uploads\/2020\/03\/Une-fois-encore-2-scaled.jpg?zoom=3&amp;resize=150%2C150 450w\" sizes=\"auto, (max-width: 150px) 100vw, 150px\" \/><\/a>Comme toujours chez Emily Gravett, les illustrations sont color\u00e9es, expressives, malicieuses et participent pleinement \u00e0 la mise en ab\u00eeme du moment de la lecture. <\/em><\/span><span class=\"\"><em> De l\u00e0 \u00e0 ce que le jeune lecteur crache des flammes comme le petit dragon de l&rsquo;histoire? En effet, avec beaucoup d&rsquo;humour, l&rsquo;autrice aborde la frustration chez les tout-petits et la difficile ma\u00eetrise des \u00e9motions qui peut d\u00e9clencher col\u00e8re et temp\u00eate \u00e9motionnelle. Elle d\u00e9crit \u00e0 merveille la mont\u00e9e de la col\u00e8re du petit dragon en cr\u00e9ant m\u00eame des trous dans le livre par exemple. <\/em><em>Encore un coup de c\u0153ur pour ce livre participatif aux tr\u00e8s jolies pages de garde et qui se lit jusqu&rsquo;\u00e0 la quatri\u00e8me de couverture!<\/em> <\/span><\/p>\n<div style=\"width: 158px\" class=\"wp-caption alignleft\"><img data-recalc-dims=\"1\" loading=\"lazy\" decoding=\"async\" src=\"https:\/\/i0.wp.com\/delivrer-des-livres.fr\/wp-content\/uploads\/2019\/05\/logoalbums2019.png?resize=148%2C148\" alt=\"\" width=\"148\" height=\"148\"><p class=\"wp-caption-text\">Participation #172 <a href=\"http:\/\/delivrer-des-livres.fr\/challenge-albums-2019\/\">Je lis aussi des albums<\/a><\/p><\/div>\n<div id=\"attachment_10219\" style=\"width: 138px\" class=\"wp-caption alignleft\"><img data-recalc-dims=\"1\" loading=\"lazy\" decoding=\"async\" aria-describedby=\"caption-attachment-10219\" data-attachment-id=\"10219\" data-permalink=\"http:\/\/www.jojoenherbe.com\/index.php\/2020\/03\/02\/au-fil-des-pages-avec-lievre-et-ours-sous-la-neige\/lievre-et-ours-sous-la-neige\/\" data-orig-file=\"https:\/\/i0.wp.com\/www.jojoenherbe.com\/wp-content\/uploads\/2020\/03\/Li%C3%A8vre-et-Ours-sous-la-neige-scaled.jpg?fit=2560%2C1892\" data-orig-size=\"2560,1892\" data-comments-opened=\"1\" data-image-meta=\"{&quot;aperture&quot;:&quot;2.4&quot;,&quot;credit&quot;:&quot;&quot;,&quot;camera&quot;:&quot;iPhone 4S&quot;,&quot;caption&quot;:&quot;&quot;,&quot;created_timestamp&quot;:&quot;1583147305&quot;,&quot;copyright&quot;:&quot;&quot;,&quot;focal_length&quot;:&quot;4.28&quot;,&quot;iso&quot;:&quot;640&quot;,&quot;shutter_speed&quot;:&quot;0.066666666666667&quot;,&quot;title&quot;:&quot;&quot;,&quot;orientation&quot;:&quot;1&quot;}\" data-image-title=\"Li\u00e8vre et Ours, sous la neige\" data-image-description=\"\" data-image-caption=\"\" data-large-file=\"https:\/\/i0.wp.com\/www.jojoenherbe.com\/wp-content\/uploads\/2020\/03\/Li%C3%A8vre-et-Ours-sous-la-neige-scaled.jpg?fit=676%2C500\" class=\"wp-image-10219\" src=\"https:\/\/i0.wp.com\/mapetitemediatheque.fr\/wp-content\/uploads\/2018\/11\/challenge-contes-et-l%C3%A9gendes.jpg?resize=128%2C160\" sizes=\"auto, (max-width: 343px) 100vw, 343px\" srcset=\"http:\/\/mapetitemediatheque.fr\/wp-content\/uploads\/2018\/11\/challenge-contes-et-l\u00e9gendes.jpg 343w, http:\/\/mapetitemediatheque.fr\/wp-content\/uploads\/2018\/11\/challenge-contes-et-l\u00e9gendes-239x300.jpg 239w\" alt=\"\" width=\"128\" height=\"160\"><p id=\"caption-attachment-10219\" class=\"wp-caption-text\">Participation #17 Contes &amp; L\u00e9gendes 2020 de <a href=\"http:\/\/mapetitemediatheque.fr\/2020\/01\/challenge-contes-et-legendes-2020\/\">Bidib<\/a><\/p><\/div>\n","protected":false},"excerpt":{"rendered":"<p>Nous empruntons \u00e0 la m\u00e9diath\u00e8que Une fois encore d&rsquo;Emily Gravett (\u00e9d. Kal\u00e9idoscope, 2011), un album jeunesse avec des d\u00e9coupes \u00e0 partir de 3 ans. C&rsquo;est l&rsquo;heure du coucher et un petit dragon demande encore et encore \u00e0 lire la m\u00eame histoire, celle de C\u00e9dric, un dragon rouge de col\u00e8re qui ne veut pas dormir et [&hellip;]<\/p>\n","protected":false},"author":1,"featured_media":10610,"comment_status":"open","ping_status":"open","sticky":false,"template":"","format":"standard","meta":{"jetpack_post_was_ever_published":false,"_jetpack_newsletter_access":"","_jetpack_dont_email_post_to_subs":false,"_jetpack_newsletter_tier_id":0,"_jetpack_memberships_contains_paywalled_content":false,"_jetpack_memberships_contains_paid_content":false,"footnotes":""},"categories":[363],"tags":[785,409,1365,1039,464,1000,1157,538,1350,367,1323,1258,885,1409,405,797,774],"class_list":["post-10561","post","type-post","status-publish","format-standard","has-post-thumbnail","hentry","category-mini-lecteur","tag-3-6-ans","tag-albums-jeunesse","tag-challenge-contes-et-legendes-2020","tag-colere","tag-dragon","tag-emily-gravett","tag-histoire-du-soir","tag-humour","tag-je-lis-aussi-des-albums-2019","tag-lecture-jeunesse","tag-livre-participatif","tag-petite-enfance","tag-princesse","tag-relation-parent-enfant","tag-rituels-du-soir","tag-sommeil","tag-trolls","post-preview"],"jetpack_featured_media_url":"https:\/\/i0.wp.com\/www.jojoenherbe.com\/wp-content\/uploads\/2020\/03\/Une-fois-encore-scaled.jpg?fit=2560%2C1920","jetpack_sharing_enabled":true,"jetpack_shortlink":"https:\/\/wp.me\/p9zhGx-2Kl","jetpack_likes_enabled":true,"jetpack-related-posts":[{"id":9934,"url":"http:\/\/www.jojoenherbe.com\/index.php\/2020\/02\/07\/au-fil-des-pages-avec-lievre-et-ours-cest-a-moi\/","url_meta":{"origin":10561,"position":0},"title":"Au fil des pages avec Li\u00e8vre et Ours, c&rsquo;est \u00e0 moi!","author":"Jojo","date":"7 f\u00e9vrier 2020","format":false,"excerpt":"Nous empruntons \u00e0 la m\u00e9diath\u00e8que une nouvelle histoire de Li\u00e8vre et Ours, c'est \u00e0 moi! d'Emily Gravett (\u00e9d. Kal\u00e9idoscope, l'\u00e9cole des loisirs, 2016), un album jeunesse \u00e0 partir de 2\/3 ans. C'est encore une chouette et dr\u00f4le histoire concoct\u00e9e avec malice par Emily Gravett, une autrice que nous appr\u00e9cions beaucoup.\u2026","rel":"","context":"Dans &quot;Mini lecteur&quot;","block_context":{"text":"Mini lecteur","link":"http:\/\/www.jojoenherbe.com\/index.php\/category\/mini-lecteur\/"},"img":{"alt_text":"","src":"https:\/\/i0.wp.com\/www.jojoenherbe.com\/wp-content\/uploads\/2020\/02\/Li%C3%A8vre-et-Ours-cest-%C3%A0-moi-scaled.jpg?fit=1200%2C888&resize=350%2C200","width":350,"height":200,"srcset":"https:\/\/i0.wp.com\/www.jojoenherbe.com\/wp-content\/uploads\/2020\/02\/Li%C3%A8vre-et-Ours-cest-%C3%A0-moi-scaled.jpg?fit=1200%2C888&resize=350%2C200 1x, https:\/\/i0.wp.com\/www.jojoenherbe.com\/wp-content\/uploads\/2020\/02\/Li%C3%A8vre-et-Ours-cest-%C3%A0-moi-scaled.jpg?fit=1200%2C888&resize=525%2C300 1.5x, https:\/\/i0.wp.com\/www.jojoenherbe.com\/wp-content\/uploads\/2020\/02\/Li%C3%A8vre-et-Ours-cest-%C3%A0-moi-scaled.jpg?fit=1200%2C888&resize=700%2C400 2x, https:\/\/i0.wp.com\/www.jojoenherbe.com\/wp-content\/uploads\/2020\/02\/Li%C3%A8vre-et-Ours-cest-%C3%A0-moi-scaled.jpg?fit=1200%2C888&resize=1050%2C600 3x"},"classes":[]},{"id":10214,"url":"http:\/\/www.jojoenherbe.com\/index.php\/2020\/03\/02\/au-fil-des-pages-avec-lievre-et-ours-sous-la-neige\/","url_meta":{"origin":10561,"position":1},"title":"Au fil des pages avec Li\u00e8vre et Ours, sous la neige","author":"Jojo","date":"2 mars 2020","format":false,"excerpt":"Nous empruntons \u00e0 la m\u00e9diath\u00e8que une nouvelle histoire de Li\u00e8vre et Ours, sous la neige d'Emily Gravett (\u00e9d. Kal\u00e9idoscope, 2015), un album jeunesse \u00e0 partir de 2\/3 ans et qui vient compl\u00e9ter nos lectures hivernales. Cette fois-ci, Li\u00e8vre et Ours s'amusent dans la neige. Li\u00e8vre s'amuse comme un fou alors\u2026","rel":"","context":"Dans &quot;Mini lecteur&quot;","block_context":{"text":"Mini lecteur","link":"http:\/\/www.jojoenherbe.com\/index.php\/category\/mini-lecteur\/"},"img":{"alt_text":"","src":"https:\/\/i0.wp.com\/www.jojoenherbe.com\/wp-content\/uploads\/2020\/03\/Li%C3%A8vre-et-Ours-sous-la-neige-scaled.jpg?fit=1200%2C887&resize=350%2C200","width":350,"height":200,"srcset":"https:\/\/i0.wp.com\/www.jojoenherbe.com\/wp-content\/uploads\/2020\/03\/Li%C3%A8vre-et-Ours-sous-la-neige-scaled.jpg?fit=1200%2C887&resize=350%2C200 1x, https:\/\/i0.wp.com\/www.jojoenherbe.com\/wp-content\/uploads\/2020\/03\/Li%C3%A8vre-et-Ours-sous-la-neige-scaled.jpg?fit=1200%2C887&resize=525%2C300 1.5x, https:\/\/i0.wp.com\/www.jojoenherbe.com\/wp-content\/uploads\/2020\/03\/Li%C3%A8vre-et-Ours-sous-la-neige-scaled.jpg?fit=1200%2C887&resize=700%2C400 2x, https:\/\/i0.wp.com\/www.jojoenherbe.com\/wp-content\/uploads\/2020\/03\/Li%C3%A8vre-et-Ours-sous-la-neige-scaled.jpg?fit=1200%2C887&resize=1050%2C600 3x"},"classes":[]},{"id":13259,"url":"http:\/\/www.jojoenherbe.com\/index.php\/2020\/10\/24\/au-fil-des-pages-avec-il-ny-a-pas-de-dragon-dans-cette-histoire\/","url_meta":{"origin":10561,"position":2},"title":"Au fil des pages avec Il n&rsquo;y a pas de dragon dans cette histoire","author":"Jojo","date":"24 octobre 2020","format":false,"excerpt":"Nous empruntons \u00e0 la m\u00e9diath\u00e8que Il n'y a pas de dragon dans cette histoire de Lou Carter et Deborah Allwright (\u00e9d. Circonflexe, 2018), un album jeunesse \u00e0 partir de 4 ans et qui a \u00e9t\u00e9 Laur\u00e9at du 31\u00e8me Prix des Incos en 2020 dans la s\u00e9lection CE1.\u00a0 Un dragon en\u2026","rel":"","context":"Dans &quot;Mini lecteur&quot;","block_context":{"text":"Mini lecteur","link":"http:\/\/www.jojoenherbe.com\/index.php\/category\/mini-lecteur\/"},"img":{"alt_text":"","src":"https:\/\/i0.wp.com\/www.jojoenherbe.com\/wp-content\/uploads\/2020\/10\/Il-ny-a-pas-de-dragon-dans-cette-histoire-2-1-scaled.jpg?fit=1200%2C833&resize=350%2C200","width":350,"height":200,"srcset":"https:\/\/i0.wp.com\/www.jojoenherbe.com\/wp-content\/uploads\/2020\/10\/Il-ny-a-pas-de-dragon-dans-cette-histoire-2-1-scaled.jpg?fit=1200%2C833&resize=350%2C200 1x, https:\/\/i0.wp.com\/www.jojoenherbe.com\/wp-content\/uploads\/2020\/10\/Il-ny-a-pas-de-dragon-dans-cette-histoire-2-1-scaled.jpg?fit=1200%2C833&resize=525%2C300 1.5x, https:\/\/i0.wp.com\/www.jojoenherbe.com\/wp-content\/uploads\/2020\/10\/Il-ny-a-pas-de-dragon-dans-cette-histoire-2-1-scaled.jpg?fit=1200%2C833&resize=700%2C400 2x, https:\/\/i0.wp.com\/www.jojoenherbe.com\/wp-content\/uploads\/2020\/10\/Il-ny-a-pas-de-dragon-dans-cette-histoire-2-1-scaled.jpg?fit=1200%2C833&resize=1050%2C600 3x"},"classes":[]},{"id":10456,"url":"http:\/\/www.jojoenherbe.com\/index.php\/2020\/03\/14\/un-second-rat-du-challenge-british-mysteries-2020\/","url_meta":{"origin":10561,"position":3},"title":"Un second RAT du Challenge British Mysteries 2020","author":"Jojo","date":"14 mars 2020","format":false,"excerpt":"Depuis hier, 13 mars 2020 jusqu'\u00e0 dimanche minuit se d\u00e9roule le second RAT du Challenge British Mysteries organis\u00e9 par Hilde et Lou. Pour ce marathon de lectures, j'ai repris dans ma PAL la plupart des livres que j'ai choisi pour le premier RAT. Le 13 mars 2020, nous relisons des\u2026","rel":"","context":"Dans &quot;Mini challenger&quot;","block_context":{"text":"Mini challenger","link":"http:\/\/www.jojoenherbe.com\/index.php\/category\/mini-challenger\/"},"img":{"alt_text":"","src":"https:\/\/i0.wp.com\/www.jojoenherbe.com\/wp-content\/uploads\/2020\/03\/RAT-Challenge-British-Mysteries-1-scaled.jpg?fit=1200%2C852&resize=350%2C200","width":350,"height":200,"srcset":"https:\/\/i0.wp.com\/www.jojoenherbe.com\/wp-content\/uploads\/2020\/03\/RAT-Challenge-British-Mysteries-1-scaled.jpg?fit=1200%2C852&resize=350%2C200 1x, https:\/\/i0.wp.com\/www.jojoenherbe.com\/wp-content\/uploads\/2020\/03\/RAT-Challenge-British-Mysteries-1-scaled.jpg?fit=1200%2C852&resize=525%2C300 1.5x, https:\/\/i0.wp.com\/www.jojoenherbe.com\/wp-content\/uploads\/2020\/03\/RAT-Challenge-British-Mysteries-1-scaled.jpg?fit=1200%2C852&resize=700%2C400 2x, https:\/\/i0.wp.com\/www.jojoenherbe.com\/wp-content\/uploads\/2020\/03\/RAT-Challenge-British-Mysteries-1-scaled.jpg?fit=1200%2C852&resize=1050%2C600 3x"},"classes":[]},{"id":11142,"url":"http:\/\/www.jojoenherbe.com\/index.php\/2020\/06\/05\/au-fil-des-pages-avec-les-loups\/","url_meta":{"origin":10561,"position":4},"title":"Au fil des pages avec Les loups","author":"Jojo","date":"5 juin 2020","format":false,"excerpt":"Nous empruntons \u00e0 la m\u00e9diath\u00e8que Les loups d'Emily Gravett (\u00e9d. Kal\u00e9idoscope, 2005), un album jeunesse \u00e0 partir de 3 ans. D\u00e8s la page de garde, le ton de l'album est donn\u00e9: il s'agit d'un \"conte de tonnerre d'enfer\" : \"Trop de lapins croient ce qu'ils lisent dans les contes. Les\u2026","rel":"","context":"Dans &quot;Mini lecteur&quot;","block_context":{"text":"Mini lecteur","link":"http:\/\/www.jojoenherbe.com\/index.php\/category\/mini-lecteur\/"},"img":{"alt_text":"","src":"https:\/\/i0.wp.com\/www.jojoenherbe.com\/wp-content\/uploads\/2020\/06\/Les-loups-scaled.jpg?fit=1200%2C946&resize=350%2C200","width":350,"height":200,"srcset":"https:\/\/i0.wp.com\/www.jojoenherbe.com\/wp-content\/uploads\/2020\/06\/Les-loups-scaled.jpg?fit=1200%2C946&resize=350%2C200 1x, https:\/\/i0.wp.com\/www.jojoenherbe.com\/wp-content\/uploads\/2020\/06\/Les-loups-scaled.jpg?fit=1200%2C946&resize=525%2C300 1.5x, https:\/\/i0.wp.com\/www.jojoenherbe.com\/wp-content\/uploads\/2020\/06\/Les-loups-scaled.jpg?fit=1200%2C946&resize=700%2C400 2x, https:\/\/i0.wp.com\/www.jojoenherbe.com\/wp-content\/uploads\/2020\/06\/Les-loups-scaled.jpg?fit=1200%2C946&resize=1050%2C600 3x"},"classes":[]},{"id":15654,"url":"http:\/\/www.jojoenherbe.com\/index.php\/2021\/02\/09\/au-fil-des-pages-avec-fergus-est-furieux\/","url_meta":{"origin":10561,"position":5},"title":"Au fil des pages avec Fergus est furieux","author":"Jojo","date":"9 f\u00e9vrier 2021","format":false,"excerpt":"Nous empruntons \u00e0 la m\u00e9diath\u00e8que Fergus est furieux de Robert Starling (\u00e9d. Gallimard Jeunesse, 2018), un album jeunesse \u00e0 partir de 2 ans. Fergus est un petit dragon qui n'arrive pas \u00e0 g\u00e9rer sa col\u00e8re. Quoiqu'il fasse, il s'\u00e9nerve facilement au point de tout d\u00e9truire. Il demande conseil \u00e0 ses\u2026","rel":"","context":"Dans &quot;Mini lecteur&quot;","block_context":{"text":"Mini lecteur","link":"http:\/\/www.jojoenherbe.com\/index.php\/category\/mini-lecteur\/"},"img":{"alt_text":"","src":"https:\/\/i0.wp.com\/www.jojoenherbe.com\/wp-content\/uploads\/2021\/02\/Fergus-est-furieux-scaled.jpg?fit=1200%2C900&resize=350%2C200","width":350,"height":200,"srcset":"https:\/\/i0.wp.com\/www.jojoenherbe.com\/wp-content\/uploads\/2021\/02\/Fergus-est-furieux-scaled.jpg?fit=1200%2C900&resize=350%2C200 1x, https:\/\/i0.wp.com\/www.jojoenherbe.com\/wp-content\/uploads\/2021\/02\/Fergus-est-furieux-scaled.jpg?fit=1200%2C900&resize=525%2C300 1.5x, https:\/\/i0.wp.com\/www.jojoenherbe.com\/wp-content\/uploads\/2021\/02\/Fergus-est-furieux-scaled.jpg?fit=1200%2C900&resize=700%2C400 2x, https:\/\/i0.wp.com\/www.jojoenherbe.com\/wp-content\/uploads\/2021\/02\/Fergus-est-furieux-scaled.jpg?fit=1200%2C900&resize=1050%2C600 3x"},"classes":[]}],"_links":{"self":[{"href":"http:\/\/www.jojoenherbe.com\/index.php\/wp-json\/wp\/v2\/posts\/10561","targetHints":{"allow":["GET"]}}],"collection":[{"href":"http:\/\/www.jojoenherbe.com\/index.php\/wp-json\/wp\/v2\/posts"}],"about":[{"href":"http:\/\/www.jojoenherbe.com\/index.php\/wp-json\/wp\/v2\/types\/post"}],"author":[{"embeddable":true,"href":"http:\/\/www.jojoenherbe.com\/index.php\/wp-json\/wp\/v2\/users\/1"}],"replies":[{"embeddable":true,"href":"http:\/\/www.jojoenherbe.com\/index.php\/wp-json\/wp\/v2\/comments?post=10561"}],"version-history":[{"count":0,"href":"http:\/\/www.jojoenherbe.com\/index.php\/wp-json\/wp\/v2\/posts\/10561\/revisions"}],"wp:featuredmedia":[{"embeddable":true,"href":"http:\/\/www.jojoenherbe.com\/index.php\/wp-json\/wp\/v2\/media\/10610"}],"wp:attachment":[{"href":"http:\/\/www.jojoenherbe.com\/index.php\/wp-json\/wp\/v2\/media?parent=10561"}],"wp:term":[{"taxonomy":"category","embeddable":true,"href":"http:\/\/www.jojoenherbe.com\/index.php\/wp-json\/wp\/v2\/categories?post=10561"},{"taxonomy":"post_tag","embeddable":true,"href":"http:\/\/www.jojoenherbe.com\/index.php\/wp-json\/wp\/v2\/tags?post=10561"}],"curies":[{"name":"wp","href":"https:\/\/api.w.org\/{rel}","templated":true}]}}