{"id":10546,"date":"2020-03-21T14:41:32","date_gmt":"2020-03-21T13:41:32","guid":{"rendered":"http:\/\/www.jojoenherbe.com\/?p=10546"},"modified":"2020-03-21T14:41:32","modified_gmt":"2020-03-21T13:41:32","slug":"semaine-12-du-projet-52-2020-pret-au-depart","status":"publish","type":"post","link":"http:\/\/www.jojoenherbe.com\/index.php\/2020\/03\/21\/semaine-12-du-projet-52-2020-pret-au-depart\/","title":{"rendered":"Semaine 12 du Projet 52-2020: Pr\u00eat au d\u00e9part"},"content":{"rendered":"<p style=\"text-align: justify;\"><em>Pour la semaine 12 du Projet 52-2020 de Du c\u00f4t\u00e9 de chez Ma&rsquo;, le th\u00e8me est \u00ab\u00a0<a href=\"https:\/\/ducotedechezma.wordpress.com\/2020\/03\/21\/projet-52-2020-semaine-12-pret-au-depart\/\">Pr\u00eat au d\u00e9part<\/a>\u00ab\u00a0. En cette premi\u00e8re semaine de confinement, je pioche dans mes archives pour illustrer le th\u00e8me de cette semaine. Pr\u00eat pour un d\u00e9part a\u00e9rien vers la Lune \u00e0 la fa\u00e7on Tintin? Il s&rsquo;agit d&rsquo;une photo prise lors du Festival International de l&rsquo;Air sur la Base Nature de Fr\u00e9jus. <\/em><\/p>\n<p style=\"text-align: justify;\"><em><a href=\"https:\/\/i0.wp.com\/www.jojoenherbe.com\/wp-content\/uploads\/2020\/03\/Festival-de-lAir-Fr%C3%A9jus-5-scaled.jpg\"><img data-recalc-dims=\"1\" loading=\"lazy\" decoding=\"async\" data-attachment-id=\"10551\" data-permalink=\"http:\/\/www.jojoenherbe.com\/index.php\/2020\/03\/21\/semaine-12-du-projet-52-2020-pret-au-depart\/festival-de-lair-frejus-5\/\" data-orig-file=\"https:\/\/i0.wp.com\/www.jojoenherbe.com\/wp-content\/uploads\/2020\/03\/Festival-de-lAir-Fr%C3%A9jus-5-scaled.jpg?fit=2560%2C2451\" data-orig-size=\"2560,2451\" data-comments-opened=\"1\" data-image-meta=\"{&quot;aperture&quot;:&quot;0&quot;,&quot;credit&quot;:&quot;&quot;,&quot;camera&quot;:&quot;&quot;,&quot;caption&quot;:&quot;&quot;,&quot;created_timestamp&quot;:&quot;0&quot;,&quot;copyright&quot;:&quot;&quot;,&quot;focal_length&quot;:&quot;0&quot;,&quot;iso&quot;:&quot;0&quot;,&quot;shutter_speed&quot;:&quot;0&quot;,&quot;title&quot;:&quot;&quot;,&quot;orientation&quot;:&quot;0&quot;}\" data-image-title=\"Festival de l&amp;rsquo;Air &amp;#8211; Fr\u00e9jus 5\" data-image-description=\"\" data-image-caption=\"\" data-large-file=\"https:\/\/i0.wp.com\/www.jojoenherbe.com\/wp-content\/uploads\/2020\/03\/Festival-de-lAir-Fr%C3%A9jus-5-scaled.jpg?fit=676%2C647\" class=\"alignleft size-thumbnail wp-image-10551\" src=\"https:\/\/i0.wp.com\/www.jojoenherbe.com\/wp-content\/uploads\/2020\/03\/Festival-de-lAir-Fr%C3%A9jus-5.jpg?resize=150%2C150\" alt=\"\" width=\"150\" height=\"150\" srcset=\"https:\/\/i0.wp.com\/www.jojoenherbe.com\/wp-content\/uploads\/2020\/03\/Festival-de-lAir-Fr%C3%A9jus-5-scaled.jpg?resize=150%2C150 150w, https:\/\/i0.wp.com\/www.jojoenherbe.com\/wp-content\/uploads\/2020\/03\/Festival-de-lAir-Fr%C3%A9jus-5-scaled.jpg?zoom=2&amp;resize=150%2C150 300w, https:\/\/i0.wp.com\/www.jojoenherbe.com\/wp-content\/uploads\/2020\/03\/Festival-de-lAir-Fr%C3%A9jus-5-scaled.jpg?zoom=3&amp;resize=150%2C150 450w\" sizes=\"auto, (max-width: 150px) 100vw, 150px\" \/><\/a> <a href=\"https:\/\/i0.wp.com\/www.jojoenherbe.com\/wp-content\/uploads\/2020\/03\/Festival-de-lAir-Fr%C3%A9jus-4-scaled.jpg\"><img data-recalc-dims=\"1\" loading=\"lazy\" decoding=\"async\" data-attachment-id=\"10550\" data-permalink=\"http:\/\/www.jojoenherbe.com\/index.php\/2020\/03\/21\/semaine-12-du-projet-52-2020-pret-au-depart\/festival-de-lair-frejus-4\/\" data-orig-file=\"https:\/\/i0.wp.com\/www.jojoenherbe.com\/wp-content\/uploads\/2020\/03\/Festival-de-lAir-Fr%C3%A9jus-4-scaled.jpg?fit=2560%2C2341\" data-orig-size=\"2560,2341\" data-comments-opened=\"1\" data-image-meta=\"{&quot;aperture&quot;:&quot;0&quot;,&quot;credit&quot;:&quot;&quot;,&quot;camera&quot;:&quot;&quot;,&quot;caption&quot;:&quot;&quot;,&quot;created_timestamp&quot;:&quot;0&quot;,&quot;copyright&quot;:&quot;&quot;,&quot;focal_length&quot;:&quot;0&quot;,&quot;iso&quot;:&quot;0&quot;,&quot;shutter_speed&quot;:&quot;0&quot;,&quot;title&quot;:&quot;&quot;,&quot;orientation&quot;:&quot;0&quot;}\" data-image-title=\"Festival de l&amp;rsquo;Air -Fr\u00e9jus 4\" data-image-description=\"\" data-image-caption=\"\" data-large-file=\"https:\/\/i0.wp.com\/www.jojoenherbe.com\/wp-content\/uploads\/2020\/03\/Festival-de-lAir-Fr%C3%A9jus-4-scaled.jpg?fit=676%2C618\" class=\"alignleft size-thumbnail wp-image-10550\" src=\"https:\/\/i0.wp.com\/www.jojoenherbe.com\/wp-content\/uploads\/2020\/03\/Festival-de-lAir-Fr%C3%A9jus-4.jpg?resize=150%2C150\" alt=\"\" width=\"150\" height=\"150\" srcset=\"https:\/\/i0.wp.com\/www.jojoenherbe.com\/wp-content\/uploads\/2020\/03\/Festival-de-lAir-Fr%C3%A9jus-4-scaled.jpg?resize=150%2C150 150w, https:\/\/i0.wp.com\/www.jojoenherbe.com\/wp-content\/uploads\/2020\/03\/Festival-de-lAir-Fr%C3%A9jus-4-scaled.jpg?zoom=2&amp;resize=150%2C150 300w, https:\/\/i0.wp.com\/www.jojoenherbe.com\/wp-content\/uploads\/2020\/03\/Festival-de-lAir-Fr%C3%A9jus-4-scaled.jpg?zoom=3&amp;resize=150%2C150 450w\" sizes=\"auto, (max-width: 150px) 100vw, 150px\" \/><\/a>Lorsque nous y sommes all\u00e9s le 27 octobre 2019, il n&rsquo;y avait pas suffisamment de vent pour permettre aux cerfs-volants de s&rsquo;envoler. Tout le monde attendait avec h\u00e2te le vent. Mais pour patienter, une animation pour les enfants n&rsquo;a pas d\u00e9sempli, celle de la micro-fus\u00e9e propos\u00e9e par l&rsquo;association Ecol\u00e9ole. <\/em><\/p>\n<p style=\"text-align: justify;\"><em><a href=\"https:\/\/i0.wp.com\/www.jojoenherbe.com\/wp-content\/uploads\/2020\/03\/Festival-de-lAir-Fr%C3%A9jus-2-scaled.jpg\"><img data-recalc-dims=\"1\" loading=\"lazy\" decoding=\"async\" data-attachment-id=\"10547\" data-permalink=\"http:\/\/www.jojoenherbe.com\/index.php\/2020\/03\/21\/semaine-12-du-projet-52-2020-pret-au-depart\/festival-de-lair-frejus-2\/\" data-orig-file=\"https:\/\/i0.wp.com\/www.jojoenherbe.com\/wp-content\/uploads\/2020\/03\/Festival-de-lAir-Fr%C3%A9jus-2-scaled.jpg?fit=2560%2C1920\" data-orig-size=\"2560,1920\" data-comments-opened=\"1\" data-image-meta=\"{&quot;aperture&quot;:&quot;5.6&quot;,&quot;credit&quot;:&quot;&quot;,&quot;camera&quot;:&quot;DSC-HX400V&quot;,&quot;caption&quot;:&quot;&quot;,&quot;created_timestamp&quot;:&quot;1572178339&quot;,&quot;copyright&quot;:&quot;&quot;,&quot;focal_length&quot;:&quot;80.32&quot;,&quot;iso&quot;:&quot;80&quot;,&quot;shutter_speed&quot;:&quot;0.0005&quot;,&quot;title&quot;:&quot;&quot;,&quot;orientation&quot;:&quot;1&quot;}\" data-image-title=\"Festival de l&amp;rsquo;Air &amp;#8211; Fr\u00e9jus 2\" data-image-description=\"\" data-image-caption=\"\" data-large-file=\"https:\/\/i0.wp.com\/www.jojoenherbe.com\/wp-content\/uploads\/2020\/03\/Festival-de-lAir-Fr%C3%A9jus-2-scaled.jpg?fit=676%2C507\" class=\"size-thumbnail wp-image-10547 alignright\" src=\"https:\/\/i0.wp.com\/www.jojoenherbe.com\/wp-content\/uploads\/2020\/03\/Festival-de-lAir-Fr%C3%A9jus-2.jpg?resize=150%2C150\" alt=\"\" width=\"150\" height=\"150\" srcset=\"https:\/\/i0.wp.com\/www.jojoenherbe.com\/wp-content\/uploads\/2020\/03\/Festival-de-lAir-Fr%C3%A9jus-2-scaled.jpg?resize=150%2C150 150w, https:\/\/i0.wp.com\/www.jojoenherbe.com\/wp-content\/uploads\/2020\/03\/Festival-de-lAir-Fr%C3%A9jus-2-scaled.jpg?zoom=2&amp;resize=150%2C150 300w, https:\/\/i0.wp.com\/www.jojoenherbe.com\/wp-content\/uploads\/2020\/03\/Festival-de-lAir-Fr%C3%A9jus-2-scaled.jpg?zoom=3&amp;resize=150%2C150 450w\" sizes=\"auto, (max-width: 150px) 100vw, 150px\" \/><\/a> <a href=\"https:\/\/i0.wp.com\/www.jojoenherbe.com\/wp-content\/uploads\/2020\/03\/Festival-de-lAir-Fr%C3%A9jus-3-scaled.jpg\"><img data-recalc-dims=\"1\" loading=\"lazy\" decoding=\"async\" data-attachment-id=\"10549\" data-permalink=\"http:\/\/www.jojoenherbe.com\/index.php\/2020\/03\/21\/semaine-12-du-projet-52-2020-pret-au-depart\/festival-de-lair-frejus-3\/\" data-orig-file=\"https:\/\/i0.wp.com\/www.jojoenherbe.com\/wp-content\/uploads\/2020\/03\/Festival-de-lAir-Fr%C3%A9jus-3-scaled.jpg?fit=2560%2C1920\" data-orig-size=\"2560,1920\" data-comments-opened=\"1\" data-image-meta=\"{&quot;aperture&quot;:&quot;0&quot;,&quot;credit&quot;:&quot;&quot;,&quot;camera&quot;:&quot;&quot;,&quot;caption&quot;:&quot;&quot;,&quot;created_timestamp&quot;:&quot;0&quot;,&quot;copyright&quot;:&quot;&quot;,&quot;focal_length&quot;:&quot;0&quot;,&quot;iso&quot;:&quot;0&quot;,&quot;shutter_speed&quot;:&quot;0&quot;,&quot;title&quot;:&quot;&quot;,&quot;orientation&quot;:&quot;0&quot;}\" data-image-title=\"Festival de l&amp;rsquo;Air -Fr\u00e9jus 3\" data-image-description=\"\" data-image-caption=\"\" data-large-file=\"https:\/\/i0.wp.com\/www.jojoenherbe.com\/wp-content\/uploads\/2020\/03\/Festival-de-lAir-Fr%C3%A9jus-3-scaled.jpg?fit=676%2C507\" class=\"size-thumbnail wp-image-10549 alignright\" src=\"https:\/\/i0.wp.com\/www.jojoenherbe.com\/wp-content\/uploads\/2020\/03\/Festival-de-lAir-Fr%C3%A9jus-3.jpg?resize=150%2C150\" alt=\"\" width=\"150\" height=\"150\" srcset=\"https:\/\/i0.wp.com\/www.jojoenherbe.com\/wp-content\/uploads\/2020\/03\/Festival-de-lAir-Fr%C3%A9jus-3-scaled.jpg?resize=150%2C150 150w, https:\/\/i0.wp.com\/www.jojoenherbe.com\/wp-content\/uploads\/2020\/03\/Festival-de-lAir-Fr%C3%A9jus-3-scaled.jpg?zoom=2&amp;resize=150%2C150 300w, https:\/\/i0.wp.com\/www.jojoenherbe.com\/wp-content\/uploads\/2020\/03\/Festival-de-lAir-Fr%C3%A9jus-3-scaled.jpg?zoom=3&amp;resize=150%2C150 450w\" sizes=\"auto, (max-width: 150px) 100vw, 150px\" \/><\/a>Alors que nous pensions repartir, le vent s&rsquo;est finalement lev\u00e9 un peu mais suffisamment. Les cerfs-volants ont alors \u00e9t\u00e9 pr\u00e9par\u00e9s et ont rejoint les airs pour la joie des plus petits comme des plus grands.<\/em><\/p>\n<p><img data-recalc-dims=\"1\" loading=\"lazy\" decoding=\"async\" data-attachment-id=\"1605\" data-permalink=\"http:\/\/www.jojoenherbe.com\/index.php\/2007\/03\/21\/circuit-en-raquettes-des-lacs-de-prals\/lacs-de-prals-2\/\" data-orig-file=\"https:\/\/i0.wp.com\/www.jojoenherbe.com\/wp-content\/uploads\/2007\/03\/Lacs-de-Prals-2.jpg?fit=1944%2C2592\" data-orig-size=\"1944,2592\" data-comments-opened=\"1\" data-image-meta=\"{&quot;aperture&quot;:&quot;2.8&quot;,&quot;credit&quot;:&quot;&quot;,&quot;camera&quot;:&quot;DSC-P100&quot;,&quot;caption&quot;:&quot;&quot;,&quot;created_timestamp&quot;:&quot;1174209350&quot;,&quot;copyright&quot;:&quot;&quot;,&quot;focal_length&quot;:&quot;7.9&quot;,&quot;iso&quot;:&quot;100&quot;,&quot;shutter_speed&quot;:&quot;0.01&quot;,&quot;title&quot;:&quot;&quot;,&quot;orientation&quot;:&quot;0&quot;}\" data-image-title=\"Lacs de Prals 2\" data-image-description=\"\" data-image-caption=\"\" data-large-file=\"https:\/\/i0.wp.com\/www.jojoenherbe.com\/wp-content\/uploads\/2007\/03\/Lacs-de-Prals-2.jpg?fit=676%2C901\" class=\"below-entry-meta wp-image-1605 aligncenter\" src=\"https:\/\/ducotedechezma.files.wordpress.com\/2019\/12\/52-2020_liste_themes.jpg?w=840&#038;resize=327%2C270\" sizes=\"auto, (max-width: 709px) 85vw, (max-width: 909px) 67vw, (max-width: 1362px) 62vw, 840px\" srcset=\"https:\/\/ducotedechezma.files.wordpress.com\/2019\/12\/52-2020_liste_themes.jpg?w=840 840w, https:\/\/ducotedechezma.files.wordpress.com\/2019\/12\/52-2020_liste_themes.jpg?w=150 150w, https:\/\/ducotedechezma.files.wordpress.com\/2019\/12\/52-2020_liste_themes.jpg?w=300 300w, https:\/\/ducotedechezma.files.wordpress.com\/2019\/12\/52-2020_liste_themes.jpg?w=768 768w, https:\/\/ducotedechezma.files.wordpress.com\/2019\/12\/52-2020_liste_themes.jpg 975w\" alt=\"52-2020_liste_themes\" width=\"327\" height=\"270\" data-attachment-id=\"1605\" data-permalink=\"https:\/\/ducotedechezma.wordpress.com\/2019\/12\/26\/projet-52-2020-et-si-on-repartait-pour-une-annee-de-photos\/52-2020_liste_themes\/\" data-orig-file=\"https:\/\/ducotedechezma.files.wordpress.com\/2019\/12\/52-2020_liste_themes.jpg\" data-orig-size=\"975,805\" data-comments-opened=\"1\" data-image-meta=\"{&quot;aperture&quot;:&quot;0&quot;,&quot;credit&quot;:&quot;&quot;,&quot;camera&quot;:&quot;&quot;,&quot;caption&quot;:&quot;&quot;,&quot;created_timestamp&quot;:&quot;0&quot;,&quot;copyright&quot;:&quot;&quot;,&quot;focal_length&quot;:&quot;0&quot;,&quot;iso&quot;:&quot;0&quot;,&quot;shutter_speed&quot;:&quot;0&quot;,&quot;title&quot;:&quot;&quot;,&quot;orientation&quot;:&quot;0&quot;}\" data-image-title=\"52-2020_liste_themes\" data-image-description=\"\" data-medium-file=\"https:\/\/ducotedechezma.files.wordpress.com\/2019\/12\/52-2020_liste_themes.jpg?w=300\" data-large-file=\"https:\/\/ducotedechezma.files.wordpress.com\/2019\/12\/52-2020_liste_themes.jpg?w=840\" \/><\/p>\n","protected":false},"excerpt":{"rendered":"<p>Pour la semaine 12 du Projet 52-2020 de Du c\u00f4t\u00e9 de chez Ma&rsquo;, le th\u00e8me est \u00ab\u00a0Pr\u00eat au d\u00e9part\u00ab\u00a0. En cette premi\u00e8re semaine de confinement, je pioche dans mes archives pour illustrer le th\u00e8me de cette semaine. Pr\u00eat pour un d\u00e9part a\u00e9rien vers la Lune \u00e0 la fa\u00e7on Tintin? Il s&rsquo;agit d&rsquo;une photo prise lors [&hellip;]<\/p>\n","protected":false},"author":1,"featured_media":10548,"comment_status":"open","ping_status":"open","sticky":false,"template":"","format":"standard","meta":{"jetpack_post_was_ever_published":false,"_jetpack_newsletter_access":"","_jetpack_dont_email_post_to_subs":false,"_jetpack_newsletter_tier_id":0,"_jetpack_memberships_contains_paywalled_content":false,"_jetpack_memberships_contains_paid_content":false,"footnotes":""},"categories":[437,4],"tags":[337,338,534,43,5,1115,27],"class_list":["post-10546","post","type-post","status-publish","format-standard","has-post-thumbnail","hentry","category-mini-photographe","category-mini-visiteur","tag-base-nature","tag-cerfs-volants","tag-festivals","tag-frejus","tag-paca","tag-projet-52-2020","tag-var","post-preview"],"jetpack_featured_media_url":"https:\/\/i0.wp.com\/www.jojoenherbe.com\/wp-content\/uploads\/2020\/03\/Festival-de-lAir-Fr%C3%A9jus-scaled.jpg?fit=2560%2C1920","jetpack_sharing_enabled":true,"jetpack_shortlink":"https:\/\/wp.me\/p9zhGx-2K6","jetpack_likes_enabled":true,"jetpack-related-posts":[{"id":26795,"url":"http:\/\/www.jojoenherbe.com\/index.php\/2022\/07\/30\/semaine-30-du-projet-52-2022-ville-ou-campagne\/","url_meta":{"origin":10546,"position":0},"title":"Semaine 30 du Projet 52-2022: Ville ou campagne","author":"Jojo","date":"30 juillet 2022","format":false,"excerpt":"Pour la semaine 30 du Projet 52-2022 de Du c\u00f4t\u00e9 de chez Ma\u2019, le th\u00e8me est \"Ville ou campagne\". Voici une photo prise le 19 ao\u00fbt 2021 \u00e0 la Base Nature de Fr\u00e9jus. Quand la campagne s'invite en ville!","rel":"","context":"Dans &quot;mini photographe&quot;","block_context":{"text":"mini photographe","link":"http:\/\/www.jojoenherbe.com\/index.php\/category\/mini-photographe\/"},"img":{"alt_text":"","src":"https:\/\/i0.wp.com\/www.jojoenherbe.com\/wp-content\/uploads\/2021\/09\/Base-Nature-Frejus-2-scaled.jpg?fit=900%2C1200&resize=350%2C200","width":350,"height":200,"srcset":"https:\/\/i0.wp.com\/www.jojoenherbe.com\/wp-content\/uploads\/2021\/09\/Base-Nature-Frejus-2-scaled.jpg?fit=900%2C1200&resize=350%2C200 1x, https:\/\/i0.wp.com\/www.jojoenherbe.com\/wp-content\/uploads\/2021\/09\/Base-Nature-Frejus-2-scaled.jpg?fit=900%2C1200&resize=525%2C300 1.5x, https:\/\/i0.wp.com\/www.jojoenherbe.com\/wp-content\/uploads\/2021\/09\/Base-Nature-Frejus-2-scaled.jpg?fit=900%2C1200&resize=700%2C400 2x"},"classes":[]},{"id":34273,"url":"http:\/\/www.jojoenherbe.com\/index.php\/2024\/01\/13\/semaine-2-du-projet-52-2024-hiver\/","url_meta":{"origin":10546,"position":1},"title":"Semaine 2 du Projet 52-2024: \u00ab\u00a0Hiver\u00a0\u00bb","author":"Jojo","date":"13 janvier 2024","format":false,"excerpt":"Pour la semaine 2 du Projet 52-2024 de Du c\u00f4t\u00e9 de chez Ma\u2019, le th\u00e8me est \u00ab Hiver \u00bb. J\u2019ai choisi pour illustrer ce th\u00e8me une fleur d'hiver, le mimosa. Les mimosas ont commenc\u00e9 leur floraison depuis d\u00e9but janvier dans le Var et les Alpes-Maritimes. J'aurai pu choisir cette photo\u2026","rel":"","context":"Dans &quot;mini photographe&quot;","block_context":{"text":"mini photographe","link":"http:\/\/www.jojoenherbe.com\/index.php\/category\/mini-photographe\/"},"img":{"alt_text":"","src":"https:\/\/i0.wp.com\/www.jojoenherbe.com\/wp-content\/uploads\/2024\/01\/Mimosa-2024-scaled.jpg?fit=900%2C1200&resize=350%2C200","width":350,"height":200,"srcset":"https:\/\/i0.wp.com\/www.jojoenherbe.com\/wp-content\/uploads\/2024\/01\/Mimosa-2024-scaled.jpg?fit=900%2C1200&resize=350%2C200 1x, https:\/\/i0.wp.com\/www.jojoenherbe.com\/wp-content\/uploads\/2024\/01\/Mimosa-2024-scaled.jpg?fit=900%2C1200&resize=525%2C300 1.5x, https:\/\/i0.wp.com\/www.jojoenherbe.com\/wp-content\/uploads\/2024\/01\/Mimosa-2024-scaled.jpg?fit=900%2C1200&resize=700%2C400 2x"},"classes":[]},{"id":19842,"url":"http:\/\/www.jojoenherbe.com\/index.php\/2021\/07\/25\/semaine-29-du-projet-52-2021-dehors\/","url_meta":{"origin":10546,"position":2},"title":"Semaine 29 du Projet 52-2021: Dehors","author":"Jojo","date":"25 juillet 2021","format":false,"excerpt":"Pour la semaine 29 du Projet 52-2021 de Du c\u00f4t\u00e9 de chez Ma', le th\u00e8me est \"Dehors\". Voici une photo prise lors d'une petite pause d\u00e9tente et fra\u00eecheur dans le parc de la Villa Marie o\u00f9 se trouve la biblioth\u00e8que municipale de Fr\u00e9jus, un parc \u00e0 la fran\u00e7aise avec de\u2026","rel":"","context":"Dans &quot;mini photographe&quot;","block_context":{"text":"mini photographe","link":"http:\/\/www.jojoenherbe.com\/index.php\/category\/mini-photographe\/"},"img":{"alt_text":"","src":"https:\/\/i0.wp.com\/www.jojoenherbe.com\/wp-content\/uploads\/2021\/07\/Villa-Marie-Frejus-scaled.jpg?fit=900%2C1200&resize=350%2C200","width":350,"height":200,"srcset":"https:\/\/i0.wp.com\/www.jojoenherbe.com\/wp-content\/uploads\/2021\/07\/Villa-Marie-Frejus-scaled.jpg?fit=900%2C1200&resize=350%2C200 1x, https:\/\/i0.wp.com\/www.jojoenherbe.com\/wp-content\/uploads\/2021\/07\/Villa-Marie-Frejus-scaled.jpg?fit=900%2C1200&resize=525%2C300 1.5x, https:\/\/i0.wp.com\/www.jojoenherbe.com\/wp-content\/uploads\/2021\/07\/Villa-Marie-Frejus-scaled.jpg?fit=900%2C1200&resize=700%2C400 2x"},"classes":[]},{"id":10980,"url":"http:\/\/www.jojoenherbe.com\/index.php\/2020\/05\/16\/semaine-20-du-projet-52-2020-moyen-de-transport\/","url_meta":{"origin":10546,"position":3},"title":"Semaine 20 du Projet 52-2020: Moyen de transport","author":"Jojo","date":"16 mai 2020","format":false,"excerpt":"Pour la semaine 20 du Projet 52-2020 de Du c\u00f4t\u00e9 de chez Ma', le th\u00e8me est \"Moyen de transport\". Voici une photo du train des Pignes avec sa locomotive \u00e0 vapeur au d\u00e9part de la gare d'Entrevaux, en octobre 2019. Il est possible d'y monter l'\u00e9t\u00e9 entre Puget-Th\u00e9niers et Annot.","rel":"","context":"Dans &quot;mini photographe&quot;","block_context":{"text":"mini photographe","link":"http:\/\/www.jojoenherbe.com\/index.php\/category\/mini-photographe\/"},"img":{"alt_text":"","src":"https:\/\/i0.wp.com\/www.jojoenherbe.com\/wp-content\/uploads\/2020\/05\/Train-des-Pignes-Entrevaux-scaled.jpg?fit=1200%2C805&resize=350%2C200","width":350,"height":200,"srcset":"https:\/\/i0.wp.com\/www.jojoenherbe.com\/wp-content\/uploads\/2020\/05\/Train-des-Pignes-Entrevaux-scaled.jpg?fit=1200%2C805&resize=350%2C200 1x, https:\/\/i0.wp.com\/www.jojoenherbe.com\/wp-content\/uploads\/2020\/05\/Train-des-Pignes-Entrevaux-scaled.jpg?fit=1200%2C805&resize=525%2C300 1.5x, https:\/\/i0.wp.com\/www.jojoenherbe.com\/wp-content\/uploads\/2020\/05\/Train-des-Pignes-Entrevaux-scaled.jpg?fit=1200%2C805&resize=700%2C400 2x, https:\/\/i0.wp.com\/www.jojoenherbe.com\/wp-content\/uploads\/2020\/05\/Train-des-Pignes-Entrevaux-scaled.jpg?fit=1200%2C805&resize=1050%2C600 3x"},"classes":[]},{"id":36020,"url":"http:\/\/www.jojoenherbe.com\/index.php\/2024\/05\/04\/semaine-18-du-projet-52-2024-printemps\/","url_meta":{"origin":10546,"position":4},"title":"Semaine 18 du Projet 52-2024: \u00ab\u00a0Printemps\u00a0\u00bb","author":"Jojo","date":"4 mai 2024","format":false,"excerpt":"Pour la semaine 18 du Projet 52-2024 de Du c\u00f4t\u00e9 de chez Ma\u2019, le th\u00e8me est \u00ab Printemps\u00bb. J\u2019ai choisi pour illustrer ce th\u00e8me des fleurs printani\u00e8res du jardin comme le lilas et un petit curieux qui voletait de fleur en arbre avant de partir pour d'autres horizons. C'est aussi\u2026","rel":"","context":"Dans &quot;mini photographe&quot;","block_context":{"text":"mini photographe","link":"http:\/\/www.jojoenherbe.com\/index.php\/category\/mini-photographe\/"},"img":{"alt_text":"","src":"https:\/\/i0.wp.com\/www.jojoenherbe.com\/wp-content\/uploads\/2024\/05\/jardin-printemps-2024.png?fit=1080%2C1080&resize=350%2C200","width":350,"height":200,"srcset":"https:\/\/i0.wp.com\/www.jojoenherbe.com\/wp-content\/uploads\/2024\/05\/jardin-printemps-2024.png?fit=1080%2C1080&resize=350%2C200 1x, https:\/\/i0.wp.com\/www.jojoenherbe.com\/wp-content\/uploads\/2024\/05\/jardin-printemps-2024.png?fit=1080%2C1080&resize=525%2C300 1.5x, https:\/\/i0.wp.com\/www.jojoenherbe.com\/wp-content\/uploads\/2024\/05\/jardin-printemps-2024.png?fit=1080%2C1080&resize=700%2C400 2x, https:\/\/i0.wp.com\/www.jojoenherbe.com\/wp-content\/uploads\/2024\/05\/jardin-printemps-2024.png?fit=1080%2C1080&resize=1050%2C600 3x"},"classes":[]},{"id":24603,"url":"http:\/\/www.jojoenherbe.com\/index.php\/2022\/04\/09\/semaine-14-du-projet-52-2022-printemps\/","url_meta":{"origin":10546,"position":5},"title":"Semaine 14 du Projet 52-2022: Printemps","author":"Jojo","date":"9 avril 2022","format":false,"excerpt":"Pour la semaine 14 du Projet 52-2022 de Du c\u00f4t\u00e9 de chez Ma\u2019, le th\u00e8me est \"Printemps\". Les ann\u00e9es pr\u00e9c\u00e9dentes pour un th\u00e8me similaire, j'avais opt\u00e9 pour des floraisons avec les premi\u00e8res fleurs printani\u00e8res. Mais avec l'arriv\u00e9e du printemps c'est aussi l'occasion d'observer des naissances d'animaux. J'ai donc choisi pour\u2026","rel":"","context":"Dans &quot;Mini ornitho&quot;","block_context":{"text":"Mini ornitho","link":"http:\/\/www.jojoenherbe.com\/index.php\/category\/mini-ornitho\/"},"img":{"alt_text":"","src":"https:\/\/i0.wp.com\/www.jojoenherbe.com\/wp-content\/uploads\/2022\/04\/Cane-et-canetons-2-scaled.jpg?fit=1200%2C781&resize=350%2C200","width":350,"height":200,"srcset":"https:\/\/i0.wp.com\/www.jojoenherbe.com\/wp-content\/uploads\/2022\/04\/Cane-et-canetons-2-scaled.jpg?fit=1200%2C781&resize=350%2C200 1x, https:\/\/i0.wp.com\/www.jojoenherbe.com\/wp-content\/uploads\/2022\/04\/Cane-et-canetons-2-scaled.jpg?fit=1200%2C781&resize=525%2C300 1.5x, https:\/\/i0.wp.com\/www.jojoenherbe.com\/wp-content\/uploads\/2022\/04\/Cane-et-canetons-2-scaled.jpg?fit=1200%2C781&resize=700%2C400 2x, https:\/\/i0.wp.com\/www.jojoenherbe.com\/wp-content\/uploads\/2022\/04\/Cane-et-canetons-2-scaled.jpg?fit=1200%2C781&resize=1050%2C600 3x"},"classes":[]}],"_links":{"self":[{"href":"http:\/\/www.jojoenherbe.com\/index.php\/wp-json\/wp\/v2\/posts\/10546","targetHints":{"allow":["GET"]}}],"collection":[{"href":"http:\/\/www.jojoenherbe.com\/index.php\/wp-json\/wp\/v2\/posts"}],"about":[{"href":"http:\/\/www.jojoenherbe.com\/index.php\/wp-json\/wp\/v2\/types\/post"}],"author":[{"embeddable":true,"href":"http:\/\/www.jojoenherbe.com\/index.php\/wp-json\/wp\/v2\/users\/1"}],"replies":[{"embeddable":true,"href":"http:\/\/www.jojoenherbe.com\/index.php\/wp-json\/wp\/v2\/comments?post=10546"}],"version-history":[{"count":0,"href":"http:\/\/www.jojoenherbe.com\/index.php\/wp-json\/wp\/v2\/posts\/10546\/revisions"}],"wp:featuredmedia":[{"embeddable":true,"href":"http:\/\/www.jojoenherbe.com\/index.php\/wp-json\/wp\/v2\/media\/10548"}],"wp:attachment":[{"href":"http:\/\/www.jojoenherbe.com\/index.php\/wp-json\/wp\/v2\/media?parent=10546"}],"wp:term":[{"taxonomy":"category","embeddable":true,"href":"http:\/\/www.jojoenherbe.com\/index.php\/wp-json\/wp\/v2\/categories?post=10546"},{"taxonomy":"post_tag","embeddable":true,"href":"http:\/\/www.jojoenherbe.com\/index.php\/wp-json\/wp\/v2\/tags?post=10546"}],"curies":[{"name":"wp","href":"https:\/\/api.w.org\/{rel}","templated":true}]}}