{"id":10512,"date":"2020-03-19T15:04:29","date_gmt":"2020-03-19T14:04:29","guid":{"rendered":"http:\/\/www.jojoenherbe.com\/?p=10512"},"modified":"2023-10-18T17:18:29","modified_gmt":"2023-10-18T15:18:29","slug":"au-fil-des-pages-avec-le-pire-des-chevaliers","status":"publish","type":"post","link":"http:\/\/www.jojoenherbe.com\/index.php\/2020\/03\/19\/au-fil-des-pages-avec-le-pire-des-chevaliers\/","title":{"rendered":"Au fil des pages avec Le pire des chevaliers"},"content":{"rendered":"<p style=\"text-align: justify;\"><em><a href=\"https:\/\/i0.wp.com\/www.jojoenherbe.com\/wp-content\/uploads\/2020\/03\/Le-pire-des-chevaliers-2-scaled.jpg\"><img data-recalc-dims=\"1\" loading=\"lazy\" decoding=\"async\" data-attachment-id=\"10518\" data-permalink=\"http:\/\/www.jojoenherbe.com\/index.php\/2020\/03\/19\/au-fil-des-pages-avec-le-pire-des-chevaliers\/le-pire-des-chevaliers-2\/\" data-orig-file=\"https:\/\/i0.wp.com\/www.jojoenherbe.com\/wp-content\/uploads\/2020\/03\/Le-pire-des-chevaliers-2-scaled.jpg?fit=2560%2C1660\" data-orig-size=\"2560,1660\" data-comments-opened=\"1\" data-image-meta=\"{&quot;aperture&quot;:&quot;2.4&quot;,&quot;credit&quot;:&quot;&quot;,&quot;camera&quot;:&quot;iPhone 4S&quot;,&quot;caption&quot;:&quot;&quot;,&quot;created_timestamp&quot;:&quot;1584629921&quot;,&quot;copyright&quot;:&quot;&quot;,&quot;focal_length&quot;:&quot;4.28&quot;,&quot;iso&quot;:&quot;125&quot;,&quot;shutter_speed&quot;:&quot;0.05&quot;,&quot;title&quot;:&quot;&quot;,&quot;orientation&quot;:&quot;1&quot;}\" data-image-title=\"Le pire des chevaliers 2\" data-image-description=\"\" data-image-caption=\"\" data-large-file=\"https:\/\/i0.wp.com\/www.jojoenherbe.com\/wp-content\/uploads\/2020\/03\/Le-pire-des-chevaliers-2-scaled.jpg?fit=676%2C438\" class=\"alignleft size-thumbnail wp-image-10518\" src=\"https:\/\/i0.wp.com\/www.jojoenherbe.com\/wp-content\/uploads\/2020\/03\/Le-pire-des-chevaliers-2.jpg?resize=150%2C150\" alt=\"\" width=\"150\" height=\"150\" srcset=\"https:\/\/i0.wp.com\/www.jojoenherbe.com\/wp-content\/uploads\/2020\/03\/Le-pire-des-chevaliers-2-scaled.jpg?resize=150%2C150 150w, https:\/\/i0.wp.com\/www.jojoenherbe.com\/wp-content\/uploads\/2020\/03\/Le-pire-des-chevaliers-2-scaled.jpg?zoom=2&amp;resize=150%2C150 300w, https:\/\/i0.wp.com\/www.jojoenherbe.com\/wp-content\/uploads\/2020\/03\/Le-pire-des-chevaliers-2-scaled.jpg?zoom=3&amp;resize=150%2C150 450w\" sizes=\"auto, (max-width: 150px) 100vw, 150px\" \/><\/a> <a href=\"https:\/\/i0.wp.com\/www.jojoenherbe.com\/wp-content\/uploads\/2020\/03\/Le-pire-des-chevaliers-3-scaled.jpg\"><img data-recalc-dims=\"1\" loading=\"lazy\" decoding=\"async\" data-attachment-id=\"10519\" data-permalink=\"http:\/\/www.jojoenherbe.com\/index.php\/2020\/03\/19\/au-fil-des-pages-avec-le-pire-des-chevaliers\/le-pire-des-chevaliers-3\/\" data-orig-file=\"https:\/\/i0.wp.com\/www.jojoenherbe.com\/wp-content\/uploads\/2020\/03\/Le-pire-des-chevaliers-3-scaled.jpg?fit=2560%2C1733\" data-orig-size=\"2560,1733\" data-comments-opened=\"1\" data-image-meta=\"{&quot;aperture&quot;:&quot;2.4&quot;,&quot;credit&quot;:&quot;&quot;,&quot;camera&quot;:&quot;iPhone 4S&quot;,&quot;caption&quot;:&quot;&quot;,&quot;created_timestamp&quot;:&quot;1584629947&quot;,&quot;copyright&quot;:&quot;&quot;,&quot;focal_length&quot;:&quot;4.28&quot;,&quot;iso&quot;:&quot;125&quot;,&quot;shutter_speed&quot;:&quot;0.05&quot;,&quot;title&quot;:&quot;&quot;,&quot;orientation&quot;:&quot;1&quot;}\" data-image-title=\"Le pire des chevaliers 3\" data-image-description=\"\" data-image-caption=\"\" data-large-file=\"https:\/\/i0.wp.com\/www.jojoenherbe.com\/wp-content\/uploads\/2020\/03\/Le-pire-des-chevaliers-3-scaled.jpg?fit=676%2C457\" class=\"alignleft size-thumbnail wp-image-10519\" src=\"https:\/\/i0.wp.com\/www.jojoenherbe.com\/wp-content\/uploads\/2020\/03\/Le-pire-des-chevaliers-3.jpg?resize=150%2C150\" alt=\"\" width=\"150\" height=\"150\" srcset=\"https:\/\/i0.wp.com\/www.jojoenherbe.com\/wp-content\/uploads\/2020\/03\/Le-pire-des-chevaliers-3-scaled.jpg?resize=150%2C150 150w, https:\/\/i0.wp.com\/www.jojoenherbe.com\/wp-content\/uploads\/2020\/03\/Le-pire-des-chevaliers-3-scaled.jpg?zoom=2&amp;resize=150%2C150 300w, https:\/\/i0.wp.com\/www.jojoenherbe.com\/wp-content\/uploads\/2020\/03\/Le-pire-des-chevaliers-3-scaled.jpg?zoom=3&amp;resize=150%2C150 450w\" sizes=\"auto, (max-width: 150px) 100vw, 150px\" \/><\/a>Nous avons emprunt\u00e9 \u00e0 la m\u00e9diath\u00e8que, il y a d\u00e9j\u00e0 quelques semaines, <span style=\"text-decoration: underline;\">Le pire des chevaliers<\/span> d&rsquo;Anna Kemp et Sara Ogilvie (\u00e9d. Milan, 2015), un album jeunesse \u00e0 partir de 5 ans et qui a \u00e9t\u00e9 publi\u00e9 apr\u00e8s <span style=\"text-decoration: underline;\">La Pire des princesses<\/span>. Il \u00e9tait une fois petit crapaud, surnomm\u00e9 \u00ab\u00a0Riquiqui\u00a0\u00bb par ses amis mais qui pr\u00e9f\u00e9rait de loin le pr\u00e9nom \u00ab\u00a0C\u00e9sar\u00a0\u00bb. Il part en qu\u00eate d&rsquo;une princesse pour devenir chevalier, apr\u00e8s avoir lu un soir un conte extraordinaire. Apr\u00e8s avoir crois\u00e9 sur sa route, ogre, sorci\u00e8re et autre cr\u00e9ature, parviendra-t-il \u00e0 rencontrer une princesse et ainsi devenir un h\u00e9ros comme il se l&rsquo;imagine (grand et costaud bien s\u00fbr)? <\/em><\/p>\n<p style=\"text-align: justify;\"><em>Que d&rsquo;humour dans ce conte de f\u00e9es d\u00e9tourn\u00e9 tout en rimes et qui s&rsquo;amuse avec les clich\u00e9s des contes traditionnels! Exit le grand h\u00e9ros et la pauvre princesse en d\u00e9tresse! Chaque personnage a ses particularit\u00e9s et n&rsquo;en est pas moins h\u00e9ros \u00e0 sa fa\u00e7on. Cela nous rappelle la d\u00e9termination de <a href=\"http:\/\/www.jojoenherbe.com\/index.php\/2019\/10\/10\/au-fil-des-pages-avec-petit-pois\/\"><span style=\"text-decoration: underline;\">Petit Pois<\/span><\/a> et l&rsquo;importance de l&rsquo;estime de soi. Un tr\u00e8s bon moment de lecture!<br \/>\n<\/em><\/p>\n<div style=\"width: 126px\" class=\"wp-caption alignleft\"><img data-recalc-dims=\"1\" loading=\"lazy\" decoding=\"async\" class=\"\" src=\"https:\/\/i0.wp.com\/delivrer-des-livres.fr\/wp-content\/uploads\/2019\/05\/logoalbums2019.png?resize=116%2C116\" alt=\"\" width=\"116\" height=\"116\" \/><p class=\"wp-caption-text\">Participation #169 <a href=\"http:\/\/delivrer-des-livres.fr\/challenge-albums-2019\/\">Je lis aussi des albums<\/a><\/p><\/div>\n<div style=\"width: 136px\" class=\"wp-caption alignleft\"><img loading=\"lazy\" decoding=\"async\" class=\"\" src=\"https:\/\/lh3.googleusercontent.com\/yeyHsyE8ePB9xQx2t9obPo4nIUGeuGsS-P1wwGiEip3f9lcFED23VkM1Pr5hYoy4puCex2GzVOyZNHjl5qeUnhImyiKFqwfTaONmF_HEc7SEvgxhr1eZXuJ6zzg9JfEY4XADWBPBCxMLePs3HiWfgCjRFVaAIkiQhaX8RGfOMzZhoMNQUFFuWlglQGRva5RIkSFvo7nk3yMWVz4PgUXBK3Uof2Hf073K4C6YvQC1u6gRN2BCr4tNyqitAlYfULcqVlua9UK9L5kLVOZWs2-xrAzDf1K3rxU8pxE6Fdm1EI8_YbPW09CsTNa9CW1z0lvieJ6Ify6BbltA9XBnOC99XwB4E833hDdb9KWRbKTb8bwsVGIAFF1x2JkOCAWTkq3OtXJmlgaccySEr2PvCr9rzIA4GtrzB04GpU7RNPlnkfNDjtPoy6UR5nf5SD-RQvfrkHaKDQocAHpi1MoHr0bWF4h3F08r5y_TM01DqKXAgeInHehhuxNBZ4LGs7Emk2ol6RPfVd4UEj0916JVKRknXSsSbJG_50ptPlCGTOdHDTOUMc6x63Wp68_DnNhG9qn5FPKuDHhZvC008a4nifQFWuKVT6HvqNgW-LcvXb0wnjbSwgS8qwHb3LtHJj3uAe971aQRDPkS146UchPgCLNczeUje4Y3YFpuV4P1KYu67RSdAOITJNzzSRO2Dycc1PCqSdc7IoPwLu0-aT-FJ0m-KvlkUQLXoamPhl2WKbODyZSfc5ZT=w285-h217-no\" alt=\"\" width=\"126\" height=\"96\" \/><p class=\"wp-caption-text\"><a href=\"https:\/\/ennalit.wordpress.com\/2019\/12\/01\/challenge-petit-bac-2020-qui-veut-jouer\/\">Challenge Petit Bac d&rsquo;Enna<\/a> #5 Cat\u00e9gorie Mot au pluriel: \u00ab\u00a0Chevaliers\u00a0\u00bb<\/p><\/div>\n<div id=\"attachment_10219\" style=\"width: 107px\" class=\"wp-caption alignleft\"><img data-recalc-dims=\"1\" loading=\"lazy\" decoding=\"async\" aria-describedby=\"caption-attachment-10219\" data-attachment-id=\"10219\" data-permalink=\"http:\/\/www.jojoenherbe.com\/index.php\/2020\/03\/02\/au-fil-des-pages-avec-lievre-et-ours-sous-la-neige\/lievre-et-ours-sous-la-neige\/\" data-orig-file=\"https:\/\/i0.wp.com\/www.jojoenherbe.com\/wp-content\/uploads\/2020\/03\/Li%C3%A8vre-et-Ours-sous-la-neige-scaled.jpg?fit=2560%2C1892\" data-orig-size=\"2560,1892\" data-comments-opened=\"1\" data-image-meta=\"{&quot;aperture&quot;:&quot;2.4&quot;,&quot;credit&quot;:&quot;&quot;,&quot;camera&quot;:&quot;iPhone 4S&quot;,&quot;caption&quot;:&quot;&quot;,&quot;created_timestamp&quot;:&quot;1583147305&quot;,&quot;copyright&quot;:&quot;&quot;,&quot;focal_length&quot;:&quot;4.28&quot;,&quot;iso&quot;:&quot;640&quot;,&quot;shutter_speed&quot;:&quot;0.066666666666667&quot;,&quot;title&quot;:&quot;&quot;,&quot;orientation&quot;:&quot;1&quot;}\" data-image-title=\"Li\u00e8vre et Ours, sous la neige\" data-image-description=\"\" data-image-caption=\"\" data-large-file=\"https:\/\/i0.wp.com\/www.jojoenherbe.com\/wp-content\/uploads\/2020\/03\/Li%C3%A8vre-et-Ours-sous-la-neige-scaled.jpg?fit=676%2C500\" class=\"wp-image-10219\" src=\"https:\/\/i0.wp.com\/mapetitemediatheque.fr\/wp-content\/uploads\/2018\/11\/challenge-contes-et-l%C3%A9gendes.jpg?resize=97%2C121\" sizes=\"auto, (max-width: 343px) 100vw, 343px\" srcset=\"http:\/\/mapetitemediatheque.fr\/wp-content\/uploads\/2018\/11\/challenge-contes-et-l\u00e9gendes.jpg 343w, http:\/\/mapetitemediatheque.fr\/wp-content\/uploads\/2018\/11\/challenge-contes-et-l\u00e9gendes-239x300.jpg 239w\" alt=\"\" width=\"97\" height=\"121\" \/><p id=\"caption-attachment-10219\" class=\"wp-caption-text\">Participation #15 Contes &amp; L\u00e9gendes 2020 de <a href=\"http:\/\/mapetitemediatheque.fr\/2020\/01\/challenge-contes-et-legendes-2020\/\">Bidib<\/a> #contes de f\u00e9es<\/p><\/div>\n","protected":false},"excerpt":{"rendered":"<p>Nous avons emprunt\u00e9 \u00e0 la m\u00e9diath\u00e8que, il y a d\u00e9j\u00e0 quelques semaines, Le pire des chevaliers d&rsquo;Anna Kemp et Sara Ogilvie (\u00e9d. Milan, 2015), un album jeunesse \u00e0 partir de 5 ans et qui a \u00e9t\u00e9 publi\u00e9 apr\u00e8s La Pire des princesses. Il \u00e9tait une fois petit crapaud, surnomm\u00e9 \u00ab\u00a0Riquiqui\u00a0\u00bb par ses amis mais qui [&hellip;]<\/p>\n","protected":false},"author":1,"featured_media":10520,"comment_status":"open","ping_status":"open","sticky":false,"template":"","format":"standard","meta":{"jetpack_post_was_ever_published":false,"_jetpack_newsletter_access":"","_jetpack_dont_email_post_to_subs":false,"_jetpack_newsletter_tier_id":0,"_jetpack_memberships_contains_paywalled_content":false,"_jetpack_memberships_contains_paid_content":false,"footnotes":""},"categories":[363],"tags":[995,409,1363,601,1365,1352,1285,245,889,485,987,884,895,464,897,538,1350,367,908,886,885,1275,1364,340],"class_list":["post-10512","post","type-post","status-publish","format-standard","has-post-thumbnail","hentry","category-mini-lecteur","tag-5-8-ans","tag-albums-jeunesse","tag-anna-kemp","tag-aventure","tag-challenge-contes-et-legendes-2020","tag-challenge-petit-bac-2020","tag-chevalier","tag-contes","tag-contes-de-fees","tag-contes-detournes","tag-contes-modernes","tag-crapaud","tag-determination","tag-dragon","tag-estime-de-soi","tag-humour","tag-je-lis-aussi-des-albums-2019","tag-lecture-jeunesse","tag-ogre","tag-prince-charmant","tag-princesse","tag-quete","tag-sara-ogilvie","tag-sorciere","post-preview"],"jetpack_featured_media_url":"https:\/\/i0.wp.com\/www.jojoenherbe.com\/wp-content\/uploads\/2020\/03\/Le-pire-des-chevaliers-scaled.jpg?fit=2560%2C1920","jetpack_sharing_enabled":true,"jetpack_shortlink":"https:\/\/wp.me\/p9zhGx-2Jy","jetpack_likes_enabled":true,"jetpack-related-posts":[{"id":32717,"url":"http:\/\/www.jojoenherbe.com\/index.php\/2023\/10\/18\/au-fil-des-pages-avec-la-pire-des-princesses\/","url_meta":{"origin":10512,"position":0},"title":"Au fil des pages avec La pire des princesses","author":"Jojo","date":"18 octobre 2023","format":false,"excerpt":"Nous avons lu La pire des princesses d\u2019Anna Kemp et Sara Ogilvie (\u00e9d. Milan, avril 2013, 32 pages), un album jeunesse \u00e0 partir de 5 ans et class\u00e9 au rayon \"Halloween\" de notre m\u00e9diath\u00e8que. Il \u00e9tait une fois une princesse Z\u00e9lie qui s'ennuie d'attendre apr\u00e8s le prince charmant d'autant que\u2026","rel":"","context":"Dans &quot;Mini lecteur&quot;","block_context":{"text":"Mini lecteur","link":"http:\/\/www.jojoenherbe.com\/index.php\/category\/mini-lecteur\/"},"img":{"alt_text":"","src":"https:\/\/i0.wp.com\/www.jojoenherbe.com\/wp-content\/uploads\/2023\/10\/La-pire-des-princesses-scaled.jpg?fit=1200%2C848&resize=350%2C200","width":350,"height":200,"srcset":"https:\/\/i0.wp.com\/www.jojoenherbe.com\/wp-content\/uploads\/2023\/10\/La-pire-des-princesses-scaled.jpg?fit=1200%2C848&resize=350%2C200 1x, https:\/\/i0.wp.com\/www.jojoenherbe.com\/wp-content\/uploads\/2023\/10\/La-pire-des-princesses-scaled.jpg?fit=1200%2C848&resize=525%2C300 1.5x, https:\/\/i0.wp.com\/www.jojoenherbe.com\/wp-content\/uploads\/2023\/10\/La-pire-des-princesses-scaled.jpg?fit=1200%2C848&resize=700%2C400 2x, https:\/\/i0.wp.com\/www.jojoenherbe.com\/wp-content\/uploads\/2023\/10\/La-pire-des-princesses-scaled.jpg?fit=1200%2C848&resize=1050%2C600 3x"},"classes":[]},{"id":7935,"url":"http:\/\/www.jojoenherbe.com\/index.php\/2019\/10\/09\/au-fil-des-pages-avec-sortileges\/","url_meta":{"origin":10512,"position":1},"title":"Au fil des pages avec Sortil\u00e8ges","author":"Jojo","date":"9 octobre 2019","format":false,"excerpt":"Lors des trois jours consacr\u00e9s aux monstres et cr\u00e9atures du Halloween Challenge 2019 (du 7 au 9 octobre), nous empruntons \u00e0 la biblioth\u00e8que Sortil\u00e8ges d'Emily Gravett (\u00e9d. Kal\u00e9idoscope, 2008), un album jeunesse \u00e0 partir de 5 ans selon l'\u00e9diteur. Nous suivons un crapaud qui, apr\u00e8s avoir d\u00e9couvert un vieux livre\u2026","rel":"","context":"Dans &quot;Mini lecteur&quot;","block_context":{"text":"Mini lecteur","link":"http:\/\/www.jojoenherbe.com\/index.php\/category\/mini-lecteur\/"},"img":{"alt_text":"","src":"https:\/\/i0.wp.com\/www.jojoenherbe.com\/wp-content\/uploads\/2019\/10\/Sortileges-6-scaled.jpg?fit=1200%2C900&resize=350%2C200","width":350,"height":200,"srcset":"https:\/\/i0.wp.com\/www.jojoenherbe.com\/wp-content\/uploads\/2019\/10\/Sortileges-6-scaled.jpg?fit=1200%2C900&resize=350%2C200 1x, https:\/\/i0.wp.com\/www.jojoenherbe.com\/wp-content\/uploads\/2019\/10\/Sortileges-6-scaled.jpg?fit=1200%2C900&resize=525%2C300 1.5x, https:\/\/i0.wp.com\/www.jojoenherbe.com\/wp-content\/uploads\/2019\/10\/Sortileges-6-scaled.jpg?fit=1200%2C900&resize=700%2C400 2x, https:\/\/i0.wp.com\/www.jojoenherbe.com\/wp-content\/uploads\/2019\/10\/Sortileges-6-scaled.jpg?fit=1200%2C900&resize=1050%2C600 3x"},"classes":[]},{"id":14191,"url":"http:\/\/www.jojoenherbe.com\/index.php\/2020\/12\/03\/notre-pal-de-contes-nordiques-2020\/","url_meta":{"origin":10512,"position":2},"title":"Notre PAL de contes nordiques 2020","author":"Jojo","date":"3 d\u00e9cembre 2020","format":false,"excerpt":"En ce mois de d\u00e9cembre 2020, apr\u00e8s une immersion dans le pays des Ogres, direction le grand Nord avec le challenge Contes et L\u00e9gendes de Bidib puisque ce sont les contes nordiques qui sont mis \u00e0 l'honneur ce mois-ci. Des albums jeunesse: Les trois boucs de Jean-Louis Le Craver et\u2026","rel":"","context":"Dans &quot;Mini challenger&quot;","block_context":{"text":"Mini challenger","link":"http:\/\/www.jojoenherbe.com\/index.php\/category\/mini-challenger\/"},"img":{"alt_text":"","src":"https:\/\/i0.wp.com\/www.jojoenherbe.com\/wp-content\/uploads\/2020\/12\/Contes-nordiques-scaled.jpg?fit=1200%2C705&resize=350%2C200","width":350,"height":200,"srcset":"https:\/\/i0.wp.com\/www.jojoenherbe.com\/wp-content\/uploads\/2020\/12\/Contes-nordiques-scaled.jpg?fit=1200%2C705&resize=350%2C200 1x, https:\/\/i0.wp.com\/www.jojoenherbe.com\/wp-content\/uploads\/2020\/12\/Contes-nordiques-scaled.jpg?fit=1200%2C705&resize=525%2C300 1.5x, https:\/\/i0.wp.com\/www.jojoenherbe.com\/wp-content\/uploads\/2020\/12\/Contes-nordiques-scaled.jpg?fit=1200%2C705&resize=700%2C400 2x, https:\/\/i0.wp.com\/www.jojoenherbe.com\/wp-content\/uploads\/2020\/12\/Contes-nordiques-scaled.jpg?fit=1200%2C705&resize=1050%2C600 3x"},"classes":[]},{"id":29615,"url":"http:\/\/www.jojoenherbe.com\/index.php\/2023\/02\/05\/au-fil-des-pages-avec-les-rhinos-ne-mangent-pas-de-crepes\/","url_meta":{"origin":10512,"position":3},"title":"Au fil des pages avec Les rhinos ne mangent pas de cr\u00eapes","author":"Jojo","date":"5 f\u00e9vrier 2023","format":false,"excerpt":"Nous avons lu Les rhinos ne mangent pas de cr\u00eapes d'Anna Kemp et Sara Ogilvie (\u00e9d. Little Urban, 2017), un album jeunesse \u00e0 partir de 3 ans. Se sentant d\u00e9laiss\u00e9e par ses parents et bien seule, Mathilde voit son quotidien chambouler par l'arriv\u00e9e d'un \u00e9norme rhinoc\u00e9ros violet qui adore les\u2026","rel":"","context":"Dans &quot;Mini lecteur&quot;","block_context":{"text":"Mini lecteur","link":"http:\/\/www.jojoenherbe.com\/index.php\/category\/mini-lecteur\/"},"img":{"alt_text":"","src":"https:\/\/i0.wp.com\/www.jojoenherbe.com\/wp-content\/uploads\/2023\/02\/Les-rhinos-ne-mangent-pas-des-crepes-scaled.jpg?fit=1200%2C947&resize=350%2C200","width":350,"height":200,"srcset":"https:\/\/i0.wp.com\/www.jojoenherbe.com\/wp-content\/uploads\/2023\/02\/Les-rhinos-ne-mangent-pas-des-crepes-scaled.jpg?fit=1200%2C947&resize=350%2C200 1x, https:\/\/i0.wp.com\/www.jojoenherbe.com\/wp-content\/uploads\/2023\/02\/Les-rhinos-ne-mangent-pas-des-crepes-scaled.jpg?fit=1200%2C947&resize=525%2C300 1.5x, https:\/\/i0.wp.com\/www.jojoenherbe.com\/wp-content\/uploads\/2023\/02\/Les-rhinos-ne-mangent-pas-des-crepes-scaled.jpg?fit=1200%2C947&resize=700%2C400 2x, https:\/\/i0.wp.com\/www.jojoenherbe.com\/wp-content\/uploads\/2023\/02\/Les-rhinos-ne-mangent-pas-des-crepes-scaled.jpg?fit=1200%2C947&resize=1050%2C600 3x"},"classes":[]},{"id":32882,"url":"http:\/\/www.jojoenherbe.com\/index.php\/2023\/10\/27\/au-fil-des-pages-avec-la-princesse-aux-perles\/","url_meta":{"origin":10512,"position":4},"title":"Au fil des pages avec La princesse aux perles","author":"Jojo","date":"27 octobre 2023","format":false,"excerpt":"Fin ao\u00fbt 2023, j\u2019ai lu La Princesse aux perles de Mary de Morgan et Yvonne Gilbert (\u00e9d. des \u00c9l\u00e9phants, novembre 2015, 64 pages), un conte de f\u00e9es anglais paru pour la premi\u00e8re fois en 1880 et \u00e0 partir de 9 ans. Fiorimonde est une princesse d'une grande beaut\u00e9 gr\u00e2ce \u00e0\u2026","rel":"","context":"Dans &quot;Mini lecteur&quot;","block_context":{"text":"Mini lecteur","link":"http:\/\/www.jojoenherbe.com\/index.php\/category\/mini-lecteur\/"},"img":{"alt_text":"","src":"https:\/\/i0.wp.com\/www.jojoenherbe.com\/wp-content\/uploads\/2023\/09\/La-princesse-aux-perles-scaled.jpg?fit=1200%2C968&resize=350%2C200","width":350,"height":200,"srcset":"https:\/\/i0.wp.com\/www.jojoenherbe.com\/wp-content\/uploads\/2023\/09\/La-princesse-aux-perles-scaled.jpg?fit=1200%2C968&resize=350%2C200 1x, https:\/\/i0.wp.com\/www.jojoenherbe.com\/wp-content\/uploads\/2023\/09\/La-princesse-aux-perles-scaled.jpg?fit=1200%2C968&resize=525%2C300 1.5x, https:\/\/i0.wp.com\/www.jojoenherbe.com\/wp-content\/uploads\/2023\/09\/La-princesse-aux-perles-scaled.jpg?fit=1200%2C968&resize=700%2C400 2x, https:\/\/i0.wp.com\/www.jojoenherbe.com\/wp-content\/uploads\/2023\/09\/La-princesse-aux-perles-scaled.jpg?fit=1200%2C968&resize=1050%2C600 3x"},"classes":[]},{"id":29218,"url":"http:\/\/www.jojoenherbe.com\/index.php\/2023\/01\/18\/au-fil-des-pages-avec-le-dernier-des-loups\/","url_meta":{"origin":10512,"position":5},"title":"Au fil des pages avec Le dernier des loups","author":"Jojo","date":"18 janvier 2023","format":false,"excerpt":"Le week-end dernier, nous avons relu Le dernier des loups de S\u00e9bastien Perez et Justine Brax (\u00e9d. Albin Michel Jeunesse, 2020), un album jeunesse grand format \u00e0 partir de 6 ans et que j'avais achet\u00e9 \u00e0 sa parution, en septembre 2020. Il est bien difficile de se remettre de la\u2026","rel":"","context":"Dans &quot;Mini lecteur&quot;","block_context":{"text":"Mini lecteur","link":"http:\/\/www.jojoenherbe.com\/index.php\/category\/mini-lecteur\/"},"img":{"alt_text":"","src":"https:\/\/i0.wp.com\/www.jojoenherbe.com\/wp-content\/uploads\/2021\/01\/Le-dernier-des-loups-scaled.jpg?fit=1200%2C1011&resize=350%2C200","width":350,"height":200,"srcset":"https:\/\/i0.wp.com\/www.jojoenherbe.com\/wp-content\/uploads\/2021\/01\/Le-dernier-des-loups-scaled.jpg?fit=1200%2C1011&resize=350%2C200 1x, https:\/\/i0.wp.com\/www.jojoenherbe.com\/wp-content\/uploads\/2021\/01\/Le-dernier-des-loups-scaled.jpg?fit=1200%2C1011&resize=525%2C300 1.5x, https:\/\/i0.wp.com\/www.jojoenherbe.com\/wp-content\/uploads\/2021\/01\/Le-dernier-des-loups-scaled.jpg?fit=1200%2C1011&resize=700%2C400 2x, https:\/\/i0.wp.com\/www.jojoenherbe.com\/wp-content\/uploads\/2021\/01\/Le-dernier-des-loups-scaled.jpg?fit=1200%2C1011&resize=1050%2C600 3x"},"classes":[]}],"_links":{"self":[{"href":"http:\/\/www.jojoenherbe.com\/index.php\/wp-json\/wp\/v2\/posts\/10512","targetHints":{"allow":["GET"]}}],"collection":[{"href":"http:\/\/www.jojoenherbe.com\/index.php\/wp-json\/wp\/v2\/posts"}],"about":[{"href":"http:\/\/www.jojoenherbe.com\/index.php\/wp-json\/wp\/v2\/types\/post"}],"author":[{"embeddable":true,"href":"http:\/\/www.jojoenherbe.com\/index.php\/wp-json\/wp\/v2\/users\/1"}],"replies":[{"embeddable":true,"href":"http:\/\/www.jojoenherbe.com\/index.php\/wp-json\/wp\/v2\/comments?post=10512"}],"version-history":[{"count":1,"href":"http:\/\/www.jojoenherbe.com\/index.php\/wp-json\/wp\/v2\/posts\/10512\/revisions"}],"predecessor-version":[{"id":32730,"href":"http:\/\/www.jojoenherbe.com\/index.php\/wp-json\/wp\/v2\/posts\/10512\/revisions\/32730"}],"wp:featuredmedia":[{"embeddable":true,"href":"http:\/\/www.jojoenherbe.com\/index.php\/wp-json\/wp\/v2\/media\/10520"}],"wp:attachment":[{"href":"http:\/\/www.jojoenherbe.com\/index.php\/wp-json\/wp\/v2\/media?parent=10512"}],"wp:term":[{"taxonomy":"category","embeddable":true,"href":"http:\/\/www.jojoenherbe.com\/index.php\/wp-json\/wp\/v2\/categories?post=10512"},{"taxonomy":"post_tag","embeddable":true,"href":"http:\/\/www.jojoenherbe.com\/index.php\/wp-json\/wp\/v2\/tags?post=10512"}],"curies":[{"name":"wp","href":"https:\/\/api.w.org\/{rel}","templated":true}]}}