{"id":105,"date":"2015-11-02T14:36:48","date_gmt":"2015-11-02T13:36:48","guid":{"rendered":"http:\/\/jojoenherbe.com\/?p=105"},"modified":"2018-01-22T21:02:54","modified_gmt":"2018-01-22T20:02:54","slug":"rocca-sparviera-ou-le-village-maudit","status":"publish","type":"post","link":"http:\/\/www.jojoenherbe.com\/index.php\/2015\/11\/02\/rocca-sparviera-ou-le-village-maudit\/","title":{"rendered":"Rocca Sparvi\u00e8ra ou le village maudit"},"content":{"rendered":"<p style=\"text-align: justify;\" align=\"JUSTIFY\"><i>Ce 1er novembre 2015, nous partons dans la vall\u00e9e du Paillon en direction de Coaraze. L&rsquo;objectif du jour : Rocca Sparvi\u00e8ra. Le soleil est au rendez-vous et nous pouvons d\u00e9buter la randonn\u00e9e. Nous voyons enfin les ruines du village maudit par la Reine Jeanne. En effet, on raconte, depuis des si\u00e8cles, qu&rsquo;on lui aurait servi lors d&rsquo;un d\u00eener de No\u00ebl les corps d\u00e9coup\u00e9s<\/i><i> de ses deux enfants&#8230;\u00a0<\/i><\/p>\n<p align=\"JUSTIFY\"><a href=\"https:\/\/i0.wp.com\/jojoenherbe.com\/wp-content\/uploads\/2018\/01\/DSCN3841.jpg\"><img data-recalc-dims=\"1\" loading=\"lazy\" decoding=\"async\" data-attachment-id=\"107\" data-permalink=\"http:\/\/www.jojoenherbe.com\/index.php\/2015\/11\/02\/rocca-sparviera-ou-le-village-maudit\/dscn3841\/\" data-orig-file=\"https:\/\/i0.wp.com\/www.jojoenherbe.com\/wp-content\/uploads\/2018\/01\/DSCN3841.jpg?fit=3000%2C4000\" data-orig-size=\"3000,4000\" data-comments-opened=\"1\" data-image-meta=\"{&quot;aperture&quot;:&quot;7.6&quot;,&quot;credit&quot;:&quot;&quot;,&quot;camera&quot;:&quot;COOLPIX S5100&quot;,&quot;caption&quot;:&quot;&quot;,&quot;created_timestamp&quot;:&quot;1446393686&quot;,&quot;copyright&quot;:&quot;&quot;,&quot;focal_length&quot;:&quot;5&quot;,&quot;iso&quot;:&quot;100&quot;,&quot;shutter_speed&quot;:&quot;0.005&quot;,&quot;title&quot;:&quot;&quot;,&quot;orientation&quot;:&quot;1&quot;}\" data-image-title=\"Rocca Sparvi\u00e8ra\" data-image-description=\"\" data-image-caption=\"\" data-large-file=\"https:\/\/i0.wp.com\/www.jojoenherbe.com\/wp-content\/uploads\/2018\/01\/DSCN3841.jpg?fit=676%2C901\" class=\"alignleft wp-image-107 size-thumbnail\" src=\"https:\/\/i0.wp.com\/jojoenherbe.com\/wp-content\/uploads\/2018\/01\/DSCN3841-150x150.jpg?resize=150%2C150\" alt=\"\" width=\"150\" height=\"150\" srcset=\"https:\/\/i0.wp.com\/www.jojoenherbe.com\/wp-content\/uploads\/2018\/01\/DSCN3841.jpg?resize=150%2C150 150w, https:\/\/i0.wp.com\/www.jojoenherbe.com\/wp-content\/uploads\/2018\/01\/DSCN3841.jpg?zoom=2&amp;resize=150%2C150 300w, https:\/\/i0.wp.com\/www.jojoenherbe.com\/wp-content\/uploads\/2018\/01\/DSCN3841.jpg?zoom=3&amp;resize=150%2C150 450w\" sizes=\"auto, (max-width: 150px) 100vw, 150px\" \/><\/a> <a href=\"https:\/\/i0.wp.com\/jojoenherbe.com\/wp-content\/uploads\/2018\/01\/DSCN3846.jpg\"><img data-recalc-dims=\"1\" loading=\"lazy\" decoding=\"async\" data-attachment-id=\"108\" data-permalink=\"http:\/\/www.jojoenherbe.com\/index.php\/2015\/11\/02\/rocca-sparviera-ou-le-village-maudit\/dscn3846\/\" data-orig-file=\"https:\/\/i0.wp.com\/www.jojoenherbe.com\/wp-content\/uploads\/2018\/01\/DSCN3846.jpg?fit=4000%2C3000\" data-orig-size=\"4000,3000\" data-comments-opened=\"1\" data-image-meta=\"{&quot;aperture&quot;:&quot;2.7&quot;,&quot;credit&quot;:&quot;&quot;,&quot;camera&quot;:&quot;COOLPIX S5100&quot;,&quot;caption&quot;:&quot;&quot;,&quot;created_timestamp&quot;:&quot;1446395117&quot;,&quot;copyright&quot;:&quot;&quot;,&quot;focal_length&quot;:&quot;5&quot;,&quot;iso&quot;:&quot;100&quot;,&quot;shutter_speed&quot;:&quot;0.001&quot;,&quot;title&quot;:&quot;&quot;,&quot;orientation&quot;:&quot;1&quot;}\" data-image-title=\"Rocca Sparvi\u00e8ra\" data-image-description=\"\" data-image-caption=\"\" data-large-file=\"https:\/\/i0.wp.com\/www.jojoenherbe.com\/wp-content\/uploads\/2018\/01\/DSCN3846.jpg?fit=676%2C507\" class=\"alignleft wp-image-108 size-thumbnail\" src=\"https:\/\/i0.wp.com\/jojoenherbe.com\/wp-content\/uploads\/2018\/01\/DSCN3846-150x150.jpg?resize=150%2C150\" alt=\"\" width=\"150\" height=\"150\" srcset=\"https:\/\/i0.wp.com\/www.jojoenherbe.com\/wp-content\/uploads\/2018\/01\/DSCN3846.jpg?resize=150%2C150 150w, https:\/\/i0.wp.com\/www.jojoenherbe.com\/wp-content\/uploads\/2018\/01\/DSCN3846.jpg?zoom=2&amp;resize=150%2C150 300w, https:\/\/i0.wp.com\/www.jojoenherbe.com\/wp-content\/uploads\/2018\/01\/DSCN3846.jpg?zoom=3&amp;resize=150%2C150 450w\" sizes=\"auto, (max-width: 150px) 100vw, 150px\" \/><\/a> <a href=\"https:\/\/i0.wp.com\/jojoenherbe.com\/wp-content\/uploads\/2018\/01\/DSCN3849.jpg\"><img data-recalc-dims=\"1\" loading=\"lazy\" decoding=\"async\" data-attachment-id=\"109\" data-permalink=\"http:\/\/www.jojoenherbe.com\/index.php\/2015\/11\/02\/rocca-sparviera-ou-le-village-maudit\/dscn3849\/\" data-orig-file=\"https:\/\/i0.wp.com\/www.jojoenherbe.com\/wp-content\/uploads\/2018\/01\/DSCN3849.jpg?fit=4000%2C3000\" data-orig-size=\"4000,3000\" data-comments-opened=\"1\" data-image-meta=\"{&quot;aperture&quot;:&quot;7.6&quot;,&quot;credit&quot;:&quot;&quot;,&quot;camera&quot;:&quot;COOLPIX S5100&quot;,&quot;caption&quot;:&quot;&quot;,&quot;created_timestamp&quot;:&quot;1446395752&quot;,&quot;copyright&quot;:&quot;&quot;,&quot;focal_length&quot;:&quot;5&quot;,&quot;iso&quot;:&quot;100&quot;,&quot;shutter_speed&quot;:&quot;0.005&quot;,&quot;title&quot;:&quot;&quot;,&quot;orientation&quot;:&quot;1&quot;}\" data-image-title=\"Rocca Sparvi\u00e8ra\" data-image-description=\"\" data-image-caption=\"\" data-large-file=\"https:\/\/i0.wp.com\/www.jojoenherbe.com\/wp-content\/uploads\/2018\/01\/DSCN3849.jpg?fit=676%2C507\" class=\"alignleft wp-image-109 size-thumbnail\" src=\"https:\/\/i0.wp.com\/jojoenherbe.com\/wp-content\/uploads\/2018\/01\/DSCN3849-150x150.jpg?resize=150%2C150\" alt=\"\" width=\"150\" height=\"150\" srcset=\"https:\/\/i0.wp.com\/www.jojoenherbe.com\/wp-content\/uploads\/2018\/01\/DSCN3849.jpg?resize=150%2C150 150w, https:\/\/i0.wp.com\/www.jojoenherbe.com\/wp-content\/uploads\/2018\/01\/DSCN3849.jpg?zoom=2&amp;resize=150%2C150 300w, https:\/\/i0.wp.com\/www.jojoenherbe.com\/wp-content\/uploads\/2018\/01\/DSCN3849.jpg?zoom=3&amp;resize=150%2C150 450w\" sizes=\"auto, (max-width: 150px) 100vw, 150px\" \/><\/a> <a href=\"https:\/\/i0.wp.com\/jojoenherbe.com\/wp-content\/uploads\/2018\/01\/DSCN3854.jpg\"><img data-recalc-dims=\"1\" loading=\"lazy\" decoding=\"async\" data-attachment-id=\"110\" data-permalink=\"http:\/\/www.jojoenherbe.com\/index.php\/2015\/11\/02\/rocca-sparviera-ou-le-village-maudit\/dscn3854\/\" data-orig-file=\"https:\/\/i0.wp.com\/www.jojoenherbe.com\/wp-content\/uploads\/2018\/01\/DSCN3854.jpg?fit=4000%2C3000\" data-orig-size=\"4000,3000\" data-comments-opened=\"1\" data-image-meta=\"{&quot;aperture&quot;:&quot;7.6&quot;,&quot;credit&quot;:&quot;&quot;,&quot;camera&quot;:&quot;COOLPIX S5100&quot;,&quot;caption&quot;:&quot;&quot;,&quot;created_timestamp&quot;:&quot;1446395952&quot;,&quot;copyright&quot;:&quot;&quot;,&quot;focal_length&quot;:&quot;5&quot;,&quot;iso&quot;:&quot;100&quot;,&quot;shutter_speed&quot;:&quot;0.003125&quot;,&quot;title&quot;:&quot;&quot;,&quot;orientation&quot;:&quot;1&quot;}\" data-image-title=\"Rocca Sparvi\u00e8ra\" data-image-description=\"\" data-image-caption=\"\" data-large-file=\"https:\/\/i0.wp.com\/www.jojoenherbe.com\/wp-content\/uploads\/2018\/01\/DSCN3854.jpg?fit=676%2C507\" class=\"alignleft wp-image-110 size-thumbnail\" src=\"https:\/\/i0.wp.com\/jojoenherbe.com\/wp-content\/uploads\/2018\/01\/DSCN3854-150x150.jpg?resize=150%2C150\" alt=\"\" width=\"150\" height=\"150\" srcset=\"https:\/\/i0.wp.com\/www.jojoenherbe.com\/wp-content\/uploads\/2018\/01\/DSCN3854.jpg?resize=150%2C150 150w, https:\/\/i0.wp.com\/www.jojoenherbe.com\/wp-content\/uploads\/2018\/01\/DSCN3854.jpg?zoom=2&amp;resize=150%2C150 300w, https:\/\/i0.wp.com\/www.jojoenherbe.com\/wp-content\/uploads\/2018\/01\/DSCN3854.jpg?zoom=3&amp;resize=150%2C150 450w\" sizes=\"auto, (max-width: 150px) 100vw, 150px\" \/><\/a> <img data-recalc-dims=\"1\" loading=\"lazy\" decoding=\"async\" data-attachment-id=\"111\" data-permalink=\"http:\/\/www.jojoenherbe.com\/index.php\/2015\/11\/02\/rocca-sparviera-ou-le-village-maudit\/dscn3857\/\" data-orig-file=\"https:\/\/i0.wp.com\/www.jojoenherbe.com\/wp-content\/uploads\/2018\/01\/DSCN3857.jpg?fit=4000%2C3000\" data-orig-size=\"4000,3000\" data-comments-opened=\"1\" data-image-meta=\"{&quot;aperture&quot;:&quot;7.6&quot;,&quot;credit&quot;:&quot;&quot;,&quot;camera&quot;:&quot;COOLPIX S5100&quot;,&quot;caption&quot;:&quot;&quot;,&quot;created_timestamp&quot;:&quot;1446395970&quot;,&quot;copyright&quot;:&quot;&quot;,&quot;focal_length&quot;:&quot;5&quot;,&quot;iso&quot;:&quot;100&quot;,&quot;shutter_speed&quot;:&quot;0.004&quot;,&quot;title&quot;:&quot;&quot;,&quot;orientation&quot;:&quot;1&quot;}\" data-image-title=\"Rocca Sparvi\u00e8ra\" data-image-description=\"\" data-image-caption=\"\" data-large-file=\"https:\/\/i0.wp.com\/www.jojoenherbe.com\/wp-content\/uploads\/2018\/01\/DSCN3857.jpg?fit=676%2C507\" class=\"alignleft wp-image-111 size-thumbnail\" src=\"https:\/\/i0.wp.com\/jojoenherbe.com\/wp-content\/uploads\/2018\/01\/DSCN3857-150x150.jpg?resize=150%2C150\" alt=\"\" width=\"150\" height=\"150\" srcset=\"https:\/\/i0.wp.com\/www.jojoenherbe.com\/wp-content\/uploads\/2018\/01\/DSCN3857.jpg?resize=150%2C150 150w, https:\/\/i0.wp.com\/www.jojoenherbe.com\/wp-content\/uploads\/2018\/01\/DSCN3857.jpg?zoom=2&amp;resize=150%2C150 300w, https:\/\/i0.wp.com\/www.jojoenherbe.com\/wp-content\/uploads\/2018\/01\/DSCN3857.jpg?zoom=3&amp;resize=150%2C150 450w\" sizes=\"auto, (max-width: 150px) 100vw, 150px\" \/> <a href=\"https:\/\/i0.wp.com\/jojoenherbe.com\/wp-content\/uploads\/2018\/01\/DSCN3861.jpg\"><img data-recalc-dims=\"1\" loading=\"lazy\" decoding=\"async\" data-attachment-id=\"112\" data-permalink=\"http:\/\/www.jojoenherbe.com\/index.php\/2015\/11\/02\/rocca-sparviera-ou-le-village-maudit\/dscn3861\/\" data-orig-file=\"https:\/\/i0.wp.com\/www.jojoenherbe.com\/wp-content\/uploads\/2018\/01\/DSCN3861.jpg?fit=4000%2C3000\" data-orig-size=\"4000,3000\" data-comments-opened=\"1\" data-image-meta=\"{&quot;aperture&quot;:&quot;2.7&quot;,&quot;credit&quot;:&quot;&quot;,&quot;camera&quot;:&quot;COOLPIX S5100&quot;,&quot;caption&quot;:&quot;&quot;,&quot;created_timestamp&quot;:&quot;1446396057&quot;,&quot;copyright&quot;:&quot;&quot;,&quot;focal_length&quot;:&quot;5&quot;,&quot;iso&quot;:&quot;100&quot;,&quot;shutter_speed&quot;:&quot;0.003125&quot;,&quot;title&quot;:&quot;&quot;,&quot;orientation&quot;:&quot;1&quot;}\" data-image-title=\"Rocca Sparvi\u00e8ra\" data-image-description=\"\" data-image-caption=\"\" data-large-file=\"https:\/\/i0.wp.com\/www.jojoenherbe.com\/wp-content\/uploads\/2018\/01\/DSCN3861.jpg?fit=676%2C507\" class=\"alignleft wp-image-112 size-thumbnail\" src=\"https:\/\/i0.wp.com\/jojoenherbe.com\/wp-content\/uploads\/2018\/01\/DSCN3861-150x150.jpg?resize=150%2C150\" alt=\"\" width=\"150\" height=\"150\" srcset=\"https:\/\/i0.wp.com\/www.jojoenherbe.com\/wp-content\/uploads\/2018\/01\/DSCN3861.jpg?resize=150%2C150 150w, https:\/\/i0.wp.com\/www.jojoenherbe.com\/wp-content\/uploads\/2018\/01\/DSCN3861.jpg?zoom=2&amp;resize=150%2C150 300w, https:\/\/i0.wp.com\/www.jojoenherbe.com\/wp-content\/uploads\/2018\/01\/DSCN3861.jpg?zoom=3&amp;resize=150%2C150 450w\" sizes=\"auto, (max-width: 150px) 100vw, 150px\" \/><\/a><\/p>\n<p align=\"JUSTIFY\">\n","protected":false},"excerpt":{"rendered":"<p>Ce 1er novembre 2015, nous partons dans la vall\u00e9e du Paillon en direction de Coaraze. L&rsquo;objectif du jour : Rocca Sparvi\u00e8ra. Le soleil est au rendez-vous et nous pouvons d\u00e9buter la randonn\u00e9e. Nous voyons enfin les ruines du village maudit par la Reine Jeanne. En effet, on raconte, depuis des si\u00e8cles, qu&rsquo;on lui aurait servi [&hellip;]<\/p>\n","protected":false},"author":1,"featured_media":106,"comment_status":"open","ping_status":"open","sticky":false,"template":"","format":"standard","meta":{"jetpack_post_was_ever_published":false,"_jetpack_newsletter_access":"","_jetpack_dont_email_post_to_subs":false,"_jetpack_newsletter_tier_id":0,"_jetpack_memberships_contains_paywalled_content":false,"_jetpack_memberships_contains_paid_content":false,"footnotes":""},"categories":[13],"tags":[25,63,5],"class_list":["post-105","post","type-post","status-publish","format-standard","has-post-thumbnail","hentry","category-mini-randonneur","tag-alpes-maritimes","tag-coaraze","tag-paca","post-preview"],"jetpack_featured_media_url":"https:\/\/i0.wp.com\/www.jojoenherbe.com\/wp-content\/uploads\/2018\/01\/DSCN3834.jpg?fit=4000%2C3000","jetpack_sharing_enabled":true,"jetpack_shortlink":"https:\/\/wp.me\/p9zhGx-1H","jetpack_likes_enabled":true,"jetpack-related-posts":[{"id":41411,"url":"http:\/\/www.jojoenherbe.com\/index.php\/2025\/11\/19\/au-fil-des-pages-avec-le-tome-4-de-brume\/","url_meta":{"origin":105,"position":0},"title":"Au fil des pages avec le tome 4 de Brume","author":"Jojo","date":"19 novembre 2025","format":false,"excerpt":"M\u00eame si l'\u00e9dition 2025 du challenge d'Halloween se termine bient\u00f4t, je ne pouvais pas ne pas parler du tome 4 de Brume, La Nouvelle Sorci\u00e8re de J\u00e9r\u00f4me P\u00e9lissier et Carine Hinder (\u00e9d. Gl\u00e9nat, coll. Tch\u00f4!, octobre 2025, 72 pages), une BD jeunesse \u00e9crite en lettres majuscules et \u00e0 partir de\u2026","rel":"","context":"Dans &quot;Mini lecteur&quot;","block_context":{"text":"Mini lecteur","link":"http:\/\/www.jojoenherbe.com\/index.php\/category\/mini-lecteur\/"},"img":{"alt_text":"","src":"https:\/\/i0.wp.com\/www.jojoenherbe.com\/wp-content\/uploads\/2025\/11\/Brume-T4-scaled.jpg?fit=1200%2C853&resize=350%2C200","width":350,"height":200,"srcset":"https:\/\/i0.wp.com\/www.jojoenherbe.com\/wp-content\/uploads\/2025\/11\/Brume-T4-scaled.jpg?fit=1200%2C853&resize=350%2C200 1x, https:\/\/i0.wp.com\/www.jojoenherbe.com\/wp-content\/uploads\/2025\/11\/Brume-T4-scaled.jpg?fit=1200%2C853&resize=525%2C300 1.5x, https:\/\/i0.wp.com\/www.jojoenherbe.com\/wp-content\/uploads\/2025\/11\/Brume-T4-scaled.jpg?fit=1200%2C853&resize=700%2C400 2x, https:\/\/i0.wp.com\/www.jojoenherbe.com\/wp-content\/uploads\/2025\/11\/Brume-T4-scaled.jpg?fit=1200%2C853&resize=1050%2C600 3x"},"classes":[]},{"id":5334,"url":"http:\/\/www.jojoenherbe.com\/index.php\/2019\/03\/31\/flanerie-dans-les-ruelles-de-bairols\/","url_meta":{"origin":105,"position":1},"title":"Fl\u00e2nerie dans les ruelles de Bairols","author":"Jojo","date":"31 mars 2019","format":false,"excerpt":"Ce 30 mars 2019, nous montons \u00e0 Bairols, petit village m\u00e9di\u00e9val perch\u00e9 \u00e0 830 m\u00e8tres d'altitude dans la vall\u00e9e de la Tin\u00e9e. Pour y acc\u00e9der, nous empruntons une petite route sinueuse. Heureusement, comme nous sommes hors saison, nous ne croisons que deux voitures et pouvons nous garer facilement. Nous montons\u2026","rel":"","context":"Dans &quot;Mini baladeur&quot;","block_context":{"text":"Mini baladeur","link":"http:\/\/www.jojoenherbe.com\/index.php\/category\/mini-crapahuteur\/mini-baladeur\/"},"img":{"alt_text":"","src":"https:\/\/i0.wp.com\/www.jojoenherbe.com\/wp-content\/uploads\/2019\/03\/Bairols-9.jpg?fit=1200%2C900&resize=350%2C200","width":350,"height":200,"srcset":"https:\/\/i0.wp.com\/www.jojoenherbe.com\/wp-content\/uploads\/2019\/03\/Bairols-9.jpg?fit=1200%2C900&resize=350%2C200 1x, https:\/\/i0.wp.com\/www.jojoenherbe.com\/wp-content\/uploads\/2019\/03\/Bairols-9.jpg?fit=1200%2C900&resize=525%2C300 1.5x, https:\/\/i0.wp.com\/www.jojoenherbe.com\/wp-content\/uploads\/2019\/03\/Bairols-9.jpg?fit=1200%2C900&resize=700%2C400 2x, https:\/\/i0.wp.com\/www.jojoenherbe.com\/wp-content\/uploads\/2019\/03\/Bairols-9.jpg?fit=1200%2C900&resize=1050%2C600 3x"},"classes":[]},{"id":4131,"url":"http:\/\/www.jojoenherbe.com\/index.php\/2018\/12\/24\/circuit-des-creches-luceram\/","url_meta":{"origin":105,"position":2},"title":"Circuit des cr\u00e8ches &#8211; Luc\u00e9ram","author":"Jojo","date":"24 d\u00e9cembre 2018","format":false,"excerpt":"Ce 23 d\u00e9cembre 2018, nous partons \u00e0 Luc\u00e9ram, village m\u00e9di\u00e9val et perch\u00e9 dans le Haut Paillon, sur la route du Col de Turini. Au programme du jour, d\u00e9ambulations, sous les rayons du soleil, dans les ruelles de ce charmant village dans le cadre du vingt-et-uni\u00e8me circuit des cr\u00e8ches. Nous commen\u00e7ons\u2026","rel":"","context":"Dans &quot;Mini visiteur&quot;","block_context":{"text":"Mini visiteur","link":"http:\/\/www.jojoenherbe.com\/index.php\/category\/mini-crapahuteur\/mini-visiteur\/"},"img":{"alt_text":"","src":"https:\/\/i0.wp.com\/www.jojoenherbe.com\/wp-content\/uploads\/2018\/12\/circuit-des-cr%C3%A8ches-Luc%C3%A9ram-11.jpg?fit=1090%2C1200&resize=350%2C200","width":350,"height":200,"srcset":"https:\/\/i0.wp.com\/www.jojoenherbe.com\/wp-content\/uploads\/2018\/12\/circuit-des-cr%C3%A8ches-Luc%C3%A9ram-11.jpg?fit=1090%2C1200&resize=350%2C200 1x, https:\/\/i0.wp.com\/www.jojoenherbe.com\/wp-content\/uploads\/2018\/12\/circuit-des-cr%C3%A8ches-Luc%C3%A9ram-11.jpg?fit=1090%2C1200&resize=525%2C300 1.5x, https:\/\/i0.wp.com\/www.jojoenherbe.com\/wp-content\/uploads\/2018\/12\/circuit-des-cr%C3%A8ches-Luc%C3%A9ram-11.jpg?fit=1090%2C1200&resize=700%2C400 2x, https:\/\/i0.wp.com\/www.jojoenherbe.com\/wp-content\/uploads\/2018\/12\/circuit-des-cr%C3%A8ches-Luc%C3%A9ram-11.jpg?fit=1090%2C1200&resize=1050%2C600 3x"},"classes":[]},{"id":1671,"url":"http:\/\/www.jojoenherbe.com\/index.php\/2009\/05\/15\/balade-a-saint-guilhem-le-desert\/","url_meta":{"origin":105,"position":3},"title":"Balade \u00e0 Saint-Guilhem-le-D\u00e9sert","author":"Jojo","date":"15 mai 2009","format":false,"excerpt":"Ce 9 mai 2009, nous allons \u00e0 Saint-Guilhem-le-D\u00e9sert, situ\u00e9\u00a0 \u00e0 une trentaine de kilom\u00e8tres de Montpellier. Nous nous garons sur le parking en contrebas de la commune et suivons le ruisseau Verdus qui nous offre une jolie petite cascade. La for\u00eat avoisinante est remplie de pins noirs, les pins de\u2026","rel":"","context":"Dans &quot;Mini baladeur&quot;","block_context":{"text":"Mini baladeur","link":"http:\/\/www.jojoenherbe.com\/index.php\/category\/mini-crapahuteur\/mini-baladeur\/"},"img":{"alt_text":"","src":"https:\/\/i0.wp.com\/www.jojoenherbe.com\/wp-content\/uploads\/2009\/05\/Saint-Guilhem-le-D%C3%A9sert-5.jpg?fit=1200%2C900&resize=350%2C200","width":350,"height":200,"srcset":"https:\/\/i0.wp.com\/www.jojoenherbe.com\/wp-content\/uploads\/2009\/05\/Saint-Guilhem-le-D%C3%A9sert-5.jpg?fit=1200%2C900&resize=350%2C200 1x, https:\/\/i0.wp.com\/www.jojoenherbe.com\/wp-content\/uploads\/2009\/05\/Saint-Guilhem-le-D%C3%A9sert-5.jpg?fit=1200%2C900&resize=525%2C300 1.5x, https:\/\/i0.wp.com\/www.jojoenherbe.com\/wp-content\/uploads\/2009\/05\/Saint-Guilhem-le-D%C3%A9sert-5.jpg?fit=1200%2C900&resize=700%2C400 2x, https:\/\/i0.wp.com\/www.jojoenherbe.com\/wp-content\/uploads\/2009\/05\/Saint-Guilhem-le-D%C3%A9sert-5.jpg?fit=1200%2C900&resize=1050%2C600 3x"},"classes":[]},{"id":1355,"url":"http:\/\/www.jojoenherbe.com\/index.php\/2015\/09\/01\/dans-le-verdon-en-voiture\/","url_meta":{"origin":105,"position":4},"title":"Dans le Verdon en voiture","author":"Jojo","date":"1 septembre 2015","format":false,"excerpt":"Ce 30 ao\u00fbt 2015, nous nous levons t\u00f4t au camping de Sainte-Croix-du-Verdon, r\u00e9veill\u00e9s par les chants des oiseaux. Nous partons vers les Gorges du Verdon. Nous nous arr\u00eatons \u00e0 Salles-sur-Verdon pour nous renseigner aupr\u00e8s de l'Office du Tourisme et prendre un petit d\u00e9jeuner sur la terrasse d'une boulangerie de la\u2026","rel":"","context":"Dans &quot;Mini baladeur&quot;","block_context":{"text":"Mini baladeur","link":"http:\/\/www.jojoenherbe.com\/index.php\/category\/mini-crapahuteur\/mini-baladeur\/"},"img":{"alt_text":"","src":"https:\/\/i0.wp.com\/www.jojoenherbe.com\/wp-content\/uploads\/2015\/09\/Lac-de-Sainte-Croix-3.jpg?fit=1200%2C900&resize=350%2C200","width":350,"height":200,"srcset":"https:\/\/i0.wp.com\/www.jojoenherbe.com\/wp-content\/uploads\/2015\/09\/Lac-de-Sainte-Croix-3.jpg?fit=1200%2C900&resize=350%2C200 1x, https:\/\/i0.wp.com\/www.jojoenherbe.com\/wp-content\/uploads\/2015\/09\/Lac-de-Sainte-Croix-3.jpg?fit=1200%2C900&resize=525%2C300 1.5x, https:\/\/i0.wp.com\/www.jojoenherbe.com\/wp-content\/uploads\/2015\/09\/Lac-de-Sainte-Croix-3.jpg?fit=1200%2C900&resize=700%2C400 2x, https:\/\/i0.wp.com\/www.jojoenherbe.com\/wp-content\/uploads\/2015\/09\/Lac-de-Sainte-Croix-3.jpg?fit=1200%2C900&resize=1050%2C600 3x"},"classes":[]},{"id":1766,"url":"http:\/\/www.jojoenherbe.com\/index.php\/2006\/10\/05\/le-baou-de-saint-jeannet\/","url_meta":{"origin":105,"position":5},"title":"Le Baou de Saint-Jeannet","author":"Jojo","date":"5 octobre 2006","format":false,"excerpt":"Ce 1er octobre 2006, nous partons entre amis, en tout d\u00e9but d'apr\u00e8s-midi, \u00e0 Saint-Jeannet visiter le village et monter au sommet du Baou. Une fois la voiture gar\u00e9e sur le parking \u00e0 l'entr\u00e9e du village, nous commen\u00e7ons par d\u00e9ambuler dans les ruelles du village jusqu'\u00e0 la rue du Baou. Nous\u2026","rel":"","context":"Dans &quot;Mini randonneur&quot;","block_context":{"text":"Mini randonneur","link":"http:\/\/www.jojoenherbe.com\/index.php\/category\/mini-crapahuteur\/mini-randonneur\/"},"img":{"alt_text":"","src":"https:\/\/i0.wp.com\/www.jojoenherbe.com\/wp-content\/uploads\/2006\/10\/Baou-de-Saint-Jeannet-2.jpg?fit=1200%2C900&resize=350%2C200","width":350,"height":200,"srcset":"https:\/\/i0.wp.com\/www.jojoenherbe.com\/wp-content\/uploads\/2006\/10\/Baou-de-Saint-Jeannet-2.jpg?fit=1200%2C900&resize=350%2C200 1x, https:\/\/i0.wp.com\/www.jojoenherbe.com\/wp-content\/uploads\/2006\/10\/Baou-de-Saint-Jeannet-2.jpg?fit=1200%2C900&resize=525%2C300 1.5x, https:\/\/i0.wp.com\/www.jojoenherbe.com\/wp-content\/uploads\/2006\/10\/Baou-de-Saint-Jeannet-2.jpg?fit=1200%2C900&resize=700%2C400 2x, https:\/\/i0.wp.com\/www.jojoenherbe.com\/wp-content\/uploads\/2006\/10\/Baou-de-Saint-Jeannet-2.jpg?fit=1200%2C900&resize=1050%2C600 3x"},"classes":[]}],"_links":{"self":[{"href":"http:\/\/www.jojoenherbe.com\/index.php\/wp-json\/wp\/v2\/posts\/105","targetHints":{"allow":["GET"]}}],"collection":[{"href":"http:\/\/www.jojoenherbe.com\/index.php\/wp-json\/wp\/v2\/posts"}],"about":[{"href":"http:\/\/www.jojoenherbe.com\/index.php\/wp-json\/wp\/v2\/types\/post"}],"author":[{"embeddable":true,"href":"http:\/\/www.jojoenherbe.com\/index.php\/wp-json\/wp\/v2\/users\/1"}],"replies":[{"embeddable":true,"href":"http:\/\/www.jojoenherbe.com\/index.php\/wp-json\/wp\/v2\/comments?post=105"}],"version-history":[{"count":0,"href":"http:\/\/www.jojoenherbe.com\/index.php\/wp-json\/wp\/v2\/posts\/105\/revisions"}],"wp:featuredmedia":[{"embeddable":true,"href":"http:\/\/www.jojoenherbe.com\/index.php\/wp-json\/wp\/v2\/media\/106"}],"wp:attachment":[{"href":"http:\/\/www.jojoenherbe.com\/index.php\/wp-json\/wp\/v2\/media?parent=105"}],"wp:term":[{"taxonomy":"category","embeddable":true,"href":"http:\/\/www.jojoenherbe.com\/index.php\/wp-json\/wp\/v2\/categories?post=105"},{"taxonomy":"post_tag","embeddable":true,"href":"http:\/\/www.jojoenherbe.com\/index.php\/wp-json\/wp\/v2\/tags?post=105"}],"curies":[{"name":"wp","href":"https:\/\/api.w.org\/{rel}","templated":true}]}}