{"id":10457,"date":"2020-04-23T17:33:22","date_gmt":"2020-04-23T15:33:22","guid":{"rendered":"http:\/\/www.jojoenherbe.com\/?p=10457"},"modified":"2021-06-18T17:15:15","modified_gmt":"2021-06-18T15:15:15","slug":"au-fil-des-pages-avec-le-tome-1-des-enquetes-denola-holmes","status":"publish","type":"post","link":"http:\/\/www.jojoenherbe.com\/index.php\/2020\/04\/23\/au-fil-des-pages-avec-le-tome-1-des-enquetes-denola-holmes\/","title":{"rendered":"Au fil des pages avec le tome 1 des Enqu\u00eates d&rsquo;Enola Holmes"},"content":{"rendered":"<p style=\"text-align: justify;\"><em>Avec plusieurs semaines de retard, voici enfin mon billet d&rsquo;un roman jeunesse emprunt\u00e9 et lu lors du premier RAT du Challenge British Mysteries 2020. Il s&rsquo;agit du <\/em><em>tome 1 d&rsquo;une s\u00e9rie de romans policiers jeunesse \u00e0 partir de 9 ans: <span style=\"text-decoration: underline;\">Les Enqu\u00eates d&rsquo;Enola Holmes, La double disparition<\/span> de Nancy Springer (\u00e9d. France Loisirs, coll. Guanaco, 2010). <\/em><\/p>\n<p style=\"text-align: justify;\"><em>En 1888, le jour de ses 14 ans, Enola Holmes voit son anniversaire contrarier par la disparition inqui\u00e9tante de sa m\u00e8re. Elle fait venir ses deux fr\u00e8res, Mycroft et Sherlock Holmes, qu&rsquo;elle n&rsquo;a pas revus depuis le d\u00e9c\u00e8s de leur p\u00e8re, dix ans auparavant. Ces derniers ayant d\u00e9cid\u00e9 de l&rsquo;envoyer <span class=\"\">dans un \u00e9tablissement pour parfaire l&rsquo;\u00e9ducation des jeunes ladies<\/span>, Enola d\u00e9cide de leur fausser compagnie pour mener sa propre enqu\u00eate. Mais alors qu&rsquo;elle gagne la gare pour se rendre \u00e0 Londres, elle est intrigu\u00e9e par une autre disparition, celle d&rsquo;un jeune vicomte et d\u00e9cide de prendre part aux recherches, ce qui va l&rsquo;entra\u00eener dans les bas-fonds de Londres. Arrivera-t-elle \u00e0 r\u00e9soudre cette double disparition?<\/em><\/p>\n<p style=\"text-align: justify;\"><em>Un tr\u00e8s bon moment de lecture avec cette histoire plaisante et qui s&rsquo;amuse \u00e0 r\u00e9inventer des enqu\u00eates dignes d&rsquo;un jeune Sherlock Holmes (en particulier le premier chapitre)! L&rsquo;h\u00e9ro\u00efne est une adolescente au fort temp\u00e9rament, attachante et ing\u00e9nieuse, de surcro\u00eet capable de d\u00e9chiffrer des messages cod\u00e9s. Ces qualit\u00e9s lui seront bien utiles pour rechercher sa m\u00e8re et \u00e9chapper ainsi au destin impos\u00e9 par ses fr\u00e8res. <\/em><em>Ce premier tome me donne envie de conna\u00eetre la suite, une version BD jeunesse existant \u00e9galement.<\/em><\/p>\n<p><em>Pour un autre avis sur ce roman policier jeunesse: <a href=\"http:\/\/www.lelivroblog.fr\/archive\/2018\/03\/06\/les-enquetes-d-enola-holmes-1-6031861.html\">Hilde<\/a>.<\/em><\/p>\n<div style=\"width: 180px\" class=\"wp-caption alignleft\"><img data-recalc-dims=\"1\" loading=\"lazy\" decoding=\"async\" id=\"media-6086605\" src=\"https:\/\/i0.wp.com\/www.lelivroblog.fr\/media\/02\/00\/1231115009.jpg?resize=170%2C170\" alt=\"\" width=\"170\" height=\"170\" \/><p class=\"wp-caption-text\">Challenge British Mysteries de <a href=\"http:\/\/www.lelivroblog.fr\/archive\/2020\/02\/03\/british-mysteries-month-5e-edition-du-challenge-annuel-briti-6210132.html\">Hilde<\/a> et <a href=\"http:\/\/www.myloubook.com\/2020\/02\/03\/british-mysteries-month-5e-edition-du-challenge-annuel-british-mysteries\/\">Lou<\/a> #RAT<\/p><\/div>\n<div style=\"width: 198px\" class=\"wp-caption alignleft\"><img loading=\"lazy\" decoding=\"async\" src=\"https:\/\/lh3.googleusercontent.com\/yeyHsyE8ePB9xQx2t9obPo4nIUGeuGsS-P1wwGiEip3f9lcFED23VkM1Pr5hYoy4puCex2GzVOyZNHjl5qeUnhImyiKFqwfTaONmF_HEc7SEvgxhr1eZXuJ6zzg9JfEY4XADWBPBCxMLePs3HiWfgCjRFVaAIkiQhaX8RGfOMzZhoMNQUFFuWlglQGRva5RIkSFvo7nk3yMWVz4PgUXBK3Uof2Hf073K4C6YvQC1u6gRN2BCr4tNyqitAlYfULcqVlua9UK9L5kLVOZWs2-xrAzDf1K3rxU8pxE6Fdm1EI8_YbPW09CsTNa9CW1z0lvieJ6Ify6BbltA9XBnOC99XwB4E833hDdb9KWRbKTb8bwsVGIAFF1x2JkOCAWTkq3OtXJmlgaccySEr2PvCr9rzIA4GtrzB04GpU7RNPlnkfNDjtPoy6UR5nf5SD-RQvfrkHaKDQocAHpi1MoHr0bWF4h3F08r5y_TM01DqKXAgeInHehhuxNBZ4LGs7Emk2ol6RPfVd4UEj0916JVKRknXSsSbJG_50ptPlCGTOdHDTOUMc6x63Wp68_DnNhG9qn5FPKuDHhZvC008a4nifQFWuKVT6HvqNgW-LcvXb0wnjbSwgS8qwHb3LtHJj3uAe971aQRDPkS146UchPgCLNczeUje4Y3YFpuV4P1KYu67RSdAOITJNzzSRO2Dycc1PCqSdc7IoPwLu0-aT-FJ0m-KvlkUQLXoamPhl2WKbODyZSfc5ZT=w285-h217-no\" alt=\"\" width=\"188\" height=\"143\" \/><p class=\"wp-caption-text\"><a href=\"https:\/\/ennalit.wordpress.com\/2019\/12\/01\/challenge-petit-bac-2020-qui-veut-jouer\/\">Challenge Petit Bac d&rsquo;Enna<\/a> #5 Cat\u00e9gorie Crimes et Justice: \u00ab\u00a0Enqu\u00eates\u00a0\u00bb<\/p><\/div>\n","protected":false},"excerpt":{"rendered":"<p>Avec plusieurs semaines de retard, voici enfin mon billet d&rsquo;un roman jeunesse emprunt\u00e9 et lu lors du premier RAT du Challenge British Mysteries 2020. Il s&rsquo;agit du tome 1 d&rsquo;une s\u00e9rie de romans policiers jeunesse \u00e0 partir de 9 ans: Les Enqu\u00eates d&rsquo;Enola Holmes, La double disparition de Nancy Springer (\u00e9d. France Loisirs, coll. Guanaco, [&hellip;]<\/p>\n","protected":false},"author":1,"featured_media":10461,"comment_status":"open","ping_status":"open","sticky":false,"template":"","format":"standard","meta":{"jetpack_post_was_ever_published":false,"_jetpack_newsletter_access":"","_jetpack_dont_email_post_to_subs":false,"_jetpack_newsletter_tier_id":0,"_jetpack_memberships_contains_paywalled_content":false,"_jetpack_memberships_contains_paid_content":false,"footnotes":""},"categories":[363],"tags":[852,1461,1477,1352,1492,1081,1388,914,1622,367,2607,1329,789,1357],"class_list":["post-10457","post","type-post","status-publish","format-standard","has-post-thumbnail","hentry","category-mini-lecteur","tag-9-12-ans","tag-angleterre","tag-challenge-british-mysteries-2020","tag-challenge-petit-bac-2020","tag-condition-de-la-femme","tag-disparition","tag-enola-holmes","tag-enquete","tag-epoque-victorienne","tag-lecture-jeunesse","tag-nancy-springer","tag-roman-policier","tag-romans-jeunesse","tag-sherlock-holmes","post-preview"],"jetpack_featured_media_url":"https:\/\/i0.wp.com\/www.jojoenherbe.com\/wp-content\/uploads\/2020\/03\/Les-enqu%C3%AAtes-dEnola-Holmes-T1-scaled.jpg?fit=2560%2C1920","jetpack_sharing_enabled":true,"jetpack_shortlink":"https:\/\/wp.me\/p9zhGx-2IF","jetpack_likes_enabled":true,"jetpack-related-posts":[{"id":12544,"url":"http:\/\/www.jojoenherbe.com\/index.php\/2020\/10\/03\/au-fil-des-pages-avec-le-tome-1-de-la-bd-des-enquetes-denola-holmes\/","url_meta":{"origin":10457,"position":0},"title":"Au fil des pages avec le tome 1 de la BD des Enqu\u00eates d&rsquo;Enola Holmes","author":"Jojo","date":"3 octobre 2020","format":false,"excerpt":"Apr\u00e8s avoir lu les romans de Nancy Springer et vu le film tr\u00e8s librement adapt\u00e9 du premier tome, je lis le tome 1 de l'adaptation en BD des Enqu\u00eates d'Enola Holmes, La double disparition de Serena Blasco (\u00e9d. Jungle, 2015, r\u00e9\u00e9d. 2020), une BD jeunesse \u00e0 partir de 9 ans.\u2026","rel":"","context":"Dans &quot;Mini lecteur&quot;","block_context":{"text":"Mini lecteur","link":"http:\/\/www.jojoenherbe.com\/index.php\/category\/mini-lecteur\/"},"img":{"alt_text":"","src":"https:\/\/i0.wp.com\/www.jojoenherbe.com\/wp-content\/uploads\/2020\/10\/BD-Enola-Holmes-T1-scaled.jpg?fit=1200%2C900&resize=350%2C200","width":350,"height":200,"srcset":"https:\/\/i0.wp.com\/www.jojoenherbe.com\/wp-content\/uploads\/2020\/10\/BD-Enola-Holmes-T1-scaled.jpg?fit=1200%2C900&resize=350%2C200 1x, https:\/\/i0.wp.com\/www.jojoenherbe.com\/wp-content\/uploads\/2020\/10\/BD-Enola-Holmes-T1-scaled.jpg?fit=1200%2C900&resize=525%2C300 1.5x, https:\/\/i0.wp.com\/www.jojoenherbe.com\/wp-content\/uploads\/2020\/10\/BD-Enola-Holmes-T1-scaled.jpg?fit=1200%2C900&resize=700%2C400 2x, https:\/\/i0.wp.com\/www.jojoenherbe.com\/wp-content\/uploads\/2020\/10\/BD-Enola-Holmes-T1-scaled.jpg?fit=1200%2C900&resize=1050%2C600 3x"},"classes":[]},{"id":19221,"url":"http:\/\/www.jojoenherbe.com\/index.php\/2021\/07\/08\/au-fil-des-pages-avec-le-tome-2-de-la-bd-des-enquetes-denola-holmes\/","url_meta":{"origin":10457,"position":1},"title":"Au fil des pages avec le tome 2 de la BD des Enqu\u00eates d\u2019Enola Holmes","author":"Jojo","date":"8 juillet 2021","format":false,"excerpt":"Fin juin pendant le Mois Anglais 2021, j'ai emprunt\u00e9 \u00e0 la m\u00e9diath\u00e8que et lu dans la foul\u00e9e le tome 2 des Enqu\u00eates d'Enola Holmes, L'affaire Lady Alistair de Serena Blasco (\u00e9d. Jungle, 2016), une BD jeunesse \u00e0 partir de 9 ans, d'apr\u00e8s le roman de Nancy Springer. L'ann\u00e9e derni\u00e8re, j'avais\u2026","rel":"","context":"Dans &quot;Mini lecteur&quot;","block_context":{"text":"Mini lecteur","link":"http:\/\/www.jojoenherbe.com\/index.php\/category\/mini-lecteur\/"},"img":{"alt_text":"","src":"https:\/\/i0.wp.com\/www.jojoenherbe.com\/wp-content\/uploads\/2021\/07\/Enola-Holmes-BD-T2-scaled.jpg?fit=1200%2C1003&resize=350%2C200","width":350,"height":200,"srcset":"https:\/\/i0.wp.com\/www.jojoenherbe.com\/wp-content\/uploads\/2021\/07\/Enola-Holmes-BD-T2-scaled.jpg?fit=1200%2C1003&resize=350%2C200 1x, https:\/\/i0.wp.com\/www.jojoenherbe.com\/wp-content\/uploads\/2021\/07\/Enola-Holmes-BD-T2-scaled.jpg?fit=1200%2C1003&resize=525%2C300 1.5x, https:\/\/i0.wp.com\/www.jojoenherbe.com\/wp-content\/uploads\/2021\/07\/Enola-Holmes-BD-T2-scaled.jpg?fit=1200%2C1003&resize=700%2C400 2x, https:\/\/i0.wp.com\/www.jojoenherbe.com\/wp-content\/uploads\/2021\/07\/Enola-Holmes-BD-T2-scaled.jpg?fit=1200%2C1003&resize=1050%2C600 3x"},"classes":[]},{"id":11556,"url":"http:\/\/www.jojoenherbe.com\/index.php\/2020\/07\/15\/au-fil-des-pages-avec-le-tome-2-des-enquetes-denola-holmes\/","url_meta":{"origin":10457,"position":2},"title":"Au fil des pages avec Le tome 2 des Enqu\u00eates d&rsquo;Enola Holmes","author":"Jojo","date":"15 juillet 2020","format":false,"excerpt":"Lors des derniers jours du Mois Anglais 2020, j'ai lu le tome 2 des Enqu\u00eates d'Enola Holmes, L'affaire Lady Alistair de Nancy Springer (\u00e9d. France Loisirs, coll. Guanaco, 2010). Je retrouve Enola Holmes sous sa fausse identit\u00e9 d'Ivy Meshle, quelques mois plus tard, en janvier 1889 \u00e0 Londres. Quelle n'est\u2026","rel":"","context":"Dans &quot;Mini lecteur&quot;","block_context":{"text":"Mini lecteur","link":"http:\/\/www.jojoenherbe.com\/index.php\/category\/mini-lecteur\/"},"img":{"alt_text":"","src":"https:\/\/i0.wp.com\/www.jojoenherbe.com\/wp-content\/uploads\/2020\/07\/Enola-Holmes-T2-scaled.jpg?fit=1200%2C930&resize=350%2C200","width":350,"height":200,"srcset":"https:\/\/i0.wp.com\/www.jojoenherbe.com\/wp-content\/uploads\/2020\/07\/Enola-Holmes-T2-scaled.jpg?fit=1200%2C930&resize=350%2C200 1x, https:\/\/i0.wp.com\/www.jojoenherbe.com\/wp-content\/uploads\/2020\/07\/Enola-Holmes-T2-scaled.jpg?fit=1200%2C930&resize=525%2C300 1.5x, https:\/\/i0.wp.com\/www.jojoenherbe.com\/wp-content\/uploads\/2020\/07\/Enola-Holmes-T2-scaled.jpg?fit=1200%2C930&resize=700%2C400 2x, https:\/\/i0.wp.com\/www.jojoenherbe.com\/wp-content\/uploads\/2020\/07\/Enola-Holmes-T2-scaled.jpg?fit=1200%2C930&resize=1050%2C600 3x"},"classes":[]},{"id":11734,"url":"http:\/\/www.jojoenherbe.com\/index.php\/2020\/08\/30\/au-fil-des-pages-avec-le-tome-3-denola-holmes\/","url_meta":{"origin":10457,"position":3},"title":"Au fil des pages avec le tome 3 d&rsquo;Enola Holmes","author":"Jojo","date":"30 ao\u00fbt 2020","format":false,"excerpt":"D\u00e9but ao\u00fbt, j'ai lu le tome 3 des Enqu\u00eates d'Enola Holmes, Le myst\u00e8re des pavots blancs de Nancy Springer (\u00e9d. Nathan, 2008), un roman jeunesse policier \u00e0 partir de 9 ans. N'ayant pas encore eu le temps de le chroniquer, je le fais pour le billet commun du 30 ao\u00fbt\u2026","rel":"","context":"Dans &quot;Mini lecteur&quot;","block_context":{"text":"Mini lecteur","link":"http:\/\/www.jojoenherbe.com\/index.php\/category\/mini-lecteur\/"},"img":{"alt_text":"","src":"https:\/\/i0.wp.com\/www.jojoenherbe.com\/wp-content\/uploads\/2020\/08\/Enola-Holmes-T3-scaled.jpg?fit=1200%2C900&resize=350%2C200","width":350,"height":200,"srcset":"https:\/\/i0.wp.com\/www.jojoenherbe.com\/wp-content\/uploads\/2020\/08\/Enola-Holmes-T3-scaled.jpg?fit=1200%2C900&resize=350%2C200 1x, https:\/\/i0.wp.com\/www.jojoenherbe.com\/wp-content\/uploads\/2020\/08\/Enola-Holmes-T3-scaled.jpg?fit=1200%2C900&resize=525%2C300 1.5x, https:\/\/i0.wp.com\/www.jojoenherbe.com\/wp-content\/uploads\/2020\/08\/Enola-Holmes-T3-scaled.jpg?fit=1200%2C900&resize=700%2C400 2x, https:\/\/i0.wp.com\/www.jojoenherbe.com\/wp-content\/uploads\/2020\/08\/Enola-Holmes-T3-scaled.jpg?fit=1200%2C900&resize=1050%2C600 3x"},"classes":[]},{"id":10456,"url":"http:\/\/www.jojoenherbe.com\/index.php\/2020\/03\/14\/un-second-rat-du-challenge-british-mysteries-2020\/","url_meta":{"origin":10457,"position":4},"title":"Un second RAT du Challenge British Mysteries 2020","author":"Jojo","date":"14 mars 2020","format":false,"excerpt":"Depuis hier, 13 mars 2020 jusqu'\u00e0 dimanche minuit se d\u00e9roule le second RAT du Challenge British Mysteries organis\u00e9 par Hilde et Lou. Pour ce marathon de lectures, j'ai repris dans ma PAL la plupart des livres que j'ai choisi pour le premier RAT. Le 13 mars 2020, nous relisons des\u2026","rel":"","context":"Dans &quot;Mini challenger&quot;","block_context":{"text":"Mini challenger","link":"http:\/\/www.jojoenherbe.com\/index.php\/category\/mini-challenger\/"},"img":{"alt_text":"","src":"https:\/\/i0.wp.com\/www.jojoenherbe.com\/wp-content\/uploads\/2020\/03\/RAT-Challenge-British-Mysteries-1-scaled.jpg?fit=1200%2C852&resize=350%2C200","width":350,"height":200,"srcset":"https:\/\/i0.wp.com\/www.jojoenherbe.com\/wp-content\/uploads\/2020\/03\/RAT-Challenge-British-Mysteries-1-scaled.jpg?fit=1200%2C852&resize=350%2C200 1x, https:\/\/i0.wp.com\/www.jojoenherbe.com\/wp-content\/uploads\/2020\/03\/RAT-Challenge-British-Mysteries-1-scaled.jpg?fit=1200%2C852&resize=525%2C300 1.5x, https:\/\/i0.wp.com\/www.jojoenherbe.com\/wp-content\/uploads\/2020\/03\/RAT-Challenge-British-Mysteries-1-scaled.jpg?fit=1200%2C852&resize=700%2C400 2x, https:\/\/i0.wp.com\/www.jojoenherbe.com\/wp-content\/uploads\/2020\/03\/RAT-Challenge-British-Mysteries-1-scaled.jpg?fit=1200%2C852&resize=1050%2C600 3x"},"classes":[]},{"id":42205,"url":"http:\/\/www.jojoenherbe.com\/index.php\/2026\/01\/08\/throwback-thursday-livresque-un-anniversaire-dans-le-roman\/","url_meta":{"origin":10457,"position":5},"title":"Throwback Thursday Livresque: Un anniversaire dans le roman","author":"Jojo","date":"8 janvier 2026","format":false,"excerpt":"Ce jeudi 8 janvier 2026, je participe au Throwback Thursday Livresque, un rendez-vous livresque initialement chez Bettie Rose Books et repris depuis par Carole, les liens \u00e9tant \u00e0 d\u00e9poser chez My-Bo0ks. Le principe est de partager chaque jeudi un livre \"ancien\" de notre biblioth\u00e8que en fonction d\u2019un th\u00e8me donn\u00e9. Cette\u2026","rel":"","context":"Dans &quot;Mini blogueur&quot;","block_context":{"text":"Mini blogueur","link":"http:\/\/www.jojoenherbe.com\/index.php\/category\/mini-blogueur\/"},"img":{"alt_text":"","src":"https:\/\/i0.wp.com\/www.jojoenherbe.com\/wp-content\/uploads\/2023\/10\/TTL-logo.jpg?resize=350%2C200","width":350,"height":200},"classes":[]}],"_links":{"self":[{"href":"http:\/\/www.jojoenherbe.com\/index.php\/wp-json\/wp\/v2\/posts\/10457","targetHints":{"allow":["GET"]}}],"collection":[{"href":"http:\/\/www.jojoenherbe.com\/index.php\/wp-json\/wp\/v2\/posts"}],"about":[{"href":"http:\/\/www.jojoenherbe.com\/index.php\/wp-json\/wp\/v2\/types\/post"}],"author":[{"embeddable":true,"href":"http:\/\/www.jojoenherbe.com\/index.php\/wp-json\/wp\/v2\/users\/1"}],"replies":[{"embeddable":true,"href":"http:\/\/www.jojoenherbe.com\/index.php\/wp-json\/wp\/v2\/comments?post=10457"}],"version-history":[{"count":0,"href":"http:\/\/www.jojoenherbe.com\/index.php\/wp-json\/wp\/v2\/posts\/10457\/revisions"}],"wp:featuredmedia":[{"embeddable":true,"href":"http:\/\/www.jojoenherbe.com\/index.php\/wp-json\/wp\/v2\/media\/10461"}],"wp:attachment":[{"href":"http:\/\/www.jojoenherbe.com\/index.php\/wp-json\/wp\/v2\/media?parent=10457"}],"wp:term":[{"taxonomy":"category","embeddable":true,"href":"http:\/\/www.jojoenherbe.com\/index.php\/wp-json\/wp\/v2\/categories?post=10457"},{"taxonomy":"post_tag","embeddable":true,"href":"http:\/\/www.jojoenherbe.com\/index.php\/wp-json\/wp\/v2\/tags?post=10457"}],"curies":[{"name":"wp","href":"https:\/\/api.w.org\/{rel}","templated":true}]}}