{"id":10248,"date":"2020-03-05T14:07:39","date_gmt":"2020-03-05T13:07:39","guid":{"rendered":"http:\/\/www.jojoenherbe.com\/?p=10248"},"modified":"2022-02-28T12:50:20","modified_gmt":"2022-02-28T11:50:20","slug":"au-fil-des-pages-avec-petit-clown-le-trou","status":"publish","type":"post","link":"http:\/\/www.jojoenherbe.com\/index.php\/2020\/03\/05\/au-fil-des-pages-avec-petit-clown-le-trou\/","title":{"rendered":"Au fil des pages avec Petit Clown, le trou"},"content":{"rendered":"<p style=\"text-align: justify;\"><em><a href=\"https:\/\/i0.wp.com\/www.jojoenherbe.com\/wp-content\/uploads\/2020\/03\/Petit-clown-le-trou-2-scaled.jpg\"><img data-recalc-dims=\"1\" loading=\"lazy\" decoding=\"async\" data-attachment-id=\"10250\" data-permalink=\"http:\/\/www.jojoenherbe.com\/index.php\/2020\/03\/05\/au-fil-des-pages-avec-petit-clown-le-trou\/petit-clown-le-trou-2\/\" data-orig-file=\"https:\/\/i0.wp.com\/www.jojoenherbe.com\/wp-content\/uploads\/2020\/03\/Petit-clown-le-trou-2-scaled.jpg?fit=2560%2C1920\" data-orig-size=\"2560,1920\" data-comments-opened=\"1\" data-image-meta=\"{&quot;aperture&quot;:&quot;2.4&quot;,&quot;credit&quot;:&quot;&quot;,&quot;camera&quot;:&quot;iPhone 4S&quot;,&quot;caption&quot;:&quot;&quot;,&quot;created_timestamp&quot;:&quot;1583407049&quot;,&quot;copyright&quot;:&quot;&quot;,&quot;focal_length&quot;:&quot;4.28&quot;,&quot;iso&quot;:&quot;640&quot;,&quot;shutter_speed&quot;:&quot;0.066666666666667&quot;,&quot;title&quot;:&quot;&quot;,&quot;orientation&quot;:&quot;1&quot;}\" data-image-title=\"Petit clown le trou 2\" data-image-description=\"\" data-image-caption=\"\" data-large-file=\"https:\/\/i0.wp.com\/www.jojoenherbe.com\/wp-content\/uploads\/2020\/03\/Petit-clown-le-trou-2-scaled.jpg?fit=676%2C507\" class=\"alignleft size-thumbnail wp-image-10250\" src=\"https:\/\/i0.wp.com\/www.jojoenherbe.com\/wp-content\/uploads\/2020\/03\/Petit-clown-le-trou-2.jpg?resize=150%2C150\" alt=\"\" width=\"150\" height=\"150\" srcset=\"https:\/\/i0.wp.com\/www.jojoenherbe.com\/wp-content\/uploads\/2020\/03\/Petit-clown-le-trou-2-scaled.jpg?resize=150%2C150 150w, https:\/\/i0.wp.com\/www.jojoenherbe.com\/wp-content\/uploads\/2020\/03\/Petit-clown-le-trou-2-scaled.jpg?zoom=2&amp;resize=150%2C150 300w, https:\/\/i0.wp.com\/www.jojoenherbe.com\/wp-content\/uploads\/2020\/03\/Petit-clown-le-trou-2-scaled.jpg?zoom=3&amp;resize=150%2C150 450w\" sizes=\"auto, (max-width: 150px) 100vw, 150px\" \/><\/a> <a href=\"https:\/\/i0.wp.com\/www.jojoenherbe.com\/wp-content\/uploads\/2020\/03\/Petit-clown-le-trou-3-scaled.jpg\"><img data-recalc-dims=\"1\" loading=\"lazy\" decoding=\"async\" data-attachment-id=\"10251\" data-permalink=\"http:\/\/www.jojoenherbe.com\/index.php\/2020\/03\/05\/au-fil-des-pages-avec-petit-clown-le-trou\/petit-clown-le-trou-3\/\" data-orig-file=\"https:\/\/i0.wp.com\/www.jojoenherbe.com\/wp-content\/uploads\/2020\/03\/Petit-clown-le-trou-3-scaled.jpg?fit=2560%2C1920\" data-orig-size=\"2560,1920\" data-comments-opened=\"1\" data-image-meta=\"{&quot;aperture&quot;:&quot;2.4&quot;,&quot;credit&quot;:&quot;&quot;,&quot;camera&quot;:&quot;iPhone 4S&quot;,&quot;caption&quot;:&quot;&quot;,&quot;created_timestamp&quot;:&quot;1583407070&quot;,&quot;copyright&quot;:&quot;&quot;,&quot;focal_length&quot;:&quot;4.28&quot;,&quot;iso&quot;:&quot;800&quot;,&quot;shutter_speed&quot;:&quot;0.066666666666667&quot;,&quot;title&quot;:&quot;&quot;,&quot;orientation&quot;:&quot;1&quot;}\" data-image-title=\"Petit clown le trou 3\" data-image-description=\"\" data-image-caption=\"\" data-large-file=\"https:\/\/i0.wp.com\/www.jojoenherbe.com\/wp-content\/uploads\/2020\/03\/Petit-clown-le-trou-3-scaled.jpg?fit=676%2C507\" class=\"alignleft size-thumbnail wp-image-10251\" src=\"https:\/\/i0.wp.com\/www.jojoenherbe.com\/wp-content\/uploads\/2020\/03\/Petit-clown-le-trou-3.jpg?resize=150%2C150\" alt=\"\" width=\"150\" height=\"150\" srcset=\"https:\/\/i0.wp.com\/www.jojoenherbe.com\/wp-content\/uploads\/2020\/03\/Petit-clown-le-trou-3-scaled.jpg?resize=150%2C150 150w, https:\/\/i0.wp.com\/www.jojoenherbe.com\/wp-content\/uploads\/2020\/03\/Petit-clown-le-trou-3-scaled.jpg?zoom=2&amp;resize=150%2C150 300w, https:\/\/i0.wp.com\/www.jojoenherbe.com\/wp-content\/uploads\/2020\/03\/Petit-clown-le-trou-3-scaled.jpg?zoom=3&amp;resize=150%2C150 450w\" sizes=\"auto, (max-width: 150px) 100vw, 150px\" \/><\/a>En cette p\u00e9riode de carnaval, nous empruntons \u00e0 la m\u00e9diath\u00e8que <span style=\"text-decoration: underline;\">Petit Clown, le trou<\/span> de Jacques Duquennoy (\u00e9d. Albin Michel Jeunesse, 2013), un album jeunesse cartonn\u00e9 \u00e0 partir de 3 ans, voire m\u00eame avant. Un petit clown dessine un trou sur le sol qui prend corps. A travers un dialogue entre le narrateur\/lecteur et un petit clown, nous voyons ce dernier partir \u00e0 la recherche d&rsquo;un tr\u00e9sor cach\u00e9 au fond d&rsquo;un trou. En effet, le texte interpelle le petit clown qui r\u00e9pond, jusqu&rsquo;\u00e0 nous dire au revoir \u00e0 la fin. Ce petit clown est aid\u00e9 dans sa qu\u00eate par des animaux habitant le trou. Place \u00e0 l&rsquo;imaginaire et la r\u00eaverie avec cette histoire simple, mignonne et en jouant avec l&rsquo;humour absurde (comme des fourmis traversant un passage pi\u00e9ton)! Un bon moment de lecture rigolote!<br \/>\n<\/em><\/p>\n<div style=\"width: 126px\" class=\"wp-caption alignleft\"><img data-recalc-dims=\"1\" loading=\"lazy\" decoding=\"async\" class=\"\" src=\"https:\/\/i0.wp.com\/delivrer-des-livres.fr\/wp-content\/uploads\/2019\/05\/logoalbums2019.png?resize=116%2C116\" alt=\"\" width=\"116\" height=\"116\" \/><p class=\"wp-caption-text\">Participation #165 <a href=\"http:\/\/delivrer-des-livres.fr\/challenge-albums-2019\/\">Je lis aussi des albums<\/a><\/p><\/div>\n<div style=\"width: 100px\" class=\"wp-caption alignleft\"><img data-recalc-dims=\"1\" loading=\"lazy\" decoding=\"async\" class=\"wp-caption-dt\" src=\"https:\/\/i0.wp.com\/2.bp.blogspot.com\/-TKBnABVnvwc\/Vx4rlxCGC1I\/AAAAAAAAL0o\/vWHf3kJJ_oQFnl5_LYs-AhwhkwyCAd2cgCPcBGAYYCw\/s200\/chut-les-enfants-lisent-logo-I.jpg?resize=90%2C162&#038;ssl=1\" alt=\"\" width=\"90\" height=\"162\" border=\"0\" data-original-height=\"386\" data-original-width=\"215\" \/><p class=\"wp-caption-text\">Participation #38 <a href=\"http:\/\/www.devinequivientbloguer.fr\/le-guide-des-livres-pour-enfants-pour-parents-curieux\/\">Devine qui vient Bloguer?<\/a><\/p><\/div>\n","protected":false},"excerpt":{"rendered":"<p>En cette p\u00e9riode de carnaval, nous empruntons \u00e0 la m\u00e9diath\u00e8que Petit Clown, le trou de Jacques Duquennoy (\u00e9d. Albin Michel Jeunesse, 2013), un album jeunesse cartonn\u00e9 \u00e0 partir de 3 ans, voire m\u00eame avant. Un petit clown dessine un trou sur le sol qui prend corps. A travers un dialogue entre le narrateur\/lecteur et un [&hellip;]<\/p>\n","protected":false},"author":1,"featured_media":10261,"comment_status":"open","ping_status":"open","sticky":false,"template":"","format":"standard","meta":{"jetpack_post_was_ever_published":false,"_jetpack_newsletter_access":"","_jetpack_dont_email_post_to_subs":false,"_jetpack_newsletter_tier_id":0,"_jetpack_memberships_contains_paywalled_content":false,"_jetpack_memberships_contains_paid_content":false,"footnotes":""},"categories":[363],"tags":[785,409,597,1119,1321,390,538,602,1322,1350,367],"class_list":["post-10248","post","type-post","status-publish","format-standard","has-post-thumbnail","hentry","category-mini-lecteur","tag-3-6-ans","tag-albums-jeunesse","tag-chasse-au-tresor","tag-chut-les-enfants-lisent","tag-clown","tag-entraide","tag-humour","tag-imaginaire","tag-jacques-duquennoy","tag-je-lis-aussi-des-albums-2019","tag-lecture-jeunesse","post-preview"],"jetpack_featured_media_url":"https:\/\/i0.wp.com\/www.jojoenherbe.com\/wp-content\/uploads\/2020\/03\/Petit-clown-le-trou-1-scaled.jpg?fit=2560%2C1885","jetpack_sharing_enabled":true,"jetpack_shortlink":"https:\/\/wp.me\/p9zhGx-2Fi","jetpack_likes_enabled":true,"jetpack-related-posts":[{"id":4950,"url":"http:\/\/www.jojoenherbe.com\/index.php\/2019\/03\/13\/au-fil-des-pages-avec-clown\/","url_meta":{"origin":10248,"position":0},"title":"Au fil des pages avec Clown","author":"Jojo","date":"13 mars 2019","format":false,"excerpt":"Pour continuer par la lecture Mardi gras et les carnavals de ces derni\u00e8res semaines, nous lisons Clown d'Elzbieta (\u00e9d. L'\u00e9cole des loisirs, coll. Les lutins, 2017). Le texte est tr\u00e8s simple: un petit clown voit dispara\u00eetre un \u00e0 un ses animaux de compagnie, des objets qu'il poss\u00e8de et m\u00eame son\u2026","rel":"","context":"Dans &quot;Mini lecteur&quot;","block_context":{"text":"Mini lecteur","link":"http:\/\/www.jojoenherbe.com\/index.php\/category\/mini-lecteur\/"},"img":{"alt_text":"","src":"https:\/\/i0.wp.com\/www.jojoenherbe.com\/wp-content\/uploads\/2019\/03\/Clown.jpg?fit=1200%2C969&resize=350%2C200","width":350,"height":200,"srcset":"https:\/\/i0.wp.com\/www.jojoenherbe.com\/wp-content\/uploads\/2019\/03\/Clown.jpg?fit=1200%2C969&resize=350%2C200 1x, https:\/\/i0.wp.com\/www.jojoenherbe.com\/wp-content\/uploads\/2019\/03\/Clown.jpg?fit=1200%2C969&resize=525%2C300 1.5x, https:\/\/i0.wp.com\/www.jojoenherbe.com\/wp-content\/uploads\/2019\/03\/Clown.jpg?fit=1200%2C969&resize=700%2C400 2x, https:\/\/i0.wp.com\/www.jojoenherbe.com\/wp-content\/uploads\/2019\/03\/Clown.jpg?fit=1200%2C969&resize=1050%2C600 3x"},"classes":[]},{"id":15883,"url":"http:\/\/www.jojoenherbe.com\/index.php\/2021\/02\/19\/nos-lectures-sur-le-theme-du-carnaval-2021\/","url_meta":{"origin":10248,"position":1},"title":"Nos lectures sur le th\u00e8me du carnaval 2021","author":"Jojo","date":"19 f\u00e9vrier 2021","format":false,"excerpt":"Mardi-gras ayant eu lieu mardi 16 f\u00e9vrier 2021, nous avons commenc\u00e9 cette semaine nos lectures sur le th\u00e8me du carnaval. Ce billet sera actualis\u00e9 au fur-et-\u00e0-mesure de nos lectures. Des albums jeunesse: une relecture de l\u2019ann\u00e9e derni\u00e8re avec Loup gris se d\u00e9guise de Gilles Bizouerne et Ronan Badel (\u00e9d. Didier\u2026","rel":"","context":"Dans &quot;Mini lecteur&quot;","block_context":{"text":"Mini lecteur","link":"http:\/\/www.jojoenherbe.com\/index.php\/category\/mini-lecteur\/"},"img":{"alt_text":"","src":"https:\/\/i0.wp.com\/www.jojoenherbe.com\/wp-content\/uploads\/2021\/02\/Selection-carnaval-2-scaled.jpg?fit=1200%2C900&resize=350%2C200","width":350,"height":200,"srcset":"https:\/\/i0.wp.com\/www.jojoenherbe.com\/wp-content\/uploads\/2021\/02\/Selection-carnaval-2-scaled.jpg?fit=1200%2C900&resize=350%2C200 1x, https:\/\/i0.wp.com\/www.jojoenherbe.com\/wp-content\/uploads\/2021\/02\/Selection-carnaval-2-scaled.jpg?fit=1200%2C900&resize=525%2C300 1.5x, https:\/\/i0.wp.com\/www.jojoenherbe.com\/wp-content\/uploads\/2021\/02\/Selection-carnaval-2-scaled.jpg?fit=1200%2C900&resize=700%2C400 2x, https:\/\/i0.wp.com\/www.jojoenherbe.com\/wp-content\/uploads\/2021\/02\/Selection-carnaval-2-scaled.jpg?fit=1200%2C900&resize=1050%2C600 3x"},"classes":[]},{"id":10499,"url":"http:\/\/www.jojoenherbe.com\/index.php\/2020\/03\/19\/au-fil-des-pages-avec-billy-cherche-un-tresor\/","url_meta":{"origin":10248,"position":2},"title":"Au fil des pages avec Billy cherche un tr\u00e9sor","author":"Jojo","date":"19 mars 2020","format":false,"excerpt":"Nous lisons depuis plusieurs jours Billy cherche un tr\u00e9sor de Catharina Valckx (\u00e9d. L'\u00e9cole des Loisirs, 2020), un album jeunesse tr\u00e8s rigolo \u00e0 partir de 5 ans et m\u00eame bien avant. Billy le hamster a d\u00e9couvert un vieux dessin bizarre et va voir son p\u00e8re. C'est la carte au tr\u00e9sor\u2026","rel":"","context":"Dans &quot;Mini lecteur&quot;","block_context":{"text":"Mini lecteur","link":"http:\/\/www.jojoenherbe.com\/index.php\/category\/mini-lecteur\/"},"img":{"alt_text":"","src":"https:\/\/i0.wp.com\/www.jojoenherbe.com\/wp-content\/uploads\/2020\/03\/Billy-cherche-un-tr%C3%A9sor-scaled.jpg?fit=1200%2C900&resize=350%2C200","width":350,"height":200,"srcset":"https:\/\/i0.wp.com\/www.jojoenherbe.com\/wp-content\/uploads\/2020\/03\/Billy-cherche-un-tr%C3%A9sor-scaled.jpg?fit=1200%2C900&resize=350%2C200 1x, https:\/\/i0.wp.com\/www.jojoenherbe.com\/wp-content\/uploads\/2020\/03\/Billy-cherche-un-tr%C3%A9sor-scaled.jpg?fit=1200%2C900&resize=525%2C300 1.5x, https:\/\/i0.wp.com\/www.jojoenherbe.com\/wp-content\/uploads\/2020\/03\/Billy-cherche-un-tr%C3%A9sor-scaled.jpg?fit=1200%2C900&resize=700%2C400 2x, https:\/\/i0.wp.com\/www.jojoenherbe.com\/wp-content\/uploads\/2020\/03\/Billy-cherche-un-tr%C3%A9sor-scaled.jpg?fit=1200%2C900&resize=1050%2C600 3x"},"classes":[]},{"id":8325,"url":"http:\/\/www.jojoenherbe.com\/index.php\/2019\/11\/07\/au-fil-des-pages-avec-le-vent-ma-pris\/","url_meta":{"origin":10248,"position":3},"title":"Au fil des pages avec Le vent m&rsquo;a pris","author":"Jojo","date":"7 novembre 2019","format":false,"excerpt":"Nous lisons Le vent m'a pris de Rascal (\u00e9d. L'\u00e9cole des loisirs, coll. Pastel, 2011), un album jeunesse pour les tout-petits. Par une journ\u00e9e automnale, le vent souffle fort et emporte, un \u00e0 un, tous les v\u00eatements d'un \u00e9pouvantail. Les arbres aussi perdent leurs derni\u00e8res feuilles. L'histoire est simple comme\u2026","rel":"","context":"Dans &quot;Mini lecteur&quot;","block_context":{"text":"Mini lecteur","link":"http:\/\/www.jojoenherbe.com\/index.php\/category\/mini-lecteur\/"},"img":{"alt_text":"","src":"https:\/\/i0.wp.com\/www.jojoenherbe.com\/wp-content\/uploads\/2019\/11\/Le-vent-ma-pris.jpg?fit=1200%2C900&resize=350%2C200","width":350,"height":200,"srcset":"https:\/\/i0.wp.com\/www.jojoenherbe.com\/wp-content\/uploads\/2019\/11\/Le-vent-ma-pris.jpg?fit=1200%2C900&resize=350%2C200 1x, https:\/\/i0.wp.com\/www.jojoenherbe.com\/wp-content\/uploads\/2019\/11\/Le-vent-ma-pris.jpg?fit=1200%2C900&resize=525%2C300 1.5x, https:\/\/i0.wp.com\/www.jojoenherbe.com\/wp-content\/uploads\/2019\/11\/Le-vent-ma-pris.jpg?fit=1200%2C900&resize=700%2C400 2x, https:\/\/i0.wp.com\/www.jojoenherbe.com\/wp-content\/uploads\/2019\/11\/Le-vent-ma-pris.jpg?fit=1200%2C900&resize=1050%2C600 3x"},"classes":[]},{"id":16806,"url":"http:\/\/www.jojoenherbe.com\/index.php\/2021\/06\/10\/au-fil-des-pages-avec-nina-et-le-doudou-magique\/","url_meta":{"origin":10248,"position":4},"title":"Au fil des pages avec Nina et le doudou magique","author":"Jojo","date":"10 juin 2021","format":false,"excerpt":"Depuis le d\u00e9but du printemps, nous lisons r\u00e9guli\u00e8rement Nina et le doudou magique de Nicola Killen (\u00e9d. Quatre Fleuves, coll. Livres po\u00e9tiques, 2019), un album jeunesse avec des d\u00e9coupes et \u00e0 partir de 3 ans. Lors d'un printemps pluvieux, Nina se d\u00e9sesp\u00e8re de pouvoir sortir dehors avec Merlin, son lapin\u2026","rel":"","context":"Dans &quot;Mini lecteur&quot;","block_context":{"text":"Mini lecteur","link":"http:\/\/www.jojoenherbe.com\/index.php\/category\/mini-lecteur\/"},"img":{"alt_text":"","src":"https:\/\/i0.wp.com\/www.jojoenherbe.com\/wp-content\/uploads\/2021\/06\/Nina-et-le-doudou-magique-scaled.jpg?fit=1200%2C900&resize=350%2C200","width":350,"height":200,"srcset":"https:\/\/i0.wp.com\/www.jojoenherbe.com\/wp-content\/uploads\/2021\/06\/Nina-et-le-doudou-magique-scaled.jpg?fit=1200%2C900&resize=350%2C200 1x, https:\/\/i0.wp.com\/www.jojoenherbe.com\/wp-content\/uploads\/2021\/06\/Nina-et-le-doudou-magique-scaled.jpg?fit=1200%2C900&resize=525%2C300 1.5x, https:\/\/i0.wp.com\/www.jojoenherbe.com\/wp-content\/uploads\/2021\/06\/Nina-et-le-doudou-magique-scaled.jpg?fit=1200%2C900&resize=700%2C400 2x, https:\/\/i0.wp.com\/www.jojoenherbe.com\/wp-content\/uploads\/2021\/06\/Nina-et-le-doudou-magique-scaled.jpg?fit=1200%2C900&resize=1050%2C600 3x"},"classes":[]},{"id":8058,"url":"http:\/\/www.jojoenherbe.com\/index.php\/2019\/10\/19\/au-fil-des-pages-avec-glouton-croqueur-de-livres\/","url_meta":{"origin":10248,"position":5},"title":"Au fil des pages avec Glouton, Le croqueur de livres","author":"Jojo","date":"19 octobre 2019","format":false,"excerpt":"Nous empruntons \u00e0 la biblioth\u00e8que Glouton, Le croqueur de livres d'Emma Yarlett (\u00e9d. Gr\u00fcnd, 2016), un album jeunesse \u00e0 partir de 3 ans. Avec un tel app\u00e9tit, il ne vaut mieux pas laisser ce petit monstre jaune s'approcher d'un livre, encore moins de contes comme Boucle d'Or, Le Petit Chaperon\u2026","rel":"","context":"Dans &quot;Mini lecteur&quot;","block_context":{"text":"Mini lecteur","link":"http:\/\/www.jojoenherbe.com\/index.php\/category\/mini-lecteur\/"},"img":{"alt_text":"","src":"https:\/\/i0.wp.com\/www.jojoenherbe.com\/wp-content\/uploads\/2021\/03\/Glouton-Croqueur-de-livres-scaled.jpg?fit=1200%2C900&resize=350%2C200","width":350,"height":200,"srcset":"https:\/\/i0.wp.com\/www.jojoenherbe.com\/wp-content\/uploads\/2021\/03\/Glouton-Croqueur-de-livres-scaled.jpg?fit=1200%2C900&resize=350%2C200 1x, https:\/\/i0.wp.com\/www.jojoenherbe.com\/wp-content\/uploads\/2021\/03\/Glouton-Croqueur-de-livres-scaled.jpg?fit=1200%2C900&resize=525%2C300 1.5x, https:\/\/i0.wp.com\/www.jojoenherbe.com\/wp-content\/uploads\/2021\/03\/Glouton-Croqueur-de-livres-scaled.jpg?fit=1200%2C900&resize=700%2C400 2x, https:\/\/i0.wp.com\/www.jojoenherbe.com\/wp-content\/uploads\/2021\/03\/Glouton-Croqueur-de-livres-scaled.jpg?fit=1200%2C900&resize=1050%2C600 3x"},"classes":[]}],"_links":{"self":[{"href":"http:\/\/www.jojoenherbe.com\/index.php\/wp-json\/wp\/v2\/posts\/10248","targetHints":{"allow":["GET"]}}],"collection":[{"href":"http:\/\/www.jojoenherbe.com\/index.php\/wp-json\/wp\/v2\/posts"}],"about":[{"href":"http:\/\/www.jojoenherbe.com\/index.php\/wp-json\/wp\/v2\/types\/post"}],"author":[{"embeddable":true,"href":"http:\/\/www.jojoenherbe.com\/index.php\/wp-json\/wp\/v2\/users\/1"}],"replies":[{"embeddable":true,"href":"http:\/\/www.jojoenherbe.com\/index.php\/wp-json\/wp\/v2\/comments?post=10248"}],"version-history":[{"count":0,"href":"http:\/\/www.jojoenherbe.com\/index.php\/wp-json\/wp\/v2\/posts\/10248\/revisions"}],"wp:featuredmedia":[{"embeddable":true,"href":"http:\/\/www.jojoenherbe.com\/index.php\/wp-json\/wp\/v2\/media\/10261"}],"wp:attachment":[{"href":"http:\/\/www.jojoenherbe.com\/index.php\/wp-json\/wp\/v2\/media?parent=10248"}],"wp:term":[{"taxonomy":"category","embeddable":true,"href":"http:\/\/www.jojoenherbe.com\/index.php\/wp-json\/wp\/v2\/categories?post=10248"},{"taxonomy":"post_tag","embeddable":true,"href":"http:\/\/www.jojoenherbe.com\/index.php\/wp-json\/wp\/v2\/tags?post=10248"}],"curies":[{"name":"wp","href":"https:\/\/api.w.org\/{rel}","templated":true}]}}