{"id":10214,"date":"2020-03-02T13:53:33","date_gmt":"2020-03-02T12:53:33","guid":{"rendered":"http:\/\/www.jojoenherbe.com\/?p=10214"},"modified":"2021-07-27T22:51:05","modified_gmt":"2021-07-27T20:51:05","slug":"au-fil-des-pages-avec-lievre-et-ours-sous-la-neige","status":"publish","type":"post","link":"http:\/\/www.jojoenherbe.com\/index.php\/2020\/03\/02\/au-fil-des-pages-avec-lievre-et-ours-sous-la-neige\/","title":{"rendered":"Au fil des pages avec Li\u00e8vre et Ours, sous la neige"},"content":{"rendered":"<p style=\"text-align: justify;\"><em><a href=\"https:\/\/i0.wp.com\/www.jojoenherbe.com\/wp-content\/uploads\/2020\/03\/Li%C3%A8vre-et-Ours-sous-la-neige-2-scaled.jpg\"><img data-recalc-dims=\"1\" loading=\"lazy\" decoding=\"async\" data-attachment-id=\"10217\" data-permalink=\"http:\/\/www.jojoenherbe.com\/index.php\/2020\/03\/02\/au-fil-des-pages-avec-lievre-et-ours-sous-la-neige\/lievre-et-ours-sous-la-neige-2\/\" data-orig-file=\"https:\/\/i0.wp.com\/www.jojoenherbe.com\/wp-content\/uploads\/2020\/03\/Li%C3%A8vre-et-Ours-sous-la-neige-2-scaled.jpg?fit=2560%2C1803\" data-orig-size=\"2560,1803\" data-comments-opened=\"1\" data-image-meta=\"{&quot;aperture&quot;:&quot;2.4&quot;,&quot;credit&quot;:&quot;&quot;,&quot;camera&quot;:&quot;iPhone 4S&quot;,&quot;caption&quot;:&quot;&quot;,&quot;created_timestamp&quot;:&quot;1583147377&quot;,&quot;copyright&quot;:&quot;&quot;,&quot;focal_length&quot;:&quot;4.28&quot;,&quot;iso&quot;:&quot;400&quot;,&quot;shutter_speed&quot;:&quot;0.066666666666667&quot;,&quot;title&quot;:&quot;&quot;,&quot;orientation&quot;:&quot;1&quot;}\" data-image-title=\"Li\u00e8vre et Ours, sous la neige 2\" data-image-description=\"\" data-image-caption=\"\" data-large-file=\"https:\/\/i0.wp.com\/www.jojoenherbe.com\/wp-content\/uploads\/2020\/03\/Li%C3%A8vre-et-Ours-sous-la-neige-2-scaled.jpg?fit=676%2C476\" class=\"alignleft size-thumbnail wp-image-10217\" src=\"https:\/\/i0.wp.com\/www.jojoenherbe.com\/wp-content\/uploads\/2020\/03\/Li%C3%A8vre-et-Ours-sous-la-neige-2.jpg?resize=150%2C150\" alt=\"\" width=\"150\" height=\"150\" srcset=\"https:\/\/i0.wp.com\/www.jojoenherbe.com\/wp-content\/uploads\/2020\/03\/Li%C3%A8vre-et-Ours-sous-la-neige-2-scaled.jpg?resize=150%2C150 150w, https:\/\/i0.wp.com\/www.jojoenherbe.com\/wp-content\/uploads\/2020\/03\/Li%C3%A8vre-et-Ours-sous-la-neige-2-scaled.jpg?zoom=2&amp;resize=150%2C150 300w, https:\/\/i0.wp.com\/www.jojoenherbe.com\/wp-content\/uploads\/2020\/03\/Li%C3%A8vre-et-Ours-sous-la-neige-2-scaled.jpg?zoom=3&amp;resize=150%2C150 450w\" sizes=\"auto, (max-width: 150px) 100vw, 150px\" \/><\/a> <a href=\"https:\/\/i0.wp.com\/www.jojoenherbe.com\/wp-content\/uploads\/2020\/03\/Li%C3%A8vre-et-Ours-sous-la-neige-3-scaled.jpg\"><img data-recalc-dims=\"1\" loading=\"lazy\" decoding=\"async\" data-attachment-id=\"10218\" data-permalink=\"http:\/\/www.jojoenherbe.com\/index.php\/2020\/03\/02\/au-fil-des-pages-avec-lievre-et-ours-sous-la-neige\/lievre-et-ours-sous-la-neige-3\/\" data-orig-file=\"https:\/\/i0.wp.com\/www.jojoenherbe.com\/wp-content\/uploads\/2020\/03\/Li%C3%A8vre-et-Ours-sous-la-neige-3-scaled.jpg?fit=2560%2C1723\" data-orig-size=\"2560,1723\" data-comments-opened=\"1\" data-image-meta=\"{&quot;aperture&quot;:&quot;2.4&quot;,&quot;credit&quot;:&quot;&quot;,&quot;camera&quot;:&quot;iPhone 4S&quot;,&quot;caption&quot;:&quot;&quot;,&quot;created_timestamp&quot;:&quot;1583147328&quot;,&quot;copyright&quot;:&quot;&quot;,&quot;focal_length&quot;:&quot;4.28&quot;,&quot;iso&quot;:&quot;400&quot;,&quot;shutter_speed&quot;:&quot;0.066666666666667&quot;,&quot;title&quot;:&quot;&quot;,&quot;orientation&quot;:&quot;1&quot;}\" data-image-title=\"Li\u00e8vre et Ours, sous la neige 3\" data-image-description=\"\" data-image-caption=\"\" data-large-file=\"https:\/\/i0.wp.com\/www.jojoenherbe.com\/wp-content\/uploads\/2020\/03\/Li%C3%A8vre-et-Ours-sous-la-neige-3-scaled.jpg?fit=676%2C455\" class=\"alignleft size-thumbnail wp-image-10218\" src=\"https:\/\/i0.wp.com\/www.jojoenherbe.com\/wp-content\/uploads\/2020\/03\/Li%C3%A8vre-et-Ours-sous-la-neige-3.jpg?resize=150%2C150\" alt=\"\" width=\"150\" height=\"150\" srcset=\"https:\/\/i0.wp.com\/www.jojoenherbe.com\/wp-content\/uploads\/2020\/03\/Li%C3%A8vre-et-Ours-sous-la-neige-3-scaled.jpg?resize=150%2C150 150w, https:\/\/i0.wp.com\/www.jojoenherbe.com\/wp-content\/uploads\/2020\/03\/Li%C3%A8vre-et-Ours-sous-la-neige-3-scaled.jpg?zoom=2&amp;resize=150%2C150 300w, https:\/\/i0.wp.com\/www.jojoenherbe.com\/wp-content\/uploads\/2020\/03\/Li%C3%A8vre-et-Ours-sous-la-neige-3-scaled.jpg?zoom=3&amp;resize=150%2C150 450w\" sizes=\"auto, (max-width: 150px) 100vw, 150px\" \/><\/a>Nous empruntons \u00e0 la m\u00e9diath\u00e8que une nouvelle histoire de <span style=\"text-decoration: underline;\">Li\u00e8vre et Ours, sous la neige<\/span> d&rsquo;Emily Gravett (\u00e9d. Kal\u00e9idoscope, 2015), un album jeunesse \u00e0 partir de 2\/3 ans et qui vient compl\u00e9ter nos lectures hivernales. Cette fois-ci, Li\u00e8vre et Ours s&rsquo;amusent dans la neige. Li\u00e8vre s&rsquo;amuse comme un fou alors qu&rsquo;Ours semble moins \u00e0 l&rsquo;aise. Le duo d&rsquo;amis fonctionne toujours aussi bien. Encore un tr\u00e8s bon album d&rsquo;Emily Gravett!<br \/>\n<\/em><\/p>\n<div style=\"width: 147px\" class=\"wp-caption aligncenter\"><img data-recalc-dims=\"1\" loading=\"lazy\" decoding=\"async\" class=\"\" src=\"https:\/\/i0.wp.com\/delivrer-des-livres.fr\/wp-content\/uploads\/2019\/05\/logoalbums2019.png?resize=137%2C137\" alt=\"\" width=\"137\" height=\"137\" \/><p class=\"wp-caption-text\">Participation #162 <a href=\"http:\/\/delivrer-des-livres.fr\/challenge-albums-2019\/\">Je lis aussi des albums<\/a><\/p><\/div>\n","protected":false},"excerpt":{"rendered":"<p>Nous empruntons \u00e0 la m\u00e9diath\u00e8que une nouvelle histoire de Li\u00e8vre et Ours, sous la neige d&rsquo;Emily Gravett (\u00e9d. Kal\u00e9idoscope, 2015), un album jeunesse \u00e0 partir de 2\/3 ans et qui vient compl\u00e9ter nos lectures hivernales. Cette fois-ci, Li\u00e8vre et Ours s&rsquo;amusent dans la neige. Li\u00e8vre s&rsquo;amuse comme un fou alors qu&rsquo;Ours semble moins \u00e0 l&rsquo;aise. [&hellip;]<\/p>\n","protected":false},"author":1,"featured_media":10219,"comment_status":"open","ping_status":"open","sticky":false,"template":"","format":"standard","meta":{"jetpack_post_was_ever_published":false,"_jetpack_newsletter_access":"","_jetpack_dont_email_post_to_subs":false,"_jetpack_newsletter_tier_id":0,"_jetpack_memberships_contains_paywalled_content":false,"_jetpack_memberships_contains_paid_content":false,"footnotes":""},"categories":[363],"tags":[787,409,386,1000,365,1350,452,367,1016,828,369,366],"class_list":["post-10214","post","type-post","status-publish","format-standard","has-post-thumbnail","hentry","category-mini-lecteur","tag-2-5-ans","tag-albums-jeunesse","tag-amitie","tag-emily-gravett","tag-hiver","tag-je-lis-aussi-des-albums-2019","tag-jeux-denfants","tag-lecture-jeunesse","tag-lectures-dhiver","tag-lievre","tag-neige","tag-ours","post-preview"],"jetpack_featured_media_url":"https:\/\/i0.wp.com\/www.jojoenherbe.com\/wp-content\/uploads\/2020\/03\/Li%C3%A8vre-et-Ours-sous-la-neige-scaled.jpg?fit=2560%2C1892","jetpack_sharing_enabled":true,"jetpack_shortlink":"https:\/\/wp.me\/p9zhGx-2EK","jetpack_likes_enabled":true,"jetpack-related-posts":[{"id":9536,"url":"http:\/\/www.jojoenherbe.com\/index.php\/2020\/01\/10\/au-fil-des-pages-avec-lievre-et-ours-ou-est-ours\/","url_meta":{"origin":10214,"position":0},"title":"Au fil des pages avec Li\u00e8vre et Ours: o\u00f9 est Ours?","author":"Jojo","date":"10 janvier 2020","format":false,"excerpt":"Nous lisons r\u00e9guli\u00e8rement, depuis les vacances de No\u00ebl, Li\u00e8vre et Ours: o\u00f9 est Ours? d'Emily Gravett (\u00e9d. Kal\u00e9idoscope, 2016), un album jeunesse \u00e0 partir de 3 ans voire m\u00eame avant. Il s'agit d'une histoire toute rigolote de cache-cache entre Li\u00e8vre et Ours, deux amis ins\u00e9parables. Ce duo imagin\u00e9 par Emily\u2026","rel":"","context":"Dans &quot;Mini lecteur&quot;","block_context":{"text":"Mini lecteur","link":"http:\/\/www.jojoenherbe.com\/index.php\/category\/mini-lecteur\/"},"img":{"alt_text":"","src":"https:\/\/i0.wp.com\/www.jojoenherbe.com\/wp-content\/uploads\/2020\/01\/Li%C3%A8vre-et-ours-o%C3%B9-est-ours-scaled.jpg?fit=1200%2C834&resize=350%2C200","width":350,"height":200,"srcset":"https:\/\/i0.wp.com\/www.jojoenherbe.com\/wp-content\/uploads\/2020\/01\/Li%C3%A8vre-et-ours-o%C3%B9-est-ours-scaled.jpg?fit=1200%2C834&resize=350%2C200 1x, https:\/\/i0.wp.com\/www.jojoenherbe.com\/wp-content\/uploads\/2020\/01\/Li%C3%A8vre-et-ours-o%C3%B9-est-ours-scaled.jpg?fit=1200%2C834&resize=525%2C300 1.5x, https:\/\/i0.wp.com\/www.jojoenherbe.com\/wp-content\/uploads\/2020\/01\/Li%C3%A8vre-et-ours-o%C3%B9-est-ours-scaled.jpg?fit=1200%2C834&resize=700%2C400 2x, https:\/\/i0.wp.com\/www.jojoenherbe.com\/wp-content\/uploads\/2020\/01\/Li%C3%A8vre-et-ours-o%C3%B9-est-ours-scaled.jpg?fit=1200%2C834&resize=1050%2C600 3x"},"classes":[]},{"id":9934,"url":"http:\/\/www.jojoenherbe.com\/index.php\/2020\/02\/07\/au-fil-des-pages-avec-lievre-et-ours-cest-a-moi\/","url_meta":{"origin":10214,"position":1},"title":"Au fil des pages avec Li\u00e8vre et Ours, c&rsquo;est \u00e0 moi!","author":"Jojo","date":"7 f\u00e9vrier 2020","format":false,"excerpt":"Nous empruntons \u00e0 la m\u00e9diath\u00e8que une nouvelle histoire de Li\u00e8vre et Ours, c'est \u00e0 moi! d'Emily Gravett (\u00e9d. Kal\u00e9idoscope, l'\u00e9cole des loisirs, 2016), un album jeunesse \u00e0 partir de 2\/3 ans. C'est encore une chouette et dr\u00f4le histoire concoct\u00e9e avec malice par Emily Gravett, une autrice que nous appr\u00e9cions beaucoup.\u2026","rel":"","context":"Dans &quot;Mini lecteur&quot;","block_context":{"text":"Mini lecteur","link":"http:\/\/www.jojoenherbe.com\/index.php\/category\/mini-lecteur\/"},"img":{"alt_text":"","src":"https:\/\/i0.wp.com\/www.jojoenherbe.com\/wp-content\/uploads\/2020\/02\/Li%C3%A8vre-et-Ours-cest-%C3%A0-moi-scaled.jpg?fit=1200%2C888&resize=350%2C200","width":350,"height":200,"srcset":"https:\/\/i0.wp.com\/www.jojoenherbe.com\/wp-content\/uploads\/2020\/02\/Li%C3%A8vre-et-Ours-cest-%C3%A0-moi-scaled.jpg?fit=1200%2C888&resize=350%2C200 1x, https:\/\/i0.wp.com\/www.jojoenherbe.com\/wp-content\/uploads\/2020\/02\/Li%C3%A8vre-et-Ours-cest-%C3%A0-moi-scaled.jpg?fit=1200%2C888&resize=525%2C300 1.5x, https:\/\/i0.wp.com\/www.jojoenherbe.com\/wp-content\/uploads\/2020\/02\/Li%C3%A8vre-et-Ours-cest-%C3%A0-moi-scaled.jpg?fit=1200%2C888&resize=700%2C400 2x, https:\/\/i0.wp.com\/www.jojoenherbe.com\/wp-content\/uploads\/2020\/02\/Li%C3%A8vre-et-Ours-cest-%C3%A0-moi-scaled.jpg?fit=1200%2C888&resize=1050%2C600 3x"},"classes":[]},{"id":15400,"url":"http:\/\/www.jojoenherbe.com\/index.php\/2021\/01\/27\/au-fil-des-pages-avec-dors-bien-ours-brun\/","url_meta":{"origin":10214,"position":2},"title":"Au fil des pages avec Dors bien, Ours brun!","author":"Jojo","date":"27 janvier 2021","format":false,"excerpt":"L'\u00e9t\u00e9 dernier, nous avions emprunt\u00e9 \u00e0 la m\u00e9diath\u00e8que une lecture hivernale avec Dors bien, Ours brun! de Karma Wilson et Jane Chapman (\u00e9d. Milan, 2002), un album jeunesse \u00e0 partir de 3 ans. En plein hiver, bien \u00e0 l'abri, l'ours brun hiverne. Mais une petite souris puis d'autres animaux de\u2026","rel":"","context":"Dans &quot;Mini lecteur&quot;","block_context":{"text":"Mini lecteur","link":"http:\/\/www.jojoenherbe.com\/index.php\/category\/mini-lecteur\/"},"img":{"alt_text":"","src":"https:\/\/i0.wp.com\/www.jojoenherbe.com\/wp-content\/uploads\/2021\/01\/Dors-bien-Ours-brun-scaled.jpg?fit=1200%2C900&resize=350%2C200","width":350,"height":200,"srcset":"https:\/\/i0.wp.com\/www.jojoenherbe.com\/wp-content\/uploads\/2021\/01\/Dors-bien-Ours-brun-scaled.jpg?fit=1200%2C900&resize=350%2C200 1x, https:\/\/i0.wp.com\/www.jojoenherbe.com\/wp-content\/uploads\/2021\/01\/Dors-bien-Ours-brun-scaled.jpg?fit=1200%2C900&resize=525%2C300 1.5x, https:\/\/i0.wp.com\/www.jojoenherbe.com\/wp-content\/uploads\/2021\/01\/Dors-bien-Ours-brun-scaled.jpg?fit=1200%2C900&resize=700%2C400 2x, https:\/\/i0.wp.com\/www.jojoenherbe.com\/wp-content\/uploads\/2021\/01\/Dors-bien-Ours-brun-scaled.jpg?fit=1200%2C900&resize=1050%2C600 3x"},"classes":[]},{"id":8569,"url":"http:\/\/www.jojoenherbe.com\/index.php\/2019\/11\/24\/au-fil-des-pages-avec-dis-ours-tu-sors\/","url_meta":{"origin":10214,"position":3},"title":"Au fil des pages avec Dis Ours, tu sors?","author":"Jojo","date":"24 novembre 2019","format":false,"excerpt":"Nous empruntons \u00e0 la biblioth\u00e8que Dis Ours, tu sors? de Jory John et Benji Davies (\u00e9d. Little Urban, 2019), un album jeunesse \u00e0 partir de 3 ans. Dans ce quatri\u00e8me tome des aventures de Canard et d'Ours, Canard est tout enthousiaste en d\u00e9couvrant que la neige est tomb\u00e9e. Il se\u2026","rel":"","context":"Dans &quot;Mini lecteur&quot;","block_context":{"text":"Mini lecteur","link":"http:\/\/www.jojoenherbe.com\/index.php\/category\/mini-lecteur\/"},"img":{"alt_text":"","src":"https:\/\/i0.wp.com\/www.jojoenherbe.com\/wp-content\/uploads\/2019\/11\/Dis-Ours-tu-sors-5-scaled.jpg?fit=1200%2C925&resize=350%2C200","width":350,"height":200,"srcset":"https:\/\/i0.wp.com\/www.jojoenherbe.com\/wp-content\/uploads\/2019\/11\/Dis-Ours-tu-sors-5-scaled.jpg?fit=1200%2C925&resize=350%2C200 1x, https:\/\/i0.wp.com\/www.jojoenherbe.com\/wp-content\/uploads\/2019\/11\/Dis-Ours-tu-sors-5-scaled.jpg?fit=1200%2C925&resize=525%2C300 1.5x, https:\/\/i0.wp.com\/www.jojoenherbe.com\/wp-content\/uploads\/2019\/11\/Dis-Ours-tu-sors-5-scaled.jpg?fit=1200%2C925&resize=700%2C400 2x, https:\/\/i0.wp.com\/www.jojoenherbe.com\/wp-content\/uploads\/2019\/11\/Dis-Ours-tu-sors-5-scaled.jpg?fit=1200%2C925&resize=1050%2C600 3x"},"classes":[]},{"id":4880,"url":"http:\/\/www.jojoenherbe.com\/index.php\/2019\/03\/05\/au-fil-des-pages-avec-la-moufle\/","url_meta":{"origin":10214,"position":4},"title":"Au fil des pages avec La moufle","author":"Jojo","date":"5 mars 2019","format":false,"excerpt":"Un joli conte traditionnel russe \u00e0 lire ou relire lors de ces derniers jours d'hiver: La Moufle. Nous en lisons deux versions parmi toutes celles existantes. Ce conte-randonn\u00e9e nous fait beaucoup rire, surtout quand la moufle \u00e9clate. La moufle de Florence Desnouveaux et C\u00e9cile Hudrisier (\u00e9d. Didier Jeunesse, coll. A\u2026","rel":"","context":"Dans &quot;Mini lecteur&quot;","block_context":{"text":"Mini lecteur","link":"http:\/\/www.jojoenherbe.com\/index.php\/category\/mini-lecteur\/"},"img":{"alt_text":"","src":"https:\/\/i0.wp.com\/www.jojoenherbe.com\/wp-content\/uploads\/2019\/03\/La-moufle.jpg?fit=1200%2C741&resize=350%2C200","width":350,"height":200,"srcset":"https:\/\/i0.wp.com\/www.jojoenherbe.com\/wp-content\/uploads\/2019\/03\/La-moufle.jpg?fit=1200%2C741&resize=350%2C200 1x, https:\/\/i0.wp.com\/www.jojoenherbe.com\/wp-content\/uploads\/2019\/03\/La-moufle.jpg?fit=1200%2C741&resize=525%2C300 1.5x, https:\/\/i0.wp.com\/www.jojoenherbe.com\/wp-content\/uploads\/2019\/03\/La-moufle.jpg?fit=1200%2C741&resize=700%2C400 2x, https:\/\/i0.wp.com\/www.jojoenherbe.com\/wp-content\/uploads\/2019\/03\/La-moufle.jpg?fit=1200%2C741&resize=1050%2C600 3x"},"classes":[]},{"id":12317,"url":"http:\/\/www.jojoenherbe.com\/index.php\/2020\/09\/21\/au-fil-des-pages-avec-petit-lievre-et-letranger\/","url_meta":{"origin":10214,"position":5},"title":"Au fil des pages avec Petit Li\u00e8vre et l\u2019\u00c9tranger","author":"Jojo","date":"21 septembre 2020","format":false,"excerpt":"Nous empruntons \u00e0 la m\u00e9diath\u00e8que Petit Li\u00e8vre et l\u2019\u00c9tranger de Jacqueline Guillemin et Vanessa Hi\u00e9 (\u00e9d. Nathan, coll. Musicontes, 2011), un album jeunesse \u00e0 partir de 3 ans et accompagn\u00e9 d'un CD avec des extraits de musique am\u00e9rindienne. Dans la grande Prairie, Petit Li\u00e8vre part chaque jour chasser tout en\u2026","rel":"","context":"Dans &quot;Mini lecteur&quot;","block_context":{"text":"Mini lecteur","link":"http:\/\/www.jojoenherbe.com\/index.php\/category\/mini-lecteur\/"},"img":{"alt_text":"","src":"https:\/\/i0.wp.com\/www.jojoenherbe.com\/wp-content\/uploads\/2020\/09\/Petit-Lievre-et-letranger-scaled.jpg?fit=1200%2C900&resize=350%2C200","width":350,"height":200,"srcset":"https:\/\/i0.wp.com\/www.jojoenherbe.com\/wp-content\/uploads\/2020\/09\/Petit-Lievre-et-letranger-scaled.jpg?fit=1200%2C900&resize=350%2C200 1x, https:\/\/i0.wp.com\/www.jojoenherbe.com\/wp-content\/uploads\/2020\/09\/Petit-Lievre-et-letranger-scaled.jpg?fit=1200%2C900&resize=525%2C300 1.5x, https:\/\/i0.wp.com\/www.jojoenherbe.com\/wp-content\/uploads\/2020\/09\/Petit-Lievre-et-letranger-scaled.jpg?fit=1200%2C900&resize=700%2C400 2x, https:\/\/i0.wp.com\/www.jojoenherbe.com\/wp-content\/uploads\/2020\/09\/Petit-Lievre-et-letranger-scaled.jpg?fit=1200%2C900&resize=1050%2C600 3x"},"classes":[]}],"_links":{"self":[{"href":"http:\/\/www.jojoenherbe.com\/index.php\/wp-json\/wp\/v2\/posts\/10214","targetHints":{"allow":["GET"]}}],"collection":[{"href":"http:\/\/www.jojoenherbe.com\/index.php\/wp-json\/wp\/v2\/posts"}],"about":[{"href":"http:\/\/www.jojoenherbe.com\/index.php\/wp-json\/wp\/v2\/types\/post"}],"author":[{"embeddable":true,"href":"http:\/\/www.jojoenherbe.com\/index.php\/wp-json\/wp\/v2\/users\/1"}],"replies":[{"embeddable":true,"href":"http:\/\/www.jojoenherbe.com\/index.php\/wp-json\/wp\/v2\/comments?post=10214"}],"version-history":[{"count":0,"href":"http:\/\/www.jojoenherbe.com\/index.php\/wp-json\/wp\/v2\/posts\/10214\/revisions"}],"wp:featuredmedia":[{"embeddable":true,"href":"http:\/\/www.jojoenherbe.com\/index.php\/wp-json\/wp\/v2\/media\/10219"}],"wp:attachment":[{"href":"http:\/\/www.jojoenherbe.com\/index.php\/wp-json\/wp\/v2\/media?parent=10214"}],"wp:term":[{"taxonomy":"category","embeddable":true,"href":"http:\/\/www.jojoenherbe.com\/index.php\/wp-json\/wp\/v2\/categories?post=10214"},{"taxonomy":"post_tag","embeddable":true,"href":"http:\/\/www.jojoenherbe.com\/index.php\/wp-json\/wp\/v2\/tags?post=10214"}],"curies":[{"name":"wp","href":"https:\/\/api.w.org\/{rel}","templated":true}]}}