{"id":10202,"date":"2020-03-02T10:16:44","date_gmt":"2020-03-02T09:16:44","guid":{"rendered":"http:\/\/www.jojoenherbe.com\/?p=10202"},"modified":"2020-04-23T17:39:42","modified_gmt":"2020-04-23T15:39:42","slug":"un-premier-rat-du-challenge-british-mysteries-2020","status":"publish","type":"post","link":"http:\/\/www.jojoenherbe.com\/index.php\/2020\/03\/02\/un-premier-rat-du-challenge-british-mysteries-2020\/","title":{"rendered":"Un premier RAT du Challenge British Mysteries 2020"},"content":{"rendered":"<p style=\"text-align: justify;\"><em>Du 28 f\u00e9vrier au 1er mars 2020 s&rsquo;est d\u00e9roul\u00e9 le premier RAT du Challenge British Mysteries organis\u00e9 par <a href=\"http:\/\/www.lelivroblog.fr\/archive\/2020\/02\/18\/read-a-thons-british-mysteries-2020-6213696.html\">Hilde<\/a> et <a href=\"http:\/\/www.myloubook.com\/2020\/02\/23\/read-a-thons-british-mysteries-2020\/\">Lou<\/a>. Pour ce marathon de lectures, je n&rsquo;ai pas vraiment pu y participer comme je l&rsquo;aurai voulu, \u00e0 d\u00e9faut d&rsquo;avoir pu constituer dans les temps ma PAL. Heureusement, mars ne fait que commencer et qu&rsquo;un second RAT est pr\u00e9vu. <\/em><\/p>\n<p style=\"text-align: justify;\"><em><a href=\"https:\/\/i0.wp.com\/www.jojoenherbe.com\/wp-content\/uploads\/2020\/03\/Orages-ordinaires-scaled.jpg\"><img data-recalc-dims=\"1\" loading=\"lazy\" decoding=\"async\" data-attachment-id=\"10207\" data-permalink=\"http:\/\/www.jojoenherbe.com\/index.php\/2020\/03\/02\/un-premier-rat-du-challenge-british-mysteries-2020\/orages-ordinaires\/\" data-orig-file=\"https:\/\/i0.wp.com\/www.jojoenherbe.com\/wp-content\/uploads\/2020\/03\/Orages-ordinaires-scaled.jpg?fit=2560%2C2057\" data-orig-size=\"2560,2057\" data-comments-opened=\"1\" data-image-meta=\"{&quot;aperture&quot;:&quot;2.4&quot;,&quot;credit&quot;:&quot;&quot;,&quot;camera&quot;:&quot;iPhone 4S&quot;,&quot;caption&quot;:&quot;&quot;,&quot;created_timestamp&quot;:&quot;1582905576&quot;,&quot;copyright&quot;:&quot;&quot;,&quot;focal_length&quot;:&quot;4.28&quot;,&quot;iso&quot;:&quot;200&quot;,&quot;shutter_speed&quot;:&quot;0.05&quot;,&quot;title&quot;:&quot;&quot;,&quot;orientation&quot;:&quot;1&quot;}\" data-image-title=\"Orages ordinaires\" data-image-description=\"\" data-image-caption=\"\" data-large-file=\"https:\/\/i0.wp.com\/www.jojoenherbe.com\/wp-content\/uploads\/2020\/03\/Orages-ordinaires-scaled.jpg?fit=676%2C543\" class=\"alignleft wp-image-10207 size-thumbnail\" src=\"https:\/\/i0.wp.com\/www.jojoenherbe.com\/wp-content\/uploads\/2020\/03\/Orages-ordinaires.jpg?resize=150%2C150\" alt=\"\" width=\"150\" height=\"150\" srcset=\"https:\/\/i0.wp.com\/www.jojoenherbe.com\/wp-content\/uploads\/2020\/03\/Orages-ordinaires-scaled.jpg?resize=150%2C150 150w, https:\/\/i0.wp.com\/www.jojoenherbe.com\/wp-content\/uploads\/2020\/03\/Orages-ordinaires-scaled.jpg?zoom=2&amp;resize=150%2C150 300w, https:\/\/i0.wp.com\/www.jojoenherbe.com\/wp-content\/uploads\/2020\/03\/Orages-ordinaires-scaled.jpg?zoom=3&amp;resize=150%2C150 450w\" sizes=\"auto, (max-width: 150px) 100vw, 150px\" \/><\/a>Dans le th\u00e8me, vendredi 28 f\u00e9vrier, je commence \u00e0 lire <\/em><em><span style=\"text-decoration: underline;\">Orages ordinaires<\/span> de William Boyd, un polar se passant \u00e0 Londres. Adam Krinded, un trentenaire se retrouve malgr\u00e9 lui d\u00e9sign\u00e9 comme coupable d&rsquo;un meurtre. Commence alors une descente aux enfers. Un suspens sombre et glauque!<br \/>\n<\/em><\/p>\n<p style=\"text-align: justify;\"><em><a href=\"https:\/\/i0.wp.com\/www.jojoenherbe.com\/wp-content\/uploads\/2020\/03\/Li%C3%A8vre-et-Ours-Les-loups-scaled.jpg\"><img data-recalc-dims=\"1\" loading=\"lazy\" decoding=\"async\" data-attachment-id=\"10205\" data-permalink=\"http:\/\/www.jojoenherbe.com\/index.php\/2020\/03\/02\/un-premier-rat-du-challenge-british-mysteries-2020\/lievre-et-ours-les-loups\/\" data-orig-file=\"https:\/\/i0.wp.com\/www.jojoenherbe.com\/wp-content\/uploads\/2020\/03\/Li%C3%A8vre-et-Ours-Les-loups-scaled.jpg?fit=2560%2C1704\" data-orig-size=\"2560,1704\" data-comments-opened=\"1\" data-image-meta=\"{&quot;aperture&quot;:&quot;2.4&quot;,&quot;credit&quot;:&quot;&quot;,&quot;camera&quot;:&quot;iPhone 4S&quot;,&quot;caption&quot;:&quot;&quot;,&quot;created_timestamp&quot;:&quot;1583142112&quot;,&quot;copyright&quot;:&quot;&quot;,&quot;focal_length&quot;:&quot;4.28&quot;,&quot;iso&quot;:&quot;400&quot;,&quot;shutter_speed&quot;:&quot;0.066666666666667&quot;,&quot;title&quot;:&quot;&quot;,&quot;orientation&quot;:&quot;1&quot;}\" data-image-title=\"Li\u00e8vre et Ours &amp;#8211; Les loups\" data-image-description=\"\" data-image-caption=\"\" data-large-file=\"https:\/\/i0.wp.com\/www.jojoenherbe.com\/wp-content\/uploads\/2020\/03\/Li%C3%A8vre-et-Ours-Les-loups-scaled.jpg?fit=676%2C450\" class=\"size-thumbnail wp-image-10205 alignright\" src=\"https:\/\/i0.wp.com\/www.jojoenherbe.com\/wp-content\/uploads\/2020\/03\/Li%C3%A8vre-et-Ours-Les-loups.jpg?resize=150%2C150\" alt=\"\" width=\"150\" height=\"150\" srcset=\"https:\/\/i0.wp.com\/www.jojoenherbe.com\/wp-content\/uploads\/2020\/03\/Li%C3%A8vre-et-Ours-Les-loups-scaled.jpg?resize=150%2C150 150w, https:\/\/i0.wp.com\/www.jojoenherbe.com\/wp-content\/uploads\/2020\/03\/Li%C3%A8vre-et-Ours-Les-loups-scaled.jpg?zoom=2&amp;resize=150%2C150 300w, https:\/\/i0.wp.com\/www.jojoenherbe.com\/wp-content\/uploads\/2020\/03\/Li%C3%A8vre-et-Ours-Les-loups-scaled.jpg?zoom=3&amp;resize=150%2C150 450w\" sizes=\"auto, (max-width: 150px) 100vw, 150px\" \/><\/a>Samedi 29 f\u00e9vrier, je continue un peu <span style=\"text-decoration: underline;\">Orages ordinaires<\/span>. Mais tr\u00e8s vite, je laisse de c\u00f4t\u00e9 ma lecture pour des lectures hors th\u00e8me avec des albums jeunesse. Deux des albums jeunesse relus sont d&rsquo;une&nbsp;autrice britannique, Emily Gravett. Nous relisons, en effet, <a href=\"http:\/\/www.jojoenherbe.com\/index.php\/2020\/03\/02\/au-fil-des-pages-avec-lievre-et-ours-sous-la-neige\/\"><span style=\"text-decoration: underline;\">Li\u00e8vre et Ours, Sous la neige<\/span><\/a> et <span style=\"text-decoration: underline;\">Les loups<\/span>. Que d&rsquo;humour so british encore! <\/em><\/p>\n<p style=\"text-align: justify;\"><em>Samedi soir, pas de lecture mais je regarde \u00e0 la t\u00e9l\u00e9 les \u00e9pisodes 1 et 2 de la saison 3 de <span style=\"text-decoration: underline;\">Poldark<\/span>, adaptation des romans de Winston Graham. L&rsquo;intrigue se d\u00e9roule en Cornouailles, \u00e0 la fin du XVIIIe si\u00e8cle.&nbsp;<\/em><\/p>\n<p style=\"text-align: justify;\"><em>Dimanche 1er mars, je continue la lecture d&rsquo;<span style=\"text-decoration: underline;\">Orages ordinaires<\/span> de William Boyd et m&rsquo;arr\u00eaterai au chapitre 17 (soit 165 pages lues).<br \/>\n<\/em><\/p>\n<p style=\"text-align: justify;\"><em><a href=\"https:\/\/i0.wp.com\/www.jojoenherbe.com\/wp-content\/uploads\/2020\/03\/RAT-Challenge-British-Mysteries-2-scaled.jpg\"><img data-recalc-dims=\"1\" loading=\"lazy\" decoding=\"async\" data-attachment-id=\"10208\" data-permalink=\"http:\/\/www.jojoenherbe.com\/index.php\/2020\/03\/02\/un-premier-rat-du-challenge-british-mysteries-2020\/rat-challenge-british-mysteries-2\/\" data-orig-file=\"https:\/\/i0.wp.com\/www.jojoenherbe.com\/wp-content\/uploads\/2020\/03\/RAT-Challenge-British-Mysteries-2-scaled.jpg?fit=2560%2C2007\" data-orig-size=\"2560,2007\" data-comments-opened=\"1\" data-image-meta=\"{&quot;aperture&quot;:&quot;2.4&quot;,&quot;credit&quot;:&quot;&quot;,&quot;camera&quot;:&quot;iPhone 4S&quot;,&quot;caption&quot;:&quot;&quot;,&quot;created_timestamp&quot;:&quot;1583085846&quot;,&quot;copyright&quot;:&quot;&quot;,&quot;focal_length&quot;:&quot;4.28&quot;,&quot;iso&quot;:&quot;800&quot;,&quot;shutter_speed&quot;:&quot;0.066666666666667&quot;,&quot;title&quot;:&quot;&quot;,&quot;orientation&quot;:&quot;1&quot;}\" data-image-title=\"RAT &amp;#8211; Challenge British Mysteries 2\" data-image-description=\"\" data-image-caption=\"\" data-large-file=\"https:\/\/i0.wp.com\/www.jojoenherbe.com\/wp-content\/uploads\/2020\/03\/RAT-Challenge-British-Mysteries-2-scaled.jpg?fit=676%2C530\" class=\"alignleft size-thumbnail wp-image-10208\" src=\"https:\/\/i0.wp.com\/www.jojoenherbe.com\/wp-content\/uploads\/2020\/03\/RAT-Challenge-British-Mysteries-2.jpg?resize=150%2C150\" alt=\"\" width=\"150\" height=\"150\" srcset=\"https:\/\/i0.wp.com\/www.jojoenherbe.com\/wp-content\/uploads\/2020\/03\/RAT-Challenge-British-Mysteries-2-scaled.jpg?resize=150%2C150 150w, https:\/\/i0.wp.com\/www.jojoenherbe.com\/wp-content\/uploads\/2020\/03\/RAT-Challenge-British-Mysteries-2-scaled.jpg?zoom=2&amp;resize=150%2C150 300w, https:\/\/i0.wp.com\/www.jojoenherbe.com\/wp-content\/uploads\/2020\/03\/RAT-Challenge-British-Mysteries-2-scaled.jpg?zoom=3&amp;resize=150%2C150 450w\" sizes=\"auto, (max-width: 150px) 100vw, 150px\" \/><\/a>Avant la fermeture de la m\u00e9diath\u00e8que, je r\u00e9cup\u00e8re enfin des livres pour le Challenge British Mysteries puisqu&rsquo;il se d\u00e9roule tout le mois de mars:<\/em><\/p>\n<ul>\n<li><em><span style=\"text-decoration: underline;\">Agatha Raisin enqu\u00eate, La quiche fatale<\/span> de M.C. Beaton<\/em><\/li>\n<li><em><span style=\"text-decoration: underline;\">Le myst\u00e8re de High Street<\/span> d&rsquo;Anne Perry<\/em><\/li>\n<li><em><span style=\"text-decoration: underline;\">L&rsquo;h\u00f4tel hant\u00e9<\/span> de Wilkie Collins<\/em><\/li>\n<li><em><span style=\"text-decoration: underline;\">Seule contre la loi<\/span> de Wilkie Collins<\/em><\/li>\n<li><em><span style=\"text-decoration: underline;\">Le jardin secret<\/span> de Frances H. Burnett<\/em><\/li>\n<li><em><span style=\"text-decoration: underline;\">Miss Charity<\/span> de Marie-Aude Murail.<\/em><\/li>\n<\/ul>\n<p style=\"text-align: justify;\"><em>En fin d&rsquo;apr\u00e8s-midi, nous lisons des albums jeunesse hors th\u00e8me comme le tome 10 d&rsquo;Ana Ana, <span style=\"text-decoration: underline;\">Ana Ana est malade<\/span> d&rsquo;Alexis Dormal et Dominique Roques et <a href=\"http:\/\/www.jojoenherbe.com\/index.php\/2020\/03\/02\/au-fil-des-pages-avec-mon-pingouin-de-patagonie\/\"><span style=\"text-decoration: underline;\">Mon pingouin de Patagonie<\/span><\/a> de Sylvie Rouch et M\u00e9lanie Allag.<\/em><\/p>\n<p style=\"text-align: justify;\"><em>Pour d&rsquo;autres id\u00e9es de lecture, les autres participants du RAT (surtout sur Instagram): <a href=\"http:\/\/www.myloubook.com\/2020\/02\/28\/read-a-thon-british-mysteries-2020-1st-round\/\">Lou<\/a>, <a href=\"http:\/\/www.lelivroblog.fr\/archive\/2020\/02\/28\/billet-suivi-du-1er-read-a-thon-british-mysteries-2020-6215920.html\">Hilde<\/a>, <a href=\"http:\/\/aline1102.canalblog.com\/archives\/2020\/02\/28\/38062106.html\">Aline<\/a>, <a href=\"https:\/\/mapetitemediatheque.fr\/2020\/02\/british-mysteries-2020\/\">Bidib<\/a>, <a href=\"http:\/\/vivrelivre19.over-blog.com\/2020\/02\/read-a-thon-british-mysteries-du-28-fevrier-au-1er-mars-2020.html\">Blandine<\/a>, <a href=\"http:\/\/blogclarabel.canalblog.com\/archives\/2020\/02\/28\/38062327.html\">Clarabel<\/a> et Shelbylit. Sans oublier les pompons de Chicky Poo. <\/em><\/p>\n<div id=\"attachment_25945\" style=\"width: 225px\" class=\"wp-caption aligncenter\"><img data-recalc-dims=\"1\" loading=\"lazy\" decoding=\"async\" aria-describedby=\"caption-attachment-25945\" class=\"wp-image-25945\" src=\"https:\/\/i0.wp.com\/www.myloubook.com\/wp-content\/uploads\/2020\/02\/logo-RAT-British-Mysteries.jpeg?resize=215%2C161\" sizes=\"auto, (max-width: 500px) 100vw, 500px\" srcset=\"http:\/\/www.myloubook.com\/wp-content\/uploads\/2020\/02\/logo-RAT-British-Mysteries.jpeg 500w, http:\/\/www.myloubook.com\/wp-content\/uploads\/2020\/02\/logo-RAT-British-Mysteries-300x225.jpeg 300w\" alt=\"\" width=\"215\" height=\"161\"><p id=\"caption-attachment-25945\" class=\"wp-caption-text\">Challenge British Mysteries de <a href=\"http:\/\/www.lelivroblog.fr\/archive\/2020\/02\/28\/billet-suivi-du-1er-read-a-thon-british-mysteries-2020-6215920.html\">Hilde<\/a> et <a href=\"http:\/\/www.myloubook.com\/2020\/02\/28\/read-a-thon-british-mysteries-2020-1st-round\/\">Lou<\/a> #RAT<\/p><\/div>\n","protected":false},"excerpt":{"rendered":"<p>Du 28 f\u00e9vrier au 1er mars 2020 s&rsquo;est d\u00e9roul\u00e9 le premier RAT du Challenge British Mysteries organis\u00e9 par Hilde et Lou. Pour ce marathon de lectures, je n&rsquo;ai pas vraiment pu y participer comme je l&rsquo;aurai voulu, \u00e0 d\u00e9faut d&rsquo;avoir pu constituer dans les temps ma PAL. Heureusement, mars ne fait que commencer et qu&rsquo;un [&hellip;]<\/p>\n","protected":false},"author":1,"featured_media":10206,"comment_status":"open","ping_status":"open","sticky":false,"template":"","format":"standard","meta":{"jetpack_post_was_ever_published":false,"_jetpack_newsletter_access":"","_jetpack_dont_email_post_to_subs":false,"_jetpack_newsletter_tier_id":0,"_jetpack_memberships_contains_paywalled_content":false,"_jetpack_memberships_contains_paid_content":false,"footnotes":""},"categories":[873,363],"tags":[1347,1477,1085,1269,905],"class_list":["post-10202","post","type-post","status-publish","format-standard","has-post-thumbnail","hentry","category-mini-challenger","category-mini-lecteur","tag-18-ans-et-plus","tag-challenge-british-mysteries-2020","tag-lecture-adulte","tag-polar","tag-romans-adulte","post-preview"],"jetpack_featured_media_url":"https:\/\/i0.wp.com\/www.jojoenherbe.com\/wp-content\/uploads\/2020\/03\/RAT-Challenge-British-Mysteries-scaled.jpg?fit=2560%2C1803","jetpack_sharing_enabled":true,"jetpack_shortlink":"https:\/\/wp.me\/p9zhGx-2Ey","jetpack_likes_enabled":true,"jetpack-related-posts":[{"id":10456,"url":"http:\/\/www.jojoenherbe.com\/index.php\/2020\/03\/14\/un-second-rat-du-challenge-british-mysteries-2020\/","url_meta":{"origin":10202,"position":0},"title":"Un second RAT du Challenge British Mysteries 2020","author":"Jojo","date":"14 mars 2020","format":false,"excerpt":"Depuis hier, 13 mars 2020 jusqu'\u00e0 dimanche minuit se d\u00e9roule le second RAT du Challenge British Mysteries organis\u00e9 par Hilde et Lou. Pour ce marathon de lectures, j'ai repris dans ma PAL la plupart des livres que j'ai choisi pour le premier RAT. Le 13 mars 2020, nous relisons des\u2026","rel":"","context":"Dans &quot;Mini challenger&quot;","block_context":{"text":"Mini challenger","link":"http:\/\/www.jojoenherbe.com\/index.php\/category\/mini-challenger\/"},"img":{"alt_text":"","src":"https:\/\/i0.wp.com\/www.jojoenherbe.com\/wp-content\/uploads\/2020\/03\/RAT-Challenge-British-Mysteries-1-scaled.jpg?fit=1200%2C852&resize=350%2C200","width":350,"height":200,"srcset":"https:\/\/i0.wp.com\/www.jojoenherbe.com\/wp-content\/uploads\/2020\/03\/RAT-Challenge-British-Mysteries-1-scaled.jpg?fit=1200%2C852&resize=350%2C200 1x, https:\/\/i0.wp.com\/www.jojoenherbe.com\/wp-content\/uploads\/2020\/03\/RAT-Challenge-British-Mysteries-1-scaled.jpg?fit=1200%2C852&resize=525%2C300 1.5x, https:\/\/i0.wp.com\/www.jojoenherbe.com\/wp-content\/uploads\/2020\/03\/RAT-Challenge-British-Mysteries-1-scaled.jpg?fit=1200%2C852&resize=700%2C400 2x, https:\/\/i0.wp.com\/www.jojoenherbe.com\/wp-content\/uploads\/2020\/03\/RAT-Challenge-British-Mysteries-1-scaled.jpg?fit=1200%2C852&resize=1050%2C600 3x"},"classes":[]},{"id":10631,"url":"http:\/\/www.jojoenherbe.com\/index.php\/2020\/04\/04\/un-rat-pour-ce-premier-week-end-davril-2020\/","url_meta":{"origin":10202,"position":1},"title":"Un RAT pour ce premier week-end d&rsquo;avril 2020","author":"Jojo","date":"4 avril 2020","format":false,"excerpt":"Et c'est parti pour un RAT pour ce premier week-end d'avril 2020, d'aujourd'hui 13h \u00e0 demain soir minuit. Ce marathon de lectures reste dans l'esprit du British Mysteries 2020 tout en se joignant avec des livres hors th\u00e8me au RAT du Mois au Japon organis\u00e9 par Lou et Hilde. Comme\u2026","rel":"","context":"Dans &quot;Mini challenger&quot;","block_context":{"text":"Mini challenger","link":"http:\/\/www.jojoenherbe.com\/index.php\/category\/mini-challenger\/"},"img":{"alt_text":"","src":"https:\/\/i0.wp.com\/www.jojoenherbe.com\/wp-content\/uploads\/2020\/04\/RAT-davril-2020.jpg?fit=1200%2C1156&resize=350%2C200","width":350,"height":200,"srcset":"https:\/\/i0.wp.com\/www.jojoenherbe.com\/wp-content\/uploads\/2020\/04\/RAT-davril-2020.jpg?fit=1200%2C1156&resize=350%2C200 1x, https:\/\/i0.wp.com\/www.jojoenherbe.com\/wp-content\/uploads\/2020\/04\/RAT-davril-2020.jpg?fit=1200%2C1156&resize=525%2C300 1.5x, https:\/\/i0.wp.com\/www.jojoenherbe.com\/wp-content\/uploads\/2020\/04\/RAT-davril-2020.jpg?fit=1200%2C1156&resize=700%2C400 2x, https:\/\/i0.wp.com\/www.jojoenherbe.com\/wp-content\/uploads\/2020\/04\/RAT-davril-2020.jpg?fit=1200%2C1156&resize=1050%2C600 3x"},"classes":[]},{"id":16082,"url":"http:\/\/www.jojoenherbe.com\/index.php\/2021\/03\/01\/billet-de-suivi-le-british-mysteries-month-2021\/","url_meta":{"origin":10202,"position":2},"title":"Billet de suivi: le British Mysteries Month 2021","author":"Jojo","date":"1 mars 2021","format":false,"excerpt":"Comme l'ann\u00e9e derni\u00e8re, je participe au British Mysteries Month organis\u00e9 par Hilde et Lou, un mois de mars 2021 enti\u00e8rement d\u00e9di\u00e9 aux British Mysteries. Nos deux coorganisatrices ont pr\u00e9vu un programme facultatif que je vais essayer de suivre le plus possible. Pour plus d\u2019infos, n\u2019h\u00e9sitez pas \u00e0 aller sur leurs\u2026","rel":"","context":"Dans &quot;Mini challenger&quot;","block_context":{"text":"Mini challenger","link":"http:\/\/www.jojoenherbe.com\/index.php\/category\/mini-challenger\/"},"img":{"alt_text":"","src":"https:\/\/i0.wp.com\/www.jojoenherbe.com\/wp-content\/uploads\/2021\/02\/IMG-20210211-WA0006.jpg?fit=500%2C500&resize=350%2C200","width":350,"height":200},"classes":[]},{"id":24412,"url":"http:\/\/www.jojoenherbe.com\/index.php\/2022\/04\/01\/notre-mois-bloguesque-de-mars-2022\/","url_meta":{"origin":10202,"position":3},"title":"Notre mois bloguesque de mars 2022","author":"Jojo","date":"1 avril 2022","format":false,"excerpt":"Apr\u00e8s un mois de f\u00e9vrier qui s\u2019est termin\u00e9 avec un RAT gourmand et indien organis\u00e9 par Hilde, Blandine, Bidib et Fondant du 25 au 27 f\u00e9vrier 2022, c'\u00e9tait mars 2022, mois de transition entre la fin de l\u2019hiver et le d\u00e9but du printemps. Il y a ainsi eu le retour\u2026","rel":"","context":"Dans &quot;Mini blogueur&quot;","block_context":{"text":"Mini blogueur","link":"http:\/\/www.jojoenherbe.com\/index.php\/category\/mini-blogueur\/"},"img":{"alt_text":"","src":"https:\/\/i0.wp.com\/www.jojoenherbe.com\/wp-content\/uploads\/2022\/03\/Selection-mars-2022-scaled.jpg?fit=1200%2C775&resize=350%2C200","width":350,"height":200,"srcset":"https:\/\/i0.wp.com\/www.jojoenherbe.com\/wp-content\/uploads\/2022\/03\/Selection-mars-2022-scaled.jpg?fit=1200%2C775&resize=350%2C200 1x, https:\/\/i0.wp.com\/www.jojoenherbe.com\/wp-content\/uploads\/2022\/03\/Selection-mars-2022-scaled.jpg?fit=1200%2C775&resize=525%2C300 1.5x, https:\/\/i0.wp.com\/www.jojoenherbe.com\/wp-content\/uploads\/2022\/03\/Selection-mars-2022-scaled.jpg?fit=1200%2C775&resize=700%2C400 2x, https:\/\/i0.wp.com\/www.jojoenherbe.com\/wp-content\/uploads\/2022\/03\/Selection-mars-2022-scaled.jpg?fit=1200%2C775&resize=1050%2C600 3x"},"classes":[]},{"id":43105,"url":"http:\/\/www.jojoenherbe.com\/index.php\/2026\/03\/03\/bilan-de-lecture-fevrier-2026\/","url_meta":{"origin":10202,"position":4},"title":"Bilan de lecture: f\u00e9vrier 2026","author":"Jojo","date":"3 mars 2026","format":false,"excerpt":"En ce d\u00e9but mars, voici le bilan de lecture du mois de f\u00e9vrier 2026 bien festif, entre carnavals (cr\u00eapes et bugnes aussi bien s\u00fbr!) et vacances scolaires pour mon mini lutin. C\u2019\u00e9tait aussi la nouvelle \u00e9dition de l\u2019African-American History Month Challenge 2026 organis\u00e9, comme chaque ann\u00e9e, en f\u00e9vrier par Enna.\u2026","rel":"","context":"Dans &quot;Mini blogueur&quot;","block_context":{"text":"Mini blogueur","link":"http:\/\/www.jojoenherbe.com\/index.php\/category\/mini-blogueur\/"},"img":{"alt_text":"","src":"https:\/\/i0.wp.com\/www.jojoenherbe.com\/wp-content\/uploads\/2026\/02\/Selection-Fevrier-2026-scaled.jpeg?fit=1200%2C930&resize=350%2C200","width":350,"height":200,"srcset":"https:\/\/i0.wp.com\/www.jojoenherbe.com\/wp-content\/uploads\/2026\/02\/Selection-Fevrier-2026-scaled.jpeg?fit=1200%2C930&resize=350%2C200 1x, https:\/\/i0.wp.com\/www.jojoenherbe.com\/wp-content\/uploads\/2026\/02\/Selection-Fevrier-2026-scaled.jpeg?fit=1200%2C930&resize=525%2C300 1.5x, https:\/\/i0.wp.com\/www.jojoenherbe.com\/wp-content\/uploads\/2026\/02\/Selection-Fevrier-2026-scaled.jpeg?fit=1200%2C930&resize=700%2C400 2x, https:\/\/i0.wp.com\/www.jojoenherbe.com\/wp-content\/uploads\/2026\/02\/Selection-Fevrier-2026-scaled.jpeg?fit=1200%2C930&resize=1050%2C600 3x"},"classes":[]},{"id":29554,"url":"http:\/\/www.jojoenherbe.com\/index.php\/2023\/02\/01\/bilan-livresque-janvier-2023\/","url_meta":{"origin":10202,"position":5},"title":"Bilan de lecture: janvier 2023","author":"Jojo","date":"1 f\u00e9vrier 2023","format":false,"excerpt":"C\u2019est le premier du mois alors voici un petit retour bloguesque sur janvier 2023 qui a d\u00e9marr\u00e9 avec des marathons de lecture et de nombreuses (re)lectures no\u00eblesques et hivernales ainsi que la remise \u00e0 z\u00e9ro des challenges livresques qui auront lieu tout au long de l\u2019ann\u00e9e 2023 et auxquels je\u2026","rel":"","context":"Dans &quot;Mini blogueur&quot;","block_context":{"text":"Mini blogueur","link":"http:\/\/www.jojoenherbe.com\/index.php\/category\/mini-blogueur\/"},"img":{"alt_text":"","src":"https:\/\/i0.wp.com\/www.jojoenherbe.com\/wp-content\/uploads\/2023\/01\/Selection-Janvier-2023-scaled.jpg?fit=1200%2C878&resize=350%2C200","width":350,"height":200,"srcset":"https:\/\/i0.wp.com\/www.jojoenherbe.com\/wp-content\/uploads\/2023\/01\/Selection-Janvier-2023-scaled.jpg?fit=1200%2C878&resize=350%2C200 1x, https:\/\/i0.wp.com\/www.jojoenherbe.com\/wp-content\/uploads\/2023\/01\/Selection-Janvier-2023-scaled.jpg?fit=1200%2C878&resize=525%2C300 1.5x, https:\/\/i0.wp.com\/www.jojoenherbe.com\/wp-content\/uploads\/2023\/01\/Selection-Janvier-2023-scaled.jpg?fit=1200%2C878&resize=700%2C400 2x, https:\/\/i0.wp.com\/www.jojoenherbe.com\/wp-content\/uploads\/2023\/01\/Selection-Janvier-2023-scaled.jpg?fit=1200%2C878&resize=1050%2C600 3x"},"classes":[]}],"_links":{"self":[{"href":"http:\/\/www.jojoenherbe.com\/index.php\/wp-json\/wp\/v2\/posts\/10202","targetHints":{"allow":["GET"]}}],"collection":[{"href":"http:\/\/www.jojoenherbe.com\/index.php\/wp-json\/wp\/v2\/posts"}],"about":[{"href":"http:\/\/www.jojoenherbe.com\/index.php\/wp-json\/wp\/v2\/types\/post"}],"author":[{"embeddable":true,"href":"http:\/\/www.jojoenherbe.com\/index.php\/wp-json\/wp\/v2\/users\/1"}],"replies":[{"embeddable":true,"href":"http:\/\/www.jojoenherbe.com\/index.php\/wp-json\/wp\/v2\/comments?post=10202"}],"version-history":[{"count":0,"href":"http:\/\/www.jojoenherbe.com\/index.php\/wp-json\/wp\/v2\/posts\/10202\/revisions"}],"wp:featuredmedia":[{"embeddable":true,"href":"http:\/\/www.jojoenherbe.com\/index.php\/wp-json\/wp\/v2\/media\/10206"}],"wp:attachment":[{"href":"http:\/\/www.jojoenherbe.com\/index.php\/wp-json\/wp\/v2\/media?parent=10202"}],"wp:term":[{"taxonomy":"category","embeddable":true,"href":"http:\/\/www.jojoenherbe.com\/index.php\/wp-json\/wp\/v2\/categories?post=10202"},{"taxonomy":"post_tag","embeddable":true,"href":"http:\/\/www.jojoenherbe.com\/index.php\/wp-json\/wp\/v2\/tags?post=10202"}],"curies":[{"name":"wp","href":"https:\/\/api.w.org\/{rel}","templated":true}]}}