{"id":10163,"date":"2020-02-23T16:09:07","date_gmt":"2020-02-23T15:09:07","guid":{"rendered":"http:\/\/www.jojoenherbe.com\/?p=10163"},"modified":"2023-01-18T11:57:10","modified_gmt":"2023-01-18T10:57:10","slug":"au-fil-des-pages-avec-les-souris-vont-a-la-peche","status":"publish","type":"post","link":"http:\/\/www.jojoenherbe.com\/index.php\/2020\/02\/23\/au-fil-des-pages-avec-les-souris-vont-a-la-peche\/","title":{"rendered":"Au fil des pages avec Les souris vont \u00e0 la p\u00eache"},"content":{"rendered":"<p style=\"text-align: justify;\"><em><a href=\"https:\/\/i0.wp.com\/www.jojoenherbe.com\/wp-content\/uploads\/2020\/02\/Les-souris-vont-%C3%A0-la-p%C3%AAche-2-scaled.jpg\"><img data-recalc-dims=\"1\" loading=\"lazy\" decoding=\"async\" data-attachment-id=\"10168\" data-permalink=\"http:\/\/www.jojoenherbe.com\/index.php\/2020\/02\/23\/au-fil-des-pages-avec-les-souris-vont-a-la-peche\/les-souris-vont-a-la-peche-2\/\" data-orig-file=\"https:\/\/i0.wp.com\/www.jojoenherbe.com\/wp-content\/uploads\/2020\/02\/Les-souris-vont-%C3%A0-la-p%C3%AAche-2-scaled.jpg?fit=2560%2C1715\" data-orig-size=\"2560,1715\" data-comments-opened=\"1\" data-image-meta=\"{&quot;aperture&quot;:&quot;2.4&quot;,&quot;credit&quot;:&quot;&quot;,&quot;camera&quot;:&quot;iPhone 4S&quot;,&quot;caption&quot;:&quot;&quot;,&quot;created_timestamp&quot;:&quot;1582465296&quot;,&quot;copyright&quot;:&quot;&quot;,&quot;focal_length&quot;:&quot;4.28&quot;,&quot;iso&quot;:&quot;80&quot;,&quot;shutter_speed&quot;:&quot;0.05&quot;,&quot;title&quot;:&quot;&quot;,&quot;orientation&quot;:&quot;1&quot;}\" data-image-title=\"Les souris vont \u00e0 la p\u00eache 2\" data-image-description=\"\" data-image-caption=\"\" data-large-file=\"https:\/\/i0.wp.com\/www.jojoenherbe.com\/wp-content\/uploads\/2020\/02\/Les-souris-vont-%C3%A0-la-p%C3%AAche-2-scaled.jpg?fit=676%2C453\" class=\"alignleft size-thumbnail wp-image-10168\" src=\"https:\/\/i0.wp.com\/www.jojoenherbe.com\/wp-content\/uploads\/2020\/02\/Les-souris-vont-%C3%A0-la-p%C3%AAche-2.jpg?resize=150%2C150\" alt=\"\" width=\"150\" height=\"150\" srcset=\"https:\/\/i0.wp.com\/www.jojoenherbe.com\/wp-content\/uploads\/2020\/02\/Les-souris-vont-%C3%A0-la-p%C3%AAche-2-scaled.jpg?resize=150%2C150 150w, https:\/\/i0.wp.com\/www.jojoenherbe.com\/wp-content\/uploads\/2020\/02\/Les-souris-vont-%C3%A0-la-p%C3%AAche-2-scaled.jpg?zoom=2&amp;resize=150%2C150 300w, https:\/\/i0.wp.com\/www.jojoenherbe.com\/wp-content\/uploads\/2020\/02\/Les-souris-vont-%C3%A0-la-p%C3%AAche-2-scaled.jpg?zoom=3&amp;resize=150%2C150 450w\" sizes=\"auto, (max-width: 150px) 100vw, 150px\" \/><\/a> <a href=\"https:\/\/i0.wp.com\/www.jojoenherbe.com\/wp-content\/uploads\/2020\/02\/Les-souris-vont-%C3%A0-la-p%C3%AAche-3-scaled.jpg\"><img data-recalc-dims=\"1\" loading=\"lazy\" decoding=\"async\" data-attachment-id=\"10169\" data-permalink=\"http:\/\/www.jojoenherbe.com\/index.php\/2020\/02\/23\/au-fil-des-pages-avec-les-souris-vont-a-la-peche\/les-souris-vont-a-la-peche-3\/\" data-orig-file=\"https:\/\/i0.wp.com\/www.jojoenherbe.com\/wp-content\/uploads\/2020\/02\/Les-souris-vont-%C3%A0-la-p%C3%AAche-3-scaled.jpg?fit=2560%2C2004\" data-orig-size=\"2560,2004\" data-comments-opened=\"1\" data-image-meta=\"{&quot;aperture&quot;:&quot;2.4&quot;,&quot;credit&quot;:&quot;&quot;,&quot;camera&quot;:&quot;iPhone 4S&quot;,&quot;caption&quot;:&quot;&quot;,&quot;created_timestamp&quot;:&quot;1582465349&quot;,&quot;copyright&quot;:&quot;&quot;,&quot;focal_length&quot;:&quot;4.28&quot;,&quot;iso&quot;:&quot;80&quot;,&quot;shutter_speed&quot;:&quot;0.05&quot;,&quot;title&quot;:&quot;&quot;,&quot;orientation&quot;:&quot;1&quot;}\" data-image-title=\"Les souris vont \u00e0 la p\u00eache 3\" data-image-description=\"\" data-image-caption=\"\" data-large-file=\"https:\/\/i0.wp.com\/www.jojoenherbe.com\/wp-content\/uploads\/2020\/02\/Les-souris-vont-%C3%A0-la-p%C3%AAche-3-scaled.jpg?fit=676%2C529\" class=\"alignleft size-thumbnail wp-image-10169\" src=\"https:\/\/i0.wp.com\/www.jojoenherbe.com\/wp-content\/uploads\/2020\/02\/Les-souris-vont-%C3%A0-la-p%C3%AAche-3.jpg?resize=150%2C150\" alt=\"\" width=\"150\" height=\"150\" srcset=\"https:\/\/i0.wp.com\/www.jojoenherbe.com\/wp-content\/uploads\/2020\/02\/Les-souris-vont-%C3%A0-la-p%C3%AAche-3-scaled.jpg?resize=150%2C150 150w, https:\/\/i0.wp.com\/www.jojoenherbe.com\/wp-content\/uploads\/2020\/02\/Les-souris-vont-%C3%A0-la-p%C3%AAche-3-scaled.jpg?zoom=2&amp;resize=150%2C150 300w, https:\/\/i0.wp.com\/www.jojoenherbe.com\/wp-content\/uploads\/2020\/02\/Les-souris-vont-%C3%A0-la-p%C3%AAche-3-scaled.jpg?zoom=3&amp;resize=150%2C150 450w\" sizes=\"auto, (max-width: 150px) 100vw, 150px\" \/><\/a>Apr\u00e8s avoir lu cet \u00e9t\u00e9 <a href=\"http:\/\/www.jojoenherbe.com\/index.php\/2019\/06\/26\/au-fil-des-pages-avec-la-plage\/\"><span style=\"text-decoration: underline;\">Les souris \u00e0 la plage<\/span><\/a>, nous lisons une nouvelle histoire de cette famille Souris qui se d\u00e9roule cette fois en hiver: <span style=\"text-decoration: underline;\">Les souris vont \u00e0 la p\u00eache<\/span> de Haruo Yamashita et Kazuo Iwamura (\u00e9d. L&rsquo;\u00e9cole des loisirs, r\u00e9\u00e9d. 2019), un album jeunesse \u00e0 partir de 3 ans. <span class=\"\">Apr\u00e8s l&rsquo;\u00e9cole, les petites souris partent patiner sur un lac glac\u00e9, l&rsquo;occasion de voir Papa Belette et son fils p\u00eacher. Souhaitant \u00e0 leur tour p\u00eacher, ils emm\u00e8nent leur m\u00e8re le lendemain pour une journ\u00e9e p\u00eache. Cette derni\u00e8re ayant \u00e9t\u00e9 une vraie championne de p\u00eache dans le pass\u00e9, r\u00e9ussira-t-elle \u00e0 nouveau \u00e0 le faire? Nous appr\u00e9cions toujours autant les illustrations tendres et rigolotes de Kazuo Iwamura. Les auteurs arrivent \u00e0 retranscrire \u00e0 merveille ces petits moments de la vie quotidienne qui font le charme de la vie de famille.\u00a0 Coup de c\u0153ur pour cet album jeunesse tout doux!<\/span><br \/>\n<\/em><\/p>\n<div style=\"width: 117px\" class=\"wp-caption alignleft\"><img data-recalc-dims=\"1\" loading=\"lazy\" decoding=\"async\" class=\"\" src=\"https:\/\/i0.wp.com\/delivrer-des-livres.fr\/wp-content\/uploads\/2019\/05\/logoalbums2019.png?resize=107%2C107\" alt=\"\" width=\"107\" height=\"107\" \/><p class=\"wp-caption-text\">Participation #160 <a href=\"http:\/\/delivrer-des-livres.fr\/challenge-albums-2019\/\">Je lis aussi des albums<\/a><\/p><\/div>\n<div style=\"width: 124px\" class=\"wp-caption alignleft\"><img loading=\"lazy\" decoding=\"async\" class=\"\" src=\"https:\/\/lh3.googleusercontent.com\/yeyHsyE8ePB9xQx2t9obPo4nIUGeuGsS-P1wwGiEip3f9lcFED23VkM1Pr5hYoy4puCex2GzVOyZNHjl5qeUnhImyiKFqwfTaONmF_HEc7SEvgxhr1eZXuJ6zzg9JfEY4XADWBPBCxMLePs3HiWfgCjRFVaAIkiQhaX8RGfOMzZhoMNQUFFuWlglQGRva5RIkSFvo7nk3yMWVz4PgUXBK3Uof2Hf073K4C6YvQC1u6gRN2BCr4tNyqitAlYfULcqVlua9UK9L5kLVOZWs2-xrAzDf1K3rxU8pxE6Fdm1EI8_YbPW09CsTNa9CW1z0lvieJ6Ify6BbltA9XBnOC99XwB4E833hDdb9KWRbKTb8bwsVGIAFF1x2JkOCAWTkq3OtXJmlgaccySEr2PvCr9rzIA4GtrzB04GpU7RNPlnkfNDjtPoy6UR5nf5SD-RQvfrkHaKDQocAHpi1MoHr0bWF4h3F08r5y_TM01DqKXAgeInHehhuxNBZ4LGs7Emk2ol6RPfVd4UEj0916JVKRknXSsSbJG_50ptPlCGTOdHDTOUMc6x63Wp68_DnNhG9qn5FPKuDHhZvC008a4nifQFWuKVT6HvqNgW-LcvXb0wnjbSwgS8qwHb3LtHJj3uAe971aQRDPkS146UchPgCLNczeUje4Y3YFpuV4P1KYu67RSdAOITJNzzSRO2Dycc1PCqSdc7IoPwLu0-aT-FJ0m-KvlkUQLXoamPhl2WKbODyZSfc5ZT=w285-h217-no\" alt=\"\" width=\"114\" height=\"87\" \/><p class=\"wp-caption-text\"><a href=\"https:\/\/ennalit.wordpress.com\/2019\/12\/01\/challenge-petit-bac-2020-qui-veut-jouer\/\">Challenge Petit Bac d&rsquo;Enna<\/a> #5 Cat\u00e9gorie Animal: \u00ab\u00a0Souris\u00a0\u00bb<\/p><\/div>\n","protected":false},"excerpt":{"rendered":"<p>Apr\u00e8s avoir lu cet \u00e9t\u00e9 Les souris \u00e0 la plage, nous lisons une nouvelle histoire de cette famille Souris qui se d\u00e9roule cette fois en hiver: Les souris vont \u00e0 la p\u00eache de Haruo Yamashita et Kazuo Iwamura (\u00e9d. L&rsquo;\u00e9cole des loisirs, r\u00e9\u00e9d. 2019), un album jeunesse \u00e0 partir de 3 ans. Apr\u00e8s l&rsquo;\u00e9cole, les [&hellip;]<\/p>\n","protected":false},"author":1,"featured_media":10170,"comment_status":"open","ping_status":"open","sticky":false,"template":"","format":"standard","meta":{"jetpack_post_was_ever_published":false,"_jetpack_newsletter_access":"","_jetpack_dont_email_post_to_subs":false,"_jetpack_newsletter_tier_id":0,"_jetpack_memberships_contains_paywalled_content":false,"_jetpack_memberships_contains_paid_content":false,"footnotes":""},"categories":[363],"tags":[785,409,1071,459,1311,365,1118,1002,1315,1310,367,1016,235,495],"class_list":["post-10163","post","type-post","status-publish","format-standard","has-post-thumbnail","hentry","category-mini-lecteur","tag-3-6-ans","tag-albums-jeunesse","tag-challenge-petit-bac","tag-famille","tag-haruo-yamashita","tag-hiver","tag-je-lis-aussi-des-albums","tag-kazuo-iwamura","tag-la-famille-souris","tag-lac","tag-lecture-jeunesse","tag-lectures-dhiver","tag-peche","tag-souris","post-preview"],"jetpack_featured_media_url":"https:\/\/i0.wp.com\/www.jojoenherbe.com\/wp-content\/uploads\/2020\/02\/Les-souris-vont-%C3%A0-la-p%C3%AAche-scaled.jpg?fit=2560%2C2045","jetpack_sharing_enabled":true,"jetpack_shortlink":"https:\/\/wp.me\/p9zhGx-2DV","jetpack_likes_enabled":true,"jetpack-related-posts":[{"id":11412,"url":"http:\/\/www.jojoenherbe.com\/index.php\/2020\/08\/27\/au-fil-des-pages-avec-le-train-des-souris\/","url_meta":{"origin":10163,"position":0},"title":"Au fil des pages avec Le train des souris","author":"Jojo","date":"27 ao\u00fbt 2020","format":false,"excerpt":"Apr\u00e8s l'avoir d\u00e9couvert en lecture cont\u00e9e gratuite sur le compte Instagram de L\u2019\u00c9cole des Loisirs pendant le confinement, nous empruntons \u00e0 la m\u00e9diath\u00e8que Le train des souris d'Haruo Yamashita et Kazuo Iwamura (\u00e9d. L'\u00e9cole des loisirs, 1999), un album jeunesse \u00e0 partir de 3 ans. La veille du premier jour\u2026","rel":"","context":"Dans &quot;Mini lecteur&quot;","block_context":{"text":"Mini lecteur","link":"http:\/\/www.jojoenherbe.com\/index.php\/category\/mini-lecteur\/"},"img":{"alt_text":"","src":"https:\/\/i0.wp.com\/www.jojoenherbe.com\/wp-content\/uploads\/2020\/07\/Le-train-des-souris-scaled.jpg?fit=1200%2C900&resize=350%2C200","width":350,"height":200,"srcset":"https:\/\/i0.wp.com\/www.jojoenherbe.com\/wp-content\/uploads\/2020\/07\/Le-train-des-souris-scaled.jpg?fit=1200%2C900&resize=350%2C200 1x, https:\/\/i0.wp.com\/www.jojoenherbe.com\/wp-content\/uploads\/2020\/07\/Le-train-des-souris-scaled.jpg?fit=1200%2C900&resize=525%2C300 1.5x, https:\/\/i0.wp.com\/www.jojoenherbe.com\/wp-content\/uploads\/2020\/07\/Le-train-des-souris-scaled.jpg?fit=1200%2C900&resize=700%2C400 2x, https:\/\/i0.wp.com\/www.jojoenherbe.com\/wp-content\/uploads\/2020\/07\/Le-train-des-souris-scaled.jpg?fit=1200%2C900&resize=1050%2C600 3x"},"classes":[]},{"id":6547,"url":"http:\/\/www.jojoenherbe.com\/index.php\/2019\/06\/26\/au-fil-des-pages-avec-la-plage\/","url_meta":{"origin":10163,"position":1},"title":"Au fil des pages avec la plage","author":"Jojo","date":"26 juin 2019","format":false,"excerpt":"Nous continuons \u00e0 emprunter des livres sur l'\u00e9t\u00e9, la plage et les vacances (d\u00e8s 2\/3 ans). Nous lisons Les souris \u00e0 la plage de Haruo Yamashita et Kazuo Iwamura (\u00e9d. L'\u00e9cole des loisirs, 1999). Nous retrouvons avec plaisir le coup de crayon de Kazuo Iwamura pour les illustrations mais une\u2026","rel":"","context":"Dans &quot;Mini lecteur&quot;","block_context":{"text":"Mini lecteur","link":"http:\/\/www.jojoenherbe.com\/index.php\/category\/mini-lecteur\/"},"img":{"alt_text":"","src":"https:\/\/i0.wp.com\/www.jojoenherbe.com\/wp-content\/uploads\/2019\/06\/%C3%A0-la-plage.jpg?fit=1200%2C900&resize=350%2C200","width":350,"height":200,"srcset":"https:\/\/i0.wp.com\/www.jojoenherbe.com\/wp-content\/uploads\/2019\/06\/%C3%A0-la-plage.jpg?fit=1200%2C900&resize=350%2C200 1x, https:\/\/i0.wp.com\/www.jojoenherbe.com\/wp-content\/uploads\/2019\/06\/%C3%A0-la-plage.jpg?fit=1200%2C900&resize=525%2C300 1.5x, https:\/\/i0.wp.com\/www.jojoenherbe.com\/wp-content\/uploads\/2019\/06\/%C3%A0-la-plage.jpg?fit=1200%2C900&resize=700%2C400 2x, https:\/\/i0.wp.com\/www.jojoenherbe.com\/wp-content\/uploads\/2019\/06\/%C3%A0-la-plage.jpg?fit=1200%2C900&resize=1050%2C600 3x"},"classes":[]},{"id":6372,"url":"http:\/\/www.jojoenherbe.com\/index.php\/2019\/06\/18\/au-fil-des-pages-avec-la-lessive-de-la-famille-souris\/","url_meta":{"origin":10163,"position":2},"title":"Au fil des pages avec La  lessive de la famille Souris","author":"Jojo","date":"18 juin 2019","format":false,"excerpt":"Nous continuons avec la saison estivale en lisant La lessive de la famille Souris de Kazuo Iwamura (\u00e9d. L'\u00e9cole des Loisirs, 2008). En cette belle journ\u00e9e d'\u00e9t\u00e9 bien chaude, la famille Souris se l\u00e8ve t\u00f4t pour une grande journ\u00e9e de lessive. Nous retrouvons toujours avec beaucoup de plaisir les petites\u2026","rel":"","context":"Dans &quot;Mini lecteur&quot;","block_context":{"text":"Mini lecteur","link":"http:\/\/www.jojoenherbe.com\/index.php\/category\/mini-lecteur\/"},"img":{"alt_text":"","src":"https:\/\/i0.wp.com\/www.jojoenherbe.com\/wp-content\/uploads\/2019\/06\/La-lessive-de-la-famille-Souris.jpg?fit=1060%2C1200&resize=350%2C200","width":350,"height":200,"srcset":"https:\/\/i0.wp.com\/www.jojoenherbe.com\/wp-content\/uploads\/2019\/06\/La-lessive-de-la-famille-Souris.jpg?fit=1060%2C1200&resize=350%2C200 1x, https:\/\/i0.wp.com\/www.jojoenherbe.com\/wp-content\/uploads\/2019\/06\/La-lessive-de-la-famille-Souris.jpg?fit=1060%2C1200&resize=525%2C300 1.5x, https:\/\/i0.wp.com\/www.jojoenherbe.com\/wp-content\/uploads\/2019\/06\/La-lessive-de-la-famille-Souris.jpg?fit=1060%2C1200&resize=700%2C400 2x, https:\/\/i0.wp.com\/www.jojoenherbe.com\/wp-content\/uploads\/2019\/06\/La-lessive-de-la-famille-Souris.jpg?fit=1060%2C1200&resize=1050%2C600 3x"},"classes":[]},{"id":5239,"url":"http:\/\/www.jojoenherbe.com\/index.php\/2019\/03\/25\/au-fil-des-pages-avec-la-lune\/","url_meta":{"origin":10163,"position":3},"title":"Au fil des pages avec la lune","author":"Jojo","date":"25 mars 2019","format":false,"excerpt":"Dans la nuit du 20 au 21 mars 2019, a eu lieu une nouvelle pleine lune. Quel \u00e9merveillement de pouvoir l'observer! Nous appr\u00e9cions \u00e9galement de lire des histoires avec pour toile de fond la lune et plus largement la nuit, comme par exemple Loup Gouloup et la lune ou La\u2026","rel":"","context":"Dans &quot;Mini lecteur&quot;","block_context":{"text":"Mini lecteur","link":"http:\/\/www.jojoenherbe.com\/index.php\/category\/mini-lecteur\/"},"img":{"alt_text":"","src":"https:\/\/i0.wp.com\/www.jojoenherbe.com\/wp-content\/uploads\/2019\/03\/Albums-jeunesse-lune.jpg?fit=1200%2C823&resize=350%2C200","width":350,"height":200,"srcset":"https:\/\/i0.wp.com\/www.jojoenherbe.com\/wp-content\/uploads\/2019\/03\/Albums-jeunesse-lune.jpg?fit=1200%2C823&resize=350%2C200 1x, https:\/\/i0.wp.com\/www.jojoenherbe.com\/wp-content\/uploads\/2019\/03\/Albums-jeunesse-lune.jpg?fit=1200%2C823&resize=525%2C300 1.5x, https:\/\/i0.wp.com\/www.jojoenherbe.com\/wp-content\/uploads\/2019\/03\/Albums-jeunesse-lune.jpg?fit=1200%2C823&resize=700%2C400 2x, https:\/\/i0.wp.com\/www.jojoenherbe.com\/wp-content\/uploads\/2019\/03\/Albums-jeunesse-lune.jpg?fit=1200%2C823&resize=1050%2C600 3x"},"classes":[]},{"id":36974,"url":"http:\/\/www.jojoenherbe.com\/index.php\/2024\/09\/05\/throwback-thursday-livresque-rentree\/","url_meta":{"origin":10163,"position":4},"title":"Throwback Thursday Livresque: Rentr\u00e9e","author":"Jojo","date":"5 septembre 2024","format":false,"excerpt":"Ce jeudi 5 septembre 2024, je participe au Throwback Thursday Livresque, un rendez-vous livresque initialement chez Bettie Rose Books et repris depuis par Carole, les liens \u00e9tant \u00e0 d\u00e9poser chez My-Bo0ks. Le principe est de partager chaque jeudi un livre en fonction d\u2019un th\u00e8me donn\u00e9. Cette semaine, le th\u00e8me est\u2026","rel":"","context":"Dans &quot;Mini challenger&quot;","block_context":{"text":"Mini challenger","link":"http:\/\/www.jojoenherbe.com\/index.php\/category\/mini-challenger\/"},"img":{"alt_text":"","src":"https:\/\/i0.wp.com\/www.jojoenherbe.com\/wp-content\/uploads\/2023\/10\/TTL-logo.jpg?resize=350%2C200","width":350,"height":200},"classes":[]},{"id":5283,"url":"http:\/\/www.jojoenherbe.com\/index.php\/2019\/03\/27\/au-fil-des-pages-avec-la-pomme-rouge\/","url_meta":{"origin":10163,"position":5},"title":"Au fil des pages avec La pomme rouge et F\u00fb, Hana et les pissenlits","author":"Jojo","date":"27 mars 2019","format":false,"excerpt":"Nous continuons notre exploration de l'univers litt\u00e9raire de Kazuo Iwamura avec deux nouveaux emprunts \u00e0 la biblioth\u00e8que cette semaine, apr\u00e8s la famille \u00c9cureuil et la famille Souris. La pomme rouge de Kazuo Iwamura Tout d'abord, un coup de c\u0153ur pour La pomme rouge (\u00e9d. L'\u00e9cole des Loisirs, 2010), un album\u2026","rel":"","context":"Dans &quot;Mini lecteur&quot;","block_context":{"text":"Mini lecteur","link":"http:\/\/www.jojoenherbe.com\/index.php\/category\/mini-lecteur\/"},"img":{"alt_text":"","src":"https:\/\/i0.wp.com\/www.jojoenherbe.com\/wp-content\/uploads\/2019\/03\/Fu-Hana-et-les-pissenlits-La-pomme-rouge-scaled.jpg?fit=1200%2C782&resize=350%2C200","width":350,"height":200,"srcset":"https:\/\/i0.wp.com\/www.jojoenherbe.com\/wp-content\/uploads\/2019\/03\/Fu-Hana-et-les-pissenlits-La-pomme-rouge-scaled.jpg?fit=1200%2C782&resize=350%2C200 1x, https:\/\/i0.wp.com\/www.jojoenherbe.com\/wp-content\/uploads\/2019\/03\/Fu-Hana-et-les-pissenlits-La-pomme-rouge-scaled.jpg?fit=1200%2C782&resize=525%2C300 1.5x, https:\/\/i0.wp.com\/www.jojoenherbe.com\/wp-content\/uploads\/2019\/03\/Fu-Hana-et-les-pissenlits-La-pomme-rouge-scaled.jpg?fit=1200%2C782&resize=700%2C400 2x, https:\/\/i0.wp.com\/www.jojoenherbe.com\/wp-content\/uploads\/2019\/03\/Fu-Hana-et-les-pissenlits-La-pomme-rouge-scaled.jpg?fit=1200%2C782&resize=1050%2C600 3x"},"classes":[]}],"_links":{"self":[{"href":"http:\/\/www.jojoenherbe.com\/index.php\/wp-json\/wp\/v2\/posts\/10163","targetHints":{"allow":["GET"]}}],"collection":[{"href":"http:\/\/www.jojoenherbe.com\/index.php\/wp-json\/wp\/v2\/posts"}],"about":[{"href":"http:\/\/www.jojoenherbe.com\/index.php\/wp-json\/wp\/v2\/types\/post"}],"author":[{"embeddable":true,"href":"http:\/\/www.jojoenherbe.com\/index.php\/wp-json\/wp\/v2\/users\/1"}],"replies":[{"embeddable":true,"href":"http:\/\/www.jojoenherbe.com\/index.php\/wp-json\/wp\/v2\/comments?post=10163"}],"version-history":[{"count":1,"href":"http:\/\/www.jojoenherbe.com\/index.php\/wp-json\/wp\/v2\/posts\/10163\/revisions"}],"predecessor-version":[{"id":29231,"href":"http:\/\/www.jojoenherbe.com\/index.php\/wp-json\/wp\/v2\/posts\/10163\/revisions\/29231"}],"wp:featuredmedia":[{"embeddable":true,"href":"http:\/\/www.jojoenherbe.com\/index.php\/wp-json\/wp\/v2\/media\/10170"}],"wp:attachment":[{"href":"http:\/\/www.jojoenherbe.com\/index.php\/wp-json\/wp\/v2\/media?parent=10163"}],"wp:term":[{"taxonomy":"category","embeddable":true,"href":"http:\/\/www.jojoenherbe.com\/index.php\/wp-json\/wp\/v2\/categories?post=10163"},{"taxonomy":"post_tag","embeddable":true,"href":"http:\/\/www.jojoenherbe.com\/index.php\/wp-json\/wp\/v2\/tags?post=10163"}],"curies":[{"name":"wp","href":"https:\/\/api.w.org\/{rel}","templated":true}]}}