{"id":10084,"date":"2020-02-18T18:11:09","date_gmt":"2020-02-18T17:11:09","guid":{"rendered":"http:\/\/www.jojoenherbe.com\/?p=10084"},"modified":"2021-08-05T14:29:36","modified_gmt":"2021-08-05T12:29:36","slug":"au-fil-des-pages-avec-voila-lhiver","status":"publish","type":"post","link":"http:\/\/www.jojoenherbe.com\/index.php\/2020\/02\/18\/au-fil-des-pages-avec-voila-lhiver\/","title":{"rendered":"Au fil des pages avec Voil\u00e0 l&rsquo;hiver"},"content":{"rendered":"<p style=\"text-align: justify;\"><em><a href=\"https:\/\/i0.wp.com\/www.jojoenherbe.com\/wp-content\/uploads\/2020\/02\/Voil%C3%A0-lhiver-2-scaled.jpg\"><img data-recalc-dims=\"1\" loading=\"lazy\" decoding=\"async\" data-attachment-id=\"10097\" data-permalink=\"http:\/\/www.jojoenherbe.com\/index.php\/2020\/02\/18\/au-fil-des-pages-avec-voila-lhiver\/voila-lhiver-2\/\" data-orig-file=\"https:\/\/i0.wp.com\/www.jojoenherbe.com\/wp-content\/uploads\/2020\/02\/Voil%C3%A0-lhiver-2-scaled.jpg?fit=2560%2C1456\" data-orig-size=\"2560,1456\" data-comments-opened=\"1\" data-image-meta=\"{&quot;aperture&quot;:&quot;2.4&quot;,&quot;credit&quot;:&quot;&quot;,&quot;camera&quot;:&quot;iPhone 4S&quot;,&quot;caption&quot;:&quot;&quot;,&quot;created_timestamp&quot;:&quot;1581957322&quot;,&quot;copyright&quot;:&quot;&quot;,&quot;focal_length&quot;:&quot;4.28&quot;,&quot;iso&quot;:&quot;640&quot;,&quot;shutter_speed&quot;:&quot;0.066666666666667&quot;,&quot;title&quot;:&quot;&quot;,&quot;orientation&quot;:&quot;1&quot;}\" data-image-title=\"Voil\u00e0 l&amp;rsquo;hiver 2\" data-image-description=\"\" data-image-caption=\"\" data-large-file=\"https:\/\/i0.wp.com\/www.jojoenherbe.com\/wp-content\/uploads\/2020\/02\/Voil%C3%A0-lhiver-2-scaled.jpg?fit=676%2C384\" class=\"alignleft size-thumbnail wp-image-10097\" src=\"https:\/\/i0.wp.com\/www.jojoenherbe.com\/wp-content\/uploads\/2020\/02\/Voil%C3%A0-lhiver-2.jpg?resize=150%2C150\" alt=\"\" width=\"150\" height=\"150\" srcset=\"https:\/\/i0.wp.com\/www.jojoenherbe.com\/wp-content\/uploads\/2020\/02\/Voil%C3%A0-lhiver-2-scaled.jpg?resize=150%2C150 150w, https:\/\/i0.wp.com\/www.jojoenherbe.com\/wp-content\/uploads\/2020\/02\/Voil%C3%A0-lhiver-2-scaled.jpg?zoom=2&amp;resize=150%2C150 300w, https:\/\/i0.wp.com\/www.jojoenherbe.com\/wp-content\/uploads\/2020\/02\/Voil%C3%A0-lhiver-2-scaled.jpg?zoom=3&amp;resize=150%2C150 450w\" sizes=\"auto, (max-width: 150px) 100vw, 150px\" \/><\/a> <a href=\"https:\/\/i0.wp.com\/www.jojoenherbe.com\/wp-content\/uploads\/2020\/02\/Voil%C3%A0-lhiver-3-scaled.jpg\"><img data-recalc-dims=\"1\" loading=\"lazy\" decoding=\"async\" data-attachment-id=\"10098\" data-permalink=\"http:\/\/www.jojoenherbe.com\/index.php\/2020\/02\/18\/au-fil-des-pages-avec-voila-lhiver\/voila-lhiver-3\/\" data-orig-file=\"https:\/\/i0.wp.com\/www.jojoenherbe.com\/wp-content\/uploads\/2020\/02\/Voil%C3%A0-lhiver-3-scaled.jpg?fit=2560%2C1519\" data-orig-size=\"2560,1519\" data-comments-opened=\"1\" data-image-meta=\"{&quot;aperture&quot;:&quot;2.4&quot;,&quot;credit&quot;:&quot;&quot;,&quot;camera&quot;:&quot;iPhone 4S&quot;,&quot;caption&quot;:&quot;&quot;,&quot;created_timestamp&quot;:&quot;1581957350&quot;,&quot;copyright&quot;:&quot;&quot;,&quot;focal_length&quot;:&quot;4.28&quot;,&quot;iso&quot;:&quot;500&quot;,&quot;shutter_speed&quot;:&quot;0.066666666666667&quot;,&quot;title&quot;:&quot;&quot;,&quot;orientation&quot;:&quot;1&quot;}\" data-image-title=\"Voil\u00e0 l&amp;rsquo;hiver 3\" data-image-description=\"\" data-image-caption=\"\" data-large-file=\"https:\/\/i0.wp.com\/www.jojoenherbe.com\/wp-content\/uploads\/2020\/02\/Voil%C3%A0-lhiver-3-scaled.jpg?fit=676%2C401\" class=\"alignleft size-thumbnail wp-image-10098\" src=\"https:\/\/i0.wp.com\/www.jojoenherbe.com\/wp-content\/uploads\/2020\/02\/Voil%C3%A0-lhiver-3.jpg?resize=150%2C150\" alt=\"\" width=\"150\" height=\"150\" srcset=\"https:\/\/i0.wp.com\/www.jojoenherbe.com\/wp-content\/uploads\/2020\/02\/Voil%C3%A0-lhiver-3-scaled.jpg?resize=150%2C150 150w, https:\/\/i0.wp.com\/www.jojoenherbe.com\/wp-content\/uploads\/2020\/02\/Voil%C3%A0-lhiver-3-scaled.jpg?zoom=2&amp;resize=150%2C150 300w, https:\/\/i0.wp.com\/www.jojoenherbe.com\/wp-content\/uploads\/2020\/02\/Voil%C3%A0-lhiver-3-scaled.jpg?zoom=3&amp;resize=150%2C150 450w\" sizes=\"auto, (max-width: 150px) 100vw, 150px\" \/><\/a>Nous empruntons \u00e0 la m\u00e9diath\u00e8que <span style=\"text-decoration: underline;\">Voil\u00e0 l&rsquo;hiver<\/span> de Pauline Kalioujny (\u00e9d. Seuil Jeunesse, 2017), un album jeunesse cartonn\u00e9 avec des linogravures et des rabats pour les tout-petits, \u00e0 partir de 2 ans. Au fil des pages, l&rsquo;hiver s&rsquo;installe pour la plus grande joie d&rsquo;une petite fille et des animaux. <\/em><\/p>\n<p style=\"text-align: justify;\"><em>Dans chaque double page, sont mis en parall\u00e8le les faits et gestes de la petite fille et ceux d&rsquo;un animal, comme par exemple lorsqu&rsquo;elle mange bien au chaud en regardant les flocons de neige tomb\u00e9s dehors et qu&rsquo;un \u00e9cureuil en fait tout autant bien \u00e0 l&rsquo;abri avec ses r\u00e9serves de nourriture. Chacun attend avec impatience l&rsquo;hiver, ce que le lecteur ressent d\u00e8s la couverture de l&rsquo;album. Les illustrations tr\u00e8s jolies en noir et blanc et rouge rendent l&rsquo;histoire douce et po\u00e9tique jusqu&rsquo;\u00e0 la chute et l&rsquo;arriv\u00e9e de l&rsquo;hiver personnifi\u00e9 sous les traits de la Reine des neiges. Un tr\u00e8s bon moment de lecture avec cet album-jeu! Les tout-petits s&rsquo;amuseront \u00e0 le manier avec beaucoup de plaisir en passant les doigts sur les reliefs des linogravures et en ouvrant les rabats.<\/em><\/p>\n<div style=\"width: 131px\" class=\"wp-caption aligncenter\"><img data-recalc-dims=\"1\" loading=\"lazy\" decoding=\"async\" class=\"\" src=\"https:\/\/i0.wp.com\/delivrer-des-livres.fr\/wp-content\/uploads\/2019\/05\/logoalbums2019.png?resize=121%2C121\" alt=\"\" width=\"121\" height=\"121\" \/><p class=\"wp-caption-text\">Participation #156 <a href=\"http:\/\/Participation #155 Je lis aussi des albums\" data-wplink-url-error=\"true\">Je lis aussi des albums<\/a><\/p><\/div>\n","protected":false},"excerpt":{"rendered":"<p>Nous empruntons \u00e0 la m\u00e9diath\u00e8que Voil\u00e0 l&rsquo;hiver de Pauline Kalioujny (\u00e9d. Seuil Jeunesse, 2017), un album jeunesse cartonn\u00e9 avec des linogravures et des rabats pour les tout-petits, \u00e0 partir de 2 ans. Au fil des pages, l&rsquo;hiver s&rsquo;installe pour la plus grande joie d&rsquo;une petite fille et des animaux. Dans chaque double page, sont mis [&hellip;]<\/p>\n","protected":false},"author":1,"featured_media":10101,"comment_status":"open","ping_status":"open","sticky":false,"template":"","format":"standard","meta":{"jetpack_post_was_ever_published":false,"_jetpack_newsletter_access":"","_jetpack_dont_email_post_to_subs":false,"_jetpack_newsletter_tier_id":0,"_jetpack_memberships_contains_paywalled_content":false,"_jetpack_memberships_contains_paid_content":false,"footnotes":""},"categories":[363],"tags":[787,1201,409,1262,601,620,947,365,1350,1015,367,1323,589,369,2695],"class_list":["post-10084","post","type-post","status-publish","format-standard","has-post-thumbnail","hentry","category-mini-lecteur","tag-2-5-ans","tag-album-jeu","tag-albums-jeunesse","tag-attente","tag-aventure","tag-fille","tag-flaps","tag-hiver","tag-je-lis-aussi-des-albums-2019","tag-lecture-dhiver","tag-lecture-jeunesse","tag-livre-participatif","tag-livres-cartonnes","tag-neige","tag-pauline-kalioujny","post-preview"],"jetpack_featured_media_url":"https:\/\/i0.wp.com\/www.jojoenherbe.com\/wp-content\/uploads\/2020\/02\/Voil%C3%A0-lhiver.jpg?fit=2498%2C1944","jetpack_sharing_enabled":true,"jetpack_shortlink":"https:\/\/wp.me\/p9zhGx-2CE","jetpack_likes_enabled":true,"jetpack-related-posts":[{"id":28692,"url":"http:\/\/www.jojoenherbe.com\/index.php\/2023\/10\/03\/au-fil-des-pages-avec-au-bois-dormant\/","url_meta":{"origin":10084,"position":0},"title":"Au fil des pages avec Au bois dormant","author":"Jojo","date":"3 octobre 2023","format":false,"excerpt":"Nous relisons encore cet automne Au bois dormant de Karen Jameson et Marc Boutavant (\u00e9d. L'\u00e9cole des loisirs, 2020, r\u00e9\u00e9d. 2021, 32 pages), un album jeunesse \u00e0 partir de 3 ans et que nous avions eu avec l'abonnement Kilimax 2021\/2022. \u00c0 l'automne, alors que la nuit se couche dans les\u2026","rel":"","context":"Dans &quot;Mini lecteur&quot;","block_context":{"text":"Mini lecteur","link":"http:\/\/www.jojoenherbe.com\/index.php\/category\/mini-lecteur\/"},"img":{"alt_text":"","src":"https:\/\/i0.wp.com\/www.jojoenherbe.com\/wp-content\/uploads\/2023\/09\/Au-bois-dormant-scaled.jpg?fit=1200%2C834&resize=350%2C200","width":350,"height":200,"srcset":"https:\/\/i0.wp.com\/www.jojoenherbe.com\/wp-content\/uploads\/2023\/09\/Au-bois-dormant-scaled.jpg?fit=1200%2C834&resize=350%2C200 1x, https:\/\/i0.wp.com\/www.jojoenherbe.com\/wp-content\/uploads\/2023\/09\/Au-bois-dormant-scaled.jpg?fit=1200%2C834&resize=525%2C300 1.5x, https:\/\/i0.wp.com\/www.jojoenherbe.com\/wp-content\/uploads\/2023\/09\/Au-bois-dormant-scaled.jpg?fit=1200%2C834&resize=700%2C400 2x, https:\/\/i0.wp.com\/www.jojoenherbe.com\/wp-content\/uploads\/2023\/09\/Au-bois-dormant-scaled.jpg?fit=1200%2C834&resize=1050%2C600 3x"},"classes":[]},{"id":11399,"url":"http:\/\/www.jojoenherbe.com\/index.php\/2020\/07\/03\/au-fil-des-pages-avec-bulle\/","url_meta":{"origin":10084,"position":1},"title":"Au fil des pages avec Bulle","author":"Jojo","date":"3 juillet 2020","format":false,"excerpt":"Nous empruntons \u00e0 la m\u00e9diath\u00e8que Bulle de Charlotte Demanie et Justine Brax (\u00e9d. De La Martini\u00e8re Jeunesse, 2013), un album jeunesse grand format \u00e0 partir de 6 ans. Coup de c\u0153ur pour cet album jeunesse aux superbes illustrations et qui raconte tout en tendresse et en po\u00e9sie l\u2019histoire d\u2019une petite\u2026","rel":"","context":"Dans &quot;Mini lecteur&quot;","block_context":{"text":"Mini lecteur","link":"http:\/\/www.jojoenherbe.com\/index.php\/category\/mini-lecteur\/"},"img":{"alt_text":"","src":"https:\/\/i0.wp.com\/www.jojoenherbe.com\/wp-content\/uploads\/2020\/07\/Bulle-scaled.jpg?fit=1149%2C1200&resize=350%2C200","width":350,"height":200,"srcset":"https:\/\/i0.wp.com\/www.jojoenherbe.com\/wp-content\/uploads\/2020\/07\/Bulle-scaled.jpg?fit=1149%2C1200&resize=350%2C200 1x, https:\/\/i0.wp.com\/www.jojoenherbe.com\/wp-content\/uploads\/2020\/07\/Bulle-scaled.jpg?fit=1149%2C1200&resize=525%2C300 1.5x, https:\/\/i0.wp.com\/www.jojoenherbe.com\/wp-content\/uploads\/2020\/07\/Bulle-scaled.jpg?fit=1149%2C1200&resize=700%2C400 2x, https:\/\/i0.wp.com\/www.jojoenherbe.com\/wp-content\/uploads\/2020\/07\/Bulle-scaled.jpg?fit=1149%2C1200&resize=1050%2C600 3x"},"classes":[]},{"id":12433,"url":"http:\/\/www.jojoenherbe.com\/index.php\/2020\/09\/23\/au-fil-des-pages-avec-minusculette-en-automne\/","url_meta":{"origin":10084,"position":2},"title":"Au fil des pages avec Minusculette en automne","author":"Jojo","date":"23 septembre 2020","format":false,"excerpt":"Nous avons lu Minusculette en automne de Kimiko et Christine Davenier (\u00e9d. L'\u00e9cole des loisirs, coll. Loulou & Cie, septembre 2018, 28 pages), un album jeunesse cartonn\u00e9 pour les tout-petits, \u00e0 partir de 2 ans et que nous avons emprunt\u00e9 \u00e0 la m\u00e9diath\u00e8que. Par un jour d'automne, Minusculette la petite\u2026","rel":"","context":"Dans &quot;Mini lecteur&quot;","block_context":{"text":"Mini lecteur","link":"http:\/\/www.jojoenherbe.com\/index.php\/category\/mini-lecteur\/"},"img":{"alt_text":"","src":"https:\/\/i0.wp.com\/www.jojoenherbe.com\/wp-content\/uploads\/2020\/09\/Minusculette-en-automne-scaled.jpg?fit=1200%2C900&resize=350%2C200","width":350,"height":200,"srcset":"https:\/\/i0.wp.com\/www.jojoenherbe.com\/wp-content\/uploads\/2020\/09\/Minusculette-en-automne-scaled.jpg?fit=1200%2C900&resize=350%2C200 1x, https:\/\/i0.wp.com\/www.jojoenherbe.com\/wp-content\/uploads\/2020\/09\/Minusculette-en-automne-scaled.jpg?fit=1200%2C900&resize=525%2C300 1.5x, https:\/\/i0.wp.com\/www.jojoenherbe.com\/wp-content\/uploads\/2020\/09\/Minusculette-en-automne-scaled.jpg?fit=1200%2C900&resize=700%2C400 2x, https:\/\/i0.wp.com\/www.jojoenherbe.com\/wp-content\/uploads\/2020\/09\/Minusculette-en-automne-scaled.jpg?fit=1200%2C900&resize=1050%2C600 3x"},"classes":[]},{"id":10297,"url":"http:\/\/www.jojoenherbe.com\/index.php\/2020\/03\/09\/au-fil-des-pages-avec-petite-taupe-ouvre-moi-ta-porte\/","url_meta":{"origin":10084,"position":3},"title":"Au fil des pages avec Petite taupe, ouvre-moi ta porte!","author":"Jojo","date":"9 mars 2020","format":false,"excerpt":"Apr\u00e8s avoir lu et relu \u00e0 No\u00ebl Joyeux No\u00ebl, Petite taupe!, nous lisons une histoire qui pr\u00e9c\u00e8de cet album jeunesse: Petite taupe, ouvre-moi ta porte! d\u2019Orianne Lallemand et Claire Frossard (\u00e9d. Auzou, 2009), un album jeunesse \u00e0 partir de 3 ans. Par une nuit d'hiver, Petite taupe est bien au\u2026","rel":"","context":"Dans &quot;Mini lecteur&quot;","block_context":{"text":"Mini lecteur","link":"http:\/\/www.jojoenherbe.com\/index.php\/category\/mini-lecteur\/"},"img":{"alt_text":"","src":"https:\/\/i0.wp.com\/www.jojoenherbe.com\/wp-content\/uploads\/2020\/03\/Petite-taupe-ouvre-moi-ta-porte-scaled.jpg?fit=1200%2C900&resize=350%2C200","width":350,"height":200,"srcset":"https:\/\/i0.wp.com\/www.jojoenherbe.com\/wp-content\/uploads\/2020\/03\/Petite-taupe-ouvre-moi-ta-porte-scaled.jpg?fit=1200%2C900&resize=350%2C200 1x, https:\/\/i0.wp.com\/www.jojoenherbe.com\/wp-content\/uploads\/2020\/03\/Petite-taupe-ouvre-moi-ta-porte-scaled.jpg?fit=1200%2C900&resize=525%2C300 1.5x, https:\/\/i0.wp.com\/www.jojoenherbe.com\/wp-content\/uploads\/2020\/03\/Petite-taupe-ouvre-moi-ta-porte-scaled.jpg?fit=1200%2C900&resize=700%2C400 2x, https:\/\/i0.wp.com\/www.jojoenherbe.com\/wp-content\/uploads\/2020\/03\/Petite-taupe-ouvre-moi-ta-porte-scaled.jpg?fit=1200%2C900&resize=1050%2C600 3x"},"classes":[]},{"id":6874,"url":"http:\/\/www.jojoenherbe.com\/index.php\/2019\/07\/26\/au-fil-des-pages-avec-boucles-dor-et-les-trois-ours\/","url_meta":{"origin":10084,"position":4},"title":"Au fil des pages avec Boucles d&rsquo;Or et les trois ours","author":"Jojo","date":"26 juillet 2019","format":false,"excerpt":"Nous empruntons \u00e0 la biblioth\u00e8que une nouvelle version de Boucle d'Or, conte que nous avions d\u00e9j\u00e0 lu de nombreuses fois. Cette fois-ci, il s'agit de Boucles d'Or et les trois ours de Gerda Muller (\u00e9d. L'\u00e9cole des loisirs, 2006), un album jeunesse \u00e0 partir de 3 ans. Boucles d'Or vit\u2026","rel":"","context":"Dans &quot;Mini lecteur&quot;","block_context":{"text":"Mini lecteur","link":"http:\/\/www.jojoenherbe.com\/index.php\/category\/mini-lecteur\/"},"img":{"alt_text":"","src":"https:\/\/i0.wp.com\/www.jojoenherbe.com\/wp-content\/uploads\/2019\/07\/Boucles-dOr-et-les-trois-ours.jpg?fit=1200%2C743&resize=350%2C200","width":350,"height":200,"srcset":"https:\/\/i0.wp.com\/www.jojoenherbe.com\/wp-content\/uploads\/2019\/07\/Boucles-dOr-et-les-trois-ours.jpg?fit=1200%2C743&resize=350%2C200 1x, https:\/\/i0.wp.com\/www.jojoenherbe.com\/wp-content\/uploads\/2019\/07\/Boucles-dOr-et-les-trois-ours.jpg?fit=1200%2C743&resize=525%2C300 1.5x, https:\/\/i0.wp.com\/www.jojoenherbe.com\/wp-content\/uploads\/2019\/07\/Boucles-dOr-et-les-trois-ours.jpg?fit=1200%2C743&resize=700%2C400 2x, https:\/\/i0.wp.com\/www.jojoenherbe.com\/wp-content\/uploads\/2019\/07\/Boucles-dOr-et-les-trois-ours.jpg?fit=1200%2C743&resize=1050%2C600 3x"},"classes":[]},{"id":10019,"url":"http:\/\/www.jojoenherbe.com\/index.php\/2020\/02\/14\/au-fil-des-pages-avec-cheval-des-neiges\/","url_meta":{"origin":10084,"position":5},"title":"Au fil des pages avec Cheval des neiges","author":"Jojo","date":"14 f\u00e9vrier 2020","format":false,"excerpt":"Nous empruntons \u00e0 la m\u00e9diath\u00e8que Cheval des neiges de Liang Xiong, Na Li et Hong Duan (\u00e9d. du Centenaire - MilleFleurs, 2013), un album jeunesse \u00e0 partir de 3 ans. Un soir o\u00f9 il a beaucoup neig\u00e9, une petite fille attend chez ses grand-parents le retour de ses parents. Mais\u2026","rel":"","context":"Dans &quot;Mini lecteur&quot;","block_context":{"text":"Mini lecteur","link":"http:\/\/www.jojoenherbe.com\/index.php\/category\/mini-lecteur\/"},"img":{"alt_text":"","src":"https:\/\/i0.wp.com\/www.jojoenherbe.com\/wp-content\/uploads\/2020\/02\/Cheval-des-neiges-scaled.jpg?fit=1200%2C1028&resize=350%2C200","width":350,"height":200,"srcset":"https:\/\/i0.wp.com\/www.jojoenherbe.com\/wp-content\/uploads\/2020\/02\/Cheval-des-neiges-scaled.jpg?fit=1200%2C1028&resize=350%2C200 1x, https:\/\/i0.wp.com\/www.jojoenherbe.com\/wp-content\/uploads\/2020\/02\/Cheval-des-neiges-scaled.jpg?fit=1200%2C1028&resize=525%2C300 1.5x, https:\/\/i0.wp.com\/www.jojoenherbe.com\/wp-content\/uploads\/2020\/02\/Cheval-des-neiges-scaled.jpg?fit=1200%2C1028&resize=700%2C400 2x, https:\/\/i0.wp.com\/www.jojoenherbe.com\/wp-content\/uploads\/2020\/02\/Cheval-des-neiges-scaled.jpg?fit=1200%2C1028&resize=1050%2C600 3x"},"classes":[]}],"_links":{"self":[{"href":"http:\/\/www.jojoenherbe.com\/index.php\/wp-json\/wp\/v2\/posts\/10084","targetHints":{"allow":["GET"]}}],"collection":[{"href":"http:\/\/www.jojoenherbe.com\/index.php\/wp-json\/wp\/v2\/posts"}],"about":[{"href":"http:\/\/www.jojoenherbe.com\/index.php\/wp-json\/wp\/v2\/types\/post"}],"author":[{"embeddable":true,"href":"http:\/\/www.jojoenherbe.com\/index.php\/wp-json\/wp\/v2\/users\/1"}],"replies":[{"embeddable":true,"href":"http:\/\/www.jojoenherbe.com\/index.php\/wp-json\/wp\/v2\/comments?post=10084"}],"version-history":[{"count":0,"href":"http:\/\/www.jojoenherbe.com\/index.php\/wp-json\/wp\/v2\/posts\/10084\/revisions"}],"wp:featuredmedia":[{"embeddable":true,"href":"http:\/\/www.jojoenherbe.com\/index.php\/wp-json\/wp\/v2\/media\/10101"}],"wp:attachment":[{"href":"http:\/\/www.jojoenherbe.com\/index.php\/wp-json\/wp\/v2\/media?parent=10084"}],"wp:term":[{"taxonomy":"category","embeddable":true,"href":"http:\/\/www.jojoenherbe.com\/index.php\/wp-json\/wp\/v2\/categories?post=10084"},{"taxonomy":"post_tag","embeddable":true,"href":"http:\/\/www.jojoenherbe.com\/index.php\/wp-json\/wp\/v2\/tags?post=10084"}],"curies":[{"name":"wp","href":"https:\/\/api.w.org\/{rel}","templated":true}]}}