{"id":10029,"date":"2020-02-14T15:59:30","date_gmt":"2020-02-14T14:59:30","guid":{"rendered":"http:\/\/www.jojoenherbe.com\/?p=10029"},"modified":"2022-08-04T11:16:42","modified_gmt":"2022-08-04T09:16:42","slug":"au-fil-des-pages-avec-le-mari-de-la-mante-religieuse-a-disparu","status":"publish","type":"post","link":"http:\/\/www.jojoenherbe.com\/index.php\/2020\/02\/14\/au-fil-des-pages-avec-le-mari-de-la-mante-religieuse-a-disparu\/","title":{"rendered":"Au fil des pages avec Le mari de la mante religieuse a disparu"},"content":{"rendered":"<p style=\"text-align: justify;\"><em><a href=\"https:\/\/i0.wp.com\/www.jojoenherbe.com\/wp-content\/uploads\/2020\/02\/Le-mari-de-la-mante-religieuse-a-disparu-2-scaled.jpg\"><img data-recalc-dims=\"1\" loading=\"lazy\" decoding=\"async\" data-attachment-id=\"10032\" data-permalink=\"http:\/\/www.jojoenherbe.com\/index.php\/2020\/02\/14\/au-fil-des-pages-avec-le-mari-de-la-mante-religieuse-a-disparu\/le-mari-de-la-mante-religieuse-a-disparu-2\/\" data-orig-file=\"https:\/\/i0.wp.com\/www.jojoenherbe.com\/wp-content\/uploads\/2020\/02\/Le-mari-de-la-mante-religieuse-a-disparu-2-scaled.jpg?fit=2560%2C1711\" data-orig-size=\"2560,1711\" data-comments-opened=\"1\" data-image-meta=\"{&quot;aperture&quot;:&quot;2.4&quot;,&quot;credit&quot;:&quot;&quot;,&quot;camera&quot;:&quot;iPhone 4S&quot;,&quot;caption&quot;:&quot;&quot;,&quot;created_timestamp&quot;:&quot;1581695168&quot;,&quot;copyright&quot;:&quot;&quot;,&quot;focal_length&quot;:&quot;4.28&quot;,&quot;iso&quot;:&quot;100&quot;,&quot;shutter_speed&quot;:&quot;0.05&quot;,&quot;title&quot;:&quot;&quot;,&quot;orientation&quot;:&quot;1&quot;}\" data-image-title=\"Le mari de la mante religieuse a disparu 2\" data-image-description=\"\" data-image-caption=\"\" data-large-file=\"https:\/\/i0.wp.com\/www.jojoenherbe.com\/wp-content\/uploads\/2020\/02\/Le-mari-de-la-mante-religieuse-a-disparu-2-scaled.jpg?fit=676%2C452\" class=\"alignleft size-thumbnail wp-image-10032\" src=\"https:\/\/i0.wp.com\/www.jojoenherbe.com\/wp-content\/uploads\/2020\/02\/Le-mari-de-la-mante-religieuse-a-disparu-2.jpg?resize=150%2C150\" alt=\"\" width=\"150\" height=\"150\" srcset=\"https:\/\/i0.wp.com\/www.jojoenherbe.com\/wp-content\/uploads\/2020\/02\/Le-mari-de-la-mante-religieuse-a-disparu-2-scaled.jpg?resize=150%2C150 150w, https:\/\/i0.wp.com\/www.jojoenherbe.com\/wp-content\/uploads\/2020\/02\/Le-mari-de-la-mante-religieuse-a-disparu-2-scaled.jpg?zoom=2&amp;resize=150%2C150 300w, https:\/\/i0.wp.com\/www.jojoenherbe.com\/wp-content\/uploads\/2020\/02\/Le-mari-de-la-mante-religieuse-a-disparu-2-scaled.jpg?zoom=3&amp;resize=150%2C150 450w\" sizes=\"auto, (max-width: 150px) 100vw, 150px\" \/><\/a> <a href=\"https:\/\/i0.wp.com\/www.jojoenherbe.com\/wp-content\/uploads\/2020\/02\/Le-mari-de-la-mante-religieuse-a-disparu-3-scaled.jpg\"><img data-recalc-dims=\"1\" loading=\"lazy\" decoding=\"async\" data-attachment-id=\"10033\" data-permalink=\"http:\/\/www.jojoenherbe.com\/index.php\/2020\/02\/14\/au-fil-des-pages-avec-le-mari-de-la-mante-religieuse-a-disparu\/le-mari-de-la-mante-religieuse-a-disparu-3\/\" data-orig-file=\"https:\/\/i0.wp.com\/www.jojoenherbe.com\/wp-content\/uploads\/2020\/02\/Le-mari-de-la-mante-religieuse-a-disparu-3-scaled.jpg?fit=2560%2C1839\" data-orig-size=\"2560,1839\" data-comments-opened=\"1\" data-image-meta=\"{&quot;aperture&quot;:&quot;2.4&quot;,&quot;credit&quot;:&quot;&quot;,&quot;camera&quot;:&quot;iPhone 4S&quot;,&quot;caption&quot;:&quot;&quot;,&quot;created_timestamp&quot;:&quot;1581695203&quot;,&quot;copyright&quot;:&quot;&quot;,&quot;focal_length&quot;:&quot;4.28&quot;,&quot;iso&quot;:&quot;100&quot;,&quot;shutter_speed&quot;:&quot;0.05&quot;,&quot;title&quot;:&quot;&quot;,&quot;orientation&quot;:&quot;1&quot;}\" data-image-title=\"Le mari de la mante religieuse a disparu 3\" data-image-description=\"\" data-image-caption=\"\" data-large-file=\"https:\/\/i0.wp.com\/www.jojoenherbe.com\/wp-content\/uploads\/2020\/02\/Le-mari-de-la-mante-religieuse-a-disparu-3-scaled.jpg?fit=676%2C486\" class=\"alignleft size-thumbnail wp-image-10033\" src=\"https:\/\/i0.wp.com\/www.jojoenherbe.com\/wp-content\/uploads\/2020\/02\/Le-mari-de-la-mante-religieuse-a-disparu-3.jpg?resize=150%2C150\" alt=\"\" width=\"150\" height=\"150\" srcset=\"https:\/\/i0.wp.com\/www.jojoenherbe.com\/wp-content\/uploads\/2020\/02\/Le-mari-de-la-mante-religieuse-a-disparu-3-scaled.jpg?resize=150%2C150 150w, https:\/\/i0.wp.com\/www.jojoenherbe.com\/wp-content\/uploads\/2020\/02\/Le-mari-de-la-mante-religieuse-a-disparu-3-scaled.jpg?zoom=2&amp;resize=150%2C150 300w, https:\/\/i0.wp.com\/www.jojoenherbe.com\/wp-content\/uploads\/2020\/02\/Le-mari-de-la-mante-religieuse-a-disparu-3-scaled.jpg?zoom=3&amp;resize=150%2C150 450w\" sizes=\"auto, (max-width: 150px) 100vw, 150px\" \/><\/a>Nous empruntons \u00e0 la m\u00e9diath\u00e8que une des enqu\u00eates de la Fourmi n\u00b07707, <span style=\"text-decoration: underline;\">Le mari de la mante religieuse a disparu<\/span> de Thierry Dedieu (\u00e9d. Saltimbanque, 2019), un album jeunesse \u00e0 partir de 3 ans. Accompagn\u00e9 de Cruchod l&rsquo;Escargot et de Madame Chouette qui sait tout sur tout, la Fourmi n\u00b07707 m\u00e8ne l&rsquo;enqu\u00eate sur la disparition myst\u00e9rieuse du mari de la mante religieuse. O\u00f9 peut-il bien \u00eatre? D&rsquo;indice en indice, la fourmi va-t-elle pouvoir r\u00e9soudre cette \u00e9nigme? Que d&rsquo;humour et d&rsquo;ironie dans cet album jeunesse! Nous retrouvons avec plaisir le trait de crayon color\u00e9 et \u00e9pur\u00e9 de Thierry Dedieu. Quelle fa\u00e7on originale et rigolote d&rsquo;expliquer aux plus jeunes la biodiversit\u00e9 et la Nature! Dans cet album, c&rsquo;est la vie de la mante religieuse qui est d\u00e9cortiqu\u00e9e, avec \u00e0 la fin une tr\u00e8s jolie planche botanique. Un tr\u00e8s bon moment de lecture avec ce polar documentaire!<br \/>\n<\/em><\/p>\n<div style=\"width: 118px\" class=\"wp-caption alignleft\"><img data-recalc-dims=\"1\" loading=\"lazy\" decoding=\"async\" class=\"\" src=\"https:\/\/i0.wp.com\/delivrer-des-livres.fr\/wp-content\/uploads\/2019\/05\/logoalbums2019.png?resize=108%2C108\" alt=\"\" width=\"108\" height=\"108\" \/><p class=\"wp-caption-text\">Participation #154 <a href=\"http:\/\/delivrer-des-livres.fr\/challenge-albums-2019\/\">Je lis aussi des albums<\/a><\/p><\/div>\n<div style=\"width: 121px\" class=\"wp-caption alignleft\"><img loading=\"lazy\" decoding=\"async\" class=\"\" src=\"https:\/\/lh3.googleusercontent.com\/yeyHsyE8ePB9xQx2t9obPo4nIUGeuGsS-P1wwGiEip3f9lcFED23VkM1Pr5hYoy4puCex2GzVOyZNHjl5qeUnhImyiKFqwfTaONmF_HEc7SEvgxhr1eZXuJ6zzg9JfEY4XADWBPBCxMLePs3HiWfgCjRFVaAIkiQhaX8RGfOMzZhoMNQUFFuWlglQGRva5RIkSFvo7nk3yMWVz4PgUXBK3Uof2Hf073K4C6YvQC1u6gRN2BCr4tNyqitAlYfULcqVlua9UK9L5kLVOZWs2-xrAzDf1K3rxU8pxE6Fdm1EI8_YbPW09CsTNa9CW1z0lvieJ6Ify6BbltA9XBnOC99XwB4E833hDdb9KWRbKTb8bwsVGIAFF1x2JkOCAWTkq3OtXJmlgaccySEr2PvCr9rzIA4GtrzB04GpU7RNPlnkfNDjtPoy6UR5nf5SD-RQvfrkHaKDQocAHpi1MoHr0bWF4h3F08r5y_TM01DqKXAgeInHehhuxNBZ4LGs7Emk2ol6RPfVd4UEj0916JVKRknXSsSbJG_50ptPlCGTOdHDTOUMc6x63Wp68_DnNhG9qn5FPKuDHhZvC008a4nifQFWuKVT6HvqNgW-LcvXb0wnjbSwgS8qwHb3LtHJj3uAe971aQRDPkS146UchPgCLNczeUje4Y3YFpuV4P1KYu67RSdAOITJNzzSRO2Dycc1PCqSdc7IoPwLu0-aT-FJ0m-KvlkUQLXoamPhl2WKbODyZSfc5ZT=w285-h217-no\" alt=\"\" width=\"111\" height=\"84\" \/><p class=\"wp-caption-text\"><a href=\"https:\/\/ennalit.wordpress.com\/2019\/12\/01\/challenge-petit-bac-2020-qui-veut-jouer\/\">Challenge Petit Bac d&rsquo;Enna<\/a> #4 Cat\u00e9gorie Amour et relations amoureuses: \u00ab\u00a0Mari\u00a0\u00bb<\/p><\/div>\n","protected":false},"excerpt":{"rendered":"<p>Nous empruntons \u00e0 la m\u00e9diath\u00e8que une des enqu\u00eates de la Fourmi n\u00b07707, Le mari de la mante religieuse a disparu de Thierry Dedieu (\u00e9d. Saltimbanque, 2019), un album jeunesse \u00e0 partir de 3 ans. Accompagn\u00e9 de Cruchod l&rsquo;Escargot et de Madame Chouette qui sait tout sur tout, la Fourmi n\u00b07707 m\u00e8ne l&rsquo;enqu\u00eate sur la disparition [&hellip;]<\/p>\n","protected":false},"author":1,"featured_media":10034,"comment_status":"open","ping_status":"open","sticky":false,"template":"","format":"standard","meta":{"jetpack_post_was_ever_published":false,"_jetpack_newsletter_access":"","_jetpack_dont_email_post_to_subs":false,"_jetpack_newsletter_tier_id":0,"_jetpack_memberships_contains_paywalled_content":false,"_jetpack_memberships_contains_paid_content":false,"footnotes":""},"categories":[363],"tags":[785,409,1352,327,1081,1098,914,344,1267,538,662,1350,169,367,1268,543,1269,1087],"class_list":["post-10029","post","type-post","status-publish","format-standard","has-post-thumbnail","hentry","category-mini-lecteur","tag-3-6-ans","tag-albums-jeunesse","tag-challenge-petit-bac-2020","tag-chouette","tag-disparition","tag-enigmes","tag-enquete","tag-escargot","tag-fourmi","tag-humour","tag-ironie","tag-je-lis-aussi-des-albums-2019","tag-justice","tag-lecture-jeunesse","tag-mante-religieuse","tag-nature","tag-polar","tag-thierry-dedieu","post-preview"],"jetpack_featured_media_url":"https:\/\/i0.wp.com\/www.jojoenherbe.com\/wp-content\/uploads\/2020\/02\/Le-mari-de-la-mante-religieuse-a-disparu.jpg?fit=2440%2C2217","jetpack_sharing_enabled":true,"jetpack_shortlink":"https:\/\/wp.me\/p9zhGx-2BL","jetpack_likes_enabled":true,"jetpack-related-posts":[{"id":13916,"url":"http:\/\/www.jojoenherbe.com\/index.php\/2020\/11\/16\/deuxieme-alphabet-des-animaux-e-comme-escargot\/","url_meta":{"origin":10029,"position":0},"title":"Deuxi\u00e8me alphabet des animaux: E comme Escargot","author":"Jojo","date":"16 novembre 2020","format":false,"excerpt":"Pour la semaine 31 de mon challenge sur Instagram #jojoenherbeetcieillustre qui associe la premi\u00e8re lettre d'un animal avec une illustration tir\u00e9e de la litt\u00e9rature jeunesse en suivant l'ordre de l'alphabet, il s'agit du E comme Escargot. Alors voici notre s\u00e9lection d'escargots qui sera mise \u00e0 jour au fur-et-\u00e0-mesure de nos\u2026","rel":"","context":"Dans &quot;Mini challenger&quot;","block_context":{"text":"Mini challenger","link":"http:\/\/www.jojoenherbe.com\/index.php\/category\/mini-challenger\/"},"img":{"alt_text":"","src":"https:\/\/i0.wp.com\/www.jojoenherbe.com\/wp-content\/uploads\/2020\/11\/Selection-Escargot-scaled.jpg?fit=1200%2C831&resize=350%2C200","width":350,"height":200,"srcset":"https:\/\/i0.wp.com\/www.jojoenherbe.com\/wp-content\/uploads\/2020\/11\/Selection-Escargot-scaled.jpg?fit=1200%2C831&resize=350%2C200 1x, https:\/\/i0.wp.com\/www.jojoenherbe.com\/wp-content\/uploads\/2020\/11\/Selection-Escargot-scaled.jpg?fit=1200%2C831&resize=525%2C300 1.5x, https:\/\/i0.wp.com\/www.jojoenherbe.com\/wp-content\/uploads\/2020\/11\/Selection-Escargot-scaled.jpg?fit=1200%2C831&resize=700%2C400 2x, https:\/\/i0.wp.com\/www.jojoenherbe.com\/wp-content\/uploads\/2020\/11\/Selection-Escargot-scaled.jpg?fit=1200%2C831&resize=1050%2C600 3x"},"classes":[]},{"id":9034,"url":"http:\/\/www.jojoenherbe.com\/index.php\/2019\/12\/21\/au-fil-des-pages-avec-les-bonshommes-de-neige-sont-eternels\/","url_meta":{"origin":10029,"position":1},"title":"Au fil des pages avec Les bonshommes de neige sont \u00e9ternels","author":"Jojo","date":"21 d\u00e9cembre 2019","format":false,"excerpt":"Nous empruntons \u00e0 la biblioth\u00e8que Les bonshommes de neige sont \u00e9ternels de Thierry Dedieu (\u00e9d. Seuil Jeunesse, 2016), un album jeunesse tr\u00e8s grand format \u00e0 partir de 3 ans. A la fin de l'hiver, quatre animaux de la for\u00eat, \u00c9cureuil, Chouette, H\u00e9risson et Lapin, s'inqui\u00e8tent pour leur ami, le Bonhomme\u2026","rel":"","context":"Dans &quot;Mini lecteur&quot;","block_context":{"text":"Mini lecteur","link":"http:\/\/www.jojoenherbe.com\/index.php\/category\/mini-lecteur\/"},"img":{"alt_text":"","src":"https:\/\/i0.wp.com\/www.jojoenherbe.com\/wp-content\/uploads\/2019\/12\/Les-bonshommes-de-neige-sont-%C3%A9ternels.jpg?fit=1200%2C1127&resize=350%2C200","width":350,"height":200,"srcset":"https:\/\/i0.wp.com\/www.jojoenherbe.com\/wp-content\/uploads\/2019\/12\/Les-bonshommes-de-neige-sont-%C3%A9ternels.jpg?fit=1200%2C1127&resize=350%2C200 1x, https:\/\/i0.wp.com\/www.jojoenherbe.com\/wp-content\/uploads\/2019\/12\/Les-bonshommes-de-neige-sont-%C3%A9ternels.jpg?fit=1200%2C1127&resize=525%2C300 1.5x, https:\/\/i0.wp.com\/www.jojoenherbe.com\/wp-content\/uploads\/2019\/12\/Les-bonshommes-de-neige-sont-%C3%A9ternels.jpg?fit=1200%2C1127&resize=700%2C400 2x, https:\/\/i0.wp.com\/www.jojoenherbe.com\/wp-content\/uploads\/2019\/12\/Les-bonshommes-de-neige-sont-%C3%A9ternels.jpg?fit=1200%2C1127&resize=1050%2C600 3x"},"classes":[]},{"id":10103,"url":"http:\/\/www.jojoenherbe.com\/index.php\/2020\/02\/19\/des-activites-sur-le-theme-de-lamour\/","url_meta":{"origin":10029,"position":2},"title":"Des activit\u00e9s sur le th\u00e8me de l&rsquo;amour","author":"Jojo","date":"19 f\u00e9vrier 2020","format":false,"excerpt":"Pour ce mois de f\u00e9vrier 2020, je participe une nouvelle fois, \u00e9galement via mon compte Instagram, au rendez-vous sur le fil organis\u00e9 par MamanSurLeFil. Le th\u00e8me de ce mois-ci est \"Love, love, love\". Nous avons r\u00e9alis\u00e9 une petite activit\u00e9 de collage et de gommettes. Je dessine une cigogne comme patron\u2026","rel":"","context":"Dans &quot;Mini joueur&quot;","block_context":{"text":"Mini joueur","link":"http:\/\/www.jojoenherbe.com\/index.php\/category\/mini-decouvreur\/mini-joueur\/"},"img":{"alt_text":"","src":"https:\/\/i0.wp.com\/www.jojoenherbe.com\/wp-content\/uploads\/2020\/02\/Activit%C3%A9s-sur-le-th%C3%A8me-de-lamour-scaled.jpg?fit=1200%2C949&resize=350%2C200","width":350,"height":200,"srcset":"https:\/\/i0.wp.com\/www.jojoenherbe.com\/wp-content\/uploads\/2020\/02\/Activit%C3%A9s-sur-le-th%C3%A8me-de-lamour-scaled.jpg?fit=1200%2C949&resize=350%2C200 1x, https:\/\/i0.wp.com\/www.jojoenherbe.com\/wp-content\/uploads\/2020\/02\/Activit%C3%A9s-sur-le-th%C3%A8me-de-lamour-scaled.jpg?fit=1200%2C949&resize=525%2C300 1.5x, https:\/\/i0.wp.com\/www.jojoenherbe.com\/wp-content\/uploads\/2020\/02\/Activit%C3%A9s-sur-le-th%C3%A8me-de-lamour-scaled.jpg?fit=1200%2C949&resize=700%2C400 2x, https:\/\/i0.wp.com\/www.jojoenherbe.com\/wp-content\/uploads\/2020\/02\/Activit%C3%A9s-sur-le-th%C3%A8me-de-lamour-scaled.jpg?fit=1200%2C949&resize=1050%2C600 3x"},"classes":[]},{"id":6941,"url":"http:\/\/www.jojoenherbe.com\/index.php\/2019\/07\/31\/au-fil-des-pages-avec-bob-marley-le-monstre\/","url_meta":{"origin":10029,"position":3},"title":"Au fil des pages avec Bob &#038; Marley, Le monstre","author":"Jojo","date":"31 juillet 2019","format":false,"excerpt":"Apr\u00e8s avoir lu Bob & Marley, La nuit, nous continuons avec une autre aventure:\u00a0 Bob & Marley, Le monstre de Fr\u00e9d\u00e9ric Marais et Thierry Dedieu (\u00e9d. Seuil Jeunesse, mars 2016, 40 pages), un album jeunesse d\u00e8s 3 ans. Cette fois-ci,\u00a0 Bob\u00a0 et Marley sont en pleine cueillette de framboises.\u00a0 Mais\u2026","rel":"","context":"Dans &quot;Mini lecteur&quot;","block_context":{"text":"Mini lecteur","link":"http:\/\/www.jojoenherbe.com\/index.php\/category\/mini-lecteur\/"},"img":{"alt_text":"","src":"https:\/\/i0.wp.com\/www.jojoenherbe.com\/wp-content\/uploads\/2020\/11\/Bob-Marley-Le-monstre-scaled.jpg?fit=1200%2C900&resize=350%2C200","width":350,"height":200,"srcset":"https:\/\/i0.wp.com\/www.jojoenherbe.com\/wp-content\/uploads\/2020\/11\/Bob-Marley-Le-monstre-scaled.jpg?fit=1200%2C900&resize=350%2C200 1x, https:\/\/i0.wp.com\/www.jojoenherbe.com\/wp-content\/uploads\/2020\/11\/Bob-Marley-Le-monstre-scaled.jpg?fit=1200%2C900&resize=525%2C300 1.5x, https:\/\/i0.wp.com\/www.jojoenherbe.com\/wp-content\/uploads\/2020\/11\/Bob-Marley-Le-monstre-scaled.jpg?fit=1200%2C900&resize=700%2C400 2x, https:\/\/i0.wp.com\/www.jojoenherbe.com\/wp-content\/uploads\/2020\/11\/Bob-Marley-Le-monstre-scaled.jpg?fit=1200%2C900&resize=1050%2C600 3x"},"classes":[]},{"id":17447,"url":"http:\/\/www.jojoenherbe.com\/index.php\/2021\/04\/16\/au-fil-des-pages-avec-le-maitre-des-estampes\/","url_meta":{"origin":10029,"position":4},"title":"Au fil des pages avec Le ma\u00eetre des estampes","author":"Jojo","date":"16 avril 2021","format":false,"excerpt":"En cherchant des albums jeunesse pour Un mois au Japon \u00e0 la m\u00e9diath\u00e8que, j'ai jet\u00e9 mon d\u00e9volu sur un album de Thierry Dedieu, un auteur\/illustrateur que j'appr\u00e9cie beaucoup et au style tr\u00e8s vari\u00e9 et pour tous les \u00e2ges comme par exemple, en tant qu'illustrateur, sa s\u00e9rie hilarante avec Fr\u00e9d\u00e9ric Marais,\u2026","rel":"","context":"Dans &quot;Mini lecteur&quot;","block_context":{"text":"Mini lecteur","link":"http:\/\/www.jojoenherbe.com\/index.php\/category\/mini-lecteur\/"},"img":{"alt_text":"","src":"https:\/\/i0.wp.com\/www.jojoenherbe.com\/wp-content\/uploads\/2021\/04\/Le-maitre-des-estampes-scaled.jpg?fit=1200%2C900&resize=350%2C200","width":350,"height":200,"srcset":"https:\/\/i0.wp.com\/www.jojoenherbe.com\/wp-content\/uploads\/2021\/04\/Le-maitre-des-estampes-scaled.jpg?fit=1200%2C900&resize=350%2C200 1x, https:\/\/i0.wp.com\/www.jojoenherbe.com\/wp-content\/uploads\/2021\/04\/Le-maitre-des-estampes-scaled.jpg?fit=1200%2C900&resize=525%2C300 1.5x, https:\/\/i0.wp.com\/www.jojoenherbe.com\/wp-content\/uploads\/2021\/04\/Le-maitre-des-estampes-scaled.jpg?fit=1200%2C900&resize=700%2C400 2x, https:\/\/i0.wp.com\/www.jojoenherbe.com\/wp-content\/uploads\/2021\/04\/Le-maitre-des-estampes-scaled.jpg?fit=1200%2C900&resize=1050%2C600 3x"},"classes":[]},{"id":6909,"url":"http:\/\/www.jojoenherbe.com\/index.php\/2019\/07\/31\/au-fil-des-pages-avec-bob-marley-la-nuit\/","url_meta":{"origin":10029,"position":5},"title":"Au fil des pages avec Bob &#038; Marley, La nuit","author":"Jojo","date":"31 juillet 2019","format":false,"excerpt":"Nous retrouvons avec grand plaisir Bob et Marley, deux amis ours un brin chamailleurs que nous avions d\u00e9couverts avec Bob & Marley, Le cadeau. Nous empruntons, en effet, \u00e0 la biblioth\u00e8que Bob & Marley, La nuit de Fr\u00e9d\u00e9ric Marais et Thierry Dedieu (\u00e9d. Seuil Jeunesse, 2018), album jeunesse d\u00e8s 3\u2026","rel":"","context":"Dans &quot;Mini lecteur&quot;","block_context":{"text":"Mini lecteur","link":"http:\/\/www.jojoenherbe.com\/index.php\/category\/mini-lecteur\/"},"img":{"alt_text":"","src":"https:\/\/i0.wp.com\/www.jojoenherbe.com\/wp-content\/uploads\/2019\/07\/Bob-Marley-la-nuit.jpg?fit=1163%2C1200&resize=350%2C200","width":350,"height":200,"srcset":"https:\/\/i0.wp.com\/www.jojoenherbe.com\/wp-content\/uploads\/2019\/07\/Bob-Marley-la-nuit.jpg?fit=1163%2C1200&resize=350%2C200 1x, https:\/\/i0.wp.com\/www.jojoenherbe.com\/wp-content\/uploads\/2019\/07\/Bob-Marley-la-nuit.jpg?fit=1163%2C1200&resize=525%2C300 1.5x, https:\/\/i0.wp.com\/www.jojoenherbe.com\/wp-content\/uploads\/2019\/07\/Bob-Marley-la-nuit.jpg?fit=1163%2C1200&resize=700%2C400 2x, https:\/\/i0.wp.com\/www.jojoenherbe.com\/wp-content\/uploads\/2019\/07\/Bob-Marley-la-nuit.jpg?fit=1163%2C1200&resize=1050%2C600 3x"},"classes":[]}],"_links":{"self":[{"href":"http:\/\/www.jojoenherbe.com\/index.php\/wp-json\/wp\/v2\/posts\/10029","targetHints":{"allow":["GET"]}}],"collection":[{"href":"http:\/\/www.jojoenherbe.com\/index.php\/wp-json\/wp\/v2\/posts"}],"about":[{"href":"http:\/\/www.jojoenherbe.com\/index.php\/wp-json\/wp\/v2\/types\/post"}],"author":[{"embeddable":true,"href":"http:\/\/www.jojoenherbe.com\/index.php\/wp-json\/wp\/v2\/users\/1"}],"replies":[{"embeddable":true,"href":"http:\/\/www.jojoenherbe.com\/index.php\/wp-json\/wp\/v2\/comments?post=10029"}],"version-history":[{"count":2,"href":"http:\/\/www.jojoenherbe.com\/index.php\/wp-json\/wp\/v2\/posts\/10029\/revisions"}],"predecessor-version":[{"id":26843,"href":"http:\/\/www.jojoenherbe.com\/index.php\/wp-json\/wp\/v2\/posts\/10029\/revisions\/26843"}],"wp:featuredmedia":[{"embeddable":true,"href":"http:\/\/www.jojoenherbe.com\/index.php\/wp-json\/wp\/v2\/media\/10034"}],"wp:attachment":[{"href":"http:\/\/www.jojoenherbe.com\/index.php\/wp-json\/wp\/v2\/media?parent=10029"}],"wp:term":[{"taxonomy":"category","embeddable":true,"href":"http:\/\/www.jojoenherbe.com\/index.php\/wp-json\/wp\/v2\/categories?post=10029"},{"taxonomy":"post_tag","embeddable":true,"href":"http:\/\/www.jojoenherbe.com\/index.php\/wp-json\/wp\/v2\/tags?post=10029"}],"curies":[{"name":"wp","href":"https:\/\/api.w.org\/{rel}","templated":true}]}}