{"id":10019,"date":"2020-02-14T14:52:37","date_gmt":"2020-02-14T13:52:37","guid":{"rendered":"http:\/\/www.jojoenherbe.com\/?p=10019"},"modified":"2023-01-18T11:57:36","modified_gmt":"2023-01-18T10:57:36","slug":"au-fil-des-pages-avec-cheval-des-neiges","status":"publish","type":"post","link":"http:\/\/www.jojoenherbe.com\/index.php\/2020\/02\/14\/au-fil-des-pages-avec-cheval-des-neiges\/","title":{"rendered":"Au fil des pages avec Cheval des neiges"},"content":{"rendered":"<p style=\"text-align: justify;\"><em><a href=\"https:\/\/i0.wp.com\/www.jojoenherbe.com\/wp-content\/uploads\/2020\/02\/Cheval-des-neiges-2-scaled.jpg\"><img data-recalc-dims=\"1\" loading=\"lazy\" decoding=\"async\" data-attachment-id=\"10022\" data-permalink=\"http:\/\/www.jojoenherbe.com\/index.php\/2020\/02\/14\/au-fil-des-pages-avec-cheval-des-neiges\/cheval-des-neiges-2\/\" data-orig-file=\"https:\/\/i0.wp.com\/www.jojoenherbe.com\/wp-content\/uploads\/2020\/02\/Cheval-des-neiges-2-scaled.jpg?fit=2560%2C1777\" data-orig-size=\"2560,1777\" data-comments-opened=\"1\" data-image-meta=\"{&quot;aperture&quot;:&quot;2.4&quot;,&quot;credit&quot;:&quot;&quot;,&quot;camera&quot;:&quot;iPhone 4S&quot;,&quot;caption&quot;:&quot;&quot;,&quot;created_timestamp&quot;:&quot;1581678372&quot;,&quot;copyright&quot;:&quot;&quot;,&quot;focal_length&quot;:&quot;4.28&quot;,&quot;iso&quot;:&quot;320&quot;,&quot;shutter_speed&quot;:&quot;0.05&quot;,&quot;title&quot;:&quot;&quot;,&quot;orientation&quot;:&quot;1&quot;}\" data-image-title=\"Cheval des neiges 2\" data-image-description=\"\" data-image-caption=\"\" data-large-file=\"https:\/\/i0.wp.com\/www.jojoenherbe.com\/wp-content\/uploads\/2020\/02\/Cheval-des-neiges-2-scaled.jpg?fit=676%2C469\" class=\"alignleft size-thumbnail wp-image-10022\" src=\"https:\/\/i0.wp.com\/www.jojoenherbe.com\/wp-content\/uploads\/2020\/02\/Cheval-des-neiges-2.jpg?resize=150%2C150\" alt=\"\" width=\"150\" height=\"150\" srcset=\"https:\/\/i0.wp.com\/www.jojoenherbe.com\/wp-content\/uploads\/2020\/02\/Cheval-des-neiges-2-scaled.jpg?resize=150%2C150 150w, https:\/\/i0.wp.com\/www.jojoenherbe.com\/wp-content\/uploads\/2020\/02\/Cheval-des-neiges-2-scaled.jpg?zoom=2&amp;resize=150%2C150 300w, https:\/\/i0.wp.com\/www.jojoenherbe.com\/wp-content\/uploads\/2020\/02\/Cheval-des-neiges-2-scaled.jpg?zoom=3&amp;resize=150%2C150 450w\" sizes=\"auto, (max-width: 150px) 100vw, 150px\" \/><\/a> <a href=\"https:\/\/i0.wp.com\/www.jojoenherbe.com\/wp-content\/uploads\/2020\/02\/Cheval-des-neiges-3-scaled.jpg\"><img data-recalc-dims=\"1\" loading=\"lazy\" decoding=\"async\" data-attachment-id=\"10023\" data-permalink=\"http:\/\/www.jojoenherbe.com\/index.php\/2020\/02\/14\/au-fil-des-pages-avec-cheval-des-neiges\/cheval-des-neiges-3\/\" data-orig-file=\"https:\/\/i0.wp.com\/www.jojoenherbe.com\/wp-content\/uploads\/2020\/02\/Cheval-des-neiges-3-scaled.jpg?fit=2560%2C1920\" data-orig-size=\"2560,1920\" data-comments-opened=\"1\" data-image-meta=\"{&quot;aperture&quot;:&quot;2.4&quot;,&quot;credit&quot;:&quot;&quot;,&quot;camera&quot;:&quot;iPhone 4S&quot;,&quot;caption&quot;:&quot;&quot;,&quot;created_timestamp&quot;:&quot;1581678420&quot;,&quot;copyright&quot;:&quot;&quot;,&quot;focal_length&quot;:&quot;4.28&quot;,&quot;iso&quot;:&quot;400&quot;,&quot;shutter_speed&quot;:&quot;0.05&quot;,&quot;title&quot;:&quot;&quot;,&quot;orientation&quot;:&quot;1&quot;}\" data-image-title=\"Cheval des neiges 3\" data-image-description=\"\" data-image-caption=\"\" data-large-file=\"https:\/\/i0.wp.com\/www.jojoenherbe.com\/wp-content\/uploads\/2020\/02\/Cheval-des-neiges-3-scaled.jpg?fit=676%2C507\" class=\"alignleft size-thumbnail wp-image-10023\" src=\"https:\/\/i0.wp.com\/www.jojoenherbe.com\/wp-content\/uploads\/2020\/02\/Cheval-des-neiges-3.jpg?resize=150%2C150\" alt=\"\" width=\"150\" height=\"150\" srcset=\"https:\/\/i0.wp.com\/www.jojoenherbe.com\/wp-content\/uploads\/2020\/02\/Cheval-des-neiges-3-scaled.jpg?resize=150%2C150 150w, https:\/\/i0.wp.com\/www.jojoenherbe.com\/wp-content\/uploads\/2020\/02\/Cheval-des-neiges-3-scaled.jpg?zoom=2&amp;resize=150%2C150 300w, https:\/\/i0.wp.com\/www.jojoenherbe.com\/wp-content\/uploads\/2020\/02\/Cheval-des-neiges-3-scaled.jpg?zoom=3&amp;resize=150%2C150 450w\" sizes=\"auto, (max-width: 150px) 100vw, 150px\" \/><\/a>Nous empruntons \u00e0 la m\u00e9diath\u00e8que <span style=\"text-decoration: underline;\">Cheval des neiges<\/span> de Liang Xiong, Na Li et Hong Duan (\u00e9d. du Centenaire &#8211; MilleFleurs, 2013), un album jeunesse \u00e0 partir de 3 ans. Un soir o\u00f9 il a beaucoup neig\u00e9, une petite fille attend chez ses grand-parents le retour de ses parents. Mais ils tardent \u00e0 venir, leur autocar \u00e9tant bloqu\u00e9 dans la neige. Heureusement, sa grand-m\u00e8re d\u00e9coupe un petit cheval de papier qu&rsquo;elle colle \u00e0 la fen\u00eatre de la chambre de la petite fille. Ce cheval des neiges veille. Il plane alors une atmosph\u00e8re myst\u00e9rieuse et onirique, le cheval prenant vie pour guider la petite fille vers ses parents. Que de douceur et de po\u00e9sie dans cet album jeunesse! Les illustrations sont tr\u00e8s jolies, le d\u00e9cor aux teintes blanches et gris\u00e2tres tranchant avec le cheval de papier rouge, dentel\u00e9 et r\u00e9confortant. Un tr\u00e8s bon moment de lecture avec cette l\u00e9gende chinoise!<br \/>\n<\/em><\/p>\n<div style=\"width: 114px\" class=\"wp-caption alignleft\"><img data-recalc-dims=\"1\" loading=\"lazy\" decoding=\"async\" class=\"\" src=\"https:\/\/i0.wp.com\/delivrer-des-livres.fr\/wp-content\/uploads\/2019\/05\/logoalbums2019.png?resize=104%2C104\" alt=\"\" width=\"104\" height=\"104\" \/><p class=\"wp-caption-text\">Participation #152 <a href=\"http:\/\/delivrer-des-livres.fr\/challenge-albums-2019\/\">Je lis aussi des albums<\/a><\/p><\/div>\n<div id=\"attachment_10219\" style=\"width: 108px\" class=\"wp-caption alignleft\"><img data-recalc-dims=\"1\" loading=\"lazy\" decoding=\"async\" aria-describedby=\"caption-attachment-10219\" data-attachment-id=\"10219\" data-permalink=\"http:\/\/www.jojoenherbe.com\/index.php\/2020\/03\/02\/au-fil-des-pages-avec-lievre-et-ours-sous-la-neige\/lievre-et-ours-sous-la-neige\/\" data-orig-file=\"https:\/\/i0.wp.com\/www.jojoenherbe.com\/wp-content\/uploads\/2020\/03\/Li%C3%A8vre-et-Ours-sous-la-neige-scaled.jpg?fit=2560%2C1892\" data-orig-size=\"2560,1892\" data-comments-opened=\"1\" data-image-meta=\"{&quot;aperture&quot;:&quot;2.4&quot;,&quot;credit&quot;:&quot;&quot;,&quot;camera&quot;:&quot;iPhone 4S&quot;,&quot;caption&quot;:&quot;&quot;,&quot;created_timestamp&quot;:&quot;1583147305&quot;,&quot;copyright&quot;:&quot;&quot;,&quot;focal_length&quot;:&quot;4.28&quot;,&quot;iso&quot;:&quot;640&quot;,&quot;shutter_speed&quot;:&quot;0.066666666666667&quot;,&quot;title&quot;:&quot;&quot;,&quot;orientation&quot;:&quot;1&quot;}\" data-image-title=\"Li\u00e8vre et Ours, sous la neige\" data-image-description=\"\" data-image-caption=\"\" data-large-file=\"https:\/\/i0.wp.com\/www.jojoenherbe.com\/wp-content\/uploads\/2020\/03\/Li%C3%A8vre-et-Ours-sous-la-neige-scaled.jpg?fit=676%2C500\" class=\"wp-image-10219\" src=\"https:\/\/i0.wp.com\/mapetitemediatheque.fr\/wp-content\/uploads\/2018\/11\/challenge-contes-et-l%C3%A9gendes.jpg?resize=98%2C123\" sizes=\"auto, (max-width: 343px) 100vw, 343px\" srcset=\"http:\/\/mapetitemediatheque.fr\/wp-content\/uploads\/2018\/11\/challenge-contes-et-l\u00e9gendes.jpg 343w, http:\/\/mapetitemediatheque.fr\/wp-content\/uploads\/2018\/11\/challenge-contes-et-l\u00e9gendes-239x300.jpg 239w\" alt=\"\" width=\"98\" height=\"123\" \/><p id=\"caption-attachment-10219\" class=\"wp-caption-text\">Participation #13 Contes &amp; L\u00e9gendes 2020 de <a href=\"http:\/\/mapetitemediatheque.fr\/2020\/01\/challenge-contes-et-legendes-2020\/\">Bidib<\/a> #l\u00e9gende chinoise<\/p><\/div>\n<div style=\"width: 124px\" class=\"wp-caption alignleft\"><img loading=\"lazy\" decoding=\"async\" class=\"\" src=\"https:\/\/lh3.googleusercontent.com\/yeyHsyE8ePB9xQx2t9obPo4nIUGeuGsS-P1wwGiEip3f9lcFED23VkM1Pr5hYoy4puCex2GzVOyZNHjl5qeUnhImyiKFqwfTaONmF_HEc7SEvgxhr1eZXuJ6zzg9JfEY4XADWBPBCxMLePs3HiWfgCjRFVaAIkiQhaX8RGfOMzZhoMNQUFFuWlglQGRva5RIkSFvo7nk3yMWVz4PgUXBK3Uof2Hf073K4C6YvQC1u6gRN2BCr4tNyqitAlYfULcqVlua9UK9L5kLVOZWs2-xrAzDf1K3rxU8pxE6Fdm1EI8_YbPW09CsTNa9CW1z0lvieJ6Ify6BbltA9XBnOC99XwB4E833hDdb9KWRbKTb8bwsVGIAFF1x2JkOCAWTkq3OtXJmlgaccySEr2PvCr9rzIA4GtrzB04GpU7RNPlnkfNDjtPoy6UR5nf5SD-RQvfrkHaKDQocAHpi1MoHr0bWF4h3F08r5y_TM01DqKXAgeInHehhuxNBZ4LGs7Emk2ol6RPfVd4UEj0916JVKRknXSsSbJG_50ptPlCGTOdHDTOUMc6x63Wp68_DnNhG9qn5FPKuDHhZvC008a4nifQFWuKVT6HvqNgW-LcvXb0wnjbSwgS8qwHb3LtHJj3uAe971aQRDPkS146UchPgCLNczeUje4Y3YFpuV4P1KYu67RSdAOITJNzzSRO2Dycc1PCqSdc7IoPwLu0-aT-FJ0m-KvlkUQLXoamPhl2WKbODyZSfc5ZT=w285-h217-no\" alt=\"\" width=\"114\" height=\"87\" \/><p class=\"wp-caption-text\"><a href=\"https:\/\/ennalit.wordpress.com\/2019\/12\/01\/challenge-petit-bac-2020-qui-veut-jouer\/\">Challenge Petit Bac d&rsquo;Enna<\/a> #4 Cat\u00e9gorie Animal: \u00ab\u00a0Cheval\u00a0\u00bb<\/p><\/div>\n","protected":false},"excerpt":{"rendered":"<p>Nous empruntons \u00e0 la m\u00e9diath\u00e8que Cheval des neiges de Liang Xiong, Na Li et Hong Duan (\u00e9d. du Centenaire &#8211; MilleFleurs, 2013), un album jeunesse \u00e0 partir de 3 ans. Un soir o\u00f9 il a beaucoup neig\u00e9, une petite fille attend chez ses grand-parents le retour de ses parents. Mais ils tardent \u00e0 venir, leur [&hellip;]<\/p>\n","protected":false},"author":1,"featured_media":10024,"comment_status":"open","ping_status":"open","sticky":false,"template":"","format":"standard","meta":{"jetpack_post_was_ever_published":false,"_jetpack_newsletter_access":"","_jetpack_dont_email_post_to_subs":false,"_jetpack_newsletter_tier_id":0,"_jetpack_memberships_contains_paywalled_content":false,"_jetpack_memberships_contains_paid_content":false,"footnotes":""},"categories":[363],"tags":[785,409,812,1262,1365,1071,1194,459,435,365,1266,1118,367,1016,1263,775,1264,727,1265,369,429,565,956,798],"class_list":["post-10019","post","type-post","status-publish","format-standard","has-post-thumbnail","hentry","category-mini-lecteur","tag-3-6-ans","tag-albums-jeunesse","tag-amour-filial","tag-attente","tag-challenge-contes-et-legendes-2020","tag-challenge-petit-bac","tag-cheval","tag-famille","tag-grands-parents","tag-hiver","tag-hong-duan","tag-je-lis-aussi-des-albums","tag-lecture-jeunesse","tag-lectures-dhiver","tag-legende-chinoise","tag-legendes","tag-liang-xiong","tag-magie","tag-na-li","tag-neige","tag-nuit","tag-parents","tag-petite-fille","tag-reve","post-preview"],"jetpack_featured_media_url":"https:\/\/i0.wp.com\/www.jojoenherbe.com\/wp-content\/uploads\/2020\/02\/Cheval-des-neiges-scaled.jpg?fit=2560%2C2193","jetpack_sharing_enabled":true,"jetpack_shortlink":"https:\/\/wp.me\/p9zhGx-2BB","jetpack_likes_enabled":true,"jetpack-related-posts":[{"id":9780,"url":"http:\/\/www.jojoenherbe.com\/index.php\/2020\/01\/26\/au-fil-des-pages-avec-les-bons-amis\/","url_meta":{"origin":10019,"position":0},"title":"Au fil des pages avec Les bons amis","author":"Jojo","date":"26 janvier 2020","format":false,"excerpt":"Nous empruntons \u00e0 la biblioth\u00e8que Les bons amis de Paul Fran\u00e7ois et Gerda Muller (\u00e9d. P\u00e8re Castor Flammarion, r\u00e9\u00e9d. 1996), un album jeunesse \u00e0 partir de 3 ans, d'apr\u00e8s un conte chinois. En plein hiver, un lapin gris d\u00e9couvre deux carottes sous la neige. Il en mange une et d\u00e9cide\u2026","rel":"","context":"Dans &quot;Mini lecteur&quot;","block_context":{"text":"Mini lecteur","link":"http:\/\/www.jojoenherbe.com\/index.php\/category\/mini-lecteur\/"},"img":{"alt_text":"","src":"https:\/\/i0.wp.com\/www.jojoenherbe.com\/wp-content\/uploads\/2020\/01\/Les-bons-amis-scaled.jpg?fit=1200%2C978&resize=350%2C200","width":350,"height":200,"srcset":"https:\/\/i0.wp.com\/www.jojoenherbe.com\/wp-content\/uploads\/2020\/01\/Les-bons-amis-scaled.jpg?fit=1200%2C978&resize=350%2C200 1x, https:\/\/i0.wp.com\/www.jojoenherbe.com\/wp-content\/uploads\/2020\/01\/Les-bons-amis-scaled.jpg?fit=1200%2C978&resize=525%2C300 1.5x, https:\/\/i0.wp.com\/www.jojoenherbe.com\/wp-content\/uploads\/2020\/01\/Les-bons-amis-scaled.jpg?fit=1200%2C978&resize=700%2C400 2x, https:\/\/i0.wp.com\/www.jojoenherbe.com\/wp-content\/uploads\/2020\/01\/Les-bons-amis-scaled.jpg?fit=1200%2C978&resize=1050%2C600 3x"},"classes":[]},{"id":15181,"url":"http:\/\/www.jojoenherbe.com\/index.php\/2021\/01\/18\/au-fil-des-pages-avec-la-reine-des-neiges\/","url_meta":{"origin":10019,"position":1},"title":"Au fil des pages avec La reine des neiges","author":"Jojo","date":"18 janvier 2021","format":false,"excerpt":"Nous empruntons \u00e0 la m\u00e9diath\u00e8que La reine des neiges de Chlo\u00e9 Chauveau et Carine Hinder, d'apr\u00e8s le conte d'Hans Christian Andersen (\u00e9d. Lito, 2016), un album jeunesse \u00e0 partir de 4 ans. Deux jeunes enfants, Gerda et Kay sont voisins et ins\u00e9parables. Mais un jour, Kay devient de plus en\u2026","rel":"","context":"Dans &quot;Mini lecteur&quot;","block_context":{"text":"Mini lecteur","link":"http:\/\/www.jojoenherbe.com\/index.php\/category\/mini-lecteur\/"},"img":{"alt_text":"","src":"https:\/\/i0.wp.com\/www.jojoenherbe.com\/wp-content\/uploads\/2021\/01\/La-reine-des-neiges-scaled.jpg?fit=1200%2C900&resize=350%2C200","width":350,"height":200,"srcset":"https:\/\/i0.wp.com\/www.jojoenherbe.com\/wp-content\/uploads\/2021\/01\/La-reine-des-neiges-scaled.jpg?fit=1200%2C900&resize=350%2C200 1x, https:\/\/i0.wp.com\/www.jojoenherbe.com\/wp-content\/uploads\/2021\/01\/La-reine-des-neiges-scaled.jpg?fit=1200%2C900&resize=525%2C300 1.5x, https:\/\/i0.wp.com\/www.jojoenherbe.com\/wp-content\/uploads\/2021\/01\/La-reine-des-neiges-scaled.jpg?fit=1200%2C900&resize=700%2C400 2x, https:\/\/i0.wp.com\/www.jojoenherbe.com\/wp-content\/uploads\/2021\/01\/La-reine-des-neiges-scaled.jpg?fit=1200%2C900&resize=1050%2C600 3x"},"classes":[]},{"id":22734,"url":"http:\/\/www.jojoenherbe.com\/index.php\/2021\/12\/06\/au-fil-des-pages-avec-saint-nicolas-cherche-un-cheval\/","url_meta":{"origin":10019,"position":2},"title":"Au fil des pages avec Saint Nicolas cherche un cheval","author":"Jojo","date":"6 d\u00e9cembre 2021","format":false,"excerpt":"Offert en cadeau au mini lutin l'ann\u00e9e derni\u00e8re, nous relisons Saint Nicolas cherche un cheval d'Ann Wauters et Ellen Surrey (\u00e9d. Blue in Green, 2020), un album jeunesse \u00e0 partir de 3 ans et bilingue (n\u00e9erlandais et fran\u00e7ais). A la grande surprise des lutins, le cheval de Saint Nicolas est\u2026","rel":"","context":"Dans &quot;Mini lecteur&quot;","block_context":{"text":"Mini lecteur","link":"http:\/\/www.jojoenherbe.com\/index.php\/category\/mini-lecteur\/"},"img":{"alt_text":"","src":"https:\/\/i0.wp.com\/www.jojoenherbe.com\/wp-content\/uploads\/2021\/12\/St-Nicolas-cherche-un-cheval-scaled.jpg?fit=1200%2C900&resize=350%2C200","width":350,"height":200,"srcset":"https:\/\/i0.wp.com\/www.jojoenherbe.com\/wp-content\/uploads\/2021\/12\/St-Nicolas-cherche-un-cheval-scaled.jpg?fit=1200%2C900&resize=350%2C200 1x, https:\/\/i0.wp.com\/www.jojoenherbe.com\/wp-content\/uploads\/2021\/12\/St-Nicolas-cherche-un-cheval-scaled.jpg?fit=1200%2C900&resize=525%2C300 1.5x, https:\/\/i0.wp.com\/www.jojoenherbe.com\/wp-content\/uploads\/2021\/12\/St-Nicolas-cherche-un-cheval-scaled.jpg?fit=1200%2C900&resize=700%2C400 2x, https:\/\/i0.wp.com\/www.jojoenherbe.com\/wp-content\/uploads\/2021\/12\/St-Nicolas-cherche-un-cheval-scaled.jpg?fit=1200%2C900&resize=1050%2C600 3x"},"classes":[]},{"id":12256,"url":"http:\/\/www.jojoenherbe.com\/index.php\/2020\/09\/14\/au-fil-des-pages-avec-blanche-neige-2\/","url_meta":{"origin":10019,"position":3},"title":"Au fil des pages avec Blanche-Neige","author":"Jojo","date":"14 septembre 2020","format":false,"excerpt":"J'emprunte \u00e0 la m\u00e9diath\u00e8que Blanche-Neige illustr\u00e9 par Mayalen Goust, d'apr\u00e8s les Fr\u00e8res Grimm (\u00e9d. Flammarion Jeunesse, coll. P\u00e8re Castor, 2009), un album jeunesse en petit format souple \u00e0 partir de 3 ans selon l'\u00e9diteur. Le texte reprend celui, parfois cruel, des Fr\u00e8res Grimm avec les diff\u00e9rentes tentatives sous fond de\u2026","rel":"","context":"Dans &quot;Mini lecteur&quot;","block_context":{"text":"Mini lecteur","link":"http:\/\/www.jojoenherbe.com\/index.php\/category\/mini-lecteur\/"},"img":{"alt_text":"","src":"https:\/\/i0.wp.com\/www.jojoenherbe.com\/wp-content\/uploads\/2020\/09\/Blanche-Neige-scaled.jpg?fit=1200%2C900&resize=350%2C200","width":350,"height":200,"srcset":"https:\/\/i0.wp.com\/www.jojoenherbe.com\/wp-content\/uploads\/2020\/09\/Blanche-Neige-scaled.jpg?fit=1200%2C900&resize=350%2C200 1x, https:\/\/i0.wp.com\/www.jojoenherbe.com\/wp-content\/uploads\/2020\/09\/Blanche-Neige-scaled.jpg?fit=1200%2C900&resize=525%2C300 1.5x, https:\/\/i0.wp.com\/www.jojoenherbe.com\/wp-content\/uploads\/2020\/09\/Blanche-Neige-scaled.jpg?fit=1200%2C900&resize=700%2C400 2x, https:\/\/i0.wp.com\/www.jojoenherbe.com\/wp-content\/uploads\/2020\/09\/Blanche-Neige-scaled.jpg?fit=1200%2C900&resize=1050%2C600 3x"},"classes":[]},{"id":8164,"url":"http:\/\/www.jojoenherbe.com\/index.php\/2019\/10\/22\/au-fil-des-pages-avec-petit-dragon-des-neiges\/","url_meta":{"origin":10019,"position":4},"title":"Au fil des pages avec Petit Dragon des Neiges","author":"Jojo","date":"22 octobre 2019","format":false,"excerpt":"Dans le cadre du Cosy Halloween des 22 au 24 octobre 2019 du Halloween Challenge, nous empruntons \u00e0 la biblioth\u00e8que Petit Dragon des Neiges d'Andrew Breakspeare (\u00e9d. Gautier-Lauguereau, 2005), un album jeunesse \u00e0 partir de trois ans aux jolies illustrations scintillantes et en relief. Comme dans un r\u00eave, l'histoire d\u00e9crit\u2026","rel":"","context":"Dans &quot;Mini lecteur&quot;","block_context":{"text":"Mini lecteur","link":"http:\/\/www.jojoenherbe.com\/index.php\/category\/mini-lecteur\/"},"img":{"alt_text":"","src":"https:\/\/i0.wp.com\/www.jojoenherbe.com\/wp-content\/uploads\/2019\/10\/Petit-dragon-des-neiges.jpg?fit=1072%2C1200&resize=350%2C200","width":350,"height":200,"srcset":"https:\/\/i0.wp.com\/www.jojoenherbe.com\/wp-content\/uploads\/2019\/10\/Petit-dragon-des-neiges.jpg?fit=1072%2C1200&resize=350%2C200 1x, https:\/\/i0.wp.com\/www.jojoenherbe.com\/wp-content\/uploads\/2019\/10\/Petit-dragon-des-neiges.jpg?fit=1072%2C1200&resize=525%2C300 1.5x, https:\/\/i0.wp.com\/www.jojoenherbe.com\/wp-content\/uploads\/2019\/10\/Petit-dragon-des-neiges.jpg?fit=1072%2C1200&resize=700%2C400 2x, https:\/\/i0.wp.com\/www.jojoenherbe.com\/wp-content\/uploads\/2019\/10\/Petit-dragon-des-neiges.jpg?fit=1072%2C1200&resize=1050%2C600 3x"},"classes":[]},{"id":16749,"url":"http:\/\/www.jojoenherbe.com\/index.php\/2021\/03\/23\/au-fil-des-pages-avec-les-trois-ours-chez-boucle-dor\/","url_meta":{"origin":10019,"position":5},"title":"Au fil des pages avec Les Trois Ours chez Boucle d&rsquo;Or","author":"Jojo","date":"23 mars 2021","format":false,"excerpt":"Nous lisons Les Trois Ours chez Boucle d\u2019Or de Sibylle Delacroix (\u00e9d. Bayard Jeunesse, 2020), un album jeunesse grand format \u00e0 partir de 4 ans et d\u00e9tournant le conte traditionnel. Dans cette version, ce sont les trois ours qui s'invitent chez Boucle d'Or. Rest\u00e9e seule dans la maison pendant que\u2026","rel":"","context":"Dans &quot;Mini lecteur&quot;","block_context":{"text":"Mini lecteur","link":"http:\/\/www.jojoenherbe.com\/index.php\/category\/mini-lecteur\/"},"img":{"alt_text":"","src":"https:\/\/i0.wp.com\/www.jojoenherbe.com\/wp-content\/uploads\/2021\/03\/Les-Trois-Ours-chez-Boucle-dOr-scaled.jpg?fit=1200%2C900&resize=350%2C200","width":350,"height":200,"srcset":"https:\/\/i0.wp.com\/www.jojoenherbe.com\/wp-content\/uploads\/2021\/03\/Les-Trois-Ours-chez-Boucle-dOr-scaled.jpg?fit=1200%2C900&resize=350%2C200 1x, https:\/\/i0.wp.com\/www.jojoenherbe.com\/wp-content\/uploads\/2021\/03\/Les-Trois-Ours-chez-Boucle-dOr-scaled.jpg?fit=1200%2C900&resize=525%2C300 1.5x, https:\/\/i0.wp.com\/www.jojoenherbe.com\/wp-content\/uploads\/2021\/03\/Les-Trois-Ours-chez-Boucle-dOr-scaled.jpg?fit=1200%2C900&resize=700%2C400 2x, https:\/\/i0.wp.com\/www.jojoenherbe.com\/wp-content\/uploads\/2021\/03\/Les-Trois-Ours-chez-Boucle-dOr-scaled.jpg?fit=1200%2C900&resize=1050%2C600 3x"},"classes":[]}],"_links":{"self":[{"href":"http:\/\/www.jojoenherbe.com\/index.php\/wp-json\/wp\/v2\/posts\/10019","targetHints":{"allow":["GET"]}}],"collection":[{"href":"http:\/\/www.jojoenherbe.com\/index.php\/wp-json\/wp\/v2\/posts"}],"about":[{"href":"http:\/\/www.jojoenherbe.com\/index.php\/wp-json\/wp\/v2\/types\/post"}],"author":[{"embeddable":true,"href":"http:\/\/www.jojoenherbe.com\/index.php\/wp-json\/wp\/v2\/users\/1"}],"replies":[{"embeddable":true,"href":"http:\/\/www.jojoenherbe.com\/index.php\/wp-json\/wp\/v2\/comments?post=10019"}],"version-history":[{"count":1,"href":"http:\/\/www.jojoenherbe.com\/index.php\/wp-json\/wp\/v2\/posts\/10019\/revisions"}],"predecessor-version":[{"id":29232,"href":"http:\/\/www.jojoenherbe.com\/index.php\/wp-json\/wp\/v2\/posts\/10019\/revisions\/29232"}],"wp:featuredmedia":[{"embeddable":true,"href":"http:\/\/www.jojoenherbe.com\/index.php\/wp-json\/wp\/v2\/media\/10024"}],"wp:attachment":[{"href":"http:\/\/www.jojoenherbe.com\/index.php\/wp-json\/wp\/v2\/media?parent=10019"}],"wp:term":[{"taxonomy":"category","embeddable":true,"href":"http:\/\/www.jojoenherbe.com\/index.php\/wp-json\/wp\/v2\/categories?post=10019"},{"taxonomy":"post_tag","embeddable":true,"href":"http:\/\/www.jojoenherbe.com\/index.php\/wp-json\/wp\/v2\/tags?post=10019"}],"curies":[{"name":"wp","href":"https:\/\/api.w.org\/{rel}","templated":true}]}}