{"id":1,"date":"2005-05-13T20:10:24","date_gmt":"2005-05-13T18:10:24","guid":{"rendered":"http:\/\/jojoenherbe.com\/?p=1"},"modified":"2018-01-22T21:01:50","modified_gmt":"2018-01-22T20:01:50","slug":"chateau-dif","status":"publish","type":"post","link":"http:\/\/www.jojoenherbe.com\/index.php\/2005\/05\/13\/chateau-dif\/","title":{"rendered":"Ch\u00e2teau d&rsquo;If"},"content":{"rendered":"<p style=\"text-align: justify;\" align=\"JUSTIFY\"><i>Nous partons du Port de Marseille en direction de la forteresse, sous un beau ciel bleu et une mer calme. Le temps de la travers\u00e9e, nous nous replongeons dans l&rsquo;histoire de cette \u00eele : forteresse sous Fran\u00e7ois Ier puis prison d\u2019\u00c9tat&#8230;<\/i><\/p>\n<p style=\"text-align: justify;\" align=\"JUSTIFY\"><i>D\u00e9sormais les lieux sont habit\u00e9s par une colonie de go\u00e9lands. Nous sommes pr\u00e9venus d\u00e8s l&rsquo;entr\u00e9e de la forteresse : \u00ab\u00a0Attention!!! Go\u00e9lands agressifs \/ P\u00e9riode de reproduction\u00a0\u00bb. De toute fa\u00e7on, par leurs cris et va-et-vient au-dessus de nos t\u00eates, ils ne passent pas inaper\u00e7us. Gare aux coups de bec si des visiteurs s&rsquo;approchent trop d&rsquo;eux, malgr\u00e9 les consignes et le fait qu&rsquo;il soit important de respecter leur p\u00e9riode de reproduction. <a href=\"https:\/\/i0.wp.com\/jojoenherbe.com\/wp-content\/uploads\/2018\/01\/go%C3%A9lands-du-ch%C3%A2teau-dIf.jpg\"><img data-recalc-dims=\"1\" loading=\"lazy\" decoding=\"async\" data-attachment-id=\"89\" data-permalink=\"http:\/\/www.jojoenherbe.com\/index.php\/2005\/05\/13\/chateau-dif\/goelands-du-chateau-dif\/\" data-orig-file=\"https:\/\/i0.wp.com\/www.jojoenherbe.com\/wp-content\/uploads\/2018\/01\/go%C3%A9lands-du-ch%C3%A2teau-dIf.jpg?fit=491%2C1048\" data-orig-size=\"491,1048\" data-comments-opened=\"1\" data-image-meta=\"{&quot;aperture&quot;:&quot;5.6&quot;,&quot;credit&quot;:&quot;&quot;,&quot;camera&quot;:&quot;DSC-P100&quot;,&quot;caption&quot;:&quot;&quot;,&quot;created_timestamp&quot;:&quot;1115980378&quot;,&quot;copyright&quot;:&quot;&quot;,&quot;focal_length&quot;:&quot;7.9&quot;,&quot;iso&quot;:&quot;100&quot;,&quot;shutter_speed&quot;:&quot;0.00125&quot;,&quot;title&quot;:&quot;&quot;,&quot;orientation&quot;:&quot;1&quot;}\" data-image-title=\"go\u00e9lands du ch\u00e2teau d&amp;rsquo;If\" data-image-description=\"\" data-image-caption=\"\" data-large-file=\"https:\/\/i0.wp.com\/www.jojoenherbe.com\/wp-content\/uploads\/2018\/01\/go%C3%A9lands-du-ch%C3%A2teau-dIf.jpg?fit=480%2C1024\" class=\"alignright wp-image-89 size-medium\" src=\"https:\/\/i0.wp.com\/jojoenherbe.com\/wp-content\/uploads\/2018\/01\/go%C3%A9lands-du-ch%C3%A2teau-dIf-141x300.jpg?resize=141%2C300\" alt=\"\" width=\"141\" height=\"300\" srcset=\"https:\/\/i0.wp.com\/www.jojoenherbe.com\/wp-content\/uploads\/2018\/01\/go%C3%A9lands-du-ch%C3%A2teau-dIf.jpg?resize=141%2C300 141w, https:\/\/i0.wp.com\/www.jojoenherbe.com\/wp-content\/uploads\/2018\/01\/go%C3%A9lands-du-ch%C3%A2teau-dIf.jpg?resize=480%2C1024 480w, https:\/\/i0.wp.com\/www.jojoenherbe.com\/wp-content\/uploads\/2018\/01\/go%C3%A9lands-du-ch%C3%A2teau-dIf.jpg?w=491 491w\" sizes=\"auto, (max-width: 141px) 100vw, 141px\" \/><\/a><br \/>\n<\/i><\/p>\n<p style=\"text-align: justify;\" align=\"JUSTIFY\"><i><a href=\"https:\/\/i0.wp.com\/jojoenherbe.com\/wp-content\/uploads\/2018\/01\/int%C3%A9rieur-du-ch%C3%A2teau-dIf.jpg\"><img data-recalc-dims=\"1\" loading=\"lazy\" decoding=\"async\" data-attachment-id=\"87\" data-permalink=\"http:\/\/www.jojoenherbe.com\/index.php\/2005\/05\/13\/chateau-dif\/interieur-du-chateau-dif\/\" data-orig-file=\"https:\/\/i0.wp.com\/www.jojoenherbe.com\/wp-content\/uploads\/2018\/01\/int%C3%A9rieur-du-ch%C3%A2teau-dIf.jpg?fit=2592%2C1944\" data-orig-size=\"2592,1944\" data-comments-opened=\"1\" data-image-meta=\"{&quot;aperture&quot;:&quot;2.8&quot;,&quot;credit&quot;:&quot;&quot;,&quot;camera&quot;:&quot;DSC-P100&quot;,&quot;caption&quot;:&quot;&quot;,&quot;created_timestamp&quot;:&quot;1115977647&quot;,&quot;copyright&quot;:&quot;&quot;,&quot;focal_length&quot;:&quot;7.9&quot;,&quot;iso&quot;:&quot;100&quot;,&quot;shutter_speed&quot;:&quot;0.00625&quot;,&quot;title&quot;:&quot;&quot;,&quot;orientation&quot;:&quot;1&quot;}\" data-image-title=\"int\u00e9rieur du ch\u00e2teau d&amp;rsquo;If\" data-image-description=\"\" data-image-caption=\"\" data-large-file=\"https:\/\/i0.wp.com\/www.jojoenherbe.com\/wp-content\/uploads\/2018\/01\/int%C3%A9rieur-du-ch%C3%A2teau-dIf.jpg?fit=676%2C507\" class=\"wp-image-87 size-thumbnail alignleft\" src=\"https:\/\/i0.wp.com\/jojoenherbe.com\/wp-content\/uploads\/2018\/01\/int%C3%A9rieur-du-ch%C3%A2teau-dIf-150x150.jpg?resize=150%2C150\" alt=\"\" width=\"150\" height=\"150\" srcset=\"https:\/\/i0.wp.com\/www.jojoenherbe.com\/wp-content\/uploads\/2018\/01\/int%C3%A9rieur-du-ch%C3%A2teau-dIf.jpg?resize=150%2C150 150w, https:\/\/i0.wp.com\/www.jojoenherbe.com\/wp-content\/uploads\/2018\/01\/int%C3%A9rieur-du-ch%C3%A2teau-dIf.jpg?zoom=2&amp;resize=150%2C150 300w, https:\/\/i0.wp.com\/www.jojoenherbe.com\/wp-content\/uploads\/2018\/01\/int%C3%A9rieur-du-ch%C3%A2teau-dIf.jpg?zoom=3&amp;resize=150%2C150 450w\" sizes=\"auto, (max-width: 150px) 100vw, 150px\" \/><\/a> <a href=\"https:\/\/i0.wp.com\/jojoenherbe.com\/wp-content\/uploads\/2018\/01\/cellule-du-ch%C3%A2teau-dIf.jpg\"><img data-recalc-dims=\"1\" loading=\"lazy\" decoding=\"async\" data-attachment-id=\"84\" data-permalink=\"http:\/\/www.jojoenherbe.com\/index.php\/2005\/05\/13\/chateau-dif\/cellule-du-chateau-dif\/\" data-orig-file=\"https:\/\/i0.wp.com\/www.jojoenherbe.com\/wp-content\/uploads\/2018\/01\/cellule-du-ch%C3%A2teau-dIf.jpg?fit=2592%2C1944\" data-orig-size=\"2592,1944\" data-comments-opened=\"1\" data-image-meta=\"{&quot;aperture&quot;:&quot;5.6&quot;,&quot;credit&quot;:&quot;&quot;,&quot;camera&quot;:&quot;DSC-P100&quot;,&quot;caption&quot;:&quot;&quot;,&quot;created_timestamp&quot;:&quot;1115978276&quot;,&quot;copyright&quot;:&quot;&quot;,&quot;focal_length&quot;:&quot;7.9&quot;,&quot;iso&quot;:&quot;100&quot;,&quot;shutter_speed&quot;:&quot;0.0025&quot;,&quot;title&quot;:&quot;&quot;,&quot;orientation&quot;:&quot;1&quot;}\" data-image-title=\"cellule du ch\u00e2teau d&amp;rsquo;If\" data-image-description=\"\" data-image-caption=\"\" data-large-file=\"https:\/\/i0.wp.com\/www.jojoenherbe.com\/wp-content\/uploads\/2018\/01\/cellule-du-ch%C3%A2teau-dIf.jpg?fit=676%2C507\" class=\"wp-image-84 size-thumbnail alignleft\" src=\"https:\/\/i0.wp.com\/jojoenherbe.com\/wp-content\/uploads\/2018\/01\/cellule-du-ch%C3%A2teau-dIf-150x150.jpg?resize=150%2C150\" alt=\"\" width=\"150\" height=\"150\" srcset=\"https:\/\/i0.wp.com\/www.jojoenherbe.com\/wp-content\/uploads\/2018\/01\/cellule-du-ch%C3%A2teau-dIf.jpg?resize=150%2C150 150w, https:\/\/i0.wp.com\/www.jojoenherbe.com\/wp-content\/uploads\/2018\/01\/cellule-du-ch%C3%A2teau-dIf.jpg?zoom=2&amp;resize=150%2C150 300w, https:\/\/i0.wp.com\/www.jojoenherbe.com\/wp-content\/uploads\/2018\/01\/cellule-du-ch%C3%A2teau-dIf.jpg?zoom=3&amp;resize=150%2C150 450w\" sizes=\"auto, (max-width: 150px) 100vw, 150px\" \/><\/a> <a href=\"https:\/\/i0.wp.com\/jojoenherbe.com\/wp-content\/uploads\/2018\/01\/cellule-du-ch%C3%A2teau-dIf-2.jpg\"><img data-recalc-dims=\"1\" loading=\"lazy\" decoding=\"async\" data-attachment-id=\"83\" data-permalink=\"http:\/\/www.jojoenherbe.com\/index.php\/2005\/05\/13\/chateau-dif\/cellule-du-chateau-dif-2\/\" data-orig-file=\"https:\/\/i0.wp.com\/www.jojoenherbe.com\/wp-content\/uploads\/2018\/01\/cellule-du-ch%C3%A2teau-dIf-2.jpg?fit=2592%2C1944\" data-orig-size=\"2592,1944\" data-comments-opened=\"1\" data-image-meta=\"{&quot;aperture&quot;:&quot;5.6&quot;,&quot;credit&quot;:&quot;&quot;,&quot;camera&quot;:&quot;DSC-P100&quot;,&quot;caption&quot;:&quot;&quot;,&quot;created_timestamp&quot;:&quot;1115978288&quot;,&quot;copyright&quot;:&quot;&quot;,&quot;focal_length&quot;:&quot;7.9&quot;,&quot;iso&quot;:&quot;100&quot;,&quot;shutter_speed&quot;:&quot;0.003125&quot;,&quot;title&quot;:&quot;&quot;,&quot;orientation&quot;:&quot;1&quot;}\" data-image-title=\"cellule du ch\u00e2teau d&amp;rsquo;If 2\" data-image-description=\"\" data-image-caption=\"\" data-large-file=\"https:\/\/i0.wp.com\/www.jojoenherbe.com\/wp-content\/uploads\/2018\/01\/cellule-du-ch%C3%A2teau-dIf-2.jpg?fit=676%2C507\" class=\"wp-image-83 size-thumbnail alignleft\" src=\"https:\/\/i0.wp.com\/jojoenherbe.com\/wp-content\/uploads\/2018\/01\/cellule-du-ch%C3%A2teau-dIf-2-150x150.jpg?resize=150%2C150\" alt=\"\" width=\"150\" height=\"150\" srcset=\"https:\/\/i0.wp.com\/www.jojoenherbe.com\/wp-content\/uploads\/2018\/01\/cellule-du-ch%C3%A2teau-dIf-2.jpg?resize=150%2C150 150w, https:\/\/i0.wp.com\/www.jojoenherbe.com\/wp-content\/uploads\/2018\/01\/cellule-du-ch%C3%A2teau-dIf-2.jpg?zoom=2&amp;resize=150%2C150 300w, https:\/\/i0.wp.com\/www.jojoenherbe.com\/wp-content\/uploads\/2018\/01\/cellule-du-ch%C3%A2teau-dIf-2.jpg?zoom=3&amp;resize=150%2C150 450w\" sizes=\"auto, (max-width: 150px) 100vw, 150px\" \/><\/a>Nous restons \u00e0 bonne distance pour commencer la visite des cellules. Un sentiment d&rsquo;horreur nous envahit en voyant les cellules du rez-de-chauss\u00e9e dans lesquelles les prisonniers, les plus pauvres, \u00e9taient entass\u00e9s dans des conditions insalubres et ne restaient gu\u00e8re vivants apr\u00e8s quelques mois dans de telles conditions. Les cellules \u00e0 l&rsquo;\u00e9tage, occup\u00e9es par les plus riches, apparaissent, a contrario, un brin plus vivables, avec la pr\u00e9sence de chemin\u00e9es, m\u00eame si nous n&rsquo;aurions jamais voulu y \u00eatre d\u00e9tenus. <\/i><\/p>\n<p style=\"text-align: justify;\" align=\"JUSTIFY\"><i>Puis, pour \u00e9chapper \u00e0 l\u2019atmosph\u00e8re aust\u00e8re des lieux, nous poursuivons par l&rsquo;exposition sur Alexandre Dumas, ses anc\u00eatres de Saint-Domingue et son envie d&rsquo;alors d&rsquo;\u00e9crire un roman au sujet de l&rsquo;\u00eele de Monte Cristo. De quoi nous replonger dans le <u>Comte de Monte Cristo<\/u>.<\/i><\/p>\n","protected":false},"excerpt":{"rendered":"<p>Nous partons du Port de Marseille en direction de la forteresse, sous un beau ciel bleu et une mer calme. Le temps de la travers\u00e9e, nous nous replongeons dans l&rsquo;histoire de cette \u00eele : forteresse sous Fran\u00e7ois Ier puis prison d\u2019\u00c9tat&#8230; D\u00e9sormais les lieux sont habit\u00e9s par une colonie de go\u00e9lands. Nous sommes pr\u00e9venus d\u00e8s [&hellip;]<\/p>\n","protected":false},"author":1,"featured_media":85,"comment_status":"open","ping_status":"open","sticky":false,"template":"","format":"standard","meta":{"jetpack_post_was_ever_published":false,"_jetpack_newsletter_access":"","_jetpack_dont_email_post_to_subs":false,"_jetpack_newsletter_tier_id":0,"_jetpack_memberships_contains_paywalled_content":false,"_jetpack_memberships_contains_paid_content":false,"footnotes":""},"categories":[4],"tags":[60,61,62,59,58,5],"class_list":["post-1","post","type-post","status-publish","format-standard","has-post-thumbnail","hentry","category-mini-visiteur","tag-bouches-du-rhone","tag-forteresses","tag-goelands","tag-iles","tag-marseille","tag-paca","post-preview"],"jetpack_featured_media_url":"https:\/\/i0.wp.com\/www.jojoenherbe.com\/wp-content\/uploads\/2018\/01\/ch%C3%A2teau-dIf.jpg?fit=2405%2C958","jetpack_sharing_enabled":true,"jetpack_shortlink":"https:\/\/wp.me\/p9zhGx-1","jetpack_likes_enabled":true,"jetpack-related-posts":[{"id":9878,"url":"http:\/\/www.jojoenherbe.com\/index.php\/2020\/01\/31\/balade-hivernale-dans-les-calanques-de-cassis\/","url_meta":{"origin":1,"position":0},"title":"Balade hivernale dans les calanques de Cassis","author":"Jojo","date":"31 janvier 2020","format":false,"excerpt":"Ce 29 janvier 2020, nous allons \u00e0 Marseille puis \u00e0 Cassis en passant par le col de la Gineste (328 m\u00e8tres d'altitude), surplombant les calanques de Marseille puis de Cassis. Il y a beaucoup de vent. Mais nous profitons de tr\u00e8s jolis points de vue. Nous continuons la route jusqu'\u00e0\u2026","rel":"","context":"Dans &quot;Mini baladeur&quot;","block_context":{"text":"Mini baladeur","link":"http:\/\/www.jojoenherbe.com\/index.php\/category\/mini-crapahuteur\/mini-baladeur\/"},"img":{"alt_text":"","src":"https:\/\/i0.wp.com\/www.jojoenherbe.com\/wp-content\/uploads\/2020\/01\/Plage-bleue-de-Cassis-scaled.jpg?fit=1200%2C900&resize=350%2C200","width":350,"height":200,"srcset":"https:\/\/i0.wp.com\/www.jojoenherbe.com\/wp-content\/uploads\/2020\/01\/Plage-bleue-de-Cassis-scaled.jpg?fit=1200%2C900&resize=350%2C200 1x, https:\/\/i0.wp.com\/www.jojoenherbe.com\/wp-content\/uploads\/2020\/01\/Plage-bleue-de-Cassis-scaled.jpg?fit=1200%2C900&resize=525%2C300 1.5x, https:\/\/i0.wp.com\/www.jojoenherbe.com\/wp-content\/uploads\/2020\/01\/Plage-bleue-de-Cassis-scaled.jpg?fit=1200%2C900&resize=700%2C400 2x, https:\/\/i0.wp.com\/www.jojoenherbe.com\/wp-content\/uploads\/2020\/01\/Plage-bleue-de-Cassis-scaled.jpg?fit=1200%2C900&resize=1050%2C600 3x"},"classes":[]},{"id":4523,"url":"http:\/\/www.jojoenherbe.com\/index.php\/2019\/02\/09\/petite-balade-hivernale-sur-le-sentier-de-cap-dail\/","url_meta":{"origin":1,"position":1},"title":"Petite balade hivernale sur le sentier de Cap d&rsquo;Ail","author":"Jojo","date":"9 f\u00e9vrier 2019","format":false,"excerpt":"Ce 9 f\u00e9vrier 2019, nous nous garons au plus pr\u00e8s du sentier littoral de Cap d'Ail, au niveau de la balise n\u00b021, La Pin\u00e8de. Nous descendons les marches am\u00e9nag\u00e9es en direction du Cap Rognoso. Le sentier est particuli\u00e8rement bien am\u00e9nag\u00e9, avec tables et bancs en pierre. Nous d\u00e9cidons, toutefois, de\u2026","rel":"","context":"Dans &quot;Mini baladeur&quot;","block_context":{"text":"Mini baladeur","link":"http:\/\/www.jojoenherbe.com\/index.php\/category\/mini-crapahuteur\/mini-baladeur\/"},"img":{"alt_text":"","src":"https:\/\/i0.wp.com\/www.jojoenherbe.com\/wp-content\/uploads\/2019\/02\/Sentier-littoral-du-Cap-dAil-5.jpg?fit=1200%2C900&resize=350%2C200","width":350,"height":200,"srcset":"https:\/\/i0.wp.com\/www.jojoenherbe.com\/wp-content\/uploads\/2019\/02\/Sentier-littoral-du-Cap-dAil-5.jpg?fit=1200%2C900&resize=350%2C200 1x, https:\/\/i0.wp.com\/www.jojoenherbe.com\/wp-content\/uploads\/2019\/02\/Sentier-littoral-du-Cap-dAil-5.jpg?fit=1200%2C900&resize=525%2C300 1.5x, https:\/\/i0.wp.com\/www.jojoenherbe.com\/wp-content\/uploads\/2019\/02\/Sentier-littoral-du-Cap-dAil-5.jpg?fit=1200%2C900&resize=700%2C400 2x, https:\/\/i0.wp.com\/www.jojoenherbe.com\/wp-content\/uploads\/2019\/02\/Sentier-littoral-du-Cap-dAil-5.jpg?fit=1200%2C900&resize=1050%2C600 3x"},"classes":[]},{"id":1208,"url":"http:\/\/www.jojoenherbe.com\/index.php\/2012\/06\/27\/sortie-plage-sur-lile-sainte-marguerite\/","url_meta":{"origin":1,"position":2},"title":"Sortie plage sur l&rsquo;\u00eele Sainte-Marguerite","author":"Jojo","date":"27 juin 2012","format":false,"excerpt":"En cette matin\u00e9e du 24 juin 2012, nous embarquons sur un bateau au d\u00e9part de Cannes en direction de l'\u00eele Sainte-Marguerite. Apr\u00e8s 15 minutes de travers\u00e9e sous un ciel ensoleill\u00e9 et une mer plut\u00f4t calme, nous arrivons sur l'\u00eele qui fait partie des \u00eeles de L\u00e9rins. Nous empruntons les sentiers\u2026","rel":"","context":"Dans &quot;Mini baladeur&quot;","block_context":{"text":"Mini baladeur","link":"http:\/\/www.jojoenherbe.com\/index.php\/category\/mini-crapahuteur\/mini-baladeur\/"},"img":{"alt_text":"","src":"https:\/\/i0.wp.com\/www.jojoenherbe.com\/wp-content\/uploads\/2012\/06\/%C3%AEle-Sainte-Marguerite-2.jpg?fit=900%2C1200&resize=350%2C200","width":350,"height":200,"srcset":"https:\/\/i0.wp.com\/www.jojoenherbe.com\/wp-content\/uploads\/2012\/06\/%C3%AEle-Sainte-Marguerite-2.jpg?fit=900%2C1200&resize=350%2C200 1x, https:\/\/i0.wp.com\/www.jojoenherbe.com\/wp-content\/uploads\/2012\/06\/%C3%AEle-Sainte-Marguerite-2.jpg?fit=900%2C1200&resize=525%2C300 1.5x, https:\/\/i0.wp.com\/www.jojoenherbe.com\/wp-content\/uploads\/2012\/06\/%C3%AEle-Sainte-Marguerite-2.jpg?fit=900%2C1200&resize=700%2C400 2x"},"classes":[]},{"id":3541,"url":"http:\/\/www.jojoenherbe.com\/index.php\/2009\/02\/03\/sentier-du-littoral-de-la-presquile-de-giens\/","url_meta":{"origin":1,"position":3},"title":"Sentier du littoral de la Presqu&rsquo;\u00eele de Giens","author":"Jojo","date":"3 f\u00e9vrier 2009","format":false,"excerpt":"Ce 31 janvier 2009, nous nous garons sur un parking de la presqu'\u00eele de Giens, pr\u00e8s du port de la Madrague pour marcher le long du sentier du littoral. Ce sentier offre de tr\u00e8s jolis points de vue entre les falaises et la for\u00eat m\u00e9diterran\u00e9enne. Nous passons au-dessus de diff\u00e9rentes\u2026","rel":"","context":"Dans &quot;Mini randonneur&quot;","block_context":{"text":"Mini randonneur","link":"http:\/\/www.jojoenherbe.com\/index.php\/category\/mini-crapahuteur\/mini-randonneur\/"},"img":{"alt_text":"","src":"https:\/\/i0.wp.com\/www.jojoenherbe.com\/wp-content\/uploads\/2018\/08\/Sentier-du-littoral-de-la-Presqu%C3%AEle-de-Giens-6.jpg?fit=900%2C1200&resize=350%2C200","width":350,"height":200,"srcset":"https:\/\/i0.wp.com\/www.jojoenherbe.com\/wp-content\/uploads\/2018\/08\/Sentier-du-littoral-de-la-Presqu%C3%AEle-de-Giens-6.jpg?fit=900%2C1200&resize=350%2C200 1x, https:\/\/i0.wp.com\/www.jojoenherbe.com\/wp-content\/uploads\/2018\/08\/Sentier-du-littoral-de-la-Presqu%C3%AEle-de-Giens-6.jpg?fit=900%2C1200&resize=525%2C300 1.5x, https:\/\/i0.wp.com\/www.jojoenherbe.com\/wp-content\/uploads\/2018\/08\/Sentier-du-littoral-de-la-Presqu%C3%AEle-de-Giens-6.jpg?fit=900%2C1200&resize=700%2C400 2x"},"classes":[]},{"id":9637,"url":"http:\/\/www.jojoenherbe.com\/index.php\/2020\/01\/16\/sur-le-sentier-littoral-de-theoule-sur-mer\/","url_meta":{"origin":1,"position":4},"title":"Sur le sentier littoral de Th\u00e9oule-sur-Mer","author":"Jojo","date":"16 janvier 2020","format":false,"excerpt":"Ce 11 janvier 2020, nous allons \u00e0 Th\u00e9oule-sur-Mer. Mais avant d'y arriver, nous prenons le bord de mer et passons en voiture par le Cap d'Antibes. C'est l'occasion d'y observer, c\u00f4t\u00e9 Juan-les-Pins, un grand cormoran et de nombreuses mouettes rieuses et go\u00e9lands leucoph\u00e9e. Une fois gar\u00e9s vers 16h00, nous nous\u2026","rel":"","context":"Dans &quot;Mini baladeur&quot;","block_context":{"text":"Mini baladeur","link":"http:\/\/www.jojoenherbe.com\/index.php\/category\/mini-crapahuteur\/mini-baladeur\/"},"img":{"alt_text":"","src":"https:\/\/i0.wp.com\/www.jojoenherbe.com\/wp-content\/uploads\/2020\/01\/Sentier-littoral-de-Th%C3%A9oule-sur-Mer-7-scaled.jpg?fit=1200%2C900&resize=350%2C200","width":350,"height":200,"srcset":"https:\/\/i0.wp.com\/www.jojoenherbe.com\/wp-content\/uploads\/2020\/01\/Sentier-littoral-de-Th%C3%A9oule-sur-Mer-7-scaled.jpg?fit=1200%2C900&resize=350%2C200 1x, https:\/\/i0.wp.com\/www.jojoenherbe.com\/wp-content\/uploads\/2020\/01\/Sentier-littoral-de-Th%C3%A9oule-sur-Mer-7-scaled.jpg?fit=1200%2C900&resize=525%2C300 1.5x, https:\/\/i0.wp.com\/www.jojoenherbe.com\/wp-content\/uploads\/2020\/01\/Sentier-littoral-de-Th%C3%A9oule-sur-Mer-7-scaled.jpg?fit=1200%2C900&resize=700%2C400 2x, https:\/\/i0.wp.com\/www.jojoenherbe.com\/wp-content\/uploads\/2020\/01\/Sentier-littoral-de-Th%C3%A9oule-sur-Mer-7-scaled.jpg?fit=1200%2C900&resize=1050%2C600 3x"},"classes":[]},{"id":25015,"url":"http:\/\/www.jojoenherbe.com\/index.php\/2022\/04\/19\/la-nature-au-fil-du-printemps-3\/","url_meta":{"origin":1,"position":5},"title":"La Nature au fil du printemps #3","author":"Jojo","date":"19 avril 2022","format":false,"excerpt":"Pour ce nouveau rendez-vous photo avec Syl et Isabelle d\u2019\u00e9coute et d\u2019observation de la Nature au fil du printemps, voici quelques photos prises lors de nos sorties du week-end dernier aux \u00e9tangs de Villepey puis aux calanques de Saint-Aygulf. Du c\u00f4t\u00e9 des \u00e9tangs de Villepey Samedi 17 avril 2022, nous\u2026","rel":"","context":"Dans &quot;Mini baladeur&quot;","block_context":{"text":"Mini baladeur","link":"http:\/\/www.jojoenherbe.com\/index.php\/category\/mini-crapahuteur\/mini-baladeur\/"},"img":{"alt_text":"","src":"https:\/\/i0.wp.com\/www.jojoenherbe.com\/wp-content\/uploads\/2022\/04\/etangs-de-Villepey-4-scaled.jpg?fit=1200%2C900&resize=350%2C200","width":350,"height":200,"srcset":"https:\/\/i0.wp.com\/www.jojoenherbe.com\/wp-content\/uploads\/2022\/04\/etangs-de-Villepey-4-scaled.jpg?fit=1200%2C900&resize=350%2C200 1x, https:\/\/i0.wp.com\/www.jojoenherbe.com\/wp-content\/uploads\/2022\/04\/etangs-de-Villepey-4-scaled.jpg?fit=1200%2C900&resize=525%2C300 1.5x, https:\/\/i0.wp.com\/www.jojoenherbe.com\/wp-content\/uploads\/2022\/04\/etangs-de-Villepey-4-scaled.jpg?fit=1200%2C900&resize=700%2C400 2x, https:\/\/i0.wp.com\/www.jojoenherbe.com\/wp-content\/uploads\/2022\/04\/etangs-de-Villepey-4-scaled.jpg?fit=1200%2C900&resize=1050%2C600 3x"},"classes":[]}],"_links":{"self":[{"href":"http:\/\/www.jojoenherbe.com\/index.php\/wp-json\/wp\/v2\/posts\/1","targetHints":{"allow":["GET"]}}],"collection":[{"href":"http:\/\/www.jojoenherbe.com\/index.php\/wp-json\/wp\/v2\/posts"}],"about":[{"href":"http:\/\/www.jojoenherbe.com\/index.php\/wp-json\/wp\/v2\/types\/post"}],"author":[{"embeddable":true,"href":"http:\/\/www.jojoenherbe.com\/index.php\/wp-json\/wp\/v2\/users\/1"}],"replies":[{"embeddable":true,"href":"http:\/\/www.jojoenherbe.com\/index.php\/wp-json\/wp\/v2\/comments?post=1"}],"version-history":[{"count":0,"href":"http:\/\/www.jojoenherbe.com\/index.php\/wp-json\/wp\/v2\/posts\/1\/revisions"}],"wp:featuredmedia":[{"embeddable":true,"href":"http:\/\/www.jojoenherbe.com\/index.php\/wp-json\/wp\/v2\/media\/85"}],"wp:attachment":[{"href":"http:\/\/www.jojoenherbe.com\/index.php\/wp-json\/wp\/v2\/media?parent=1"}],"wp:term":[{"taxonomy":"category","embeddable":true,"href":"http:\/\/www.jojoenherbe.com\/index.php\/wp-json\/wp\/v2\/categories?post=1"},{"taxonomy":"post_tag","embeddable":true,"href":"http:\/\/www.jojoenherbe.com\/index.php\/wp-json\/wp\/v2\/tags?post=1"}],"curies":[{"name":"wp","href":"https:\/\/api.w.org\/{rel}","templated":true}]}}